{"id":333951,"date":"2016-06-27T01:37:11","date_gmt":"2016-06-27T00:37:11","guid":{"rendered":"http:\/\/www.pressenza.com\/es\/?p=333951"},"modified":"2016-06-27T01:37:11","modified_gmt":"2016-06-27T00:37:11","slug":"aparece-tema-central-la-educacion-humanizadora","status":"publish","type":"post","link":"https:\/\/www.pressenza.com\/es\/2016\/06\/aparece-tema-central-la-educacion-humanizadora\/","title":{"rendered":"Aparece un tema central: \u201cLa Educaci\u00f3n tiene que ser humanizadora\u201d"},"content":{"rendered":"<p style=\"text-align: justify;\">El s\u00e1bado 2 de julio, desde las 11:30 hasta las 20:00 horas, se realizar\u00e1 el <strong>D\u00eda de la Educaci\u00f3n Humanizadora,<\/strong> en la Casa de la Ciudadan\u00eda \u201cMontecarmelo\u201d (Bellavista 0594 \u2013 Metro Salvador). Talleres, paneles, presentaciones art\u00edsticas, conversatorios y reflexi\u00f3n, esperar\u00e1n a educadores, familias y todos los interesados en el tema.<\/p>\n<p style=\"text-align: justify;\">Con el objetivo de instalar el tema de la humanizaci\u00f3n en la educaci\u00f3n, para propiciar el desarrollo integral y el aprendizaje intencional de las ni\u00f1as, ni\u00f1os y adolescentes, se est\u00e1 impulsando esta iniciativa.<\/p>\n<p style=\"text-align: justify;\">La actividad est\u00e1 organizada por la Corriente Pedag\u00f3gica Humanista Universalista (CoPeHU), en conjunto con la Casa de la Ciudadan\u00eda \u201cMontecarmelo\u201d y la Oficina de la Infancia de la Municipalidad de Providencia, y es patrocinada por Chile Inteligente y YoIncluyo, movimiento integrado por m\u00e1s de 20 organizaciones.<\/p>\n<p style=\"text-align: justify;\">\u201cCreemos que ser\u00e1 una fiesta donde nos encontraremos los que ya estamos impulsando esta nueva educaci\u00f3n y podremos preguntarnos temas fundamentales, como qu\u00e9 ser humano queremos ver en el futuro, qu\u00e9 es la educaci\u00f3n, qu\u00e9 se requiere en este momento hist\u00f3rico. Esta reflexi\u00f3n es previa a todas las reformas que se est\u00e1n impulsando\u201d, se\u00f1ala Marcela Latorre, una de las organizadoras del evento.<\/p>\n<p style=\"text-align: justify;\">La iniciativa contempla cuentacuentos para los ni\u00f1os durante la ma\u00f1ana y desde el mediod\u00eda talleres, conversatorios y paneles. Toda la jornada estar\u00e1 acompa\u00f1ada por m\u00fasica en vivo que ir\u00e1 animando el encuentro.<\/p>\n<p style=\"text-align: justify;\">El D\u00eda de la Educaci\u00f3n Humanizadora espera ser una jornada anual de intercambio y construcci\u00f3n de ese mundo que todos aspiran y que se tiene que empezar a crear desde ahora para el futuro.<\/p>\n<p style=\"text-align: justify;\">M\u00e1s informaci\u00f3n en: <a href=\"http:\/\/copehuchile.blogspot.pe\/\">http:\/\/copehuchile.blogspot.pe\/<\/a><\/p>\n<p style=\"text-align: justify;\"><img loading=\"lazy\" decoding=\"async\" class=\"alignnone size-large wp-image-333953\" src=\"http:\/\/www.pressenza.com\/wp-content\/uploads\/2016\/06\/Programa-D\u00eda-de-la-Educaci\u00f3n-Humanizadora-720x675.jpg\" alt=\"Programa D\u00eda de la Educaci\u00f3n Humanizadora\" width=\"720\" height=\"675\" srcset=\"https:\/\/www.pressenza.com\/wp-content\/uploads\/2016\/06\/Programa-D\u00eda-de-la-Educaci\u00f3n-Humanizadora-720x675.jpg 720w, https:\/\/www.pressenza.com\/wp-content\/uploads\/2016\/06\/Programa-D\u00eda-de-la-Educaci\u00f3n-Humanizadora-300x281.jpg 300w, https:\/\/www.pressenza.com\/wp-content\/uploads\/2016\/06\/Programa-D\u00eda-de-la-Educaci\u00f3n-Humanizadora.jpg 756w\" sizes=\"auto, (max-width: 720px) 100vw, 720px\" \/><\/p>\n","protected":false},"excerpt":{"rendered":"<p>El s\u00e1bado 2 de julio, desde las 11:30 hasta las 20:00 horas, se realizar\u00e1 el D\u00eda de la Educaci\u00f3n Humanizadora, en la Casa de la Ciudadan\u00eda \u201cMontecarmelo\u201d (Bellavista 0594 \u2013 Metro Salvador). Talleres, paneles, presentaciones art\u00edsticas, conversatorios y reflexi\u00f3n, esperar\u00e1n&hellip;<\/p>\n","protected":false},"author":831,"featured_media":333962,"comment_status":"closed","ping_status":"closed","sticky":false,"template":"","format":"standard","meta":{"footnotes":""},"categories":[149,11389,1230],"tags":[1428,393,6659],"class_list":["post-333951","post","type-post","status-publish","format-standard","has-post-thumbnail","hentry","category-comunicados-de-prensa","category-contenido-original","category-educacion-tema","tag-copehu","tag-educacion","tag-santiago-de-chile"],"yoast_head":"<!-- This site is optimized with the Yoast SEO plugin v27.1.1 - https:\/\/yoast.com\/product\/yoast-seo-wordpress\/ -->\n<title>Aparece un tema central: \u201cLa Educaci\u00f3n tiene que ser humanizadora\u201d<\/title>\n<meta name=\"description\" content=\"El s\u00e1bado 2 de julio, desde las 11:30 hasta las 20:00 horas, se realizar\u00e1 el D\u00eda de la Educaci\u00f3n Humanizadora, en la Casa de la Ciudadan\u00eda \u201cMontecarmelo\u201d\" \/>\n<meta name=\"robots\" content=\"index, follow, max-snippet:-1, max-image-preview:large, max-video-preview:-1\" \/>\n<link rel=\"canonical\" href=\"https:\/\/www.pressenza.com\/es\/2016\/06\/aparece-tema-central-la-educacion-humanizadora\/\" \/>\n<meta property=\"og:locale\" content=\"es_ES\" \/>\n<meta property=\"og:type\" content=\"article\" \/>\n<meta property=\"og:title\" content=\"Aparece un tema central: \u201cLa Educaci\u00f3n tiene que ser humanizadora\u201d\" \/>\n<meta property=\"og:description\" content=\"El s\u00e1bado 2 de julio, desde las 11:30 hasta las 20:00 horas, se realizar\u00e1 el D\u00eda de la Educaci\u00f3n Humanizadora, en la Casa de la Ciudadan\u00eda \u201cMontecarmelo\u201d\" \/>\n<meta property=\"og:url\" content=\"https:\/\/www.pressenza.com\/es\/2016\/06\/aparece-tema-central-la-educacion-humanizadora\/\" \/>\n<meta property=\"og:site_name\" content=\"Pressenza\" \/>\n<meta property=\"article:publisher\" content=\"https:\/\/www.facebook.com\/PressenzaItalia\" \/>\n<meta property=\"article:published_time\" content=\"2016-06-27T00:37:11+00:00\" \/>\n<meta property=\"og:image\" content=\"https:\/\/www.pressenza.com\/wp-content\/uploads\/2016\/06\/D\u00eda20de20la20Educaci\u00f3n20Humanizadora20mail.jpg\" \/>\n\t<meta property=\"og:image:width\" content=\"779\" \/>\n\t<meta property=\"og:image:height\" content=\"987\" \/>\n\t<meta property=\"og:image:type\" content=\"image\/jpeg\" \/>\n<meta name=\"author\" content=\"Redacci\u00f3n Per\u00fa\" \/>\n<meta name=\"twitter:card\" content=\"summary_large_image\" \/>\n<meta name=\"twitter:creator\" content=\"@PressenzaIPA\" \/>\n<meta name=\"twitter:site\" content=\"@PressenzaIPA\" \/>\n<meta name=\"twitter:label1\" content=\"Escrito por\" \/>\n\t<meta name=\"twitter:data1\" content=\"Redacci\u00f3n Per\u00fa\" \/>\n\t<meta name=\"twitter:label2\" content=\"Tiempo de lectura\" \/>\n\t<meta name=\"twitter:data2\" content=\"1 minuto\" \/>\n<script type=\"application\/ld+json\" class=\"yoast-schema-graph\">{\"@context\":\"https:\/\/schema.org\",\"@graph\":[{\"@type\":\"Article\",\"@id\":\"https:\/\/www.pressenza.com\/es\/2016\/06\/aparece-tema-central-la-educacion-humanizadora\/#article\",\"isPartOf\":{\"@id\":\"https:\/\/www.pressenza.com\/es\/2016\/06\/aparece-tema-central-la-educacion-humanizadora\/\"},\"author\":{\"name\":\"Redacci\u00f3n Per\u00fa\",\"@id\":\"https:\/\/www.pressenza.com\/es\/#\/schema\/person\/e86c29a41185b85084a478822f5de81b\"},\"headline\":\"Aparece un tema central: \u201cLa Educaci\u00f3n tiene que ser humanizadora\u201d\",\"datePublished\":\"2016-06-27T00:37:11+00:00\",\"mainEntityOfPage\":{\"@id\":\"https:\/\/www.pressenza.com\/es\/2016\/06\/aparece-tema-central-la-educacion-humanizadora\/\"},\"wordCount\":299,\"publisher\":{\"@id\":\"https:\/\/www.pressenza.com\/es\/#organization\"},\"image\":{\"@id\":\"https:\/\/www.pressenza.com\/es\/2016\/06\/aparece-tema-central-la-educacion-humanizadora\/#primaryimage\"},\"thumbnailUrl\":\"https:\/\/www.pressenza.com\/wp-content\/uploads\/2016\/06\/D\u00eda20de20la20Educaci\u00f3n20Humanizadora20mail.jpg\",\"keywords\":[\"COPEHU\",\"Educaci\u00f3n\",\"Santiago de Chile\"],\"articleSection\":[\"Comunicados de Prensa\",\"Contenido Original\",\"Educaci\u00f3n\"],\"inLanguage\":\"es\"},{\"@type\":\"WebPage\",\"@id\":\"https:\/\/www.pressenza.com\/es\/2016\/06\/aparece-tema-central-la-educacion-humanizadora\/\",\"url\":\"https:\/\/www.pressenza.com\/es\/2016\/06\/aparece-tema-central-la-educacion-humanizadora\/\",\"name\":\"Aparece un tema central: \u201cLa Educaci\u00f3n tiene que ser humanizadora\u201d\",\"isPartOf\":{\"@id\":\"https:\/\/www.pressenza.com\/es\/#website\"},\"primaryImageOfPage\":{\"@id\":\"https:\/\/www.pressenza.com\/es\/2016\/06\/aparece-tema-central-la-educacion-humanizadora\/#primaryimage\"},\"image\":{\"@id\":\"https:\/\/www.pressenza.com\/es\/2016\/06\/aparece-tema-central-la-educacion-humanizadora\/#primaryimage\"},\"thumbnailUrl\":\"https:\/\/www.pressenza.com\/wp-content\/uploads\/2016\/06\/D\u00eda20de20la20Educaci\u00f3n20Humanizadora20mail.jpg\",\"datePublished\":\"2016-06-27T00:37:11+00:00\",\"description\":\"El s\u00e1bado 2 de julio, desde las 11:30 hasta las 20:00 horas, se realizar\u00e1 el D\u00eda de la Educaci\u00f3n Humanizadora, en la Casa de la Ciudadan\u00eda \u201cMontecarmelo\u201d\",\"breadcrumb\":{\"@id\":\"https:\/\/www.pressenza.com\/es\/2016\/06\/aparece-tema-central-la-educacion-humanizadora\/#breadcrumb\"},\"inLanguage\":\"es\",\"potentialAction\":[{\"@type\":\"ReadAction\",\"target\":[\"https:\/\/www.pressenza.com\/es\/2016\/06\/aparece-tema-central-la-educacion-humanizadora\/\"]}]},{\"@type\":\"ImageObject\",\"inLanguage\":\"es\",\"@id\":\"https:\/\/www.pressenza.com\/es\/2016\/06\/aparece-tema-central-la-educacion-humanizadora\/#primaryimage\",\"url\":\"https:\/\/www.pressenza.com\/wp-content\/uploads\/2016\/06\/D\u00eda20de20la20Educaci\u00f3n20Humanizadora20mail.jpg\",\"contentUrl\":\"https:\/\/www.pressenza.com\/wp-content\/uploads\/2016\/06\/D\u00eda20de20la20Educaci\u00f3n20Humanizadora20mail.jpg\",\"width\":779,\"height\":987},{\"@type\":\"BreadcrumbList\",\"@id\":\"https:\/\/www.pressenza.com\/es\/2016\/06\/aparece-tema-central-la-educacion-humanizadora\/#breadcrumb\",\"itemListElement\":[{\"@type\":\"ListItem\",\"position\":1,\"name\":\"Accueil\",\"item\":\"https:\/\/www.pressenza.com\/es\/\"},{\"@type\":\"ListItem\",\"position\":2,\"name\":\"Aparece un tema central: \u201cLa Educaci\u00f3n tiene que ser humanizadora\u201d\"}]},{\"@type\":\"WebSite\",\"@id\":\"https:\/\/www.pressenza.com\/es\/#website\",\"url\":\"https:\/\/www.pressenza.com\/es\/\",\"name\":\"Pressenza\",\"description\":\"International Press Agency\",\"publisher\":{\"@id\":\"https:\/\/www.pressenza.com\/es\/#organization\"},\"potentialAction\":[{\"@type\":\"SearchAction\",\"target\":{\"@type\":\"EntryPoint\",\"urlTemplate\":\"https:\/\/www.pressenza.com\/es\/?s={search_term_string}\"},\"query-input\":{\"@type\":\"PropertyValueSpecification\",\"valueRequired\":true,\"valueName\":\"search_term_string\"}}],\"inLanguage\":\"es\"},{\"@type\":\"Organization\",\"@id\":\"https:\/\/www.pressenza.com\/es\/#organization\",\"name\":\"Pressenza\",\"url\":\"https:\/\/www.pressenza.com\/es\/\",\"logo\":{\"@type\":\"ImageObject\",\"inLanguage\":\"es\",\"@id\":\"https:\/\/www.pressenza.com\/es\/#\/schema\/logo\/image\/\",\"url\":\"https:\/\/www.pressenza.com\/wp-content\/uploads\/2022\/10\/pressenza_logo_200x200.jpg\",\"contentUrl\":\"https:\/\/www.pressenza.com\/wp-content\/uploads\/2022\/10\/pressenza_logo_200x200.jpg\",\"width\":200,\"height\":200,\"caption\":\"Pressenza\"},\"image\":{\"@id\":\"https:\/\/www.pressenza.com\/es\/#\/schema\/logo\/image\/\"},\"sameAs\":[\"https:\/\/www.facebook.com\/PressenzaItalia\",\"https:\/\/x.com\/PressenzaIPA\"]},{\"@type\":\"Person\",\"@id\":\"https:\/\/www.pressenza.com\/es\/#\/schema\/person\/e86c29a41185b85084a478822f5de81b\",\"name\":\"Redacci\u00f3n Per\u00fa\",\"description\":\"News published by the Pressenza bureau in Peru\",\"url\":\"https:\/\/www.pressenza.com\/es\/author\/redaccion-peru\/\"}]}<\/script>\n<!-- \/ Yoast SEO plugin. -->","yoast_head_json":{"title":"Aparece un tema central: \u201cLa Educaci\u00f3n tiene que ser humanizadora\u201d","description":"El s\u00e1bado 2 de julio, desde las 11:30 hasta las 20:00 horas, se realizar\u00e1 el D\u00eda de la Educaci\u00f3n Humanizadora, en la Casa de la Ciudadan\u00eda \u201cMontecarmelo\u201d","robots":{"index":"index","follow":"follow","max-snippet":"max-snippet:-1","max-image-preview":"max-image-preview:large","max-video-preview":"max-video-preview:-1"},"canonical":"https:\/\/www.pressenza.com\/es\/2016\/06\/aparece-tema-central-la-educacion-humanizadora\/","og_locale":"es_ES","og_type":"article","og_title":"Aparece un tema central: \u201cLa Educaci\u00f3n tiene que ser humanizadora\u201d","og_description":"El s\u00e1bado 2 de julio, desde las 11:30 hasta las 20:00 horas, se realizar\u00e1 el D\u00eda de la Educaci\u00f3n Humanizadora, en la Casa de la Ciudadan\u00eda \u201cMontecarmelo\u201d","og_url":"https:\/\/www.pressenza.com\/es\/2016\/06\/aparece-tema-central-la-educacion-humanizadora\/","og_site_name":"Pressenza","article_publisher":"https:\/\/www.facebook.com\/PressenzaItalia","article_published_time":"2016-06-27T00:37:11+00:00","og_image":[{"width":779,"height":987,"url":"https:\/\/www.pressenza.com\/wp-content\/uploads\/2016\/06\/D\u00eda20de20la20Educaci\u00f3n20Humanizadora20mail.jpg","type":"image\/jpeg"}],"author":"Redacci\u00f3n Per\u00fa","twitter_card":"summary_large_image","twitter_creator":"@PressenzaIPA","twitter_site":"@PressenzaIPA","twitter_misc":{"Escrito por":"Redacci\u00f3n Per\u00fa","Tiempo de lectura":"1 minuto"},"schema":{"@context":"https:\/\/schema.org","@graph":[{"@type":"Article","@id":"https:\/\/www.pressenza.com\/es\/2016\/06\/aparece-tema-central-la-educacion-humanizadora\/#article","isPartOf":{"@id":"https:\/\/www.pressenza.com\/es\/2016\/06\/aparece-tema-central-la-educacion-humanizadora\/"},"author":{"name":"Redacci\u00f3n Per\u00fa","@id":"https:\/\/www.pressenza.com\/es\/#\/schema\/person\/e86c29a41185b85084a478822f5de81b"},"headline":"Aparece un tema central: \u201cLa Educaci\u00f3n tiene que ser humanizadora\u201d","datePublished":"2016-06-27T00:37:11+00:00","mainEntityOfPage":{"@id":"https:\/\/www.pressenza.com\/es\/2016\/06\/aparece-tema-central-la-educacion-humanizadora\/"},"wordCount":299,"publisher":{"@id":"https:\/\/www.pressenza.com\/es\/#organization"},"image":{"@id":"https:\/\/www.pressenza.com\/es\/2016\/06\/aparece-tema-central-la-educacion-humanizadora\/#primaryimage"},"thumbnailUrl":"https:\/\/www.pressenza.com\/wp-content\/uploads\/2016\/06\/D\u00eda20de20la20Educaci\u00f3n20Humanizadora20mail.jpg","keywords":["COPEHU","Educaci\u00f3n","Santiago de Chile"],"articleSection":["Comunicados de Prensa","Contenido Original","Educaci\u00f3n"],"inLanguage":"es"},{"@type":"WebPage","@id":"https:\/\/www.pressenza.com\/es\/2016\/06\/aparece-tema-central-la-educacion-humanizadora\/","url":"https:\/\/www.pressenza.com\/es\/2016\/06\/aparece-tema-central-la-educacion-humanizadora\/","name":"Aparece un tema central: \u201cLa Educaci\u00f3n tiene que ser humanizadora\u201d","isPartOf":{"@id":"https:\/\/www.pressenza.com\/es\/#website"},"primaryImageOfPage":{"@id":"https:\/\/www.pressenza.com\/es\/2016\/06\/aparece-tema-central-la-educacion-humanizadora\/#primaryimage"},"image":{"@id":"https:\/\/www.pressenza.com\/es\/2016\/06\/aparece-tema-central-la-educacion-humanizadora\/#primaryimage"},"thumbnailUrl":"https:\/\/www.pressenza.com\/wp-content\/uploads\/2016\/06\/D\u00eda20de20la20Educaci\u00f3n20Humanizadora20mail.jpg","datePublished":"2016-06-27T00:37:11+00:00","description":"El s\u00e1bado 2 de julio, desde las 11:30 hasta las 20:00 horas, se realizar\u00e1 el D\u00eda de la Educaci\u00f3n Humanizadora, en la Casa de la Ciudadan\u00eda \u201cMontecarmelo\u201d","breadcrumb":{"@id":"https:\/\/www.pressenza.com\/es\/2016\/06\/aparece-tema-central-la-educacion-humanizadora\/#breadcrumb"},"inLanguage":"es","potentialAction":[{"@type":"ReadAction","target":["https:\/\/www.pressenza.com\/es\/2016\/06\/aparece-tema-central-la-educacion-humanizadora\/"]}]},{"@type":"ImageObject","inLanguage":"es","@id":"https:\/\/www.pressenza.com\/es\/2016\/06\/aparece-tema-central-la-educacion-humanizadora\/#primaryimage","url":"https:\/\/www.pressenza.com\/wp-content\/uploads\/2016\/06\/D\u00eda20de20la20Educaci\u00f3n20Humanizadora20mail.jpg","contentUrl":"https:\/\/www.pressenza.com\/wp-content\/uploads\/2016\/06\/D\u00eda20de20la20Educaci\u00f3n20Humanizadora20mail.jpg","width":779,"height":987},{"@type":"BreadcrumbList","@id":"https:\/\/www.pressenza.com\/es\/2016\/06\/aparece-tema-central-la-educacion-humanizadora\/#breadcrumb","itemListElement":[{"@type":"ListItem","position":1,"name":"Accueil","item":"https:\/\/www.pressenza.com\/es\/"},{"@type":"ListItem","position":2,"name":"Aparece un tema central: \u201cLa Educaci\u00f3n tiene que ser humanizadora\u201d"}]},{"@type":"WebSite","@id":"https:\/\/www.pressenza.com\/es\/#website","url":"https:\/\/www.pressenza.com\/es\/","name":"Pressenza","description":"International Press Agency","publisher":{"@id":"https:\/\/www.pressenza.com\/es\/#organization"},"potentialAction":[{"@type":"SearchAction","target":{"@type":"EntryPoint","urlTemplate":"https:\/\/www.pressenza.com\/es\/?s={search_term_string}"},"query-input":{"@type":"PropertyValueSpecification","valueRequired":true,"valueName":"search_term_string"}}],"inLanguage":"es"},{"@type":"Organization","@id":"https:\/\/www.pressenza.com\/es\/#organization","name":"Pressenza","url":"https:\/\/www.pressenza.com\/es\/","logo":{"@type":"ImageObject","inLanguage":"es","@id":"https:\/\/www.pressenza.com\/es\/#\/schema\/logo\/image\/","url":"https:\/\/www.pressenza.com\/wp-content\/uploads\/2022\/10\/pressenza_logo_200x200.jpg","contentUrl":"https:\/\/www.pressenza.com\/wp-content\/uploads\/2022\/10\/pressenza_logo_200x200.jpg","width":200,"height":200,"caption":"Pressenza"},"image":{"@id":"https:\/\/www.pressenza.com\/es\/#\/schema\/logo\/image\/"},"sameAs":["https:\/\/www.facebook.com\/PressenzaItalia","https:\/\/x.com\/PressenzaIPA"]},{"@type":"Person","@id":"https:\/\/www.pressenza.com\/es\/#\/schema\/person\/e86c29a41185b85084a478822f5de81b","name":"Redacci\u00f3n Per\u00fa","description":"News published by the Pressenza bureau in Peru","url":"https:\/\/www.pressenza.com\/es\/author\/redaccion-peru\/"}]}},"place":"Santiago de Chile","original_article_url":"","_links":{"self":[{"href":"https:\/\/www.pressenza.com\/es\/wp-json\/wp\/v2\/posts\/333951","targetHints":{"allow":["GET"]}}],"collection":[{"href":"https:\/\/www.pressenza.com\/es\/wp-json\/wp\/v2\/posts"}],"about":[{"href":"https:\/\/www.pressenza.com\/es\/wp-json\/wp\/v2\/types\/post"}],"author":[{"embeddable":true,"href":"https:\/\/www.pressenza.com\/es\/wp-json\/wp\/v2\/users\/831"}],"replies":[{"embeddable":true,"href":"https:\/\/www.pressenza.com\/es\/wp-json\/wp\/v2\/comments?post=333951"}],"version-history":[{"count":0,"href":"https:\/\/www.pressenza.com\/es\/wp-json\/wp\/v2\/posts\/333951\/revisions"}],"wp:featuredmedia":[{"embeddable":true,"href":"https:\/\/www.pressenza.com\/es\/wp-json\/wp\/v2\/media\/333962"}],"wp:attachment":[{"href":"https:\/\/www.pressenza.com\/es\/wp-json\/wp\/v2\/media?parent=333951"}],"wp:term":[{"taxonomy":"category","embeddable":true,"href":"https:\/\/www.pressenza.com\/es\/wp-json\/wp\/v2\/categories?post=333951"},{"taxonomy":"post_tag","embeddable":true,"href":"https:\/\/www.pressenza.com\/es\/wp-json\/wp\/v2\/tags?post=333951"}],"curies":[{"name":"wp","href":"https:\/\/api.w.org\/{rel}","templated":true}]}}