{"id":333693,"date":"2016-06-26T15:48:05","date_gmt":"2016-06-26T14:48:05","guid":{"rendered":"http:\/\/www.pressenza.com\/es\/?p=333693"},"modified":"2016-06-26T15:48:25","modified_gmt":"2016-06-26T14:48:25","slug":"extirpador-idolatrias-una-pelicula-peruana-ver","status":"publish","type":"post","link":"https:\/\/www.pressenza.com\/es\/2016\/06\/extirpador-idolatrias-una-pelicula-peruana-ver\/","title":{"rendered":"\u201cExtirpador de idolatr\u00edas\u201d, una pel\u00edcula peruana que hay que ver"},"content":{"rendered":"<p><strong>Entrevista con Manuel Siles, director de \u201cExtirpador de idolatr\u00edas\u201d, una pel\u00edcula peruana que hay que ver<\/strong><\/p>\n<p><em>Extirpador de idolatr\u00edas<\/em> (2014), el primer largometraje de ficci\u00f3n del director Manuel Siles, ha tenido en las \u00faltimas semanas un estreno, que a pesar de ser de alcance limitado, ha resultado exitoso en cuanto a recibimiento del p\u00fablico y de la cr\u00edtica especializada, pudiendo ser considerada desde ya como uno de los mejores estrenos peruanos del a\u00f1o.<\/p>\n<p>La pel\u00edcula, cuya historia se desarrolla en un pueblo en los Andes y en Lima, transita de manera original entre la pesquisa policial y la f\u00e1bula andina, entrelazando de manera sugerente temas como el sincretismo religioso, la herencia cultural y el mestizaje en un Per\u00fa post conflicto armado interno.<\/p>\n<p>Dada la riqueza tem\u00e1tica y social que encontramos en este filme, decidimos conversar largo y tendido con su director.\u00a0Lean la entrevista con Manuel Siles a continuaci\u00f3n:<\/p>\n<p><strong>Manuel, \u00bfc\u00f3mo nace la pel\u00edcula, cu\u00e1l fue el proceso de investigaci\u00f3n?<\/strong><\/p>\n<p>\u201cExtirpador\u2026\u201d nace hace mucho tiempo, incluso cuando yo ni siquiera sab\u00eda que alg\u00fan d\u00eda iba a hacer cine. En esa \u00e9poca trabajaba en una compa\u00f1\u00eda de instalaciones electromec\u00e1nicas en la zona de Yauyos, y viv\u00ed en las comunidades de Quinches, Huampar\u00e1, Ayaviri, entre otras. Yo era un joven barranquino educado en colegio religioso y llegue all\u00ed con la idea de que estaba ayudando a unos pueblos atrasados. No ten\u00eda ni la menor idea de cu\u00e1n equivocado estaba. No porque all\u00ed no fuera indispensable lo que nosotros hac\u00edamos, que era llevar luz el\u00e9ctrica a esos lugares, sino porque al poco tiempo pude darme cuenta de que hab\u00eda en esas comunidades sapiencia, religiosidad, civismo, y cualesquiera de los valores que yo encontraba en la m\u00eda, as\u00ed como defectos y vicios como machismo, intolerancia, falta de compromiso y otros, que tambi\u00e9n ya conoc\u00eda, y tambi\u00e9n de que la luz el\u00e9ctrica que nosotros llev\u00e1bamos no era una ayuda sino un derecho que les correspond\u00eda, tanto como a m\u00ed me correspond\u00eda la que ten\u00eda en mi casa.<\/p>\n<p>Ahora dir\u00eda que la principal reflexi\u00f3n que me qued\u00f3 de esa \u00e9poca es que no hay una mirada privilegiada de las cosas y que hacemos descripciones del mundo a partir del marco conceptual en el que aparecemos, asumiendo de antemano que nuestra mirada es superior a la de otras comunidades que no comparten nuestros presupuestos te\u00f3ricos. Seguramente en \u201cExtirpador\u2026\u201d hay tambi\u00e9n un homenaje a esa gente que conoc\u00ed y con la que viv\u00ed hace ya treinta a\u00f1os, adem\u00e1s de mi estupor frente a las posturas que dicen tener el privilegio de conocer y administrar la verdad ya sea porque despachen con dios en privado, ya sea porque se hayan elevado por encima de los otros humanos y luego vuelto para salvarnos.<\/p>\n<div id=\"attachment_333717\" class=\"wp-caption alignnone\"><img loading=\"lazy\" decoding=\"async\" aria-describedby=\"caption-attachment-333717\" class=\"size-large wp-image-333717\" src=\"http:\/\/www.pressenza.com\/wp-content\/uploads\/2016\/06\/extirpador14-720x478.jpg\" alt=\"La peque\u00f1a Paulina Baz\u00e1n debuta en el cine, aqu\u00ed junto al director Manuel Siles. Foto cinencuentro\" width=\"720\" height=\"478\" srcset=\"https:\/\/www.pressenza.com\/wp-content\/uploads\/2016\/06\/extirpador14-720x478.jpg 720w, https:\/\/www.pressenza.com\/wp-content\/uploads\/2016\/06\/extirpador14-300x199.jpg 300w, https:\/\/www.pressenza.com\/wp-content\/uploads\/2016\/06\/extirpador14-768x510.jpg 768w, https:\/\/www.pressenza.com\/wp-content\/uploads\/2016\/06\/extirpador14.jpg 800w\" sizes=\"auto, (max-width: 720px) 100vw, 720px\" \/><p id=\"caption-attachment-333717\" class=\"wp-caption-text\">La peque\u00f1a Paulina Baz\u00e1n debuta en el cine, aqu\u00ed junto al director Manuel Siles. Foto cinencuentro<\/p><\/div>\n<p><strong>Una amiga arque\u00f3loga me comentaba que para un extirpador de idolatr\u00edas ser\u00eda m\u00e1s importante quemar el cuerpo que decapitarlo, porque la ausencia del cuerpo en la cultura andina era la verdadera muerte. \u00bfC\u00f3mo trabajaste esos temas?<\/strong><\/p>\n<p>El t\u00edtulo es sobre todo una met\u00e1fora, aunque s\u00e9 que tambi\u00e9n puede verse de manera literal. Mi pel\u00edcula propone que, de un modo reciclado, la extirpaci\u00f3n de idolatr\u00edas a\u00fan persiste, esta vez estigmatizando de \u00eddolos o supersticiones a cualquier modelo de desarrollo que no se condiga con el oficial. Desde luego, quedar\u00e1 claro que yo estoy convencido de que la iglesia cat\u00f3lica, como iglesia oficial del Estado peruano (y no es un eufemismo), defiende el modelo del status quo, por lo que la met\u00e1fora que intento construir es la de la decapitaci\u00f3n como un modo de atacar las ideas que no se ajustan a las del discurso oficial, con el apoyo expl\u00edcito de la jerarqu\u00eda de esa confesi\u00f3n. Es una licencia de autor. Y es por esa raz\u00f3n que el Extirpador huye a Lima con la cabeza de la ni\u00f1a, supuesta hija del apu, y que en la investigaci\u00f3n se habla de que no se encuentran las cabezas de las v\u00edctimas.<\/p>\n<p>Sin embargo, a pesar de la escritura metaf\u00f3rica de la pel\u00edcula, estoy seguro de que en la realidad y en nuestra \u00e9poca las cosas son realistamente feroces. No dudo que el estado seguir\u00e1 disparando y asesinando a quienes defiendan su derecho a un modelo de desarrollo alternativo, y que usar\u00e1 las instituciones policiales y judiciales para criminalizar a los que no puedan matar, todo ello con la bendici\u00f3n de la clase pol\u00edtica y de la iglesia cat\u00f3lica. Ni m\u00e1s ni menos tal cual se hizo en la \u00e9poca de la colonia.<\/p>\n<p><strong>\u201c\u2018Extirpador\u2019 es una pel\u00edcula muy Yuyachkani\u201d<\/strong><\/p>\n<p><strong>Hay una fuerte colaboraci\u00f3n con los Yuyachkani: tu documental previo <a href=\"http:\/\/www.cinencuentro.com\/2011\/10\/05\/divas-y-fantamas-documental-el-ultimo-ensayo-yuyachkani\/\" target=\"_blank\">Divas y fantasmas sobre una alfombra roja<\/a>, tres de los actores principales y la imaginer\u00eda de las m\u00e1scaras. \u00bfCu\u00e1nto te ha influenciado el trabajo de ellos?<\/strong><\/p>\n<p>Yuyachkani es una de las influencias m\u00e1s fuertes para m\u00ed no solo en mi trabajo como cineasta sino en mi vida. Gracias a los Yuyas asum\u00ed que era posible hablar del Per\u00fa desde un punto de vista comprometido sin por ello ser panfletario, y es gracias a ellos tambi\u00e9n que desarroll\u00e9 mi m\u00e9todo de trabajo con los actores y artistas t\u00e9cnicos. Como se sabe, Yuyachkani trabaja a partir de un concepto que da inicio a un trabajo de investigaci\u00f3n en un laboratorio, en donde a partir de la b\u00fasqueda conjunta del colectivo dirigida por Miguel Rubio, va a aparecer la escritura de la obra en la escena. Aunque yo si trabajo a partir de un gui\u00f3n, tengo cuidado en que quede claro que es solamente un punto de partida y jam\u00e1s un punto de llegada. En mis laboratorios saben que el gui\u00f3n delimita el universo ficcional, pero que dentro de ese marco hay espacio para ser creadores, verdaderos artistas. Tanto es as\u00ed que muchas de las escenas sencillamente a m\u00ed ni se me hab\u00edan ocurrido y fueron propuestas por completo a partir del laboratorio. Por ejemplo, la escena del mayor comisario en que persuade a la periodista de no entrevistar al detective Mamani a cambio de la exclusiva, fue una propuesta de Renato Gianoli y Fiorella Flores, y la escena del archivo policial fue a propuesta de mi hermano Abraham, quien adem\u00e1s de productor fue primer asistente de direcci\u00f3n.<\/p>\n<p>En <a href=\"https:\/\/www.cineaparte.com\/p\/62\/extirpador-de-idolatrias\" target=\"_blank\">Extirpador de idolatr\u00edas<\/a> Yuyachkani est\u00e1, adem\u00e1s de lo que t\u00fa se\u00f1alas, en la forma en que se fotograf\u00eda el mundo andino, en nuestra relaci\u00f3n con la luz (a mi modo de ver brillantemente plasmada por Marco Alvarado), en el tono naif con que se narra la relaci\u00f3n de los ni\u00f1os, tanto entre ellos como con su medio, e incluso est\u00e1 tambi\u00e9n en el personaje del detective Waldo Mamani. En tal sentido yo dir\u00eda que \u201cExtirpador\u2026\u201d es una pel\u00edcula muy Yuyachkani, desde luego guardando las distancias, ya que mi \u00f3pera prima, con todas sus imperfecciones, no es de ning\u00fan modo al cine peruano, lo que los Yuyachkani son al teatro del mundo.<\/p>\n<p><iframe loading=\"lazy\" title=\"Extirpador de Idolatr\u00edas (Trailer) - Estreno del 14 abril al 4 de mayo del 2016 en Lima\" width=\"500\" height=\"281\" src=\"https:\/\/www.youtube.com\/embed\/4O3idOXrB4g?feature=oembed\" frameborder=\"0\" allow=\"accelerometer; autoplay; clipboard-write; encrypted-media; gyroscope; picture-in-picture; web-share\" referrerpolicy=\"strict-origin-when-cross-origin\" allowfullscreen><\/iframe><\/p>\n<p><strong>Una de las cosas que m\u00e1s me llam\u00f3 la atenci\u00f3n de tu pel\u00edcula es el trabajo del sonido. Las voces se escuchan desde el fuera de campo, y establecen relaciones interesantes. En las oficinas de polic\u00eda -en occidente-, los separa. Pero en el ande, junta a los personajes. \u00bfLo pensaste as\u00ed desde el principio o es un tema que fue saliendo, o se encontr\u00f3 en edici\u00f3n?<\/strong><\/p>\n<p>Respecto del mundo andino, s\u00ed estaba pensado as\u00ed desde el principio, dado el car\u00e1cter m\u00e1gico que quer\u00eda imprimirles a los personajes, as\u00ed como en el mundo interior del detective Mamani. Sin embargo, en la comisar\u00eda no ten\u00eda una intenci\u00f3n tan precisa y no era algo que yo buscara desde el desarrollo del concepto. Cuando apareci\u00f3 fue para m\u00ed muy revelador encontrarme con eso y vi la escena en que el mayor comisario ningunea al detective Mamani frente a la reportera y su camar\u00f3grafo, mientras \u00e9l y su asistente, en el otro espacio, no pueden sino escuchar el di\u00e1logo fingiendo indiferencia, con una mezcla de indignaci\u00f3n y dolor que me conmovieron el alma. Fue una experiencia muy especial ya que la pel\u00edcula me revelaba a m\u00ed, supuesto autor, cosas que yo no sab\u00eda que estaban all\u00ed, y me reubicaba entre los espectadores que reci\u00e9n descubren la propuesta del autor. Es interesante, me hace pensar que los directores, m\u00e1s all\u00e1 de esa mitolog\u00eda que los presenta como un diosecillo todo poderoso y petulante, muchas m\u00e1s veces de lo que quisi\u00e9ramos no somos sino una especie de albaceas, o escribas, que tomamos dictado del verdadero autor invisible.<\/p>\n<p><strong>Una pel\u00edcula que estuvo en mi cabeza mientras ve\u00eda \u201cExtirpador\u201d, era \u201cEl Resplandor\u201d de Kubrick, no solo por el don que puede tener un correlato entre los ni\u00f1os protagonistas de ambas pel\u00edculas, sino por los travelling por la campi\u00f1a de Yauyos. \u00bfFue esa una referencia? \u00bfTuviste otras pel\u00edculas en mente?<\/strong><\/p>\n<p>No la tuve como referencia, por lo menos no conscientemente, aunque ambos ni\u00f1os compartan un don y la de Kubrick sea una pel\u00edcula apreciada por m\u00ed. Las pel\u00edculas que s\u00ed tuve en mente fueron \u201cEl viento nos llevar\u00e1\u201d, \u201cLos sue\u00f1os\u201d, en especial los de los zorros y el jard\u00edn de cerezos, el travelling back de la ni\u00f1a que se va a suicidar en \u201cSat\u00e1n Tang\u00f3\u201d, y el gusto y maestr\u00eda en la composici\u00f3n de <a href=\"http:\/\/www.cinencuentro.com\/2013\/06\/17\/entrevista-apichatpong-joe-weerasethakul-festival-lima-independiente\/\" target=\"_blank\">Apichatpong Weerasethakul.<\/a><\/p>\n<div id=\"attachment_333733\" class=\"wp-caption alignnone\"><img loading=\"lazy\" decoding=\"async\" aria-describedby=\"caption-attachment-333733\" class=\"size-large wp-image-333733\" src=\"http:\/\/www.pressenza.com\/wp-content\/uploads\/2016\/06\/la-luna-pintada1-720x405.jpg\" alt=\"Foto lalunapintada.com\" width=\"720\" height=\"405\" srcset=\"https:\/\/www.pressenza.com\/wp-content\/uploads\/2016\/06\/la-luna-pintada1-720x405.jpg 720w, https:\/\/www.pressenza.com\/wp-content\/uploads\/2016\/06\/la-luna-pintada1-300x169.jpg 300w, https:\/\/www.pressenza.com\/wp-content\/uploads\/2016\/06\/la-luna-pintada1-768x432.jpg 768w, https:\/\/www.pressenza.com\/wp-content\/uploads\/2016\/06\/la-luna-pintada1-750x422.jpg 750w, https:\/\/www.pressenza.com\/wp-content\/uploads\/2016\/06\/la-luna-pintada1.jpg 800w\" sizes=\"auto, (max-width: 720px) 100vw, 720px\" \/><p id=\"caption-attachment-333733\" class=\"wp-caption-text\">Foto lalunapintada.com<\/p><\/div>\n<p><strong>\u201cUn pa\u00eds que todav\u00eda est\u00e1 busc\u00e1ndose a s\u00ed mismo\u201d<\/strong><\/p>\n<p><strong>La trama dram\u00e1tica del polic\u00eda y la periodista me parece sugerente. Descentra el relato, pero tambi\u00e9n lo complejiza. \u00bfC\u00f3mo naci\u00f3 esa parte de la historia?<\/strong><\/p>\n<p>Para m\u00ed la l\u00ednea narrativa del detective Waldo Mamani es fundamental, no solo en t\u00e9rminos de la an\u00e9cdota, sino principalmente como s\u00edmbolo que compone y termina la met\u00e1fora de la pel\u00edcula. Mamani es el \u00fanico personaje que tiene nombre y es un nombre mestizo como \u00e9l. Ante la falta de reconocimiento por su valor y eficiencia profesional sufre una escisi\u00f3n psicol\u00f3gica en donde construye una relaci\u00f3n amable, afectiva, con qui\u00e9n representa ese mundo que lo rechaza, que no le reconoce valor alguno. Atrapado entre los dos mundos (al modo de la mam\u00e1 del ni\u00f1o), el andino y el occidental opta, al principio, por el escapismo de inventar una figura hermosa (la reportera) seg\u00fan los par\u00e1metros est\u00e9ticos occidentales, que s\u00ed sabe lo que vale.<\/p>\n<p>Yo imagino a Mamani como el s\u00edmbolo de un pa\u00eds que todav\u00eda est\u00e1 busc\u00e1ndose a s\u00ed mismo. En \u201cExtirpador de idolatr\u00edas\u201d est\u00e1n los paisajes y las f\u00e1bulas de mi juventud, cuando yo viv\u00eda en algunas comunidades campesinas de Huarochir\u00ed; est\u00e1 mi rebeld\u00eda frente a aquellos que se atribuyen la potestad de decidir por el resto; est\u00e1 mi dolor e indignaci\u00f3n frente al abuso a cualquiera y con mayor raz\u00f3n a los m\u00e1s vulnerables; pero est\u00e1 tambi\u00e9n mi homenaje, mi admiraci\u00f3n, a aquellos que tienen el valor de enfrentarse con sus propios demonios y salir airosos. La reflexi\u00f3n final de Mamani \u201chay alguien m\u00e1s que sabe lo que valgo y soy yo mismo, no te necesito, sobrevivir\u00e9\u2026\u201d en la modesta \u00e9pica de un buen polic\u00eda de un pueblito perdido en los andes del Per\u00fa podr\u00eda, tal vez, ser el reflejo de un pa\u00eds que solo necesita mirarse con el coraje suficiente para saber que no requiere de nadie que venga a validarlo o descalificarlo, que puede por s\u00ed mismo y ante s\u00ed mismo decir yo s\u00e9 lo que valgo, yo y nadie m\u00e1s, y as\u00ed sobrevivir\u00e9.<\/p>\n<p><strong>Hay una escena que me record\u00f3 a <a href=\"http:\/\/www.cinencuentro.com\/2010\/12\/29\/paraiso-mejor-pelicula-peruana-2010\/\" target=\"_blank\">Para\u00edso<\/a> (2009), cuando la ni\u00f1a le reclama por su padre a la madre, de forma muy parecida a Sara en la cinta de H\u00e9ctor G\u00e1lvez. Es interesante ese paralelo entre los hijos de la violencia y los hijos del ande, \u00bfno crees?<\/strong><\/p>\n<p>La ausencia del padre es un elemento muy importante en la realidad y en el imaginario de nuestro pa\u00eds, sobre todo en el mundo andino, aunque no exclusivamente. Si nos fijamos bien nadie tiene padre en \u201cExtirpador\u2026\u201d, es la ni\u00f1a quien hace el reclamo, pero en el ni\u00f1o tampoco aparece la figura paterna y cuando la madre de este \u00faltimo est\u00e1 en la iglesia ora diciendo \u201cSe\u00f1or\u2026 vela por mi hijo\u201d. Cuando est\u00e1 en el apu s\u00ed dice \u201cPadre, prot\u00e9gela, t\u00fa sabes que est\u00e1 en peligro\u201d, pero es all\u00ed tambi\u00e9n un padre al que se visita a escondidas. En \u201cExtirpador\u2026\u201d como en \u201cPara\u00edso\u201d se toca expl\u00edcitamente el tema, pero tengo la impresi\u00f3n de que el cine peruano a\u00fan no lo ha abordado con la profundidad que se merece.<\/p>\n<div id=\"attachment_333741\" class=\"wp-caption alignnone\"><img loading=\"lazy\" decoding=\"async\" aria-describedby=\"caption-attachment-333741\" class=\"size-large wp-image-333741\" src=\"http:\/\/www.pressenza.com\/wp-content\/uploads\/2016\/06\/la-luna-pintada3-720x405.jpg\" alt=\"Foto lalunapintada.com\" width=\"720\" height=\"405\" srcset=\"https:\/\/www.pressenza.com\/wp-content\/uploads\/2016\/06\/la-luna-pintada3-720x405.jpg 720w, https:\/\/www.pressenza.com\/wp-content\/uploads\/2016\/06\/la-luna-pintada3-300x169.jpg 300w, https:\/\/www.pressenza.com\/wp-content\/uploads\/2016\/06\/la-luna-pintada3-768x432.jpg 768w, https:\/\/www.pressenza.com\/wp-content\/uploads\/2016\/06\/la-luna-pintada3-750x422.jpg 750w, https:\/\/www.pressenza.com\/wp-content\/uploads\/2016\/06\/la-luna-pintada3.jpg 800w\" sizes=\"auto, (max-width: 720px) 100vw, 720px\" \/><p id=\"caption-attachment-333741\" class=\"wp-caption-text\">Foto lalunapintada.com<\/p><\/div>\n<p><strong>Los temas de la guerra interna se mezclan con los de la persecuci\u00f3n religiosa, de hecho se menciona al monse\u00f1or Cipriani y est\u00e1 un libro de Yuyanapaq presente. \u00bfEncuentras un correlato entre ambas violencias?<\/strong><\/p>\n<p>S\u00ed, definitivamente. En una intervenci\u00f3n militar hace unos a\u00f1os a un supuesto campamento senderista en donde habr\u00edan liberado de su secuestro a unos ni\u00f1os que eran adoctrinados por los terroristas, muri\u00f3 una ni\u00f1a. De inmediato se descubri\u00f3 que ese no era un campamento senderista sino un pueblo en extrema pobreza y que los ni\u00f1os no estaban secuestrados sino que viv\u00edan con su mam\u00e1, a quien trajeron esposada a Lima junto con sus hijos supuestamente liberados de los terroristas. La ni\u00f1a que muri\u00f3 abaleada por los militares (\u00bfcu\u00e1les son los resultados de la investigaci\u00f3n que se supone se inici\u00f3 al respecto?) fue arrastrada y arrojada a un desfiladero con el af\u00e1n de ocultarla, in\u00fatilmente. A monse\u00f1or Cipriani se le pregunt\u00f3 al respecto y dijo \u201cYa est\u00e1, la ni\u00f1a ya muri\u00f3, recemos por ella, no se puede combatir el mal con guantes y mandiles blancos\u2026\u201d, lo que yo he parafraseado en el pr\u00f3logo de \u201cExtirpador\u2026\u201d, y continu\u00f3: \u201cbasta ya de atacar a las fuerzas armadas y de hacer uso pol\u00edtico de este caso, etc\u201d (Esto \u00faltimo lo cito de memoria). Si los militares, ll\u00e1mese fuerzas que representan el status quo asesinan, pues est\u00e1n luchando contra el mal. Y si eres pobre, \u201cde color modesto\u201d y andas descalzo, pues eres parte del mal que hay que combatir. Si protestas al respecto haces uso pol\u00edtico indebido (\u00bfpor qu\u00e9 uno no puede tener posturas pol\u00edticas?) de un caso de la lucha entre el bien (los asesinos) y el mal (los asesinados).<\/p>\n<p>Por eso en \u201cExtirpador de idolatr\u00edas\u201d aparece el libro \u201cYuyanapaq\u201d que es revisado por el detective Waldo Mamani y luego por el mayor comisario quien se lo arroja al cuerpo diciendo: \u201cNo me vas a salir con la cojudez esa de los derechos humanos\u201d. Creo que todos tenemos fresca cual fue la posici\u00f3n de la iglesia cat\u00f3lica y en especial de Cipriani respecto del informe final de la CVR, que en realidad fue la misma que de la clase pol\u00edtica en general: arrojarla lo m\u00e1s lejos posible y acusarlo de persecuci\u00f3n en contra de las fuerzas del status quo. Por eso es tan importante para m\u00ed que sobre el libro \u201cYuyanapaq\u201d, un valiente ejercicio de memoria, y sobre \u201cDioses y Hombres de Huarochiri\u201d, un importante volumen para conocer nuestro pasado y sus persecuciones, el comisario arroje el diario en donde aparecen parafraseadas las declaraciones de Cipriani, \u201clos derechos humanos son una cojudez\u201d, y a\u00f1ada \u201ces palabra de dios\u201d, como met\u00e1fora de las fuerzas f\u00e1cticas bendecidas por la iglesia cat\u00f3lica aplastando la memoria y nuestro pasado. Del mismo modo la escena dentro de la casa del extirpador con los ni\u00f1os, que representan la resistencia cultural, escondidos aterrados bajo la mesa, en donde el extirpador lee el libro de su dogma que tilda de bruja a la ni\u00f1a con un machete al costado.<\/p>\n<p><strong>Est\u00e1s filmando un nuevo proyecto, \u201cVivir ilesos\u201d. \u00bfSeguir\u00e1 en la l\u00ednea de mezclar los mundos andinos y occidental, o va por otro lado?<\/strong><\/p>\n<p>As\u00ed es, mi nuevo proyecto se llama <a href=\"http:\/\/www.cinencuentro.com\/2015\/12\/14\/el-sistema-solar-vivir-ilesos-se-anuncian-dos-nuevas-peliculas-peruanas\/\" target=\"_blank\">Vivir ilesos<\/a> y en \u00e9l no hay nada que lo acerque al mundo andino, es una pel\u00edcula completamente diferente de \u201cExtirpador\u2026\u201d, urbana cien por ciento. No obstante no hay que enga\u00f1arse, all\u00ed est\u00e1 mi idea de que no hay una mirada privilegiada de las cosas, que hay una moral oficial y otras que conviven con ella y que las descripciones del mundo las hacemos desde el marco te\u00f3rico o paradigma conceptual en que fuimos arrojados, por lo que cuando describimos cualquier cosa, en realidad lo que hacemos es describirnos a nosotros mismos, cosas que se encuentran el sustrato de todos mis trabajos cinematogr\u00e1ficos hasta la fecha.<\/p>\n<p>Entrevista: Antol\u00edn Prieto<br \/>\nEdici\u00f3n: Laslo Rojas<\/p>\n","protected":false},"excerpt":{"rendered":"<p>Entrevista con Manuel Siles, director de \u201cExtirpador de idolatr\u00edas\u201d, una pel\u00edcula peruana que hay que ver Extirpador de idolatr\u00edas (2014), el primer largometraje de ficci\u00f3n del director Manuel Siles, ha tenido en las \u00faltimas semanas un estreno, que a pesar&hellip;<\/p>\n","protected":false},"author":1275,"featured_media":333710,"comment_status":"closed","ping_status":"closed","sticky":false,"template":"","format":"standard","meta":{"footnotes":""},"categories":[75,155,67],"tags":[25132,3305,15527,28275,8717,25102,1560,8267],"class_list":["post-333693","post","type-post","status-publish","format-standard","has-post-thumbnail","hentry","category-cultura-es","category-entrevistas","category-sudamerica","tag-andes","tag-cine","tag-culturas","tag-idolatrias","tag-iglesia-catolica","tag-interculturalidad","tag-peru","tag-religiosidad"],"yoast_head":"<!-- This site is optimized with the Yoast SEO plugin v27.1.1 - https:\/\/yoast.com\/product\/yoast-seo-wordpress\/ -->\n<title>\u201cExtirpador de idolatr\u00edas\u201d, una pel\u00edcula peruana que hay que ver<\/title>\n<meta name=\"description\" content=\"Entrevista con Manuel Siles, director de \u201cExtirpador de idolatr\u00edas\u201d, una pel\u00edcula peruana que hay que ver Extirpador de idolatr\u00edas (2014), el primer\" \/>\n<meta name=\"robots\" content=\"index, follow, max-snippet:-1, max-image-preview:large, max-video-preview:-1\" \/>\n<link rel=\"canonical\" href=\"https:\/\/www.pressenza.com\/es\/2016\/06\/extirpador-idolatrias-una-pelicula-peruana-ver\/\" \/>\n<meta property=\"og:locale\" content=\"es_ES\" \/>\n<meta property=\"og:type\" content=\"article\" \/>\n<meta property=\"og:title\" content=\"\u201cExtirpador de idolatr\u00edas\u201d, una pel\u00edcula peruana que hay que ver\" \/>\n<meta property=\"og:description\" content=\"Entrevista con Manuel Siles, director de \u201cExtirpador de idolatr\u00edas\u201d, una pel\u00edcula peruana que hay que ver Extirpador de idolatr\u00edas (2014), el primer\" \/>\n<meta property=\"og:url\" content=\"https:\/\/www.pressenza.com\/es\/2016\/06\/extirpador-idolatrias-una-pelicula-peruana-ver\/\" \/>\n<meta property=\"og:site_name\" content=\"Pressenza\" \/>\n<meta property=\"article:publisher\" content=\"https:\/\/www.facebook.com\/PressenzaItalia\" \/>\n<meta property=\"article:author\" content=\"https:\/\/www.facebook.com\/cinencuentro\" \/>\n<meta property=\"article:published_time\" content=\"2016-06-26T14:48:05+00:00\" \/>\n<meta property=\"article:modified_time\" content=\"2016-06-26T14:48:25+00:00\" \/>\n<meta property=\"og:image\" content=\"https:\/\/www.pressenza.com\/wp-content\/uploads\/2016\/06\/la-luna-pintada2.jpg\" \/>\n\t<meta property=\"og:image:width\" content=\"800\" \/>\n\t<meta property=\"og:image:height\" content=\"450\" \/>\n\t<meta property=\"og:image:type\" content=\"image\/jpeg\" \/>\n<meta name=\"author\" content=\"cinencuentro.com\" \/>\n<meta name=\"twitter:card\" content=\"summary_large_image\" \/>\n<meta name=\"twitter:creator\" content=\"@cinencuentro\" \/>\n<meta name=\"twitter:site\" content=\"@PressenzaIPA\" \/>\n<meta name=\"twitter:label1\" content=\"Escrito por\" \/>\n\t<meta name=\"twitter:data1\" content=\"cinencuentro.com\" \/>\n\t<meta name=\"twitter:label2\" content=\"Tiempo de lectura\" \/>\n\t<meta name=\"twitter:data2\" content=\"15 minutos\" \/>\n<script type=\"application\/ld+json\" class=\"yoast-schema-graph\">{\"@context\":\"https:\/\/schema.org\",\"@graph\":[{\"@type\":\"Article\",\"@id\":\"https:\/\/www.pressenza.com\/es\/2016\/06\/extirpador-idolatrias-una-pelicula-peruana-ver\/#article\",\"isPartOf\":{\"@id\":\"https:\/\/www.pressenza.com\/es\/2016\/06\/extirpador-idolatrias-una-pelicula-peruana-ver\/\"},\"author\":{\"name\":\"cinencuentro.com\",\"@id\":\"https:\/\/www.pressenza.com\/es\/#\/schema\/person\/7dc8623ebbb7c4785af78a69c5d34db5\"},\"headline\":\"\u201cExtirpador de idolatr\u00edas\u201d, una pel\u00edcula peruana que hay que ver\",\"datePublished\":\"2016-06-26T14:48:05+00:00\",\"dateModified\":\"2016-06-26T14:48:25+00:00\",\"mainEntityOfPage\":{\"@id\":\"https:\/\/www.pressenza.com\/es\/2016\/06\/extirpador-idolatrias-una-pelicula-peruana-ver\/\"},\"wordCount\":2972,\"publisher\":{\"@id\":\"https:\/\/www.pressenza.com\/es\/#organization\"},\"image\":{\"@id\":\"https:\/\/www.pressenza.com\/es\/2016\/06\/extirpador-idolatrias-una-pelicula-peruana-ver\/#primaryimage\"},\"thumbnailUrl\":\"https:\/\/www.pressenza.com\/wp-content\/uploads\/2016\/06\/la-luna-pintada2.jpg\",\"keywords\":[\"Andes\",\"cine\",\"culturas\",\"idolatrias\",\"iglesia cat\u00f3lica\",\"interculturalidad\",\"Per\u00fa\",\"RELIGIOSIDAD\"],\"articleSection\":[\"Cultura y Medios\",\"Entrevistas\",\"Sudam\u00e9rica\"],\"inLanguage\":\"es\"},{\"@type\":\"WebPage\",\"@id\":\"https:\/\/www.pressenza.com\/es\/2016\/06\/extirpador-idolatrias-una-pelicula-peruana-ver\/\",\"url\":\"https:\/\/www.pressenza.com\/es\/2016\/06\/extirpador-idolatrias-una-pelicula-peruana-ver\/\",\"name\":\"\u201cExtirpador de idolatr\u00edas\u201d, una pel\u00edcula peruana que hay que ver\",\"isPartOf\":{\"@id\":\"https:\/\/www.pressenza.com\/es\/#website\"},\"primaryImageOfPage\":{\"@id\":\"https:\/\/www.pressenza.com\/es\/2016\/06\/extirpador-idolatrias-una-pelicula-peruana-ver\/#primaryimage\"},\"image\":{\"@id\":\"https:\/\/www.pressenza.com\/es\/2016\/06\/extirpador-idolatrias-una-pelicula-peruana-ver\/#primaryimage\"},\"thumbnailUrl\":\"https:\/\/www.pressenza.com\/wp-content\/uploads\/2016\/06\/la-luna-pintada2.jpg\",\"datePublished\":\"2016-06-26T14:48:05+00:00\",\"dateModified\":\"2016-06-26T14:48:25+00:00\",\"description\":\"Entrevista con Manuel Siles, director de \u201cExtirpador de idolatr\u00edas\u201d, una pel\u00edcula peruana que hay que ver Extirpador de idolatr\u00edas (2014), el primer\",\"breadcrumb\":{\"@id\":\"https:\/\/www.pressenza.com\/es\/2016\/06\/extirpador-idolatrias-una-pelicula-peruana-ver\/#breadcrumb\"},\"inLanguage\":\"es\",\"potentialAction\":[{\"@type\":\"ReadAction\",\"target\":[\"https:\/\/www.pressenza.com\/es\/2016\/06\/extirpador-idolatrias-una-pelicula-peruana-ver\/\"]}]},{\"@type\":\"ImageObject\",\"inLanguage\":\"es\",\"@id\":\"https:\/\/www.pressenza.com\/es\/2016\/06\/extirpador-idolatrias-una-pelicula-peruana-ver\/#primaryimage\",\"url\":\"https:\/\/www.pressenza.com\/wp-content\/uploads\/2016\/06\/la-luna-pintada2.jpg\",\"contentUrl\":\"https:\/\/www.pressenza.com\/wp-content\/uploads\/2016\/06\/la-luna-pintada2.jpg\",\"width\":800,\"height\":450,\"caption\":\"La peque\u00f1a Paulina Baz\u00e1n debuta en el cine, aqu\u00ed junto al director Manuel Siles. Foto cinencuentro\"},{\"@type\":\"BreadcrumbList\",\"@id\":\"https:\/\/www.pressenza.com\/es\/2016\/06\/extirpador-idolatrias-una-pelicula-peruana-ver\/#breadcrumb\",\"itemListElement\":[{\"@type\":\"ListItem\",\"position\":1,\"name\":\"Accueil\",\"item\":\"https:\/\/www.pressenza.com\/es\/\"},{\"@type\":\"ListItem\",\"position\":2,\"name\":\"\u201cExtirpador de idolatr\u00edas\u201d, una pel\u00edcula peruana que hay que ver\"}]},{\"@type\":\"WebSite\",\"@id\":\"https:\/\/www.pressenza.com\/es\/#website\",\"url\":\"https:\/\/www.pressenza.com\/es\/\",\"name\":\"Pressenza\",\"description\":\"International Press Agency\",\"publisher\":{\"@id\":\"https:\/\/www.pressenza.com\/es\/#organization\"},\"potentialAction\":[{\"@type\":\"SearchAction\",\"target\":{\"@type\":\"EntryPoint\",\"urlTemplate\":\"https:\/\/www.pressenza.com\/es\/?s={search_term_string}\"},\"query-input\":{\"@type\":\"PropertyValueSpecification\",\"valueRequired\":true,\"valueName\":\"search_term_string\"}}],\"inLanguage\":\"es\"},{\"@type\":\"Organization\",\"@id\":\"https:\/\/www.pressenza.com\/es\/#organization\",\"name\":\"Pressenza\",\"url\":\"https:\/\/www.pressenza.com\/es\/\",\"logo\":{\"@type\":\"ImageObject\",\"inLanguage\":\"es\",\"@id\":\"https:\/\/www.pressenza.com\/es\/#\/schema\/logo\/image\/\",\"url\":\"https:\/\/www.pressenza.com\/wp-content\/uploads\/2022\/10\/pressenza_logo_200x200.jpg\",\"contentUrl\":\"https:\/\/www.pressenza.com\/wp-content\/uploads\/2022\/10\/pressenza_logo_200x200.jpg\",\"width\":200,\"height\":200,\"caption\":\"Pressenza\"},\"image\":{\"@id\":\"https:\/\/www.pressenza.com\/es\/#\/schema\/logo\/image\/\"},\"sameAs\":[\"https:\/\/www.facebook.com\/PressenzaItalia\",\"https:\/\/x.com\/PressenzaIPA\"]},{\"@type\":\"Person\",\"@id\":\"https:\/\/www.pressenza.com\/es\/#\/schema\/person\/7dc8623ebbb7c4785af78a69c5d34db5\",\"name\":\"cinencuentro.com\",\"sameAs\":[\"https:\/\/www.facebook.com\/cinencuentro\",\"https:\/\/x.com\/cinencuentro\"],\"url\":\"https:\/\/www.pressenza.com\/es\/author\/cinencuentro-com\/\"}]}<\/script>\n<!-- \/ Yoast SEO plugin. -->","yoast_head_json":{"title":"\u201cExtirpador de idolatr\u00edas\u201d, una pel\u00edcula peruana que hay que ver","description":"Entrevista con Manuel Siles, director de \u201cExtirpador de idolatr\u00edas\u201d, una pel\u00edcula peruana que hay que ver Extirpador de idolatr\u00edas (2014), el primer","robots":{"index":"index","follow":"follow","max-snippet":"max-snippet:-1","max-image-preview":"max-image-preview:large","max-video-preview":"max-video-preview:-1"},"canonical":"https:\/\/www.pressenza.com\/es\/2016\/06\/extirpador-idolatrias-una-pelicula-peruana-ver\/","og_locale":"es_ES","og_type":"article","og_title":"\u201cExtirpador de idolatr\u00edas\u201d, una pel\u00edcula peruana que hay que ver","og_description":"Entrevista con Manuel Siles, director de \u201cExtirpador de idolatr\u00edas\u201d, una pel\u00edcula peruana que hay que ver Extirpador de idolatr\u00edas (2014), el primer","og_url":"https:\/\/www.pressenza.com\/es\/2016\/06\/extirpador-idolatrias-una-pelicula-peruana-ver\/","og_site_name":"Pressenza","article_publisher":"https:\/\/www.facebook.com\/PressenzaItalia","article_author":"https:\/\/www.facebook.com\/cinencuentro","article_published_time":"2016-06-26T14:48:05+00:00","article_modified_time":"2016-06-26T14:48:25+00:00","og_image":[{"width":800,"height":450,"url":"https:\/\/www.pressenza.com\/wp-content\/uploads\/2016\/06\/la-luna-pintada2.jpg","type":"image\/jpeg"}],"author":"cinencuentro.com","twitter_card":"summary_large_image","twitter_creator":"@cinencuentro","twitter_site":"@PressenzaIPA","twitter_misc":{"Escrito por":"cinencuentro.com","Tiempo de lectura":"15 minutos"},"schema":{"@context":"https:\/\/schema.org","@graph":[{"@type":"Article","@id":"https:\/\/www.pressenza.com\/es\/2016\/06\/extirpador-idolatrias-una-pelicula-peruana-ver\/#article","isPartOf":{"@id":"https:\/\/www.pressenza.com\/es\/2016\/06\/extirpador-idolatrias-una-pelicula-peruana-ver\/"},"author":{"name":"cinencuentro.com","@id":"https:\/\/www.pressenza.com\/es\/#\/schema\/person\/7dc8623ebbb7c4785af78a69c5d34db5"},"headline":"\u201cExtirpador de idolatr\u00edas\u201d, una pel\u00edcula peruana que hay que ver","datePublished":"2016-06-26T14:48:05+00:00","dateModified":"2016-06-26T14:48:25+00:00","mainEntityOfPage":{"@id":"https:\/\/www.pressenza.com\/es\/2016\/06\/extirpador-idolatrias-una-pelicula-peruana-ver\/"},"wordCount":2972,"publisher":{"@id":"https:\/\/www.pressenza.com\/es\/#organization"},"image":{"@id":"https:\/\/www.pressenza.com\/es\/2016\/06\/extirpador-idolatrias-una-pelicula-peruana-ver\/#primaryimage"},"thumbnailUrl":"https:\/\/www.pressenza.com\/wp-content\/uploads\/2016\/06\/la-luna-pintada2.jpg","keywords":["Andes","cine","culturas","idolatrias","iglesia cat\u00f3lica","interculturalidad","Per\u00fa","RELIGIOSIDAD"],"articleSection":["Cultura y Medios","Entrevistas","Sudam\u00e9rica"],"inLanguage":"es"},{"@type":"WebPage","@id":"https:\/\/www.pressenza.com\/es\/2016\/06\/extirpador-idolatrias-una-pelicula-peruana-ver\/","url":"https:\/\/www.pressenza.com\/es\/2016\/06\/extirpador-idolatrias-una-pelicula-peruana-ver\/","name":"\u201cExtirpador de idolatr\u00edas\u201d, una pel\u00edcula peruana que hay que ver","isPartOf":{"@id":"https:\/\/www.pressenza.com\/es\/#website"},"primaryImageOfPage":{"@id":"https:\/\/www.pressenza.com\/es\/2016\/06\/extirpador-idolatrias-una-pelicula-peruana-ver\/#primaryimage"},"image":{"@id":"https:\/\/www.pressenza.com\/es\/2016\/06\/extirpador-idolatrias-una-pelicula-peruana-ver\/#primaryimage"},"thumbnailUrl":"https:\/\/www.pressenza.com\/wp-content\/uploads\/2016\/06\/la-luna-pintada2.jpg","datePublished":"2016-06-26T14:48:05+00:00","dateModified":"2016-06-26T14:48:25+00:00","description":"Entrevista con Manuel Siles, director de \u201cExtirpador de idolatr\u00edas\u201d, una pel\u00edcula peruana que hay que ver Extirpador de idolatr\u00edas (2014), el primer","breadcrumb":{"@id":"https:\/\/www.pressenza.com\/es\/2016\/06\/extirpador-idolatrias-una-pelicula-peruana-ver\/#breadcrumb"},"inLanguage":"es","potentialAction":[{"@type":"ReadAction","target":["https:\/\/www.pressenza.com\/es\/2016\/06\/extirpador-idolatrias-una-pelicula-peruana-ver\/"]}]},{"@type":"ImageObject","inLanguage":"es","@id":"https:\/\/www.pressenza.com\/es\/2016\/06\/extirpador-idolatrias-una-pelicula-peruana-ver\/#primaryimage","url":"https:\/\/www.pressenza.com\/wp-content\/uploads\/2016\/06\/la-luna-pintada2.jpg","contentUrl":"https:\/\/www.pressenza.com\/wp-content\/uploads\/2016\/06\/la-luna-pintada2.jpg","width":800,"height":450,"caption":"La peque\u00f1a Paulina Baz\u00e1n debuta en el cine, aqu\u00ed junto al director Manuel Siles. Foto cinencuentro"},{"@type":"BreadcrumbList","@id":"https:\/\/www.pressenza.com\/es\/2016\/06\/extirpador-idolatrias-una-pelicula-peruana-ver\/#breadcrumb","itemListElement":[{"@type":"ListItem","position":1,"name":"Accueil","item":"https:\/\/www.pressenza.com\/es\/"},{"@type":"ListItem","position":2,"name":"\u201cExtirpador de idolatr\u00edas\u201d, una pel\u00edcula peruana que hay que ver"}]},{"@type":"WebSite","@id":"https:\/\/www.pressenza.com\/es\/#website","url":"https:\/\/www.pressenza.com\/es\/","name":"Pressenza","description":"International Press Agency","publisher":{"@id":"https:\/\/www.pressenza.com\/es\/#organization"},"potentialAction":[{"@type":"SearchAction","target":{"@type":"EntryPoint","urlTemplate":"https:\/\/www.pressenza.com\/es\/?s={search_term_string}"},"query-input":{"@type":"PropertyValueSpecification","valueRequired":true,"valueName":"search_term_string"}}],"inLanguage":"es"},{"@type":"Organization","@id":"https:\/\/www.pressenza.com\/es\/#organization","name":"Pressenza","url":"https:\/\/www.pressenza.com\/es\/","logo":{"@type":"ImageObject","inLanguage":"es","@id":"https:\/\/www.pressenza.com\/es\/#\/schema\/logo\/image\/","url":"https:\/\/www.pressenza.com\/wp-content\/uploads\/2022\/10\/pressenza_logo_200x200.jpg","contentUrl":"https:\/\/www.pressenza.com\/wp-content\/uploads\/2022\/10\/pressenza_logo_200x200.jpg","width":200,"height":200,"caption":"Pressenza"},"image":{"@id":"https:\/\/www.pressenza.com\/es\/#\/schema\/logo\/image\/"},"sameAs":["https:\/\/www.facebook.com\/PressenzaItalia","https:\/\/x.com\/PressenzaIPA"]},{"@type":"Person","@id":"https:\/\/www.pressenza.com\/es\/#\/schema\/person\/7dc8623ebbb7c4785af78a69c5d34db5","name":"cinencuentro.com","sameAs":["https:\/\/www.facebook.com\/cinencuentro","https:\/\/x.com\/cinencuentro"],"url":"https:\/\/www.pressenza.com\/es\/author\/cinencuentro-com\/"}]}},"place":"Per\u00fa","original_article_url":"http:\/\/www.cinencuentro.com\/2016\/05\/09\/entrevista-manuel-siles-director-extirpador-de-idolatrias-pelicula-peruana\/","_links":{"self":[{"href":"https:\/\/www.pressenza.com\/es\/wp-json\/wp\/v2\/posts\/333693","targetHints":{"allow":["GET"]}}],"collection":[{"href":"https:\/\/www.pressenza.com\/es\/wp-json\/wp\/v2\/posts"}],"about":[{"href":"https:\/\/www.pressenza.com\/es\/wp-json\/wp\/v2\/types\/post"}],"author":[{"embeddable":true,"href":"https:\/\/www.pressenza.com\/es\/wp-json\/wp\/v2\/users\/1275"}],"replies":[{"embeddable":true,"href":"https:\/\/www.pressenza.com\/es\/wp-json\/wp\/v2\/comments?post=333693"}],"version-history":[{"count":0,"href":"https:\/\/www.pressenza.com\/es\/wp-json\/wp\/v2\/posts\/333693\/revisions"}],"wp:featuredmedia":[{"embeddable":true,"href":"https:\/\/www.pressenza.com\/es\/wp-json\/wp\/v2\/media\/333710"}],"wp:attachment":[{"href":"https:\/\/www.pressenza.com\/es\/wp-json\/wp\/v2\/media?parent=333693"}],"wp:term":[{"taxonomy":"category","embeddable":true,"href":"https:\/\/www.pressenza.com\/es\/wp-json\/wp\/v2\/categories?post=333693"},{"taxonomy":"post_tag","embeddable":true,"href":"https:\/\/www.pressenza.com\/es\/wp-json\/wp\/v2\/tags?post=333693"}],"curies":[{"name":"wp","href":"https:\/\/api.w.org\/{rel}","templated":true}]}}