{"id":333358,"date":"2016-06-25T01:58:04","date_gmt":"2016-06-25T00:58:04","guid":{"rendered":"http:\/\/www.pressenza.com\/es\/?p=333358"},"modified":"2016-06-25T01:58:04","modified_gmt":"2016-06-25T00:58:04","slug":"oea-apuntes-sobre-el-desagravio-a-republica-dominicana","status":"publish","type":"post","link":"https:\/\/www.pressenza.com\/es\/2016\/06\/oea-apuntes-sobre-el-desagravio-a-republica-dominicana\/","title":{"rendered":"OEA: apuntes sobre el \u201cdesagravio\u201d a Rep\u00fablica Dominicana"},"content":{"rendered":"<p><em><strong>Por Nicol\u00e1s Boeglin *<\/strong><\/em><\/p>\n<p>Durante la sesi\u00f3n de \u00a0inauguraci\u00f3n de la Asamblea General de la Organizaci\u00f3n de Estados Americanos realizada el pasado Lunes 13 de junio del 2016, en Santo Domingo, el Presidente Danilo Medina de Rep\u00fablica Dominicana sorprendi\u00f3 a algunos en su discurso de bienvenida (ver \u00a0<a href=\"http:\/\/presidencia.gob.do\/noticias\/danilo-medina-oea-debe-pedir-perdon-a-republica-dominicana-por-legitimar-invasion-de-1965\"><strong>texto<\/strong><\/a>\u00a0 del discurso en bolet\u00edn de la Presidencia de Rep\u00fablica Dominicana). Leemos en efecto que el Presidente se\u00f1al\u00f3, entro otras cosas, que: \u00ab<em>En nombre del pueblo dominicano y en el m\u00edo propio, les propongo a todos ustedes que durante este per\u00edodo ordinario de sesiones, se apruebe una resoluci\u00f3n de desagravio a la Rep\u00fablica Dominicana por el rol desempe\u00f1ado por la OEA durante la Revoluci\u00f3n de Abril de 1965\u201d \/&#8230;\/ \u201cTengo el convencimiento de que este es el mejor momento y el m\u00e1s apropiado lugar para llevar a cabo este acto de justicia, verdad y reconciliaci\u00f3n\u201d<\/em>.<\/p>\n<p><strong>La OEA y las intervenciones en Estados Miembros<\/strong><\/p>\n<p>Como se recordar\u00e1, la OEA ha jugado un papel bastante cuestionable en el pasado ante intervenciones en uno de sus Estados Miembros. En este \u00a0<a href=\"http:\/\/iugm.es\/uploads\/tx_iugm\/La_OEA.pdf\"><strong>an\u00e1lisis<\/strong><\/a>\u00a0 de la profesora Sonia Alda Mej\u00edas (IUGM), se lee que \u00ab<em>la organizaci\u00f3n no se manifest\u00f3 ante la intervenci\u00f3n norteamericana en Guatemala, en 1954, ni respecto a la invasi\u00f3n de Playa Gir\u00f3n en 1961 y sin embargo respald\u00f3 el bloqueo econ\u00f3mico y las sanciones diplom\u00e1ticas a Cuba (de acuerdo al art. 6 del TIAR) y aprob\u00f3 en 1965 la constituci\u00f3n de las Fuerzas Interamericanas de Paz en Rep\u00fablica Dominicana de acuerdo a las directrices norteamericanas<\/em>\u00ab. \u00a0Sobre estas \u00faltimas, y el env\u00edo de 42.000 efectivos militares norteamericanos a Rep\u00fablica Dominicana, referimos al lector a este <a href=\"http:\/\/www.mccdc.marines.mil\/Portals\/172\/Docs\/SWCIWID\/COIN\/USMC%20Counterinsurgency%20History%20Pre-2000\/U.S.%20Marine%20Corps%20Operations%20In%20The%20Dominican%20Republic%20Apr-Jun%201965%20-%20USMC%20History%20Division%20%281992%29.pdf\"><strong>estudio<\/strong><\/a> en ingl\u00e9s (en particular p\u00e1ginas 41 y subsiguientes) realizado por dos oficiales norteamericanos, Major Jack K. Ringler (USMC) y Henry I. Shaw (Jr).<\/p>\n<p>En sus conclusiones, ambos autores indican, entre varias lecciones para futuras operaciones militares norteamericanas (p\u00e1gina 54) que sus mandos militares se encontraron en desventaja en Rep\u00fablica Dominicana al escribir que \u201c<em>no fue un acci\u00f3n militar de combate en el sentido tradicional, sino una operaci\u00f3n pol\u00edtica-militar, con ciertas restricciones para el comando militar, coloc\u00e1ndolo en una situaci\u00f3n desventajosa<\/em>\u201d (traducci\u00f3n libre del autor de: \u00ab<em>The second lesson is the fact that this was not primarily a military combat action in the traditional sense, but a political-military operation, with certain restrictions being placed upon the military commanders, putting them at a tactical disadvantage<\/em>\u00ab).<\/p>\n<p>En el mes de abril del 2015, con ocasi\u00f3n de la puesta a disposici\u00f3n al p\u00fablico por parte del National Security Archive (NSA) de conversaciones telef\u00f3nicas del Presidente de Estados Unidos de aquella \u00e9poca, se ley\u00f3 que el Presidente norteamericano lament\u00f3 el env\u00edo de tropas a Rep\u00fablica Dominicana en 1965 y que unos meses despu\u00e9s, confi\u00f3 a sus asistentes que \u201cNo quiero ser un intervencionista\u201d (traducci\u00f3n libre del autor de la siguiente frase \u201c<em>President Lyndon Johnson regretted sending U.S. troops into the Dominican Republic in 1965, telling aides less than a month later, \u00abI don&#8217;t want to be an intervenor,\u00bb according to new transcripts of White House tapes published today (along with the tapes themselves) for the first time by the National Security Archive at George Washington University<\/em>\u201d): ver\u00a0 <a href=\"http:\/\/nsarchive.gwu.edu\/NSAEBB\/NSAEBB513\/\"><strong>nota<\/strong><\/a>\u00a0 de NSA del 28\/04\/2015 con diversas grabaciones de gran inter\u00e9s para historiadores y para las \u00a0actuales autoridades de Rep\u00fablica Dominicana).<\/p>\n<p><strong>Una in\u00e9dita solicitud<\/strong><\/p>\n<p>Es probablemente la primera vez en la historia que un Jefe de Estado exigi\u00f3 p\u00fablicamente a la OEA en un discurso de bienvenida reconocer sus errores por avalar intervenciones pasadas \u00a0en abierta violaci\u00f3n al principio de no intervenci\u00f3n en asuntos internos proclamado por\u2026 la misma Carta de la OEA de 1948. Trat\u00e1ndose, en este caso, del Estado que hosped\u00f3 a la reuni\u00f3n anual de tres d\u00edas de los dem\u00e1s Estados Miembros de la OEA, la solicitud dif\u00edcilmente pudo ser eludida por estos \u00faltimos. Cabe recordar que en agosto del 2015, el actual Secretario General de la OEA, se hab\u00eda manifestado en ese sentido (ver \u00a0<a href=\"http:\/\/eldia.com.do\/secretario-general-de-la-oea-pide-disculpa-a-republica-dominicana-por-invasion-de-1965\/\"><strong>nota<\/strong><\/a>\u00a0 de prensa). En esta otra \u00a0<a href=\"http:\/\/www.diariolibre.com\/noticias\/almagro-pide-disculpas-a-republica-dominicana-por-intervencion-de-1965-KD948590\"><strong>nota<\/strong><\/a>\u00a0 de prensa se lee que para el m\u00e1ximo representante de la OEA:<\/p>\n<p>\u00ab<em>Es imprescindible que la OEA cumpla con los postulados fundamentales y asumir posiciones hist\u00f3ricas y postular para que hechos del pasado no ocurran nunca m\u00e1s y asumir la verdad, no para reparar el pasado sino como legado de las generaciones venideras. Es por eso que como secretario general deploro los actos de la organizaci\u00f3n que validaron en 1965 la invasi\u00f3n en la Rep\u00fablica Dominicana y la intervenci\u00f3n en este pa\u00eds<\/em>\u00ab.<\/p>\n<p>La solicitud del Presidente Danilo Medina esta vez se dirig\u00eda a los 34 delegados de los Estados Miembros de la OEA, entre los cuales se contabilizaban 27 Ministros (ver \u00a0<a href=\"http:\/\/www.oas.org\/en\/media_center\/press_release.asp?sCodigo=AVI-095\/16\"><strong>listado detallado<\/strong><\/a>\u00a0 de los jefes de delegaciones presentes en Santo Domingo esta semana).<\/p>\n<p><strong>La propuesta oficial de Rep\u00fablica Dominicana a la Asamblea General de la OEA<\/strong><\/p>\n<p>El 14 de junio, una propuesta de resoluci\u00f3n fue circulada por la delegaci\u00f3n de la Republica Dominicana a los dem\u00e1s delegados presentes en la cita anual de la OEA. Se trataba de un texto muy breve que se le\u00eda como sigue:<\/p>\n<p>\u00ab<em>RECONOCIENDO que en el proceso hist\u00f3rico de la segunda mitad del siglo XX la Rep\u00fablica Dominicana fue objeto de acciones llevadas a cabo durante la Revoluci\u00f3n de Abril de 1965, y espec\u00edficamente aquellas que en ese marco ejecut\u00f3 la Organizaci\u00f3n de Estados Americanos (OEA), que produjeron perturbaci\u00f3n y luto y una indignaci\u00f3n todav\u00eda presente en la poblaci\u00f3n;<\/p>\n<p>ADMITIENDO la responsabilidad hist\u00f3rica de haber dado su respaldo a procedimientos y acciones b\u00e9licas en pugna con los principios de No Intervenci\u00f3n y de Respeto a la Soberan\u00eda establecidos estutariamente en la Carta de la OEA;<\/p>\n<p>RESUELVE<\/p>\n<p>Expresar al pueblo dominicano su pesar por haber respaldado, en 1965, la invasi\u00f3n de su territorio y el atropello de su soberan\u00eda, solicitar su comprensi\u00f3n, pedir disculpas por el error hist\u00f3rico cometido y a la vez condolerse por las v\u00edctimas ocasionadas, asumiendo el compromiso de trabajar en procura de que acciones semejantes no se repitan en el futuro<\/em>\u00ab.<br \/>\nPor parte de la Presidencia de Rep\u00fablica Dominicana, se indic\u00f3 en un\u00a0 <a href=\"http:\/\/presidencia.gob.do\/noticias\/republica-dominicana-presenta-en-oea-propuesta-declaracion-de-desagravio\"><strong>comunicado de prensa<\/strong><\/a>\u00a0 sobre esta propuesta que: \u00ab<em>La declaraci\u00f3n propuesta por la delegaci\u00f3n dominicana y de la que se aspira cuente con el firme apoyo de las delegaciones de los 34 pa\u00edses miembros del organismo multilateral, es c\u00f3nsona con el pedido que hiciera el presidente de la Rep\u00fablica Dominicana, Danilo Medina, durante el acto inaugural de la reuni\u00f3n plenaria de la OEA en el Teatro Nacional, en presencia del secretario general del organismo, Luis Almagro<\/em>\u00ab.<br \/>\n<strong>La respuesta oficial de la Asamblea General de la OEA a Rep\u00fablica Dominicana.<\/strong><\/p>\n<p>Pese a las aspiraciones presidenciales, el texto adoptado sufri\u00f3 sustantivas modificaciones con relaci\u00f3n al inicialmente propuesto por sus autores. El 15 de junio, es decir 24 horas despu\u00e9s de circular su texto la diplomacia dominicana, la Asamblea General de la OEA aprob\u00f3 una resoluci\u00f3n (ver texto completo al final de esta misma nota en ambos idiomas) en la que hace referencias a los \u00abacontecimientos\u00bb de 1965, sin mayor precisi\u00f3n. En su parte resolutiva se indica que la Asamblea General:<\/p>\n<p>\u00ab<em>DECLARA:<\/em><\/p>\n<ol>\n<li><em> Lamentar la p\u00e9rdida de vidas humanas y expresar al pueblo dominicano las condolencias de la Organizaci\u00f3n. <\/em><\/li>\n<li><em> Desagraviar al pueblo dominicano por las acciones de abril de 1965 que interrumpieron el proceso de restablecimiento del orden constitucional en la Rep\u00fablica Dominicana. <\/em><\/li>\n<li><em> Reafirmar los principios del derecho internacional, de la Carta de las Naciones Unidas y de la Carta de la OEA.<\/em>\u00bb\n<p>N\u00f3tese la inversi\u00f3n realizada entre considerandos \/ parte resolutiva con respecto a la propuesta inicial de Rep\u00fablica Dominicana. De igual manera, es de se\u00f1alar la ausencia de toda referencia a la \u00abinvasi\u00f3n\u00bb o a la \u00abintervenci\u00f3n\u00bb, as\u00ed como al aval dado a esta por la misma OEA en 1965. Como previsible, el texto adoptado por la OEA dista mucho de las palabras pronunciadas por parte del Presidente dominicano en su alocuci\u00f3n inaugural (cuyos extractos a continuaci\u00f3n reproducimos) y de la propuesta inicial de sus diplom\u00e1ticos.<\/li>\n<\/ol>\n<p><strong>Conclusi\u00f3n<\/strong><\/p>\n<p>A diferencia de lo que dejaron entender algunos titulares recientemente le\u00eddos ( como por ejemplo, entre muchos otros, \u201c<em>La OEA emite declaraci\u00f3n de desagravio por la invasi\u00f3n de abril de 1965<\/em>\u201d\u00a0 &#8211; ver nota de <a href=\"http:\/\/www.diariolibre.com\/noticias\/politica\/la-oea-emite-declaracion-de-desagravio-por-la-invasion-de-abril-de-1965-MX4044248\"><strong>Diariolibre<\/strong><\/a> \u2013 o bien\u00a0 \u201c<em>OEA aprueba desagravio por invasi\u00f3n de EE.UU. en R. Dominicana<\/em>\u201d &#8211; ver <a href=\"http:\/\/www.telesurtv.net\/news\/OEA-aprueba-desagravio-por-invasion-de-EE.UU.-en-R.-Dominicana-20160615-0057.html\"><strong>nota<\/strong><\/a> de TelesurTV- ), el texto de la resoluci\u00f3n adoptada por la Asamblea General de la OEA es bastante omiso. \u00a0Se lee en el matutino Le Monde de Francia\u00a0 (ver\u00a0 <a href=\"http:\/\/www.lemonde.fr\/ameriques\/article\/2016\/06\/17\/en-pleine-crise-politique-le-venezuela-reprend-langue-avec-les-etats-unis_4952342_3222.html\"><strong>nota<\/strong><\/a> del 17\/06\/2016)\u00a0 por ejemplo, entre muchos otros rotativos poco o mal informados, que: \u00ab\u00a0<em>A solicitud del Estado hu\u00e9sped, la asamblea general adopt\u00f3 por unanimidad una declaraci\u00f3n de disculpas al pueblo dominicano por el apoyo brindado por la OEA a la intervenci\u00f3n militar de Estados Unidos en favor de los golpistas durante la guerra civil de 1965<\/em>\u201d (traducci\u00f3n libre del autor de \u201c<em>Enfin, \u00e0 la demande du pays h\u00f4te, l\u2019assembl\u00e9e g\u00e9n\u00e9rale a approuv\u00e9 \u00e0 l\u2019unanimit\u00e9 une d\u00e9claration d\u2019excuses au peuple dominicain pour l\u2019appui apport\u00e9 par l\u2019OEA \u00e0 l\u2019intervention militaire des Etats-Unis en faveur des putschistes lors de la guerre civile de 1965<\/em>\u00a0\u00bb).<\/p>\n<p>El contenido de esta frase no encuentra mayor asidero si uno se toma el tiempo de leer la resoluci\u00f3n (bastante corta) aprobada por la Asamblea General de la OEA.<\/p>\n<p>Sobre este preciso punto, llama poderosamente la atenci\u00f3n el hecho que analistas, editorialistas y medios de prensa, as\u00ed como\u00a0 corresponsales de prensa, no se hayan interesado mayormente por comparar la resoluci\u00f3n al texto inicial presentado por la diplomacia dominicana. A diferencia de los titulares de prensa que circularon\u00a0 a penas adoptada, la resoluci\u00f3n no reconoce responsabilidad alguna de la OEA por avalar la \u201cintervenci\u00f3n\u201d o \u201cinvasi\u00f3n\u201d de 1965, t\u00e9rminos convenientemente eliminados y sustituidos por \u201cacontecimientos\u201d pero retomados en todos los titulares de prensa.<\/p>\n<p>Esta resoluci\u00f3n de la OEA puede evidenciar la dificultad para Rep\u00fablica Dominicana de contar con apoyos certeros a su solicitud, que hubieran podido ser de gran ayuda para lograr un texto mucho m\u00e1s cercano a su iniciativa original. Es tambi\u00e9n posible que la presentaci\u00f3n tard\u00eda de su propuesta de resoluci\u00f3n haya influido en ello. Este ejercicio diplom\u00e1tico tambi\u00e9n pone en evidencia el extremo cuido con el que algunas delegaciones en la OEA pusieron a trabajar a sus diplom\u00e1ticos en aras de lograr revisar una y otra vez el contenido original del texto de Rep\u00fablica Dominicana. Ello con el objetivo de omitir algunos t\u00e9rminos, responder de forma muy diplom\u00e1tica a la solicitud dominicana pero sin reconocer responsabilidad alguna de la OEA, y garantizar una adopci\u00f3n por consenso entre las 34 delegaciones presentes durante la Asamblea General.<\/p>\n<p>Desde el punto de vista diplom\u00e1tico, la habilidad de la maniobra merece ser se\u00f1alada; desde el punto de vista medi\u00e1tico, el detalle pas\u00f3 desapercibido o casi, confirmando la habilidad antes referida.<\/p>\n<p>\u00bfCu\u00e1les fueron las delegaciones m\u00e1s incomodadas por el texto inicial propuesto por Rep\u00fablica Dominicana, pero no menos influyentes a la hora de revisarlo con los dem\u00e1s 34 delegados? \u00bfCu\u00e1les fueron las que segundaron sin mayor objeci\u00f3n\u00a0 la eliminaci\u00f3n de ciertos t\u00e9rminos, y las que la aceptaron con algun tipo de reserva? \u00bfCu\u00e1l habr\u00e1 sido la posici\u00f3n de Rep\u00fablica Dominicana durante ese intenso ir y venir de versiones del texto? \u00a0No se dej\u00f3 registro alguno de estas negociaciones, nada se dej\u00f3 entrever,\u00a0 y ser\u00eda muy oportuno que la diplomacia dominicana los recuperara.<\/p>\n<p>En efecto, es posible que asistamos a un ejercicio muy similar: esta vez con 33 delegaciones oficiales que se har\u00e1n presentes en el marco de la pr\u00f3xima cumbre de la CELAC (Comunidad\u00a0 de Estados de Am\u00e9rica Latina y del Caribe) a realizarse en el 2017 en Rep\u00fablica Dominicana.<\/p>\n<p>&#8212;&#8212;&#8212;&#8212;&#8212;&#8212;&#8212;&#8212;&#8212;&#8212;&#8212;&#8212;<br \/>\nDocumento 1<\/p>\n<p>Extractos del discurso (ver \u00a0<a href=\"https:\/\/es.scribd.com\/doc\/315625101\/Discurso-del-Presidente-de-la-Republica-Lic-Danilo-Medina-Ante-el-Acto-Inaugural-del-Cuadragesimo-Sexto-Periodo-Ordinario-de-Sesiones-de-la-Asamblea\"><strong>texto completo<\/strong><\/a> ) del Presidente de Rep\u00fablica Dominicana:<\/p>\n<p>\u00ab<em>Para que esta organizaci\u00f3n pueda jugar este papel tan vital en nuestro futuro, es necesario tambi\u00e9n que volvamos la vista con actitud reflexiva y autocr\u00edtica hacia el pasado de la propia OEA. Por eso, en nombre del pueblo dominicano y en el m\u00edo propio, les propongo a todos ustedes que durante este per\u00edodo ordinario de sesiones, se apruebe una resoluci\u00f3n de desagravio a la Rep\u00fablica Dominicana por el rol desempe\u00f1ado por la OEA durante la Revoluci\u00f3n de Abril de 1965.<\/p>\n<p>Como ustedes recordar\u00e1n, mi pa\u00eds sufri\u00f3 una invasi\u00f3n que en aquel momento fue legitimada por uno de los mecanismos de la OEA. Esta invasi\u00f3n abort\u00f3 el proceso democr\u00e1tico que se hab\u00eda iniciado con la elecci\u00f3n como Presidente de nuestro admirado lider, el profesor Juan Bosch, impidiendo as\u00ed el retorno al orden constitucional, leg\u00edtimamente establecido en el 1963.<\/p>\n<p>Volver a caminar por esta senda constitucional nos costar\u00eda a los dominicanos mucho tiempo, mucho esfuerzo y muchos sufrimientos. Esta nefasta violaci\u00f3n de la soberan\u00eda leg\u00edtima de los dominicanos, producida en 1965 caus\u00f3 muerte, dolor e indignaci\u00f3n en nuestro pueblo. Es una herida a\u00fan abierta para muchos y que solo podr\u00e1 sanar mediante el reconocimiento de lo sucedido por parte de la OEA y la petici\u00f3n de perd\u00f3n que merece nuestra ciudadan\u00eda.<\/p>\n<p>Nuestra Patria y nuestra democracia merecen este acto de dignidad, respeto y es mi obligaci\u00f3n, como Jefe de Estado, solicitar a esta asamblea saldar la deuda hist\u00f3rica con el pueblo dominicano<\/p>\n<p>Conocemos bien el contexto hist\u00f3rico en el que se dio la invasi\u00f3n. Eran los a\u00f1os de enfrentamiento entre bloques. Eran los a\u00f1os en los que las relaciones entre EEUU y Cuba eran pr\u00e1cticamente de guerra. Eran los a\u00f1os en los que el conflicto interno de Colombia apenas comenzaba.<\/p>\n<p>Esa es una triste p\u00e1gina de la historia que hoy, todos juntos, estamos cerca de pasar porque con di\u00e1logo, con paciencia y con la verdad por delante estamos cerrando viejas heridas de nuestro continente.<\/p>\n<p>Eso es, precisamente, lo que queremos los dominicanos. Curar, cerrar ciertas heridas, dar paz al doloroso recuerdo de nuestros mayores, abrir nuevos caminos de esperanza a las nuevas generaciones. Tengo el convencimiento de que este es el mejor momento, el m\u00e1s apropiado lugar para llevar a cabo este acto de justicia, verdad y reconciliaci\u00f3n.<\/p>\n<p>Estamos seguros que la Organizaci\u00f3n de Estados Americanos esta en las mejores condiciones para asumir esa responsabilidad<\/em>\u00ab.<\/p>\n<p>&#8212;&#8212;&#8212;&#8212;&#8212;&#8212;&#8212;&#8212;&#8211;<\/p>\n<p>Documento 2<\/p>\n<p><em>TEXTO DE DECLARACI\u00d3N SOBRE REP\u00daBLICA DOMINICANA<\/p>\n<p>(Acordado por la Comisi\u00f3n General el 15 de junio de 2016 y se eleva para la consideraci\u00f3n de la Plenaria)<\/p>\n<p>RECONOCIENDO que los acontecimientos de abril de 1965, que produjeron perturbaci\u00f3n y luto, adem\u00e1s de indignaci\u00f3n, son todav\u00eda una fuente de desasosiego para el pueblo dominicano; y<\/p>\n<p>REAFIRMANDO los principios de no intervenci\u00f3n y del respeto a la soberan\u00eda consagrados en la Carta de la Organizaci\u00f3n de los Estados Americanos (OEA).<\/p>\n<p>DECLARA:<\/p>\n<p>1. Lamentar la p\u00e9rdida de vidas humanas y expresar al pueblo dominicano las condolencias de la Organizaci\u00f3n.<\/p>\n<p>2. Desagraviar al pueblo dominicano por las acciones de abril de 1965 que interrumpieron el proceso de restablecimeinto del orden constitucional en la Rep\u00fablica Dominicana.<\/p>\n<p>3. Reafirmar los principios del derecho internacional, de la Carta de las Naciones Unidas y de la Carta de la OEA.<\/em><em>\u00a0<\/em><\/p>\n<p><em>(*) Profesor de Derecho Internacional P\u00fablico, Facultad de Derecho, Universidad de Costa Rica (UCR)<\/em><\/p>\n","protected":false},"excerpt":{"rendered":"<p>Por Nicol\u00e1s Boeglin * Durante la sesi\u00f3n de \u00a0inauguraci\u00f3n de la Asamblea General de la Organizaci\u00f3n de Estados Americanos realizada el pasado Lunes 13 de junio del 2016, en Santo Domingo, el Presidente Danilo Medina de Rep\u00fablica Dominicana sorprendi\u00f3 a&hellip;<\/p>\n","protected":false},"author":1300,"featured_media":333374,"comment_status":"closed","ping_status":"closed","sticky":false,"template":"","format":"standard","meta":{"footnotes":""},"categories":[69,76,11389,68,161,74],"tags":[21527,19640,11069,5286,21033],"class_list":["post-333358","post","type-post","status-publish","format-standard","has-post-thumbnail","hentry","category-america-central","category-relaciones-exteriores","category-contenido-original","category-norteamerica","category-opiniones","category-politica-es","tag-declaracion","tag-diplomacia","tag-ocupacion","tag-oea","tag-republica-dominicana"],"yoast_head":"<!-- This site is optimized with the Yoast SEO plugin v27.1.1 - https:\/\/yoast.com\/product\/yoast-seo-wordpress\/ -->\n<title>OEA: apuntes sobre el \u201cdesagravio\u201d a Rep\u00fablica Dominicana<\/title>\n<meta name=\"description\" content=\"Por Nicol\u00e1s Boeglin * Durante la sesi\u00f3n de \u00a0inauguraci\u00f3n de la Asamblea General de la Organizaci\u00f3n de Estados Americanos realizada el pasado Lunes 13 de\" \/>\n<meta name=\"robots\" content=\"index, follow, max-snippet:-1, max-image-preview:large, max-video-preview:-1\" \/>\n<link rel=\"canonical\" href=\"https:\/\/www.pressenza.com\/es\/2016\/06\/oea-apuntes-sobre-el-desagravio-a-republica-dominicana\/\" \/>\n<meta property=\"og:locale\" content=\"es_ES\" \/>\n<meta property=\"og:type\" content=\"article\" \/>\n<meta property=\"og:title\" content=\"OEA: apuntes sobre el \u201cdesagravio\u201d a Rep\u00fablica Dominicana\" \/>\n<meta property=\"og:description\" content=\"Por Nicol\u00e1s Boeglin * Durante la sesi\u00f3n de \u00a0inauguraci\u00f3n de la Asamblea General de la Organizaci\u00f3n de Estados Americanos realizada el pasado Lunes 13 de\" \/>\n<meta property=\"og:url\" content=\"https:\/\/www.pressenza.com\/es\/2016\/06\/oea-apuntes-sobre-el-desagravio-a-republica-dominicana\/\" \/>\n<meta property=\"og:site_name\" content=\"Pressenza\" \/>\n<meta property=\"article:publisher\" content=\"https:\/\/www.facebook.com\/PressenzaItalia\" \/>\n<meta property=\"article:published_time\" content=\"2016-06-25T00:58:04+00:00\" \/>\n<meta property=\"og:image\" content=\"https:\/\/www.pressenza.com\/wp-content\/uploads\/2016\/06\/27379529140_68c9209f07_k.jpg\" \/>\n\t<meta property=\"og:image:width\" content=\"2048\" \/>\n\t<meta property=\"og:image:height\" content=\"1638\" \/>\n\t<meta property=\"og:image:type\" content=\"image\/jpeg\" \/>\n<meta name=\"author\" content=\"Redacci\u00f3n M\u00e9xico\" \/>\n<meta name=\"twitter:card\" content=\"summary_large_image\" \/>\n<meta name=\"twitter:creator\" content=\"@PressenzaIPA\" \/>\n<meta name=\"twitter:site\" content=\"@PressenzaIPA\" \/>\n<meta name=\"twitter:label1\" content=\"Escrito por\" \/>\n\t<meta name=\"twitter:data1\" content=\"Redacci\u00f3n M\u00e9xico\" \/>\n\t<meta name=\"twitter:label2\" content=\"Tiempo de lectura\" \/>\n\t<meta name=\"twitter:data2\" content=\"13 minutos\" \/>\n<script type=\"application\/ld+json\" class=\"yoast-schema-graph\">{\"@context\":\"https:\/\/schema.org\",\"@graph\":[{\"@type\":\"Article\",\"@id\":\"https:\/\/www.pressenza.com\/es\/2016\/06\/oea-apuntes-sobre-el-desagravio-a-republica-dominicana\/#article\",\"isPartOf\":{\"@id\":\"https:\/\/www.pressenza.com\/es\/2016\/06\/oea-apuntes-sobre-el-desagravio-a-republica-dominicana\/\"},\"author\":{\"name\":\"Redacci\u00f3n M\u00e9xico\",\"@id\":\"https:\/\/www.pressenza.com\/es\/#\/schema\/person\/ea3a5d108f4abbf76bec1ad953cf74f4\"},\"headline\":\"OEA: apuntes sobre el \u201cdesagravio\u201d a Rep\u00fablica Dominicana\",\"datePublished\":\"2016-06-25T00:58:04+00:00\",\"mainEntityOfPage\":{\"@id\":\"https:\/\/www.pressenza.com\/es\/2016\/06\/oea-apuntes-sobre-el-desagravio-a-republica-dominicana\/\"},\"wordCount\":2660,\"publisher\":{\"@id\":\"https:\/\/www.pressenza.com\/es\/#organization\"},\"image\":{\"@id\":\"https:\/\/www.pressenza.com\/es\/2016\/06\/oea-apuntes-sobre-el-desagravio-a-republica-dominicana\/#primaryimage\"},\"thumbnailUrl\":\"https:\/\/www.pressenza.com\/wp-content\/uploads\/2016\/06\/27379529140_68c9209f07_k.jpg\",\"keywords\":[\"Declaraci\u00f3n\",\"diplomacia\",\"ocupacion\",\"OEA\",\"Rep\u00fablica Dominicana\"],\"articleSection\":[\"Am\u00e9rica Central\",\"Asuntos internacionales\",\"Contenido Original\",\"Norteam\u00e9rica\",\"Opiniones\",\"Pol\u00edtica\"],\"inLanguage\":\"es\"},{\"@type\":\"WebPage\",\"@id\":\"https:\/\/www.pressenza.com\/es\/2016\/06\/oea-apuntes-sobre-el-desagravio-a-republica-dominicana\/\",\"url\":\"https:\/\/www.pressenza.com\/es\/2016\/06\/oea-apuntes-sobre-el-desagravio-a-republica-dominicana\/\",\"name\":\"OEA: apuntes sobre el \u201cdesagravio\u201d a Rep\u00fablica Dominicana\",\"isPartOf\":{\"@id\":\"https:\/\/www.pressenza.com\/es\/#website\"},\"primaryImageOfPage\":{\"@id\":\"https:\/\/www.pressenza.com\/es\/2016\/06\/oea-apuntes-sobre-el-desagravio-a-republica-dominicana\/#primaryimage\"},\"image\":{\"@id\":\"https:\/\/www.pressenza.com\/es\/2016\/06\/oea-apuntes-sobre-el-desagravio-a-republica-dominicana\/#primaryimage\"},\"thumbnailUrl\":\"https:\/\/www.pressenza.com\/wp-content\/uploads\/2016\/06\/27379529140_68c9209f07_k.jpg\",\"datePublished\":\"2016-06-25T00:58:04+00:00\",\"description\":\"Por Nicol\u00e1s Boeglin * Durante la sesi\u00f3n de \u00a0inauguraci\u00f3n de la Asamblea General de la Organizaci\u00f3n de Estados Americanos realizada el pasado Lunes 13 de\",\"breadcrumb\":{\"@id\":\"https:\/\/www.pressenza.com\/es\/2016\/06\/oea-apuntes-sobre-el-desagravio-a-republica-dominicana\/#breadcrumb\"},\"inLanguage\":\"es\",\"potentialAction\":[{\"@type\":\"ReadAction\",\"target\":[\"https:\/\/www.pressenza.com\/es\/2016\/06\/oea-apuntes-sobre-el-desagravio-a-republica-dominicana\/\"]}]},{\"@type\":\"ImageObject\",\"inLanguage\":\"es\",\"@id\":\"https:\/\/www.pressenza.com\/es\/2016\/06\/oea-apuntes-sobre-el-desagravio-a-republica-dominicana\/#primaryimage\",\"url\":\"https:\/\/www.pressenza.com\/wp-content\/uploads\/2016\/06\/27379529140_68c9209f07_k.jpg\",\"contentUrl\":\"https:\/\/www.pressenza.com\/wp-content\/uploads\/2016\/06\/27379529140_68c9209f07_k.jpg\",\"width\":2048,\"height\":1638},{\"@type\":\"BreadcrumbList\",\"@id\":\"https:\/\/www.pressenza.com\/es\/2016\/06\/oea-apuntes-sobre-el-desagravio-a-republica-dominicana\/#breadcrumb\",\"itemListElement\":[{\"@type\":\"ListItem\",\"position\":1,\"name\":\"Accueil\",\"item\":\"https:\/\/www.pressenza.com\/es\/\"},{\"@type\":\"ListItem\",\"position\":2,\"name\":\"OEA: apuntes sobre el \u201cdesagravio\u201d a Rep\u00fablica Dominicana\"}]},{\"@type\":\"WebSite\",\"@id\":\"https:\/\/www.pressenza.com\/es\/#website\",\"url\":\"https:\/\/www.pressenza.com\/es\/\",\"name\":\"Pressenza\",\"description\":\"International Press Agency\",\"publisher\":{\"@id\":\"https:\/\/www.pressenza.com\/es\/#organization\"},\"potentialAction\":[{\"@type\":\"SearchAction\",\"target\":{\"@type\":\"EntryPoint\",\"urlTemplate\":\"https:\/\/www.pressenza.com\/es\/?s={search_term_string}\"},\"query-input\":{\"@type\":\"PropertyValueSpecification\",\"valueRequired\":true,\"valueName\":\"search_term_string\"}}],\"inLanguage\":\"es\"},{\"@type\":\"Organization\",\"@id\":\"https:\/\/www.pressenza.com\/es\/#organization\",\"name\":\"Pressenza\",\"url\":\"https:\/\/www.pressenza.com\/es\/\",\"logo\":{\"@type\":\"ImageObject\",\"inLanguage\":\"es\",\"@id\":\"https:\/\/www.pressenza.com\/es\/#\/schema\/logo\/image\/\",\"url\":\"https:\/\/www.pressenza.com\/wp-content\/uploads\/2022\/10\/pressenza_logo_200x200.jpg\",\"contentUrl\":\"https:\/\/www.pressenza.com\/wp-content\/uploads\/2022\/10\/pressenza_logo_200x200.jpg\",\"width\":200,\"height\":200,\"caption\":\"Pressenza\"},\"image\":{\"@id\":\"https:\/\/www.pressenza.com\/es\/#\/schema\/logo\/image\/\"},\"sameAs\":[\"https:\/\/www.facebook.com\/PressenzaItalia\",\"https:\/\/x.com\/PressenzaIPA\"]},{\"@type\":\"Person\",\"@id\":\"https:\/\/www.pressenza.com\/es\/#\/schema\/person\/ea3a5d108f4abbf76bec1ad953cf74f4\",\"name\":\"Redacci\u00f3n M\u00e9xico\",\"description\":\"News published by the Pressenza Bureau in Mexico\",\"url\":\"https:\/\/www.pressenza.com\/es\/author\/redaccion-mexico\/\"}]}<\/script>\n<!-- \/ Yoast SEO plugin. -->","yoast_head_json":{"title":"OEA: apuntes sobre el \u201cdesagravio\u201d a Rep\u00fablica Dominicana","description":"Por Nicol\u00e1s Boeglin * Durante la sesi\u00f3n de \u00a0inauguraci\u00f3n de la Asamblea General de la Organizaci\u00f3n de Estados Americanos realizada el pasado Lunes 13 de","robots":{"index":"index","follow":"follow","max-snippet":"max-snippet:-1","max-image-preview":"max-image-preview:large","max-video-preview":"max-video-preview:-1"},"canonical":"https:\/\/www.pressenza.com\/es\/2016\/06\/oea-apuntes-sobre-el-desagravio-a-republica-dominicana\/","og_locale":"es_ES","og_type":"article","og_title":"OEA: apuntes sobre el \u201cdesagravio\u201d a Rep\u00fablica Dominicana","og_description":"Por Nicol\u00e1s Boeglin * Durante la sesi\u00f3n de \u00a0inauguraci\u00f3n de la Asamblea General de la Organizaci\u00f3n de Estados Americanos realizada el pasado Lunes 13 de","og_url":"https:\/\/www.pressenza.com\/es\/2016\/06\/oea-apuntes-sobre-el-desagravio-a-republica-dominicana\/","og_site_name":"Pressenza","article_publisher":"https:\/\/www.facebook.com\/PressenzaItalia","article_published_time":"2016-06-25T00:58:04+00:00","og_image":[{"width":2048,"height":1638,"url":"https:\/\/www.pressenza.com\/wp-content\/uploads\/2016\/06\/27379529140_68c9209f07_k.jpg","type":"image\/jpeg"}],"author":"Redacci\u00f3n M\u00e9xico","twitter_card":"summary_large_image","twitter_creator":"@PressenzaIPA","twitter_site":"@PressenzaIPA","twitter_misc":{"Escrito por":"Redacci\u00f3n M\u00e9xico","Tiempo de lectura":"13 minutos"},"schema":{"@context":"https:\/\/schema.org","@graph":[{"@type":"Article","@id":"https:\/\/www.pressenza.com\/es\/2016\/06\/oea-apuntes-sobre-el-desagravio-a-republica-dominicana\/#article","isPartOf":{"@id":"https:\/\/www.pressenza.com\/es\/2016\/06\/oea-apuntes-sobre-el-desagravio-a-republica-dominicana\/"},"author":{"name":"Redacci\u00f3n M\u00e9xico","@id":"https:\/\/www.pressenza.com\/es\/#\/schema\/person\/ea3a5d108f4abbf76bec1ad953cf74f4"},"headline":"OEA: apuntes sobre el \u201cdesagravio\u201d a Rep\u00fablica Dominicana","datePublished":"2016-06-25T00:58:04+00:00","mainEntityOfPage":{"@id":"https:\/\/www.pressenza.com\/es\/2016\/06\/oea-apuntes-sobre-el-desagravio-a-republica-dominicana\/"},"wordCount":2660,"publisher":{"@id":"https:\/\/www.pressenza.com\/es\/#organization"},"image":{"@id":"https:\/\/www.pressenza.com\/es\/2016\/06\/oea-apuntes-sobre-el-desagravio-a-republica-dominicana\/#primaryimage"},"thumbnailUrl":"https:\/\/www.pressenza.com\/wp-content\/uploads\/2016\/06\/27379529140_68c9209f07_k.jpg","keywords":["Declaraci\u00f3n","diplomacia","ocupacion","OEA","Rep\u00fablica Dominicana"],"articleSection":["Am\u00e9rica Central","Asuntos internacionales","Contenido Original","Norteam\u00e9rica","Opiniones","Pol\u00edtica"],"inLanguage":"es"},{"@type":"WebPage","@id":"https:\/\/www.pressenza.com\/es\/2016\/06\/oea-apuntes-sobre-el-desagravio-a-republica-dominicana\/","url":"https:\/\/www.pressenza.com\/es\/2016\/06\/oea-apuntes-sobre-el-desagravio-a-republica-dominicana\/","name":"OEA: apuntes sobre el \u201cdesagravio\u201d a Rep\u00fablica Dominicana","isPartOf":{"@id":"https:\/\/www.pressenza.com\/es\/#website"},"primaryImageOfPage":{"@id":"https:\/\/www.pressenza.com\/es\/2016\/06\/oea-apuntes-sobre-el-desagravio-a-republica-dominicana\/#primaryimage"},"image":{"@id":"https:\/\/www.pressenza.com\/es\/2016\/06\/oea-apuntes-sobre-el-desagravio-a-republica-dominicana\/#primaryimage"},"thumbnailUrl":"https:\/\/www.pressenza.com\/wp-content\/uploads\/2016\/06\/27379529140_68c9209f07_k.jpg","datePublished":"2016-06-25T00:58:04+00:00","description":"Por Nicol\u00e1s Boeglin * Durante la sesi\u00f3n de \u00a0inauguraci\u00f3n de la Asamblea General de la Organizaci\u00f3n de Estados Americanos realizada el pasado Lunes 13 de","breadcrumb":{"@id":"https:\/\/www.pressenza.com\/es\/2016\/06\/oea-apuntes-sobre-el-desagravio-a-republica-dominicana\/#breadcrumb"},"inLanguage":"es","potentialAction":[{"@type":"ReadAction","target":["https:\/\/www.pressenza.com\/es\/2016\/06\/oea-apuntes-sobre-el-desagravio-a-republica-dominicana\/"]}]},{"@type":"ImageObject","inLanguage":"es","@id":"https:\/\/www.pressenza.com\/es\/2016\/06\/oea-apuntes-sobre-el-desagravio-a-republica-dominicana\/#primaryimage","url":"https:\/\/www.pressenza.com\/wp-content\/uploads\/2016\/06\/27379529140_68c9209f07_k.jpg","contentUrl":"https:\/\/www.pressenza.com\/wp-content\/uploads\/2016\/06\/27379529140_68c9209f07_k.jpg","width":2048,"height":1638},{"@type":"BreadcrumbList","@id":"https:\/\/www.pressenza.com\/es\/2016\/06\/oea-apuntes-sobre-el-desagravio-a-republica-dominicana\/#breadcrumb","itemListElement":[{"@type":"ListItem","position":1,"name":"Accueil","item":"https:\/\/www.pressenza.com\/es\/"},{"@type":"ListItem","position":2,"name":"OEA: apuntes sobre el \u201cdesagravio\u201d a Rep\u00fablica Dominicana"}]},{"@type":"WebSite","@id":"https:\/\/www.pressenza.com\/es\/#website","url":"https:\/\/www.pressenza.com\/es\/","name":"Pressenza","description":"International Press Agency","publisher":{"@id":"https:\/\/www.pressenza.com\/es\/#organization"},"potentialAction":[{"@type":"SearchAction","target":{"@type":"EntryPoint","urlTemplate":"https:\/\/www.pressenza.com\/es\/?s={search_term_string}"},"query-input":{"@type":"PropertyValueSpecification","valueRequired":true,"valueName":"search_term_string"}}],"inLanguage":"es"},{"@type":"Organization","@id":"https:\/\/www.pressenza.com\/es\/#organization","name":"Pressenza","url":"https:\/\/www.pressenza.com\/es\/","logo":{"@type":"ImageObject","inLanguage":"es","@id":"https:\/\/www.pressenza.com\/es\/#\/schema\/logo\/image\/","url":"https:\/\/www.pressenza.com\/wp-content\/uploads\/2022\/10\/pressenza_logo_200x200.jpg","contentUrl":"https:\/\/www.pressenza.com\/wp-content\/uploads\/2022\/10\/pressenza_logo_200x200.jpg","width":200,"height":200,"caption":"Pressenza"},"image":{"@id":"https:\/\/www.pressenza.com\/es\/#\/schema\/logo\/image\/"},"sameAs":["https:\/\/www.facebook.com\/PressenzaItalia","https:\/\/x.com\/PressenzaIPA"]},{"@type":"Person","@id":"https:\/\/www.pressenza.com\/es\/#\/schema\/person\/ea3a5d108f4abbf76bec1ad953cf74f4","name":"Redacci\u00f3n M\u00e9xico","description":"News published by the Pressenza Bureau in Mexico","url":"https:\/\/www.pressenza.com\/es\/author\/redaccion-mexico\/"}]}},"place":"San Jos\u00e9, Costa Rica","original_article_url":"","_links":{"self":[{"href":"https:\/\/www.pressenza.com\/es\/wp-json\/wp\/v2\/posts\/333358","targetHints":{"allow":["GET"]}}],"collection":[{"href":"https:\/\/www.pressenza.com\/es\/wp-json\/wp\/v2\/posts"}],"about":[{"href":"https:\/\/www.pressenza.com\/es\/wp-json\/wp\/v2\/types\/post"}],"author":[{"embeddable":true,"href":"https:\/\/www.pressenza.com\/es\/wp-json\/wp\/v2\/users\/1300"}],"replies":[{"embeddable":true,"href":"https:\/\/www.pressenza.com\/es\/wp-json\/wp\/v2\/comments?post=333358"}],"version-history":[{"count":0,"href":"https:\/\/www.pressenza.com\/es\/wp-json\/wp\/v2\/posts\/333358\/revisions"}],"wp:featuredmedia":[{"embeddable":true,"href":"https:\/\/www.pressenza.com\/es\/wp-json\/wp\/v2\/media\/333374"}],"wp:attachment":[{"href":"https:\/\/www.pressenza.com\/es\/wp-json\/wp\/v2\/media?parent=333358"}],"wp:term":[{"taxonomy":"category","embeddable":true,"href":"https:\/\/www.pressenza.com\/es\/wp-json\/wp\/v2\/categories?post=333358"},{"taxonomy":"post_tag","embeddable":true,"href":"https:\/\/www.pressenza.com\/es\/wp-json\/wp\/v2\/tags?post=333358"}],"curies":[{"name":"wp","href":"https:\/\/api.w.org\/{rel}","templated":true}]}}