{"id":333263,"date":"2016-06-24T16:16:03","date_gmt":"2016-06-24T15:16:03","guid":{"rendered":"http:\/\/www.pressenza.com\/es\/?p=333263"},"modified":"2016-06-24T16:16:03","modified_gmt":"2016-06-24T15:16:03","slug":"la-deshumanizacion-la-informacion-una-nueva-mirada","status":"publish","type":"post","link":"https:\/\/www.pressenza.com\/es\/2016\/06\/la-deshumanizacion-la-informacion-una-nueva-mirada\/","title":{"rendered":"La deshumanizaci\u00f3n de la informaci\u00f3n y una nueva mirada"},"content":{"rendered":"<p>Hace unos d\u00edas &#8211; el 8 de junio- tuvo lugar en Madrid, una charla-coloquio sobre la actual deshumanizaci\u00f3n de la informaci\u00f3n y la necesidad de una nueva mirada, organizada por Pressenza con el apoyo de la Biblioteca P\u00fablica \u00c0ngel Gonz\u00e1lez.<\/p>\n<p>&nbsp;<\/p>\n<p><strong>V\u00eddeo y foto: Juan Carlos Mar\u00edn y Pepi Mu\u00f1oz<\/strong><\/p>\n<p>La charla estuvo a cargo de nuestro colaborador Baher Kamal, quien habl\u00f3 de la citada deshumanizaci\u00f3n, poniendo especial \u00e9nfasis en el tema del trato que reciben en este momento los refugiados en Europa.<\/p>\n<p>Ante esta situaci\u00f3n, P\u00eda Figueroa, escritora chilena y co-directora de esta agencia, explic\u00f3 la necesidad una nueva mirada posibilitadora, no violenta, sobre tanta barbarie, lo que da origen del nacimiento de Pressenza. Una agencia que trabaja desde una visi\u00f3n de paz y no violencia y que no s\u00f3lo es testigo sino tambi\u00e9n constructor de una nueva realidad, participando activamente de diferentes acciones, posicion\u00e1ndose ante las mismas&#8230; e incluso \u00abconstruyendo pensamiento\u00bb, en palabras de Figueroa.<\/p>\n<p>Finalmente, J. P\u00e9rez present\u00f3 el libro de esta Agencia en castellano \u00abLa crisis global. Consecuencias y oportunidades\u00bb. Se trata del segundo volumen, en el cual pueden encontrarse art\u00edculos y entrevistas de treinta y tres autores diferentes, sobre tem\u00e1ticas diversas.<\/p>\n<p>Aqu\u00ed, el v\u00eddeo con las intervenciones.<\/p>\n<p><iframe loading=\"lazy\" title=\"La Deshumanizacio\u0301n de la Informacio\u0301n y la Necesidad de una Nueva Mirada\" width=\"500\" height=\"281\" src=\"https:\/\/www.youtube.com\/embed\/m4l0cs9z7Bk?feature=oembed\" frameborder=\"0\" allow=\"accelerometer; autoplay; clipboard-write; encrypted-media; gyroscope; picture-in-picture; web-share\" referrerpolicy=\"strict-origin-when-cross-origin\" allowfullscreen><\/iframe><\/p>\n<p>&nbsp;<\/p>\n<p>&nbsp;<\/p>\n<p>&nbsp;<\/p>\n","protected":false},"excerpt":{"rendered":"<p>Hace unos d\u00edas &#8211; el 8 de junio- tuvo lugar en Madrid, una charla-coloquio sobre la actual deshumanizaci\u00f3n de la informaci\u00f3n y la necesidad de una nueva mirada, organizada por Pressenza con el apoyo de la Biblioteca P\u00fablica \u00c0ngel Gonz\u00e1lez.&hellip;<\/p>\n","protected":false},"author":188,"featured_media":333274,"comment_status":"closed","ping_status":"closed","sticky":false,"template":"","format":"standard","meta":{"footnotes":""},"categories":[11389,75,1240,39,25678],"tags":[28255,28256,1667],"class_list":["post-333263","post","type-post","status-publish","format-standard","has-post-thumbnail","hentry","category-contenido-original","category-cultura-es","category-humanismo-espiritualidad","category-internacional","category-video-es","tag-deshumanizacion","tag-paz-y-no-violencia","tag-pressenza-es"],"yoast_head":"<!-- This site is optimized with the Yoast SEO plugin v27.1.1 - https:\/\/yoast.com\/product\/yoast-seo-wordpress\/ -->\n<title>La deshumanizaci\u00f3n de la informaci\u00f3n y una nueva mirada<\/title>\n<meta name=\"description\" content=\"Hace unos d\u00edas - el 8 de junio- tuvo lugar en Madrid, una charla-coloquio sobre la actual deshumanizaci\u00f3n de la informaci\u00f3n y la necesidad de una nueva\" \/>\n<meta name=\"robots\" content=\"index, follow, max-snippet:-1, max-image-preview:large, max-video-preview:-1\" \/>\n<link rel=\"canonical\" href=\"https:\/\/www.pressenza.com\/es\/2016\/06\/la-deshumanizacion-la-informacion-una-nueva-mirada\/\" \/>\n<meta property=\"og:locale\" content=\"es_ES\" \/>\n<meta property=\"og:type\" content=\"article\" \/>\n<meta property=\"og:title\" content=\"La deshumanizaci\u00f3n de la informaci\u00f3n y una nueva mirada\" \/>\n<meta property=\"og:description\" content=\"Hace unos d\u00edas - el 8 de junio- tuvo lugar en Madrid, una charla-coloquio sobre la actual deshumanizaci\u00f3n de la informaci\u00f3n y la necesidad de una nueva\" \/>\n<meta property=\"og:url\" content=\"https:\/\/www.pressenza.com\/es\/2016\/06\/la-deshumanizacion-la-informacion-una-nueva-mirada\/\" \/>\n<meta property=\"og:site_name\" content=\"Pressenza\" \/>\n<meta property=\"article:publisher\" content=\"https:\/\/www.facebook.com\/PressenzaItalia\" \/>\n<meta property=\"article:published_time\" content=\"2016-06-24T15:16:03+00:00\" \/>\n<meta property=\"og:image\" content=\"https:\/\/www.pressenza.com\/wp-content\/uploads\/2016\/06\/La-Deshumanizacion-de-la-Informacion-articulo.jpg\" \/>\n\t<meta property=\"og:image:width\" content=\"1360\" \/>\n\t<meta property=\"og:image:height\" content=\"672\" \/>\n\t<meta property=\"og:image:type\" content=\"image\/jpeg\" \/>\n<meta name=\"author\" content=\"Gabriela Amaya\" \/>\n<meta name=\"twitter:card\" content=\"summary_large_image\" \/>\n<meta name=\"twitter:creator\" content=\"@PressenzaIPA\" \/>\n<meta name=\"twitter:site\" content=\"@PressenzaIPA\" \/>\n<meta name=\"twitter:label1\" content=\"Escrito por\" \/>\n\t<meta name=\"twitter:data1\" content=\"Gabriela Amaya\" \/>\n\t<meta name=\"twitter:label2\" content=\"Tiempo de lectura\" \/>\n\t<meta name=\"twitter:data2\" content=\"1 minuto\" \/>\n<script type=\"application\/ld+json\" class=\"yoast-schema-graph\">{\"@context\":\"https:\/\/schema.org\",\"@graph\":[{\"@type\":\"Article\",\"@id\":\"https:\/\/www.pressenza.com\/es\/2016\/06\/la-deshumanizacion-la-informacion-una-nueva-mirada\/#article\",\"isPartOf\":{\"@id\":\"https:\/\/www.pressenza.com\/es\/2016\/06\/la-deshumanizacion-la-informacion-una-nueva-mirada\/\"},\"author\":{\"name\":\"Gabriela Amaya\",\"@id\":\"https:\/\/www.pressenza.com\/es\/#\/schema\/person\/725d47ccbea4c7854f7dd4011b6670b9\"},\"headline\":\"La deshumanizaci\u00f3n de la informaci\u00f3n y una nueva mirada\",\"datePublished\":\"2016-06-24T15:16:03+00:00\",\"mainEntityOfPage\":{\"@id\":\"https:\/\/www.pressenza.com\/es\/2016\/06\/la-deshumanizacion-la-informacion-una-nueva-mirada\/\"},\"wordCount\":242,\"publisher\":{\"@id\":\"https:\/\/www.pressenza.com\/es\/#organization\"},\"image\":{\"@id\":\"https:\/\/www.pressenza.com\/es\/2016\/06\/la-deshumanizacion-la-informacion-una-nueva-mirada\/#primaryimage\"},\"thumbnailUrl\":\"https:\/\/www.pressenza.com\/wp-content\/uploads\/2016\/06\/La-Deshumanizacion-de-la-Informacion-articulo.jpg\",\"keywords\":[\"Deshumanizaci\u00f3n\",\"paz y no violencia\",\"Pressenza\"],\"articleSection\":[\"Contenido Original\",\"Cultura y Medios\",\"Humanismo y Espiritualidad\",\"Internacional\",\"Video\"],\"inLanguage\":\"es\"},{\"@type\":\"WebPage\",\"@id\":\"https:\/\/www.pressenza.com\/es\/2016\/06\/la-deshumanizacion-la-informacion-una-nueva-mirada\/\",\"url\":\"https:\/\/www.pressenza.com\/es\/2016\/06\/la-deshumanizacion-la-informacion-una-nueva-mirada\/\",\"name\":\"La deshumanizaci\u00f3n de la informaci\u00f3n y una nueva mirada\",\"isPartOf\":{\"@id\":\"https:\/\/www.pressenza.com\/es\/#website\"},\"primaryImageOfPage\":{\"@id\":\"https:\/\/www.pressenza.com\/es\/2016\/06\/la-deshumanizacion-la-informacion-una-nueva-mirada\/#primaryimage\"},\"image\":{\"@id\":\"https:\/\/www.pressenza.com\/es\/2016\/06\/la-deshumanizacion-la-informacion-una-nueva-mirada\/#primaryimage\"},\"thumbnailUrl\":\"https:\/\/www.pressenza.com\/wp-content\/uploads\/2016\/06\/La-Deshumanizacion-de-la-Informacion-articulo.jpg\",\"datePublished\":\"2016-06-24T15:16:03+00:00\",\"description\":\"Hace unos d\u00edas - el 8 de junio- tuvo lugar en Madrid, una charla-coloquio sobre la actual deshumanizaci\u00f3n de la informaci\u00f3n y la necesidad de una nueva\",\"breadcrumb\":{\"@id\":\"https:\/\/www.pressenza.com\/es\/2016\/06\/la-deshumanizacion-la-informacion-una-nueva-mirada\/#breadcrumb\"},\"inLanguage\":\"es\",\"potentialAction\":[{\"@type\":\"ReadAction\",\"target\":[\"https:\/\/www.pressenza.com\/es\/2016\/06\/la-deshumanizacion-la-informacion-una-nueva-mirada\/\"]}]},{\"@type\":\"ImageObject\",\"inLanguage\":\"es\",\"@id\":\"https:\/\/www.pressenza.com\/es\/2016\/06\/la-deshumanizacion-la-informacion-una-nueva-mirada\/#primaryimage\",\"url\":\"https:\/\/www.pressenza.com\/wp-content\/uploads\/2016\/06\/La-Deshumanizacion-de-la-Informacion-articulo.jpg\",\"contentUrl\":\"https:\/\/www.pressenza.com\/wp-content\/uploads\/2016\/06\/La-Deshumanizacion-de-la-Informacion-articulo.jpg\",\"width\":1360,\"height\":672},{\"@type\":\"BreadcrumbList\",\"@id\":\"https:\/\/www.pressenza.com\/es\/2016\/06\/la-deshumanizacion-la-informacion-una-nueva-mirada\/#breadcrumb\",\"itemListElement\":[{\"@type\":\"ListItem\",\"position\":1,\"name\":\"Accueil\",\"item\":\"https:\/\/www.pressenza.com\/es\/\"},{\"@type\":\"ListItem\",\"position\":2,\"name\":\"La deshumanizaci\u00f3n de la informaci\u00f3n y una nueva mirada\"}]},{\"@type\":\"WebSite\",\"@id\":\"https:\/\/www.pressenza.com\/es\/#website\",\"url\":\"https:\/\/www.pressenza.com\/es\/\",\"name\":\"Pressenza\",\"description\":\"International Press Agency\",\"publisher\":{\"@id\":\"https:\/\/www.pressenza.com\/es\/#organization\"},\"potentialAction\":[{\"@type\":\"SearchAction\",\"target\":{\"@type\":\"EntryPoint\",\"urlTemplate\":\"https:\/\/www.pressenza.com\/es\/?s={search_term_string}\"},\"query-input\":{\"@type\":\"PropertyValueSpecification\",\"valueRequired\":true,\"valueName\":\"search_term_string\"}}],\"inLanguage\":\"es\"},{\"@type\":\"Organization\",\"@id\":\"https:\/\/www.pressenza.com\/es\/#organization\",\"name\":\"Pressenza\",\"url\":\"https:\/\/www.pressenza.com\/es\/\",\"logo\":{\"@type\":\"ImageObject\",\"inLanguage\":\"es\",\"@id\":\"https:\/\/www.pressenza.com\/es\/#\/schema\/logo\/image\/\",\"url\":\"https:\/\/www.pressenza.com\/wp-content\/uploads\/2022\/10\/pressenza_logo_200x200.jpg\",\"contentUrl\":\"https:\/\/www.pressenza.com\/wp-content\/uploads\/2022\/10\/pressenza_logo_200x200.jpg\",\"width\":200,\"height\":200,\"caption\":\"Pressenza\"},\"image\":{\"@id\":\"https:\/\/www.pressenza.com\/es\/#\/schema\/logo\/image\/\"},\"sameAs\":[\"https:\/\/www.facebook.com\/PressenzaItalia\",\"https:\/\/x.com\/PressenzaIPA\"]},{\"@type\":\"Person\",\"@id\":\"https:\/\/www.pressenza.com\/es\/#\/schema\/person\/725d47ccbea4c7854f7dd4011b6670b9\",\"name\":\"Gabriela Amaya\",\"description\":\"Editor in Spanish, Gabriel Amaya has worked in radio and written press and years ago decided to develop her journalistic work as a professional volunteer at the service of peace and nonviolence. She is also involved with different collectives and platforms which she supports with her journalism.\",\"url\":\"https:\/\/www.pressenza.com\/es\/author\/gabriela-amaya\/\"}]}<\/script>\n<!-- \/ Yoast SEO plugin. -->","yoast_head_json":{"title":"La deshumanizaci\u00f3n de la informaci\u00f3n y una nueva mirada","description":"Hace unos d\u00edas - el 8 de junio- tuvo lugar en Madrid, una charla-coloquio sobre la actual deshumanizaci\u00f3n de la informaci\u00f3n y la necesidad de una nueva","robots":{"index":"index","follow":"follow","max-snippet":"max-snippet:-1","max-image-preview":"max-image-preview:large","max-video-preview":"max-video-preview:-1"},"canonical":"https:\/\/www.pressenza.com\/es\/2016\/06\/la-deshumanizacion-la-informacion-una-nueva-mirada\/","og_locale":"es_ES","og_type":"article","og_title":"La deshumanizaci\u00f3n de la informaci\u00f3n y una nueva mirada","og_description":"Hace unos d\u00edas - el 8 de junio- tuvo lugar en Madrid, una charla-coloquio sobre la actual deshumanizaci\u00f3n de la informaci\u00f3n y la necesidad de una nueva","og_url":"https:\/\/www.pressenza.com\/es\/2016\/06\/la-deshumanizacion-la-informacion-una-nueva-mirada\/","og_site_name":"Pressenza","article_publisher":"https:\/\/www.facebook.com\/PressenzaItalia","article_published_time":"2016-06-24T15:16:03+00:00","og_image":[{"width":1360,"height":672,"url":"https:\/\/www.pressenza.com\/wp-content\/uploads\/2016\/06\/La-Deshumanizacion-de-la-Informacion-articulo.jpg","type":"image\/jpeg"}],"author":"Gabriela Amaya","twitter_card":"summary_large_image","twitter_creator":"@PressenzaIPA","twitter_site":"@PressenzaIPA","twitter_misc":{"Escrito por":"Gabriela Amaya","Tiempo de lectura":"1 minuto"},"schema":{"@context":"https:\/\/schema.org","@graph":[{"@type":"Article","@id":"https:\/\/www.pressenza.com\/es\/2016\/06\/la-deshumanizacion-la-informacion-una-nueva-mirada\/#article","isPartOf":{"@id":"https:\/\/www.pressenza.com\/es\/2016\/06\/la-deshumanizacion-la-informacion-una-nueva-mirada\/"},"author":{"name":"Gabriela Amaya","@id":"https:\/\/www.pressenza.com\/es\/#\/schema\/person\/725d47ccbea4c7854f7dd4011b6670b9"},"headline":"La deshumanizaci\u00f3n de la informaci\u00f3n y una nueva mirada","datePublished":"2016-06-24T15:16:03+00:00","mainEntityOfPage":{"@id":"https:\/\/www.pressenza.com\/es\/2016\/06\/la-deshumanizacion-la-informacion-una-nueva-mirada\/"},"wordCount":242,"publisher":{"@id":"https:\/\/www.pressenza.com\/es\/#organization"},"image":{"@id":"https:\/\/www.pressenza.com\/es\/2016\/06\/la-deshumanizacion-la-informacion-una-nueva-mirada\/#primaryimage"},"thumbnailUrl":"https:\/\/www.pressenza.com\/wp-content\/uploads\/2016\/06\/La-Deshumanizacion-de-la-Informacion-articulo.jpg","keywords":["Deshumanizaci\u00f3n","paz y no violencia","Pressenza"],"articleSection":["Contenido Original","Cultura y Medios","Humanismo y Espiritualidad","Internacional","Video"],"inLanguage":"es"},{"@type":"WebPage","@id":"https:\/\/www.pressenza.com\/es\/2016\/06\/la-deshumanizacion-la-informacion-una-nueva-mirada\/","url":"https:\/\/www.pressenza.com\/es\/2016\/06\/la-deshumanizacion-la-informacion-una-nueva-mirada\/","name":"La deshumanizaci\u00f3n de la informaci\u00f3n y una nueva mirada","isPartOf":{"@id":"https:\/\/www.pressenza.com\/es\/#website"},"primaryImageOfPage":{"@id":"https:\/\/www.pressenza.com\/es\/2016\/06\/la-deshumanizacion-la-informacion-una-nueva-mirada\/#primaryimage"},"image":{"@id":"https:\/\/www.pressenza.com\/es\/2016\/06\/la-deshumanizacion-la-informacion-una-nueva-mirada\/#primaryimage"},"thumbnailUrl":"https:\/\/www.pressenza.com\/wp-content\/uploads\/2016\/06\/La-Deshumanizacion-de-la-Informacion-articulo.jpg","datePublished":"2016-06-24T15:16:03+00:00","description":"Hace unos d\u00edas - el 8 de junio- tuvo lugar en Madrid, una charla-coloquio sobre la actual deshumanizaci\u00f3n de la informaci\u00f3n y la necesidad de una nueva","breadcrumb":{"@id":"https:\/\/www.pressenza.com\/es\/2016\/06\/la-deshumanizacion-la-informacion-una-nueva-mirada\/#breadcrumb"},"inLanguage":"es","potentialAction":[{"@type":"ReadAction","target":["https:\/\/www.pressenza.com\/es\/2016\/06\/la-deshumanizacion-la-informacion-una-nueva-mirada\/"]}]},{"@type":"ImageObject","inLanguage":"es","@id":"https:\/\/www.pressenza.com\/es\/2016\/06\/la-deshumanizacion-la-informacion-una-nueva-mirada\/#primaryimage","url":"https:\/\/www.pressenza.com\/wp-content\/uploads\/2016\/06\/La-Deshumanizacion-de-la-Informacion-articulo.jpg","contentUrl":"https:\/\/www.pressenza.com\/wp-content\/uploads\/2016\/06\/La-Deshumanizacion-de-la-Informacion-articulo.jpg","width":1360,"height":672},{"@type":"BreadcrumbList","@id":"https:\/\/www.pressenza.com\/es\/2016\/06\/la-deshumanizacion-la-informacion-una-nueva-mirada\/#breadcrumb","itemListElement":[{"@type":"ListItem","position":1,"name":"Accueil","item":"https:\/\/www.pressenza.com\/es\/"},{"@type":"ListItem","position":2,"name":"La deshumanizaci\u00f3n de la informaci\u00f3n y una nueva mirada"}]},{"@type":"WebSite","@id":"https:\/\/www.pressenza.com\/es\/#website","url":"https:\/\/www.pressenza.com\/es\/","name":"Pressenza","description":"International Press Agency","publisher":{"@id":"https:\/\/www.pressenza.com\/es\/#organization"},"potentialAction":[{"@type":"SearchAction","target":{"@type":"EntryPoint","urlTemplate":"https:\/\/www.pressenza.com\/es\/?s={search_term_string}"},"query-input":{"@type":"PropertyValueSpecification","valueRequired":true,"valueName":"search_term_string"}}],"inLanguage":"es"},{"@type":"Organization","@id":"https:\/\/www.pressenza.com\/es\/#organization","name":"Pressenza","url":"https:\/\/www.pressenza.com\/es\/","logo":{"@type":"ImageObject","inLanguage":"es","@id":"https:\/\/www.pressenza.com\/es\/#\/schema\/logo\/image\/","url":"https:\/\/www.pressenza.com\/wp-content\/uploads\/2022\/10\/pressenza_logo_200x200.jpg","contentUrl":"https:\/\/www.pressenza.com\/wp-content\/uploads\/2022\/10\/pressenza_logo_200x200.jpg","width":200,"height":200,"caption":"Pressenza"},"image":{"@id":"https:\/\/www.pressenza.com\/es\/#\/schema\/logo\/image\/"},"sameAs":["https:\/\/www.facebook.com\/PressenzaItalia","https:\/\/x.com\/PressenzaIPA"]},{"@type":"Person","@id":"https:\/\/www.pressenza.com\/es\/#\/schema\/person\/725d47ccbea4c7854f7dd4011b6670b9","name":"Gabriela Amaya","description":"Editor in Spanish, Gabriel Amaya has worked in radio and written press and years ago decided to develop her journalistic work as a professional volunteer at the service of peace and nonviolence. She is also involved with different collectives and platforms which she supports with her journalism.","url":"https:\/\/www.pressenza.com\/es\/author\/gabriela-amaya\/"}]}},"place":"Madrid (Espa\u00f1a)","original_article_url":"","_links":{"self":[{"href":"https:\/\/www.pressenza.com\/es\/wp-json\/wp\/v2\/posts\/333263","targetHints":{"allow":["GET"]}}],"collection":[{"href":"https:\/\/www.pressenza.com\/es\/wp-json\/wp\/v2\/posts"}],"about":[{"href":"https:\/\/www.pressenza.com\/es\/wp-json\/wp\/v2\/types\/post"}],"author":[{"embeddable":true,"href":"https:\/\/www.pressenza.com\/es\/wp-json\/wp\/v2\/users\/188"}],"replies":[{"embeddable":true,"href":"https:\/\/www.pressenza.com\/es\/wp-json\/wp\/v2\/comments?post=333263"}],"version-history":[{"count":0,"href":"https:\/\/www.pressenza.com\/es\/wp-json\/wp\/v2\/posts\/333263\/revisions"}],"wp:featuredmedia":[{"embeddable":true,"href":"https:\/\/www.pressenza.com\/es\/wp-json\/wp\/v2\/media\/333274"}],"wp:attachment":[{"href":"https:\/\/www.pressenza.com\/es\/wp-json\/wp\/v2\/media?parent=333263"}],"wp:term":[{"taxonomy":"category","embeddable":true,"href":"https:\/\/www.pressenza.com\/es\/wp-json\/wp\/v2\/categories?post=333263"},{"taxonomy":"post_tag","embeddable":true,"href":"https:\/\/www.pressenza.com\/es\/wp-json\/wp\/v2\/tags?post=333263"}],"curies":[{"name":"wp","href":"https:\/\/api.w.org\/{rel}","templated":true}]}}