{"id":333126,"date":"2016-06-24T04:44:43","date_gmt":"2016-06-24T03:44:43","guid":{"rendered":"http:\/\/www.pressenza.com\/es\/?p=333126"},"modified":"2016-06-24T04:44:43","modified_gmt":"2016-06-24T03:44:43","slug":"quito-ecuador-se-presentan-los-premios-latinoamerica-verde","status":"publish","type":"post","link":"https:\/\/www.pressenza.com\/es\/2016\/06\/quito-ecuador-se-presentan-los-premios-latinoamerica-verde\/","title":{"rendered":"En Quito-Ecuador, se presentan los premios Latinoam\u00e9rica Verde"},"content":{"rendered":"<p><em>Por Ana Gabriela Molina<\/em><\/p>\n<p>Con el inter\u00e9s de mantener y aumentar iniciativas en armon\u00eda con el ambiente se crea un concurso latinoamericano que permita a los interesados acceder a fondos concursables para consolidar sus proyectos. Este a\u00f1o participaron 25 pa\u00edses con 1407 casos divididos en diez categor\u00edas como desarrollo humano, manejo de residuos s\u00f3lidos, gesti\u00f3n urbana, agua, bosques, biodiversidad, energ\u00eda, emisiones, finanzas sostenibles y oc\u00e9anos. <\/p>\n<p>El 1 de julio, se conocer\u00e1n las mejores iniciativas ganadoras. Ecuador es el segundo pa\u00eds, con 211 casos inscritos, un 17% de ellos  en la categor\u00eda de desarrollo humano El evento es organizado por Sambito, empresa que realiza soluciones ambientales totales, cuenta con el apoyo de diversas empresa privadas, la ONU y el municipio de Guayaquil, ciudad donde se realizar\u00e1 la premiaci\u00f3n de concurso.<\/p>\n<p>Jos\u00e9 Javier Guarderas, gerente de Sambito considera que este tipo de iniciativas deben formar parte de la pol\u00edtica p\u00fablica para que tenga incidencia. En el concurso, los participantes son parte de empresas privadas como estatales o mixtas. Los ganadores no reciben ninguna cantidad por parte de la organizaci\u00f3n. El premio es para tres proyectos de cada categor\u00eda, que es la visibilizaci\u00f3n de su trabajo y la conexi\u00f3n con organizaciones que entregan fondos no rembolsables. <\/p>\n<p>Uno de los problemas, seg\u00fan los organizadores es la producci\u00f3n de iniciativas que no tienen respaldo econ\u00f3mico. Con el concurso se espera generar esa oportunidad e incidir en el aumento de proyectos de este tipo. 500 ciudades han sido las participantes, algunas de estas no son capitales como es el caso de Guayaquil y Cuenca en el pa\u00eds.<\/p>\n<p>M\u00f3nica Andrade, delegada de PNUD Ecuador del programa ambiental, felicita la iniciativa y considera que esta se enmarca en la agenda de desarrollo 2030, que tiene como fin proteger los ecosistemas. Para ella, las categor\u00edas que est\u00e1n relacionadas con la ciudad son importantes porque es necesario el tratamiento de los diversos problemas que genera el aumento de la poblaci\u00f3n en las mismas.<br \/>\nLos 500 proyectos elegidos ser\u00e1n expuestos p\u00fablicamente.<\/p>\n","protected":false},"excerpt":{"rendered":"<p>Por Ana Gabriela Molina Con el inter\u00e9s de mantener y aumentar iniciativas en armon\u00eda con el ambiente se crea un concurso latinoamericano que permita a los interesados acceder a fondos concursables para consolidar sus proyectos. Este a\u00f1o participaron 25 pa\u00edses&hellip;<\/p>\n","protected":false},"author":1011,"featured_media":333127,"comment_status":"closed","ping_status":"closed","sticky":false,"template":"","format":"standard","meta":{"footnotes":""},"categories":[11389,78,39,67],"tags":[],"class_list":["post-333126","post","type-post","status-publish","format-standard","has-post-thumbnail","hentry","category-contenido-original","category-medio-ambiente-ecologia","category-internacional","category-sudamerica"],"yoast_head":"<!-- This site is optimized with the Yoast SEO plugin v27.1.1 - https:\/\/yoast.com\/product\/yoast-seo-wordpress\/ -->\n<title>En Quito-Ecuador, se presentan los premios Latinoam\u00e9rica Verde<\/title>\n<meta name=\"description\" content=\"Por Ana Gabriela Molina Con el inter\u00e9s de mantener y aumentar iniciativas en armon\u00eda con el ambiente se crea un concurso latinoamericano que permita a los\" \/>\n<meta name=\"robots\" content=\"index, follow, max-snippet:-1, max-image-preview:large, max-video-preview:-1\" \/>\n<link rel=\"canonical\" href=\"https:\/\/www.pressenza.com\/es\/2016\/06\/quito-ecuador-se-presentan-los-premios-latinoamerica-verde\/\" \/>\n<meta property=\"og:locale\" content=\"es_ES\" \/>\n<meta property=\"og:type\" content=\"article\" \/>\n<meta property=\"og:title\" content=\"En Quito-Ecuador, se presentan los premios Latinoam\u00e9rica Verde\" \/>\n<meta property=\"og:description\" content=\"Por Ana Gabriela Molina Con el inter\u00e9s de mantener y aumentar iniciativas en armon\u00eda con el ambiente se crea un concurso latinoamericano que permita a los\" \/>\n<meta property=\"og:url\" content=\"https:\/\/www.pressenza.com\/es\/2016\/06\/quito-ecuador-se-presentan-los-premios-latinoamerica-verde\/\" \/>\n<meta property=\"og:site_name\" content=\"Pressenza\" \/>\n<meta property=\"article:publisher\" content=\"https:\/\/www.facebook.com\/PressenzaItalia\" \/>\n<meta property=\"article:published_time\" content=\"2016-06-24T03:44:43+00:00\" \/>\n<meta property=\"og:image\" content=\"https:\/\/www.pressenza.com\/wp-content\/uploads\/2016\/06\/latinoamericaverde.jpg\" \/>\n\t<meta property=\"og:image:width\" content=\"480\" \/>\n\t<meta property=\"og:image:height\" content=\"315\" \/>\n\t<meta property=\"og:image:type\" content=\"image\/jpeg\" \/>\n<meta name=\"author\" content=\"Redacci\u00f3n Ecuador\" \/>\n<meta name=\"twitter:card\" content=\"summary_large_image\" \/>\n<meta name=\"twitter:creator\" content=\"@PressenzaIPA\" \/>\n<meta name=\"twitter:site\" content=\"@PressenzaIPA\" \/>\n<meta name=\"twitter:label1\" content=\"Escrito por\" \/>\n\t<meta name=\"twitter:data1\" content=\"Redacci\u00f3n Ecuador\" \/>\n\t<meta name=\"twitter:label2\" content=\"Tiempo de lectura\" \/>\n\t<meta name=\"twitter:data2\" content=\"2 minutos\" \/>\n<script type=\"application\/ld+json\" class=\"yoast-schema-graph\">{\"@context\":\"https:\/\/schema.org\",\"@graph\":[{\"@type\":\"Article\",\"@id\":\"https:\/\/www.pressenza.com\/es\/2016\/06\/quito-ecuador-se-presentan-los-premios-latinoamerica-verde\/#article\",\"isPartOf\":{\"@id\":\"https:\/\/www.pressenza.com\/es\/2016\/06\/quito-ecuador-se-presentan-los-premios-latinoamerica-verde\/\"},\"author\":{\"name\":\"Redacci\u00f3n Ecuador\",\"@id\":\"https:\/\/www.pressenza.com\/es\/#\/schema\/person\/883a735c40665759bcc6fe0c26bcb46f\"},\"headline\":\"En Quito-Ecuador, se presentan los premios Latinoam\u00e9rica Verde\",\"datePublished\":\"2016-06-24T03:44:43+00:00\",\"mainEntityOfPage\":{\"@id\":\"https:\/\/www.pressenza.com\/es\/2016\/06\/quito-ecuador-se-presentan-los-premios-latinoamerica-verde\/\"},\"wordCount\":360,\"publisher\":{\"@id\":\"https:\/\/www.pressenza.com\/es\/#organization\"},\"image\":{\"@id\":\"https:\/\/www.pressenza.com\/es\/2016\/06\/quito-ecuador-se-presentan-los-premios-latinoamerica-verde\/#primaryimage\"},\"thumbnailUrl\":\"https:\/\/www.pressenza.com\/wp-content\/uploads\/2016\/06\/latinoamericaverde.jpg\",\"articleSection\":[\"Contenido Original\",\"Ecolog\u00eda y Medio Ambiente\",\"Internacional\",\"Sudam\u00e9rica\"],\"inLanguage\":\"es\"},{\"@type\":\"WebPage\",\"@id\":\"https:\/\/www.pressenza.com\/es\/2016\/06\/quito-ecuador-se-presentan-los-premios-latinoamerica-verde\/\",\"url\":\"https:\/\/www.pressenza.com\/es\/2016\/06\/quito-ecuador-se-presentan-los-premios-latinoamerica-verde\/\",\"name\":\"En Quito-Ecuador, se presentan los premios Latinoam\u00e9rica Verde\",\"isPartOf\":{\"@id\":\"https:\/\/www.pressenza.com\/es\/#website\"},\"primaryImageOfPage\":{\"@id\":\"https:\/\/www.pressenza.com\/es\/2016\/06\/quito-ecuador-se-presentan-los-premios-latinoamerica-verde\/#primaryimage\"},\"image\":{\"@id\":\"https:\/\/www.pressenza.com\/es\/2016\/06\/quito-ecuador-se-presentan-los-premios-latinoamerica-verde\/#primaryimage\"},\"thumbnailUrl\":\"https:\/\/www.pressenza.com\/wp-content\/uploads\/2016\/06\/latinoamericaverde.jpg\",\"datePublished\":\"2016-06-24T03:44:43+00:00\",\"description\":\"Por Ana Gabriela Molina Con el inter\u00e9s de mantener y aumentar iniciativas en armon\u00eda con el ambiente se crea un concurso latinoamericano que permita a los\",\"breadcrumb\":{\"@id\":\"https:\/\/www.pressenza.com\/es\/2016\/06\/quito-ecuador-se-presentan-los-premios-latinoamerica-verde\/#breadcrumb\"},\"inLanguage\":\"es\",\"potentialAction\":[{\"@type\":\"ReadAction\",\"target\":[\"https:\/\/www.pressenza.com\/es\/2016\/06\/quito-ecuador-se-presentan-los-premios-latinoamerica-verde\/\"]}]},{\"@type\":\"ImageObject\",\"inLanguage\":\"es\",\"@id\":\"https:\/\/www.pressenza.com\/es\/2016\/06\/quito-ecuador-se-presentan-los-premios-latinoamerica-verde\/#primaryimage\",\"url\":\"https:\/\/www.pressenza.com\/wp-content\/uploads\/2016\/06\/latinoamericaverde.jpg\",\"contentUrl\":\"https:\/\/www.pressenza.com\/wp-content\/uploads\/2016\/06\/latinoamericaverde.jpg\",\"width\":480,\"height\":315},{\"@type\":\"BreadcrumbList\",\"@id\":\"https:\/\/www.pressenza.com\/es\/2016\/06\/quito-ecuador-se-presentan-los-premios-latinoamerica-verde\/#breadcrumb\",\"itemListElement\":[{\"@type\":\"ListItem\",\"position\":1,\"name\":\"Accueil\",\"item\":\"https:\/\/www.pressenza.com\/es\/\"},{\"@type\":\"ListItem\",\"position\":2,\"name\":\"En Quito-Ecuador, se presentan los premios Latinoam\u00e9rica Verde\"}]},{\"@type\":\"WebSite\",\"@id\":\"https:\/\/www.pressenza.com\/es\/#website\",\"url\":\"https:\/\/www.pressenza.com\/es\/\",\"name\":\"Pressenza\",\"description\":\"International Press Agency\",\"publisher\":{\"@id\":\"https:\/\/www.pressenza.com\/es\/#organization\"},\"potentialAction\":[{\"@type\":\"SearchAction\",\"target\":{\"@type\":\"EntryPoint\",\"urlTemplate\":\"https:\/\/www.pressenza.com\/es\/?s={search_term_string}\"},\"query-input\":{\"@type\":\"PropertyValueSpecification\",\"valueRequired\":true,\"valueName\":\"search_term_string\"}}],\"inLanguage\":\"es\"},{\"@type\":\"Organization\",\"@id\":\"https:\/\/www.pressenza.com\/es\/#organization\",\"name\":\"Pressenza\",\"url\":\"https:\/\/www.pressenza.com\/es\/\",\"logo\":{\"@type\":\"ImageObject\",\"inLanguage\":\"es\",\"@id\":\"https:\/\/www.pressenza.com\/es\/#\/schema\/logo\/image\/\",\"url\":\"https:\/\/www.pressenza.com\/wp-content\/uploads\/2022\/10\/pressenza_logo_200x200.jpg\",\"contentUrl\":\"https:\/\/www.pressenza.com\/wp-content\/uploads\/2022\/10\/pressenza_logo_200x200.jpg\",\"width\":200,\"height\":200,\"caption\":\"Pressenza\"},\"image\":{\"@id\":\"https:\/\/www.pressenza.com\/es\/#\/schema\/logo\/image\/\"},\"sameAs\":[\"https:\/\/www.facebook.com\/PressenzaItalia\",\"https:\/\/x.com\/PressenzaIPA\"]},{\"@type\":\"Person\",\"@id\":\"https:\/\/www.pressenza.com\/es\/#\/schema\/person\/883a735c40665759bcc6fe0c26bcb46f\",\"name\":\"Redacci\u00f3n Ecuador\",\"description\":\"News published by the Pressenza bureau in Quito, Ecuador\",\"url\":\"https:\/\/www.pressenza.com\/es\/author\/redaccion-ecuador\/\"}]}<\/script>\n<!-- \/ Yoast SEO plugin. -->","yoast_head_json":{"title":"En Quito-Ecuador, se presentan los premios Latinoam\u00e9rica Verde","description":"Por Ana Gabriela Molina Con el inter\u00e9s de mantener y aumentar iniciativas en armon\u00eda con el ambiente se crea un concurso latinoamericano que permita a los","robots":{"index":"index","follow":"follow","max-snippet":"max-snippet:-1","max-image-preview":"max-image-preview:large","max-video-preview":"max-video-preview:-1"},"canonical":"https:\/\/www.pressenza.com\/es\/2016\/06\/quito-ecuador-se-presentan-los-premios-latinoamerica-verde\/","og_locale":"es_ES","og_type":"article","og_title":"En Quito-Ecuador, se presentan los premios Latinoam\u00e9rica Verde","og_description":"Por Ana Gabriela Molina Con el inter\u00e9s de mantener y aumentar iniciativas en armon\u00eda con el ambiente se crea un concurso latinoamericano que permita a los","og_url":"https:\/\/www.pressenza.com\/es\/2016\/06\/quito-ecuador-se-presentan-los-premios-latinoamerica-verde\/","og_site_name":"Pressenza","article_publisher":"https:\/\/www.facebook.com\/PressenzaItalia","article_published_time":"2016-06-24T03:44:43+00:00","og_image":[{"width":480,"height":315,"url":"https:\/\/www.pressenza.com\/wp-content\/uploads\/2016\/06\/latinoamericaverde.jpg","type":"image\/jpeg"}],"author":"Redacci\u00f3n Ecuador","twitter_card":"summary_large_image","twitter_creator":"@PressenzaIPA","twitter_site":"@PressenzaIPA","twitter_misc":{"Escrito por":"Redacci\u00f3n Ecuador","Tiempo de lectura":"2 minutos"},"schema":{"@context":"https:\/\/schema.org","@graph":[{"@type":"Article","@id":"https:\/\/www.pressenza.com\/es\/2016\/06\/quito-ecuador-se-presentan-los-premios-latinoamerica-verde\/#article","isPartOf":{"@id":"https:\/\/www.pressenza.com\/es\/2016\/06\/quito-ecuador-se-presentan-los-premios-latinoamerica-verde\/"},"author":{"name":"Redacci\u00f3n Ecuador","@id":"https:\/\/www.pressenza.com\/es\/#\/schema\/person\/883a735c40665759bcc6fe0c26bcb46f"},"headline":"En Quito-Ecuador, se presentan los premios Latinoam\u00e9rica Verde","datePublished":"2016-06-24T03:44:43+00:00","mainEntityOfPage":{"@id":"https:\/\/www.pressenza.com\/es\/2016\/06\/quito-ecuador-se-presentan-los-premios-latinoamerica-verde\/"},"wordCount":360,"publisher":{"@id":"https:\/\/www.pressenza.com\/es\/#organization"},"image":{"@id":"https:\/\/www.pressenza.com\/es\/2016\/06\/quito-ecuador-se-presentan-los-premios-latinoamerica-verde\/#primaryimage"},"thumbnailUrl":"https:\/\/www.pressenza.com\/wp-content\/uploads\/2016\/06\/latinoamericaverde.jpg","articleSection":["Contenido Original","Ecolog\u00eda y Medio Ambiente","Internacional","Sudam\u00e9rica"],"inLanguage":"es"},{"@type":"WebPage","@id":"https:\/\/www.pressenza.com\/es\/2016\/06\/quito-ecuador-se-presentan-los-premios-latinoamerica-verde\/","url":"https:\/\/www.pressenza.com\/es\/2016\/06\/quito-ecuador-se-presentan-los-premios-latinoamerica-verde\/","name":"En Quito-Ecuador, se presentan los premios Latinoam\u00e9rica Verde","isPartOf":{"@id":"https:\/\/www.pressenza.com\/es\/#website"},"primaryImageOfPage":{"@id":"https:\/\/www.pressenza.com\/es\/2016\/06\/quito-ecuador-se-presentan-los-premios-latinoamerica-verde\/#primaryimage"},"image":{"@id":"https:\/\/www.pressenza.com\/es\/2016\/06\/quito-ecuador-se-presentan-los-premios-latinoamerica-verde\/#primaryimage"},"thumbnailUrl":"https:\/\/www.pressenza.com\/wp-content\/uploads\/2016\/06\/latinoamericaverde.jpg","datePublished":"2016-06-24T03:44:43+00:00","description":"Por Ana Gabriela Molina Con el inter\u00e9s de mantener y aumentar iniciativas en armon\u00eda con el ambiente se crea un concurso latinoamericano que permita a los","breadcrumb":{"@id":"https:\/\/www.pressenza.com\/es\/2016\/06\/quito-ecuador-se-presentan-los-premios-latinoamerica-verde\/#breadcrumb"},"inLanguage":"es","potentialAction":[{"@type":"ReadAction","target":["https:\/\/www.pressenza.com\/es\/2016\/06\/quito-ecuador-se-presentan-los-premios-latinoamerica-verde\/"]}]},{"@type":"ImageObject","inLanguage":"es","@id":"https:\/\/www.pressenza.com\/es\/2016\/06\/quito-ecuador-se-presentan-los-premios-latinoamerica-verde\/#primaryimage","url":"https:\/\/www.pressenza.com\/wp-content\/uploads\/2016\/06\/latinoamericaverde.jpg","contentUrl":"https:\/\/www.pressenza.com\/wp-content\/uploads\/2016\/06\/latinoamericaverde.jpg","width":480,"height":315},{"@type":"BreadcrumbList","@id":"https:\/\/www.pressenza.com\/es\/2016\/06\/quito-ecuador-se-presentan-los-premios-latinoamerica-verde\/#breadcrumb","itemListElement":[{"@type":"ListItem","position":1,"name":"Accueil","item":"https:\/\/www.pressenza.com\/es\/"},{"@type":"ListItem","position":2,"name":"En Quito-Ecuador, se presentan los premios Latinoam\u00e9rica Verde"}]},{"@type":"WebSite","@id":"https:\/\/www.pressenza.com\/es\/#website","url":"https:\/\/www.pressenza.com\/es\/","name":"Pressenza","description":"International Press Agency","publisher":{"@id":"https:\/\/www.pressenza.com\/es\/#organization"},"potentialAction":[{"@type":"SearchAction","target":{"@type":"EntryPoint","urlTemplate":"https:\/\/www.pressenza.com\/es\/?s={search_term_string}"},"query-input":{"@type":"PropertyValueSpecification","valueRequired":true,"valueName":"search_term_string"}}],"inLanguage":"es"},{"@type":"Organization","@id":"https:\/\/www.pressenza.com\/es\/#organization","name":"Pressenza","url":"https:\/\/www.pressenza.com\/es\/","logo":{"@type":"ImageObject","inLanguage":"es","@id":"https:\/\/www.pressenza.com\/es\/#\/schema\/logo\/image\/","url":"https:\/\/www.pressenza.com\/wp-content\/uploads\/2022\/10\/pressenza_logo_200x200.jpg","contentUrl":"https:\/\/www.pressenza.com\/wp-content\/uploads\/2022\/10\/pressenza_logo_200x200.jpg","width":200,"height":200,"caption":"Pressenza"},"image":{"@id":"https:\/\/www.pressenza.com\/es\/#\/schema\/logo\/image\/"},"sameAs":["https:\/\/www.facebook.com\/PressenzaItalia","https:\/\/x.com\/PressenzaIPA"]},{"@type":"Person","@id":"https:\/\/www.pressenza.com\/es\/#\/schema\/person\/883a735c40665759bcc6fe0c26bcb46f","name":"Redacci\u00f3n Ecuador","description":"News published by the Pressenza bureau in Quito, Ecuador","url":"https:\/\/www.pressenza.com\/es\/author\/redaccion-ecuador\/"}]}},"place":"Quito","original_article_url":"","_links":{"self":[{"href":"https:\/\/www.pressenza.com\/es\/wp-json\/wp\/v2\/posts\/333126","targetHints":{"allow":["GET"]}}],"collection":[{"href":"https:\/\/www.pressenza.com\/es\/wp-json\/wp\/v2\/posts"}],"about":[{"href":"https:\/\/www.pressenza.com\/es\/wp-json\/wp\/v2\/types\/post"}],"author":[{"embeddable":true,"href":"https:\/\/www.pressenza.com\/es\/wp-json\/wp\/v2\/users\/1011"}],"replies":[{"embeddable":true,"href":"https:\/\/www.pressenza.com\/es\/wp-json\/wp\/v2\/comments?post=333126"}],"version-history":[{"count":0,"href":"https:\/\/www.pressenza.com\/es\/wp-json\/wp\/v2\/posts\/333126\/revisions"}],"wp:featuredmedia":[{"embeddable":true,"href":"https:\/\/www.pressenza.com\/es\/wp-json\/wp\/v2\/media\/333127"}],"wp:attachment":[{"href":"https:\/\/www.pressenza.com\/es\/wp-json\/wp\/v2\/media?parent=333126"}],"wp:term":[{"taxonomy":"category","embeddable":true,"href":"https:\/\/www.pressenza.com\/es\/wp-json\/wp\/v2\/categories?post=333126"},{"taxonomy":"post_tag","embeddable":true,"href":"https:\/\/www.pressenza.com\/es\/wp-json\/wp\/v2\/tags?post=333126"}],"curies":[{"name":"wp","href":"https:\/\/api.w.org\/{rel}","templated":true}]}}