{"id":331385,"date":"2016-06-20T21:09:05","date_gmt":"2016-06-20T20:09:05","guid":{"rendered":"http:\/\/www.pressenza.com\/es\/?p=331385"},"modified":"2016-06-20T21:09:05","modified_gmt":"2016-06-20T20:09:05","slug":"repaso-internacional-oreja-17062016","status":"publish","type":"post","link":"https:\/\/www.pressenza.com\/es\/2016\/06\/repaso-internacional-oreja-17062016\/","title":{"rendered":"Repaso Internacional En La Oreja 17\/06\/2016"},"content":{"rendered":"<p>El viernes 17 de junio en Pichincha UNiversal 95.3 fm de Ecuador, desde las 9 am hasta las 10 am, los editores de la Agencia Internacional de Noticias Pressenza, Tony Robinson, Nelsy Lizarazo y Mariano Quiroga realizan este breve repaso internacional de noticias.<br \/>\n<iframe loading=\"lazy\" id=\"audio_11966645\" style=\"border: 1px solid #EEE; box-sizing: border-box; width: 100%;\" src=\"https:\/\/mx.ivoox.com\/es\/player_ej_11966645_4_1.html?c1=ff6600\" width=\"300\" height=\"200\" frameborder=\"0\" scrolling=\"no\" allowfullscreen=\"allowfullscreen\"><\/iframe><\/p>\n<p><b>AM\u00c9RICA &#8211; <\/b><strong>Aprueban declaraci\u00f3n americana sobre <a href=\"http:\/\/www.prensa-latina.cu\/index.php?option=com_content&amp;task=view&amp;idioma=1&amp;id=4978451&amp;Itemid=1\">pueblos ind\u00edgenas<\/a><\/strong><\/p>\n<p>Tras una demora de 17 a\u00f1os para lograr consenso, 34 pa\u00edses miembros aprobaron La Declaraci\u00f3n Americana Sobre los Pueblos Ind\u00edgenas fue aprobada por 34 pa\u00edses miembros de la Organizaci\u00f3n de EStados Americanos- OEA, \u00a0durante la 46\u00b0 Asamblea General de la OEA.<\/p>\n<p>Seg\u00fan se explic\u00f3 en el plenario, el documento permitir\u00e1 avanzar en la consolidaci\u00f3n de un r\u00e9gimen de aprobaciones respecto a los derechos, cultura, costumbres, tradiciones y cosmovisi\u00f3n de los pueblos ind\u00edgenas.<\/p>\n<p>Pese al desconcierto que ha significado la demora para aprobar una declaraci\u00f3n tan importante, delegados de los pa\u00edses miembros consideraron que es una reivindicaci\u00f3n hist\u00f3rica a favor de los pueblos originarios que han sufrido las secuelas del colonialismo, el neocolonialismo y el exterminio de su poblaci\u00f3n.<\/p>\n<p><b>ASIA &#8211; <\/b><strong>Tailandia extendi\u00f3 educaci\u00f3n gratuita de 12 a <a href=\"http:\/\/www.prensa-latina.cu\/index.php?option=com_content&amp;task=view&amp;idioma=1&amp;id=4977181&amp;Itemid=1\">15 a\u00f1os<\/a><\/strong><\/p>\n<p>La medida entr\u00f3 en vigor luego de ser anunciada por el primer ministro tailand\u00e9s, Prayut Chan-O-Cha, bas\u00e1ndose en el art\u00edculo 44 de su Constituci\u00f3n.<\/p>\n<p>El gobierno otorgar\u00e1 subsidios para cubrir los programas escolares hasta los 15 a\u00f1os, incluyendo a las escuelas para personas con discapacidad, as\u00ed como los fondos especiales para los alumnos m\u00e1s desfavorecidos.<\/p>\n<p>La financiaci\u00f3n de la ense\u00f1anza incluye gastos de matr\u00edcula, libros de texto, material escolar, uniformes y actividades para el desarrollo de las habilidades de aprendizaje.<\/p>\n<p>Tailandia mejor\u00f3 considerablemente sus indicadores de escolaridad en los \u00faltimos a\u00f1os y seg\u00fan cifras de Unicef, la tasa de alfabetizaci\u00f3n en hombres y mujeres entre 15 y 24 a\u00f1os sobrepasa en 97%.<\/p>\n<p><b>\u00c1FRICA &#8211; <\/b><strong>Sud\u00e1frica celebr\u00f3 con alegr\u00eda el <a href=\"http:\/\/prensa-latina.cu\/index.php?option=com_content&amp;task=view&amp;idioma=1&amp;id=4981621&amp;Itemid=1\">D\u00eda de la Juventud<\/a> \u00a0<\/strong><\/p>\n<p>El d\u00eda de la Juventud se instituy\u00f3 por un motivo triste: el levantamiento estudiantil de Soweto en 1976. Desde entonces los sudafricanos festejan, la energ\u00eda, el empuje y los sue\u00f1os de los j\u00f3venes, esos sue\u00f1os que los llevaron a expresar sus demandas.<\/p>\n<p>En el acto oficial el presidente Jacob Zuma dijo que el pa\u00eds celebra el hero\u00edsmo de los estudiantes que se levantaron en contra del apartheid, la opresi\u00f3n racial y el sometimiento. Record\u00f3 que por la libertad que en estos momentos disfrutan se pag\u00f3 un alto precio, porque \u00abse perdieron muchas vidas\u00bb. Sin embargo, afirm\u00f3 Zuma, la lucha contin\u00faa. Nunca vamos a descansar hasta lograr una sociedad m\u00e1s igualitaria y pr\u00f3spera, sin pobreza y desempleo.<\/p>\n<p><strong>EUROPA &#8211; Miles de personas se manifiestan frente a la base a\u00e9rea <a href=\"https:\/\/www.pressenza.com\/es\/2016\/06\/alemania-miles-de-personas-se-manifiestan-contra-guerra-con-aviones-no-tripulados-de-estados-unidos-frente-a-base-aerea-ramstein\/\">Ramstein en Alemania<\/a><\/strong><\/p>\n<p>Una cadena humana se form\u00f3 alrededor de una base de la fuerza a\u00e9rea estadounidense en protesta contra la guerra con aviones no tripulados que lleva adelante Estados Unidos. La base a\u00e9rea Ramstein alberga una estaci\u00f3n que retransmite comunicaciones entre operadores de aviones no tripulados en Estados Unidos y los aviones no tripulados que pilotean en el extranjero.<\/p>\n<p>Clement Walter estaba entre los manifestantes y expres\u00f3: \u201cEstoy aqu\u00ed porque no estoy de acuerdo con las armas estadounidenses ni con los cohetes dirigidos hacia otros pa\u00edses desde territorio alem\u00e1n. No tenemos que tolerar eso. Pienso sobre todo en nuestros ni\u00f1os, quiero que comprendan que no debe haber ninguna guerra que se lleve a cabo desde territorio alem\u00e1n\u201d.<\/p>\n","protected":false},"excerpt":{"rendered":"<p>El viernes 17 de junio en Pichincha UNiversal 95.3 fm de Ecuador, desde las 9 am hasta las 10 am, los editores de la Agencia Internacional de Noticias Pressenza, Tony Robinson, Nelsy Lizarazo y Mariano Quiroga realizan este breve repaso&hellip;<\/p>\n","protected":false},"author":1011,"featured_media":331403,"comment_status":"closed","ping_status":"closed","sticky":false,"template":"","format":"standard","meta":{"footnotes":""},"categories":[76,11389,79,1230,39,80,22754],"tags":[5374,5801,393,16943,5286,19984,11815,4495,5364,8574],"class_list":["post-331385","post","type-post","status-publish","format-standard","has-post-thumbnail","hentry","category-relaciones-exteriores","category-contenido-original","category-derechos-humanos","category-educacion-tema","category-internacional","category-pueblos-originarios","category-radio-es","tag-alemania","tag-drones-es","tag-educacion","tag-en-la-oreja","tag-oea","tag-pressenza-internacional-en-la-oreja","tag-pueblos-indigenas","tag-radio-it","tag-sudafrica-es","tag-tailandia-es"],"yoast_head":"<!-- This site is optimized with the Yoast SEO plugin v27.1.1 - https:\/\/yoast.com\/product\/yoast-seo-wordpress\/ -->\n<title>Repaso Internacional En La Oreja 17\/06\/2016<\/title>\n<meta name=\"description\" content=\"El viernes 17 de junio en Pichincha UNiversal 95.3 fm de Ecuador, desde las 9 am hasta las 10 am, los editores de la Agencia Internacional de Noticias\" \/>\n<meta name=\"robots\" content=\"index, follow, max-snippet:-1, max-image-preview:large, max-video-preview:-1\" \/>\n<link rel=\"canonical\" href=\"https:\/\/www.pressenza.com\/es\/2016\/06\/repaso-internacional-oreja-17062016\/\" \/>\n<meta property=\"og:locale\" content=\"es_ES\" \/>\n<meta property=\"og:type\" content=\"article\" \/>\n<meta property=\"og:title\" content=\"Repaso Internacional En La Oreja 17\/06\/2016\" \/>\n<meta property=\"og:description\" content=\"El viernes 17 de junio en Pichincha UNiversal 95.3 fm de Ecuador, desde las 9 am hasta las 10 am, los editores de la Agencia Internacional de Noticias\" \/>\n<meta property=\"og:url\" content=\"https:\/\/www.pressenza.com\/es\/2016\/06\/repaso-internacional-oreja-17062016\/\" \/>\n<meta property=\"og:site_name\" content=\"Pressenza\" \/>\n<meta property=\"article:publisher\" content=\"https:\/\/www.facebook.com\/PressenzaItalia\" \/>\n<meta property=\"article:published_time\" content=\"2016-06-20T20:09:05+00:00\" \/>\n<meta property=\"og:image\" content=\"https:\/\/www.pressenza.com\/wp-content\/uploads\/2016\/06\/EnlaorejarepasoInternacional-1-e1485718387743.jpg\" \/>\n\t<meta property=\"og:image:width\" content=\"709\" \/>\n\t<meta property=\"og:image:height\" content=\"778\" \/>\n\t<meta property=\"og:image:type\" content=\"image\/jpeg\" \/>\n<meta name=\"author\" content=\"Redacci\u00f3n Ecuador\" \/>\n<meta name=\"twitter:card\" content=\"summary_large_image\" \/>\n<meta name=\"twitter:creator\" content=\"@PressenzaIPA\" \/>\n<meta name=\"twitter:site\" content=\"@PressenzaIPA\" \/>\n<meta name=\"twitter:label1\" content=\"Escrito por\" \/>\n\t<meta name=\"twitter:data1\" content=\"Redacci\u00f3n Ecuador\" \/>\n\t<meta name=\"twitter:label2\" content=\"Tiempo de lectura\" \/>\n\t<meta name=\"twitter:data2\" content=\"3 minutos\" \/>\n<script type=\"application\/ld+json\" class=\"yoast-schema-graph\">{\"@context\":\"https:\/\/schema.org\",\"@graph\":[{\"@type\":\"Article\",\"@id\":\"https:\/\/www.pressenza.com\/es\/2016\/06\/repaso-internacional-oreja-17062016\/#article\",\"isPartOf\":{\"@id\":\"https:\/\/www.pressenza.com\/es\/2016\/06\/repaso-internacional-oreja-17062016\/\"},\"author\":{\"name\":\"Redacci\u00f3n Ecuador\",\"@id\":\"https:\/\/www.pressenza.com\/es\/#\/schema\/person\/883a735c40665759bcc6fe0c26bcb46f\"},\"headline\":\"Repaso Internacional En La Oreja 17\/06\/2016\",\"datePublished\":\"2016-06-20T20:09:05+00:00\",\"mainEntityOfPage\":{\"@id\":\"https:\/\/www.pressenza.com\/es\/2016\/06\/repaso-internacional-oreja-17062016\/\"},\"wordCount\":594,\"publisher\":{\"@id\":\"https:\/\/www.pressenza.com\/es\/#organization\"},\"image\":{\"@id\":\"https:\/\/www.pressenza.com\/es\/2016\/06\/repaso-internacional-oreja-17062016\/#primaryimage\"},\"thumbnailUrl\":\"https:\/\/www.pressenza.com\/wp-content\/uploads\/2016\/06\/EnlaorejarepasoInternacional-1-e1485718387743.jpg\",\"keywords\":[\"Alemania\",\"drones\",\"Educaci\u00f3n\",\"En la oreja\",\"OEA\",\"Pressenza Internacional En la oreja\",\"Pueblos indigenas\",\"radio\",\"Sud\u00e1frica\",\"Tailandia\"],\"articleSection\":[\"Asuntos internacionales\",\"Contenido Original\",\"Derechos Humanos\",\"Educaci\u00f3n\",\"Internacional\",\"Pueblos Originarios\",\"Radio\"],\"inLanguage\":\"es\"},{\"@type\":\"WebPage\",\"@id\":\"https:\/\/www.pressenza.com\/es\/2016\/06\/repaso-internacional-oreja-17062016\/\",\"url\":\"https:\/\/www.pressenza.com\/es\/2016\/06\/repaso-internacional-oreja-17062016\/\",\"name\":\"Repaso Internacional En La Oreja 17\/06\/2016\",\"isPartOf\":{\"@id\":\"https:\/\/www.pressenza.com\/es\/#website\"},\"primaryImageOfPage\":{\"@id\":\"https:\/\/www.pressenza.com\/es\/2016\/06\/repaso-internacional-oreja-17062016\/#primaryimage\"},\"image\":{\"@id\":\"https:\/\/www.pressenza.com\/es\/2016\/06\/repaso-internacional-oreja-17062016\/#primaryimage\"},\"thumbnailUrl\":\"https:\/\/www.pressenza.com\/wp-content\/uploads\/2016\/06\/EnlaorejarepasoInternacional-1-e1485718387743.jpg\",\"datePublished\":\"2016-06-20T20:09:05+00:00\",\"description\":\"El viernes 17 de junio en Pichincha UNiversal 95.3 fm de Ecuador, desde las 9 am hasta las 10 am, los editores de la Agencia Internacional de Noticias\",\"breadcrumb\":{\"@id\":\"https:\/\/www.pressenza.com\/es\/2016\/06\/repaso-internacional-oreja-17062016\/#breadcrumb\"},\"inLanguage\":\"es\",\"potentialAction\":[{\"@type\":\"ReadAction\",\"target\":[\"https:\/\/www.pressenza.com\/es\/2016\/06\/repaso-internacional-oreja-17062016\/\"]}]},{\"@type\":\"ImageObject\",\"inLanguage\":\"es\",\"@id\":\"https:\/\/www.pressenza.com\/es\/2016\/06\/repaso-internacional-oreja-17062016\/#primaryimage\",\"url\":\"https:\/\/www.pressenza.com\/wp-content\/uploads\/2016\/06\/EnlaorejarepasoInternacional-1-e1485718387743.jpg\",\"contentUrl\":\"https:\/\/www.pressenza.com\/wp-content\/uploads\/2016\/06\/EnlaorejarepasoInternacional-1-e1485718387743.jpg\",\"width\":709,\"height\":778},{\"@type\":\"BreadcrumbList\",\"@id\":\"https:\/\/www.pressenza.com\/es\/2016\/06\/repaso-internacional-oreja-17062016\/#breadcrumb\",\"itemListElement\":[{\"@type\":\"ListItem\",\"position\":1,\"name\":\"Accueil\",\"item\":\"https:\/\/www.pressenza.com\/es\/\"},{\"@type\":\"ListItem\",\"position\":2,\"name\":\"Repaso Internacional En La Oreja 17\/06\/2016\"}]},{\"@type\":\"WebSite\",\"@id\":\"https:\/\/www.pressenza.com\/es\/#website\",\"url\":\"https:\/\/www.pressenza.com\/es\/\",\"name\":\"Pressenza\",\"description\":\"International Press Agency\",\"publisher\":{\"@id\":\"https:\/\/www.pressenza.com\/es\/#organization\"},\"potentialAction\":[{\"@type\":\"SearchAction\",\"target\":{\"@type\":\"EntryPoint\",\"urlTemplate\":\"https:\/\/www.pressenza.com\/es\/?s={search_term_string}\"},\"query-input\":{\"@type\":\"PropertyValueSpecification\",\"valueRequired\":true,\"valueName\":\"search_term_string\"}}],\"inLanguage\":\"es\"},{\"@type\":\"Organization\",\"@id\":\"https:\/\/www.pressenza.com\/es\/#organization\",\"name\":\"Pressenza\",\"url\":\"https:\/\/www.pressenza.com\/es\/\",\"logo\":{\"@type\":\"ImageObject\",\"inLanguage\":\"es\",\"@id\":\"https:\/\/www.pressenza.com\/es\/#\/schema\/logo\/image\/\",\"url\":\"https:\/\/www.pressenza.com\/wp-content\/uploads\/2022\/10\/pressenza_logo_200x200.jpg\",\"contentUrl\":\"https:\/\/www.pressenza.com\/wp-content\/uploads\/2022\/10\/pressenza_logo_200x200.jpg\",\"width\":200,\"height\":200,\"caption\":\"Pressenza\"},\"image\":{\"@id\":\"https:\/\/www.pressenza.com\/es\/#\/schema\/logo\/image\/\"},\"sameAs\":[\"https:\/\/www.facebook.com\/PressenzaItalia\",\"https:\/\/x.com\/PressenzaIPA\"]},{\"@type\":\"Person\",\"@id\":\"https:\/\/www.pressenza.com\/es\/#\/schema\/person\/883a735c40665759bcc6fe0c26bcb46f\",\"name\":\"Redacci\u00f3n Ecuador\",\"description\":\"News published by the Pressenza bureau in Quito, Ecuador\",\"url\":\"https:\/\/www.pressenza.com\/es\/author\/redaccion-ecuador\/\"}]}<\/script>\n<!-- \/ Yoast SEO plugin. -->","yoast_head_json":{"title":"Repaso Internacional En La Oreja 17\/06\/2016","description":"El viernes 17 de junio en Pichincha UNiversal 95.3 fm de Ecuador, desde las 9 am hasta las 10 am, los editores de la Agencia Internacional de Noticias","robots":{"index":"index","follow":"follow","max-snippet":"max-snippet:-1","max-image-preview":"max-image-preview:large","max-video-preview":"max-video-preview:-1"},"canonical":"https:\/\/www.pressenza.com\/es\/2016\/06\/repaso-internacional-oreja-17062016\/","og_locale":"es_ES","og_type":"article","og_title":"Repaso Internacional En La Oreja 17\/06\/2016","og_description":"El viernes 17 de junio en Pichincha UNiversal 95.3 fm de Ecuador, desde las 9 am hasta las 10 am, los editores de la Agencia Internacional de Noticias","og_url":"https:\/\/www.pressenza.com\/es\/2016\/06\/repaso-internacional-oreja-17062016\/","og_site_name":"Pressenza","article_publisher":"https:\/\/www.facebook.com\/PressenzaItalia","article_published_time":"2016-06-20T20:09:05+00:00","og_image":[{"width":709,"height":778,"url":"https:\/\/www.pressenza.com\/wp-content\/uploads\/2016\/06\/EnlaorejarepasoInternacional-1-e1485718387743.jpg","type":"image\/jpeg"}],"author":"Redacci\u00f3n Ecuador","twitter_card":"summary_large_image","twitter_creator":"@PressenzaIPA","twitter_site":"@PressenzaIPA","twitter_misc":{"Escrito por":"Redacci\u00f3n Ecuador","Tiempo de lectura":"3 minutos"},"schema":{"@context":"https:\/\/schema.org","@graph":[{"@type":"Article","@id":"https:\/\/www.pressenza.com\/es\/2016\/06\/repaso-internacional-oreja-17062016\/#article","isPartOf":{"@id":"https:\/\/www.pressenza.com\/es\/2016\/06\/repaso-internacional-oreja-17062016\/"},"author":{"name":"Redacci\u00f3n Ecuador","@id":"https:\/\/www.pressenza.com\/es\/#\/schema\/person\/883a735c40665759bcc6fe0c26bcb46f"},"headline":"Repaso Internacional En La Oreja 17\/06\/2016","datePublished":"2016-06-20T20:09:05+00:00","mainEntityOfPage":{"@id":"https:\/\/www.pressenza.com\/es\/2016\/06\/repaso-internacional-oreja-17062016\/"},"wordCount":594,"publisher":{"@id":"https:\/\/www.pressenza.com\/es\/#organization"},"image":{"@id":"https:\/\/www.pressenza.com\/es\/2016\/06\/repaso-internacional-oreja-17062016\/#primaryimage"},"thumbnailUrl":"https:\/\/www.pressenza.com\/wp-content\/uploads\/2016\/06\/EnlaorejarepasoInternacional-1-e1485718387743.jpg","keywords":["Alemania","drones","Educaci\u00f3n","En la oreja","OEA","Pressenza Internacional En la oreja","Pueblos indigenas","radio","Sud\u00e1frica","Tailandia"],"articleSection":["Asuntos internacionales","Contenido Original","Derechos Humanos","Educaci\u00f3n","Internacional","Pueblos Originarios","Radio"],"inLanguage":"es"},{"@type":"WebPage","@id":"https:\/\/www.pressenza.com\/es\/2016\/06\/repaso-internacional-oreja-17062016\/","url":"https:\/\/www.pressenza.com\/es\/2016\/06\/repaso-internacional-oreja-17062016\/","name":"Repaso Internacional En La Oreja 17\/06\/2016","isPartOf":{"@id":"https:\/\/www.pressenza.com\/es\/#website"},"primaryImageOfPage":{"@id":"https:\/\/www.pressenza.com\/es\/2016\/06\/repaso-internacional-oreja-17062016\/#primaryimage"},"image":{"@id":"https:\/\/www.pressenza.com\/es\/2016\/06\/repaso-internacional-oreja-17062016\/#primaryimage"},"thumbnailUrl":"https:\/\/www.pressenza.com\/wp-content\/uploads\/2016\/06\/EnlaorejarepasoInternacional-1-e1485718387743.jpg","datePublished":"2016-06-20T20:09:05+00:00","description":"El viernes 17 de junio en Pichincha UNiversal 95.3 fm de Ecuador, desde las 9 am hasta las 10 am, los editores de la Agencia Internacional de Noticias","breadcrumb":{"@id":"https:\/\/www.pressenza.com\/es\/2016\/06\/repaso-internacional-oreja-17062016\/#breadcrumb"},"inLanguage":"es","potentialAction":[{"@type":"ReadAction","target":["https:\/\/www.pressenza.com\/es\/2016\/06\/repaso-internacional-oreja-17062016\/"]}]},{"@type":"ImageObject","inLanguage":"es","@id":"https:\/\/www.pressenza.com\/es\/2016\/06\/repaso-internacional-oreja-17062016\/#primaryimage","url":"https:\/\/www.pressenza.com\/wp-content\/uploads\/2016\/06\/EnlaorejarepasoInternacional-1-e1485718387743.jpg","contentUrl":"https:\/\/www.pressenza.com\/wp-content\/uploads\/2016\/06\/EnlaorejarepasoInternacional-1-e1485718387743.jpg","width":709,"height":778},{"@type":"BreadcrumbList","@id":"https:\/\/www.pressenza.com\/es\/2016\/06\/repaso-internacional-oreja-17062016\/#breadcrumb","itemListElement":[{"@type":"ListItem","position":1,"name":"Accueil","item":"https:\/\/www.pressenza.com\/es\/"},{"@type":"ListItem","position":2,"name":"Repaso Internacional En La Oreja 17\/06\/2016"}]},{"@type":"WebSite","@id":"https:\/\/www.pressenza.com\/es\/#website","url":"https:\/\/www.pressenza.com\/es\/","name":"Pressenza","description":"International Press Agency","publisher":{"@id":"https:\/\/www.pressenza.com\/es\/#organization"},"potentialAction":[{"@type":"SearchAction","target":{"@type":"EntryPoint","urlTemplate":"https:\/\/www.pressenza.com\/es\/?s={search_term_string}"},"query-input":{"@type":"PropertyValueSpecification","valueRequired":true,"valueName":"search_term_string"}}],"inLanguage":"es"},{"@type":"Organization","@id":"https:\/\/www.pressenza.com\/es\/#organization","name":"Pressenza","url":"https:\/\/www.pressenza.com\/es\/","logo":{"@type":"ImageObject","inLanguage":"es","@id":"https:\/\/www.pressenza.com\/es\/#\/schema\/logo\/image\/","url":"https:\/\/www.pressenza.com\/wp-content\/uploads\/2022\/10\/pressenza_logo_200x200.jpg","contentUrl":"https:\/\/www.pressenza.com\/wp-content\/uploads\/2022\/10\/pressenza_logo_200x200.jpg","width":200,"height":200,"caption":"Pressenza"},"image":{"@id":"https:\/\/www.pressenza.com\/es\/#\/schema\/logo\/image\/"},"sameAs":["https:\/\/www.facebook.com\/PressenzaItalia","https:\/\/x.com\/PressenzaIPA"]},{"@type":"Person","@id":"https:\/\/www.pressenza.com\/es\/#\/schema\/person\/883a735c40665759bcc6fe0c26bcb46f","name":"Redacci\u00f3n Ecuador","description":"News published by the Pressenza bureau in Quito, Ecuador","url":"https:\/\/www.pressenza.com\/es\/author\/redaccion-ecuador\/"}]}},"place":"Quito, Ecuador","original_article_url":"","_links":{"self":[{"href":"https:\/\/www.pressenza.com\/es\/wp-json\/wp\/v2\/posts\/331385","targetHints":{"allow":["GET"]}}],"collection":[{"href":"https:\/\/www.pressenza.com\/es\/wp-json\/wp\/v2\/posts"}],"about":[{"href":"https:\/\/www.pressenza.com\/es\/wp-json\/wp\/v2\/types\/post"}],"author":[{"embeddable":true,"href":"https:\/\/www.pressenza.com\/es\/wp-json\/wp\/v2\/users\/1011"}],"replies":[{"embeddable":true,"href":"https:\/\/www.pressenza.com\/es\/wp-json\/wp\/v2\/comments?post=331385"}],"version-history":[{"count":0,"href":"https:\/\/www.pressenza.com\/es\/wp-json\/wp\/v2\/posts\/331385\/revisions"}],"wp:featuredmedia":[{"embeddable":true,"href":"https:\/\/www.pressenza.com\/es\/wp-json\/wp\/v2\/media\/331403"}],"wp:attachment":[{"href":"https:\/\/www.pressenza.com\/es\/wp-json\/wp\/v2\/media?parent=331385"}],"wp:term":[{"taxonomy":"category","embeddable":true,"href":"https:\/\/www.pressenza.com\/es\/wp-json\/wp\/v2\/categories?post=331385"},{"taxonomy":"post_tag","embeddable":true,"href":"https:\/\/www.pressenza.com\/es\/wp-json\/wp\/v2\/tags?post=331385"}],"curies":[{"name":"wp","href":"https:\/\/api.w.org\/{rel}","templated":true}]}}