{"id":329473,"date":"2016-06-13T22:07:54","date_gmt":"2016-06-13T21:07:54","guid":{"rendered":"http:\/\/www.pressenza.com\/es\/?p=329473"},"modified":"2016-06-13T22:07:54","modified_gmt":"2016-06-13T21:07:54","slug":"alemania-miles-de-personas-se-manifiestan-contra-guerra-con-aviones-no-tripulados-de-estados-unidos-frente-a-base-aerea-ramstein","status":"publish","type":"post","link":"https:\/\/www.pressenza.com\/es\/2016\/06\/alemania-miles-de-personas-se-manifiestan-contra-guerra-con-aviones-no-tripulados-de-estados-unidos-frente-a-base-aerea-ramstein\/","title":{"rendered":"Alemania: Miles de personas se manifiestan contra guerra con aviones no tripulados de Estados Unidos frente a base a\u00e9rea Ramstein"},"content":{"rendered":"<div>\n<p>En Alemania, miles de personas formaron una cadena humana alrededor de una base de la fuerza a\u00e9rea estadounidense en protesta contra la guerra con aviones no tripulados que lleva adelante Estados Unidos. La base a\u00e9rea Ramstein alberga una estaci\u00f3n que retransmite comunicaciones entre operadores de aviones no tripulados en Estados Unidos y los aviones no tripulados que pilotean en el extranjero. Clement Walter estaba entre los manifestantes.<\/p>\n<p>Clement Walter expres\u00f3: \u201cEstoy aqu\u00ed porque no estoy de acuerdo con las armas estadounidenses, con los cohetes estadounidenses dirigidos hacia otros pa\u00edses desde territorio alem\u00e1n. No tenemos que tolerar eso. Pienso sobre todo en nuestros ni\u00f1os, quiero que comprendan que no debe haber ninguna guerra [que se lleve a cabo] desde territorio alem\u00e1n\u201d.<\/p>\n<\/div>\n","protected":false},"excerpt":{"rendered":"<p>En Alemania, miles de personas formaron una cadena humana alrededor de una base de la fuerza a\u00e9rea estadounidense en protesta contra la guerra con aviones no tripulados que lleva adelante Estados Unidos. La base a\u00e9rea Ramstein alberga una estaci\u00f3n que&hellip;<\/p>\n","protected":false},"author":77,"featured_media":329474,"comment_status":"closed","ping_status":"closed","sticky":false,"template":"","format":"standard","meta":{"footnotes":""},"categories":[76,66,1243],"tags":[5374,27947,709,5801,10793,5379],"class_list":["post-329473","post","type-post","status-publish","format-standard","has-post-thumbnail","hentry","category-relaciones-exteriores","category-europa-es","category-paz-desarme","tag-alemania","tag-base-militar","tag-desarme","tag-drones-es","tag-estados-unidos-de-norteamerica","tag-movilizacion"],"yoast_head":"<!-- This site is optimized with the Yoast SEO plugin v27.1.1 - https:\/\/yoast.com\/product\/yoast-seo-wordpress\/ -->\n<title>Alemania: Miles de personas se manifiestan contra guerra con aviones no tripulados de Estados Unidos frente a base a\u00e9rea Ramstein<\/title>\n<meta name=\"description\" content=\"En Alemania, miles de personas formaron una cadena humana alrededor de una base de la fuerza a\u00e9rea estadounidense en protesta contra la guerra con aviones\" \/>\n<meta name=\"robots\" content=\"index, follow, max-snippet:-1, max-image-preview:large, max-video-preview:-1\" \/>\n<link rel=\"canonical\" href=\"https:\/\/www.pressenza.com\/es\/2016\/06\/alemania-miles-de-personas-se-manifiestan-contra-guerra-con-aviones-no-tripulados-de-estados-unidos-frente-a-base-aerea-ramstein\/\" \/>\n<meta property=\"og:locale\" content=\"es_ES\" \/>\n<meta property=\"og:type\" content=\"article\" \/>\n<meta property=\"og:title\" content=\"Alemania: Miles de personas se manifiestan contra guerra con aviones no tripulados de Estados Unidos frente a base a\u00e9rea Ramstein\" \/>\n<meta property=\"og:description\" content=\"En Alemania, miles de personas formaron una cadena humana alrededor de una base de la fuerza a\u00e9rea estadounidense en protesta contra la guerra con aviones\" \/>\n<meta property=\"og:url\" content=\"https:\/\/www.pressenza.com\/es\/2016\/06\/alemania-miles-de-personas-se-manifiestan-contra-guerra-con-aviones-no-tripulados-de-estados-unidos-frente-a-base-aerea-ramstein\/\" \/>\n<meta property=\"og:site_name\" content=\"Pressenza\" \/>\n<meta property=\"article:publisher\" content=\"https:\/\/www.facebook.com\/PressenzaItalia\" \/>\n<meta property=\"article:author\" content=\"https:\/\/www.facebook.com\/democracynow\/?fref=ts\" \/>\n<meta property=\"article:published_time\" content=\"2016-06-13T21:07:54+00:00\" \/>\n<meta property=\"og:image\" content=\"https:\/\/www.pressenza.com\/wp-content\/uploads\/2016\/06\/hdls8-droneprotest.jpg\" \/>\n\t<meta property=\"og:image:width\" content=\"960\" \/>\n\t<meta property=\"og:image:height\" content=\"540\" \/>\n\t<meta property=\"og:image:type\" content=\"image\/jpeg\" \/>\n<meta name=\"author\" content=\"Democracy Now!\" \/>\n<meta name=\"twitter:card\" content=\"summary_large_image\" \/>\n<meta name=\"twitter:creator\" content=\"@democracynow\" \/>\n<meta name=\"twitter:site\" content=\"@PressenzaIPA\" \/>\n<meta name=\"twitter:label1\" content=\"Escrito por\" \/>\n\t<meta name=\"twitter:data1\" content=\"Democracy Now!\" \/>\n\t<meta name=\"twitter:label2\" content=\"Tiempo de lectura\" \/>\n\t<meta name=\"twitter:data2\" content=\"1 minuto\" \/>\n<script type=\"application\/ld+json\" class=\"yoast-schema-graph\">{\"@context\":\"https:\/\/schema.org\",\"@graph\":[{\"@type\":\"Article\",\"@id\":\"https:\/\/www.pressenza.com\/es\/2016\/06\/alemania-miles-de-personas-se-manifiestan-contra-guerra-con-aviones-no-tripulados-de-estados-unidos-frente-a-base-aerea-ramstein\/#article\",\"isPartOf\":{\"@id\":\"https:\/\/www.pressenza.com\/es\/2016\/06\/alemania-miles-de-personas-se-manifiestan-contra-guerra-con-aviones-no-tripulados-de-estados-unidos-frente-a-base-aerea-ramstein\/\"},\"author\":{\"name\":\"Democracy Now!\",\"@id\":\"https:\/\/www.pressenza.com\/es\/#\/schema\/person\/6dbfa31ebecf081166f6ed11c10f262c\"},\"headline\":\"Alemania: Miles de personas se manifiestan contra guerra con aviones no tripulados de Estados Unidos frente a base a\u00e9rea Ramstein\",\"datePublished\":\"2016-06-13T21:07:54+00:00\",\"mainEntityOfPage\":{\"@id\":\"https:\/\/www.pressenza.com\/es\/2016\/06\/alemania-miles-de-personas-se-manifiestan-contra-guerra-con-aviones-no-tripulados-de-estados-unidos-frente-a-base-aerea-ramstein\/\"},\"wordCount\":148,\"publisher\":{\"@id\":\"https:\/\/www.pressenza.com\/es\/#organization\"},\"image\":{\"@id\":\"https:\/\/www.pressenza.com\/es\/2016\/06\/alemania-miles-de-personas-se-manifiestan-contra-guerra-con-aviones-no-tripulados-de-estados-unidos-frente-a-base-aerea-ramstein\/#primaryimage\"},\"thumbnailUrl\":\"https:\/\/www.pressenza.com\/wp-content\/uploads\/2016\/06\/hdls8-droneprotest.jpg\",\"keywords\":[\"Alemania\",\"base militar\",\"Desarme\",\"drones\",\"Estados Unidos de Norteam\u00e9rica\",\"movilizaci\u00f3n\"],\"articleSection\":[\"Asuntos internacionales\",\"Europa\",\"Paz y Desarme\"],\"inLanguage\":\"es\"},{\"@type\":\"WebPage\",\"@id\":\"https:\/\/www.pressenza.com\/es\/2016\/06\/alemania-miles-de-personas-se-manifiestan-contra-guerra-con-aviones-no-tripulados-de-estados-unidos-frente-a-base-aerea-ramstein\/\",\"url\":\"https:\/\/www.pressenza.com\/es\/2016\/06\/alemania-miles-de-personas-se-manifiestan-contra-guerra-con-aviones-no-tripulados-de-estados-unidos-frente-a-base-aerea-ramstein\/\",\"name\":\"Alemania: Miles de personas se manifiestan contra guerra con aviones no tripulados de Estados Unidos frente a base a\u00e9rea Ramstein\",\"isPartOf\":{\"@id\":\"https:\/\/www.pressenza.com\/es\/#website\"},\"primaryImageOfPage\":{\"@id\":\"https:\/\/www.pressenza.com\/es\/2016\/06\/alemania-miles-de-personas-se-manifiestan-contra-guerra-con-aviones-no-tripulados-de-estados-unidos-frente-a-base-aerea-ramstein\/#primaryimage\"},\"image\":{\"@id\":\"https:\/\/www.pressenza.com\/es\/2016\/06\/alemania-miles-de-personas-se-manifiestan-contra-guerra-con-aviones-no-tripulados-de-estados-unidos-frente-a-base-aerea-ramstein\/#primaryimage\"},\"thumbnailUrl\":\"https:\/\/www.pressenza.com\/wp-content\/uploads\/2016\/06\/hdls8-droneprotest.jpg\",\"datePublished\":\"2016-06-13T21:07:54+00:00\",\"description\":\"En Alemania, miles de personas formaron una cadena humana alrededor de una base de la fuerza a\u00e9rea estadounidense en protesta contra la guerra con aviones\",\"breadcrumb\":{\"@id\":\"https:\/\/www.pressenza.com\/es\/2016\/06\/alemania-miles-de-personas-se-manifiestan-contra-guerra-con-aviones-no-tripulados-de-estados-unidos-frente-a-base-aerea-ramstein\/#breadcrumb\"},\"inLanguage\":\"es\",\"potentialAction\":[{\"@type\":\"ReadAction\",\"target\":[\"https:\/\/www.pressenza.com\/es\/2016\/06\/alemania-miles-de-personas-se-manifiestan-contra-guerra-con-aviones-no-tripulados-de-estados-unidos-frente-a-base-aerea-ramstein\/\"]}]},{\"@type\":\"ImageObject\",\"inLanguage\":\"es\",\"@id\":\"https:\/\/www.pressenza.com\/es\/2016\/06\/alemania-miles-de-personas-se-manifiestan-contra-guerra-con-aviones-no-tripulados-de-estados-unidos-frente-a-base-aerea-ramstein\/#primaryimage\",\"url\":\"https:\/\/www.pressenza.com\/wp-content\/uploads\/2016\/06\/hdls8-droneprotest.jpg\",\"contentUrl\":\"https:\/\/www.pressenza.com\/wp-content\/uploads\/2016\/06\/hdls8-droneprotest.jpg\",\"width\":960,\"height\":540},{\"@type\":\"BreadcrumbList\",\"@id\":\"https:\/\/www.pressenza.com\/es\/2016\/06\/alemania-miles-de-personas-se-manifiestan-contra-guerra-con-aviones-no-tripulados-de-estados-unidos-frente-a-base-aerea-ramstein\/#breadcrumb\",\"itemListElement\":[{\"@type\":\"ListItem\",\"position\":1,\"name\":\"Accueil\",\"item\":\"https:\/\/www.pressenza.com\/es\/\"},{\"@type\":\"ListItem\",\"position\":2,\"name\":\"Alemania: Miles de personas se manifiestan contra guerra con aviones no tripulados de Estados Unidos frente a base a\u00e9rea Ramstein\"}]},{\"@type\":\"WebSite\",\"@id\":\"https:\/\/www.pressenza.com\/es\/#website\",\"url\":\"https:\/\/www.pressenza.com\/es\/\",\"name\":\"Pressenza\",\"description\":\"International Press Agency\",\"publisher\":{\"@id\":\"https:\/\/www.pressenza.com\/es\/#organization\"},\"potentialAction\":[{\"@type\":\"SearchAction\",\"target\":{\"@type\":\"EntryPoint\",\"urlTemplate\":\"https:\/\/www.pressenza.com\/es\/?s={search_term_string}\"},\"query-input\":{\"@type\":\"PropertyValueSpecification\",\"valueRequired\":true,\"valueName\":\"search_term_string\"}}],\"inLanguage\":\"es\"},{\"@type\":\"Organization\",\"@id\":\"https:\/\/www.pressenza.com\/es\/#organization\",\"name\":\"Pressenza\",\"url\":\"https:\/\/www.pressenza.com\/es\/\",\"logo\":{\"@type\":\"ImageObject\",\"inLanguage\":\"es\",\"@id\":\"https:\/\/www.pressenza.com\/es\/#\/schema\/logo\/image\/\",\"url\":\"https:\/\/www.pressenza.com\/wp-content\/uploads\/2022\/10\/pressenza_logo_200x200.jpg\",\"contentUrl\":\"https:\/\/www.pressenza.com\/wp-content\/uploads\/2022\/10\/pressenza_logo_200x200.jpg\",\"width\":200,\"height\":200,\"caption\":\"Pressenza\"},\"image\":{\"@id\":\"https:\/\/www.pressenza.com\/es\/#\/schema\/logo\/image\/\"},\"sameAs\":[\"https:\/\/www.facebook.com\/PressenzaItalia\",\"https:\/\/x.com\/PressenzaIPA\"]},{\"@type\":\"Person\",\"@id\":\"https:\/\/www.pressenza.com\/es\/#\/schema\/person\/6dbfa31ebecf081166f6ed11c10f262c\",\"name\":\"Democracy Now!\",\"description\":\"Democracy Now! is a national, daily, independent, award-winning news program hosted by journalists Amy Goodman and Juan Gonzalez. www.democracynow.org\",\"sameAs\":[\"http:\/\/www.democracynow.org\",\"https:\/\/www.facebook.com\/democracynow\/?fref=ts\",\"https:\/\/x.com\/democracynow\"],\"url\":\"https:\/\/www.pressenza.com\/es\/author\/democracy-now\/\"}]}<\/script>\n<!-- \/ Yoast SEO plugin. -->","yoast_head_json":{"title":"Alemania: Miles de personas se manifiestan contra guerra con aviones no tripulados de Estados Unidos frente a base a\u00e9rea Ramstein","description":"En Alemania, miles de personas formaron una cadena humana alrededor de una base de la fuerza a\u00e9rea estadounidense en protesta contra la guerra con aviones","robots":{"index":"index","follow":"follow","max-snippet":"max-snippet:-1","max-image-preview":"max-image-preview:large","max-video-preview":"max-video-preview:-1"},"canonical":"https:\/\/www.pressenza.com\/es\/2016\/06\/alemania-miles-de-personas-se-manifiestan-contra-guerra-con-aviones-no-tripulados-de-estados-unidos-frente-a-base-aerea-ramstein\/","og_locale":"es_ES","og_type":"article","og_title":"Alemania: Miles de personas se manifiestan contra guerra con aviones no tripulados de Estados Unidos frente a base a\u00e9rea Ramstein","og_description":"En Alemania, miles de personas formaron una cadena humana alrededor de una base de la fuerza a\u00e9rea estadounidense en protesta contra la guerra con aviones","og_url":"https:\/\/www.pressenza.com\/es\/2016\/06\/alemania-miles-de-personas-se-manifiestan-contra-guerra-con-aviones-no-tripulados-de-estados-unidos-frente-a-base-aerea-ramstein\/","og_site_name":"Pressenza","article_publisher":"https:\/\/www.facebook.com\/PressenzaItalia","article_author":"https:\/\/www.facebook.com\/democracynow\/?fref=ts","article_published_time":"2016-06-13T21:07:54+00:00","og_image":[{"width":960,"height":540,"url":"https:\/\/www.pressenza.com\/wp-content\/uploads\/2016\/06\/hdls8-droneprotest.jpg","type":"image\/jpeg"}],"author":"Democracy Now!","twitter_card":"summary_large_image","twitter_creator":"@democracynow","twitter_site":"@PressenzaIPA","twitter_misc":{"Escrito por":"Democracy Now!","Tiempo de lectura":"1 minuto"},"schema":{"@context":"https:\/\/schema.org","@graph":[{"@type":"Article","@id":"https:\/\/www.pressenza.com\/es\/2016\/06\/alemania-miles-de-personas-se-manifiestan-contra-guerra-con-aviones-no-tripulados-de-estados-unidos-frente-a-base-aerea-ramstein\/#article","isPartOf":{"@id":"https:\/\/www.pressenza.com\/es\/2016\/06\/alemania-miles-de-personas-se-manifiestan-contra-guerra-con-aviones-no-tripulados-de-estados-unidos-frente-a-base-aerea-ramstein\/"},"author":{"name":"Democracy Now!","@id":"https:\/\/www.pressenza.com\/es\/#\/schema\/person\/6dbfa31ebecf081166f6ed11c10f262c"},"headline":"Alemania: Miles de personas se manifiestan contra guerra con aviones no tripulados de Estados Unidos frente a base a\u00e9rea Ramstein","datePublished":"2016-06-13T21:07:54+00:00","mainEntityOfPage":{"@id":"https:\/\/www.pressenza.com\/es\/2016\/06\/alemania-miles-de-personas-se-manifiestan-contra-guerra-con-aviones-no-tripulados-de-estados-unidos-frente-a-base-aerea-ramstein\/"},"wordCount":148,"publisher":{"@id":"https:\/\/www.pressenza.com\/es\/#organization"},"image":{"@id":"https:\/\/www.pressenza.com\/es\/2016\/06\/alemania-miles-de-personas-se-manifiestan-contra-guerra-con-aviones-no-tripulados-de-estados-unidos-frente-a-base-aerea-ramstein\/#primaryimage"},"thumbnailUrl":"https:\/\/www.pressenza.com\/wp-content\/uploads\/2016\/06\/hdls8-droneprotest.jpg","keywords":["Alemania","base militar","Desarme","drones","Estados Unidos de Norteam\u00e9rica","movilizaci\u00f3n"],"articleSection":["Asuntos internacionales","Europa","Paz y Desarme"],"inLanguage":"es"},{"@type":"WebPage","@id":"https:\/\/www.pressenza.com\/es\/2016\/06\/alemania-miles-de-personas-se-manifiestan-contra-guerra-con-aviones-no-tripulados-de-estados-unidos-frente-a-base-aerea-ramstein\/","url":"https:\/\/www.pressenza.com\/es\/2016\/06\/alemania-miles-de-personas-se-manifiestan-contra-guerra-con-aviones-no-tripulados-de-estados-unidos-frente-a-base-aerea-ramstein\/","name":"Alemania: Miles de personas se manifiestan contra guerra con aviones no tripulados de Estados Unidos frente a base a\u00e9rea Ramstein","isPartOf":{"@id":"https:\/\/www.pressenza.com\/es\/#website"},"primaryImageOfPage":{"@id":"https:\/\/www.pressenza.com\/es\/2016\/06\/alemania-miles-de-personas-se-manifiestan-contra-guerra-con-aviones-no-tripulados-de-estados-unidos-frente-a-base-aerea-ramstein\/#primaryimage"},"image":{"@id":"https:\/\/www.pressenza.com\/es\/2016\/06\/alemania-miles-de-personas-se-manifiestan-contra-guerra-con-aviones-no-tripulados-de-estados-unidos-frente-a-base-aerea-ramstein\/#primaryimage"},"thumbnailUrl":"https:\/\/www.pressenza.com\/wp-content\/uploads\/2016\/06\/hdls8-droneprotest.jpg","datePublished":"2016-06-13T21:07:54+00:00","description":"En Alemania, miles de personas formaron una cadena humana alrededor de una base de la fuerza a\u00e9rea estadounidense en protesta contra la guerra con aviones","breadcrumb":{"@id":"https:\/\/www.pressenza.com\/es\/2016\/06\/alemania-miles-de-personas-se-manifiestan-contra-guerra-con-aviones-no-tripulados-de-estados-unidos-frente-a-base-aerea-ramstein\/#breadcrumb"},"inLanguage":"es","potentialAction":[{"@type":"ReadAction","target":["https:\/\/www.pressenza.com\/es\/2016\/06\/alemania-miles-de-personas-se-manifiestan-contra-guerra-con-aviones-no-tripulados-de-estados-unidos-frente-a-base-aerea-ramstein\/"]}]},{"@type":"ImageObject","inLanguage":"es","@id":"https:\/\/www.pressenza.com\/es\/2016\/06\/alemania-miles-de-personas-se-manifiestan-contra-guerra-con-aviones-no-tripulados-de-estados-unidos-frente-a-base-aerea-ramstein\/#primaryimage","url":"https:\/\/www.pressenza.com\/wp-content\/uploads\/2016\/06\/hdls8-droneprotest.jpg","contentUrl":"https:\/\/www.pressenza.com\/wp-content\/uploads\/2016\/06\/hdls8-droneprotest.jpg","width":960,"height":540},{"@type":"BreadcrumbList","@id":"https:\/\/www.pressenza.com\/es\/2016\/06\/alemania-miles-de-personas-se-manifiestan-contra-guerra-con-aviones-no-tripulados-de-estados-unidos-frente-a-base-aerea-ramstein\/#breadcrumb","itemListElement":[{"@type":"ListItem","position":1,"name":"Accueil","item":"https:\/\/www.pressenza.com\/es\/"},{"@type":"ListItem","position":2,"name":"Alemania: Miles de personas se manifiestan contra guerra con aviones no tripulados de Estados Unidos frente a base a\u00e9rea Ramstein"}]},{"@type":"WebSite","@id":"https:\/\/www.pressenza.com\/es\/#website","url":"https:\/\/www.pressenza.com\/es\/","name":"Pressenza","description":"International Press Agency","publisher":{"@id":"https:\/\/www.pressenza.com\/es\/#organization"},"potentialAction":[{"@type":"SearchAction","target":{"@type":"EntryPoint","urlTemplate":"https:\/\/www.pressenza.com\/es\/?s={search_term_string}"},"query-input":{"@type":"PropertyValueSpecification","valueRequired":true,"valueName":"search_term_string"}}],"inLanguage":"es"},{"@type":"Organization","@id":"https:\/\/www.pressenza.com\/es\/#organization","name":"Pressenza","url":"https:\/\/www.pressenza.com\/es\/","logo":{"@type":"ImageObject","inLanguage":"es","@id":"https:\/\/www.pressenza.com\/es\/#\/schema\/logo\/image\/","url":"https:\/\/www.pressenza.com\/wp-content\/uploads\/2022\/10\/pressenza_logo_200x200.jpg","contentUrl":"https:\/\/www.pressenza.com\/wp-content\/uploads\/2022\/10\/pressenza_logo_200x200.jpg","width":200,"height":200,"caption":"Pressenza"},"image":{"@id":"https:\/\/www.pressenza.com\/es\/#\/schema\/logo\/image\/"},"sameAs":["https:\/\/www.facebook.com\/PressenzaItalia","https:\/\/x.com\/PressenzaIPA"]},{"@type":"Person","@id":"https:\/\/www.pressenza.com\/es\/#\/schema\/person\/6dbfa31ebecf081166f6ed11c10f262c","name":"Democracy Now!","description":"Democracy Now! is a national, daily, independent, award-winning news program hosted by journalists Amy Goodman and Juan Gonzalez. www.democracynow.org","sameAs":["http:\/\/www.democracynow.org","https:\/\/www.facebook.com\/democracynow\/?fref=ts","https:\/\/x.com\/democracynow"],"url":"https:\/\/www.pressenza.com\/es\/author\/democracy-now\/"}]}},"place":"Ramstein-Miesenbach, Alemania","original_article_url":"http:\/\/www.democracynow.org\/es\/2016\/6\/13\/titulares\/germany_thousands_protest_us_drone_war_at_ramstein_air_base","_links":{"self":[{"href":"https:\/\/www.pressenza.com\/es\/wp-json\/wp\/v2\/posts\/329473","targetHints":{"allow":["GET"]}}],"collection":[{"href":"https:\/\/www.pressenza.com\/es\/wp-json\/wp\/v2\/posts"}],"about":[{"href":"https:\/\/www.pressenza.com\/es\/wp-json\/wp\/v2\/types\/post"}],"author":[{"embeddable":true,"href":"https:\/\/www.pressenza.com\/es\/wp-json\/wp\/v2\/users\/77"}],"replies":[{"embeddable":true,"href":"https:\/\/www.pressenza.com\/es\/wp-json\/wp\/v2\/comments?post=329473"}],"version-history":[{"count":0,"href":"https:\/\/www.pressenza.com\/es\/wp-json\/wp\/v2\/posts\/329473\/revisions"}],"wp:featuredmedia":[{"embeddable":true,"href":"https:\/\/www.pressenza.com\/es\/wp-json\/wp\/v2\/media\/329474"}],"wp:attachment":[{"href":"https:\/\/www.pressenza.com\/es\/wp-json\/wp\/v2\/media?parent=329473"}],"wp:term":[{"taxonomy":"category","embeddable":true,"href":"https:\/\/www.pressenza.com\/es\/wp-json\/wp\/v2\/categories?post=329473"},{"taxonomy":"post_tag","embeddable":true,"href":"https:\/\/www.pressenza.com\/es\/wp-json\/wp\/v2\/tags?post=329473"}],"curies":[{"name":"wp","href":"https:\/\/api.w.org\/{rel}","templated":true}]}}