{"id":329045,"date":"2016-06-12T21:23:28","date_gmt":"2016-06-12T20:23:28","guid":{"rendered":"http:\/\/www.pressenza.com\/es\/?p=329045"},"modified":"2016-06-12T21:23:28","modified_gmt":"2016-06-12T20:23:28","slug":"repaso-internacional-oreja-10062016","status":"publish","type":"post","link":"https:\/\/www.pressenza.com\/es\/2016\/06\/repaso-internacional-oreja-10062016\/","title":{"rendered":"Repaso Internacional En la Oreja 10\/06\/2016"},"content":{"rendered":"<p>Compartimos el recorrido internacional de las noticias seleccionadas por el equipo de editores de Pressenza Internacional En la Oreja, que se emite todos los viernes a las 9 de la ma\u00f1ana por la radio p\u00fablica Pichinha Universal de Ecuador.<\/p>\n<p>&nbsp;<iframe id='audio_11872404' frameborder='0' allowfullscreen='' scrolling='no' height='200' src='http:\/\/mx.ivoox.com\/es\/player_ej_11872404_4_1.html?c1=4a2d1a' style='border:1px solid #EEE; box-sizing:border-box; width:100%;'><\/iframe><\/p>\n<p><b>AM\u00c9RICA<\/b><\/p>\n<p><strong>Per\u00fa &#8211; Kuczynski gan\u00f3 las elecciones, con el 100% de las <a href=\"http:\/\/www.telam.com.ar\/notas\/201606\/150706-peru-kuczynski-votos-escrutados-ventaja-keiko-fujimori.html\">actas computadas<\/a><\/strong><\/p>\n<p>Kuczynski se convirti\u00f3 hoy en virtual presidente de Per\u00fa al lograr un ajustad\u00edsimo triunfo en la segunda vuelta de los comicios electorales, confirmaron hoy las autoridades competentes, tras ingresar el 100 por ciento de las actas.<\/p>\n<p>El re\u00f1ido escrutinio, que demand\u00f3 un trabajo de cuatro d\u00edas, dio a Kuczynski el 50,12 por ciento de los votos (8.580.474) contra el 49,88 de Keiko Fujimori (8.539.036).<\/p>\n<p>Cuando se complete el escrutinio, faltar\u00e1 a\u00fan un lapso de tiempo para presentar y revisar eventuales impugnaciones. Este ser\u00e1 el \u00faltimo paso para que el candidatos liberal sea proclamado presidente electo del pa\u00eds.<\/p>\n<p><strong>Clinton- Primer candidata a la presidencia de los Estados Unidos con chances de ganar<\/strong><\/p>\n<p>Esta semana, la aspirante a la Presidencia de EE.UU., Hillary Clinton, obtuvo un n\u00famero suficiente de delegados para convertirse en la primera mujer que postula a la Presidencia como candidata del Partido Dem\u00f3crata. Tras ganar las primarias del estado de Nueva Jersey frente a su rival dem\u00f3crata, Bernie Sanders, Hillary Clinton se declar\u00f3 vencedora.\u00bbEs la primera vez en la historia de nuestra naci\u00f3n que una mujer ser\u00e1 la candidata presidencial de uno de los grandes partidos pol\u00edticos\u00bb, declar\u00f3 exultante. Clinton felicit\u00f3 a Bernie Sanders por la campa\u00f1a realizada y extendi\u00f3 una mano a los seguidores del senador para que le den su apoyo de cara a las presidenciales.<\/p>\n<p><b>ASIA<\/b><\/p>\n<p><strong>Nueva jornada de protesta en Jap\u00f3n exige renuncia del <a href=\"http:\/\/hispantv.com\/noticias\/japon\/257834\/japon-protesta-renuncia-shinzo-abe\">primer ministro<\/a><\/strong><\/p>\n<p>El fin de semana pasada, miles de japoneses salieron a las calles de Tokio para mostrar su rechazo a las intenciones del Gobierno del primer ministro, Shinzo Abe, de enviar militares a combatir al extranjero.<\/p>\n<p>Los manifestantes se congregaron frente al edificio del Parlamento, donde exig\u00edan la renuncia del Abe con pancartas en las que se le\u00eda \u00abAbajo el Gobierno de Abe\u00bb y \u00abDejen a los ciudadanos hacer la pol\u00edtica\u00bb.<\/p>\n<p>Los participantes en la protesta denunciaron los intentos del Ejecutivo de impulsar una pol\u00e9mica ley de seguridad que autorizar\u00e1 entrar en combate a los militares nipones por primera vez desde la II Guerra Mundial.<\/p>\n<p><b>\u00c1FRICA<\/b><\/p>\n<p><strong>Kenia: Crean comit\u00e9 para resolver conflicto <a href=\"http:\/\/prensa-latina.cu\/index.php?option=com_content&amp;task=view&amp;idioma=1&amp;id=4956431&amp;Itemid=1\">pol\u00edtico keniano<\/a><\/strong><\/p>\n<p>Las pasadas semanas, el gobierno keniano enfrent\u00f3 una serie de protestas contra la Comisi\u00f3n Electoral y el mi\u00e9rcoles prohibi\u00f3 las manifestaciones planificadas por la oposici\u00f3n, a la vez que justific\u00f3 esa decisi\u00f3n con la necesidad de proteger vidas y propiedades.<\/p>\n<p>El presidente de Kenia, Uhuru Kenyatta, inform\u00f3 esta semana la creaci\u00f3n de un comit\u00e9 conjunto para solucionar el conflicto sobre la Comisi\u00f3n Electoral que enfrenta al gobierno y a la oposici\u00f3n.<\/p>\n<p>Por su parte, el jefe de la coalici\u00f3n opositora, Raila Odinga, manifest\u00f3 que su formaci\u00f3n est\u00e1 presta para el di\u00e1logo y que esta medida ayudar\u00e1 a rebajar la tensi\u00f3n.<\/p>\n<p><b>EUROPA<\/b><\/p>\n<p><strong>Suiza &#8211; rechazan propuesta de un ingreso b\u00e1sico.<\/strong><\/p>\n<p>El domingo pasado, la poblaci\u00f3n suiza rechaz\u00f3 la propuesta de otorgar a toda la poblaci\u00f3n un ingreso b\u00e1sico garantizado de aproximadamente 2.500 d\u00f3lares por mes. Sin embargo, Che Wagner, de Ingreso B\u00e1sico Suiza, celebr\u00f3 la hist\u00f3rica votaci\u00f3n, ya que se trat\u00f3 de la primera vez en la historia que un pa\u00eds se pronunci\u00f3 sobre este asunto.<\/p>\n<p>Expres\u00f3: \u201cEsper\u00e1bamos contar con 15% de apoyo y aun as\u00ed obtuvimos m\u00e1s de 20%, lo que significa que los suizos quieren que se contin\u00fae discutiendo el tema, aunque no hayan querido introducirlo en este momento\u201d.<\/p>\n<p><strong>Luxemburgo orden\u00f3 repatriar 15 millones de d\u00f3lares del ex asesor de Alberto Fujimori<\/strong><\/p>\n<p>Un tribunal de este peque\u00f1o pa\u00eds europeo orden\u00f3 repatriar a Per\u00fa los millones de Vladimiro Montesinos, producto del cobro de sobornos por la compra estatal de armas y helic\u00f3pteros a Rusia, anunci\u00f3 el procurador anticorrupci\u00f3n peruano, Joel Segura.<\/p>\n<p>Montesinos, encarcelado desde 2001 en la base naval del puerto lime\u00f1o del Callao, hab\u00eda almacenado el dinero procedente de las d\u00e1divas en el Banque Generale du Luxembourg, actualmente conocido como BGL BNP Paribas.<\/p>\n<p>Segura calific\u00f3 el fallo como \u00abhist\u00f3rico\u00bb e indic\u00f2 que es la primera vez que el Estado peruano obtiene por la v\u00eda judicial el decomiso y la repatriaci\u00f3n de dinero albergado en el extranjero por pr\u00e1cticas corruptas.<\/p>\n","protected":false},"excerpt":{"rendered":"<p>Compartimos el recorrido internacional de las noticias seleccionadas por el equipo de editores de Pressenza Internacional En la Oreja, que se emite todos los viernes a las 9 de la ma\u00f1ana por la radio p\u00fablica Pichinha Universal de Ecuador. &nbsp;&hellip;<\/p>\n","protected":false},"author":1011,"featured_media":329057,"comment_status":"closed","ping_status":"closed","sticky":false,"template":"","format":"standard","meta":{"footnotes":""},"categories":[11389,75,39,22754],"tags":[16943,10793,26184,8302,16147,17610,1560,16372,4495,9062],"class_list":["post-329045","post","type-post","status-publish","format-standard","has-post-thumbnail","hentry","category-contenido-original","category-cultura-es","category-internacional","category-radio-es","tag-en-la-oreja","tag-estados-unidos-de-norteamerica","tag-hillary-clinton-es","tag-japon-es","tag-kenia-es","tag-luxemburgo","tag-peru","tag-pichincha-universal","tag-radio-it","tag-suiza"],"yoast_head":"<!-- This site is optimized with the Yoast SEO plugin v27.1.1 - https:\/\/yoast.com\/product\/yoast-seo-wordpress\/ -->\n<title>Repaso Internacional En la Oreja 10\/06\/2016<\/title>\n<meta name=\"description\" content=\"Compartimos el recorrido internacional de las noticias seleccionadas por el equipo de editores de Pressenza Internacional En la Oreja, que se emite todos\" \/>\n<meta name=\"robots\" content=\"index, follow, max-snippet:-1, max-image-preview:large, max-video-preview:-1\" \/>\n<link rel=\"canonical\" href=\"https:\/\/www.pressenza.com\/es\/2016\/06\/repaso-internacional-oreja-10062016\/\" \/>\n<meta property=\"og:locale\" content=\"es_ES\" \/>\n<meta property=\"og:type\" content=\"article\" \/>\n<meta property=\"og:title\" content=\"Repaso Internacional En la Oreja 10\/06\/2016\" \/>\n<meta property=\"og:description\" content=\"Compartimos el recorrido internacional de las noticias seleccionadas por el equipo de editores de Pressenza Internacional En la Oreja, que se emite todos\" \/>\n<meta property=\"og:url\" content=\"https:\/\/www.pressenza.com\/es\/2016\/06\/repaso-internacional-oreja-10062016\/\" \/>\n<meta property=\"og:site_name\" content=\"Pressenza\" \/>\n<meta property=\"article:publisher\" content=\"https:\/\/www.facebook.com\/PressenzaItalia\" \/>\n<meta property=\"article:published_time\" content=\"2016-06-12T20:23:28+00:00\" \/>\n<meta property=\"og:image\" content=\"https:\/\/www.pressenza.com\/wp-content\/uploads\/2016\/06\/EnlaorejarepasoInternacional.jpg\" \/>\n\t<meta property=\"og:image:width\" content=\"709\" \/>\n\t<meta property=\"og:image:height\" content=\"778\" \/>\n\t<meta property=\"og:image:type\" content=\"image\/jpeg\" \/>\n<meta name=\"author\" content=\"Redacci\u00f3n Ecuador\" \/>\n<meta name=\"twitter:card\" content=\"summary_large_image\" \/>\n<meta name=\"twitter:creator\" content=\"@PressenzaIPA\" \/>\n<meta name=\"twitter:site\" content=\"@PressenzaIPA\" \/>\n<meta name=\"twitter:label1\" content=\"Escrito por\" \/>\n\t<meta name=\"twitter:data1\" content=\"Redacci\u00f3n Ecuador\" \/>\n\t<meta name=\"twitter:label2\" content=\"Tiempo de lectura\" \/>\n\t<meta name=\"twitter:data2\" content=\"4 minutos\" \/>\n<script type=\"application\/ld+json\" class=\"yoast-schema-graph\">{\"@context\":\"https:\/\/schema.org\",\"@graph\":[{\"@type\":\"Article\",\"@id\":\"https:\/\/www.pressenza.com\/es\/2016\/06\/repaso-internacional-oreja-10062016\/#article\",\"isPartOf\":{\"@id\":\"https:\/\/www.pressenza.com\/es\/2016\/06\/repaso-internacional-oreja-10062016\/\"},\"author\":{\"name\":\"Redacci\u00f3n Ecuador\",\"@id\":\"https:\/\/www.pressenza.com\/es\/#\/schema\/person\/883a735c40665759bcc6fe0c26bcb46f\"},\"headline\":\"Repaso Internacional En la Oreja 10\/06\/2016\",\"datePublished\":\"2016-06-12T20:23:28+00:00\",\"mainEntityOfPage\":{\"@id\":\"https:\/\/www.pressenza.com\/es\/2016\/06\/repaso-internacional-oreja-10062016\/\"},\"wordCount\":768,\"publisher\":{\"@id\":\"https:\/\/www.pressenza.com\/es\/#organization\"},\"image\":{\"@id\":\"https:\/\/www.pressenza.com\/es\/2016\/06\/repaso-internacional-oreja-10062016\/#primaryimage\"},\"thumbnailUrl\":\"https:\/\/www.pressenza.com\/wp-content\/uploads\/2016\/06\/EnlaorejarepasoInternacional.jpg\",\"keywords\":[\"En la oreja\",\"Estados Unidos de Norteam\u00e9rica\",\"Hillary Clinton\",\"Jap\u00f3n\",\"Kenia\",\"Luxemburgo\",\"Per\u00fa\",\"Pichincha Universal\",\"radio\",\"Suiza\"],\"articleSection\":[\"Contenido Original\",\"Cultura y Medios\",\"Internacional\",\"Radio\"],\"inLanguage\":\"es\"},{\"@type\":\"WebPage\",\"@id\":\"https:\/\/www.pressenza.com\/es\/2016\/06\/repaso-internacional-oreja-10062016\/\",\"url\":\"https:\/\/www.pressenza.com\/es\/2016\/06\/repaso-internacional-oreja-10062016\/\",\"name\":\"Repaso Internacional En la Oreja 10\/06\/2016\",\"isPartOf\":{\"@id\":\"https:\/\/www.pressenza.com\/es\/#website\"},\"primaryImageOfPage\":{\"@id\":\"https:\/\/www.pressenza.com\/es\/2016\/06\/repaso-internacional-oreja-10062016\/#primaryimage\"},\"image\":{\"@id\":\"https:\/\/www.pressenza.com\/es\/2016\/06\/repaso-internacional-oreja-10062016\/#primaryimage\"},\"thumbnailUrl\":\"https:\/\/www.pressenza.com\/wp-content\/uploads\/2016\/06\/EnlaorejarepasoInternacional.jpg\",\"datePublished\":\"2016-06-12T20:23:28+00:00\",\"description\":\"Compartimos el recorrido internacional de las noticias seleccionadas por el equipo de editores de Pressenza Internacional En la Oreja, que se emite todos\",\"breadcrumb\":{\"@id\":\"https:\/\/www.pressenza.com\/es\/2016\/06\/repaso-internacional-oreja-10062016\/#breadcrumb\"},\"inLanguage\":\"es\",\"potentialAction\":[{\"@type\":\"ReadAction\",\"target\":[\"https:\/\/www.pressenza.com\/es\/2016\/06\/repaso-internacional-oreja-10062016\/\"]}]},{\"@type\":\"ImageObject\",\"inLanguage\":\"es\",\"@id\":\"https:\/\/www.pressenza.com\/es\/2016\/06\/repaso-internacional-oreja-10062016\/#primaryimage\",\"url\":\"https:\/\/www.pressenza.com\/wp-content\/uploads\/2016\/06\/EnlaorejarepasoInternacional.jpg\",\"contentUrl\":\"https:\/\/www.pressenza.com\/wp-content\/uploads\/2016\/06\/EnlaorejarepasoInternacional.jpg\",\"width\":709,\"height\":778},{\"@type\":\"BreadcrumbList\",\"@id\":\"https:\/\/www.pressenza.com\/es\/2016\/06\/repaso-internacional-oreja-10062016\/#breadcrumb\",\"itemListElement\":[{\"@type\":\"ListItem\",\"position\":1,\"name\":\"Accueil\",\"item\":\"https:\/\/www.pressenza.com\/es\/\"},{\"@type\":\"ListItem\",\"position\":2,\"name\":\"Repaso Internacional En la Oreja 10\/06\/2016\"}]},{\"@type\":\"WebSite\",\"@id\":\"https:\/\/www.pressenza.com\/es\/#website\",\"url\":\"https:\/\/www.pressenza.com\/es\/\",\"name\":\"Pressenza\",\"description\":\"International Press Agency\",\"publisher\":{\"@id\":\"https:\/\/www.pressenza.com\/es\/#organization\"},\"potentialAction\":[{\"@type\":\"SearchAction\",\"target\":{\"@type\":\"EntryPoint\",\"urlTemplate\":\"https:\/\/www.pressenza.com\/es\/?s={search_term_string}\"},\"query-input\":{\"@type\":\"PropertyValueSpecification\",\"valueRequired\":true,\"valueName\":\"search_term_string\"}}],\"inLanguage\":\"es\"},{\"@type\":\"Organization\",\"@id\":\"https:\/\/www.pressenza.com\/es\/#organization\",\"name\":\"Pressenza\",\"url\":\"https:\/\/www.pressenza.com\/es\/\",\"logo\":{\"@type\":\"ImageObject\",\"inLanguage\":\"es\",\"@id\":\"https:\/\/www.pressenza.com\/es\/#\/schema\/logo\/image\/\",\"url\":\"https:\/\/www.pressenza.com\/wp-content\/uploads\/2022\/10\/pressenza_logo_200x200.jpg\",\"contentUrl\":\"https:\/\/www.pressenza.com\/wp-content\/uploads\/2022\/10\/pressenza_logo_200x200.jpg\",\"width\":200,\"height\":200,\"caption\":\"Pressenza\"},\"image\":{\"@id\":\"https:\/\/www.pressenza.com\/es\/#\/schema\/logo\/image\/\"},\"sameAs\":[\"https:\/\/www.facebook.com\/PressenzaItalia\",\"https:\/\/x.com\/PressenzaIPA\"]},{\"@type\":\"Person\",\"@id\":\"https:\/\/www.pressenza.com\/es\/#\/schema\/person\/883a735c40665759bcc6fe0c26bcb46f\",\"name\":\"Redacci\u00f3n Ecuador\",\"description\":\"News published by the Pressenza bureau in Quito, Ecuador\",\"url\":\"https:\/\/www.pressenza.com\/es\/author\/redaccion-ecuador\/\"}]}<\/script>\n<!-- \/ Yoast SEO plugin. -->","yoast_head_json":{"title":"Repaso Internacional En la Oreja 10\/06\/2016","description":"Compartimos el recorrido internacional de las noticias seleccionadas por el equipo de editores de Pressenza Internacional En la Oreja, que se emite todos","robots":{"index":"index","follow":"follow","max-snippet":"max-snippet:-1","max-image-preview":"max-image-preview:large","max-video-preview":"max-video-preview:-1"},"canonical":"https:\/\/www.pressenza.com\/es\/2016\/06\/repaso-internacional-oreja-10062016\/","og_locale":"es_ES","og_type":"article","og_title":"Repaso Internacional En la Oreja 10\/06\/2016","og_description":"Compartimos el recorrido internacional de las noticias seleccionadas por el equipo de editores de Pressenza Internacional En la Oreja, que se emite todos","og_url":"https:\/\/www.pressenza.com\/es\/2016\/06\/repaso-internacional-oreja-10062016\/","og_site_name":"Pressenza","article_publisher":"https:\/\/www.facebook.com\/PressenzaItalia","article_published_time":"2016-06-12T20:23:28+00:00","og_image":[{"width":709,"height":778,"url":"https:\/\/www.pressenza.com\/wp-content\/uploads\/2016\/06\/EnlaorejarepasoInternacional.jpg","type":"image\/jpeg"}],"author":"Redacci\u00f3n Ecuador","twitter_card":"summary_large_image","twitter_creator":"@PressenzaIPA","twitter_site":"@PressenzaIPA","twitter_misc":{"Escrito por":"Redacci\u00f3n Ecuador","Tiempo de lectura":"4 minutos"},"schema":{"@context":"https:\/\/schema.org","@graph":[{"@type":"Article","@id":"https:\/\/www.pressenza.com\/es\/2016\/06\/repaso-internacional-oreja-10062016\/#article","isPartOf":{"@id":"https:\/\/www.pressenza.com\/es\/2016\/06\/repaso-internacional-oreja-10062016\/"},"author":{"name":"Redacci\u00f3n Ecuador","@id":"https:\/\/www.pressenza.com\/es\/#\/schema\/person\/883a735c40665759bcc6fe0c26bcb46f"},"headline":"Repaso Internacional En la Oreja 10\/06\/2016","datePublished":"2016-06-12T20:23:28+00:00","mainEntityOfPage":{"@id":"https:\/\/www.pressenza.com\/es\/2016\/06\/repaso-internacional-oreja-10062016\/"},"wordCount":768,"publisher":{"@id":"https:\/\/www.pressenza.com\/es\/#organization"},"image":{"@id":"https:\/\/www.pressenza.com\/es\/2016\/06\/repaso-internacional-oreja-10062016\/#primaryimage"},"thumbnailUrl":"https:\/\/www.pressenza.com\/wp-content\/uploads\/2016\/06\/EnlaorejarepasoInternacional.jpg","keywords":["En la oreja","Estados Unidos de Norteam\u00e9rica","Hillary Clinton","Jap\u00f3n","Kenia","Luxemburgo","Per\u00fa","Pichincha Universal","radio","Suiza"],"articleSection":["Contenido Original","Cultura y Medios","Internacional","Radio"],"inLanguage":"es"},{"@type":"WebPage","@id":"https:\/\/www.pressenza.com\/es\/2016\/06\/repaso-internacional-oreja-10062016\/","url":"https:\/\/www.pressenza.com\/es\/2016\/06\/repaso-internacional-oreja-10062016\/","name":"Repaso Internacional En la Oreja 10\/06\/2016","isPartOf":{"@id":"https:\/\/www.pressenza.com\/es\/#website"},"primaryImageOfPage":{"@id":"https:\/\/www.pressenza.com\/es\/2016\/06\/repaso-internacional-oreja-10062016\/#primaryimage"},"image":{"@id":"https:\/\/www.pressenza.com\/es\/2016\/06\/repaso-internacional-oreja-10062016\/#primaryimage"},"thumbnailUrl":"https:\/\/www.pressenza.com\/wp-content\/uploads\/2016\/06\/EnlaorejarepasoInternacional.jpg","datePublished":"2016-06-12T20:23:28+00:00","description":"Compartimos el recorrido internacional de las noticias seleccionadas por el equipo de editores de Pressenza Internacional En la Oreja, que se emite todos","breadcrumb":{"@id":"https:\/\/www.pressenza.com\/es\/2016\/06\/repaso-internacional-oreja-10062016\/#breadcrumb"},"inLanguage":"es","potentialAction":[{"@type":"ReadAction","target":["https:\/\/www.pressenza.com\/es\/2016\/06\/repaso-internacional-oreja-10062016\/"]}]},{"@type":"ImageObject","inLanguage":"es","@id":"https:\/\/www.pressenza.com\/es\/2016\/06\/repaso-internacional-oreja-10062016\/#primaryimage","url":"https:\/\/www.pressenza.com\/wp-content\/uploads\/2016\/06\/EnlaorejarepasoInternacional.jpg","contentUrl":"https:\/\/www.pressenza.com\/wp-content\/uploads\/2016\/06\/EnlaorejarepasoInternacional.jpg","width":709,"height":778},{"@type":"BreadcrumbList","@id":"https:\/\/www.pressenza.com\/es\/2016\/06\/repaso-internacional-oreja-10062016\/#breadcrumb","itemListElement":[{"@type":"ListItem","position":1,"name":"Accueil","item":"https:\/\/www.pressenza.com\/es\/"},{"@type":"ListItem","position":2,"name":"Repaso Internacional En la Oreja 10\/06\/2016"}]},{"@type":"WebSite","@id":"https:\/\/www.pressenza.com\/es\/#website","url":"https:\/\/www.pressenza.com\/es\/","name":"Pressenza","description":"International Press Agency","publisher":{"@id":"https:\/\/www.pressenza.com\/es\/#organization"},"potentialAction":[{"@type":"SearchAction","target":{"@type":"EntryPoint","urlTemplate":"https:\/\/www.pressenza.com\/es\/?s={search_term_string}"},"query-input":{"@type":"PropertyValueSpecification","valueRequired":true,"valueName":"search_term_string"}}],"inLanguage":"es"},{"@type":"Organization","@id":"https:\/\/www.pressenza.com\/es\/#organization","name":"Pressenza","url":"https:\/\/www.pressenza.com\/es\/","logo":{"@type":"ImageObject","inLanguage":"es","@id":"https:\/\/www.pressenza.com\/es\/#\/schema\/logo\/image\/","url":"https:\/\/www.pressenza.com\/wp-content\/uploads\/2022\/10\/pressenza_logo_200x200.jpg","contentUrl":"https:\/\/www.pressenza.com\/wp-content\/uploads\/2022\/10\/pressenza_logo_200x200.jpg","width":200,"height":200,"caption":"Pressenza"},"image":{"@id":"https:\/\/www.pressenza.com\/es\/#\/schema\/logo\/image\/"},"sameAs":["https:\/\/www.facebook.com\/PressenzaItalia","https:\/\/x.com\/PressenzaIPA"]},{"@type":"Person","@id":"https:\/\/www.pressenza.com\/es\/#\/schema\/person\/883a735c40665759bcc6fe0c26bcb46f","name":"Redacci\u00f3n Ecuador","description":"News published by the Pressenza bureau in Quito, Ecuador","url":"https:\/\/www.pressenza.com\/es\/author\/redaccion-ecuador\/"}]}},"place":"Quito, Ecuador","original_article_url":"","_links":{"self":[{"href":"https:\/\/www.pressenza.com\/es\/wp-json\/wp\/v2\/posts\/329045","targetHints":{"allow":["GET"]}}],"collection":[{"href":"https:\/\/www.pressenza.com\/es\/wp-json\/wp\/v2\/posts"}],"about":[{"href":"https:\/\/www.pressenza.com\/es\/wp-json\/wp\/v2\/types\/post"}],"author":[{"embeddable":true,"href":"https:\/\/www.pressenza.com\/es\/wp-json\/wp\/v2\/users\/1011"}],"replies":[{"embeddable":true,"href":"https:\/\/www.pressenza.com\/es\/wp-json\/wp\/v2\/comments?post=329045"}],"version-history":[{"count":0,"href":"https:\/\/www.pressenza.com\/es\/wp-json\/wp\/v2\/posts\/329045\/revisions"}],"wp:featuredmedia":[{"embeddable":true,"href":"https:\/\/www.pressenza.com\/es\/wp-json\/wp\/v2\/media\/329057"}],"wp:attachment":[{"href":"https:\/\/www.pressenza.com\/es\/wp-json\/wp\/v2\/media?parent=329045"}],"wp:term":[{"taxonomy":"category","embeddable":true,"href":"https:\/\/www.pressenza.com\/es\/wp-json\/wp\/v2\/categories?post=329045"},{"taxonomy":"post_tag","embeddable":true,"href":"https:\/\/www.pressenza.com\/es\/wp-json\/wp\/v2\/tags?post=329045"}],"curies":[{"name":"wp","href":"https:\/\/api.w.org\/{rel}","templated":true}]}}