{"id":327863,"date":"2016-06-10T02:21:20","date_gmt":"2016-06-10T01:21:20","guid":{"rendered":"http:\/\/www.pressenza.com\/es\/?p=327863"},"modified":"2016-06-10T02:21:20","modified_gmt":"2016-06-10T01:21:20","slug":"piratas-fiscales-america-latina-y-el-caribe-robo-al-bienestar-de-gente","status":"publish","type":"post","link":"https:\/\/www.pressenza.com\/es\/2016\/06\/piratas-fiscales-america-latina-y-el-caribe-robo-al-bienestar-de-gente\/","title":{"rendered":"Piratas fiscales en Am\u00e9rica Latina y el Caribe: un robo al bienestar de la gente"},"content":{"rendered":"<p>Tal como ha sido en otras \u00e9pocas, la pirater\u00eda contin\u00faa activa, ocultando los botines de su pillaje en guaridas ocultas a los ojos p\u00fablicos.<\/p>\n<p>\u00bfQu\u00e9 son y a qui\u00e9nes sirven los para\u00edsos fiscales? \u00bfDe d\u00f3nde provienen los fondos que se esconden all\u00ed? \u00bfA qui\u00e9nes perjudican los para\u00edsos fiscales?<\/p>\n<p>\u00bfCu\u00e1les son los pa\u00edses en los que m\u00e1s se evade impuestos? \u00bfCu\u00e1les son las cuevas m\u00e1s grandes, donde guardan su platita Al\u00ed Baba y los dem\u00e1s ricachones?<\/p>\n<p>Seguramente hoy mucha gente est\u00e9 en condiciones de dar respuesta a estas preguntas. Sin embargo, gu\u00e1rdese un rinc\u00f3n para las sorpresas.<\/p>\n<p>Para entenderlo mejor, tambi\u00e9n entrevistamos a Guillermo Sullings, referente en temas econ\u00f3micos del Partido Humanista de Argentina y autor de los libros \u00abM\u00e1s all\u00e1 del capitalismo, Econom\u00eda Mixta\u00bb y \u00abEl Derecho a la Rebeli\u00f3n\u00bb.<\/p>\n<p>Un programa recomendable para desenmascarar la verdadera y permanente corrupci\u00f3n.<\/p>\n<p><iframe loading=\"lazy\" id=\"audio_11780366\" style=\"border: 1px solid #EEE; box-sizing: border-box; width: 100%;\" src=\"https:\/\/ar.ivoox.com\/es\/player_ej_11780366_4_1.html?c1=50c4b6\" width=\"300\" height=\"200\" frameborder=\"0\" scrolling=\"no\" allowfullscreen=\"allowfullscreen\"><\/iframe><\/p>\n<p><em>\u201cRegional y Popular\u201d es un segmento radial semanal de quince minutos dedicado a temas relacionados con la integraci\u00f3n de Latinoam\u00e9rica y el Caribe. <\/em><em>Es una producci\u00f3n de Pressenza realizada desde la ciudad de C\u00f3rdoba, en colaboraci\u00f3n con radio comunitaria La Ranchada y est\u00e1 dise\u00f1ado para ser incluido con facilidad en cualquier programa o programaci\u00f3n radial. Si una emisora quiere difundir regularmente nuestros programas, puede conectarnos en nuestro <\/em><a href=\"mailto:javiertolcachier@gmail.com\"><em>correo<\/em><\/a><em> de referencia y se lo enviaremos cada semana.<\/em><\/p>\n","protected":false},"excerpt":{"rendered":"<p>Tal como ha sido en otras \u00e9pocas, la pirater\u00eda contin\u00faa activa, ocultando los botines de su pillaje en guaridas ocultas a los ojos p\u00fablicos. \u00bfQu\u00e9 son y a qui\u00e9nes sirven los para\u00edsos fiscales? \u00bfDe d\u00f3nde provienen los fondos que se&hellip;<\/p>\n","protected":false},"author":87,"featured_media":327865,"comment_status":"closed","ping_status":"closed","sticky":false,"template":"","format":"standard","meta":{"footnotes":""},"categories":[69,76,11389,75,81,39,68,22754,67],"tags":[1035,15967,14640,20866,2431,15966,21254],"class_list":["post-327863","post","type-post","status-publish","format-standard","has-post-thumbnail","hentry","category-america-central","category-relaciones-exteriores","category-contenido-original","category-cultura-es","category-economia-es","category-internacional","category-norteamerica","category-radio-es","category-sudamerica","tag-desigualdad","tag-evasion-fiscal","tag-integracion-latinoamericana","tag-la-ranchada","tag-lavado-de-dinero","tag-paraisos-fiscales","tag-regional-y-popular"],"yoast_head":"<!-- This site is optimized with the Yoast SEO plugin v27.1.1 - https:\/\/yoast.com\/product\/yoast-seo-wordpress\/ -->\n<title>Piratas fiscales en Am\u00e9rica Latina y el Caribe: un robo al bienestar de la gente<\/title>\n<meta name=\"description\" content=\"Tal como ha sido en otras \u00e9pocas, la pirater\u00eda contin\u00faa activa, ocultando los botines de su pillaje en guaridas ocultas a los ojos p\u00fablicos. \u00bfQu\u00e9 son y a\" \/>\n<meta name=\"robots\" content=\"index, follow, max-snippet:-1, max-image-preview:large, max-video-preview:-1\" \/>\n<link rel=\"canonical\" href=\"https:\/\/www.pressenza.com\/es\/2016\/06\/piratas-fiscales-america-latina-y-el-caribe-robo-al-bienestar-de-gente\/\" \/>\n<meta property=\"og:locale\" content=\"es_ES\" \/>\n<meta property=\"og:type\" content=\"article\" \/>\n<meta property=\"og:title\" content=\"Piratas fiscales en Am\u00e9rica Latina y el Caribe: un robo al bienestar de la gente\" \/>\n<meta property=\"og:description\" content=\"Tal como ha sido en otras \u00e9pocas, la pirater\u00eda contin\u00faa activa, ocultando los botines de su pillaje en guaridas ocultas a los ojos p\u00fablicos. \u00bfQu\u00e9 son y a\" \/>\n<meta property=\"og:url\" content=\"https:\/\/www.pressenza.com\/es\/2016\/06\/piratas-fiscales-america-latina-y-el-caribe-robo-al-bienestar-de-gente\/\" \/>\n<meta property=\"og:site_name\" content=\"Pressenza\" \/>\n<meta property=\"article:publisher\" content=\"https:\/\/www.facebook.com\/PressenzaItalia\" \/>\n<meta property=\"article:published_time\" content=\"2016-06-10T01:21:20+00:00\" \/>\n<meta property=\"og:image\" content=\"https:\/\/www.pressenza.com\/wp-content\/uploads\/2016\/06\/dinero-kitsch.jpg\" \/>\n\t<meta property=\"og:image:width\" content=\"551\" \/>\n\t<meta property=\"og:image:height\" content=\"367\" \/>\n\t<meta property=\"og:image:type\" content=\"image\/jpeg\" \/>\n<meta name=\"author\" content=\"Redacci\u00f3n Argentina\" \/>\n<meta name=\"twitter:card\" content=\"summary_large_image\" \/>\n<meta name=\"twitter:creator\" content=\"@pressenza\" \/>\n<meta name=\"twitter:site\" content=\"@PressenzaIPA\" \/>\n<meta name=\"twitter:label1\" content=\"Escrito por\" \/>\n\t<meta name=\"twitter:data1\" content=\"Redacci\u00f3n Argentina\" \/>\n\t<meta name=\"twitter:label2\" content=\"Tiempo de lectura\" \/>\n\t<meta name=\"twitter:data2\" content=\"1 minuto\" \/>\n<script type=\"application\/ld+json\" class=\"yoast-schema-graph\">{\"@context\":\"https:\/\/schema.org\",\"@graph\":[{\"@type\":\"Article\",\"@id\":\"https:\/\/www.pressenza.com\/es\/2016\/06\/piratas-fiscales-america-latina-y-el-caribe-robo-al-bienestar-de-gente\/#article\",\"isPartOf\":{\"@id\":\"https:\/\/www.pressenza.com\/es\/2016\/06\/piratas-fiscales-america-latina-y-el-caribe-robo-al-bienestar-de-gente\/\"},\"author\":{\"name\":\"Redacci\u00f3n Argentina\",\"@id\":\"https:\/\/www.pressenza.com\/es\/#\/schema\/person\/0dda7d1b68267ad95b1e1d83abc98c89\"},\"headline\":\"Piratas fiscales en Am\u00e9rica Latina y el Caribe: un robo al bienestar de la gente\",\"datePublished\":\"2016-06-10T01:21:20+00:00\",\"mainEntityOfPage\":{\"@id\":\"https:\/\/www.pressenza.com\/es\/2016\/06\/piratas-fiscales-america-latina-y-el-caribe-robo-al-bienestar-de-gente\/\"},\"wordCount\":261,\"publisher\":{\"@id\":\"https:\/\/www.pressenza.com\/es\/#organization\"},\"image\":{\"@id\":\"https:\/\/www.pressenza.com\/es\/2016\/06\/piratas-fiscales-america-latina-y-el-caribe-robo-al-bienestar-de-gente\/#primaryimage\"},\"thumbnailUrl\":\"https:\/\/www.pressenza.com\/wp-content\/uploads\/2016\/06\/dinero-kitsch.jpg\",\"keywords\":[\"desigualdad\",\"evasi\u00f3n fiscal\",\"Integraci\u00f3n latinoamericana\",\"La Ranchada\",\"lavado de dinero\",\"paraisos fiscales\",\"Regional y Popular\"],\"articleSection\":[\"Am\u00e9rica Central\",\"Asuntos internacionales\",\"Contenido Original\",\"Cultura y Medios\",\"Econom\u00eda\",\"Internacional\",\"Norteam\u00e9rica\",\"Radio\",\"Sudam\u00e9rica\"],\"inLanguage\":\"es\"},{\"@type\":\"WebPage\",\"@id\":\"https:\/\/www.pressenza.com\/es\/2016\/06\/piratas-fiscales-america-latina-y-el-caribe-robo-al-bienestar-de-gente\/\",\"url\":\"https:\/\/www.pressenza.com\/es\/2016\/06\/piratas-fiscales-america-latina-y-el-caribe-robo-al-bienestar-de-gente\/\",\"name\":\"Piratas fiscales en Am\u00e9rica Latina y el Caribe: un robo al bienestar de la gente\",\"isPartOf\":{\"@id\":\"https:\/\/www.pressenza.com\/es\/#website\"},\"primaryImageOfPage\":{\"@id\":\"https:\/\/www.pressenza.com\/es\/2016\/06\/piratas-fiscales-america-latina-y-el-caribe-robo-al-bienestar-de-gente\/#primaryimage\"},\"image\":{\"@id\":\"https:\/\/www.pressenza.com\/es\/2016\/06\/piratas-fiscales-america-latina-y-el-caribe-robo-al-bienestar-de-gente\/#primaryimage\"},\"thumbnailUrl\":\"https:\/\/www.pressenza.com\/wp-content\/uploads\/2016\/06\/dinero-kitsch.jpg\",\"datePublished\":\"2016-06-10T01:21:20+00:00\",\"description\":\"Tal como ha sido en otras \u00e9pocas, la pirater\u00eda contin\u00faa activa, ocultando los botines de su pillaje en guaridas ocultas a los ojos p\u00fablicos. \u00bfQu\u00e9 son y a\",\"breadcrumb\":{\"@id\":\"https:\/\/www.pressenza.com\/es\/2016\/06\/piratas-fiscales-america-latina-y-el-caribe-robo-al-bienestar-de-gente\/#breadcrumb\"},\"inLanguage\":\"es\",\"potentialAction\":[{\"@type\":\"ReadAction\",\"target\":[\"https:\/\/www.pressenza.com\/es\/2016\/06\/piratas-fiscales-america-latina-y-el-caribe-robo-al-bienestar-de-gente\/\"]}]},{\"@type\":\"ImageObject\",\"inLanguage\":\"es\",\"@id\":\"https:\/\/www.pressenza.com\/es\/2016\/06\/piratas-fiscales-america-latina-y-el-caribe-robo-al-bienestar-de-gente\/#primaryimage\",\"url\":\"https:\/\/www.pressenza.com\/wp-content\/uploads\/2016\/06\/dinero-kitsch.jpg\",\"contentUrl\":\"https:\/\/www.pressenza.com\/wp-content\/uploads\/2016\/06\/dinero-kitsch.jpg\",\"width\":551,\"height\":367},{\"@type\":\"BreadcrumbList\",\"@id\":\"https:\/\/www.pressenza.com\/es\/2016\/06\/piratas-fiscales-america-latina-y-el-caribe-robo-al-bienestar-de-gente\/#breadcrumb\",\"itemListElement\":[{\"@type\":\"ListItem\",\"position\":1,\"name\":\"Accueil\",\"item\":\"https:\/\/www.pressenza.com\/es\/\"},{\"@type\":\"ListItem\",\"position\":2,\"name\":\"Piratas fiscales en Am\u00e9rica Latina y el Caribe: un robo al bienestar de la gente\"}]},{\"@type\":\"WebSite\",\"@id\":\"https:\/\/www.pressenza.com\/es\/#website\",\"url\":\"https:\/\/www.pressenza.com\/es\/\",\"name\":\"Pressenza\",\"description\":\"International Press Agency\",\"publisher\":{\"@id\":\"https:\/\/www.pressenza.com\/es\/#organization\"},\"potentialAction\":[{\"@type\":\"SearchAction\",\"target\":{\"@type\":\"EntryPoint\",\"urlTemplate\":\"https:\/\/www.pressenza.com\/es\/?s={search_term_string}\"},\"query-input\":{\"@type\":\"PropertyValueSpecification\",\"valueRequired\":true,\"valueName\":\"search_term_string\"}}],\"inLanguage\":\"es\"},{\"@type\":\"Organization\",\"@id\":\"https:\/\/www.pressenza.com\/es\/#organization\",\"name\":\"Pressenza\",\"url\":\"https:\/\/www.pressenza.com\/es\/\",\"logo\":{\"@type\":\"ImageObject\",\"inLanguage\":\"es\",\"@id\":\"https:\/\/www.pressenza.com\/es\/#\/schema\/logo\/image\/\",\"url\":\"https:\/\/www.pressenza.com\/wp-content\/uploads\/2022\/10\/pressenza_logo_200x200.jpg\",\"contentUrl\":\"https:\/\/www.pressenza.com\/wp-content\/uploads\/2022\/10\/pressenza_logo_200x200.jpg\",\"width\":200,\"height\":200,\"caption\":\"Pressenza\"},\"image\":{\"@id\":\"https:\/\/www.pressenza.com\/es\/#\/schema\/logo\/image\/\"},\"sameAs\":[\"https:\/\/www.facebook.com\/PressenzaItalia\",\"https:\/\/x.com\/PressenzaIPA\"]},{\"@type\":\"Person\",\"@id\":\"https:\/\/www.pressenza.com\/es\/#\/schema\/person\/0dda7d1b68267ad95b1e1d83abc98c89\",\"name\":\"Redacci\u00f3n Argentina\",\"description\":\"News from the Pressenza Bureau in Argentina.\",\"sameAs\":[\"https:\/\/x.com\/pressenza\"],\"url\":\"https:\/\/www.pressenza.com\/es\/author\/redaccion-argentina\/\"}]}<\/script>\n<!-- \/ Yoast SEO plugin. -->","yoast_head_json":{"title":"Piratas fiscales en Am\u00e9rica Latina y el Caribe: un robo al bienestar de la gente","description":"Tal como ha sido en otras \u00e9pocas, la pirater\u00eda contin\u00faa activa, ocultando los botines de su pillaje en guaridas ocultas a los ojos p\u00fablicos. \u00bfQu\u00e9 son y a","robots":{"index":"index","follow":"follow","max-snippet":"max-snippet:-1","max-image-preview":"max-image-preview:large","max-video-preview":"max-video-preview:-1"},"canonical":"https:\/\/www.pressenza.com\/es\/2016\/06\/piratas-fiscales-america-latina-y-el-caribe-robo-al-bienestar-de-gente\/","og_locale":"es_ES","og_type":"article","og_title":"Piratas fiscales en Am\u00e9rica Latina y el Caribe: un robo al bienestar de la gente","og_description":"Tal como ha sido en otras \u00e9pocas, la pirater\u00eda contin\u00faa activa, ocultando los botines de su pillaje en guaridas ocultas a los ojos p\u00fablicos. \u00bfQu\u00e9 son y a","og_url":"https:\/\/www.pressenza.com\/es\/2016\/06\/piratas-fiscales-america-latina-y-el-caribe-robo-al-bienestar-de-gente\/","og_site_name":"Pressenza","article_publisher":"https:\/\/www.facebook.com\/PressenzaItalia","article_published_time":"2016-06-10T01:21:20+00:00","og_image":[{"width":551,"height":367,"url":"https:\/\/www.pressenza.com\/wp-content\/uploads\/2016\/06\/dinero-kitsch.jpg","type":"image\/jpeg"}],"author":"Redacci\u00f3n Argentina","twitter_card":"summary_large_image","twitter_creator":"@pressenza","twitter_site":"@PressenzaIPA","twitter_misc":{"Escrito por":"Redacci\u00f3n Argentina","Tiempo de lectura":"1 minuto"},"schema":{"@context":"https:\/\/schema.org","@graph":[{"@type":"Article","@id":"https:\/\/www.pressenza.com\/es\/2016\/06\/piratas-fiscales-america-latina-y-el-caribe-robo-al-bienestar-de-gente\/#article","isPartOf":{"@id":"https:\/\/www.pressenza.com\/es\/2016\/06\/piratas-fiscales-america-latina-y-el-caribe-robo-al-bienestar-de-gente\/"},"author":{"name":"Redacci\u00f3n Argentina","@id":"https:\/\/www.pressenza.com\/es\/#\/schema\/person\/0dda7d1b68267ad95b1e1d83abc98c89"},"headline":"Piratas fiscales en Am\u00e9rica Latina y el Caribe: un robo al bienestar de la gente","datePublished":"2016-06-10T01:21:20+00:00","mainEntityOfPage":{"@id":"https:\/\/www.pressenza.com\/es\/2016\/06\/piratas-fiscales-america-latina-y-el-caribe-robo-al-bienestar-de-gente\/"},"wordCount":261,"publisher":{"@id":"https:\/\/www.pressenza.com\/es\/#organization"},"image":{"@id":"https:\/\/www.pressenza.com\/es\/2016\/06\/piratas-fiscales-america-latina-y-el-caribe-robo-al-bienestar-de-gente\/#primaryimage"},"thumbnailUrl":"https:\/\/www.pressenza.com\/wp-content\/uploads\/2016\/06\/dinero-kitsch.jpg","keywords":["desigualdad","evasi\u00f3n fiscal","Integraci\u00f3n latinoamericana","La Ranchada","lavado de dinero","paraisos fiscales","Regional y Popular"],"articleSection":["Am\u00e9rica Central","Asuntos internacionales","Contenido Original","Cultura y Medios","Econom\u00eda","Internacional","Norteam\u00e9rica","Radio","Sudam\u00e9rica"],"inLanguage":"es"},{"@type":"WebPage","@id":"https:\/\/www.pressenza.com\/es\/2016\/06\/piratas-fiscales-america-latina-y-el-caribe-robo-al-bienestar-de-gente\/","url":"https:\/\/www.pressenza.com\/es\/2016\/06\/piratas-fiscales-america-latina-y-el-caribe-robo-al-bienestar-de-gente\/","name":"Piratas fiscales en Am\u00e9rica Latina y el Caribe: un robo al bienestar de la gente","isPartOf":{"@id":"https:\/\/www.pressenza.com\/es\/#website"},"primaryImageOfPage":{"@id":"https:\/\/www.pressenza.com\/es\/2016\/06\/piratas-fiscales-america-latina-y-el-caribe-robo-al-bienestar-de-gente\/#primaryimage"},"image":{"@id":"https:\/\/www.pressenza.com\/es\/2016\/06\/piratas-fiscales-america-latina-y-el-caribe-robo-al-bienestar-de-gente\/#primaryimage"},"thumbnailUrl":"https:\/\/www.pressenza.com\/wp-content\/uploads\/2016\/06\/dinero-kitsch.jpg","datePublished":"2016-06-10T01:21:20+00:00","description":"Tal como ha sido en otras \u00e9pocas, la pirater\u00eda contin\u00faa activa, ocultando los botines de su pillaje en guaridas ocultas a los ojos p\u00fablicos. \u00bfQu\u00e9 son y a","breadcrumb":{"@id":"https:\/\/www.pressenza.com\/es\/2016\/06\/piratas-fiscales-america-latina-y-el-caribe-robo-al-bienestar-de-gente\/#breadcrumb"},"inLanguage":"es","potentialAction":[{"@type":"ReadAction","target":["https:\/\/www.pressenza.com\/es\/2016\/06\/piratas-fiscales-america-latina-y-el-caribe-robo-al-bienestar-de-gente\/"]}]},{"@type":"ImageObject","inLanguage":"es","@id":"https:\/\/www.pressenza.com\/es\/2016\/06\/piratas-fiscales-america-latina-y-el-caribe-robo-al-bienestar-de-gente\/#primaryimage","url":"https:\/\/www.pressenza.com\/wp-content\/uploads\/2016\/06\/dinero-kitsch.jpg","contentUrl":"https:\/\/www.pressenza.com\/wp-content\/uploads\/2016\/06\/dinero-kitsch.jpg","width":551,"height":367},{"@type":"BreadcrumbList","@id":"https:\/\/www.pressenza.com\/es\/2016\/06\/piratas-fiscales-america-latina-y-el-caribe-robo-al-bienestar-de-gente\/#breadcrumb","itemListElement":[{"@type":"ListItem","position":1,"name":"Accueil","item":"https:\/\/www.pressenza.com\/es\/"},{"@type":"ListItem","position":2,"name":"Piratas fiscales en Am\u00e9rica Latina y el Caribe: un robo al bienestar de la gente"}]},{"@type":"WebSite","@id":"https:\/\/www.pressenza.com\/es\/#website","url":"https:\/\/www.pressenza.com\/es\/","name":"Pressenza","description":"International Press Agency","publisher":{"@id":"https:\/\/www.pressenza.com\/es\/#organization"},"potentialAction":[{"@type":"SearchAction","target":{"@type":"EntryPoint","urlTemplate":"https:\/\/www.pressenza.com\/es\/?s={search_term_string}"},"query-input":{"@type":"PropertyValueSpecification","valueRequired":true,"valueName":"search_term_string"}}],"inLanguage":"es"},{"@type":"Organization","@id":"https:\/\/www.pressenza.com\/es\/#organization","name":"Pressenza","url":"https:\/\/www.pressenza.com\/es\/","logo":{"@type":"ImageObject","inLanguage":"es","@id":"https:\/\/www.pressenza.com\/es\/#\/schema\/logo\/image\/","url":"https:\/\/www.pressenza.com\/wp-content\/uploads\/2022\/10\/pressenza_logo_200x200.jpg","contentUrl":"https:\/\/www.pressenza.com\/wp-content\/uploads\/2022\/10\/pressenza_logo_200x200.jpg","width":200,"height":200,"caption":"Pressenza"},"image":{"@id":"https:\/\/www.pressenza.com\/es\/#\/schema\/logo\/image\/"},"sameAs":["https:\/\/www.facebook.com\/PressenzaItalia","https:\/\/x.com\/PressenzaIPA"]},{"@type":"Person","@id":"https:\/\/www.pressenza.com\/es\/#\/schema\/person\/0dda7d1b68267ad95b1e1d83abc98c89","name":"Redacci\u00f3n Argentina","description":"News from the Pressenza Bureau in Argentina.","sameAs":["https:\/\/x.com\/pressenza"],"url":"https:\/\/www.pressenza.com\/es\/author\/redaccion-argentina\/"}]}},"place":"C\u00f3rdoba, Argentina","original_article_url":"","_links":{"self":[{"href":"https:\/\/www.pressenza.com\/es\/wp-json\/wp\/v2\/posts\/327863","targetHints":{"allow":["GET"]}}],"collection":[{"href":"https:\/\/www.pressenza.com\/es\/wp-json\/wp\/v2\/posts"}],"about":[{"href":"https:\/\/www.pressenza.com\/es\/wp-json\/wp\/v2\/types\/post"}],"author":[{"embeddable":true,"href":"https:\/\/www.pressenza.com\/es\/wp-json\/wp\/v2\/users\/87"}],"replies":[{"embeddable":true,"href":"https:\/\/www.pressenza.com\/es\/wp-json\/wp\/v2\/comments?post=327863"}],"version-history":[{"count":0,"href":"https:\/\/www.pressenza.com\/es\/wp-json\/wp\/v2\/posts\/327863\/revisions"}],"wp:featuredmedia":[{"embeddable":true,"href":"https:\/\/www.pressenza.com\/es\/wp-json\/wp\/v2\/media\/327865"}],"wp:attachment":[{"href":"https:\/\/www.pressenza.com\/es\/wp-json\/wp\/v2\/media?parent=327863"}],"wp:term":[{"taxonomy":"category","embeddable":true,"href":"https:\/\/www.pressenza.com\/es\/wp-json\/wp\/v2\/categories?post=327863"},{"taxonomy":"post_tag","embeddable":true,"href":"https:\/\/www.pressenza.com\/es\/wp-json\/wp\/v2\/tags?post=327863"}],"curies":[{"name":"wp","href":"https:\/\/api.w.org\/{rel}","templated":true}]}}