{"id":327384,"date":"2016-06-08T16:18:54","date_gmt":"2016-06-08T15:18:54","guid":{"rendered":"http:\/\/www.pressenza.com\/es\/?p=327384"},"modified":"2016-06-08T16:18:54","modified_gmt":"2016-06-08T15:18:54","slug":"el-mar-de-contaminacion-alias-mediterraneo","status":"publish","type":"post","link":"https:\/\/www.pressenza.com\/es\/2016\/06\/el-mar-de-contaminacion-alias-mediterraneo\/","title":{"rendered":"El mar de la contaminaci\u00f3n, alias Mediterr\u00e1neo"},"content":{"rendered":"<p><strong><em>Por Baher Kamal<\/em><\/strong><\/p>\n<p>La Organizaci\u00f3n de las Naciones Unidas (ONU) identifica a 17 grandes mares para su labor, pero el Mediterr\u00e1neo quiz\u00e1 sea el caso m\u00e1s dram\u00e1tico, ya que de la llamada cuna de la civilizaci\u00f3n pas\u00f3 a ser un cementerio para miles de solicitantes de asilo y migrantes. Y es muy probable que sea la cuenca de agua m\u00e1s contaminada del planeta.<span id=\"more-131936\"><\/span><\/p>\n<p>El Mediterr\u00e1neo abarca una superficie de 2,5 millones de kil\u00f3metros cuadrados y \u00a0lo rodean 22 pa\u00edses, que juntos comparten una costa de 46.000 kil\u00f3metros y albergan a unos 480 millones de habitantes en tres continentes \u2013 \u00c1frica, Asia y Europa.<\/p>\n<p>Pero tambi\u00e9n es una especie de gran lago salado al ser un mar semicerrado, ya que solo tiene dos peque\u00f1os puntos de contacto con el oc\u00e9ano abierto, el canal de Suez por el este y el estrecho de Gibraltar por el oeste.<\/p>\n<p>Esto implica que sus aguas necesitan para renovarse entre 80 y 150 a\u00f1os, seg\u00fan el <a href=\"http:\/\/www.unepmap.org\/\">Plan de Acci\u00f3n para el Mediterr\u00e1neo<\/a> (PMA), el proyecto con sede en Atenas del<a href=\"http:\/\/www.pnuma.org\/\"> Programa de Naciones Unidas para el Medio Ambiente<\/a> (PNUMA).<\/p>\n<p>En otras palabras, una gota de agua contaminada permanece circulando en el Mediterr\u00e1neo durante un siglo, en promedio.<\/p>\n<p>A\u00f1\u00e1dase a esto que uno de cada tres de sus habitantes, o m\u00e1s de 160 millones de personas, son residentes permanentes en los centros urbanos situados a lo largo de su costa. Adem\u00e1s, 180 millones de turistas visitan sus playas cada a\u00f1o, lo que lleva a 340 millones la cantidad de seres humanos concentrados all\u00ed durante la temporada pico.<\/p>\n<p>La consecuencia es que millones de personas arrojan al Mediterr\u00e1neo sus desechos s\u00f3lidos y l\u00edquidos, dom\u00e9sticos y urbanos. El problema resulta m\u00e1s evidente si se tiene en cuenta que hasta hace pocos a\u00f1os, m\u00e1s de 40 por ciento de los centros urbanos costeros carec\u00edan de instalaciones para el tratamiento de las aguas residuales, y que 80 por ciento de estas se arrojaban al mar sin tratar, seg\u00fan el PNUMA \/ PAM.<\/p>\n<p><strong>M\u00e1s de 20.000 toneladas de gasolina por a\u00f1o<\/strong><\/p>\n<p>Las actividades industriales tambi\u00e9n son una fuente clave de contaminaci\u00f3n, principalmente de los sectores qu\u00edmicos, petroqu\u00edmicos y metal\u00fargicos, como confirman los siguientes ejemplos:<\/p>\n<p>\u2013 Unas 60 refiner\u00edas vierten en el mar cerca de 20.000 toneladas de petr\u00f3leo por a\u00f1o.<\/p>\n<p>\u2013 Los productos qu\u00edmicos utilizados en la agricultura generan escurrimientos que contienen pesticidas, nitratos y fosfatos.<\/p>\n<p>\u2013 Otras fuentes de contaminaci\u00f3n son las industrias del tratamiento de residuos y generaci\u00f3n de disolventes, tratamiento de metales, producci\u00f3n de papel, pinturas y pl\u00e1sticos, te\u00f1ido, estampado y curtiembres.<\/p>\n<p><strong>El tr\u00e1fico mar\u00edtimo<\/strong><\/p>\n<p>Pero el mar Mediterr\u00e1neo tambi\u00e9n est\u00e1 bajo la presi\u00f3n de sus intensas actividades mar\u00edtimas. Casi 30 por ciento de todo el comercio mar\u00edtimo internacional pasa por sus puertos o sus aguas, as\u00ed como aproximadamente 25 por ciento del petr\u00f3leo que el planeta transporta por mar.<\/p>\n<p>Tenga en cuenta que aproximadamente 2.000 buques mercantes de m\u00e1s de 100 toneladas se encuentran en el mar en todo momento, y que 200.000 llegan a cruzar el Mediterr\u00e1neo cada a\u00f1o.<\/p>\n<p>Pero este tr\u00e1fico mar\u00edtimo no solo provoca contaminaci\u00f3n, sino que se estima que 50 por ciento de las mercanc\u00edas transportadas por mar tienen alg\u00fan grado de peligro.<\/p>\n<p>Algunas sustancias qu\u00edmicas son m\u00e1s peligrosas que el petr\u00f3leo, aunque las cantidades de estos productos transportadas por v\u00eda mar\u00edtima en el Mediterr\u00e1neo equivalen a una fracci\u00f3n del volumen de crudo que cargan los buques cisterna.<\/p>\n<p>Por otra parte, la contaminaci\u00f3n por hidrocarburos procedente del funcionamiento de los buques incluye una variedad de vertidos de petr\u00f3leo y mezclas oleosas que se generan a bordo.<\/p>\n<p><strong>Basura marina<\/strong><\/p>\n<p>PAM\/PNUMA acaba de lanzar su<a href=\"http:\/\/www.unepmap.org\/index.php?module=news&amp;action=detail&amp;id=203\"> Evaluaci\u00f3n de Desechos Marinos en el Mediterr\u00e1neo<\/a>, en el marco de la Asamblea Ambiental de las Naciones Unidas, celebrada en mayo en Nairobi.<\/p>\n<p>La basura marina se ha confirmado como un problema cr\u00edtico en el Mediterr\u00e1neo, exacerbada por los limitados intercambios hidrol\u00f3gicos de la cuenca con los oc\u00e9anos, as\u00ed como por la presi\u00f3n de sus costas densamente pobladas, el turismo altamente desarrollado y los impactos del paso de 30 por ciento del tr\u00e1fico mar\u00edtimo mundial, adem\u00e1s del aporte adicional de los r\u00edos y las zonas densamente urbanizadas.<\/p>\n<p>En comparaci\u00f3n con la evaluaci\u00f3n anterior, de 2008, este informe actualizado proporciona datos sobre los residuos y desechos pl\u00e1sticos que cada pa\u00eds arroja al Mediterr\u00e1neo y especifica las fuentes m\u00e1s importantes de basura, los cambios en su composici\u00f3n y patrones de transporte, as\u00ed como una revisi\u00f3n exhaustiva de los datos existentes para los cuatro compartimentos del medio marino \u2013 las playas, la superficie, el lecho del mar y los desechos ingeridos.<\/p>\n<p><strong>El D\u00eda Mundial de los Oc\u00e9anos<\/strong><\/p>\n<p>Todo lo anterior podr\u00eda perderse en la marea de informaci\u00f3n relacionada con el D\u00eda Mundial de los Oc\u00e9anos, que se celebra el mi\u00e9rcoles 8 de este mes.<\/p>\n<p>Un<a href=\"http:\/\/www.un.org\/en\/events\/oceansday\/background.shtml\"> informe<\/a> de la ONU se\u00f1ala que los oc\u00e9anos del mundo \u2013 su temperatura, qu\u00edmica, corrientes y biodiversidad \u2013 impulsan los sistemas globales que hacen que la Tierra sea habitable para la humanidad.<\/p>\n<p>\u201cNuestra agua de lluvia, agua potable, tiempo, clima, costas, gran parte de nuestros alimentos, e incluso el ox\u00edgeno del aire que respiramos, todos en \u00faltima instancia son proporcionados y regulados por el mar. A lo largo de la historia, los oc\u00e9anos y mares han sido conductos vitales para el comercio y el transporte\u201d, destaca el informe.<\/p>\n<p>En ocasi\u00f3n del D\u00eda Mundial de los Oc\u00e9anos, la ONU destaca datos y cifras:<\/p>\n<p>\u2013 Los oc\u00e9anos abarcan 75 por ciento de la superficie terrestre y contienen 97 por ciento del agua del planeta.<\/p>\n<p>\u2013 M\u00e1s de 3.000 millones de personas dependen de la biodiversidad marina y costera para su sustento.<\/p>\n<p>\u2013 Los oc\u00e9anos contienen cerca de 200.000 especies identificadas, pero el n\u00famero real podr\u00eda ascender a millones.<\/p>\n<p>\u2013 Los oc\u00e9anos absorben aproximadamente 30 por ciento del di\u00f3xido de carbono producido por la humanidad, lo que amortigua el impacto del calentamiento global.<\/p>\n<p>\u2013 Los oc\u00e9anos son la principal fuente de prote\u00ednas\u00a0 para m\u00e1s de 2.600 millones de personas.<\/p>\n<p>\u2013 La pesca mar\u00edtima directa o indirectamente emplea a m\u00e1s de 200 millones de personas.<\/p>\n<p><em>Traducido por \u00c1lvaro Queiruga<\/em><\/p>\n","protected":false},"excerpt":{"rendered":"<p>Por Baher Kamal La Organizaci\u00f3n de las Naciones Unidas (ONU) identifica a 17 grandes mares para su labor, pero el Mediterr\u00e1neo quiz\u00e1 sea el caso m\u00e1s dram\u00e1tico, ya que de la llamada cuna de la civilizaci\u00f3n pas\u00f3 a ser un&hellip;<\/p>\n","protected":false},"author":347,"featured_media":327385,"comment_status":"closed","ping_status":"closed","sticky":false,"template":"","format":"standard","meta":{"footnotes":""},"categories":[64,76,78,66,39,71,1239],"tags":[16510,27806,7310,953,407,22209,4441,4918],"class_list":["post-327384","post","type-post","status-publish","format-standard","has-post-thumbnail","hentry","category-africa-es","category-relaciones-exteriores","category-medio-ambiente-ecologia","category-europa-es","category-internacional","category-medio-oriente-es","category-salud","tag-africa-es","tag-basura-marina","tag-contaminacion","tag-europa-es-2","tag-medio-ambiente","tag-medio-oriente","tag-mediterraneo","tag-pesca-es"],"yoast_head":"<!-- This site is optimized with the Yoast SEO plugin v27.1.1 - https:\/\/yoast.com\/product\/yoast-seo-wordpress\/ -->\n<title>El mar de la contaminaci\u00f3n, alias Mediterr\u00e1neo<\/title>\n<meta name=\"description\" content=\"Por Baher Kamal La Organizaci\u00f3n de las Naciones Unidas (ONU) identifica a 17 grandes mares para su labor, pero el Mediterr\u00e1neo quiz\u00e1 sea el caso m\u00e1s\" \/>\n<meta name=\"robots\" content=\"index, follow, max-snippet:-1, max-image-preview:large, max-video-preview:-1\" \/>\n<link rel=\"canonical\" href=\"https:\/\/www.pressenza.com\/es\/2016\/06\/el-mar-de-contaminacion-alias-mediterraneo\/\" \/>\n<meta property=\"og:locale\" content=\"es_ES\" \/>\n<meta property=\"og:type\" content=\"article\" \/>\n<meta property=\"og:title\" content=\"El mar de la contaminaci\u00f3n, alias Mediterr\u00e1neo\" \/>\n<meta property=\"og:description\" content=\"Por Baher Kamal La Organizaci\u00f3n de las Naciones Unidas (ONU) identifica a 17 grandes mares para su labor, pero el Mediterr\u00e1neo quiz\u00e1 sea el caso m\u00e1s\" \/>\n<meta property=\"og:url\" content=\"https:\/\/www.pressenza.com\/es\/2016\/06\/el-mar-de-contaminacion-alias-mediterraneo\/\" \/>\n<meta property=\"og:site_name\" content=\"Pressenza\" \/>\n<meta property=\"article:publisher\" content=\"https:\/\/www.facebook.com\/PressenzaItalia\" \/>\n<meta property=\"article:author\" content=\"http:\/\/www.facebook.com\/ipsnoticias\" \/>\n<meta property=\"article:published_time\" content=\"2016-06-08T15:18:54+00:00\" \/>\n<meta property=\"og:image\" content=\"https:\/\/www.pressenza.com\/wp-content\/uploads\/2016\/06\/fish-web_-629x420.jpg\" \/>\n\t<meta property=\"og:image:width\" content=\"629\" \/>\n\t<meta property=\"og:image:height\" content=\"420\" \/>\n\t<meta property=\"og:image:type\" content=\"image\/jpeg\" \/>\n<meta name=\"author\" content=\"Inter Press Service\" \/>\n<meta name=\"twitter:card\" content=\"summary_large_image\" \/>\n<meta name=\"twitter:creator\" content=\"@ipsnoticias\" \/>\n<meta name=\"twitter:site\" content=\"@PressenzaIPA\" \/>\n<meta name=\"twitter:label1\" content=\"Escrito por\" \/>\n\t<meta name=\"twitter:data1\" content=\"Inter Press Service\" \/>\n\t<meta name=\"twitter:label2\" content=\"Tiempo de lectura\" \/>\n\t<meta name=\"twitter:data2\" content=\"5 minutos\" \/>\n<script type=\"application\/ld+json\" class=\"yoast-schema-graph\">{\"@context\":\"https:\/\/schema.org\",\"@graph\":[{\"@type\":\"Article\",\"@id\":\"https:\/\/www.pressenza.com\/es\/2016\/06\/el-mar-de-contaminacion-alias-mediterraneo\/#article\",\"isPartOf\":{\"@id\":\"https:\/\/www.pressenza.com\/es\/2016\/06\/el-mar-de-contaminacion-alias-mediterraneo\/\"},\"author\":{\"name\":\"Inter Press Service\",\"@id\":\"https:\/\/www.pressenza.com\/es\/#\/schema\/person\/7467f88f6765c239bdd52f3c432de81a\"},\"headline\":\"El mar de la contaminaci\u00f3n, alias Mediterr\u00e1neo\",\"datePublished\":\"2016-06-08T15:18:54+00:00\",\"mainEntityOfPage\":{\"@id\":\"https:\/\/www.pressenza.com\/es\/2016\/06\/el-mar-de-contaminacion-alias-mediterraneo\/\"},\"wordCount\":1089,\"publisher\":{\"@id\":\"https:\/\/www.pressenza.com\/es\/#organization\"},\"image\":{\"@id\":\"https:\/\/www.pressenza.com\/es\/2016\/06\/el-mar-de-contaminacion-alias-mediterraneo\/#primaryimage\"},\"thumbnailUrl\":\"https:\/\/www.pressenza.com\/wp-content\/uploads\/2016\/06\/fish-web_-629x420.jpg\",\"keywords\":[\"Africa\",\"basura marina\",\"contaminaci\u00f3n\",\"Europa\",\"medio ambiente\",\"Medio Oriente\",\"Mediterraneo\",\"pesca\"],\"articleSection\":[\"Africa\",\"Asuntos internacionales\",\"Ecolog\u00eda y Medio Ambiente\",\"Europa\",\"Internacional\",\"Medio Oriente\",\"Salud\"],\"inLanguage\":\"es\"},{\"@type\":\"WebPage\",\"@id\":\"https:\/\/www.pressenza.com\/es\/2016\/06\/el-mar-de-contaminacion-alias-mediterraneo\/\",\"url\":\"https:\/\/www.pressenza.com\/es\/2016\/06\/el-mar-de-contaminacion-alias-mediterraneo\/\",\"name\":\"El mar de la contaminaci\u00f3n, alias Mediterr\u00e1neo\",\"isPartOf\":{\"@id\":\"https:\/\/www.pressenza.com\/es\/#website\"},\"primaryImageOfPage\":{\"@id\":\"https:\/\/www.pressenza.com\/es\/2016\/06\/el-mar-de-contaminacion-alias-mediterraneo\/#primaryimage\"},\"image\":{\"@id\":\"https:\/\/www.pressenza.com\/es\/2016\/06\/el-mar-de-contaminacion-alias-mediterraneo\/#primaryimage\"},\"thumbnailUrl\":\"https:\/\/www.pressenza.com\/wp-content\/uploads\/2016\/06\/fish-web_-629x420.jpg\",\"datePublished\":\"2016-06-08T15:18:54+00:00\",\"description\":\"Por Baher Kamal La Organizaci\u00f3n de las Naciones Unidas (ONU) identifica a 17 grandes mares para su labor, pero el Mediterr\u00e1neo quiz\u00e1 sea el caso m\u00e1s\",\"breadcrumb\":{\"@id\":\"https:\/\/www.pressenza.com\/es\/2016\/06\/el-mar-de-contaminacion-alias-mediterraneo\/#breadcrumb\"},\"inLanguage\":\"es\",\"potentialAction\":[{\"@type\":\"ReadAction\",\"target\":[\"https:\/\/www.pressenza.com\/es\/2016\/06\/el-mar-de-contaminacion-alias-mediterraneo\/\"]}]},{\"@type\":\"ImageObject\",\"inLanguage\":\"es\",\"@id\":\"https:\/\/www.pressenza.com\/es\/2016\/06\/el-mar-de-contaminacion-alias-mediterraneo\/#primaryimage\",\"url\":\"https:\/\/www.pressenza.com\/wp-content\/uploads\/2016\/06\/fish-web_-629x420.jpg\",\"contentUrl\":\"https:\/\/www.pressenza.com\/wp-content\/uploads\/2016\/06\/fish-web_-629x420.jpg\",\"width\":629,\"height\":420},{\"@type\":\"BreadcrumbList\",\"@id\":\"https:\/\/www.pressenza.com\/es\/2016\/06\/el-mar-de-contaminacion-alias-mediterraneo\/#breadcrumb\",\"itemListElement\":[{\"@type\":\"ListItem\",\"position\":1,\"name\":\"Accueil\",\"item\":\"https:\/\/www.pressenza.com\/es\/\"},{\"@type\":\"ListItem\",\"position\":2,\"name\":\"El mar de la contaminaci\u00f3n, alias Mediterr\u00e1neo\"}]},{\"@type\":\"WebSite\",\"@id\":\"https:\/\/www.pressenza.com\/es\/#website\",\"url\":\"https:\/\/www.pressenza.com\/es\/\",\"name\":\"Pressenza\",\"description\":\"International Press Agency\",\"publisher\":{\"@id\":\"https:\/\/www.pressenza.com\/es\/#organization\"},\"potentialAction\":[{\"@type\":\"SearchAction\",\"target\":{\"@type\":\"EntryPoint\",\"urlTemplate\":\"https:\/\/www.pressenza.com\/es\/?s={search_term_string}\"},\"query-input\":{\"@type\":\"PropertyValueSpecification\",\"valueRequired\":true,\"valueName\":\"search_term_string\"}}],\"inLanguage\":\"es\"},{\"@type\":\"Organization\",\"@id\":\"https:\/\/www.pressenza.com\/es\/#organization\",\"name\":\"Pressenza\",\"url\":\"https:\/\/www.pressenza.com\/es\/\",\"logo\":{\"@type\":\"ImageObject\",\"inLanguage\":\"es\",\"@id\":\"https:\/\/www.pressenza.com\/es\/#\/schema\/logo\/image\/\",\"url\":\"https:\/\/www.pressenza.com\/wp-content\/uploads\/2022\/10\/pressenza_logo_200x200.jpg\",\"contentUrl\":\"https:\/\/www.pressenza.com\/wp-content\/uploads\/2022\/10\/pressenza_logo_200x200.jpg\",\"width\":200,\"height\":200,\"caption\":\"Pressenza\"},\"image\":{\"@id\":\"https:\/\/www.pressenza.com\/es\/#\/schema\/logo\/image\/\"},\"sameAs\":[\"https:\/\/www.facebook.com\/PressenzaItalia\",\"https:\/\/x.com\/PressenzaIPA\"]},{\"@type\":\"Person\",\"@id\":\"https:\/\/www.pressenza.com\/es\/#\/schema\/person\/7467f88f6765c239bdd52f3c432de81a\",\"name\":\"Inter Press Service\",\"description\":\"IPS is an international communications institution at the heart of a global news agency that amplifies the voices of the South and civil society on development, globalisation, human rights and the environment. www.ipsnews.net\",\"sameAs\":[\"http:\/\/www.facebook.com\/ipsnoticias\",\"https:\/\/x.com\/ipsnoticias\"],\"url\":\"https:\/\/www.pressenza.com\/es\/author\/ips-inter-press-service\/\"}]}<\/script>\n<!-- \/ Yoast SEO plugin. -->","yoast_head_json":{"title":"El mar de la contaminaci\u00f3n, alias Mediterr\u00e1neo","description":"Por Baher Kamal La Organizaci\u00f3n de las Naciones Unidas (ONU) identifica a 17 grandes mares para su labor, pero el Mediterr\u00e1neo quiz\u00e1 sea el caso m\u00e1s","robots":{"index":"index","follow":"follow","max-snippet":"max-snippet:-1","max-image-preview":"max-image-preview:large","max-video-preview":"max-video-preview:-1"},"canonical":"https:\/\/www.pressenza.com\/es\/2016\/06\/el-mar-de-contaminacion-alias-mediterraneo\/","og_locale":"es_ES","og_type":"article","og_title":"El mar de la contaminaci\u00f3n, alias Mediterr\u00e1neo","og_description":"Por Baher Kamal La Organizaci\u00f3n de las Naciones Unidas (ONU) identifica a 17 grandes mares para su labor, pero el Mediterr\u00e1neo quiz\u00e1 sea el caso m\u00e1s","og_url":"https:\/\/www.pressenza.com\/es\/2016\/06\/el-mar-de-contaminacion-alias-mediterraneo\/","og_site_name":"Pressenza","article_publisher":"https:\/\/www.facebook.com\/PressenzaItalia","article_author":"http:\/\/www.facebook.com\/ipsnoticias","article_published_time":"2016-06-08T15:18:54+00:00","og_image":[{"width":629,"height":420,"url":"https:\/\/www.pressenza.com\/wp-content\/uploads\/2016\/06\/fish-web_-629x420.jpg","type":"image\/jpeg"}],"author":"Inter Press Service","twitter_card":"summary_large_image","twitter_creator":"@ipsnoticias","twitter_site":"@PressenzaIPA","twitter_misc":{"Escrito por":"Inter Press Service","Tiempo de lectura":"5 minutos"},"schema":{"@context":"https:\/\/schema.org","@graph":[{"@type":"Article","@id":"https:\/\/www.pressenza.com\/es\/2016\/06\/el-mar-de-contaminacion-alias-mediterraneo\/#article","isPartOf":{"@id":"https:\/\/www.pressenza.com\/es\/2016\/06\/el-mar-de-contaminacion-alias-mediterraneo\/"},"author":{"name":"Inter Press Service","@id":"https:\/\/www.pressenza.com\/es\/#\/schema\/person\/7467f88f6765c239bdd52f3c432de81a"},"headline":"El mar de la contaminaci\u00f3n, alias Mediterr\u00e1neo","datePublished":"2016-06-08T15:18:54+00:00","mainEntityOfPage":{"@id":"https:\/\/www.pressenza.com\/es\/2016\/06\/el-mar-de-contaminacion-alias-mediterraneo\/"},"wordCount":1089,"publisher":{"@id":"https:\/\/www.pressenza.com\/es\/#organization"},"image":{"@id":"https:\/\/www.pressenza.com\/es\/2016\/06\/el-mar-de-contaminacion-alias-mediterraneo\/#primaryimage"},"thumbnailUrl":"https:\/\/www.pressenza.com\/wp-content\/uploads\/2016\/06\/fish-web_-629x420.jpg","keywords":["Africa","basura marina","contaminaci\u00f3n","Europa","medio ambiente","Medio Oriente","Mediterraneo","pesca"],"articleSection":["Africa","Asuntos internacionales","Ecolog\u00eda y Medio Ambiente","Europa","Internacional","Medio Oriente","Salud"],"inLanguage":"es"},{"@type":"WebPage","@id":"https:\/\/www.pressenza.com\/es\/2016\/06\/el-mar-de-contaminacion-alias-mediterraneo\/","url":"https:\/\/www.pressenza.com\/es\/2016\/06\/el-mar-de-contaminacion-alias-mediterraneo\/","name":"El mar de la contaminaci\u00f3n, alias Mediterr\u00e1neo","isPartOf":{"@id":"https:\/\/www.pressenza.com\/es\/#website"},"primaryImageOfPage":{"@id":"https:\/\/www.pressenza.com\/es\/2016\/06\/el-mar-de-contaminacion-alias-mediterraneo\/#primaryimage"},"image":{"@id":"https:\/\/www.pressenza.com\/es\/2016\/06\/el-mar-de-contaminacion-alias-mediterraneo\/#primaryimage"},"thumbnailUrl":"https:\/\/www.pressenza.com\/wp-content\/uploads\/2016\/06\/fish-web_-629x420.jpg","datePublished":"2016-06-08T15:18:54+00:00","description":"Por Baher Kamal La Organizaci\u00f3n de las Naciones Unidas (ONU) identifica a 17 grandes mares para su labor, pero el Mediterr\u00e1neo quiz\u00e1 sea el caso m\u00e1s","breadcrumb":{"@id":"https:\/\/www.pressenza.com\/es\/2016\/06\/el-mar-de-contaminacion-alias-mediterraneo\/#breadcrumb"},"inLanguage":"es","potentialAction":[{"@type":"ReadAction","target":["https:\/\/www.pressenza.com\/es\/2016\/06\/el-mar-de-contaminacion-alias-mediterraneo\/"]}]},{"@type":"ImageObject","inLanguage":"es","@id":"https:\/\/www.pressenza.com\/es\/2016\/06\/el-mar-de-contaminacion-alias-mediterraneo\/#primaryimage","url":"https:\/\/www.pressenza.com\/wp-content\/uploads\/2016\/06\/fish-web_-629x420.jpg","contentUrl":"https:\/\/www.pressenza.com\/wp-content\/uploads\/2016\/06\/fish-web_-629x420.jpg","width":629,"height":420},{"@type":"BreadcrumbList","@id":"https:\/\/www.pressenza.com\/es\/2016\/06\/el-mar-de-contaminacion-alias-mediterraneo\/#breadcrumb","itemListElement":[{"@type":"ListItem","position":1,"name":"Accueil","item":"https:\/\/www.pressenza.com\/es\/"},{"@type":"ListItem","position":2,"name":"El mar de la contaminaci\u00f3n, alias Mediterr\u00e1neo"}]},{"@type":"WebSite","@id":"https:\/\/www.pressenza.com\/es\/#website","url":"https:\/\/www.pressenza.com\/es\/","name":"Pressenza","description":"International Press Agency","publisher":{"@id":"https:\/\/www.pressenza.com\/es\/#organization"},"potentialAction":[{"@type":"SearchAction","target":{"@type":"EntryPoint","urlTemplate":"https:\/\/www.pressenza.com\/es\/?s={search_term_string}"},"query-input":{"@type":"PropertyValueSpecification","valueRequired":true,"valueName":"search_term_string"}}],"inLanguage":"es"},{"@type":"Organization","@id":"https:\/\/www.pressenza.com\/es\/#organization","name":"Pressenza","url":"https:\/\/www.pressenza.com\/es\/","logo":{"@type":"ImageObject","inLanguage":"es","@id":"https:\/\/www.pressenza.com\/es\/#\/schema\/logo\/image\/","url":"https:\/\/www.pressenza.com\/wp-content\/uploads\/2022\/10\/pressenza_logo_200x200.jpg","contentUrl":"https:\/\/www.pressenza.com\/wp-content\/uploads\/2022\/10\/pressenza_logo_200x200.jpg","width":200,"height":200,"caption":"Pressenza"},"image":{"@id":"https:\/\/www.pressenza.com\/es\/#\/schema\/logo\/image\/"},"sameAs":["https:\/\/www.facebook.com\/PressenzaItalia","https:\/\/x.com\/PressenzaIPA"]},{"@type":"Person","@id":"https:\/\/www.pressenza.com\/es\/#\/schema\/person\/7467f88f6765c239bdd52f3c432de81a","name":"Inter Press Service","description":"IPS is an international communications institution at the heart of a global news agency that amplifies the voices of the South and civil society on development, globalisation, human rights and the environment. www.ipsnews.net","sameAs":["http:\/\/www.facebook.com\/ipsnoticias","https:\/\/x.com\/ipsnoticias"],"url":"https:\/\/www.pressenza.com\/es\/author\/ips-inter-press-service\/"}]}},"place":"Roma, Italia","original_article_url":"http:\/\/www.ipsnoticias.net\/2016\/06\/el-mar-de-la-contaminacion-alias-mediterraneo\/","_links":{"self":[{"href":"https:\/\/www.pressenza.com\/es\/wp-json\/wp\/v2\/posts\/327384","targetHints":{"allow":["GET"]}}],"collection":[{"href":"https:\/\/www.pressenza.com\/es\/wp-json\/wp\/v2\/posts"}],"about":[{"href":"https:\/\/www.pressenza.com\/es\/wp-json\/wp\/v2\/types\/post"}],"author":[{"embeddable":true,"href":"https:\/\/www.pressenza.com\/es\/wp-json\/wp\/v2\/users\/347"}],"replies":[{"embeddable":true,"href":"https:\/\/www.pressenza.com\/es\/wp-json\/wp\/v2\/comments?post=327384"}],"version-history":[{"count":0,"href":"https:\/\/www.pressenza.com\/es\/wp-json\/wp\/v2\/posts\/327384\/revisions"}],"wp:featuredmedia":[{"embeddable":true,"href":"https:\/\/www.pressenza.com\/es\/wp-json\/wp\/v2\/media\/327385"}],"wp:attachment":[{"href":"https:\/\/www.pressenza.com\/es\/wp-json\/wp\/v2\/media?parent=327384"}],"wp:term":[{"taxonomy":"category","embeddable":true,"href":"https:\/\/www.pressenza.com\/es\/wp-json\/wp\/v2\/categories?post=327384"},{"taxonomy":"post_tag","embeddable":true,"href":"https:\/\/www.pressenza.com\/es\/wp-json\/wp\/v2\/tags?post=327384"}],"curies":[{"name":"wp","href":"https:\/\/api.w.org\/{rel}","templated":true}]}}