{"id":327297,"date":"2016-06-08T14:14:55","date_gmt":"2016-06-08T13:14:55","guid":{"rendered":"http:\/\/www.pressenza.com\/es\/?p=327297"},"modified":"2016-06-08T14:14:55","modified_gmt":"2016-06-08T13:14:55","slug":"defensoria-del-publico-alerta-ante-una-nueva-amenaza-a-libertad-de-expresion","status":"publish","type":"post","link":"https:\/\/www.pressenza.com\/es\/2016\/06\/defensoria-del-publico-alerta-ante-una-nueva-amenaza-a-libertad-de-expresion\/","title":{"rendered":"La Defensor\u00eda del P\u00fablico alerta ante una nueva amenaza a la libertad de expresi\u00f3n"},"content":{"rendered":"<p><em>Es por el proyecto de ley sobre \u00abblanqueo de capitales\u00bb que, en su art\u00edculo 85, restringe el derecho a informar y a informarse sobre asuntos de inter\u00e9s p\u00fablico y relevancia institucional.<\/em><\/p>\n<p>Ante el proyecto de ley elaborado por el Poder Ejecutivo Nacional sobre \u00abblanqueo de capitales\u00bb que, en su art\u00edculo 85, restringe el derecho a informar y a informarse sobre asuntos de inter\u00e9s p\u00fablico y relevancia institucional, la Defensor\u00eda del P\u00fablico expresa su profunda preocupaci\u00f3n y rechazo ante cualquier medida que pueda limitar los derechos de quienes trabajan en los servicios de comunicaci\u00f3n audiovisual y las audiencias.<\/p>\n<p>Por tal motivo, en el d\u00eda de la fecha, esta Defensor\u00eda envi\u00f3 una nota a legisladoras y legisladores del Congreso Nacional solicitando la urgente exclusi\u00f3n del art\u00edculo y la importancia de que asuman reflexivamente las responsabilidades que les asisten en la protecci\u00f3n de la libertad de expresi\u00f3n, comunicaci\u00f3n e informaci\u00f3n que los Tratados internacionales, la Constituci\u00f3n Nacional y las leyes vigentes garantizan.<\/p>\n<p>En dicha nota, la Defensor\u00eda record\u00f3 que los tratados internacionales de Derechos Humanos con rango constitucional y los principios de protecci\u00f3n de la libertad de expresi\u00f3n son la gu\u00eda insoslayable que exige al Congreso Nacional tomar los recaudos m\u00e1s estrictos para analizar este tipo de proyecto de ley. Tambi\u00e9n record\u00f3 que la Ley de Servicios de Comunicaci\u00f3n Audiovisual, 26.522, reconoce a la informaci\u00f3n como un derecho y al p\u00fablico como sujeto con capacidad para exigir su cumplimiento. Por ende, cualquier restricci\u00f3n de la informaci\u00f3n de inter\u00e9s p\u00fablico vulnera los derechos de las audiencias.<\/p>\n<p>Por otra parte, es necesario destacar que, el proyecto del Poder Ejecutivo elige la m\u00e1s gravosa opci\u00f3n respecto de la vigencia del derecho a la comunicaci\u00f3n: recurrir a la v\u00eda penal, estableciendo para \u201cterceros que divulguen o reproduzcan documentaci\u00f3n o informaci\u00f3n de cualquier modo relacionado con las declaraciones voluntarias y excepcionales\u201d penas de hasta dos a\u00f1os de prisi\u00f3n y sanci\u00f3n econ\u00f3mica con multas de fuerte car\u00e1cter inhibitorio, generando efectos disuasivos para la emisi\u00f3n de informaciones de inter\u00e9s p\u00fablico y relevancia institucional.<\/p>\n<p>En consecuencia, adem\u00e1s de limitar la libertad de expresi\u00f3n, este proyecto se convierte en una amenaza contra quienes trabajan en los medios de comunicaci\u00f3n y en una lesi\u00f3n para las audiencias, lo que motiva un en\u00e9rgico repudio por parte de esta Defensor\u00eda y la recomendaci\u00f3n de no seguir atentando contra la libertad de expresi\u00f3n y opini\u00f3n a trav\u00e9s de este tipo de medidas.<\/p>\n","protected":false},"excerpt":{"rendered":"<p>Es por el proyecto de ley sobre \u00abblanqueo de capitales\u00bb que, en su art\u00edculo 85, restringe el derecho a informar y a informarse sobre asuntos de inter\u00e9s p\u00fablico y relevancia institucional. Ante el proyecto de ley elaborado por el Poder&hellip;<\/p>\n","protected":false},"author":87,"featured_media":327298,"comment_status":"closed","ping_status":"closed","sticky":false,"template":"","format":"standard","meta":{"footnotes":""},"categories":[149,75,67],"tags":[26,25819,19472,645,9053,523],"class_list":["post-327297","post","type-post","status-publish","format-standard","has-post-thumbnail","hentry","category-comunicados-de-prensa","category-cultura-es","category-sudamerica","tag-argentina","tag-blanqueo","tag-defensoria-del-publico","tag-libertad-de-expresion","tag-libertad-de-prensa","tag-medios-de-comunicacion"],"yoast_head":"<!-- This site is optimized with the Yoast SEO plugin v27.1.1 - https:\/\/yoast.com\/product\/yoast-seo-wordpress\/ -->\n<title>La Defensor\u00eda del P\u00fablico alerta ante una nueva amenaza a la libertad de expresi\u00f3n<\/title>\n<meta name=\"description\" content=\"Es por el proyecto de ley sobre &quot;blanqueo de capitales&quot; que, en su art\u00edculo 85, restringe el derecho a informar y a informarse sobre asuntos de inter\u00e9s\" \/>\n<meta name=\"robots\" content=\"index, follow, max-snippet:-1, max-image-preview:large, max-video-preview:-1\" \/>\n<link rel=\"canonical\" href=\"https:\/\/www.pressenza.com\/es\/2016\/06\/defensoria-del-publico-alerta-ante-una-nueva-amenaza-a-libertad-de-expresion\/\" \/>\n<meta property=\"og:locale\" content=\"es_ES\" \/>\n<meta property=\"og:type\" content=\"article\" \/>\n<meta property=\"og:title\" content=\"La Defensor\u00eda del P\u00fablico alerta ante una nueva amenaza a la libertad de expresi\u00f3n\" \/>\n<meta property=\"og:description\" content=\"Es por el proyecto de ley sobre &quot;blanqueo de capitales&quot; que, en su art\u00edculo 85, restringe el derecho a informar y a informarse sobre asuntos de inter\u00e9s\" \/>\n<meta property=\"og:url\" content=\"https:\/\/www.pressenza.com\/es\/2016\/06\/defensoria-del-publico-alerta-ante-una-nueva-amenaza-a-libertad-de-expresion\/\" \/>\n<meta property=\"og:site_name\" content=\"Pressenza\" \/>\n<meta property=\"article:publisher\" content=\"https:\/\/www.facebook.com\/PressenzaItalia\" \/>\n<meta property=\"article:published_time\" content=\"2016-06-08T13:14:55+00:00\" \/>\n<meta property=\"og:image\" content=\"https:\/\/www.pressenza.com\/wp-content\/uploads\/2016\/06\/geneirica3_3.jpg\" \/>\n\t<meta property=\"og:image:width\" content=\"2750\" \/>\n\t<meta property=\"og:image:height\" content=\"1650\" \/>\n\t<meta property=\"og:image:type\" content=\"image\/jpeg\" \/>\n<meta name=\"author\" content=\"Redacci\u00f3n Argentina\" \/>\n<meta name=\"twitter:card\" content=\"summary_large_image\" \/>\n<meta name=\"twitter:creator\" content=\"@pressenza\" \/>\n<meta name=\"twitter:site\" content=\"@PressenzaIPA\" \/>\n<meta name=\"twitter:label1\" content=\"Escrito por\" \/>\n\t<meta name=\"twitter:data1\" content=\"Redacci\u00f3n Argentina\" \/>\n\t<meta name=\"twitter:label2\" content=\"Tiempo de lectura\" \/>\n\t<meta name=\"twitter:data2\" content=\"2 minutos\" \/>\n<script type=\"application\/ld+json\" class=\"yoast-schema-graph\">{\"@context\":\"https:\/\/schema.org\",\"@graph\":[{\"@type\":\"Article\",\"@id\":\"https:\/\/www.pressenza.com\/es\/2016\/06\/defensoria-del-publico-alerta-ante-una-nueva-amenaza-a-libertad-de-expresion\/#article\",\"isPartOf\":{\"@id\":\"https:\/\/www.pressenza.com\/es\/2016\/06\/defensoria-del-publico-alerta-ante-una-nueva-amenaza-a-libertad-de-expresion\/\"},\"author\":{\"name\":\"Redacci\u00f3n Argentina\",\"@id\":\"https:\/\/www.pressenza.com\/es\/#\/schema\/person\/0dda7d1b68267ad95b1e1d83abc98c89\"},\"headline\":\"La Defensor\u00eda del P\u00fablico alerta ante una nueva amenaza a la libertad de expresi\u00f3n\",\"datePublished\":\"2016-06-08T13:14:55+00:00\",\"mainEntityOfPage\":{\"@id\":\"https:\/\/www.pressenza.com\/es\/2016\/06\/defensoria-del-publico-alerta-ante-una-nueva-amenaza-a-libertad-de-expresion\/\"},\"wordCount\":466,\"publisher\":{\"@id\":\"https:\/\/www.pressenza.com\/es\/#organization\"},\"image\":{\"@id\":\"https:\/\/www.pressenza.com\/es\/2016\/06\/defensoria-del-publico-alerta-ante-una-nueva-amenaza-a-libertad-de-expresion\/#primaryimage\"},\"thumbnailUrl\":\"https:\/\/www.pressenza.com\/wp-content\/uploads\/2016\/06\/geneirica3_3.jpg\",\"keywords\":[\"Argentina\",\"blanqueo\",\"Defensor\u00eda del P\u00fablico\",\"Libertad de expresi\u00f3n\",\"libertad de prensa\",\"medios de comunicaci\u00f3n\"],\"articleSection\":[\"Comunicados de Prensa\",\"Cultura y Medios\",\"Sudam\u00e9rica\"],\"inLanguage\":\"es\"},{\"@type\":\"WebPage\",\"@id\":\"https:\/\/www.pressenza.com\/es\/2016\/06\/defensoria-del-publico-alerta-ante-una-nueva-amenaza-a-libertad-de-expresion\/\",\"url\":\"https:\/\/www.pressenza.com\/es\/2016\/06\/defensoria-del-publico-alerta-ante-una-nueva-amenaza-a-libertad-de-expresion\/\",\"name\":\"La Defensor\u00eda del P\u00fablico alerta ante una nueva amenaza a la libertad de expresi\u00f3n\",\"isPartOf\":{\"@id\":\"https:\/\/www.pressenza.com\/es\/#website\"},\"primaryImageOfPage\":{\"@id\":\"https:\/\/www.pressenza.com\/es\/2016\/06\/defensoria-del-publico-alerta-ante-una-nueva-amenaza-a-libertad-de-expresion\/#primaryimage\"},\"image\":{\"@id\":\"https:\/\/www.pressenza.com\/es\/2016\/06\/defensoria-del-publico-alerta-ante-una-nueva-amenaza-a-libertad-de-expresion\/#primaryimage\"},\"thumbnailUrl\":\"https:\/\/www.pressenza.com\/wp-content\/uploads\/2016\/06\/geneirica3_3.jpg\",\"datePublished\":\"2016-06-08T13:14:55+00:00\",\"description\":\"Es por el proyecto de ley sobre \\\"blanqueo de capitales\\\" que, en su art\u00edculo 85, restringe el derecho a informar y a informarse sobre asuntos de inter\u00e9s\",\"breadcrumb\":{\"@id\":\"https:\/\/www.pressenza.com\/es\/2016\/06\/defensoria-del-publico-alerta-ante-una-nueva-amenaza-a-libertad-de-expresion\/#breadcrumb\"},\"inLanguage\":\"es\",\"potentialAction\":[{\"@type\":\"ReadAction\",\"target\":[\"https:\/\/www.pressenza.com\/es\/2016\/06\/defensoria-del-publico-alerta-ante-una-nueva-amenaza-a-libertad-de-expresion\/\"]}]},{\"@type\":\"ImageObject\",\"inLanguage\":\"es\",\"@id\":\"https:\/\/www.pressenza.com\/es\/2016\/06\/defensoria-del-publico-alerta-ante-una-nueva-amenaza-a-libertad-de-expresion\/#primaryimage\",\"url\":\"https:\/\/www.pressenza.com\/wp-content\/uploads\/2016\/06\/geneirica3_3.jpg\",\"contentUrl\":\"https:\/\/www.pressenza.com\/wp-content\/uploads\/2016\/06\/geneirica3_3.jpg\",\"width\":2750,\"height\":1650},{\"@type\":\"BreadcrumbList\",\"@id\":\"https:\/\/www.pressenza.com\/es\/2016\/06\/defensoria-del-publico-alerta-ante-una-nueva-amenaza-a-libertad-de-expresion\/#breadcrumb\",\"itemListElement\":[{\"@type\":\"ListItem\",\"position\":1,\"name\":\"Accueil\",\"item\":\"https:\/\/www.pressenza.com\/es\/\"},{\"@type\":\"ListItem\",\"position\":2,\"name\":\"La Defensor\u00eda del P\u00fablico alerta ante una nueva amenaza a la libertad de expresi\u00f3n\"}]},{\"@type\":\"WebSite\",\"@id\":\"https:\/\/www.pressenza.com\/es\/#website\",\"url\":\"https:\/\/www.pressenza.com\/es\/\",\"name\":\"Pressenza\",\"description\":\"International Press Agency\",\"publisher\":{\"@id\":\"https:\/\/www.pressenza.com\/es\/#organization\"},\"potentialAction\":[{\"@type\":\"SearchAction\",\"target\":{\"@type\":\"EntryPoint\",\"urlTemplate\":\"https:\/\/www.pressenza.com\/es\/?s={search_term_string}\"},\"query-input\":{\"@type\":\"PropertyValueSpecification\",\"valueRequired\":true,\"valueName\":\"search_term_string\"}}],\"inLanguage\":\"es\"},{\"@type\":\"Organization\",\"@id\":\"https:\/\/www.pressenza.com\/es\/#organization\",\"name\":\"Pressenza\",\"url\":\"https:\/\/www.pressenza.com\/es\/\",\"logo\":{\"@type\":\"ImageObject\",\"inLanguage\":\"es\",\"@id\":\"https:\/\/www.pressenza.com\/es\/#\/schema\/logo\/image\/\",\"url\":\"https:\/\/www.pressenza.com\/wp-content\/uploads\/2022\/10\/pressenza_logo_200x200.jpg\",\"contentUrl\":\"https:\/\/www.pressenza.com\/wp-content\/uploads\/2022\/10\/pressenza_logo_200x200.jpg\",\"width\":200,\"height\":200,\"caption\":\"Pressenza\"},\"image\":{\"@id\":\"https:\/\/www.pressenza.com\/es\/#\/schema\/logo\/image\/\"},\"sameAs\":[\"https:\/\/www.facebook.com\/PressenzaItalia\",\"https:\/\/x.com\/PressenzaIPA\"]},{\"@type\":\"Person\",\"@id\":\"https:\/\/www.pressenza.com\/es\/#\/schema\/person\/0dda7d1b68267ad95b1e1d83abc98c89\",\"name\":\"Redacci\u00f3n Argentina\",\"description\":\"News from the Pressenza Bureau in Argentina.\",\"sameAs\":[\"https:\/\/x.com\/pressenza\"],\"url\":\"https:\/\/www.pressenza.com\/es\/author\/redaccion-argentina\/\"}]}<\/script>\n<!-- \/ Yoast SEO plugin. -->","yoast_head_json":{"title":"La Defensor\u00eda del P\u00fablico alerta ante una nueva amenaza a la libertad de expresi\u00f3n","description":"Es por el proyecto de ley sobre \"blanqueo de capitales\" que, en su art\u00edculo 85, restringe el derecho a informar y a informarse sobre asuntos de inter\u00e9s","robots":{"index":"index","follow":"follow","max-snippet":"max-snippet:-1","max-image-preview":"max-image-preview:large","max-video-preview":"max-video-preview:-1"},"canonical":"https:\/\/www.pressenza.com\/es\/2016\/06\/defensoria-del-publico-alerta-ante-una-nueva-amenaza-a-libertad-de-expresion\/","og_locale":"es_ES","og_type":"article","og_title":"La Defensor\u00eda del P\u00fablico alerta ante una nueva amenaza a la libertad de expresi\u00f3n","og_description":"Es por el proyecto de ley sobre \"blanqueo de capitales\" que, en su art\u00edculo 85, restringe el derecho a informar y a informarse sobre asuntos de inter\u00e9s","og_url":"https:\/\/www.pressenza.com\/es\/2016\/06\/defensoria-del-publico-alerta-ante-una-nueva-amenaza-a-libertad-de-expresion\/","og_site_name":"Pressenza","article_publisher":"https:\/\/www.facebook.com\/PressenzaItalia","article_published_time":"2016-06-08T13:14:55+00:00","og_image":[{"width":2750,"height":1650,"url":"https:\/\/www.pressenza.com\/wp-content\/uploads\/2016\/06\/geneirica3_3.jpg","type":"image\/jpeg"}],"author":"Redacci\u00f3n Argentina","twitter_card":"summary_large_image","twitter_creator":"@pressenza","twitter_site":"@PressenzaIPA","twitter_misc":{"Escrito por":"Redacci\u00f3n Argentina","Tiempo de lectura":"2 minutos"},"schema":{"@context":"https:\/\/schema.org","@graph":[{"@type":"Article","@id":"https:\/\/www.pressenza.com\/es\/2016\/06\/defensoria-del-publico-alerta-ante-una-nueva-amenaza-a-libertad-de-expresion\/#article","isPartOf":{"@id":"https:\/\/www.pressenza.com\/es\/2016\/06\/defensoria-del-publico-alerta-ante-una-nueva-amenaza-a-libertad-de-expresion\/"},"author":{"name":"Redacci\u00f3n Argentina","@id":"https:\/\/www.pressenza.com\/es\/#\/schema\/person\/0dda7d1b68267ad95b1e1d83abc98c89"},"headline":"La Defensor\u00eda del P\u00fablico alerta ante una nueva amenaza a la libertad de expresi\u00f3n","datePublished":"2016-06-08T13:14:55+00:00","mainEntityOfPage":{"@id":"https:\/\/www.pressenza.com\/es\/2016\/06\/defensoria-del-publico-alerta-ante-una-nueva-amenaza-a-libertad-de-expresion\/"},"wordCount":466,"publisher":{"@id":"https:\/\/www.pressenza.com\/es\/#organization"},"image":{"@id":"https:\/\/www.pressenza.com\/es\/2016\/06\/defensoria-del-publico-alerta-ante-una-nueva-amenaza-a-libertad-de-expresion\/#primaryimage"},"thumbnailUrl":"https:\/\/www.pressenza.com\/wp-content\/uploads\/2016\/06\/geneirica3_3.jpg","keywords":["Argentina","blanqueo","Defensor\u00eda del P\u00fablico","Libertad de expresi\u00f3n","libertad de prensa","medios de comunicaci\u00f3n"],"articleSection":["Comunicados de Prensa","Cultura y Medios","Sudam\u00e9rica"],"inLanguage":"es"},{"@type":"WebPage","@id":"https:\/\/www.pressenza.com\/es\/2016\/06\/defensoria-del-publico-alerta-ante-una-nueva-amenaza-a-libertad-de-expresion\/","url":"https:\/\/www.pressenza.com\/es\/2016\/06\/defensoria-del-publico-alerta-ante-una-nueva-amenaza-a-libertad-de-expresion\/","name":"La Defensor\u00eda del P\u00fablico alerta ante una nueva amenaza a la libertad de expresi\u00f3n","isPartOf":{"@id":"https:\/\/www.pressenza.com\/es\/#website"},"primaryImageOfPage":{"@id":"https:\/\/www.pressenza.com\/es\/2016\/06\/defensoria-del-publico-alerta-ante-una-nueva-amenaza-a-libertad-de-expresion\/#primaryimage"},"image":{"@id":"https:\/\/www.pressenza.com\/es\/2016\/06\/defensoria-del-publico-alerta-ante-una-nueva-amenaza-a-libertad-de-expresion\/#primaryimage"},"thumbnailUrl":"https:\/\/www.pressenza.com\/wp-content\/uploads\/2016\/06\/geneirica3_3.jpg","datePublished":"2016-06-08T13:14:55+00:00","description":"Es por el proyecto de ley sobre \"blanqueo de capitales\" que, en su art\u00edculo 85, restringe el derecho a informar y a informarse sobre asuntos de inter\u00e9s","breadcrumb":{"@id":"https:\/\/www.pressenza.com\/es\/2016\/06\/defensoria-del-publico-alerta-ante-una-nueva-amenaza-a-libertad-de-expresion\/#breadcrumb"},"inLanguage":"es","potentialAction":[{"@type":"ReadAction","target":["https:\/\/www.pressenza.com\/es\/2016\/06\/defensoria-del-publico-alerta-ante-una-nueva-amenaza-a-libertad-de-expresion\/"]}]},{"@type":"ImageObject","inLanguage":"es","@id":"https:\/\/www.pressenza.com\/es\/2016\/06\/defensoria-del-publico-alerta-ante-una-nueva-amenaza-a-libertad-de-expresion\/#primaryimage","url":"https:\/\/www.pressenza.com\/wp-content\/uploads\/2016\/06\/geneirica3_3.jpg","contentUrl":"https:\/\/www.pressenza.com\/wp-content\/uploads\/2016\/06\/geneirica3_3.jpg","width":2750,"height":1650},{"@type":"BreadcrumbList","@id":"https:\/\/www.pressenza.com\/es\/2016\/06\/defensoria-del-publico-alerta-ante-una-nueva-amenaza-a-libertad-de-expresion\/#breadcrumb","itemListElement":[{"@type":"ListItem","position":1,"name":"Accueil","item":"https:\/\/www.pressenza.com\/es\/"},{"@type":"ListItem","position":2,"name":"La Defensor\u00eda del P\u00fablico alerta ante una nueva amenaza a la libertad de expresi\u00f3n"}]},{"@type":"WebSite","@id":"https:\/\/www.pressenza.com\/es\/#website","url":"https:\/\/www.pressenza.com\/es\/","name":"Pressenza","description":"International Press Agency","publisher":{"@id":"https:\/\/www.pressenza.com\/es\/#organization"},"potentialAction":[{"@type":"SearchAction","target":{"@type":"EntryPoint","urlTemplate":"https:\/\/www.pressenza.com\/es\/?s={search_term_string}"},"query-input":{"@type":"PropertyValueSpecification","valueRequired":true,"valueName":"search_term_string"}}],"inLanguage":"es"},{"@type":"Organization","@id":"https:\/\/www.pressenza.com\/es\/#organization","name":"Pressenza","url":"https:\/\/www.pressenza.com\/es\/","logo":{"@type":"ImageObject","inLanguage":"es","@id":"https:\/\/www.pressenza.com\/es\/#\/schema\/logo\/image\/","url":"https:\/\/www.pressenza.com\/wp-content\/uploads\/2022\/10\/pressenza_logo_200x200.jpg","contentUrl":"https:\/\/www.pressenza.com\/wp-content\/uploads\/2022\/10\/pressenza_logo_200x200.jpg","width":200,"height":200,"caption":"Pressenza"},"image":{"@id":"https:\/\/www.pressenza.com\/es\/#\/schema\/logo\/image\/"},"sameAs":["https:\/\/www.facebook.com\/PressenzaItalia","https:\/\/x.com\/PressenzaIPA"]},{"@type":"Person","@id":"https:\/\/www.pressenza.com\/es\/#\/schema\/person\/0dda7d1b68267ad95b1e1d83abc98c89","name":"Redacci\u00f3n Argentina","description":"News from the Pressenza Bureau in Argentina.","sameAs":["https:\/\/x.com\/pressenza"],"url":"https:\/\/www.pressenza.com\/es\/author\/redaccion-argentina\/"}]}},"place":"Ciudad de Buenos Aires, Argentina","original_article_url":"http:\/\/www.defensadelpublico.gob.ar\/es\/defensoria-del-publico-alerta-una-nueva-amenaza-libertad-expresion-0","_links":{"self":[{"href":"https:\/\/www.pressenza.com\/es\/wp-json\/wp\/v2\/posts\/327297","targetHints":{"allow":["GET"]}}],"collection":[{"href":"https:\/\/www.pressenza.com\/es\/wp-json\/wp\/v2\/posts"}],"about":[{"href":"https:\/\/www.pressenza.com\/es\/wp-json\/wp\/v2\/types\/post"}],"author":[{"embeddable":true,"href":"https:\/\/www.pressenza.com\/es\/wp-json\/wp\/v2\/users\/87"}],"replies":[{"embeddable":true,"href":"https:\/\/www.pressenza.com\/es\/wp-json\/wp\/v2\/comments?post=327297"}],"version-history":[{"count":0,"href":"https:\/\/www.pressenza.com\/es\/wp-json\/wp\/v2\/posts\/327297\/revisions"}],"wp:featuredmedia":[{"embeddable":true,"href":"https:\/\/www.pressenza.com\/es\/wp-json\/wp\/v2\/media\/327298"}],"wp:attachment":[{"href":"https:\/\/www.pressenza.com\/es\/wp-json\/wp\/v2\/media?parent=327297"}],"wp:term":[{"taxonomy":"category","embeddable":true,"href":"https:\/\/www.pressenza.com\/es\/wp-json\/wp\/v2\/categories?post=327297"},{"taxonomy":"post_tag","embeddable":true,"href":"https:\/\/www.pressenza.com\/es\/wp-json\/wp\/v2\/tags?post=327297"}],"curies":[{"name":"wp","href":"https:\/\/api.w.org\/{rel}","templated":true}]}}