{"id":325280,"date":"2016-06-03T03:10:22","date_gmt":"2016-06-03T02:10:22","guid":{"rendered":"http:\/\/www.pressenza.com\/es\/?p=325280"},"modified":"2016-06-03T03:10:22","modified_gmt":"2016-06-03T02:10:22","slug":"abuelas-de-plaza-de-mayo-repudia-decreto-presidencial-argentina","status":"publish","type":"post","link":"https:\/\/www.pressenza.com\/es\/2016\/06\/abuelas-de-plaza-de-mayo-repudia-decreto-presidencial-argentina\/","title":{"rendered":"Abuelas de Plaza de Mayo repudia decreto presidencial en Argentina"},"content":{"rendered":"<p><strong>Repudiamos el decreto que devuelve autonom\u00eda a las Fuerzas Armadas<\/strong><\/p>\n<p>Los organismos de derecho humanos repudiamos la decisi\u00f3n del presidente Mauricio Macri de devolver a las Fuerzas Armadas (FFAA) grados de autonom\u00eda de los que gozaba antes del regreso a la democracia. Desde entonces, con la experiencia del horror atravesado durante a\u00f1os y a\u00f1os de dictaduras, la sociedad supo constr<span class=\"text_exposed_show\">uir mecanismos de gobierno y control civil para impedir que las FFAA atentaran contra la institucionalidad democr\u00e1tica del pa\u00eds.<br \/>\n<\/span><\/p>\n<p><span class=\"text_exposed_show\">El decreto 721\/16 restituye a los militares un poder de autonom\u00eda que hab\u00eda sido limitado por el entonces presidente Ra\u00fal Alfons\u00edn: Se delega en los Jefes de las Fuerzas la mayor\u00eda de las designaciones y cambios de destinos de oficiales, y el pase a retiro y bajas de sus miembros. M\u00e1s preocupante a\u00fan es que se autoriza a las Fuerzas la designaci\u00f3n de los responsables de la formaci\u00f3n de los nuevos oficiales y suboficiales, lo que representa un grave retroceso en el paradigma de formaci\u00f3n en valores democr\u00e1ticos a los nuevos militares.<br \/>\n<\/span><\/p>\n<p><span class=\"text_exposed_show\">Esta disposici\u00f3n se da en el marco de un retroceso en las pol\u00edticas de Derechos humanos que se fueron construyendo durante los \u00faltimos a\u00f1os. Decisiones como la disoluci\u00f3n de la Direcci\u00f3n Nacional de Derechos Humanos del Ministerio de Seguridad de la Naci\u00f3n; el despido de trabajadores en \u00e1reas claves para la promoci\u00f3n y protecci\u00f3n de los derechos humanos como el programa Verdad y Justicia; reuniones de funcionarios con activistas defensores de genocidas y condenados por delitos de lesa humanidad, son contradictorias con el sostenimiento de pol\u00edticas de Estado de Memoria, Verdad y Justicia. Advertimos tambi\u00e9n que estos cambios se dan con el objetivo de reconfigurar el poder de las Fuerzas Armadas y llevarlas, en el corto plazo, nuevamente a tareas de seguridad interior, prohibidas por la ley y la Constituci\u00f3n.<br \/>\n<\/span><\/p>\n<p><span class=\"text_exposed_show\">En todos todos estos a\u00f1os de lucha y reclamo por los cr\u00edmenes cometidos por las Fuerzas Armadas durante la \u00faltima dictadura c\u00edvico-militar, hemos aprendido que la \u00fanica manera de garantizar la democracia es a trav\u00e9s de la Memoria, la Verdad, la Justicia y el control civil de las Fuerzas Armadas.<\/p>\n<p><em>Abuelas de Plaza de Mayo<\/em><br \/>\n<em>Madres de Plaza de Mayo L\u00ednea Fundadora<\/em><br \/>\n<em>Familiares de Detenidos Desaparecidos por Razones Pol\u00edticas<\/em><br \/>\n<em>H.I.J.O.S Capital<\/em><\/p>\n<p><em>Ciudad de Buenas de Buenos Aires, Jueves 2 de junio<\/em><\/span><\/p>\n","protected":false},"excerpt":{"rendered":"<p>Repudiamos el decreto que devuelve autonom\u00eda a las Fuerzas Armadas Los organismos de derecho humanos repudiamos la decisi\u00f3n del presidente Mauricio Macri de devolver a las Fuerzas Armadas (FFAA) grados de autonom\u00eda de los que gozaba antes del regreso a&hellip;<\/p>\n","protected":false},"author":87,"featured_media":325281,"comment_status":"closed","ping_status":"closed","sticky":false,"template":"","format":"standard","meta":{"footnotes":""},"categories":[149,79,74,67],"tags":[1028,26,6015,1303,398,4862,868,1030],"class_list":["post-325280","post","type-post","status-publish","format-standard","has-post-thumbnail","hentry","category-comunicados-de-prensa","category-derechos-humanos","category-politica-es","category-sudamerica","tag-abuelas-de-plaza-de-mayo","tag-argentina","tag-decreto","tag-fuerzas-armadas","tag-justicia","tag-mauricio-macri","tag-memoria","tag-verdad-y-justicia"],"yoast_head":"<!-- This site is optimized with the Yoast SEO plugin v27.1.1 - https:\/\/yoast.com\/product\/yoast-seo-wordpress\/ -->\n<title>Abuelas de Plaza de Mayo repudia decreto presidencial en Argentina<\/title>\n<meta name=\"description\" content=\"Repudiamos el decreto que devuelve autonom\u00eda a las Fuerzas Armadas Los organismos de derecho humanos repudiamos la decisi\u00f3n del presidente Mauricio Macri\" \/>\n<meta name=\"robots\" content=\"index, follow, max-snippet:-1, max-image-preview:large, max-video-preview:-1\" \/>\n<link rel=\"canonical\" href=\"https:\/\/www.pressenza.com\/es\/2016\/06\/abuelas-de-plaza-de-mayo-repudia-decreto-presidencial-argentina\/\" \/>\n<meta property=\"og:locale\" content=\"es_ES\" \/>\n<meta property=\"og:type\" content=\"article\" \/>\n<meta property=\"og:title\" content=\"Abuelas de Plaza de Mayo repudia decreto presidencial en Argentina\" \/>\n<meta property=\"og:description\" content=\"Repudiamos el decreto que devuelve autonom\u00eda a las Fuerzas Armadas Los organismos de derecho humanos repudiamos la decisi\u00f3n del presidente Mauricio Macri\" \/>\n<meta property=\"og:url\" content=\"https:\/\/www.pressenza.com\/es\/2016\/06\/abuelas-de-plaza-de-mayo-repudia-decreto-presidencial-argentina\/\" \/>\n<meta property=\"og:site_name\" content=\"Pressenza\" \/>\n<meta property=\"article:publisher\" content=\"https:\/\/www.facebook.com\/PressenzaItalia\" \/>\n<meta property=\"article:published_time\" content=\"2016-06-03T02:10:22+00:00\" \/>\n<meta property=\"og:image\" content=\"https:\/\/www.pressenza.com\/wp-content\/uploads\/2016\/06\/comunicado-abuelas.jpg\" \/>\n\t<meta property=\"og:image:width\" content=\"960\" \/>\n\t<meta property=\"og:image:height\" content=\"640\" \/>\n\t<meta property=\"og:image:type\" content=\"image\/jpeg\" \/>\n<meta name=\"author\" content=\"Redacci\u00f3n Argentina\" \/>\n<meta name=\"twitter:card\" content=\"summary_large_image\" \/>\n<meta name=\"twitter:creator\" content=\"@pressenza\" \/>\n<meta name=\"twitter:site\" content=\"@PressenzaIPA\" \/>\n<meta name=\"twitter:label1\" content=\"Escrito por\" \/>\n\t<meta name=\"twitter:data1\" content=\"Redacci\u00f3n Argentina\" \/>\n\t<meta name=\"twitter:label2\" content=\"Tiempo de lectura\" \/>\n\t<meta name=\"twitter:data2\" content=\"2 minutos\" \/>\n<script type=\"application\/ld+json\" class=\"yoast-schema-graph\">{\"@context\":\"https:\/\/schema.org\",\"@graph\":[{\"@type\":\"Article\",\"@id\":\"https:\/\/www.pressenza.com\/es\/2016\/06\/abuelas-de-plaza-de-mayo-repudia-decreto-presidencial-argentina\/#article\",\"isPartOf\":{\"@id\":\"https:\/\/www.pressenza.com\/es\/2016\/06\/abuelas-de-plaza-de-mayo-repudia-decreto-presidencial-argentina\/\"},\"author\":{\"name\":\"Redacci\u00f3n Argentina\",\"@id\":\"https:\/\/www.pressenza.com\/es\/#\/schema\/person\/0dda7d1b68267ad95b1e1d83abc98c89\"},\"headline\":\"Abuelas de Plaza de Mayo repudia decreto presidencial en Argentina\",\"datePublished\":\"2016-06-03T02:10:22+00:00\",\"mainEntityOfPage\":{\"@id\":\"https:\/\/www.pressenza.com\/es\/2016\/06\/abuelas-de-plaza-de-mayo-repudia-decreto-presidencial-argentina\/\"},\"wordCount\":428,\"publisher\":{\"@id\":\"https:\/\/www.pressenza.com\/es\/#organization\"},\"image\":{\"@id\":\"https:\/\/www.pressenza.com\/es\/2016\/06\/abuelas-de-plaza-de-mayo-repudia-decreto-presidencial-argentina\/#primaryimage\"},\"thumbnailUrl\":\"https:\/\/www.pressenza.com\/wp-content\/uploads\/2016\/06\/comunicado-abuelas.jpg\",\"keywords\":[\"Abuelas de Plaza de Mayo\",\"Argentina\",\"decreto\",\"Fuerzas armadas\",\"justicia\",\"Mauricio Macri\",\"memoria\",\"Verdad y Justicia\"],\"articleSection\":[\"Comunicados de Prensa\",\"Derechos Humanos\",\"Pol\u00edtica\",\"Sudam\u00e9rica\"],\"inLanguage\":\"es\"},{\"@type\":\"WebPage\",\"@id\":\"https:\/\/www.pressenza.com\/es\/2016\/06\/abuelas-de-plaza-de-mayo-repudia-decreto-presidencial-argentina\/\",\"url\":\"https:\/\/www.pressenza.com\/es\/2016\/06\/abuelas-de-plaza-de-mayo-repudia-decreto-presidencial-argentina\/\",\"name\":\"Abuelas de Plaza de Mayo repudia decreto presidencial en Argentina\",\"isPartOf\":{\"@id\":\"https:\/\/www.pressenza.com\/es\/#website\"},\"primaryImageOfPage\":{\"@id\":\"https:\/\/www.pressenza.com\/es\/2016\/06\/abuelas-de-plaza-de-mayo-repudia-decreto-presidencial-argentina\/#primaryimage\"},\"image\":{\"@id\":\"https:\/\/www.pressenza.com\/es\/2016\/06\/abuelas-de-plaza-de-mayo-repudia-decreto-presidencial-argentina\/#primaryimage\"},\"thumbnailUrl\":\"https:\/\/www.pressenza.com\/wp-content\/uploads\/2016\/06\/comunicado-abuelas.jpg\",\"datePublished\":\"2016-06-03T02:10:22+00:00\",\"description\":\"Repudiamos el decreto que devuelve autonom\u00eda a las Fuerzas Armadas Los organismos de derecho humanos repudiamos la decisi\u00f3n del presidente Mauricio Macri\",\"breadcrumb\":{\"@id\":\"https:\/\/www.pressenza.com\/es\/2016\/06\/abuelas-de-plaza-de-mayo-repudia-decreto-presidencial-argentina\/#breadcrumb\"},\"inLanguage\":\"es\",\"potentialAction\":[{\"@type\":\"ReadAction\",\"target\":[\"https:\/\/www.pressenza.com\/es\/2016\/06\/abuelas-de-plaza-de-mayo-repudia-decreto-presidencial-argentina\/\"]}]},{\"@type\":\"ImageObject\",\"inLanguage\":\"es\",\"@id\":\"https:\/\/www.pressenza.com\/es\/2016\/06\/abuelas-de-plaza-de-mayo-repudia-decreto-presidencial-argentina\/#primaryimage\",\"url\":\"https:\/\/www.pressenza.com\/wp-content\/uploads\/2016\/06\/comunicado-abuelas.jpg\",\"contentUrl\":\"https:\/\/www.pressenza.com\/wp-content\/uploads\/2016\/06\/comunicado-abuelas.jpg\",\"width\":960,\"height\":640},{\"@type\":\"BreadcrumbList\",\"@id\":\"https:\/\/www.pressenza.com\/es\/2016\/06\/abuelas-de-plaza-de-mayo-repudia-decreto-presidencial-argentina\/#breadcrumb\",\"itemListElement\":[{\"@type\":\"ListItem\",\"position\":1,\"name\":\"Accueil\",\"item\":\"https:\/\/www.pressenza.com\/es\/\"},{\"@type\":\"ListItem\",\"position\":2,\"name\":\"Abuelas de Plaza de Mayo repudia decreto presidencial en Argentina\"}]},{\"@type\":\"WebSite\",\"@id\":\"https:\/\/www.pressenza.com\/es\/#website\",\"url\":\"https:\/\/www.pressenza.com\/es\/\",\"name\":\"Pressenza\",\"description\":\"International Press Agency\",\"publisher\":{\"@id\":\"https:\/\/www.pressenza.com\/es\/#organization\"},\"potentialAction\":[{\"@type\":\"SearchAction\",\"target\":{\"@type\":\"EntryPoint\",\"urlTemplate\":\"https:\/\/www.pressenza.com\/es\/?s={search_term_string}\"},\"query-input\":{\"@type\":\"PropertyValueSpecification\",\"valueRequired\":true,\"valueName\":\"search_term_string\"}}],\"inLanguage\":\"es\"},{\"@type\":\"Organization\",\"@id\":\"https:\/\/www.pressenza.com\/es\/#organization\",\"name\":\"Pressenza\",\"url\":\"https:\/\/www.pressenza.com\/es\/\",\"logo\":{\"@type\":\"ImageObject\",\"inLanguage\":\"es\",\"@id\":\"https:\/\/www.pressenza.com\/es\/#\/schema\/logo\/image\/\",\"url\":\"https:\/\/www.pressenza.com\/wp-content\/uploads\/2022\/10\/pressenza_logo_200x200.jpg\",\"contentUrl\":\"https:\/\/www.pressenza.com\/wp-content\/uploads\/2022\/10\/pressenza_logo_200x200.jpg\",\"width\":200,\"height\":200,\"caption\":\"Pressenza\"},\"image\":{\"@id\":\"https:\/\/www.pressenza.com\/es\/#\/schema\/logo\/image\/\"},\"sameAs\":[\"https:\/\/www.facebook.com\/PressenzaItalia\",\"https:\/\/x.com\/PressenzaIPA\"]},{\"@type\":\"Person\",\"@id\":\"https:\/\/www.pressenza.com\/es\/#\/schema\/person\/0dda7d1b68267ad95b1e1d83abc98c89\",\"name\":\"Redacci\u00f3n Argentina\",\"description\":\"News from the Pressenza Bureau in Argentina.\",\"sameAs\":[\"https:\/\/x.com\/pressenza\"],\"url\":\"https:\/\/www.pressenza.com\/es\/author\/redaccion-argentina\/\"}]}<\/script>\n<!-- \/ Yoast SEO plugin. -->","yoast_head_json":{"title":"Abuelas de Plaza de Mayo repudia decreto presidencial en Argentina","description":"Repudiamos el decreto que devuelve autonom\u00eda a las Fuerzas Armadas Los organismos de derecho humanos repudiamos la decisi\u00f3n del presidente Mauricio Macri","robots":{"index":"index","follow":"follow","max-snippet":"max-snippet:-1","max-image-preview":"max-image-preview:large","max-video-preview":"max-video-preview:-1"},"canonical":"https:\/\/www.pressenza.com\/es\/2016\/06\/abuelas-de-plaza-de-mayo-repudia-decreto-presidencial-argentina\/","og_locale":"es_ES","og_type":"article","og_title":"Abuelas de Plaza de Mayo repudia decreto presidencial en Argentina","og_description":"Repudiamos el decreto que devuelve autonom\u00eda a las Fuerzas Armadas Los organismos de derecho humanos repudiamos la decisi\u00f3n del presidente Mauricio Macri","og_url":"https:\/\/www.pressenza.com\/es\/2016\/06\/abuelas-de-plaza-de-mayo-repudia-decreto-presidencial-argentina\/","og_site_name":"Pressenza","article_publisher":"https:\/\/www.facebook.com\/PressenzaItalia","article_published_time":"2016-06-03T02:10:22+00:00","og_image":[{"width":960,"height":640,"url":"https:\/\/www.pressenza.com\/wp-content\/uploads\/2016\/06\/comunicado-abuelas.jpg","type":"image\/jpeg"}],"author":"Redacci\u00f3n Argentina","twitter_card":"summary_large_image","twitter_creator":"@pressenza","twitter_site":"@PressenzaIPA","twitter_misc":{"Escrito por":"Redacci\u00f3n Argentina","Tiempo de lectura":"2 minutos"},"schema":{"@context":"https:\/\/schema.org","@graph":[{"@type":"Article","@id":"https:\/\/www.pressenza.com\/es\/2016\/06\/abuelas-de-plaza-de-mayo-repudia-decreto-presidencial-argentina\/#article","isPartOf":{"@id":"https:\/\/www.pressenza.com\/es\/2016\/06\/abuelas-de-plaza-de-mayo-repudia-decreto-presidencial-argentina\/"},"author":{"name":"Redacci\u00f3n Argentina","@id":"https:\/\/www.pressenza.com\/es\/#\/schema\/person\/0dda7d1b68267ad95b1e1d83abc98c89"},"headline":"Abuelas de Plaza de Mayo repudia decreto presidencial en Argentina","datePublished":"2016-06-03T02:10:22+00:00","mainEntityOfPage":{"@id":"https:\/\/www.pressenza.com\/es\/2016\/06\/abuelas-de-plaza-de-mayo-repudia-decreto-presidencial-argentina\/"},"wordCount":428,"publisher":{"@id":"https:\/\/www.pressenza.com\/es\/#organization"},"image":{"@id":"https:\/\/www.pressenza.com\/es\/2016\/06\/abuelas-de-plaza-de-mayo-repudia-decreto-presidencial-argentina\/#primaryimage"},"thumbnailUrl":"https:\/\/www.pressenza.com\/wp-content\/uploads\/2016\/06\/comunicado-abuelas.jpg","keywords":["Abuelas de Plaza de Mayo","Argentina","decreto","Fuerzas armadas","justicia","Mauricio Macri","memoria","Verdad y Justicia"],"articleSection":["Comunicados de Prensa","Derechos Humanos","Pol\u00edtica","Sudam\u00e9rica"],"inLanguage":"es"},{"@type":"WebPage","@id":"https:\/\/www.pressenza.com\/es\/2016\/06\/abuelas-de-plaza-de-mayo-repudia-decreto-presidencial-argentina\/","url":"https:\/\/www.pressenza.com\/es\/2016\/06\/abuelas-de-plaza-de-mayo-repudia-decreto-presidencial-argentina\/","name":"Abuelas de Plaza de Mayo repudia decreto presidencial en Argentina","isPartOf":{"@id":"https:\/\/www.pressenza.com\/es\/#website"},"primaryImageOfPage":{"@id":"https:\/\/www.pressenza.com\/es\/2016\/06\/abuelas-de-plaza-de-mayo-repudia-decreto-presidencial-argentina\/#primaryimage"},"image":{"@id":"https:\/\/www.pressenza.com\/es\/2016\/06\/abuelas-de-plaza-de-mayo-repudia-decreto-presidencial-argentina\/#primaryimage"},"thumbnailUrl":"https:\/\/www.pressenza.com\/wp-content\/uploads\/2016\/06\/comunicado-abuelas.jpg","datePublished":"2016-06-03T02:10:22+00:00","description":"Repudiamos el decreto que devuelve autonom\u00eda a las Fuerzas Armadas Los organismos de derecho humanos repudiamos la decisi\u00f3n del presidente Mauricio Macri","breadcrumb":{"@id":"https:\/\/www.pressenza.com\/es\/2016\/06\/abuelas-de-plaza-de-mayo-repudia-decreto-presidencial-argentina\/#breadcrumb"},"inLanguage":"es","potentialAction":[{"@type":"ReadAction","target":["https:\/\/www.pressenza.com\/es\/2016\/06\/abuelas-de-plaza-de-mayo-repudia-decreto-presidencial-argentina\/"]}]},{"@type":"ImageObject","inLanguage":"es","@id":"https:\/\/www.pressenza.com\/es\/2016\/06\/abuelas-de-plaza-de-mayo-repudia-decreto-presidencial-argentina\/#primaryimage","url":"https:\/\/www.pressenza.com\/wp-content\/uploads\/2016\/06\/comunicado-abuelas.jpg","contentUrl":"https:\/\/www.pressenza.com\/wp-content\/uploads\/2016\/06\/comunicado-abuelas.jpg","width":960,"height":640},{"@type":"BreadcrumbList","@id":"https:\/\/www.pressenza.com\/es\/2016\/06\/abuelas-de-plaza-de-mayo-repudia-decreto-presidencial-argentina\/#breadcrumb","itemListElement":[{"@type":"ListItem","position":1,"name":"Accueil","item":"https:\/\/www.pressenza.com\/es\/"},{"@type":"ListItem","position":2,"name":"Abuelas de Plaza de Mayo repudia decreto presidencial en Argentina"}]},{"@type":"WebSite","@id":"https:\/\/www.pressenza.com\/es\/#website","url":"https:\/\/www.pressenza.com\/es\/","name":"Pressenza","description":"International Press Agency","publisher":{"@id":"https:\/\/www.pressenza.com\/es\/#organization"},"potentialAction":[{"@type":"SearchAction","target":{"@type":"EntryPoint","urlTemplate":"https:\/\/www.pressenza.com\/es\/?s={search_term_string}"},"query-input":{"@type":"PropertyValueSpecification","valueRequired":true,"valueName":"search_term_string"}}],"inLanguage":"es"},{"@type":"Organization","@id":"https:\/\/www.pressenza.com\/es\/#organization","name":"Pressenza","url":"https:\/\/www.pressenza.com\/es\/","logo":{"@type":"ImageObject","inLanguage":"es","@id":"https:\/\/www.pressenza.com\/es\/#\/schema\/logo\/image\/","url":"https:\/\/www.pressenza.com\/wp-content\/uploads\/2022\/10\/pressenza_logo_200x200.jpg","contentUrl":"https:\/\/www.pressenza.com\/wp-content\/uploads\/2022\/10\/pressenza_logo_200x200.jpg","width":200,"height":200,"caption":"Pressenza"},"image":{"@id":"https:\/\/www.pressenza.com\/es\/#\/schema\/logo\/image\/"},"sameAs":["https:\/\/www.facebook.com\/PressenzaItalia","https:\/\/x.com\/PressenzaIPA"]},{"@type":"Person","@id":"https:\/\/www.pressenza.com\/es\/#\/schema\/person\/0dda7d1b68267ad95b1e1d83abc98c89","name":"Redacci\u00f3n Argentina","description":"News from the Pressenza Bureau in Argentina.","sameAs":["https:\/\/x.com\/pressenza"],"url":"https:\/\/www.pressenza.com\/es\/author\/redaccion-argentina\/"}]}},"place":"Ciudad de Buenos Aires","original_article_url":"https:\/\/www.facebook.com\/Abuelas-de-Plaza-de-Mayo-Sitio-oficial-178051892255167\/?fref=nf","_links":{"self":[{"href":"https:\/\/www.pressenza.com\/es\/wp-json\/wp\/v2\/posts\/325280","targetHints":{"allow":["GET"]}}],"collection":[{"href":"https:\/\/www.pressenza.com\/es\/wp-json\/wp\/v2\/posts"}],"about":[{"href":"https:\/\/www.pressenza.com\/es\/wp-json\/wp\/v2\/types\/post"}],"author":[{"embeddable":true,"href":"https:\/\/www.pressenza.com\/es\/wp-json\/wp\/v2\/users\/87"}],"replies":[{"embeddable":true,"href":"https:\/\/www.pressenza.com\/es\/wp-json\/wp\/v2\/comments?post=325280"}],"version-history":[{"count":0,"href":"https:\/\/www.pressenza.com\/es\/wp-json\/wp\/v2\/posts\/325280\/revisions"}],"wp:featuredmedia":[{"embeddable":true,"href":"https:\/\/www.pressenza.com\/es\/wp-json\/wp\/v2\/media\/325281"}],"wp:attachment":[{"href":"https:\/\/www.pressenza.com\/es\/wp-json\/wp\/v2\/media?parent=325280"}],"wp:term":[{"taxonomy":"category","embeddable":true,"href":"https:\/\/www.pressenza.com\/es\/wp-json\/wp\/v2\/categories?post=325280"},{"taxonomy":"post_tag","embeddable":true,"href":"https:\/\/www.pressenza.com\/es\/wp-json\/wp\/v2\/tags?post=325280"}],"curies":[{"name":"wp","href":"https:\/\/api.w.org\/{rel}","templated":true}]}}