{"id":32516,"date":"2013-01-10T21:12:23","date_gmt":"2013-01-10T21:12:23","guid":{"rendered":"http:\/\/www.pressenza.com\/?p=32516"},"modified":"2013-01-10T21:12:23","modified_gmt":"2013-01-10T21:12:23","slug":"como-va-el-comercio-de-armas-a-nivel-mundial","status":"publish","type":"post","link":"https:\/\/www.pressenza.com\/es\/2013\/01\/como-va-el-comercio-de-armas-a-nivel-mundial\/","title":{"rendered":"\u00bfC\u00f3mo va el comercio de armas a nivel mundial?"},"content":{"rendered":"<p>Parece que no va tan mal. Hablamos con Antonio Mazzeo, un periodista que denuncia desde hace a\u00f1os el tr\u00e1fico de armas, el militarismo y el mercantilismo resultante. Militante de la campa\u00f1a No Muos (campa\u00f1a contra la instalaci\u00f3n del sistema de telecomunicaciones por sat\u00e9lite de la Marina de los Estados Unidos de Am\u00e9rica), Mazzeo es autor de numerosas publicaciones sobre el saqueo del medio ambiente, los conflictos internacionales y los cr\u00edmenes de las mafias transnacionales.<\/p>\n<p><strong>\u00bfC\u00f3mo va el comercio de armas a nivel mundial?<\/strong><\/p>\n<p>Las importaciones y exportaciones de los sistemas de la muerte no parecen muy afectadas por la crisis mundial y estructural que est\u00e1 afectando al planeta. De hecho, el capital financiero internacional tiene la loca creencia de que el conflicto y la posterior reconstrucci\u00f3n de los pa\u00edses bombardeados pueden ser el motor para salir del estancamiento e impulsar la demanda, la econom\u00eda y el desarrollo. L\u00e1stima que la crisis, las burbujas especulativas financiarias y la insostenible expansi\u00f3n financiera de la deuda p\u00fablica se hayan originado en gran medida a consecuencia del modelo de guerra global y permanente puesto en marcha con la primera aventura internacional contra Saddam Hussein en el Golfo a principios de los a\u00f1os 90, afirmada posteriormente con la llamada \u00abguerra contra el terrorismo\u00bb en cualquier lugar y a cualquier precio despu\u00e9s del 11 de septiembre de 2001. Es decir, las armas han generado tambi\u00e9n la crisis que ahora se quiere \u00abvencer\u00bb con las armas. Escenarios que podr\u00edan llevar a la humanidad al Holocausto, a la destrucci\u00f3n del medio ambiente, al hambre de la gente.<\/p>\n<p><strong>\u00bfC\u00f3mo se puede cuantificar el nivel de negocios del mercado de armas actual?<\/strong><\/p>\n<p>Aunque partimos de la base de que el negocio de sistemas de muerte se caracteriza por la falta de transparencia de informaci\u00f3n oficial y la gran zona gris donde se mueven ilegalmente productores, intermediarios, agencias de inteligencia, militares y organizaciones criminales transnacionales, tenemos datos bastante fiables. De acuerdo con el \u00faltimo anuario sobre el gasto militar mundial publicado por el SIPRI (Instituto Internacional de Estudios para la Paz de Estocolmo), en 2011 se dedicaron <strong>1\u00a0740\u00a0millardos de d\u00f3lares<\/strong> a sistemas de armas en todo el mundo. Para el Instituto sueco es el mayor gasto desde 1989, el a\u00f1o de la ca\u00edda del Muro de Berl\u00edn. S\u00f3lo para que nos demos m\u00e1s cuenta del nivel escandaloso de la cifra de negocios de los mercaderes de la muerte, se\u00f1alamos que en las guerras se gastan cada minuto 3,3 millones de d\u00f3lares, lo que equivale a 198 millones de d\u00f3lares a la hora o 4,7\u00a0millardos de d\u00f3lares al d\u00eda. Cada habitante del planeta se ve privado de esta manera de aproximadamente 250 d\u00f3lares al a\u00f1o, dinero que, en cambio, se podr\u00eda utilizar para la producci\u00f3n de alimentos, la educaci\u00f3n y la salud. As\u00ed que las armas matan sin tener que disparar.<\/p>\n<p><strong>\u00bfCu\u00e1les son los pa\u00edses implicados?<\/strong><\/p>\n<p>En 2011 los Estados Unidos de Am\u00e9rica (EE.UU.) fueron los mayores compradores de sistemas de armas en el mundo, con un costo estimado de 711 millardos de d\u00f3lares. En segundo lugar se ha afirmado la China, potencia emergente mundial, con un gasto de alrededor de 143 millardos de d\u00f3lares, pero con un ritmo de crecimiento a lo largo de los a\u00f1os bastante impetuoso, un 170% en t\u00e9rminos reales en el per\u00edodo comprendido entre 2002 y 2011. Muy por detr\u00e1s, en tercer lugar, se encuentra Rusia con 72 millardos de d\u00f3lares.<\/p>\n<p>Los EE.UU. controlan el 40% del mercado mundial de las exportaciones. El a\u00f1o pasado, los gigantes del\u00a0 complejo militar industrial de los EE.UU. exportaron armas por valor de 46,1 millardos de d\u00f3lares, una cifra cuatro veces superior a la suma de las exportaciones en los primeros a\u00f1os de 2000. Otra confirmaci\u00f3n de que detr\u00e1s de la llamada \u00abguerra contra el terrorismo\u00bb y la rid\u00edcula propaganda sobre la \u201cdefensa de los derechos humanos\u00bb y la \u00abintervenci\u00f3n humanitaria\u00bb est\u00e1n sobre todo los negocios de los fabricantes y los comerciantes de la muerte. La clasificaci\u00f3n de los exportadores es ligeramente diferente a la de los compradores privados: en \u00e9sta, Rusia ocupa el segundo lugar, seguido por China. Pero si consideramos el conjunto de los pa\u00edses miembros de la Uni\u00f3n Europea (UE), nos encontramos, sin embargo, con un hecho poco conocido. El volumen de negocios de las exportaciones de los pa\u00edses de la UE se acerca m\u00e1s a la de los EE.UU., casi 32 millardos de euros al a\u00f1o con un r\u00e9cord de 41 millardos de d\u00f3lares como sucedi\u00f3 en 2009. Como se denunci\u00f3 en la revista <em>Missione Oggi<\/em> (Misi\u00f3n Hoy) en una investigaci\u00f3n realizada por Giorgio Beretta de la Red Italiana para el Desarme, el grueso de las transferencias (m\u00e1s del 45%) se destina a los pa\u00edses del Sur. En los cinco a\u00f1os comprendidos entre 2006-2010, entre los principales destinatarios del armamento europeo destacan en particular los reg\u00edmenes autoritarios de la pen\u00ednsula ar\u00e1biga (Arabia Saud\u00ed ha comprado armas europeas por valor de 12 millardos de d\u00f3lares, los Emiratos \u00c1rabes Unidos por 9 millardos de d\u00f3lares, Om\u00e1n y Kuwait, por 4,3 millardos y 1,6\u00a0millardos, respectivamente), algunos pa\u00edses de Oriente Medio en medio de sangrientos conflictos internos (4 millardos de d\u00f3lares para Pakist\u00e1n, Turqu\u00eda 3,5\u00a0millardos); diferentes naciones del continente africano (Marruecos, 2,5 millardos, Argelia, 1,8 millardos, Egipto y Sud\u00e1frica, 1 millardo, cada uno y Libia, 1 millardo).<\/p>\n<p>En la especial clasificaci\u00f3n mundial de \u00abconsumidores\u00bb de sistemas de guerra est\u00e1n adquiriendo un papel de liderazgo en los \u00faltimos a\u00f1os los pa\u00edses que han experimentado altas tasas de crecimiento econ\u00f3mico y producto interno bruto: adem\u00e1s de China, impresiona en particular la India que, seg\u00fan el SIPRI, ya es el mayor cliente mundial de los mercaderes de la muerte. Pero est\u00e1n tambi\u00e9n Corea del Sur, Pakist\u00e1n y Singapur, mientras que aumenta progresivamente el papel de los pa\u00edses del \u00c1frica subsahariana, algunos con niveles inimaginables de pobreza y subdesarrollo, que llegaron a gastar 18 millardos de d\u00f3lares al a\u00f1o en sistemas b\u00e9licos.<\/p>\n<p><strong>\u00bfQu\u00e9 funci\u00f3n cumple Italia en este mercado?<\/strong><\/p>\n<p>Ya hemos hablado del papel cada vez m\u00e1s importante de la UE en el mundo de las armas. Italia ocupa ya el tercer lugar entre los estados miembros de la UE por lo que se refiere al volumen de negocios, ligeramente por detr\u00e1s de Francia y Alemania, pero por delante de Gran Breta\u00f1a. En los \u00faltimos cinco a\u00f1os hemos vendido sistemas de armas por 23,2 millardos y gran parte del negocio es prerrogativa de las dos compa\u00f1\u00edas financieras controladas en parte por capital del Estado, Finmeccanica (que ocupa el 8 \u00ba puesto en el mundo entre los productores y exportadores armas) y Fincantieri.<\/p>\n<p>Seg\u00fan el informe sobre exportaci\u00f3n de armas, lleno de lagunas y omisiones, presentado al Parlamento por el Gobierno, en el a\u00f1o 2011 se emitieron 2\u00a0497 autorizaciones de exportaci\u00f3n por un total de algo m\u00e1s de\u00a0 3 millardos de euros, en comparaci\u00f3n con los 2 millardos y 906 millones de 2010, con un aumento anual del 5,28%. Y esto en un per\u00edodo de crisis con una dr\u00e1stica reducci\u00f3n del empleo entre los trabajadores de las f\u00e1bricas de armas italianas. El factor decisivo en la expansi\u00f3n de las ventas ha sido la promoci\u00f3n del made in Italy por los ministros-vendedores de armas de los gobiernos de Berlusconi y Monti. Ellos han sido muy eficaces a la hora de viajar a lo largo y ancho del planeta para apoyar la exportaci\u00f3n de armas y el establecimiento de alianzas con los reg\u00edmenes m\u00e1s corruptos o responsables de innumerables violaciones de derechos humanos. De hecho, no es casual que en 2011 se haya producido un aumento muy significativo del n\u00famero de autorizaciones con respecto al a\u00f1o anterior, para los llamados \u00abprogramas intergubernamentales de cooperaci\u00f3n\u00bb y se puede apostar que los datos de 2012 ser\u00e1n a\u00fan mayores dado el historial de activismo del Ministro de Defensa, el almirante Di Paola, incansable en las misiones y visitas al extranjero y la participaci\u00f3n en las principales ferias internacionales de la industria armament\u00edstica.<br \/>\nTambi\u00e9n se ha producido una escalada de las exportaciones de armas italianas a las zonas de mayor tensi\u00f3n en el mundo, desde el norte de \u00c1frica a Oriente Medio hasta el sureste asi\u00e1tico. En 2011 m\u00e1s del 64% de las armas, con un valor de casi\u00a0 2 millardos de euros, termin\u00f3 en pa\u00edses que no forman parte de la OTAN. La lista de los principales clientes empieza con Argelia ( 477,5 millones de euros en sistemas militares de la producci\u00f3n italiana), Singapur (395,28), India (259,41), Turqu\u00eda (170,8). Incluso el pobre y maltratado continente africano se est\u00e1 convirtiendo gradualmente en El dorado de los traficantes de armas italianas. En los \u00faltimos cinco a\u00f1os hemos vendido rifles y armas ligeras a Camer\u00fan y Somalia, y camiones, aviones de combate y helic\u00f3pteros a Libia, Marruecos y Nigeria. Hay que decir que la ley italiana que regula la exportaci\u00f3n de armas no estipula la obligaci\u00f3n de documentar todas las transferencias de armas ligeras, \u00abcomunes\u00bb o \u00abde uso civil\u00bb, de las que Italia es uno de los mayores productores del mundo. De modo que a las cifras citadas anteriormente hay que a\u00f1adir el volumen de exportaci\u00f3n de las industrias productoras de rifles, pistolas y municiones, que seg\u00fan el archivo de Desarme asciende a no menos de mil millones de euros s\u00f3lo en el per\u00edodo 2009-2010.<\/p>\n<p>Tambi\u00e9n en este caso, los clientes m\u00e1s importantes no son europeos y no son miembros de la OTAN. Destacan sobre todo los pa\u00edses asi\u00e1ticos, los cuales han importado en los \u00faltimos dos a\u00f1os armas \u00abligeras\u00bb por valor de 142 millones de euros, e incluso diferentes pa\u00edses bajo embargo internacional (China, L\u00edbano, la Rep\u00fablica Democr\u00e1tica del Congo, Ir\u00e1n, Armenia y Azerbaiy\u00e1n), beligerantes o acusados de cometer violaciones graves de los derechos humanos (la Federaci\u00f3n de Rusia, Tailandia, Filipinas, Pakist\u00e1n, India, Afganist\u00e1n, Colombia, Israel y Kenya). Poco antes del estallido del conflicto en Libia, el r\u00e9gimen de Muammar Gaddafi compr\u00f3 armas a Italia por 8,4 millones de euros, en su mayor\u00eda pistolas y rifles Beretta \u00ab\u00bb y \u00abBenelli\u00bb, mientras que Yemen, otro pa\u00eds desgarrado por la guerra civil, ha importado armas italianas por 487 119 euros. Seg\u00fan lo denunciado por el Observatorio sobre armas ligeras de Brescia (OPAL), en 2011, el a\u00f1o de los levantamientos de la Primavera \u00e1rabe, s\u00f3lo en la provincia de Brescia se exportaron a \u00c1frica del Norte armas y municiones por un total de 6,8 millones de euros, y a los pa\u00edses de Oriente Medio por 11 millones de euros. El OPAL tambi\u00e9n ha demostrado que en el mismo a\u00f1o se exportaron tambi\u00e9n armas fabricadas en Brescia a Bielorrusia por m\u00e1s de un mill\u00f3n de euros, justo antes de que la Uni\u00f3n Europea decretara el embargo por las innumerables violaciones y represiones aplicadas por el r\u00e9gimen del presidente Lukashenko. En muchas partes del mundo se dispara contra la multitud con armas y balas italianas, pero esto parece no indignar a los pol\u00edticos, los sindicatos, los medios de comunicaci\u00f3n o los intelectuales.<\/p>\n<p><strong>\u00bfQu\u00e9 es lo que se vende m\u00e1s en este momento?<\/strong><\/p>\n<p>De todo. Las guerras y las represiones populares, cada vez m\u00e1s numerosas, necesitan armas \u00abligeras\u00bb, gases lacrim\u00f3genos, tanques, veh\u00edculos oruga, helic\u00f3pteros de ataque, aviones de combate, armas qu\u00edmicas, biol\u00f3gicas y nucleares (para estas \u00faltimas se ha puesto en marcha un costos\u00edsimo programa de modernizaci\u00f3n y miniaturizaci\u00f3n para hacerlas m\u00e1s flexibles y que se puedan utilizar en escenarios geogr\u00e1ficamente \u00ablimitados\u00bb). Pero los que devoran enormes recursos financieros y humanos son principalmente los sistemas de guerra a\u00e9reos y espaciales por sus costos estratosf\u00e9ricos. Adem\u00e1s, para responder a las nuevas estrategias de intervenci\u00f3n y de inteligencia militar, los aviones no tripulados, los cacareados <em>drones<\/em>, son ahora el pozo de San Patricio para los productores de armas y negociadores. Esto explica por qu\u00e9 en la clasificaci\u00f3n especial de industrias productoras en los primeros puestos por volumen de negocios figuran los gigantes americanos y europeos que operan en los sectores aeroespacial, misil\u00edstico y nuclear. En 2010, la cantidad de pedidos de Lockheed Martin (el principal exportador de armas del mundo, dedicado, entre otras cosas, a la realizaci\u00f3n de los F-35 de combate y el sistema de telecomunicaciones por sat\u00e9lite MUOS) ascendi\u00f3 a 26,6 millardos de euros. En segundo lugar se encuentra BAE Systems (24,8 millardos) y, a continuaci\u00f3n, Boeing (23,4), Northrop Grumman (21,3) y General Dynamics (18,1). Al octavo puesto, como hemos dicho, se encuentra la italiana Finmeccanica con exportaciones por un valor de 10,9 millardos de euros.<\/p>\n<p><strong>\u00bfCu\u00e1l es la relaci\u00f3n entre bancos, especulaci\u00f3n financiera y comercio de armas?<\/strong><\/p>\n<p>Sin el sistema financiero y bancario internacional no ser\u00eda posible la existencia del complejo militar industrial, ni ser\u00eda posible garantizar los productos, las transacciones y las exportaciones. Los bancos invierten directamente en la industria b\u00e9lica, revelan participaciones cada vez m\u00e1s impresionantes, proporcionan los adelantos y la cobertura necesarios a las exportaciones. Los fondos soberanos, los innumerables fondos de inversi\u00f3n hasta los llamados \u00abfondo de pensiones\u00bb gestionados por las instituciones estatales de seguridad y las principales centrales sindicales han ido al asalto de las acciones de las principales compa\u00f1\u00edas productoras del sector. Un flujo de dinero sustra\u00eddo a la econom\u00eda real, a la producci\u00f3n de bienes y al bienestar que alimenta inmensas burbujas especulativas y acelera y deteriora los procesos de crisis sist\u00e9mica. Un paradigma de la complejidad y la perversidad de la globalizaci\u00f3n de los mercados y las finanzas, donde entre los principales accionistas de los productores de armas hay reg\u00edmenes que ma\u00f1ana podr\u00edan ser bombardeados y abatidos con las armas producidas por las empresas \u00abcontroladas\u00bb. Donde no existen l\u00edmites ni fronteras, y donde las opciones de pol\u00edtica econ\u00f3mica y exterior de los Estados est\u00e1n fuertemente condicionadas, subordin\u00e1ndolas a las ganancias de los administradores y propietarios de las f\u00e1bricas de la muerte. Cada vez estoy m\u00e1s convencido de que para comprender plenamente las razones de la sumisi\u00f3n total de todos nuestros gobiernos recientes (Prodi, Berlusconi, Monti, etc.) a las aventuras y los proyectos militares de Washington se debe estudiar detenidamente el peso espec\u00edfico de Finmeccanica &amp; C. en el sistema Italia. Siguiendo siempre la estela de los militares de EE.UU. en las guerras de los Balcanes, Irak y Afganist\u00e1n, aceptamos transformar Vicenza, patrimonio de la Humanidad de la UNESCO, en la mayor base-vivienda militar de los EE.UU. en Europa. Hemos transformado el aeropuerto de Sigonella, en Sicilia, en la capital mundial de aviones no tripulados destruyendo toda una reserva natural, Niscemi (Caltanissetta), para instalar uno de los cuatro terminales terrestres del peligros\u00edsimo sistema de telecomunicaciones por sat\u00e9lite MUOS de la Marina de los EE.UU.Y nos endeudamos fuertemente, as\u00ed como el futuro de nuestros hijos y nietos mediante la compra de un centenar de bombarderos con capacidad nuclear F-35 que otros pa\u00edses socios de la OTAN consideran in\u00fatiles, obsoletos y supercostosos. Y todo esto para asegurar privilegios y beneficios a las empresas de Finmeccanica, a la que el Pent\u00e1gono finalmente abre la puerta asegurando lucrativos contratos y licencias de fabricaci\u00f3n. Una prueba de la trama inextricable de la banca, las finanzas y los mercaderes de la muerte, la constituye el hecho de que los fondos de inversi\u00f3n y de ahorro italianos se utilizan para comprar participaciones de las compa\u00f1\u00edas de producci\u00f3n de armamento en el extranjero, tal como se documenta en la investigaci\u00f3n del IRES (impuesto de sociedades)Toscana sobre Finanzas y Armamento. \u201cEntidades de cr\u00e9dito e industria militar entre el mercado y la responsabilidad social\u201d (Florencia, 2010).<\/p>\n<p><strong>Aparatos militares, guerras, comercio de armas: \u00bfrelaci\u00f3n perversa?<\/strong><\/p>\n<p>Exacto, una relaci\u00f3n perversa, inmoral, criminal y crimin\u00f3gena como se prueba en una serie de investigaciones abiertas por los magistrados italianos sobre el sistema de corrupci\u00f3n p\u00fablica generada en torno a filiales de Finmeccanica y empresas controladas. Una compa\u00f1\u00eda que parece cada vez m\u00e1s un cajero autom\u00e1tico de la que sacar los sobornos para alimentar la codicia de los partidos y los pol\u00edticos o entregar sueldos fastuosos y gratificaciones a su familia, los amantes y los clientes de los mismos de siempre.<br \/>\nSe ha creado un sistema en el que ya han saltado todos los mecanismos para diferenciar entre los sectores p\u00fablico y privado y los controladores y controlados, desautorizando todo control que venga de la base que ser\u00eda el deber de una verdadera democracia ya que est\u00e1n en juego los bienes comunes y los inmensos recursos p\u00fablicos, porque entre los actores figuran las burgues\u00edas mafiosas transnacionales que reciclan dinero, multiplican las ganancias y controlan de manera prepotente las fuerzas pol\u00edticas, militares y econ\u00f3micas de todo el planeta. Uno de los mejores ejemplos del nivel de degradaci\u00f3n alcanzado en el complejo financiero-militar-industrial est\u00e1 representado por la imparable transmigraci\u00f3n a los consejos de administraci\u00f3n de las f\u00e1bricas de armas de (ex) generales, almirantes y jefes militares. Un reciente informe de la ONG estadounidense <em>Citizens for Responsability and Ethics<\/em> (Ciudadanos por la Responsabilidad y la \u00c9tica) y la Fundaci\u00f3n <em>New Brave<\/em> encontr\u00f3 que desde 2009 a 2011, el 70% de los generales de EE.UU. de tres y cuatro estrellas retirados, encontr\u00f3 trabajo como funcionarios o consultores en las compa\u00f1\u00edas armament\u00edsticas (es el caso de 76 oficiales superiores de 108). El Consejo de Administraci\u00f3n de los cinco contratistas militares m\u00e1s importantes de las fuerzas armadas de EE.UU. (de nuevo Lockheed Martin, Boeing, General Dynamics, Raytheon y Northrop Grumman), est\u00e1n formados en la actualidad por nueve ex representantes de las m\u00e1s altas esferas del ej\u00e9rcito. Con el agravante de que dos de ellos contin\u00faan trabajando directamente en el Departamento de Defensa (el General James Cartwright, miembro de la junta directiva de Raytheon y el almirante Gary Roughead de Northrop Grumman, que son funcionarios de la Direcci\u00f3n de Pol\u00edtica de Defensa del Gobierno de los EE.UU.) . En Italia, por desgracia, pasa lo mismo: no hay Consejo de Administraci\u00f3n de la industria b\u00e9lica en el que no figuren ex Jefes de Estado o funcionarios de alto nivel. As\u00ed se puede promover de la mejor manera posible las \u00abjoyas\u00bb de la muerte a los militares que hasta unos d\u00edas antes eran los subordinados. Obvio que proliferan los \u00a1S\u00ed, se\u00f1or! hasta para los gastos m\u00e1s locos e injustificados.<\/p>\n<p><strong>A veces nos asalta un sentimiento de impotencia, \u00bfqu\u00e9 pueden hacer las personas, como t\u00fa y como yo, contra esta situaci\u00f3n?<\/strong><\/p>\n<p>El panorama internacional es, por desgracia, desconsolador. Los diversos intentos para obligar a las Naciones Unidas a que adopten pol\u00edticas y tratados para limitar y controlar la producci\u00f3n y la exportaci\u00f3n de sistemas de armas han fracasado en la mayor\u00eda de los casos o han sido m\u00e1s que edulcorados por la acci\u00f3n de poderosos grupos de presi\u00f3n de los fabricantes de armas y los bancos. Los gobiernos y la comunidad internacional son cada vez m\u00e1s prisioneros de los se\u00f1ores de la guerra. Por esta raz\u00f3n, creo yo, que la palabra y la acci\u00f3n debe pasar directamente a los individuos, a las organizaciones no gubernamentales, a las asociaciones y a los grupos de base del <em>otro mundo<\/em>, es decir, a la extraordinaria comunidad transnacional que espera y cree que otro mundo es posible. Se han de multiplicar los esfuerzos y las campa\u00f1as contra todas las guerras y los procesos de militarizaci\u00f3n de los territorios y el espacio, contra los gastos militares y la producci\u00f3n de armas, desde las ligeras a las superpesados. Hay que liberar a la econom\u00eda, la pol\u00edtica, las universidades y los centros de saber del control siempre m\u00e1s asfixiante de los poderes militares. Debemos actuar para golpear los cimientos del complejo financiero-militar-industrial, impidiendo que los propios ahorros o los fondos de inversi\u00f3n y pensiones vayan a alimentar a los mercaderes de la muerte, obligando a los bancos a \u00abdesarmarse\u00bb y volverse m\u00e1s \u00e9ticos. Las grandes cuestiones internacionales deben volver a ser el centro del debate pol\u00edtico general en los parlamentos, las f\u00e1bricas, los lugares de trabajo, las escuelas y las universidades. Debemos recuperar los espacios de la cultura y el pensamiento de la paz, con el derecho y el deber de resolver las disputas y conflictos a trav\u00e9s del di\u00e1logo y no por la fuerza. Los movimientos en el Sur del mundo, y aqu\u00ed en Italia, los que en Val di Susa se oponen al TAV (tren de alta velocidad) o que en Niscemi se oponen al MUOS, con sus pr\u00e1cticas de lucha, de acci\u00f3n directa y desobediencia civil, nos muestran a diario los m\u00e9todos m\u00e1s eficaces para un camino de desintoxicaci\u00f3n y liberaci\u00f3n de los mitos de las ganancias f\u00e1ciles, del saqueo de los territorios y la guerra. La objeci\u00f3n de conciencia generalizada al servicio militar, a la militarizaci\u00f3n, a la producci\u00f3n de armas, la objeci\u00f3n fiscal no como mero testimonio personal, sino como fen\u00f3meno de masas de denuncia y el cierre de relaciones financieras con las instituciones bancarias que promueven sistemas de guerra pueden ser herramientas importantes que nos muestren la soluci\u00f3n para dar la vuelta a la balanza de fuerzas entre las mujeres y los hombres y el capital, y evitar la siempre cada vez m\u00e1s r\u00e1pida y loca carrera de la humanidad hacia el genocidio. Tenemos que intentarlo. Ya.<\/p>\n<p>&nbsp;<\/p>\n","protected":false},"excerpt":{"rendered":"<p>Parece que no va tan mal. Hablamos con Antonio Mazzeo, un periodista que denuncia desde hace a\u00f1os el tr\u00e1fico de armas, el militarismo y el mercantilismo resultante. Militante de la campa\u00f1a No Muos (campa\u00f1a contra la instalaci\u00f3n del sistema de&hellip;<\/p>\n","protected":false},"author":10,"featured_media":31378,"comment_status":"closed","ping_status":"open","sticky":false,"template":"","format":"standard","meta":{"footnotes":""},"categories":[76,155,39,1243],"tags":[2944,2945],"class_list":["post-32516","post","type-post","status-publish","format-standard","has-post-thumbnail","hentry","category-relaciones-exteriores","category-entrevistas","category-internacional","category-paz-desarme","tag-armas","tag-comercio-de-armas"],"yoast_head":"<!-- This site is optimized with the Yoast SEO plugin v27.1.1 - https:\/\/yoast.com\/product\/yoast-seo-wordpress\/ -->\n<title>\u00bfC\u00f3mo va el comercio de armas a nivel mundial?<\/title>\n<meta name=\"description\" content=\"Parece que no va tan mal. Hablamos con Antonio Mazzeo, un periodista que denuncia desde hace a\u00f1os el tr\u00e1fico de armas, el militarismo y el mercantilismo\" \/>\n<meta name=\"robots\" content=\"index, follow, max-snippet:-1, max-image-preview:large, max-video-preview:-1\" \/>\n<link rel=\"canonical\" href=\"https:\/\/www.pressenza.com\/es\/2013\/01\/como-va-el-comercio-de-armas-a-nivel-mundial\/\" \/>\n<meta property=\"og:locale\" content=\"es_ES\" \/>\n<meta property=\"og:type\" content=\"article\" \/>\n<meta property=\"og:title\" content=\"\u00bfC\u00f3mo va el comercio de armas a nivel mundial?\" \/>\n<meta property=\"og:description\" content=\"Parece que no va tan mal. Hablamos con Antonio Mazzeo, un periodista que denuncia desde hace a\u00f1os el tr\u00e1fico de armas, el militarismo y el mercantilismo\" \/>\n<meta property=\"og:url\" content=\"https:\/\/www.pressenza.com\/es\/2013\/01\/como-va-el-comercio-de-armas-a-nivel-mundial\/\" \/>\n<meta property=\"og:site_name\" content=\"Pressenza\" \/>\n<meta property=\"article:publisher\" content=\"https:\/\/www.facebook.com\/PressenzaItalia\" \/>\n<meta property=\"article:published_time\" content=\"2013-01-10T21:12:23+00:00\" \/>\n<meta property=\"og:image\" content=\"https:\/\/www.pressenza.com\/wp-content\/uploads\/2013\/01\/antonio-mazzeo.jpg\" \/>\n\t<meta property=\"og:image:width\" content=\"1000\" \/>\n\t<meta property=\"og:image:height\" content=\"563\" \/>\n\t<meta property=\"og:image:type\" content=\"image\/jpeg\" \/>\n<meta name=\"author\" content=\"Olivier Turquet\" \/>\n<meta name=\"twitter:card\" content=\"summary_large_image\" \/>\n<meta name=\"twitter:creator\" content=\"@PressenzaIPA\" \/>\n<meta name=\"twitter:site\" content=\"@PressenzaIPA\" \/>\n<meta name=\"twitter:label1\" content=\"Escrito por\" \/>\n\t<meta name=\"twitter:data1\" content=\"Olivier Turquet\" \/>\n\t<meta name=\"twitter:label2\" content=\"Tiempo de lectura\" \/>\n\t<meta name=\"twitter:data2\" content=\"19 minutos\" \/>\n<script type=\"application\/ld+json\" class=\"yoast-schema-graph\">{\"@context\":\"https:\/\/schema.org\",\"@graph\":[{\"@type\":\"Article\",\"@id\":\"https:\/\/www.pressenza.com\/es\/2013\/01\/como-va-el-comercio-de-armas-a-nivel-mundial\/#article\",\"isPartOf\":{\"@id\":\"https:\/\/www.pressenza.com\/es\/2013\/01\/como-va-el-comercio-de-armas-a-nivel-mundial\/\"},\"author\":{\"name\":\"Olivier Turquet\",\"@id\":\"https:\/\/www.pressenza.com\/es\/#\/schema\/person\/636f8feb51f63f34e7378d5fcdd1de53\"},\"headline\":\"\u00bfC\u00f3mo va el comercio de armas a nivel mundial?\",\"datePublished\":\"2013-01-10T21:12:23+00:00\",\"mainEntityOfPage\":{\"@id\":\"https:\/\/www.pressenza.com\/es\/2013\/01\/como-va-el-comercio-de-armas-a-nivel-mundial\/\"},\"wordCount\":3713,\"publisher\":{\"@id\":\"https:\/\/www.pressenza.com\/es\/#organization\"},\"image\":{\"@id\":\"https:\/\/www.pressenza.com\/es\/2013\/01\/como-va-el-comercio-de-armas-a-nivel-mundial\/#primaryimage\"},\"thumbnailUrl\":\"https:\/\/www.pressenza.com\/wp-content\/uploads\/2013\/01\/antonio-mazzeo.jpg\",\"keywords\":[\"armas\",\"comercio de armas\"],\"articleSection\":[\"Asuntos internacionales\",\"Entrevistas\",\"Internacional\",\"Paz y Desarme\"],\"inLanguage\":\"es\"},{\"@type\":\"WebPage\",\"@id\":\"https:\/\/www.pressenza.com\/es\/2013\/01\/como-va-el-comercio-de-armas-a-nivel-mundial\/\",\"url\":\"https:\/\/www.pressenza.com\/es\/2013\/01\/como-va-el-comercio-de-armas-a-nivel-mundial\/\",\"name\":\"\u00bfC\u00f3mo va el comercio de armas a nivel mundial?\",\"isPartOf\":{\"@id\":\"https:\/\/www.pressenza.com\/es\/#website\"},\"primaryImageOfPage\":{\"@id\":\"https:\/\/www.pressenza.com\/es\/2013\/01\/como-va-el-comercio-de-armas-a-nivel-mundial\/#primaryimage\"},\"image\":{\"@id\":\"https:\/\/www.pressenza.com\/es\/2013\/01\/como-va-el-comercio-de-armas-a-nivel-mundial\/#primaryimage\"},\"thumbnailUrl\":\"https:\/\/www.pressenza.com\/wp-content\/uploads\/2013\/01\/antonio-mazzeo.jpg\",\"datePublished\":\"2013-01-10T21:12:23+00:00\",\"description\":\"Parece que no va tan mal. Hablamos con Antonio Mazzeo, un periodista que denuncia desde hace a\u00f1os el tr\u00e1fico de armas, el militarismo y el mercantilismo\",\"breadcrumb\":{\"@id\":\"https:\/\/www.pressenza.com\/es\/2013\/01\/como-va-el-comercio-de-armas-a-nivel-mundial\/#breadcrumb\"},\"inLanguage\":\"es\",\"potentialAction\":[{\"@type\":\"ReadAction\",\"target\":[\"https:\/\/www.pressenza.com\/es\/2013\/01\/como-va-el-comercio-de-armas-a-nivel-mundial\/\"]}]},{\"@type\":\"ImageObject\",\"inLanguage\":\"es\",\"@id\":\"https:\/\/www.pressenza.com\/es\/2013\/01\/como-va-el-comercio-de-armas-a-nivel-mundial\/#primaryimage\",\"url\":\"https:\/\/www.pressenza.com\/wp-content\/uploads\/2013\/01\/antonio-mazzeo.jpg\",\"contentUrl\":\"https:\/\/www.pressenza.com\/wp-content\/uploads\/2013\/01\/antonio-mazzeo.jpg\",\"width\":\"1000\",\"height\":\"563\"},{\"@type\":\"BreadcrumbList\",\"@id\":\"https:\/\/www.pressenza.com\/es\/2013\/01\/como-va-el-comercio-de-armas-a-nivel-mundial\/#breadcrumb\",\"itemListElement\":[{\"@type\":\"ListItem\",\"position\":1,\"name\":\"Accueil\",\"item\":\"https:\/\/www.pressenza.com\/es\/\"},{\"@type\":\"ListItem\",\"position\":2,\"name\":\"\u00bfC\u00f3mo va el comercio de armas a nivel mundial?\"}]},{\"@type\":\"WebSite\",\"@id\":\"https:\/\/www.pressenza.com\/es\/#website\",\"url\":\"https:\/\/www.pressenza.com\/es\/\",\"name\":\"Pressenza\",\"description\":\"International Press Agency\",\"publisher\":{\"@id\":\"https:\/\/www.pressenza.com\/es\/#organization\"},\"potentialAction\":[{\"@type\":\"SearchAction\",\"target\":{\"@type\":\"EntryPoint\",\"urlTemplate\":\"https:\/\/www.pressenza.com\/es\/?s={search_term_string}\"},\"query-input\":{\"@type\":\"PropertyValueSpecification\",\"valueRequired\":true,\"valueName\":\"search_term_string\"}}],\"inLanguage\":\"es\"},{\"@type\":\"Organization\",\"@id\":\"https:\/\/www.pressenza.com\/es\/#organization\",\"name\":\"Pressenza\",\"url\":\"https:\/\/www.pressenza.com\/es\/\",\"logo\":{\"@type\":\"ImageObject\",\"inLanguage\":\"es\",\"@id\":\"https:\/\/www.pressenza.com\/es\/#\/schema\/logo\/image\/\",\"url\":\"https:\/\/www.pressenza.com\/wp-content\/uploads\/2022\/10\/pressenza_logo_200x200.jpg\",\"contentUrl\":\"https:\/\/www.pressenza.com\/wp-content\/uploads\/2022\/10\/pressenza_logo_200x200.jpg\",\"width\":200,\"height\":200,\"caption\":\"Pressenza\"},\"image\":{\"@id\":\"https:\/\/www.pressenza.com\/es\/#\/schema\/logo\/image\/\"},\"sameAs\":[\"https:\/\/www.facebook.com\/PressenzaItalia\",\"https:\/\/x.com\/PressenzaIPA\"]},{\"@type\":\"Person\",\"@id\":\"https:\/\/www.pressenza.com\/es\/#\/schema\/person\/636f8feb51f63f34e7378d5fcdd1de53\",\"name\":\"Olivier Turquet\",\"description\":\"Takes care of writing to tell the reality for about 40 years. He has worked with paper publications, radio and electronic He founded the electronic news agency humanist Good News. He was press secretary to various events such as: the International Humanist, Florence Play, the World March for Peace and Nonviolence. Currently coordinates the Italian team of Pressenza. olivierturquet.wordpress.com\",\"sameAs\":[\"http:\/\/olivierturquet.wordpress.com\"],\"url\":\"https:\/\/www.pressenza.com\/es\/author\/olivier-turquet\/\"}]}<\/script>\n<!-- \/ Yoast SEO plugin. -->","yoast_head_json":{"title":"\u00bfC\u00f3mo va el comercio de armas a nivel mundial?","description":"Parece que no va tan mal. Hablamos con Antonio Mazzeo, un periodista que denuncia desde hace a\u00f1os el tr\u00e1fico de armas, el militarismo y el mercantilismo","robots":{"index":"index","follow":"follow","max-snippet":"max-snippet:-1","max-image-preview":"max-image-preview:large","max-video-preview":"max-video-preview:-1"},"canonical":"https:\/\/www.pressenza.com\/es\/2013\/01\/como-va-el-comercio-de-armas-a-nivel-mundial\/","og_locale":"es_ES","og_type":"article","og_title":"\u00bfC\u00f3mo va el comercio de armas a nivel mundial?","og_description":"Parece que no va tan mal. Hablamos con Antonio Mazzeo, un periodista que denuncia desde hace a\u00f1os el tr\u00e1fico de armas, el militarismo y el mercantilismo","og_url":"https:\/\/www.pressenza.com\/es\/2013\/01\/como-va-el-comercio-de-armas-a-nivel-mundial\/","og_site_name":"Pressenza","article_publisher":"https:\/\/www.facebook.com\/PressenzaItalia","article_published_time":"2013-01-10T21:12:23+00:00","og_image":[{"width":1000,"height":563,"url":"https:\/\/www.pressenza.com\/wp-content\/uploads\/2013\/01\/antonio-mazzeo.jpg","type":"image\/jpeg"}],"author":"Olivier Turquet","twitter_card":"summary_large_image","twitter_creator":"@PressenzaIPA","twitter_site":"@PressenzaIPA","twitter_misc":{"Escrito por":"Olivier Turquet","Tiempo de lectura":"19 minutos"},"schema":{"@context":"https:\/\/schema.org","@graph":[{"@type":"Article","@id":"https:\/\/www.pressenza.com\/es\/2013\/01\/como-va-el-comercio-de-armas-a-nivel-mundial\/#article","isPartOf":{"@id":"https:\/\/www.pressenza.com\/es\/2013\/01\/como-va-el-comercio-de-armas-a-nivel-mundial\/"},"author":{"name":"Olivier Turquet","@id":"https:\/\/www.pressenza.com\/es\/#\/schema\/person\/636f8feb51f63f34e7378d5fcdd1de53"},"headline":"\u00bfC\u00f3mo va el comercio de armas a nivel mundial?","datePublished":"2013-01-10T21:12:23+00:00","mainEntityOfPage":{"@id":"https:\/\/www.pressenza.com\/es\/2013\/01\/como-va-el-comercio-de-armas-a-nivel-mundial\/"},"wordCount":3713,"publisher":{"@id":"https:\/\/www.pressenza.com\/es\/#organization"},"image":{"@id":"https:\/\/www.pressenza.com\/es\/2013\/01\/como-va-el-comercio-de-armas-a-nivel-mundial\/#primaryimage"},"thumbnailUrl":"https:\/\/www.pressenza.com\/wp-content\/uploads\/2013\/01\/antonio-mazzeo.jpg","keywords":["armas","comercio de armas"],"articleSection":["Asuntos internacionales","Entrevistas","Internacional","Paz y Desarme"],"inLanguage":"es"},{"@type":"WebPage","@id":"https:\/\/www.pressenza.com\/es\/2013\/01\/como-va-el-comercio-de-armas-a-nivel-mundial\/","url":"https:\/\/www.pressenza.com\/es\/2013\/01\/como-va-el-comercio-de-armas-a-nivel-mundial\/","name":"\u00bfC\u00f3mo va el comercio de armas a nivel mundial?","isPartOf":{"@id":"https:\/\/www.pressenza.com\/es\/#website"},"primaryImageOfPage":{"@id":"https:\/\/www.pressenza.com\/es\/2013\/01\/como-va-el-comercio-de-armas-a-nivel-mundial\/#primaryimage"},"image":{"@id":"https:\/\/www.pressenza.com\/es\/2013\/01\/como-va-el-comercio-de-armas-a-nivel-mundial\/#primaryimage"},"thumbnailUrl":"https:\/\/www.pressenza.com\/wp-content\/uploads\/2013\/01\/antonio-mazzeo.jpg","datePublished":"2013-01-10T21:12:23+00:00","description":"Parece que no va tan mal. Hablamos con Antonio Mazzeo, un periodista que denuncia desde hace a\u00f1os el tr\u00e1fico de armas, el militarismo y el mercantilismo","breadcrumb":{"@id":"https:\/\/www.pressenza.com\/es\/2013\/01\/como-va-el-comercio-de-armas-a-nivel-mundial\/#breadcrumb"},"inLanguage":"es","potentialAction":[{"@type":"ReadAction","target":["https:\/\/www.pressenza.com\/es\/2013\/01\/como-va-el-comercio-de-armas-a-nivel-mundial\/"]}]},{"@type":"ImageObject","inLanguage":"es","@id":"https:\/\/www.pressenza.com\/es\/2013\/01\/como-va-el-comercio-de-armas-a-nivel-mundial\/#primaryimage","url":"https:\/\/www.pressenza.com\/wp-content\/uploads\/2013\/01\/antonio-mazzeo.jpg","contentUrl":"https:\/\/www.pressenza.com\/wp-content\/uploads\/2013\/01\/antonio-mazzeo.jpg","width":"1000","height":"563"},{"@type":"BreadcrumbList","@id":"https:\/\/www.pressenza.com\/es\/2013\/01\/como-va-el-comercio-de-armas-a-nivel-mundial\/#breadcrumb","itemListElement":[{"@type":"ListItem","position":1,"name":"Accueil","item":"https:\/\/www.pressenza.com\/es\/"},{"@type":"ListItem","position":2,"name":"\u00bfC\u00f3mo va el comercio de armas a nivel mundial?"}]},{"@type":"WebSite","@id":"https:\/\/www.pressenza.com\/es\/#website","url":"https:\/\/www.pressenza.com\/es\/","name":"Pressenza","description":"International Press Agency","publisher":{"@id":"https:\/\/www.pressenza.com\/es\/#organization"},"potentialAction":[{"@type":"SearchAction","target":{"@type":"EntryPoint","urlTemplate":"https:\/\/www.pressenza.com\/es\/?s={search_term_string}"},"query-input":{"@type":"PropertyValueSpecification","valueRequired":true,"valueName":"search_term_string"}}],"inLanguage":"es"},{"@type":"Organization","@id":"https:\/\/www.pressenza.com\/es\/#organization","name":"Pressenza","url":"https:\/\/www.pressenza.com\/es\/","logo":{"@type":"ImageObject","inLanguage":"es","@id":"https:\/\/www.pressenza.com\/es\/#\/schema\/logo\/image\/","url":"https:\/\/www.pressenza.com\/wp-content\/uploads\/2022\/10\/pressenza_logo_200x200.jpg","contentUrl":"https:\/\/www.pressenza.com\/wp-content\/uploads\/2022\/10\/pressenza_logo_200x200.jpg","width":200,"height":200,"caption":"Pressenza"},"image":{"@id":"https:\/\/www.pressenza.com\/es\/#\/schema\/logo\/image\/"},"sameAs":["https:\/\/www.facebook.com\/PressenzaItalia","https:\/\/x.com\/PressenzaIPA"]},{"@type":"Person","@id":"https:\/\/www.pressenza.com\/es\/#\/schema\/person\/636f8feb51f63f34e7378d5fcdd1de53","name":"Olivier Turquet","description":"Takes care of writing to tell the reality for about 40 years. He has worked with paper publications, radio and electronic He founded the electronic news agency humanist Good News. He was press secretary to various events such as: the International Humanist, Florence Play, the World March for Peace and Nonviolence. Currently coordinates the Italian team of Pressenza. olivierturquet.wordpress.com","sameAs":["http:\/\/olivierturquet.wordpress.com"],"url":"https:\/\/www.pressenza.com\/es\/author\/olivier-turquet\/"}]}},"place":"","original_article_url":"","_links":{"self":[{"href":"https:\/\/www.pressenza.com\/es\/wp-json\/wp\/v2\/posts\/32516","targetHints":{"allow":["GET"]}}],"collection":[{"href":"https:\/\/www.pressenza.com\/es\/wp-json\/wp\/v2\/posts"}],"about":[{"href":"https:\/\/www.pressenza.com\/es\/wp-json\/wp\/v2\/types\/post"}],"author":[{"embeddable":true,"href":"https:\/\/www.pressenza.com\/es\/wp-json\/wp\/v2\/users\/10"}],"replies":[{"embeddable":true,"href":"https:\/\/www.pressenza.com\/es\/wp-json\/wp\/v2\/comments?post=32516"}],"version-history":[{"count":0,"href":"https:\/\/www.pressenza.com\/es\/wp-json\/wp\/v2\/posts\/32516\/revisions"}],"wp:featuredmedia":[{"embeddable":true,"href":"https:\/\/www.pressenza.com\/es\/wp-json\/wp\/v2\/media\/31378"}],"wp:attachment":[{"href":"https:\/\/www.pressenza.com\/es\/wp-json\/wp\/v2\/media?parent=32516"}],"wp:term":[{"taxonomy":"category","embeddable":true,"href":"https:\/\/www.pressenza.com\/es\/wp-json\/wp\/v2\/categories?post=32516"},{"taxonomy":"post_tag","embeddable":true,"href":"https:\/\/www.pressenza.com\/es\/wp-json\/wp\/v2\/tags?post=32516"}],"curies":[{"name":"wp","href":"https:\/\/api.w.org\/{rel}","templated":true}]}}