{"id":325028,"date":"2016-06-02T15:07:13","date_gmt":"2016-06-02T14:07:13","guid":{"rendered":"http:\/\/www.pressenza.com\/es\/?p=325028"},"modified":"2016-06-02T15:07:13","modified_gmt":"2016-06-02T14:07:13","slug":"repudio-al-decreto-da-autonomia-a-las-fuerzas-armadas-de-tupac-amaru","status":"publish","type":"post","link":"https:\/\/www.pressenza.com\/es\/2016\/06\/repudio-al-decreto-da-autonomia-a-las-fuerzas-armadas-de-tupac-amaru\/","title":{"rendered":"Repudio al decreto que da autonom\u00eda a las Fuerzas Armadas de la Tupac Amaru"},"content":{"rendered":"<p><strong>Repudio al decreto que otorga autonom\u00eda a las Fuerzas Armadas, como en las \u00e9pocas m\u00e1s oscuras de nuestra historia<\/strong><\/p>\n<p>Desde la Tupac Amaru y el Frente Unidos y Orga<span class=\"text_exposed_show\">nizados por la Soberan\u00eda Popular (FUyO) repudiamos el decreto 721\/2016 emitido por el Poder Ejecutivo Nacional que brinda mayor autonom\u00eda a las Fuerzas Armadas. Consideramos que el mismo constituye un grav\u00edsimo retroceso a todos los esfuerzos realizados desde la recuperaci\u00f3n de la democracia de subordinar la conducci\u00f3n de dichas fuerzas al Presidente de la Naci\u00f3n, elegido mediante el voto popular en comicios libres y al que desde 1984, se consideraba Comandante en Jefe de las mismas.<\/span><\/p>\n<div class=\"text_exposed_show\">\n<p>Ra\u00fal Alfons\u00edn determin\u00f3 en 1984 mediante un decreto que toda decisi\u00f3n del ej\u00e9rcito deb\u00eda pasar por la \u00f3rbita del presidente de la Naci\u00f3n y del ministerio de Defensa de la Naci\u00f3n en cuanto a designaciones, destino de personal, retiros, bajas y el ejercicio de facultades disciplinarias. El Presidente ejerc\u00eda un control civil sobre las Fuerzas Armadas para evitar que, como hab\u00eda sucedido en reiteradas ocasiones en nuestro pa\u00eds, \u00e9stas pudieran realizar operaciones en contra de gobiernos democr\u00e1ticos.<\/p>\n<p>La autonom\u00eda de las fuerzas armadas genera intranquilidad no s\u00f3lo en nuestro pa\u00eds, sino tambi\u00e9n en las democracias del mundo. En Argentina, Alfons\u00edn pudo lograr implementar esta pol\u00edtica luego de la sangrienta experiencia de la \u00faltima dictadura c\u00edvico-militar. Sin embargo, las resistencias que han debido superar los distintos gobiernos para la materializaci\u00f3n de los decretos que intentaron instaurar el gobierno de las fuerzas armadas impidieron durante a\u00f1os su efectiva aplicaci\u00f3n o la tornaron muy dificultosa.<\/p>\n<p>Hoy, a partir del decreto firmado por Mauricio Macri la corporaci\u00f3n militar vuelve a disponer, como ha advertido el Movimiento de Profesionales para los Pueblos, \u201caut\u00f3nomamente y sin control, su sistema de \u00abpremios y castigos\u00bb, de formaci\u00f3n acad\u00e9mica con mayor o menor contenido en materia de derechos humanos, de traslados compulsivos a los \u00abdisidentes\u00bb, de asignaci\u00f3n de ascensos a los \u00ableales\u00bb, de cobertura a los agentes pasados a retiro por violar la Constituci\u00f3n Nacional mediante la asignaci\u00f3n de un rol \u00abdocente\u00bb, de asignaci\u00f3n discrecional de presupuesto, de otorgamiento discrecional de roles estrat\u00e9gicos respecto de la funci\u00f3n pol\u00edtica que tienen que cumplir las fuerzas armadas en la sociedad, entre otras facultades . En definitiva, la decisi\u00f3n desde el Ejecutivo nacional es que las fuerzas armas no cuenten con ning\u00fan tipo de control civil y pol\u00edtico\u201d.<\/p>\n<p>No se trata de un hecho aislado. Desde la asunci\u00f3n del nuevo gobierno el pasado 10 de diciembre tanto a nivel nacional y sobre todo en el provincial se ha vivido un grav\u00edsimo retroceso en t\u00e9rminos de las garant\u00edas constitucionales y la vigencia del Estado de derecho. En Jujuy se ha montado el aparato estatal al s\u00f3lo efecto de perseguir y reprimir al que piensa distinto. Desde el 16 de enero, la diputada del Parlasur Milagro Sala se encuentra privada ilegalmente de su libertad. Otros 8 compa\u00f1eros de la Tupac Amaru se encuentran detenidos s\u00f3lo porque alguien dijo algo en contra de ellos y sin m\u00e1s prueba que las declaraciones de alguna persona. Se han realizado allanamientos nocturnos, sin orden, con polic\u00edas de civil, en los que destru\u00edan todas las pertenencias de trabajadores que se han esforzado en los \u00faltimos a\u00f1os en conseguir algo de lo poco que ten\u00edan. Dichas pr\u00e1cticas nos recuerdan a las \u00e9pocas m\u00e1s oscuras de nuestra historia a las que el decreto publicado hoy en el Bolet\u00edn Oficial nos retrotraen.<\/p>\n<p>Desde nuestro espacio social y pol\u00edtico reclamamos una vez m\u00e1s en este contexto la inmediata libertad de Milagro Sala y reiteramos que no se trata de estar de acuerdo o no con ella, sino de garantizar los procesos democr\u00e1ticos que est\u00e1n cada vez m\u00e1s en riesgo.<\/p>\n<\/div>\n","protected":false},"excerpt":{"rendered":"<p>Repudio al decreto que otorga autonom\u00eda a las Fuerzas Armadas, como en las \u00e9pocas m\u00e1s oscuras de nuestra historia Desde la Tupac Amaru y el Frente Unidos y Organizados por la Soberan\u00eda Popular (FUyO) repudiamos el decreto 721\/2016 emitido por&hellip;<\/p>\n","protected":false},"author":87,"featured_media":325037,"comment_status":"closed","ping_status":"closed","sticky":false,"template":"","format":"standard","meta":{"footnotes":""},"categories":[149,79,74,67],"tags":[26,6015,1303,7399,4862,1266,1096],"class_list":["post-325028","post","type-post","status-publish","format-standard","has-post-thumbnail","hentry","category-comunicados-de-prensa","category-derechos-humanos","category-politica-es","category-sudamerica","tag-argentina","tag-decreto","tag-fuerzas-armadas","tag-jujuy","tag-mauricio-macri","tag-milagro-sala","tag-tupac-amaru"],"yoast_head":"<!-- This site is optimized with the Yoast SEO plugin v27.1.1 - https:\/\/yoast.com\/product\/yoast-seo-wordpress\/ -->\n<title>Repudio al decreto que da autonom\u00eda a las Fuerzas Armadas de la Tupac Amaru<\/title>\n<meta name=\"description\" content=\"Repudio al decreto que otorga autonom\u00eda a las Fuerzas Armadas, como en las \u00e9pocas m\u00e1s oscuras de nuestra historia Desde la Tupac Amaru y el Frente Unidos\" \/>\n<meta name=\"robots\" content=\"index, follow, max-snippet:-1, max-image-preview:large, max-video-preview:-1\" \/>\n<link rel=\"canonical\" href=\"https:\/\/www.pressenza.com\/es\/2016\/06\/repudio-al-decreto-da-autonomia-a-las-fuerzas-armadas-de-tupac-amaru\/\" \/>\n<meta property=\"og:locale\" content=\"es_ES\" \/>\n<meta property=\"og:type\" content=\"article\" \/>\n<meta property=\"og:title\" content=\"Repudio al decreto que da autonom\u00eda a las Fuerzas Armadas de la Tupac Amaru\" \/>\n<meta property=\"og:description\" content=\"Repudio al decreto que otorga autonom\u00eda a las Fuerzas Armadas, como en las \u00e9pocas m\u00e1s oscuras de nuestra historia Desde la Tupac Amaru y el Frente Unidos\" \/>\n<meta property=\"og:url\" content=\"https:\/\/www.pressenza.com\/es\/2016\/06\/repudio-al-decreto-da-autonomia-a-las-fuerzas-armadas-de-tupac-amaru\/\" \/>\n<meta property=\"og:site_name\" content=\"Pressenza\" \/>\n<meta property=\"article:publisher\" content=\"https:\/\/www.facebook.com\/PressenzaItalia\" \/>\n<meta property=\"article:published_time\" content=\"2016-06-02T14:07:13+00:00\" \/>\n<meta property=\"og:image\" content=\"https:\/\/www.pressenza.com\/wp-content\/uploads\/2016\/06\/1923601324_9c44493d78_b.jpg\" \/>\n\t<meta property=\"og:image:width\" content=\"1024\" \/>\n\t<meta property=\"og:image:height\" content=\"768\" \/>\n\t<meta property=\"og:image:type\" content=\"image\/jpeg\" \/>\n<meta name=\"author\" content=\"Redacci\u00f3n Argentina\" \/>\n<meta name=\"twitter:card\" content=\"summary_large_image\" \/>\n<meta name=\"twitter:creator\" content=\"@pressenza\" \/>\n<meta name=\"twitter:site\" content=\"@PressenzaIPA\" \/>\n<meta name=\"twitter:label1\" content=\"Escrito por\" \/>\n\t<meta name=\"twitter:data1\" content=\"Redacci\u00f3n Argentina\" \/>\n\t<meta name=\"twitter:label2\" content=\"Tiempo de lectura\" \/>\n\t<meta name=\"twitter:data2\" content=\"3 minutos\" \/>\n<script type=\"application\/ld+json\" class=\"yoast-schema-graph\">{\"@context\":\"https:\/\/schema.org\",\"@graph\":[{\"@type\":\"Article\",\"@id\":\"https:\/\/www.pressenza.com\/es\/2016\/06\/repudio-al-decreto-da-autonomia-a-las-fuerzas-armadas-de-tupac-amaru\/#article\",\"isPartOf\":{\"@id\":\"https:\/\/www.pressenza.com\/es\/2016\/06\/repudio-al-decreto-da-autonomia-a-las-fuerzas-armadas-de-tupac-amaru\/\"},\"author\":{\"name\":\"Redacci\u00f3n Argentina\",\"@id\":\"https:\/\/www.pressenza.com\/es\/#\/schema\/person\/0dda7d1b68267ad95b1e1d83abc98c89\"},\"headline\":\"Repudio al decreto que da autonom\u00eda a las Fuerzas Armadas de la Tupac Amaru\",\"datePublished\":\"2016-06-02T14:07:13+00:00\",\"mainEntityOfPage\":{\"@id\":\"https:\/\/www.pressenza.com\/es\/2016\/06\/repudio-al-decreto-da-autonomia-a-las-fuerzas-armadas-de-tupac-amaru\/\"},\"wordCount\":681,\"publisher\":{\"@id\":\"https:\/\/www.pressenza.com\/es\/#organization\"},\"image\":{\"@id\":\"https:\/\/www.pressenza.com\/es\/2016\/06\/repudio-al-decreto-da-autonomia-a-las-fuerzas-armadas-de-tupac-amaru\/#primaryimage\"},\"thumbnailUrl\":\"https:\/\/www.pressenza.com\/wp-content\/uploads\/2016\/06\/1923601324_9c44493d78_b.jpg\",\"keywords\":[\"Argentina\",\"decreto\",\"Fuerzas armadas\",\"Jujuy\",\"Mauricio Macri\",\"Milagro Sala\",\"Tupac Amaru\"],\"articleSection\":[\"Comunicados de Prensa\",\"Derechos Humanos\",\"Pol\u00edtica\",\"Sudam\u00e9rica\"],\"inLanguage\":\"es\"},{\"@type\":\"WebPage\",\"@id\":\"https:\/\/www.pressenza.com\/es\/2016\/06\/repudio-al-decreto-da-autonomia-a-las-fuerzas-armadas-de-tupac-amaru\/\",\"url\":\"https:\/\/www.pressenza.com\/es\/2016\/06\/repudio-al-decreto-da-autonomia-a-las-fuerzas-armadas-de-tupac-amaru\/\",\"name\":\"Repudio al decreto que da autonom\u00eda a las Fuerzas Armadas de la Tupac Amaru\",\"isPartOf\":{\"@id\":\"https:\/\/www.pressenza.com\/es\/#website\"},\"primaryImageOfPage\":{\"@id\":\"https:\/\/www.pressenza.com\/es\/2016\/06\/repudio-al-decreto-da-autonomia-a-las-fuerzas-armadas-de-tupac-amaru\/#primaryimage\"},\"image\":{\"@id\":\"https:\/\/www.pressenza.com\/es\/2016\/06\/repudio-al-decreto-da-autonomia-a-las-fuerzas-armadas-de-tupac-amaru\/#primaryimage\"},\"thumbnailUrl\":\"https:\/\/www.pressenza.com\/wp-content\/uploads\/2016\/06\/1923601324_9c44493d78_b.jpg\",\"datePublished\":\"2016-06-02T14:07:13+00:00\",\"description\":\"Repudio al decreto que otorga autonom\u00eda a las Fuerzas Armadas, como en las \u00e9pocas m\u00e1s oscuras de nuestra historia Desde la Tupac Amaru y el Frente Unidos\",\"breadcrumb\":{\"@id\":\"https:\/\/www.pressenza.com\/es\/2016\/06\/repudio-al-decreto-da-autonomia-a-las-fuerzas-armadas-de-tupac-amaru\/#breadcrumb\"},\"inLanguage\":\"es\",\"potentialAction\":[{\"@type\":\"ReadAction\",\"target\":[\"https:\/\/www.pressenza.com\/es\/2016\/06\/repudio-al-decreto-da-autonomia-a-las-fuerzas-armadas-de-tupac-amaru\/\"]}]},{\"@type\":\"ImageObject\",\"inLanguage\":\"es\",\"@id\":\"https:\/\/www.pressenza.com\/es\/2016\/06\/repudio-al-decreto-da-autonomia-a-las-fuerzas-armadas-de-tupac-amaru\/#primaryimage\",\"url\":\"https:\/\/www.pressenza.com\/wp-content\/uploads\/2016\/06\/1923601324_9c44493d78_b.jpg\",\"contentUrl\":\"https:\/\/www.pressenza.com\/wp-content\/uploads\/2016\/06\/1923601324_9c44493d78_b.jpg\",\"width\":1024,\"height\":768},{\"@type\":\"BreadcrumbList\",\"@id\":\"https:\/\/www.pressenza.com\/es\/2016\/06\/repudio-al-decreto-da-autonomia-a-las-fuerzas-armadas-de-tupac-amaru\/#breadcrumb\",\"itemListElement\":[{\"@type\":\"ListItem\",\"position\":1,\"name\":\"Accueil\",\"item\":\"https:\/\/www.pressenza.com\/es\/\"},{\"@type\":\"ListItem\",\"position\":2,\"name\":\"Repudio al decreto que da autonom\u00eda a las Fuerzas Armadas de la Tupac Amaru\"}]},{\"@type\":\"WebSite\",\"@id\":\"https:\/\/www.pressenza.com\/es\/#website\",\"url\":\"https:\/\/www.pressenza.com\/es\/\",\"name\":\"Pressenza\",\"description\":\"International Press Agency\",\"publisher\":{\"@id\":\"https:\/\/www.pressenza.com\/es\/#organization\"},\"potentialAction\":[{\"@type\":\"SearchAction\",\"target\":{\"@type\":\"EntryPoint\",\"urlTemplate\":\"https:\/\/www.pressenza.com\/es\/?s={search_term_string}\"},\"query-input\":{\"@type\":\"PropertyValueSpecification\",\"valueRequired\":true,\"valueName\":\"search_term_string\"}}],\"inLanguage\":\"es\"},{\"@type\":\"Organization\",\"@id\":\"https:\/\/www.pressenza.com\/es\/#organization\",\"name\":\"Pressenza\",\"url\":\"https:\/\/www.pressenza.com\/es\/\",\"logo\":{\"@type\":\"ImageObject\",\"inLanguage\":\"es\",\"@id\":\"https:\/\/www.pressenza.com\/es\/#\/schema\/logo\/image\/\",\"url\":\"https:\/\/www.pressenza.com\/wp-content\/uploads\/2022\/10\/pressenza_logo_200x200.jpg\",\"contentUrl\":\"https:\/\/www.pressenza.com\/wp-content\/uploads\/2022\/10\/pressenza_logo_200x200.jpg\",\"width\":200,\"height\":200,\"caption\":\"Pressenza\"},\"image\":{\"@id\":\"https:\/\/www.pressenza.com\/es\/#\/schema\/logo\/image\/\"},\"sameAs\":[\"https:\/\/www.facebook.com\/PressenzaItalia\",\"https:\/\/x.com\/PressenzaIPA\"]},{\"@type\":\"Person\",\"@id\":\"https:\/\/www.pressenza.com\/es\/#\/schema\/person\/0dda7d1b68267ad95b1e1d83abc98c89\",\"name\":\"Redacci\u00f3n Argentina\",\"description\":\"News from the Pressenza Bureau in Argentina.\",\"sameAs\":[\"https:\/\/x.com\/pressenza\"],\"url\":\"https:\/\/www.pressenza.com\/es\/author\/redaccion-argentina\/\"}]}<\/script>\n<!-- \/ Yoast SEO plugin. -->","yoast_head_json":{"title":"Repudio al decreto que da autonom\u00eda a las Fuerzas Armadas de la Tupac Amaru","description":"Repudio al decreto que otorga autonom\u00eda a las Fuerzas Armadas, como en las \u00e9pocas m\u00e1s oscuras de nuestra historia Desde la Tupac Amaru y el Frente Unidos","robots":{"index":"index","follow":"follow","max-snippet":"max-snippet:-1","max-image-preview":"max-image-preview:large","max-video-preview":"max-video-preview:-1"},"canonical":"https:\/\/www.pressenza.com\/es\/2016\/06\/repudio-al-decreto-da-autonomia-a-las-fuerzas-armadas-de-tupac-amaru\/","og_locale":"es_ES","og_type":"article","og_title":"Repudio al decreto que da autonom\u00eda a las Fuerzas Armadas de la Tupac Amaru","og_description":"Repudio al decreto que otorga autonom\u00eda a las Fuerzas Armadas, como en las \u00e9pocas m\u00e1s oscuras de nuestra historia Desde la Tupac Amaru y el Frente Unidos","og_url":"https:\/\/www.pressenza.com\/es\/2016\/06\/repudio-al-decreto-da-autonomia-a-las-fuerzas-armadas-de-tupac-amaru\/","og_site_name":"Pressenza","article_publisher":"https:\/\/www.facebook.com\/PressenzaItalia","article_published_time":"2016-06-02T14:07:13+00:00","og_image":[{"width":1024,"height":768,"url":"https:\/\/www.pressenza.com\/wp-content\/uploads\/2016\/06\/1923601324_9c44493d78_b.jpg","type":"image\/jpeg"}],"author":"Redacci\u00f3n Argentina","twitter_card":"summary_large_image","twitter_creator":"@pressenza","twitter_site":"@PressenzaIPA","twitter_misc":{"Escrito por":"Redacci\u00f3n Argentina","Tiempo de lectura":"3 minutos"},"schema":{"@context":"https:\/\/schema.org","@graph":[{"@type":"Article","@id":"https:\/\/www.pressenza.com\/es\/2016\/06\/repudio-al-decreto-da-autonomia-a-las-fuerzas-armadas-de-tupac-amaru\/#article","isPartOf":{"@id":"https:\/\/www.pressenza.com\/es\/2016\/06\/repudio-al-decreto-da-autonomia-a-las-fuerzas-armadas-de-tupac-amaru\/"},"author":{"name":"Redacci\u00f3n Argentina","@id":"https:\/\/www.pressenza.com\/es\/#\/schema\/person\/0dda7d1b68267ad95b1e1d83abc98c89"},"headline":"Repudio al decreto que da autonom\u00eda a las Fuerzas Armadas de la Tupac Amaru","datePublished":"2016-06-02T14:07:13+00:00","mainEntityOfPage":{"@id":"https:\/\/www.pressenza.com\/es\/2016\/06\/repudio-al-decreto-da-autonomia-a-las-fuerzas-armadas-de-tupac-amaru\/"},"wordCount":681,"publisher":{"@id":"https:\/\/www.pressenza.com\/es\/#organization"},"image":{"@id":"https:\/\/www.pressenza.com\/es\/2016\/06\/repudio-al-decreto-da-autonomia-a-las-fuerzas-armadas-de-tupac-amaru\/#primaryimage"},"thumbnailUrl":"https:\/\/www.pressenza.com\/wp-content\/uploads\/2016\/06\/1923601324_9c44493d78_b.jpg","keywords":["Argentina","decreto","Fuerzas armadas","Jujuy","Mauricio Macri","Milagro Sala","Tupac Amaru"],"articleSection":["Comunicados de Prensa","Derechos Humanos","Pol\u00edtica","Sudam\u00e9rica"],"inLanguage":"es"},{"@type":"WebPage","@id":"https:\/\/www.pressenza.com\/es\/2016\/06\/repudio-al-decreto-da-autonomia-a-las-fuerzas-armadas-de-tupac-amaru\/","url":"https:\/\/www.pressenza.com\/es\/2016\/06\/repudio-al-decreto-da-autonomia-a-las-fuerzas-armadas-de-tupac-amaru\/","name":"Repudio al decreto que da autonom\u00eda a las Fuerzas Armadas de la Tupac Amaru","isPartOf":{"@id":"https:\/\/www.pressenza.com\/es\/#website"},"primaryImageOfPage":{"@id":"https:\/\/www.pressenza.com\/es\/2016\/06\/repudio-al-decreto-da-autonomia-a-las-fuerzas-armadas-de-tupac-amaru\/#primaryimage"},"image":{"@id":"https:\/\/www.pressenza.com\/es\/2016\/06\/repudio-al-decreto-da-autonomia-a-las-fuerzas-armadas-de-tupac-amaru\/#primaryimage"},"thumbnailUrl":"https:\/\/www.pressenza.com\/wp-content\/uploads\/2016\/06\/1923601324_9c44493d78_b.jpg","datePublished":"2016-06-02T14:07:13+00:00","description":"Repudio al decreto que otorga autonom\u00eda a las Fuerzas Armadas, como en las \u00e9pocas m\u00e1s oscuras de nuestra historia Desde la Tupac Amaru y el Frente Unidos","breadcrumb":{"@id":"https:\/\/www.pressenza.com\/es\/2016\/06\/repudio-al-decreto-da-autonomia-a-las-fuerzas-armadas-de-tupac-amaru\/#breadcrumb"},"inLanguage":"es","potentialAction":[{"@type":"ReadAction","target":["https:\/\/www.pressenza.com\/es\/2016\/06\/repudio-al-decreto-da-autonomia-a-las-fuerzas-armadas-de-tupac-amaru\/"]}]},{"@type":"ImageObject","inLanguage":"es","@id":"https:\/\/www.pressenza.com\/es\/2016\/06\/repudio-al-decreto-da-autonomia-a-las-fuerzas-armadas-de-tupac-amaru\/#primaryimage","url":"https:\/\/www.pressenza.com\/wp-content\/uploads\/2016\/06\/1923601324_9c44493d78_b.jpg","contentUrl":"https:\/\/www.pressenza.com\/wp-content\/uploads\/2016\/06\/1923601324_9c44493d78_b.jpg","width":1024,"height":768},{"@type":"BreadcrumbList","@id":"https:\/\/www.pressenza.com\/es\/2016\/06\/repudio-al-decreto-da-autonomia-a-las-fuerzas-armadas-de-tupac-amaru\/#breadcrumb","itemListElement":[{"@type":"ListItem","position":1,"name":"Accueil","item":"https:\/\/www.pressenza.com\/es\/"},{"@type":"ListItem","position":2,"name":"Repudio al decreto que da autonom\u00eda a las Fuerzas Armadas de la Tupac Amaru"}]},{"@type":"WebSite","@id":"https:\/\/www.pressenza.com\/es\/#website","url":"https:\/\/www.pressenza.com\/es\/","name":"Pressenza","description":"International Press Agency","publisher":{"@id":"https:\/\/www.pressenza.com\/es\/#organization"},"potentialAction":[{"@type":"SearchAction","target":{"@type":"EntryPoint","urlTemplate":"https:\/\/www.pressenza.com\/es\/?s={search_term_string}"},"query-input":{"@type":"PropertyValueSpecification","valueRequired":true,"valueName":"search_term_string"}}],"inLanguage":"es"},{"@type":"Organization","@id":"https:\/\/www.pressenza.com\/es\/#organization","name":"Pressenza","url":"https:\/\/www.pressenza.com\/es\/","logo":{"@type":"ImageObject","inLanguage":"es","@id":"https:\/\/www.pressenza.com\/es\/#\/schema\/logo\/image\/","url":"https:\/\/www.pressenza.com\/wp-content\/uploads\/2022\/10\/pressenza_logo_200x200.jpg","contentUrl":"https:\/\/www.pressenza.com\/wp-content\/uploads\/2022\/10\/pressenza_logo_200x200.jpg","width":200,"height":200,"caption":"Pressenza"},"image":{"@id":"https:\/\/www.pressenza.com\/es\/#\/schema\/logo\/image\/"},"sameAs":["https:\/\/www.facebook.com\/PressenzaItalia","https:\/\/x.com\/PressenzaIPA"]},{"@type":"Person","@id":"https:\/\/www.pressenza.com\/es\/#\/schema\/person\/0dda7d1b68267ad95b1e1d83abc98c89","name":"Redacci\u00f3n Argentina","description":"News from the Pressenza Bureau in Argentina.","sameAs":["https:\/\/x.com\/pressenza"],"url":"https:\/\/www.pressenza.com\/es\/author\/redaccion-argentina\/"}]}},"place":"San Salvador de Jujuy, Argentina","original_article_url":"","_links":{"self":[{"href":"https:\/\/www.pressenza.com\/es\/wp-json\/wp\/v2\/posts\/325028","targetHints":{"allow":["GET"]}}],"collection":[{"href":"https:\/\/www.pressenza.com\/es\/wp-json\/wp\/v2\/posts"}],"about":[{"href":"https:\/\/www.pressenza.com\/es\/wp-json\/wp\/v2\/types\/post"}],"author":[{"embeddable":true,"href":"https:\/\/www.pressenza.com\/es\/wp-json\/wp\/v2\/users\/87"}],"replies":[{"embeddable":true,"href":"https:\/\/www.pressenza.com\/es\/wp-json\/wp\/v2\/comments?post=325028"}],"version-history":[{"count":0,"href":"https:\/\/www.pressenza.com\/es\/wp-json\/wp\/v2\/posts\/325028\/revisions"}],"wp:featuredmedia":[{"embeddable":true,"href":"https:\/\/www.pressenza.com\/es\/wp-json\/wp\/v2\/media\/325037"}],"wp:attachment":[{"href":"https:\/\/www.pressenza.com\/es\/wp-json\/wp\/v2\/media?parent=325028"}],"wp:term":[{"taxonomy":"category","embeddable":true,"href":"https:\/\/www.pressenza.com\/es\/wp-json\/wp\/v2\/categories?post=325028"},{"taxonomy":"post_tag","embeddable":true,"href":"https:\/\/www.pressenza.com\/es\/wp-json\/wp\/v2\/tags?post=325028"}],"curies":[{"name":"wp","href":"https:\/\/api.w.org\/{rel}","templated":true}]}}