{"id":324817,"date":"2016-06-01T21:40:57","date_gmt":"2016-06-01T20:40:57","guid":{"rendered":"http:\/\/www.pressenza.com\/es\/?p=324817"},"modified":"2016-06-02T06:46:25","modified_gmt":"2016-06-02T05:46:25","slug":"renta-basica-la-pregunta-mas-grande-llega-berlin","status":"publish","type":"post","link":"https:\/\/www.pressenza.com\/es\/2016\/06\/renta-basica-la-pregunta-mas-grande-llega-berlin\/","title":{"rendered":"Renta B\u00e1sica: La pregunta \u201cm\u00e1s grande\u201d llega a Berl\u00edn"},"content":{"rendered":"<p>El <strong>5 de junio<\/strong> <strong>el pueblo suizo ser\u00e1 el primer pa\u00eds que votar\u00e1 la renta b\u00e1sica universa<\/strong>l. En este contexto, se responder\u00e1 a <strong>preguntas<\/strong> fundamentales como: <strong>\u00bfTrabajar\u00eda usted si sus ingresos estuvieran garantizados? \u00bfQueremos asegurarnos mutuamente y sin condiciones la existencia a futuro?<\/strong><\/p>\n<p>El 14 de mayo, \u201cGeneration Grundeinkommen\u201d (la Generaci\u00f3n de la Renta B\u00e1sica)\u00a0 logr\u00f3 batir en Ginebra el record Guinness con la pregunta escrita sobre el cartel m\u00e1s grande que se ha hecho hasta ahora en el mundo. El mismo d\u00eda esta pregunta fue presentada en la pantalla de Times Square en la ciudad de Nueva York.<\/p>\n<p>El 29 de mayo, ha sido desenrollada la pregunta de 400m de longitud sobre la Calle 17 de Junio, delante de la Puerta de Brandenburgo.<\/p>\n<div class=\"post-gallery\">\n\t\t\t<figure class=\"post-gallery-item\">\n\t\t\t\t<img decoding=\"async\" src=\"https:\/\/www.pressenza.com\/wp-content\/uploads\/2016\/05\/DSC02358-720x478.jpg\" loading=\"lazy\">\n\t\t\t\t<figcaption>\n\t\t\t\t\t\n\t\t\t\t<\/figcaption>\n\t\t\t<\/figure>\n\t\t\t<figure class=\"post-gallery-item\">\n\t\t\t\t<img decoding=\"async\" src=\"https:\/\/www.pressenza.com\/wp-content\/uploads\/2016\/05\/DSC02427-720x478.jpg\" loading=\"lazy\">\n\t\t\t\t<figcaption>\n\t\t\t\t\t\n\t\t\t\t<\/figcaption>\n\t\t\t<\/figure>\n\t\t\t<figure class=\"post-gallery-item\">\n\t\t\t\t<img decoding=\"async\" src=\"https:\/\/www.pressenza.com\/wp-content\/uploads\/2016\/05\/DSC02402-720x478.jpg\" loading=\"lazy\">\n\t\t\t\t<figcaption>\n\t\t\t\t\t\n\t\t\t\t<\/figcaption>\n\t\t\t<\/figure>\n\t\t\t<figure class=\"post-gallery-item\">\n\t\t\t\t<img decoding=\"async\" src=\"https:\/\/www.pressenza.com\/wp-content\/uploads\/2016\/05\/DSC02424-720x478.jpg\" loading=\"lazy\">\n\t\t\t\t<figcaption>\n\t\t\t\t\t\n\t\t\t\t<\/figcaption>\n\t\t\t<\/figure>\n\t\t\t<figure class=\"post-gallery-item\">\n\t\t\t\t<img decoding=\"async\" src=\"https:\/\/www.pressenza.com\/wp-content\/uploads\/2016\/05\/DSC02385-720x478.jpg\" loading=\"lazy\">\n\t\t\t\t<figcaption>\n\t\t\t\t\t\n\t\t\t\t<\/figcaption>\n\t\t\t<\/figure>\n\t\t\t<figure class=\"post-gallery-item\">\n\t\t\t\t<img decoding=\"async\" src=\"https:\/\/www.pressenza.com\/wp-content\/uploads\/2016\/05\/DSC02384-720x478.jpg\" loading=\"lazy\">\n\t\t\t\t<figcaption>\n\t\t\t\t\t\n\t\t\t\t<\/figcaption>\n\t\t\t<\/figure>\n\t\t\t<figure class=\"post-gallery-item\">\n\t\t\t\t<img decoding=\"async\" src=\"https:\/\/www.pressenza.com\/wp-content\/uploads\/2016\/05\/DSC02450-720x478.jpg\" loading=\"lazy\">\n\t\t\t\t<figcaption>\n\t\t\t\t\t\n\t\t\t\t<\/figcaption>\n\t\t\t<\/figure>\n\t\t\t<figure class=\"post-gallery-item\">\n\t\t\t\t<img decoding=\"async\" src=\"https:\/\/www.pressenza.com\/wp-content\/uploads\/2016\/05\/DSC02355-720x478.jpg\" loading=\"lazy\">\n\t\t\t\t<figcaption>\n\t\t\t\t\t\n\t\t\t\t<\/figcaption>\n\t\t\t<\/figure><\/div>\n<p>El equipo de la renta b\u00e1sica suiza fue invitado por el \u201cAutob\u00fas por la Democracia Directa en Alemania\u201d. Estos se preguntan\u00a0 \u201c\u00bf<em>Por qu\u00e9 no votamos en Alemania sobre una renta b\u00e1sica universal?<\/em>\u201d La respuesta es porque en Alemania no existe el refer\u00e9ndum nacional. Debido a que los alemanes no pueden decidir, la organizaci\u00f3n pide introducir el refer\u00e9ndum a nivel nacional. El lunes esta exigencia ser\u00e1 presentada, con la mayor cantidad de firmas posibles, al Parlamento alem\u00e1n (Bundestag).<\/p>\n<p><strong>Sin democracia directa no habr\u00e1 Renta B\u00e1sica Universal<\/strong><\/p>\n<p><a href=\"https:\/\/de.wikipedia.org\/wiki\/Susanne_Wiest\">Susanne Wiest<\/a>, impulsora de esta iniciativa, manifest\u00f3 en un breve discurso que, durante la audiencia en el Bundestag \u00a0en 2010, algunos parlamentarios todav\u00eda ten\u00edan que consultar el diccionario para entender el t\u00e9rmino \u201crenta b\u00e1sica\u201d. Y algo muy importante, gracias a la iniciativa popular y al equipo de campa\u00f1a en Suiza se discute ahora ampliamente sobre la renta b\u00e1sica en Alemania. Wiest considera que es muy inspirador ver c\u00f3mo funciona la democracia directa en Suiza, donde todos tienen voz y deciden de com\u00fan acuerdo c\u00f3mo y en qu\u00e9 condiciones quieren vivir en su pa\u00eds. Por eso, ella lucha ahora en primer lugar por la introducci\u00f3n del refer\u00e9ndum a nivel nacional, de tal modo que la poblaci\u00f3n pueda votar sobre la renta b\u00e1sica y otras cuestiones importantes.<\/p>\n<p><strong>El miedo a la democracia directa<\/strong><\/p>\n<p>A la pregunta de qu\u00e9 opina respecto al miedo a que la democracia directa fuera mal utilizada por los populistas de derechas, Susan Wiest responde que no puede compartir este temor. La democracia directa mediante refer\u00e9ndum muestra la realidad y ella no tiene miedo a enfrentarse a dicha realidad. M\u00e1s peligroso le parece las creencias sobre lo que los dem\u00e1s votar\u00edan. Y explica que ser\u00eda mucho mejor saber qu\u00e9 pasa en las cabezas de los ciudadanos. Si uno est\u00e1 preocupado por el resultado de unas elecciones, es una oportunidad de movilizarse y tomar la iniciativa. Wiest se\u00f1al\u00f3 que muchas personas a\u00fan no han entendido que las cuestiones sometidas a votaci\u00f3n no la presentar\u00e1n los grandes partidos u organizaciones sino que partir\u00e1n de los ciudadanos, como se puede ver en el ejemplo de la renta b\u00e1sica en Suiza.<\/p>\n<p>La democracia parlamentaria de hoy lleva mucho m\u00e1s al rencor y a la impotencia, seg\u00fan Wiest. La impotencia se produce cuando se decide sin tener en cuenta lo que la gente est\u00e1 pidiendo y se elige un partido, como el caso del SPD, por su programa social y luego este partido hace lo contrario. \u201cSi se vota por un partido es como si uno hiciera una compra a ciegas, sin saber lo que hay dentro del paquete, y eso crea despu\u00e9s impotencia. Si la impotencia se acumula por mucho tiempo se crea rencor. La democracia directa es una buena manera de ver la realidad y evita la ira y la impotencia\u201c, sintetiza Susan.<\/p>\n<p><strong>El capitalismo y la renta b\u00e1sica \u00bfuna contradicci\u00f3n?<br \/>\n<\/strong><br \/>\nG\u00f6tz Werner, empresario y due\u00f1o de la cadena de droguer\u00eda DM con 30.000 empleados y un volumen de negocio de 6000 millones euros, es tambi\u00e9n un \u00a0importante defensor de la renta b\u00e1sica. No encuentra contradicci\u00f3n entre el capitalismo y la renta b\u00e1sica. Todo deber\u00eda estar ah\u00ed para que las personas puedan desarrollarse dignamente en el mundo. No se trata de capitalismo, liberalismo o socialismo, sino si el objetivo es ir hacia lo humano o hacia el ego\u00edsmo. Para Werner, la cuesti\u00f3n se reduce a arrebatar o permitir, y pone como ejemplo al suizo Gottlieb Duttweiler, quien dice: \u00ab\u00bfTrabajamos por los ingresos o permiten los ingresos el trabajo?\u201d. \u201cQuien trabaja en mi empresa \u2013dice- recibe sus ingresos para que \u00e9l\/ella se pueda permitir trabajar conmigo. Lo que logramos juntos, es otra cuesti\u00f3n. La renta b\u00e1sica universal es la premisa para que la gente pueda trabajar. Si cambiamos este paradigma en nuestra cabeza, entonces estamos de repente en otro planeta, nos encontramos en otro mundo\u201c.<\/p>\n","protected":false},"excerpt":{"rendered":"<p>El 5 de junio el pueblo suizo ser\u00e1 el primer pa\u00eds que votar\u00e1 la renta b\u00e1sica universal. En este contexto, se responder\u00e1 a preguntas fundamentales como: \u00bfTrabajar\u00eda usted si sus ingresos estuvieran garantizados? \u00bfQueremos asegurarnos mutuamente y sin condiciones la&hellip;<\/p>\n","protected":false},"author":1089,"featured_media":323454,"comment_status":"closed","ping_status":"closed","sticky":false,"template":"","format":"standard","meta":{"footnotes":""},"categories":[11389,81,39],"tags":[5374,4740,2867,27616,9062],"class_list":["post-324817","post","type-post","status-publish","format-standard","has-post-thumbnail","hentry","category-contenido-original","category-economia-es","category-internacional","tag-alemania","tag-democracia-real","tag-referendum-es","tag-referendum-renta-basica","tag-suiza"],"yoast_head":"<!-- This site is optimized with the Yoast SEO plugin v27.1.1 - https:\/\/yoast.com\/product\/yoast-seo-wordpress\/ -->\n<title>Renta B\u00e1sica: La pregunta \u201cm\u00e1s grande\u201d llega a Berl\u00edn<\/title>\n<meta name=\"description\" content=\"El 5 de junio el pueblo suizo ser\u00e1 el primer pa\u00eds que votar\u00e1 la renta b\u00e1sica universal. En este contexto, se responder\u00e1 a preguntas fundamentales como:\" \/>\n<meta name=\"robots\" content=\"index, follow, max-snippet:-1, max-image-preview:large, max-video-preview:-1\" \/>\n<link rel=\"canonical\" href=\"https:\/\/www.pressenza.com\/es\/2016\/06\/renta-basica-la-pregunta-mas-grande-llega-berlin\/\" \/>\n<meta property=\"og:locale\" content=\"es_ES\" \/>\n<meta property=\"og:type\" content=\"article\" \/>\n<meta property=\"og:title\" content=\"Renta B\u00e1sica: La pregunta \u201cm\u00e1s grande\u201d llega a Berl\u00edn\" \/>\n<meta property=\"og:description\" content=\"El 5 de junio el pueblo suizo ser\u00e1 el primer pa\u00eds que votar\u00e1 la renta b\u00e1sica universal. En este contexto, se responder\u00e1 a preguntas fundamentales como:\" \/>\n<meta property=\"og:url\" content=\"https:\/\/www.pressenza.com\/es\/2016\/06\/renta-basica-la-pregunta-mas-grande-llega-berlin\/\" \/>\n<meta property=\"og:site_name\" content=\"Pressenza\" \/>\n<meta property=\"article:publisher\" content=\"https:\/\/www.facebook.com\/PressenzaItalia\" \/>\n<meta property=\"article:author\" content=\"https:\/\/www.facebook.com\/rthumiger\" \/>\n<meta property=\"article:published_time\" content=\"2016-06-01T20:40:57+00:00\" \/>\n<meta property=\"article:modified_time\" content=\"2016-06-02T05:46:25+00:00\" \/>\n<meta property=\"og:image\" content=\"https:\/\/www.pressenza.com\/wp-content\/uploads\/2016\/05\/WhatWouldYouDo-720x405.jpg\" \/>\n\t<meta property=\"og:image:width\" content=\"720\" \/>\n\t<meta property=\"og:image:height\" content=\"405\" \/>\n\t<meta property=\"og:image:type\" content=\"image\/jpeg\" \/>\n<meta name=\"author\" content=\"Reto Thumiger\" \/>\n<meta name=\"twitter:card\" content=\"summary_large_image\" \/>\n<meta name=\"twitter:creator\" content=\"@pressenza_ger\" \/>\n<meta name=\"twitter:site\" content=\"@PressenzaIPA\" \/>\n<meta name=\"twitter:label1\" content=\"Escrito por\" \/>\n\t<meta name=\"twitter:data1\" content=\"Reto Thumiger\" \/>\n\t<meta name=\"twitter:label2\" content=\"Tiempo de lectura\" \/>\n\t<meta name=\"twitter:data2\" content=\"4 minutos\" \/>\n<script type=\"application\/ld+json\" class=\"yoast-schema-graph\">{\"@context\":\"https:\/\/schema.org\",\"@graph\":[{\"@type\":\"Article\",\"@id\":\"https:\/\/www.pressenza.com\/es\/2016\/06\/renta-basica-la-pregunta-mas-grande-llega-berlin\/#article\",\"isPartOf\":{\"@id\":\"https:\/\/www.pressenza.com\/es\/2016\/06\/renta-basica-la-pregunta-mas-grande-llega-berlin\/\"},\"author\":{\"name\":\"Reto Thumiger\",\"@id\":\"https:\/\/www.pressenza.com\/es\/#\/schema\/person\/e233667f8b5764bd84b766de5286a5fa\"},\"headline\":\"Renta B\u00e1sica: La pregunta \u201cm\u00e1s grande\u201d llega a Berl\u00edn\",\"datePublished\":\"2016-06-01T20:40:57+00:00\",\"dateModified\":\"2016-06-02T05:46:25+00:00\",\"mainEntityOfPage\":{\"@id\":\"https:\/\/www.pressenza.com\/es\/2016\/06\/renta-basica-la-pregunta-mas-grande-llega-berlin\/\"},\"wordCount\":827,\"publisher\":{\"@id\":\"https:\/\/www.pressenza.com\/es\/#organization\"},\"image\":{\"@id\":\"https:\/\/www.pressenza.com\/es\/2016\/06\/renta-basica-la-pregunta-mas-grande-llega-berlin\/#primaryimage\"},\"thumbnailUrl\":\"https:\/\/www.pressenza.com\/wp-content\/uploads\/2016\/05\/WhatWouldYouDo.jpg\",\"keywords\":[\"Alemania\",\"Democracia Real\",\"referendum\",\"Refer\u00e9ndum Renta B\u00e1sica\",\"Suiza\"],\"articleSection\":[\"Contenido Original\",\"Econom\u00eda\",\"Internacional\"],\"inLanguage\":\"es\"},{\"@type\":\"WebPage\",\"@id\":\"https:\/\/www.pressenza.com\/es\/2016\/06\/renta-basica-la-pregunta-mas-grande-llega-berlin\/\",\"url\":\"https:\/\/www.pressenza.com\/es\/2016\/06\/renta-basica-la-pregunta-mas-grande-llega-berlin\/\",\"name\":\"Renta B\u00e1sica: La pregunta \u201cm\u00e1s grande\u201d llega a Berl\u00edn\",\"isPartOf\":{\"@id\":\"https:\/\/www.pressenza.com\/es\/#website\"},\"primaryImageOfPage\":{\"@id\":\"https:\/\/www.pressenza.com\/es\/2016\/06\/renta-basica-la-pregunta-mas-grande-llega-berlin\/#primaryimage\"},\"image\":{\"@id\":\"https:\/\/www.pressenza.com\/es\/2016\/06\/renta-basica-la-pregunta-mas-grande-llega-berlin\/#primaryimage\"},\"thumbnailUrl\":\"https:\/\/www.pressenza.com\/wp-content\/uploads\/2016\/05\/WhatWouldYouDo.jpg\",\"datePublished\":\"2016-06-01T20:40:57+00:00\",\"dateModified\":\"2016-06-02T05:46:25+00:00\",\"description\":\"El 5 de junio el pueblo suizo ser\u00e1 el primer pa\u00eds que votar\u00e1 la renta b\u00e1sica universal. En este contexto, se responder\u00e1 a preguntas fundamentales como:\",\"breadcrumb\":{\"@id\":\"https:\/\/www.pressenza.com\/es\/2016\/06\/renta-basica-la-pregunta-mas-grande-llega-berlin\/#breadcrumb\"},\"inLanguage\":\"es\",\"potentialAction\":[{\"@type\":\"ReadAction\",\"target\":[\"https:\/\/www.pressenza.com\/es\/2016\/06\/renta-basica-la-pregunta-mas-grande-llega-berlin\/\"]}]},{\"@type\":\"ImageObject\",\"inLanguage\":\"es\",\"@id\":\"https:\/\/www.pressenza.com\/es\/2016\/06\/renta-basica-la-pregunta-mas-grande-llega-berlin\/#primaryimage\",\"url\":\"https:\/\/www.pressenza.com\/wp-content\/uploads\/2016\/05\/WhatWouldYouDo.jpg\",\"contentUrl\":\"https:\/\/www.pressenza.com\/wp-content\/uploads\/2016\/05\/WhatWouldYouDo.jpg\",\"width\":4800,\"height\":2700},{\"@type\":\"BreadcrumbList\",\"@id\":\"https:\/\/www.pressenza.com\/es\/2016\/06\/renta-basica-la-pregunta-mas-grande-llega-berlin\/#breadcrumb\",\"itemListElement\":[{\"@type\":\"ListItem\",\"position\":1,\"name\":\"Accueil\",\"item\":\"https:\/\/www.pressenza.com\/es\/\"},{\"@type\":\"ListItem\",\"position\":2,\"name\":\"Renta B\u00e1sica: La pregunta \u201cm\u00e1s grande\u201d llega a Berl\u00edn\"}]},{\"@type\":\"WebSite\",\"@id\":\"https:\/\/www.pressenza.com\/es\/#website\",\"url\":\"https:\/\/www.pressenza.com\/es\/\",\"name\":\"Pressenza\",\"description\":\"International Press Agency\",\"publisher\":{\"@id\":\"https:\/\/www.pressenza.com\/es\/#organization\"},\"potentialAction\":[{\"@type\":\"SearchAction\",\"target\":{\"@type\":\"EntryPoint\",\"urlTemplate\":\"https:\/\/www.pressenza.com\/es\/?s={search_term_string}\"},\"query-input\":{\"@type\":\"PropertyValueSpecification\",\"valueRequired\":true,\"valueName\":\"search_term_string\"}}],\"inLanguage\":\"es\"},{\"@type\":\"Organization\",\"@id\":\"https:\/\/www.pressenza.com\/es\/#organization\",\"name\":\"Pressenza\",\"url\":\"https:\/\/www.pressenza.com\/es\/\",\"logo\":{\"@type\":\"ImageObject\",\"inLanguage\":\"es\",\"@id\":\"https:\/\/www.pressenza.com\/es\/#\/schema\/logo\/image\/\",\"url\":\"https:\/\/www.pressenza.com\/wp-content\/uploads\/2022\/10\/pressenza_logo_200x200.jpg\",\"contentUrl\":\"https:\/\/www.pressenza.com\/wp-content\/uploads\/2022\/10\/pressenza_logo_200x200.jpg\",\"width\":200,\"height\":200,\"caption\":\"Pressenza\"},\"image\":{\"@id\":\"https:\/\/www.pressenza.com\/es\/#\/schema\/logo\/image\/\"},\"sameAs\":[\"https:\/\/www.facebook.com\/PressenzaItalia\",\"https:\/\/x.com\/PressenzaIPA\"]},{\"@type\":\"Person\",\"@id\":\"https:\/\/www.pressenza.com\/es\/#\/schema\/person\/e233667f8b5764bd84b766de5286a5fa\",\"name\":\"Reto Thumiger\",\"description\":\"The Swiss-born business administrator has been an activist for the New Humanism for over 25 years. He is committed to the promotion of cultural diversity, equal rights and the creation of equal opportunities for all people. He is committed to an internal and external revolution based on active non-violence. Through his voluntary work at Pressenza, he endeavours to contribute to overcoming violence through journalism that focuses on peace and non-violence.\",\"sameAs\":[\"http:\/\/www.pressenza.com\/de\",\"https:\/\/www.facebook.com\/rthumiger\",\"https:\/\/x.com\/pressenza_ger\"],\"url\":\"https:\/\/www.pressenza.com\/es\/author\/reto-thumiger\/\"}]}<\/script>\n<!-- \/ Yoast SEO plugin. -->","yoast_head_json":{"title":"Renta B\u00e1sica: La pregunta \u201cm\u00e1s grande\u201d llega a Berl\u00edn","description":"El 5 de junio el pueblo suizo ser\u00e1 el primer pa\u00eds que votar\u00e1 la renta b\u00e1sica universal. En este contexto, se responder\u00e1 a preguntas fundamentales como:","robots":{"index":"index","follow":"follow","max-snippet":"max-snippet:-1","max-image-preview":"max-image-preview:large","max-video-preview":"max-video-preview:-1"},"canonical":"https:\/\/www.pressenza.com\/es\/2016\/06\/renta-basica-la-pregunta-mas-grande-llega-berlin\/","og_locale":"es_ES","og_type":"article","og_title":"Renta B\u00e1sica: La pregunta \u201cm\u00e1s grande\u201d llega a Berl\u00edn","og_description":"El 5 de junio el pueblo suizo ser\u00e1 el primer pa\u00eds que votar\u00e1 la renta b\u00e1sica universal. En este contexto, se responder\u00e1 a preguntas fundamentales como:","og_url":"https:\/\/www.pressenza.com\/es\/2016\/06\/renta-basica-la-pregunta-mas-grande-llega-berlin\/","og_site_name":"Pressenza","article_publisher":"https:\/\/www.facebook.com\/PressenzaItalia","article_author":"https:\/\/www.facebook.com\/rthumiger","article_published_time":"2016-06-01T20:40:57+00:00","article_modified_time":"2016-06-02T05:46:25+00:00","og_image":[{"width":720,"height":405,"url":"https:\/\/www.pressenza.com\/wp-content\/uploads\/2016\/05\/WhatWouldYouDo-720x405.jpg","type":"image\/jpeg"}],"author":"Reto Thumiger","twitter_card":"summary_large_image","twitter_creator":"@pressenza_ger","twitter_site":"@PressenzaIPA","twitter_misc":{"Escrito por":"Reto Thumiger","Tiempo de lectura":"4 minutos"},"schema":{"@context":"https:\/\/schema.org","@graph":[{"@type":"Article","@id":"https:\/\/www.pressenza.com\/es\/2016\/06\/renta-basica-la-pregunta-mas-grande-llega-berlin\/#article","isPartOf":{"@id":"https:\/\/www.pressenza.com\/es\/2016\/06\/renta-basica-la-pregunta-mas-grande-llega-berlin\/"},"author":{"name":"Reto Thumiger","@id":"https:\/\/www.pressenza.com\/es\/#\/schema\/person\/e233667f8b5764bd84b766de5286a5fa"},"headline":"Renta B\u00e1sica: La pregunta \u201cm\u00e1s grande\u201d llega a Berl\u00edn","datePublished":"2016-06-01T20:40:57+00:00","dateModified":"2016-06-02T05:46:25+00:00","mainEntityOfPage":{"@id":"https:\/\/www.pressenza.com\/es\/2016\/06\/renta-basica-la-pregunta-mas-grande-llega-berlin\/"},"wordCount":827,"publisher":{"@id":"https:\/\/www.pressenza.com\/es\/#organization"},"image":{"@id":"https:\/\/www.pressenza.com\/es\/2016\/06\/renta-basica-la-pregunta-mas-grande-llega-berlin\/#primaryimage"},"thumbnailUrl":"https:\/\/www.pressenza.com\/wp-content\/uploads\/2016\/05\/WhatWouldYouDo.jpg","keywords":["Alemania","Democracia Real","referendum","Refer\u00e9ndum Renta B\u00e1sica","Suiza"],"articleSection":["Contenido Original","Econom\u00eda","Internacional"],"inLanguage":"es"},{"@type":"WebPage","@id":"https:\/\/www.pressenza.com\/es\/2016\/06\/renta-basica-la-pregunta-mas-grande-llega-berlin\/","url":"https:\/\/www.pressenza.com\/es\/2016\/06\/renta-basica-la-pregunta-mas-grande-llega-berlin\/","name":"Renta B\u00e1sica: La pregunta \u201cm\u00e1s grande\u201d llega a Berl\u00edn","isPartOf":{"@id":"https:\/\/www.pressenza.com\/es\/#website"},"primaryImageOfPage":{"@id":"https:\/\/www.pressenza.com\/es\/2016\/06\/renta-basica-la-pregunta-mas-grande-llega-berlin\/#primaryimage"},"image":{"@id":"https:\/\/www.pressenza.com\/es\/2016\/06\/renta-basica-la-pregunta-mas-grande-llega-berlin\/#primaryimage"},"thumbnailUrl":"https:\/\/www.pressenza.com\/wp-content\/uploads\/2016\/05\/WhatWouldYouDo.jpg","datePublished":"2016-06-01T20:40:57+00:00","dateModified":"2016-06-02T05:46:25+00:00","description":"El 5 de junio el pueblo suizo ser\u00e1 el primer pa\u00eds que votar\u00e1 la renta b\u00e1sica universal. En este contexto, se responder\u00e1 a preguntas fundamentales como:","breadcrumb":{"@id":"https:\/\/www.pressenza.com\/es\/2016\/06\/renta-basica-la-pregunta-mas-grande-llega-berlin\/#breadcrumb"},"inLanguage":"es","potentialAction":[{"@type":"ReadAction","target":["https:\/\/www.pressenza.com\/es\/2016\/06\/renta-basica-la-pregunta-mas-grande-llega-berlin\/"]}]},{"@type":"ImageObject","inLanguage":"es","@id":"https:\/\/www.pressenza.com\/es\/2016\/06\/renta-basica-la-pregunta-mas-grande-llega-berlin\/#primaryimage","url":"https:\/\/www.pressenza.com\/wp-content\/uploads\/2016\/05\/WhatWouldYouDo.jpg","contentUrl":"https:\/\/www.pressenza.com\/wp-content\/uploads\/2016\/05\/WhatWouldYouDo.jpg","width":4800,"height":2700},{"@type":"BreadcrumbList","@id":"https:\/\/www.pressenza.com\/es\/2016\/06\/renta-basica-la-pregunta-mas-grande-llega-berlin\/#breadcrumb","itemListElement":[{"@type":"ListItem","position":1,"name":"Accueil","item":"https:\/\/www.pressenza.com\/es\/"},{"@type":"ListItem","position":2,"name":"Renta B\u00e1sica: La pregunta \u201cm\u00e1s grande\u201d llega a Berl\u00edn"}]},{"@type":"WebSite","@id":"https:\/\/www.pressenza.com\/es\/#website","url":"https:\/\/www.pressenza.com\/es\/","name":"Pressenza","description":"International Press Agency","publisher":{"@id":"https:\/\/www.pressenza.com\/es\/#organization"},"potentialAction":[{"@type":"SearchAction","target":{"@type":"EntryPoint","urlTemplate":"https:\/\/www.pressenza.com\/es\/?s={search_term_string}"},"query-input":{"@type":"PropertyValueSpecification","valueRequired":true,"valueName":"search_term_string"}}],"inLanguage":"es"},{"@type":"Organization","@id":"https:\/\/www.pressenza.com\/es\/#organization","name":"Pressenza","url":"https:\/\/www.pressenza.com\/es\/","logo":{"@type":"ImageObject","inLanguage":"es","@id":"https:\/\/www.pressenza.com\/es\/#\/schema\/logo\/image\/","url":"https:\/\/www.pressenza.com\/wp-content\/uploads\/2022\/10\/pressenza_logo_200x200.jpg","contentUrl":"https:\/\/www.pressenza.com\/wp-content\/uploads\/2022\/10\/pressenza_logo_200x200.jpg","width":200,"height":200,"caption":"Pressenza"},"image":{"@id":"https:\/\/www.pressenza.com\/es\/#\/schema\/logo\/image\/"},"sameAs":["https:\/\/www.facebook.com\/PressenzaItalia","https:\/\/x.com\/PressenzaIPA"]},{"@type":"Person","@id":"https:\/\/www.pressenza.com\/es\/#\/schema\/person\/e233667f8b5764bd84b766de5286a5fa","name":"Reto Thumiger","description":"The Swiss-born business administrator has been an activist for the New Humanism for over 25 years. He is committed to the promotion of cultural diversity, equal rights and the creation of equal opportunities for all people. He is committed to an internal and external revolution based on active non-violence. Through his voluntary work at Pressenza, he endeavours to contribute to overcoming violence through journalism that focuses on peace and non-violence.","sameAs":["http:\/\/www.pressenza.com\/de","https:\/\/www.facebook.com\/rthumiger","https:\/\/x.com\/pressenza_ger"],"url":"https:\/\/www.pressenza.com\/es\/author\/reto-thumiger\/"}]}},"place":"Berl\u00edn (Alemania)","original_article_url":"","_links":{"self":[{"href":"https:\/\/www.pressenza.com\/es\/wp-json\/wp\/v2\/posts\/324817","targetHints":{"allow":["GET"]}}],"collection":[{"href":"https:\/\/www.pressenza.com\/es\/wp-json\/wp\/v2\/posts"}],"about":[{"href":"https:\/\/www.pressenza.com\/es\/wp-json\/wp\/v2\/types\/post"}],"author":[{"embeddable":true,"href":"https:\/\/www.pressenza.com\/es\/wp-json\/wp\/v2\/users\/1089"}],"replies":[{"embeddable":true,"href":"https:\/\/www.pressenza.com\/es\/wp-json\/wp\/v2\/comments?post=324817"}],"version-history":[{"count":0,"href":"https:\/\/www.pressenza.com\/es\/wp-json\/wp\/v2\/posts\/324817\/revisions"}],"wp:featuredmedia":[{"embeddable":true,"href":"https:\/\/www.pressenza.com\/es\/wp-json\/wp\/v2\/media\/323454"}],"wp:attachment":[{"href":"https:\/\/www.pressenza.com\/es\/wp-json\/wp\/v2\/media?parent=324817"}],"wp:term":[{"taxonomy":"category","embeddable":true,"href":"https:\/\/www.pressenza.com\/es\/wp-json\/wp\/v2\/categories?post=324817"},{"taxonomy":"post_tag","embeddable":true,"href":"https:\/\/www.pressenza.com\/es\/wp-json\/wp\/v2\/tags?post=324817"}],"curies":[{"name":"wp","href":"https:\/\/api.w.org\/{rel}","templated":true}]}}