{"id":32399,"date":"2013-01-09T18:16:59","date_gmt":"2013-01-09T18:16:59","guid":{"rendered":"http:\/\/www.pressenza.com\/?p=32399"},"modified":"2013-01-12T04:00:32","modified_gmt":"2013-01-12T04:00:32","slug":"cuando-comprar-barato-sale-caro","status":"publish","type":"post","link":"https:\/\/www.pressenza.com\/es\/2013\/01\/cuando-comprar-barato-sale-caro\/","title":{"rendered":"Cuando comprar barato sale caro"},"content":{"rendered":"<div id=\"yui_3_7_2_1_1357753352464_3672\">\n<div id=\"yiv498012108\">\n<div id=\"yui_3_7_2_1_1357753352464_3671\">Tres, dos, uno, cero. Las rebajas ya est\u00e1n aqu\u00ed. Ofertas, descuentos, % de ahorro\u2026 ocupan escaparates de tiendas y centros comerciales. Es el momento de comprar y comprar barato. Pero, \u00bfes realmente tan barato aquello que compramos? \u00bfQu\u00e9 se esconde detr\u00e1s de prendas de vestir y aparatos electr\u00f3nicos? \u00bfQui\u00e9nes ganan y qui\u00e9nes pierden con nuestra compra? A menudo lo que parece barato puede resultar muy caro.Mango, Zara, H&amp;M, Bershka, Pull&amp;Bear, Stradivarius, Gap, Oysho\u2026 nos dicen ofrecer, y m\u00e1s en per\u00edodo de rebajas, precios bajos. Lo que no nos dicen, y se oculta tras una etiqueta made in China, Bangladesh, Marruecos\u2026, es el c\u00f3mo consiguen dichos precios. La deslocalizaci\u00f3n industrial es la respuesta: producir pagando el m\u00ednimo coste posible por la mano de obra y, consecuentemente, violando derechos humanos y laborales b\u00e1sicos. As\u00ed lo explican y documentan exhaustivamente varios informes de la campa\u00f1a Ropa Limpia. Unas pr\u00e1cticas que, por cierto, no distan en nada de aquellas grandes marcas que venden productos un poco m\u00e1s caros o de gama alta. La l\u00f3gica es la misma. Detr\u00e1s del \u201cglamour\u201d o el \u201clujo\u201d se esconde el sudor de los trabajadores mal pagados.El informe La moda espa\u00f1ola en T\u00e1nger: trabajo y supervivencia de las obreras de la confecci\u00f3n de la campa\u00f1a Ropa Limpia de Setem es una de las muchas investigaciones que pone blanco sobre negro. El informe analiza cu\u00e1l es la situaci\u00f3n de las trabajadoras en los talleres textiles de T\u00e1nger que proveen a importantes firmas internacionales y descubre las condiciones laborales en dichos centros de confecci\u00f3n marroqu\u00edes: jornadas de trabajo de hasta 12 horas diarias, seis d\u00edas a la semana, y con un salario no superior a los 200 euros mensuales, y que en ocasiones puede ser, incluso, inferior a los 100 euros al mes, arbitrariedad en la contrataci\u00f3n y el despido, trabas a la organizaci\u00f3n sindical, etc. Una situaci\u00f3n extrapolable a muchos otros pa\u00edses. No en vano la mayor parte de nuestras prendas de vestir se elaboran en Asia, Am\u00e9rica Central, Europa del Este o \u00c1frica.<\/p>\n<p>Pero no s\u00f3lo los trabajadores de los centros de producci\u00f3n en origen son los que salen perdiendo, tambi\u00e9n aqu\u00ed los empleados en los centros comerciales, en los puntos de venda, est\u00e1n sometidos a unas condiciones laborales precarias, flexibles, con dificultades para organizarse sindicalmente\u2026 Y la presi\u00f3n por un conseguir un coste lo m\u00e1s bajo posible recae, asimismo, sobre ellos. Los responsables del paro y la precariedad en el Norte no son los trabajadores de los pa\u00edses del Sur sino unas elites econ\u00f3micas y empresariales que buscan hacer negocio con nuestras vidas, tanto aqu\u00ed como en la otra punta del planeta.<\/p>\n<p>De este modo, Amancio Ortega, propietario de Inditex, y que tiene en su haber marcas como Zara, Bershka, Pull&amp;Bear, Stradivarius, Oysho, Massimo Dutti, se convirti\u00f3 el pasado 2012, seg\u00fan la revista Forbes, en el tercer hombre m\u00e1s rico del mundo, a pesar, o gracias, seg\u00fan como se mire, a la crisis econ\u00f3mica.<\/p>\n<p>Y las mismas pautas se repiten en la producci\u00f3n, distribuci\u00f3n y venta de electrodom\u00e9sticos, productos inform\u00e1ticos e incluso comida. Y no s\u00f3lo unos pocos se aprovechan de unas condiciones laborales precarias o inexistentes sino tambi\u00e9n de unas legislaciones medioambientales extremadamente d\u00e9biles. As\u00ed el actual sistema de producci\u00f3n de bienes de consumo se lucra de explotar recursos naturales finitos, enfermar a trabajadores o a comunidades y\/o contaminar all\u00ed donde los ojos de la mayor\u00eda no ven. Todo, evidentemente, a coste cero.<\/p>\n<p>Luego nos dicen que podemos comprar barato. Y las rebajas son el m\u00e1ximo exponente de esta pr\u00e1ctica. Pero, \u00bfresulta tan barato aquello que compramos? El actual modelo de producci\u00f3n y consumo cuenta con una serie de costes ocultos que acabamos sufragando entre todos. La explotaci\u00f3n laboral, la precariedad, los sueldos de miseria, los d\u00e9biles o nulos derechos sindicales\u2026 ya sea en los pa\u00edses del Sur o en el Norte generan pobreza, desigualdades, hambre, desahucios\u2026 y es el Estado quien tiene que gestionar dichas situaciones y conflictos con todo lo que implica de coste social y econ\u00f3mico.<\/p>\n<p>Lo mismo sucede con las empresas que contaminan, que explotan sin control ni l\u00edmite los recursos naturales, que generan con sus pr\u00e1cticas cambio clim\u00e1tico y destrucci\u00f3n medioambiental\u2026 \u00bfqui\u00e9n paga por una producci\u00f3n fragmentada, deslocalizada y kilom\u00e9trica adicta al petroleo y generadora de gases de efecto invernadero? \u00bfQui\u00e9n paga por comunidades desplazadas, trabajadores enfermos y territorios inhabitables? \u00bfQui\u00e9n asume las consecuencias de un modelo agr\u00edcola y alimentario que acaba con la agrodiversidad, el campesinado y nos hace adictos a la comida basura? Nosotros. A la empresa, le sale gratis. Se trata de los costes invisibles de unas pr\u00e1cticas abusivas, que se supone nadie asume. La tozuda realidad nos demuestra, todo lo contrario, que es la sociedad quien paga, y mucho.<\/p>\n<p>Y lo m\u00e1s escandaloso de la cuesti\u00f3n es que para llevar a cabo estas pr\u00e1cticas, las multinacionales cuentan con el apoyo activo de quienes est\u00e1n en las instituciones y dise\u00f1an las pol\u00edticas econ\u00f3micas, sociales, medioambientales, laborales\u2026 al servicio de los intereses de las primeras. Como se ha repetido, reiteradamente, en la calles, vivimos en una democracia secuestrada. Y aunque nos digan, una y otra vez, que \u201ccomprando barato ganamos todos\u201d, la realidad es otra: lo barato sale caro. Y, al final, nosotros, la mayor\u00eda, pagamos la factura.<\/p>\n<p>*Art\u00edculo publicado en P\u00fablico, 09\/01\/2013.<br \/>\n+info: <a id=\"yui_3_7_2_1_1357753352464_3675\" href=\"http:\/\/esthervivas.com\/\" rel=\"nofollow\" target=\"_blank\">www.esthervivas.com<\/a><\/p>\n<\/div>\n<\/div>\n<\/div>\n","protected":false},"excerpt":{"rendered":"<p>Tres, dos, uno, cero. Las rebajas ya est\u00e1n aqu\u00ed. Ofertas, descuentos, % de ahorro\u2026 ocupan escaparates de tiendas y centros comerciales. Es el momento de comprar y comprar barato. Pero, \u00bfes realmente tan barato aquello que compramos? \u00bfQu\u00e9 se esconde&hellip;<\/p>\n","protected":false},"author":895,"featured_media":32401,"comment_status":"closed","ping_status":"open","sticky":false,"template":"","format":"standard","meta":{"footnotes":""},"categories":[75,78,81,39,161],"tags":[],"class_list":["post-32399","post","type-post","status-publish","format-standard","has-post-thumbnail","hentry","category-cultura-es","category-medio-ambiente-ecologia","category-economia-es","category-internacional","category-opiniones"],"yoast_head":"<!-- This site is optimized with the Yoast SEO plugin v27.1.1 - https:\/\/yoast.com\/product\/yoast-seo-wordpress\/ -->\n<title>Cuando comprar barato sale caro<\/title>\n<meta name=\"description\" content=\"Tres, dos, uno, cero. Las rebajas ya est\u00e1n aqu\u00ed. Ofertas, descuentos, % de ahorro\u2026 ocupan escaparates de tiendas y centros comerciales. Es el momento de\" \/>\n<meta name=\"robots\" content=\"index, follow, max-snippet:-1, max-image-preview:large, max-video-preview:-1\" \/>\n<link rel=\"canonical\" href=\"https:\/\/www.pressenza.com\/es\/2013\/01\/cuando-comprar-barato-sale-caro\/\" \/>\n<meta property=\"og:locale\" content=\"es_ES\" \/>\n<meta property=\"og:type\" content=\"article\" \/>\n<meta property=\"og:title\" content=\"Cuando comprar barato sale caro\" \/>\n<meta property=\"og:description\" content=\"Tres, dos, uno, cero. Las rebajas ya est\u00e1n aqu\u00ed. Ofertas, descuentos, % de ahorro\u2026 ocupan escaparates de tiendas y centros comerciales. Es el momento de\" \/>\n<meta property=\"og:url\" content=\"https:\/\/www.pressenza.com\/es\/2013\/01\/cuando-comprar-barato-sale-caro\/\" \/>\n<meta property=\"og:site_name\" content=\"Pressenza\" \/>\n<meta property=\"article:publisher\" content=\"https:\/\/www.facebook.com\/PressenzaItalia\" \/>\n<meta property=\"article:published_time\" content=\"2013-01-09T18:16:59+00:00\" \/>\n<meta property=\"article:modified_time\" content=\"2013-01-12T04:00:32+00:00\" \/>\n<meta property=\"og:image\" content=\"https:\/\/www.pressenza.com\/wp-content\/uploads\/2013\/01\/consumption_by_rattattart.jpg\" \/>\n\t<meta property=\"og:image:width\" content=\"710\" \/>\n\t<meta property=\"og:image:height\" content=\"710\" \/>\n\t<meta property=\"og:image:type\" content=\"image\/jpeg\" \/>\n<meta name=\"author\" content=\"Esther Vivas\" \/>\n<meta name=\"twitter:card\" content=\"summary_large_image\" \/>\n<meta name=\"twitter:creator\" content=\"@PressenzaIPA\" \/>\n<meta name=\"twitter:site\" content=\"@PressenzaIPA\" \/>\n<meta name=\"twitter:label1\" content=\"Escrito por\" \/>\n\t<meta name=\"twitter:data1\" content=\"Esther Vivas\" \/>\n\t<meta name=\"twitter:label2\" content=\"Tiempo de lectura\" \/>\n\t<meta name=\"twitter:data2\" content=\"5 minutos\" \/>\n<script type=\"application\/ld+json\" class=\"yoast-schema-graph\">{\"@context\":\"https:\/\/schema.org\",\"@graph\":[{\"@type\":\"Article\",\"@id\":\"https:\/\/www.pressenza.com\/es\/2013\/01\/cuando-comprar-barato-sale-caro\/#article\",\"isPartOf\":{\"@id\":\"https:\/\/www.pressenza.com\/es\/2013\/01\/cuando-comprar-barato-sale-caro\/\"},\"author\":{\"name\":\"Esther Vivas\",\"@id\":\"https:\/\/www.pressenza.com\/es\/#\/schema\/person\/3e97417b680c48cd8fb0cbd3d60ce87e\"},\"headline\":\"Cuando comprar barato sale caro\",\"datePublished\":\"2013-01-09T18:16:59+00:00\",\"dateModified\":\"2013-01-12T04:00:32+00:00\",\"mainEntityOfPage\":{\"@id\":\"https:\/\/www.pressenza.com\/es\/2013\/01\/cuando-comprar-barato-sale-caro\/\"},\"wordCount\":965,\"publisher\":{\"@id\":\"https:\/\/www.pressenza.com\/es\/#organization\"},\"image\":{\"@id\":\"https:\/\/www.pressenza.com\/es\/2013\/01\/cuando-comprar-barato-sale-caro\/#primaryimage\"},\"thumbnailUrl\":\"https:\/\/www.pressenza.com\/wp-content\/uploads\/2013\/01\/consumption_by_rattattart.jpg\",\"articleSection\":[\"Cultura y Medios\",\"Ecolog\u00eda y Medio Ambiente\",\"Econom\u00eda\",\"Internacional\",\"Opiniones\"],\"inLanguage\":\"es\"},{\"@type\":\"WebPage\",\"@id\":\"https:\/\/www.pressenza.com\/es\/2013\/01\/cuando-comprar-barato-sale-caro\/\",\"url\":\"https:\/\/www.pressenza.com\/es\/2013\/01\/cuando-comprar-barato-sale-caro\/\",\"name\":\"Cuando comprar barato sale caro\",\"isPartOf\":{\"@id\":\"https:\/\/www.pressenza.com\/es\/#website\"},\"primaryImageOfPage\":{\"@id\":\"https:\/\/www.pressenza.com\/es\/2013\/01\/cuando-comprar-barato-sale-caro\/#primaryimage\"},\"image\":{\"@id\":\"https:\/\/www.pressenza.com\/es\/2013\/01\/cuando-comprar-barato-sale-caro\/#primaryimage\"},\"thumbnailUrl\":\"https:\/\/www.pressenza.com\/wp-content\/uploads\/2013\/01\/consumption_by_rattattart.jpg\",\"datePublished\":\"2013-01-09T18:16:59+00:00\",\"dateModified\":\"2013-01-12T04:00:32+00:00\",\"description\":\"Tres, dos, uno, cero. Las rebajas ya est\u00e1n aqu\u00ed. Ofertas, descuentos, % de ahorro\u2026 ocupan escaparates de tiendas y centros comerciales. Es el momento de\",\"breadcrumb\":{\"@id\":\"https:\/\/www.pressenza.com\/es\/2013\/01\/cuando-comprar-barato-sale-caro\/#breadcrumb\"},\"inLanguage\":\"es\",\"potentialAction\":[{\"@type\":\"ReadAction\",\"target\":[\"https:\/\/www.pressenza.com\/es\/2013\/01\/cuando-comprar-barato-sale-caro\/\"]}]},{\"@type\":\"ImageObject\",\"inLanguage\":\"es\",\"@id\":\"https:\/\/www.pressenza.com\/es\/2013\/01\/cuando-comprar-barato-sale-caro\/#primaryimage\",\"url\":\"https:\/\/www.pressenza.com\/wp-content\/uploads\/2013\/01\/consumption_by_rattattart.jpg\",\"contentUrl\":\"https:\/\/www.pressenza.com\/wp-content\/uploads\/2013\/01\/consumption_by_rattattart.jpg\",\"width\":\"710\",\"height\":\"710\"},{\"@type\":\"BreadcrumbList\",\"@id\":\"https:\/\/www.pressenza.com\/es\/2013\/01\/cuando-comprar-barato-sale-caro\/#breadcrumb\",\"itemListElement\":[{\"@type\":\"ListItem\",\"position\":1,\"name\":\"Accueil\",\"item\":\"https:\/\/www.pressenza.com\/es\/\"},{\"@type\":\"ListItem\",\"position\":2,\"name\":\"Cuando comprar barato sale caro\"}]},{\"@type\":\"WebSite\",\"@id\":\"https:\/\/www.pressenza.com\/es\/#website\",\"url\":\"https:\/\/www.pressenza.com\/es\/\",\"name\":\"Pressenza\",\"description\":\"International Press Agency\",\"publisher\":{\"@id\":\"https:\/\/www.pressenza.com\/es\/#organization\"},\"potentialAction\":[{\"@type\":\"SearchAction\",\"target\":{\"@type\":\"EntryPoint\",\"urlTemplate\":\"https:\/\/www.pressenza.com\/es\/?s={search_term_string}\"},\"query-input\":{\"@type\":\"PropertyValueSpecification\",\"valueRequired\":true,\"valueName\":\"search_term_string\"}}],\"inLanguage\":\"es\"},{\"@type\":\"Organization\",\"@id\":\"https:\/\/www.pressenza.com\/es\/#organization\",\"name\":\"Pressenza\",\"url\":\"https:\/\/www.pressenza.com\/es\/\",\"logo\":{\"@type\":\"ImageObject\",\"inLanguage\":\"es\",\"@id\":\"https:\/\/www.pressenza.com\/es\/#\/schema\/logo\/image\/\",\"url\":\"https:\/\/www.pressenza.com\/wp-content\/uploads\/2022\/10\/pressenza_logo_200x200.jpg\",\"contentUrl\":\"https:\/\/www.pressenza.com\/wp-content\/uploads\/2022\/10\/pressenza_logo_200x200.jpg\",\"width\":200,\"height\":200,\"caption\":\"Pressenza\"},\"image\":{\"@id\":\"https:\/\/www.pressenza.com\/es\/#\/schema\/logo\/image\/\"},\"sameAs\":[\"https:\/\/www.facebook.com\/PressenzaItalia\",\"https:\/\/x.com\/PressenzaIPA\"]},{\"@type\":\"Person\",\"@id\":\"https:\/\/www.pressenza.com\/es\/#\/schema\/person\/3e97417b680c48cd8fb0cbd3d60ce87e\",\"name\":\"Esther Vivas\",\"description\":\"Activista e investigadora en movimientos sociales y pol\u00edticas agr\u00edcolas y alimentarias. Es licenciada en periodismo y m\u00e1ster en sociolog\u00eda. Forma parte del Centro de Estudios sobre Movimientos Sociales (CEMS) en la Universidad Pompeu Fabra. Es autora de varios libros, entre ellos \\\"Planeta indignado. Ocupando el futuro\\\" y \\\"Del campo al plato. Los circuitos de producci\u00f3n y distribuci\u00f3n de alimentos\\\". http:\/\/esthervivas.com\",\"url\":\"https:\/\/www.pressenza.com\/es\/author\/esther-vivas\/\"}]}<\/script>\n<!-- \/ Yoast SEO plugin. -->","yoast_head_json":{"title":"Cuando comprar barato sale caro","description":"Tres, dos, uno, cero. Las rebajas ya est\u00e1n aqu\u00ed. Ofertas, descuentos, % de ahorro\u2026 ocupan escaparates de tiendas y centros comerciales. Es el momento de","robots":{"index":"index","follow":"follow","max-snippet":"max-snippet:-1","max-image-preview":"max-image-preview:large","max-video-preview":"max-video-preview:-1"},"canonical":"https:\/\/www.pressenza.com\/es\/2013\/01\/cuando-comprar-barato-sale-caro\/","og_locale":"es_ES","og_type":"article","og_title":"Cuando comprar barato sale caro","og_description":"Tres, dos, uno, cero. Las rebajas ya est\u00e1n aqu\u00ed. Ofertas, descuentos, % de ahorro\u2026 ocupan escaparates de tiendas y centros comerciales. Es el momento de","og_url":"https:\/\/www.pressenza.com\/es\/2013\/01\/cuando-comprar-barato-sale-caro\/","og_site_name":"Pressenza","article_publisher":"https:\/\/www.facebook.com\/PressenzaItalia","article_published_time":"2013-01-09T18:16:59+00:00","article_modified_time":"2013-01-12T04:00:32+00:00","og_image":[{"width":710,"height":710,"url":"https:\/\/www.pressenza.com\/wp-content\/uploads\/2013\/01\/consumption_by_rattattart.jpg","type":"image\/jpeg"}],"author":"Esther Vivas","twitter_card":"summary_large_image","twitter_creator":"@PressenzaIPA","twitter_site":"@PressenzaIPA","twitter_misc":{"Escrito por":"Esther Vivas","Tiempo de lectura":"5 minutos"},"schema":{"@context":"https:\/\/schema.org","@graph":[{"@type":"Article","@id":"https:\/\/www.pressenza.com\/es\/2013\/01\/cuando-comprar-barato-sale-caro\/#article","isPartOf":{"@id":"https:\/\/www.pressenza.com\/es\/2013\/01\/cuando-comprar-barato-sale-caro\/"},"author":{"name":"Esther Vivas","@id":"https:\/\/www.pressenza.com\/es\/#\/schema\/person\/3e97417b680c48cd8fb0cbd3d60ce87e"},"headline":"Cuando comprar barato sale caro","datePublished":"2013-01-09T18:16:59+00:00","dateModified":"2013-01-12T04:00:32+00:00","mainEntityOfPage":{"@id":"https:\/\/www.pressenza.com\/es\/2013\/01\/cuando-comprar-barato-sale-caro\/"},"wordCount":965,"publisher":{"@id":"https:\/\/www.pressenza.com\/es\/#organization"},"image":{"@id":"https:\/\/www.pressenza.com\/es\/2013\/01\/cuando-comprar-barato-sale-caro\/#primaryimage"},"thumbnailUrl":"https:\/\/www.pressenza.com\/wp-content\/uploads\/2013\/01\/consumption_by_rattattart.jpg","articleSection":["Cultura y Medios","Ecolog\u00eda y Medio Ambiente","Econom\u00eda","Internacional","Opiniones"],"inLanguage":"es"},{"@type":"WebPage","@id":"https:\/\/www.pressenza.com\/es\/2013\/01\/cuando-comprar-barato-sale-caro\/","url":"https:\/\/www.pressenza.com\/es\/2013\/01\/cuando-comprar-barato-sale-caro\/","name":"Cuando comprar barato sale caro","isPartOf":{"@id":"https:\/\/www.pressenza.com\/es\/#website"},"primaryImageOfPage":{"@id":"https:\/\/www.pressenza.com\/es\/2013\/01\/cuando-comprar-barato-sale-caro\/#primaryimage"},"image":{"@id":"https:\/\/www.pressenza.com\/es\/2013\/01\/cuando-comprar-barato-sale-caro\/#primaryimage"},"thumbnailUrl":"https:\/\/www.pressenza.com\/wp-content\/uploads\/2013\/01\/consumption_by_rattattart.jpg","datePublished":"2013-01-09T18:16:59+00:00","dateModified":"2013-01-12T04:00:32+00:00","description":"Tres, dos, uno, cero. Las rebajas ya est\u00e1n aqu\u00ed. Ofertas, descuentos, % de ahorro\u2026 ocupan escaparates de tiendas y centros comerciales. Es el momento de","breadcrumb":{"@id":"https:\/\/www.pressenza.com\/es\/2013\/01\/cuando-comprar-barato-sale-caro\/#breadcrumb"},"inLanguage":"es","potentialAction":[{"@type":"ReadAction","target":["https:\/\/www.pressenza.com\/es\/2013\/01\/cuando-comprar-barato-sale-caro\/"]}]},{"@type":"ImageObject","inLanguage":"es","@id":"https:\/\/www.pressenza.com\/es\/2013\/01\/cuando-comprar-barato-sale-caro\/#primaryimage","url":"https:\/\/www.pressenza.com\/wp-content\/uploads\/2013\/01\/consumption_by_rattattart.jpg","contentUrl":"https:\/\/www.pressenza.com\/wp-content\/uploads\/2013\/01\/consumption_by_rattattart.jpg","width":"710","height":"710"},{"@type":"BreadcrumbList","@id":"https:\/\/www.pressenza.com\/es\/2013\/01\/cuando-comprar-barato-sale-caro\/#breadcrumb","itemListElement":[{"@type":"ListItem","position":1,"name":"Accueil","item":"https:\/\/www.pressenza.com\/es\/"},{"@type":"ListItem","position":2,"name":"Cuando comprar barato sale caro"}]},{"@type":"WebSite","@id":"https:\/\/www.pressenza.com\/es\/#website","url":"https:\/\/www.pressenza.com\/es\/","name":"Pressenza","description":"International Press Agency","publisher":{"@id":"https:\/\/www.pressenza.com\/es\/#organization"},"potentialAction":[{"@type":"SearchAction","target":{"@type":"EntryPoint","urlTemplate":"https:\/\/www.pressenza.com\/es\/?s={search_term_string}"},"query-input":{"@type":"PropertyValueSpecification","valueRequired":true,"valueName":"search_term_string"}}],"inLanguage":"es"},{"@type":"Organization","@id":"https:\/\/www.pressenza.com\/es\/#organization","name":"Pressenza","url":"https:\/\/www.pressenza.com\/es\/","logo":{"@type":"ImageObject","inLanguage":"es","@id":"https:\/\/www.pressenza.com\/es\/#\/schema\/logo\/image\/","url":"https:\/\/www.pressenza.com\/wp-content\/uploads\/2022\/10\/pressenza_logo_200x200.jpg","contentUrl":"https:\/\/www.pressenza.com\/wp-content\/uploads\/2022\/10\/pressenza_logo_200x200.jpg","width":200,"height":200,"caption":"Pressenza"},"image":{"@id":"https:\/\/www.pressenza.com\/es\/#\/schema\/logo\/image\/"},"sameAs":["https:\/\/www.facebook.com\/PressenzaItalia","https:\/\/x.com\/PressenzaIPA"]},{"@type":"Person","@id":"https:\/\/www.pressenza.com\/es\/#\/schema\/person\/3e97417b680c48cd8fb0cbd3d60ce87e","name":"Esther Vivas","description":"Activista e investigadora en movimientos sociales y pol\u00edticas agr\u00edcolas y alimentarias. Es licenciada en periodismo y m\u00e1ster en sociolog\u00eda. Forma parte del Centro de Estudios sobre Movimientos Sociales (CEMS) en la Universidad Pompeu Fabra. Es autora de varios libros, entre ellos \"Planeta indignado. Ocupando el futuro\" y \"Del campo al plato. Los circuitos de producci\u00f3n y distribuci\u00f3n de alimentos\". http:\/\/esthervivas.com","url":"https:\/\/www.pressenza.com\/es\/author\/esther-vivas\/"}]}},"place":"Barcelona","original_article_url":"","_links":{"self":[{"href":"https:\/\/www.pressenza.com\/es\/wp-json\/wp\/v2\/posts\/32399","targetHints":{"allow":["GET"]}}],"collection":[{"href":"https:\/\/www.pressenza.com\/es\/wp-json\/wp\/v2\/posts"}],"about":[{"href":"https:\/\/www.pressenza.com\/es\/wp-json\/wp\/v2\/types\/post"}],"author":[{"embeddable":true,"href":"https:\/\/www.pressenza.com\/es\/wp-json\/wp\/v2\/users\/895"}],"replies":[{"embeddable":true,"href":"https:\/\/www.pressenza.com\/es\/wp-json\/wp\/v2\/comments?post=32399"}],"version-history":[{"count":0,"href":"https:\/\/www.pressenza.com\/es\/wp-json\/wp\/v2\/posts\/32399\/revisions"}],"wp:featuredmedia":[{"embeddable":true,"href":"https:\/\/www.pressenza.com\/es\/wp-json\/wp\/v2\/media\/32401"}],"wp:attachment":[{"href":"https:\/\/www.pressenza.com\/es\/wp-json\/wp\/v2\/media?parent=32399"}],"wp:term":[{"taxonomy":"category","embeddable":true,"href":"https:\/\/www.pressenza.com\/es\/wp-json\/wp\/v2\/categories?post=32399"},{"taxonomy":"post_tag","embeddable":true,"href":"https:\/\/www.pressenza.com\/es\/wp-json\/wp\/v2\/tags?post=32399"}],"curies":[{"name":"wp","href":"https:\/\/api.w.org\/{rel}","templated":true}]}}