{"id":322634,"date":"2016-05-28T05:27:38","date_gmt":"2016-05-28T04:27:38","guid":{"rendered":"http:\/\/www.pressenza.com\/es\/?p=322634"},"modified":"2016-05-29T03:37:42","modified_gmt":"2016-05-29T02:37:42","slug":"la-importancia-de-la-visita-de-obama-hiroshima","status":"publish","type":"post","link":"https:\/\/www.pressenza.com\/es\/2016\/05\/la-importancia-de-la-visita-de-obama-hiroshima\/","title":{"rendered":"La importancia de la visita de Obama a Hiroshima"},"content":{"rendered":"<p>El presidente de los Estados Unidos Barack Obama, protagoniz\u00f3 hoy, 27 de mayo de 2016, uno de esos momentos especiales de la historia, muy dif\u00edciles de apreciar en su magnitud y su trascendencia. Fue al lugar de los hechos, donde se cometi\u00f3 uno de los mayores cr\u00edmenes contra la humanidad al inaugurar la bomba nuclear sobre la poblaci\u00f3n civil en Hiroshima y Nagasaki.<\/p>\n<p>Siempre me llam\u00f3 la atenci\u00f3n la insistente justificaci\u00f3n y muchas veces la prepotencia con la que gobernantes e historiadores de ese pa\u00eds relataban este hecho. Cuando hacemos algo horrible, las m\u00e1s de las veces tratamos de justificarlo y encontrarnos raz\u00f3n a nosotros mismos por las monstruosidades realizadas. Acomodamos los hechos para exagerar nuestras razones y disminuir nuestros errores. Cuando este comportamiento no es individual, sino social, ya que la barbarie est\u00e1 avalada por la sociedad civil que mira para otro lado y permite que los cr\u00edmenes se cometan, y luego gozan de los beneficios de tal crimen, resulta mucho peor. Se realiza un falseamiento de la memoria hist\u00f3rica intentando borrar las huellas de lo ocurrido. Esto es lo habitual, y las comisiones de \u201cVerdad y Justicia\u201d, de los pa\u00edses heridos por dictaduras y guerras civiles, tienen una ardua tarea para recuperar la memoria verdadera de las naciones.<\/p>\n<p>Este gesto de Obama no se lo puede disminuir acus\u00e1ndolo de hip\u00f3crita, al tratarse del presidente del pa\u00eds con mayor poder nuclear del mundo. Tampoco se lo puede descartar porque no utiliz\u00f3 la palabra \u201cperd\u00f3n\u201d, ni teatraliz\u00f3 un falso arrepentimiento.<\/p>\n<p>Obama, el presidente del pa\u00eds m\u00e1s poderoso del mundo, lleg\u00f3 al lugar s\u00edmbolo de la mayor devastaci\u00f3n realizada por el ser humano, por su propio pa\u00eds, a tomar contacto con el sufrimiento de las mujeres y hombres muertos por un poder que la humanidad acababa de descubrir. Lleg\u00f3 al lugar y agudiz\u00f3 el o\u00eddo para escuchar el llanto aterrorizado de miles de ni\u00f1os japoneses que mor\u00edan o quedaban muertos o eran condenados a una vida minusv\u00e1lida. Obama removi\u00f3 un grito de dolor y lo reprodujo para que sea escuchado por todas las generaciones norteamericanas y las de cada rinc\u00f3n del planeta.<\/p>\n<p>No pidi\u00f3 perd\u00f3n es cierto, pero pase\u00f3 la mirada por la monstruosidad de lo ocurrido y reconoci\u00f3 los horrores cometidos.\u00a0 Aqu\u00ed tampoco hay olvido. Es un primer paso para la reconciliaci\u00f3n. Un primer paso en que habr\u00e1n marchas y contramarchas, pero el ser humano se puso una vez m\u00e1s en pie.<\/p>\n<p>Mirar todo lo ocurrido, no solo aquello que justifica mi acci\u00f3n, mirar a los ojos a mi enemigo, a los que murieron y sufrieron, a los inocentes, aceptar la responsabilidad de haber llegado a tal punto de inhumanidad, nos comunica y humaniza. Tomar conciencia es el camino para que un cambio profundo sea posible y estos hechos no vuelvan a suceder jam\u00e1s.<\/p>\n<p>La reconciliaci\u00f3n no estar\u00e1 consumada hasta que no se efect\u00faen con resoluci\u00f3n acciones que desmonten el peligro nuclear. Acciones que comiencen por frenar la carrera armamentista y dar el primer ejemplo para el desarme nuclear.\u00a0 Una acci\u00f3n concreta y ejemplar de este pa\u00eds, ser\u00e1 el inicio del camino.\u00a0 Este es el momento de unirnos entre los pueblos y pedir todos por el bienestar de la humanidad.<\/p>\n<p>Cuando analizo estos gestos de Obama, primero en Cuba, tambi\u00e9n en Argentina, luego en Hiroshima, me parece estar presenciando el fin de una etapa para entrar de lleno a la confrontaci\u00f3n entre grandes bloques regionales. No puedo dejar de advertir que se est\u00e1 ordenando la casa para la concentraci\u00f3n de un nuevo tipo de poder mundial; m\u00e1s tecnol\u00f3gico, mas as\u00e9ptico, pero quiz\u00e1s m\u00e1s deshumanizante. Y en ese nuevo escenario dar\u00e1n la lucha los humanistas del mundo; tratar\u00e1n de unirse, tratar\u00e1n de lograr una nueva conciencia de s\u00ed y del ser humano; har\u00e1n un intento para cambiar la direcci\u00f3n de ese nuevo poder imperial y perfilar una naci\u00f3n humana universal.<\/p>\n<p>Pero hoy, m\u00e1s all\u00e1 de cualquier justificaci\u00f3n, m\u00e1s all\u00e1 de cualquier juicio, esta visita invita a iluminar el momento m\u00e1s oscuro de la vida humana: cuando supimos que podemos suicidarnos en masa.<\/p>\n<p>Elevo este canto a la mirada que se mira a s\u00ed misma, levanto estas palabras de Obama para que sean estudiadas y meditadas en los colegios y los hogares de todas las culturas. En el silencio que produce la reflexi\u00f3n de Hiroshima, crecer\u00e1 un murmullo y luego un clamor: desarme nuclear mundial total.<\/p>\n","protected":false},"excerpt":{"rendered":"<p>El presidente de los Estados Unidos Barack Obama, protagoniz\u00f3 hoy, 27 de mayo de 2016, uno de esos momentos especiales de la historia, muy dif\u00edciles de apreciar en su magnitud y su trascendencia. Fue al lugar de los hechos, donde&hellip;<\/p>\n","protected":false},"author":158,"featured_media":322635,"comment_status":"closed","ping_status":"closed","sticky":false,"template":"","format":"standard","meta":{"footnotes":""},"categories":[65,1240,161],"tags":[4302,587,11749,731],"class_list":["post-322634","post","type-post","status-publish","format-standard","has-post-thumbnail","hentry","category-asia-es","category-humanismo-espiritualidad","category-opiniones","tag-armas-nucleares","tag-barack-obama","tag-hiroshima-en","tag-reconciliacion"],"yoast_head":"<!-- This site is optimized with the Yoast SEO plugin v27.1.1 - https:\/\/yoast.com\/product\/yoast-seo-wordpress\/ -->\n<title>La importancia de la visita de Obama a Hiroshima<\/title>\n<meta name=\"description\" content=\"El presidente de los Estados Unidos Barack Obama, protagoniz\u00f3 hoy, 27 de mayo de 2016, uno de esos momentos especiales de la historia, muy dif\u00edciles de\" \/>\n<meta name=\"robots\" content=\"index, follow, max-snippet:-1, max-image-preview:large, max-video-preview:-1\" \/>\n<link rel=\"canonical\" href=\"https:\/\/www.pressenza.com\/es\/2016\/05\/la-importancia-de-la-visita-de-obama-hiroshima\/\" \/>\n<meta property=\"og:locale\" content=\"es_ES\" \/>\n<meta property=\"og:type\" content=\"article\" \/>\n<meta property=\"og:title\" content=\"La importancia de la visita de Obama a Hiroshima\" \/>\n<meta property=\"og:description\" content=\"El presidente de los Estados Unidos Barack Obama, protagoniz\u00f3 hoy, 27 de mayo de 2016, uno de esos momentos especiales de la historia, muy dif\u00edciles de\" \/>\n<meta property=\"og:url\" content=\"https:\/\/www.pressenza.com\/es\/2016\/05\/la-importancia-de-la-visita-de-obama-hiroshima\/\" \/>\n<meta property=\"og:site_name\" content=\"Pressenza\" \/>\n<meta property=\"article:publisher\" content=\"https:\/\/www.facebook.com\/PressenzaItalia\" \/>\n<meta property=\"article:published_time\" content=\"2016-05-28T04:27:38+00:00\" \/>\n<meta property=\"article:modified_time\" content=\"2016-05-29T02:37:42+00:00\" \/>\n<meta property=\"og:image\" content=\"https:\/\/www.pressenza.com\/wp-content\/uploads\/2016\/05\/Abe-Obama.jpg\" \/>\n\t<meta property=\"og:image:width\" content=\"654\" \/>\n\t<meta property=\"og:image:height\" content=\"436\" \/>\n\t<meta property=\"og:image:type\" content=\"image\/jpeg\" \/>\n<meta name=\"author\" content=\"Dario Ergas\" \/>\n<meta name=\"twitter:card\" content=\"summary_large_image\" \/>\n<meta name=\"twitter:creator\" content=\"@PressenzaIPA\" \/>\n<meta name=\"twitter:site\" content=\"@PressenzaIPA\" \/>\n<meta name=\"twitter:label1\" content=\"Escrito por\" \/>\n\t<meta name=\"twitter:data1\" content=\"Dario Ergas\" \/>\n\t<meta name=\"twitter:label2\" content=\"Tiempo de lectura\" \/>\n\t<meta name=\"twitter:data2\" content=\"4 minutos\" \/>\n<script type=\"application\/ld+json\" class=\"yoast-schema-graph\">{\"@context\":\"https:\/\/schema.org\",\"@graph\":[{\"@type\":\"Article\",\"@id\":\"https:\/\/www.pressenza.com\/es\/2016\/05\/la-importancia-de-la-visita-de-obama-hiroshima\/#article\",\"isPartOf\":{\"@id\":\"https:\/\/www.pressenza.com\/es\/2016\/05\/la-importancia-de-la-visita-de-obama-hiroshima\/\"},\"author\":{\"name\":\"Dario Ergas\",\"@id\":\"https:\/\/www.pressenza.com\/es\/#\/schema\/person\/013a6f4184d7d6b40c45d8c010f9cc98\"},\"headline\":\"La importancia de la visita de Obama a Hiroshima\",\"datePublished\":\"2016-05-28T04:27:38+00:00\",\"dateModified\":\"2016-05-29T02:37:42+00:00\",\"mainEntityOfPage\":{\"@id\":\"https:\/\/www.pressenza.com\/es\/2016\/05\/la-importancia-de-la-visita-de-obama-hiroshima\/\"},\"wordCount\":786,\"publisher\":{\"@id\":\"https:\/\/www.pressenza.com\/es\/#organization\"},\"image\":{\"@id\":\"https:\/\/www.pressenza.com\/es\/2016\/05\/la-importancia-de-la-visita-de-obama-hiroshima\/#primaryimage\"},\"thumbnailUrl\":\"https:\/\/www.pressenza.com\/wp-content\/uploads\/2016\/05\/Abe-Obama.jpg\",\"keywords\":[\"Armas nucleares\",\"Barack Obama\",\"Hiroshima\",\"reconciliaci\u00f3n\"],\"articleSection\":[\"Asia\",\"Humanismo y Espiritualidad\",\"Opiniones\"],\"inLanguage\":\"es\"},{\"@type\":\"WebPage\",\"@id\":\"https:\/\/www.pressenza.com\/es\/2016\/05\/la-importancia-de-la-visita-de-obama-hiroshima\/\",\"url\":\"https:\/\/www.pressenza.com\/es\/2016\/05\/la-importancia-de-la-visita-de-obama-hiroshima\/\",\"name\":\"La importancia de la visita de Obama a Hiroshima\",\"isPartOf\":{\"@id\":\"https:\/\/www.pressenza.com\/es\/#website\"},\"primaryImageOfPage\":{\"@id\":\"https:\/\/www.pressenza.com\/es\/2016\/05\/la-importancia-de-la-visita-de-obama-hiroshima\/#primaryimage\"},\"image\":{\"@id\":\"https:\/\/www.pressenza.com\/es\/2016\/05\/la-importancia-de-la-visita-de-obama-hiroshima\/#primaryimage\"},\"thumbnailUrl\":\"https:\/\/www.pressenza.com\/wp-content\/uploads\/2016\/05\/Abe-Obama.jpg\",\"datePublished\":\"2016-05-28T04:27:38+00:00\",\"dateModified\":\"2016-05-29T02:37:42+00:00\",\"description\":\"El presidente de los Estados Unidos Barack Obama, protagoniz\u00f3 hoy, 27 de mayo de 2016, uno de esos momentos especiales de la historia, muy dif\u00edciles de\",\"breadcrumb\":{\"@id\":\"https:\/\/www.pressenza.com\/es\/2016\/05\/la-importancia-de-la-visita-de-obama-hiroshima\/#breadcrumb\"},\"inLanguage\":\"es\",\"potentialAction\":[{\"@type\":\"ReadAction\",\"target\":[\"https:\/\/www.pressenza.com\/es\/2016\/05\/la-importancia-de-la-visita-de-obama-hiroshima\/\"]}]},{\"@type\":\"ImageObject\",\"inLanguage\":\"es\",\"@id\":\"https:\/\/www.pressenza.com\/es\/2016\/05\/la-importancia-de-la-visita-de-obama-hiroshima\/#primaryimage\",\"url\":\"https:\/\/www.pressenza.com\/wp-content\/uploads\/2016\/05\/Abe-Obama.jpg\",\"contentUrl\":\"https:\/\/www.pressenza.com\/wp-content\/uploads\/2016\/05\/Abe-Obama.jpg\",\"width\":654,\"height\":436,\"caption\":\"Barrack Obama, presidente de los Estados Unidos y Shinzo Abe, primer ministro de Jap\u00f3n\"},{\"@type\":\"BreadcrumbList\",\"@id\":\"https:\/\/www.pressenza.com\/es\/2016\/05\/la-importancia-de-la-visita-de-obama-hiroshima\/#breadcrumb\",\"itemListElement\":[{\"@type\":\"ListItem\",\"position\":1,\"name\":\"Accueil\",\"item\":\"https:\/\/www.pressenza.com\/es\/\"},{\"@type\":\"ListItem\",\"position\":2,\"name\":\"La importancia de la visita de Obama a Hiroshima\"}]},{\"@type\":\"WebSite\",\"@id\":\"https:\/\/www.pressenza.com\/es\/#website\",\"url\":\"https:\/\/www.pressenza.com\/es\/\",\"name\":\"Pressenza\",\"description\":\"International Press Agency\",\"publisher\":{\"@id\":\"https:\/\/www.pressenza.com\/es\/#organization\"},\"potentialAction\":[{\"@type\":\"SearchAction\",\"target\":{\"@type\":\"EntryPoint\",\"urlTemplate\":\"https:\/\/www.pressenza.com\/es\/?s={search_term_string}\"},\"query-input\":{\"@type\":\"PropertyValueSpecification\",\"valueRequired\":true,\"valueName\":\"search_term_string\"}}],\"inLanguage\":\"es\"},{\"@type\":\"Organization\",\"@id\":\"https:\/\/www.pressenza.com\/es\/#organization\",\"name\":\"Pressenza\",\"url\":\"https:\/\/www.pressenza.com\/es\/\",\"logo\":{\"@type\":\"ImageObject\",\"inLanguage\":\"es\",\"@id\":\"https:\/\/www.pressenza.com\/es\/#\/schema\/logo\/image\/\",\"url\":\"https:\/\/www.pressenza.com\/wp-content\/uploads\/2022\/10\/pressenza_logo_200x200.jpg\",\"contentUrl\":\"https:\/\/www.pressenza.com\/wp-content\/uploads\/2022\/10\/pressenza_logo_200x200.jpg\",\"width\":200,\"height\":200,\"caption\":\"Pressenza\"},\"image\":{\"@id\":\"https:\/\/www.pressenza.com\/es\/#\/schema\/logo\/image\/\"},\"sameAs\":[\"https:\/\/www.facebook.com\/PressenzaItalia\",\"https:\/\/x.com\/PressenzaIPA\"]},{\"@type\":\"Person\",\"@id\":\"https:\/\/www.pressenza.com\/es\/#\/schema\/person\/013a6f4184d7d6b40c45d8c010f9cc98\",\"name\":\"Dario Ergas\",\"description\":\"Author and researcher from Punta de Vacas Park of Study and Reflection. Participates in communities of Silo's Message. www.darioergas.org\",\"url\":\"https:\/\/www.pressenza.com\/es\/author\/dario-ergas\/\"}]}<\/script>\n<!-- \/ Yoast SEO plugin. -->","yoast_head_json":{"title":"La importancia de la visita de Obama a Hiroshima","description":"El presidente de los Estados Unidos Barack Obama, protagoniz\u00f3 hoy, 27 de mayo de 2016, uno de esos momentos especiales de la historia, muy dif\u00edciles de","robots":{"index":"index","follow":"follow","max-snippet":"max-snippet:-1","max-image-preview":"max-image-preview:large","max-video-preview":"max-video-preview:-1"},"canonical":"https:\/\/www.pressenza.com\/es\/2016\/05\/la-importancia-de-la-visita-de-obama-hiroshima\/","og_locale":"es_ES","og_type":"article","og_title":"La importancia de la visita de Obama a Hiroshima","og_description":"El presidente de los Estados Unidos Barack Obama, protagoniz\u00f3 hoy, 27 de mayo de 2016, uno de esos momentos especiales de la historia, muy dif\u00edciles de","og_url":"https:\/\/www.pressenza.com\/es\/2016\/05\/la-importancia-de-la-visita-de-obama-hiroshima\/","og_site_name":"Pressenza","article_publisher":"https:\/\/www.facebook.com\/PressenzaItalia","article_published_time":"2016-05-28T04:27:38+00:00","article_modified_time":"2016-05-29T02:37:42+00:00","og_image":[{"width":654,"height":436,"url":"https:\/\/www.pressenza.com\/wp-content\/uploads\/2016\/05\/Abe-Obama.jpg","type":"image\/jpeg"}],"author":"Dario Ergas","twitter_card":"summary_large_image","twitter_creator":"@PressenzaIPA","twitter_site":"@PressenzaIPA","twitter_misc":{"Escrito por":"Dario Ergas","Tiempo de lectura":"4 minutos"},"schema":{"@context":"https:\/\/schema.org","@graph":[{"@type":"Article","@id":"https:\/\/www.pressenza.com\/es\/2016\/05\/la-importancia-de-la-visita-de-obama-hiroshima\/#article","isPartOf":{"@id":"https:\/\/www.pressenza.com\/es\/2016\/05\/la-importancia-de-la-visita-de-obama-hiroshima\/"},"author":{"name":"Dario Ergas","@id":"https:\/\/www.pressenza.com\/es\/#\/schema\/person\/013a6f4184d7d6b40c45d8c010f9cc98"},"headline":"La importancia de la visita de Obama a Hiroshima","datePublished":"2016-05-28T04:27:38+00:00","dateModified":"2016-05-29T02:37:42+00:00","mainEntityOfPage":{"@id":"https:\/\/www.pressenza.com\/es\/2016\/05\/la-importancia-de-la-visita-de-obama-hiroshima\/"},"wordCount":786,"publisher":{"@id":"https:\/\/www.pressenza.com\/es\/#organization"},"image":{"@id":"https:\/\/www.pressenza.com\/es\/2016\/05\/la-importancia-de-la-visita-de-obama-hiroshima\/#primaryimage"},"thumbnailUrl":"https:\/\/www.pressenza.com\/wp-content\/uploads\/2016\/05\/Abe-Obama.jpg","keywords":["Armas nucleares","Barack Obama","Hiroshima","reconciliaci\u00f3n"],"articleSection":["Asia","Humanismo y Espiritualidad","Opiniones"],"inLanguage":"es"},{"@type":"WebPage","@id":"https:\/\/www.pressenza.com\/es\/2016\/05\/la-importancia-de-la-visita-de-obama-hiroshima\/","url":"https:\/\/www.pressenza.com\/es\/2016\/05\/la-importancia-de-la-visita-de-obama-hiroshima\/","name":"La importancia de la visita de Obama a Hiroshima","isPartOf":{"@id":"https:\/\/www.pressenza.com\/es\/#website"},"primaryImageOfPage":{"@id":"https:\/\/www.pressenza.com\/es\/2016\/05\/la-importancia-de-la-visita-de-obama-hiroshima\/#primaryimage"},"image":{"@id":"https:\/\/www.pressenza.com\/es\/2016\/05\/la-importancia-de-la-visita-de-obama-hiroshima\/#primaryimage"},"thumbnailUrl":"https:\/\/www.pressenza.com\/wp-content\/uploads\/2016\/05\/Abe-Obama.jpg","datePublished":"2016-05-28T04:27:38+00:00","dateModified":"2016-05-29T02:37:42+00:00","description":"El presidente de los Estados Unidos Barack Obama, protagoniz\u00f3 hoy, 27 de mayo de 2016, uno de esos momentos especiales de la historia, muy dif\u00edciles de","breadcrumb":{"@id":"https:\/\/www.pressenza.com\/es\/2016\/05\/la-importancia-de-la-visita-de-obama-hiroshima\/#breadcrumb"},"inLanguage":"es","potentialAction":[{"@type":"ReadAction","target":["https:\/\/www.pressenza.com\/es\/2016\/05\/la-importancia-de-la-visita-de-obama-hiroshima\/"]}]},{"@type":"ImageObject","inLanguage":"es","@id":"https:\/\/www.pressenza.com\/es\/2016\/05\/la-importancia-de-la-visita-de-obama-hiroshima\/#primaryimage","url":"https:\/\/www.pressenza.com\/wp-content\/uploads\/2016\/05\/Abe-Obama.jpg","contentUrl":"https:\/\/www.pressenza.com\/wp-content\/uploads\/2016\/05\/Abe-Obama.jpg","width":654,"height":436,"caption":"Barrack Obama, presidente de los Estados Unidos y Shinzo Abe, primer ministro de Jap\u00f3n"},{"@type":"BreadcrumbList","@id":"https:\/\/www.pressenza.com\/es\/2016\/05\/la-importancia-de-la-visita-de-obama-hiroshima\/#breadcrumb","itemListElement":[{"@type":"ListItem","position":1,"name":"Accueil","item":"https:\/\/www.pressenza.com\/es\/"},{"@type":"ListItem","position":2,"name":"La importancia de la visita de Obama a Hiroshima"}]},{"@type":"WebSite","@id":"https:\/\/www.pressenza.com\/es\/#website","url":"https:\/\/www.pressenza.com\/es\/","name":"Pressenza","description":"International Press Agency","publisher":{"@id":"https:\/\/www.pressenza.com\/es\/#organization"},"potentialAction":[{"@type":"SearchAction","target":{"@type":"EntryPoint","urlTemplate":"https:\/\/www.pressenza.com\/es\/?s={search_term_string}"},"query-input":{"@type":"PropertyValueSpecification","valueRequired":true,"valueName":"search_term_string"}}],"inLanguage":"es"},{"@type":"Organization","@id":"https:\/\/www.pressenza.com\/es\/#organization","name":"Pressenza","url":"https:\/\/www.pressenza.com\/es\/","logo":{"@type":"ImageObject","inLanguage":"es","@id":"https:\/\/www.pressenza.com\/es\/#\/schema\/logo\/image\/","url":"https:\/\/www.pressenza.com\/wp-content\/uploads\/2022\/10\/pressenza_logo_200x200.jpg","contentUrl":"https:\/\/www.pressenza.com\/wp-content\/uploads\/2022\/10\/pressenza_logo_200x200.jpg","width":200,"height":200,"caption":"Pressenza"},"image":{"@id":"https:\/\/www.pressenza.com\/es\/#\/schema\/logo\/image\/"},"sameAs":["https:\/\/www.facebook.com\/PressenzaItalia","https:\/\/x.com\/PressenzaIPA"]},{"@type":"Person","@id":"https:\/\/www.pressenza.com\/es\/#\/schema\/person\/013a6f4184d7d6b40c45d8c010f9cc98","name":"Dario Ergas","description":"Author and researcher from Punta de Vacas Park of Study and Reflection. Participates in communities of Silo's Message. www.darioergas.org","url":"https:\/\/www.pressenza.com\/es\/author\/dario-ergas\/"}]}},"place":"Hiroshima, Jap\u00f3n","original_article_url":"","_links":{"self":[{"href":"https:\/\/www.pressenza.com\/es\/wp-json\/wp\/v2\/posts\/322634","targetHints":{"allow":["GET"]}}],"collection":[{"href":"https:\/\/www.pressenza.com\/es\/wp-json\/wp\/v2\/posts"}],"about":[{"href":"https:\/\/www.pressenza.com\/es\/wp-json\/wp\/v2\/types\/post"}],"author":[{"embeddable":true,"href":"https:\/\/www.pressenza.com\/es\/wp-json\/wp\/v2\/users\/158"}],"replies":[{"embeddable":true,"href":"https:\/\/www.pressenza.com\/es\/wp-json\/wp\/v2\/comments?post=322634"}],"version-history":[{"count":0,"href":"https:\/\/www.pressenza.com\/es\/wp-json\/wp\/v2\/posts\/322634\/revisions"}],"wp:featuredmedia":[{"embeddable":true,"href":"https:\/\/www.pressenza.com\/es\/wp-json\/wp\/v2\/media\/322635"}],"wp:attachment":[{"href":"https:\/\/www.pressenza.com\/es\/wp-json\/wp\/v2\/media?parent=322634"}],"wp:term":[{"taxonomy":"category","embeddable":true,"href":"https:\/\/www.pressenza.com\/es\/wp-json\/wp\/v2\/categories?post=322634"},{"taxonomy":"post_tag","embeddable":true,"href":"https:\/\/www.pressenza.com\/es\/wp-json\/wp\/v2\/tags?post=322634"}],"curies":[{"name":"wp","href":"https:\/\/api.w.org\/{rel}","templated":true}]}}