{"id":322631,"date":"2016-05-28T04:57:50","date_gmt":"2016-05-28T03:57:50","guid":{"rendered":"http:\/\/www.pressenza.com\/es\/?p=322631"},"modified":"2016-05-28T04:57:50","modified_gmt":"2016-05-28T03:57:50","slug":"effet-cer-festival-cine-ecologia-resistencias","status":"publish","type":"post","link":"https:\/\/www.pressenza.com\/es\/2016\/05\/effet-cer-festival-cine-ecologia-resistencias\/","title":{"rendered":"\u201cEffet de CER\u201d: el festival de cine, ecolog\u00eda y resistencias"},"content":{"rendered":"<p style=\"text-align: justify;\"><strong><em>El festival \u201cEffet de CER\u201d (Efecto de cine, ecolog\u00eda, resistencias) se desarroll\u00f3 los d\u00edas 20, 21 y 22 de mayo pasados en el establecimiento cultural y solidario \u201cle 100\u201d en Par\u00eds. Un formato vivo y participativo con la proyecci\u00f3n de siete filmes seguidos por encuentros tem\u00e1ticos animados por los realizadores de las pel\u00edculas, los actores de la ecolog\u00eda social, periodistas, responsables de asociaciones y el p\u00fablico.<\/em><\/strong><\/p>\n<p style=\"text-align: justify;\">En la programaci\u00f3n, el excelente filme de Fran\u00e7ois Ruffin, <em>Merci patron<\/em> (Gracias patr\u00f3n), alegr\u00f3 la sala con su esp\u00edritu irreverente y sus \u201cactores\u201d que a medida que pasan las im\u00e1genes se vuelven entra\u00f1ables (s\u00ed claro, hasta el negociador enviado por LVMH una verdadera caricatura del agente secreto\u2026).<\/p>\n<p style=\"text-align: justify;\">Con este documental el director invita a una nueva forma de acci\u00f3n reflexiva pero alegre, jugando h\u00e1bilmente con las reglas que, por lo general, establecen aquellos que detentan el poder.<\/p>\n<p style=\"text-align: justify;\">Durante el debate que sigui\u00f3, \u201cEl enfoque ciudadano: un contra-poder en la empresa\u201d, se record\u00f3 con toda precisi\u00f3n que en la empresa, aun cuando la relaci\u00f3n de fuerzas sea desigual ya que al asalariado teme perder su trabajo, mientras que la empresa puede f\u00e1cilmente encontrar otro empleado, el CE (Comit\u00e9 de Empresa) y el CHSTC (Comit\u00e9 de Higiene, Seguridad y de las Condiciones de Trabajo) tienen un rol importante. El primero mediante el ejercicio de su derecho a la informaci\u00f3n y su estudio, para cuidar las malversaciones eventuales que pudieran conducir a desestimar los derechos de los asalariados (por ejemplo, transferir a los empleados a otra estructura durante una reventa de la empresa, haci\u00e9ndoles de esta manera perder su antig\u00fcedad y despu\u00e9s poder despedirlos a menor costo).<\/p>\n<p style=\"text-align: justify;\">El segundo debe velar para que la salud de los empleados no se vea afectada, como suele suceder en caso de reducci\u00f3n de personal cuando la carga de trabajo suplementario recae en los que quedan.<\/p>\n<p style=\"text-align: justify;\">\u00a0Durante la jornada dedicada a la justicia ambiental, se propuso la proyecci\u00f3n del filme <em>Tambi\u00e9n la lluvia<\/em>, realizado en 2010 por Ic\u00edar Bolla\u00edn. En este largo metraje, un equipo de cine llega a Bolivia para rodar una pel\u00edcula sobre la colonizaci\u00f3n de Crist\u00f3bal Col\u00f3n y la servidumbre ind\u00edgena y termina por encontrarse en el medio de la \u201cguerra del agua\u201d. Se trata de una lucha encarnizada que llevaron a cabo los habitantes de Cochabamba y que ganaron, en 2000, contra la privatizaci\u00f3n del acceso al agua corriente que las autoridades de turno quer\u00edan establecer luego de un acuerdo con una multinacional estadounidense. Un paralelo mostrado con eficacia entre la colonizaci\u00f3n de Am\u00e9rica Latina en el siglo XVI y la colonizaci\u00f3n actual, este filme aborda los conflictos entre los pueblos y los poderes de los estados y los financistas en materia de bienes comunes.<\/p>\n<p style=\"text-align: justify;\">Tras la proyecci\u00f3n de la pel\u00edcula se hizo un debate en que el economista Ricardo Petrella (uno de los expertos m\u00e1s importantes en pol\u00edtica de aguas que tambi\u00e9n es columnista de Pressenza) esclareci\u00f3 las razones por las cuales no podemos decir que estamos al abrigo de guerras por los bienes comunes.<\/p>\n<p style=\"text-align: justify;\">Desde hace alrededor de treinta a\u00f1os, el mundo est\u00e1 en una situaci\u00f3n de gran violencia econ\u00f3mica y pol\u00edtica, caracterizada por una verdadera lucha de clases de ricos contra pobres. Tanto el agua como el aire, las semillas, la educaci\u00f3n y la salud, est\u00e1n ahora oficialmente reconocidos como \u201cbienes econ\u00f3micos\u201d y no como bienes comunes y universales. Por lo tanto est\u00e1n sometidos a las leyes del mercado y son causa de conflicto. La gesti\u00f3n de dichos bienes se delega casi en su totalidad en empresas privadas y en el mercado, lo que ha reducido radicalmente el peso de los poderes p\u00fablicos y democr\u00e1ticos y, por ende, el de los pueblos.<\/p>\n<p style=\"text-align: justify;\">Los tratados como por ejemplo el TTIP-TAFTA ilustran muy bien este proceso. Seg\u00fan Ricardo Petrella, la \u00fanica manera de reaccionar contra todo esto y de evitar la violencia ejercida sobre los seres humanos y la naturaleza es luchar por la recuperaci\u00f3n de los bienes comunes y para controlar de manera colectiva los centros de decisi\u00f3n y los mercados financieros.<\/p>\n<p style=\"text-align: justify;\">Gabriel Amard, cofundador de la coordinadora Eau Bien Commun France (Agua Bien Com\u00fan Francia), insisti\u00f3 en esta necesidad mostrando de qu\u00e9 manera era posible, en varios casos en Francia, de volver a publicitar la gesti\u00f3n del agua y hacer que el acceso al agua sea universal y no limitado sobre la base de condiciones econ\u00f3micas.<\/p>\n<p style=\"text-align: justify;\">Cabe destacar tambi\u00e9n la exposici\u00f3n de fotos del colectivo \u0152IL, 3 fotograf\u00edas de mirada benevolente y en posici\u00f3n solidaria con los que luchan, de la selva de Calais hasta el campo de refugiados de Stalingrad en Par\u00eds.<\/p>\n<p style=\"text-align: justify;\">Por Domenico Musella y Marie-Laurence Chanut<\/p>\n","protected":false},"excerpt":{"rendered":"<p>El festival \u201cEffet de CER\u201d (Efecto de cine, ecolog\u00eda, resistencias) se desarroll\u00f3 los d\u00edas 20, 21 y 22 de mayo pasados en el establecimiento cultural y solidario \u201cle 100\u201d en Par\u00eds. Un formato vivo y participativo con la proyecci\u00f3n de&hellip;<\/p>\n","protected":false},"author":926,"featured_media":320849,"comment_status":"closed","ping_status":"closed","sticky":false,"template":"","format":"standard","meta":{"footnotes":""},"categories":[11389,79,78,74],"tags":[642,3305,19560,1092,27456,564,398,22421],"class_list":["post-322631","post","type-post","status-publish","format-standard","has-post-thumbnail","hentry","category-contenido-original","category-derechos-humanos","category-medio-ambiente-ecologia","category-politica-es","tag-agua","tag-cine","tag-derechos","tag-discriminacion","tag-ecologia-social","tag-festival","tag-justicia","tag-lucha"],"yoast_head":"<!-- This site is optimized with the Yoast SEO plugin v27.1.1 - https:\/\/yoast.com\/product\/yoast-seo-wordpress\/ -->\n<title>\u201cEffet de CER\u201d: el festival de cine, ecolog\u00eda y resistencias<\/title>\n<meta name=\"description\" content=\"El festival \u201cEffet de CER\u201d (Efecto de cine, ecolog\u00eda, resistencias) se desarroll\u00f3 los d\u00edas 20, 21 y 22 de mayo pasados en el establecimiento cultural y\" \/>\n<meta name=\"robots\" content=\"index, follow, max-snippet:-1, max-image-preview:large, max-video-preview:-1\" \/>\n<link rel=\"canonical\" href=\"https:\/\/www.pressenza.com\/es\/2016\/05\/effet-cer-festival-cine-ecologia-resistencias\/\" \/>\n<meta property=\"og:locale\" content=\"es_ES\" \/>\n<meta property=\"og:type\" content=\"article\" \/>\n<meta property=\"og:title\" content=\"\u201cEffet de CER\u201d: el festival de cine, ecolog\u00eda y resistencias\" \/>\n<meta property=\"og:description\" content=\"El festival \u201cEffet de CER\u201d (Efecto de cine, ecolog\u00eda, resistencias) se desarroll\u00f3 los d\u00edas 20, 21 y 22 de mayo pasados en el establecimiento cultural y\" \/>\n<meta property=\"og:url\" content=\"https:\/\/www.pressenza.com\/es\/2016\/05\/effet-cer-festival-cine-ecologia-resistencias\/\" \/>\n<meta property=\"og:site_name\" content=\"Pressenza\" \/>\n<meta property=\"article:publisher\" content=\"https:\/\/www.facebook.com\/PressenzaItalia\" \/>\n<meta property=\"article:published_time\" content=\"2016-05-28T03:57:50+00:00\" \/>\n<meta property=\"og:image\" content=\"https:\/\/www.pressenza.com\/wp-content\/uploads\/2016\/05\/effet-de-cer.jpg\" \/>\n\t<meta property=\"og:image:width\" content=\"750\" \/>\n\t<meta property=\"og:image:height\" content=\"415\" \/>\n\t<meta property=\"og:image:type\" content=\"image\/jpeg\" \/>\n<meta name=\"author\" content=\"R\u00e9daction France\" \/>\n<meta name=\"twitter:card\" content=\"summary_large_image\" \/>\n<meta name=\"twitter:creator\" content=\"@PressenzaIPA\" \/>\n<meta name=\"twitter:site\" content=\"@PressenzaIPA\" \/>\n<meta name=\"twitter:label1\" content=\"Escrito por\" \/>\n\t<meta name=\"twitter:data1\" content=\"R\u00e9daction France\" \/>\n\t<meta name=\"twitter:label2\" content=\"Tiempo de lectura\" \/>\n\t<meta name=\"twitter:data2\" content=\"4 minutos\" \/>\n<script type=\"application\/ld+json\" class=\"yoast-schema-graph\">{\"@context\":\"https:\/\/schema.org\",\"@graph\":[{\"@type\":\"Article\",\"@id\":\"https:\/\/www.pressenza.com\/es\/2016\/05\/effet-cer-festival-cine-ecologia-resistencias\/#article\",\"isPartOf\":{\"@id\":\"https:\/\/www.pressenza.com\/es\/2016\/05\/effet-cer-festival-cine-ecologia-resistencias\/\"},\"author\":{\"name\":\"R\u00e9daction France\",\"@id\":\"https:\/\/www.pressenza.com\/es\/#\/schema\/person\/3c9fe6670cc2cffbd37562f87b98e869\"},\"headline\":\"\u201cEffet de CER\u201d: el festival de cine, ecolog\u00eda y resistencias\",\"datePublished\":\"2016-05-28T03:57:50+00:00\",\"mainEntityOfPage\":{\"@id\":\"https:\/\/www.pressenza.com\/es\/2016\/05\/effet-cer-festival-cine-ecologia-resistencias\/\"},\"wordCount\":834,\"publisher\":{\"@id\":\"https:\/\/www.pressenza.com\/es\/#organization\"},\"image\":{\"@id\":\"https:\/\/www.pressenza.com\/es\/2016\/05\/effet-cer-festival-cine-ecologia-resistencias\/#primaryimage\"},\"thumbnailUrl\":\"https:\/\/www.pressenza.com\/wp-content\/uploads\/2016\/05\/effet-de-cer.jpg\",\"keywords\":[\"Agua\",\"cine\",\"derechos\",\"discriminaci\u00f3n\",\"ecolog\u00eda social\",\"festival\",\"justicia\",\"lucha\"],\"articleSection\":[\"Contenido Original\",\"Derechos Humanos\",\"Ecolog\u00eda y Medio Ambiente\",\"Pol\u00edtica\"],\"inLanguage\":\"es\"},{\"@type\":\"WebPage\",\"@id\":\"https:\/\/www.pressenza.com\/es\/2016\/05\/effet-cer-festival-cine-ecologia-resistencias\/\",\"url\":\"https:\/\/www.pressenza.com\/es\/2016\/05\/effet-cer-festival-cine-ecologia-resistencias\/\",\"name\":\"\u201cEffet de CER\u201d: el festival de cine, ecolog\u00eda y resistencias\",\"isPartOf\":{\"@id\":\"https:\/\/www.pressenza.com\/es\/#website\"},\"primaryImageOfPage\":{\"@id\":\"https:\/\/www.pressenza.com\/es\/2016\/05\/effet-cer-festival-cine-ecologia-resistencias\/#primaryimage\"},\"image\":{\"@id\":\"https:\/\/www.pressenza.com\/es\/2016\/05\/effet-cer-festival-cine-ecologia-resistencias\/#primaryimage\"},\"thumbnailUrl\":\"https:\/\/www.pressenza.com\/wp-content\/uploads\/2016\/05\/effet-de-cer.jpg\",\"datePublished\":\"2016-05-28T03:57:50+00:00\",\"description\":\"El festival \u201cEffet de CER\u201d (Efecto de cine, ecolog\u00eda, resistencias) se desarroll\u00f3 los d\u00edas 20, 21 y 22 de mayo pasados en el establecimiento cultural y\",\"breadcrumb\":{\"@id\":\"https:\/\/www.pressenza.com\/es\/2016\/05\/effet-cer-festival-cine-ecologia-resistencias\/#breadcrumb\"},\"inLanguage\":\"es\",\"potentialAction\":[{\"@type\":\"ReadAction\",\"target\":[\"https:\/\/www.pressenza.com\/es\/2016\/05\/effet-cer-festival-cine-ecologia-resistencias\/\"]}]},{\"@type\":\"ImageObject\",\"inLanguage\":\"es\",\"@id\":\"https:\/\/www.pressenza.com\/es\/2016\/05\/effet-cer-festival-cine-ecologia-resistencias\/#primaryimage\",\"url\":\"https:\/\/www.pressenza.com\/wp-content\/uploads\/2016\/05\/effet-de-cer.jpg\",\"contentUrl\":\"https:\/\/www.pressenza.com\/wp-content\/uploads\/2016\/05\/effet-de-cer.jpg\",\"width\":750,\"height\":415},{\"@type\":\"BreadcrumbList\",\"@id\":\"https:\/\/www.pressenza.com\/es\/2016\/05\/effet-cer-festival-cine-ecologia-resistencias\/#breadcrumb\",\"itemListElement\":[{\"@type\":\"ListItem\",\"position\":1,\"name\":\"Accueil\",\"item\":\"https:\/\/www.pressenza.com\/es\/\"},{\"@type\":\"ListItem\",\"position\":2,\"name\":\"\u201cEffet de CER\u201d: el festival de cine, ecolog\u00eda y resistencias\"}]},{\"@type\":\"WebSite\",\"@id\":\"https:\/\/www.pressenza.com\/es\/#website\",\"url\":\"https:\/\/www.pressenza.com\/es\/\",\"name\":\"Pressenza\",\"description\":\"International Press Agency\",\"publisher\":{\"@id\":\"https:\/\/www.pressenza.com\/es\/#organization\"},\"potentialAction\":[{\"@type\":\"SearchAction\",\"target\":{\"@type\":\"EntryPoint\",\"urlTemplate\":\"https:\/\/www.pressenza.com\/es\/?s={search_term_string}\"},\"query-input\":{\"@type\":\"PropertyValueSpecification\",\"valueRequired\":true,\"valueName\":\"search_term_string\"}}],\"inLanguage\":\"es\"},{\"@type\":\"Organization\",\"@id\":\"https:\/\/www.pressenza.com\/es\/#organization\",\"name\":\"Pressenza\",\"url\":\"https:\/\/www.pressenza.com\/es\/\",\"logo\":{\"@type\":\"ImageObject\",\"inLanguage\":\"es\",\"@id\":\"https:\/\/www.pressenza.com\/es\/#\/schema\/logo\/image\/\",\"url\":\"https:\/\/www.pressenza.com\/wp-content\/uploads\/2022\/10\/pressenza_logo_200x200.jpg\",\"contentUrl\":\"https:\/\/www.pressenza.com\/wp-content\/uploads\/2022\/10\/pressenza_logo_200x200.jpg\",\"width\":200,\"height\":200,\"caption\":\"Pressenza\"},\"image\":{\"@id\":\"https:\/\/www.pressenza.com\/es\/#\/schema\/logo\/image\/\"},\"sameAs\":[\"https:\/\/www.facebook.com\/PressenzaItalia\",\"https:\/\/x.com\/PressenzaIPA\"]},{\"@type\":\"Person\",\"@id\":\"https:\/\/www.pressenza.com\/es\/#\/schema\/person\/3c9fe6670cc2cffbd37562f87b98e869\",\"name\":\"R\u00e9daction France\",\"description\":\"News published by the Pressenza bureau in France\",\"sameAs\":[\"http:\/\/www.pressenza.com\/fr\"],\"url\":\"https:\/\/www.pressenza.com\/es\/author\/redactionfrance\/\"}]}<\/script>\n<!-- \/ Yoast SEO plugin. -->","yoast_head_json":{"title":"\u201cEffet de CER\u201d: el festival de cine, ecolog\u00eda y resistencias","description":"El festival \u201cEffet de CER\u201d (Efecto de cine, ecolog\u00eda, resistencias) se desarroll\u00f3 los d\u00edas 20, 21 y 22 de mayo pasados en el establecimiento cultural y","robots":{"index":"index","follow":"follow","max-snippet":"max-snippet:-1","max-image-preview":"max-image-preview:large","max-video-preview":"max-video-preview:-1"},"canonical":"https:\/\/www.pressenza.com\/es\/2016\/05\/effet-cer-festival-cine-ecologia-resistencias\/","og_locale":"es_ES","og_type":"article","og_title":"\u201cEffet de CER\u201d: el festival de cine, ecolog\u00eda y resistencias","og_description":"El festival \u201cEffet de CER\u201d (Efecto de cine, ecolog\u00eda, resistencias) se desarroll\u00f3 los d\u00edas 20, 21 y 22 de mayo pasados en el establecimiento cultural y","og_url":"https:\/\/www.pressenza.com\/es\/2016\/05\/effet-cer-festival-cine-ecologia-resistencias\/","og_site_name":"Pressenza","article_publisher":"https:\/\/www.facebook.com\/PressenzaItalia","article_published_time":"2016-05-28T03:57:50+00:00","og_image":[{"width":750,"height":415,"url":"https:\/\/www.pressenza.com\/wp-content\/uploads\/2016\/05\/effet-de-cer.jpg","type":"image\/jpeg"}],"author":"R\u00e9daction France","twitter_card":"summary_large_image","twitter_creator":"@PressenzaIPA","twitter_site":"@PressenzaIPA","twitter_misc":{"Escrito por":"R\u00e9daction France","Tiempo de lectura":"4 minutos"},"schema":{"@context":"https:\/\/schema.org","@graph":[{"@type":"Article","@id":"https:\/\/www.pressenza.com\/es\/2016\/05\/effet-cer-festival-cine-ecologia-resistencias\/#article","isPartOf":{"@id":"https:\/\/www.pressenza.com\/es\/2016\/05\/effet-cer-festival-cine-ecologia-resistencias\/"},"author":{"name":"R\u00e9daction France","@id":"https:\/\/www.pressenza.com\/es\/#\/schema\/person\/3c9fe6670cc2cffbd37562f87b98e869"},"headline":"\u201cEffet de CER\u201d: el festival de cine, ecolog\u00eda y resistencias","datePublished":"2016-05-28T03:57:50+00:00","mainEntityOfPage":{"@id":"https:\/\/www.pressenza.com\/es\/2016\/05\/effet-cer-festival-cine-ecologia-resistencias\/"},"wordCount":834,"publisher":{"@id":"https:\/\/www.pressenza.com\/es\/#organization"},"image":{"@id":"https:\/\/www.pressenza.com\/es\/2016\/05\/effet-cer-festival-cine-ecologia-resistencias\/#primaryimage"},"thumbnailUrl":"https:\/\/www.pressenza.com\/wp-content\/uploads\/2016\/05\/effet-de-cer.jpg","keywords":["Agua","cine","derechos","discriminaci\u00f3n","ecolog\u00eda social","festival","justicia","lucha"],"articleSection":["Contenido Original","Derechos Humanos","Ecolog\u00eda y Medio Ambiente","Pol\u00edtica"],"inLanguage":"es"},{"@type":"WebPage","@id":"https:\/\/www.pressenza.com\/es\/2016\/05\/effet-cer-festival-cine-ecologia-resistencias\/","url":"https:\/\/www.pressenza.com\/es\/2016\/05\/effet-cer-festival-cine-ecologia-resistencias\/","name":"\u201cEffet de CER\u201d: el festival de cine, ecolog\u00eda y resistencias","isPartOf":{"@id":"https:\/\/www.pressenza.com\/es\/#website"},"primaryImageOfPage":{"@id":"https:\/\/www.pressenza.com\/es\/2016\/05\/effet-cer-festival-cine-ecologia-resistencias\/#primaryimage"},"image":{"@id":"https:\/\/www.pressenza.com\/es\/2016\/05\/effet-cer-festival-cine-ecologia-resistencias\/#primaryimage"},"thumbnailUrl":"https:\/\/www.pressenza.com\/wp-content\/uploads\/2016\/05\/effet-de-cer.jpg","datePublished":"2016-05-28T03:57:50+00:00","description":"El festival \u201cEffet de CER\u201d (Efecto de cine, ecolog\u00eda, resistencias) se desarroll\u00f3 los d\u00edas 20, 21 y 22 de mayo pasados en el establecimiento cultural y","breadcrumb":{"@id":"https:\/\/www.pressenza.com\/es\/2016\/05\/effet-cer-festival-cine-ecologia-resistencias\/#breadcrumb"},"inLanguage":"es","potentialAction":[{"@type":"ReadAction","target":["https:\/\/www.pressenza.com\/es\/2016\/05\/effet-cer-festival-cine-ecologia-resistencias\/"]}]},{"@type":"ImageObject","inLanguage":"es","@id":"https:\/\/www.pressenza.com\/es\/2016\/05\/effet-cer-festival-cine-ecologia-resistencias\/#primaryimage","url":"https:\/\/www.pressenza.com\/wp-content\/uploads\/2016\/05\/effet-de-cer.jpg","contentUrl":"https:\/\/www.pressenza.com\/wp-content\/uploads\/2016\/05\/effet-de-cer.jpg","width":750,"height":415},{"@type":"BreadcrumbList","@id":"https:\/\/www.pressenza.com\/es\/2016\/05\/effet-cer-festival-cine-ecologia-resistencias\/#breadcrumb","itemListElement":[{"@type":"ListItem","position":1,"name":"Accueil","item":"https:\/\/www.pressenza.com\/es\/"},{"@type":"ListItem","position":2,"name":"\u201cEffet de CER\u201d: el festival de cine, ecolog\u00eda y resistencias"}]},{"@type":"WebSite","@id":"https:\/\/www.pressenza.com\/es\/#website","url":"https:\/\/www.pressenza.com\/es\/","name":"Pressenza","description":"International Press Agency","publisher":{"@id":"https:\/\/www.pressenza.com\/es\/#organization"},"potentialAction":[{"@type":"SearchAction","target":{"@type":"EntryPoint","urlTemplate":"https:\/\/www.pressenza.com\/es\/?s={search_term_string}"},"query-input":{"@type":"PropertyValueSpecification","valueRequired":true,"valueName":"search_term_string"}}],"inLanguage":"es"},{"@type":"Organization","@id":"https:\/\/www.pressenza.com\/es\/#organization","name":"Pressenza","url":"https:\/\/www.pressenza.com\/es\/","logo":{"@type":"ImageObject","inLanguage":"es","@id":"https:\/\/www.pressenza.com\/es\/#\/schema\/logo\/image\/","url":"https:\/\/www.pressenza.com\/wp-content\/uploads\/2022\/10\/pressenza_logo_200x200.jpg","contentUrl":"https:\/\/www.pressenza.com\/wp-content\/uploads\/2022\/10\/pressenza_logo_200x200.jpg","width":200,"height":200,"caption":"Pressenza"},"image":{"@id":"https:\/\/www.pressenza.com\/es\/#\/schema\/logo\/image\/"},"sameAs":["https:\/\/www.facebook.com\/PressenzaItalia","https:\/\/x.com\/PressenzaIPA"]},{"@type":"Person","@id":"https:\/\/www.pressenza.com\/es\/#\/schema\/person\/3c9fe6670cc2cffbd37562f87b98e869","name":"R\u00e9daction France","description":"News published by the Pressenza bureau in France","sameAs":["http:\/\/www.pressenza.com\/fr"],"url":"https:\/\/www.pressenza.com\/es\/author\/redactionfrance\/"}]}},"place":"","original_article_url":"","_links":{"self":[{"href":"https:\/\/www.pressenza.com\/es\/wp-json\/wp\/v2\/posts\/322631","targetHints":{"allow":["GET"]}}],"collection":[{"href":"https:\/\/www.pressenza.com\/es\/wp-json\/wp\/v2\/posts"}],"about":[{"href":"https:\/\/www.pressenza.com\/es\/wp-json\/wp\/v2\/types\/post"}],"author":[{"embeddable":true,"href":"https:\/\/www.pressenza.com\/es\/wp-json\/wp\/v2\/users\/926"}],"replies":[{"embeddable":true,"href":"https:\/\/www.pressenza.com\/es\/wp-json\/wp\/v2\/comments?post=322631"}],"version-history":[{"count":0,"href":"https:\/\/www.pressenza.com\/es\/wp-json\/wp\/v2\/posts\/322631\/revisions"}],"wp:featuredmedia":[{"embeddable":true,"href":"https:\/\/www.pressenza.com\/es\/wp-json\/wp\/v2\/media\/320849"}],"wp:attachment":[{"href":"https:\/\/www.pressenza.com\/es\/wp-json\/wp\/v2\/media?parent=322631"}],"wp:term":[{"taxonomy":"category","embeddable":true,"href":"https:\/\/www.pressenza.com\/es\/wp-json\/wp\/v2\/categories?post=322631"},{"taxonomy":"post_tag","embeddable":true,"href":"https:\/\/www.pressenza.com\/es\/wp-json\/wp\/v2\/tags?post=322631"}],"curies":[{"name":"wp","href":"https:\/\/api.w.org\/{rel}","templated":true}]}}