{"id":322521,"date":"2016-05-27T21:07:02","date_gmt":"2016-05-27T20:07:02","guid":{"rendered":"http:\/\/www.pressenza.com\/es\/?p=322521"},"modified":"2016-05-27T21:07:02","modified_gmt":"2016-05-27T20:07:02","slug":"a-pesar-de-todo","status":"publish","type":"post","link":"https:\/\/www.pressenza.com\/es\/2016\/05\/a-pesar-de-todo\/","title":{"rendered":"A pesar de todo"},"content":{"rendered":"<p style=\"text-align: justify;\">A pesar de la violencia brutalmente desplegada en contra de ellos, a pesar de los gases, la detenci\u00f3n, a pesar de ser arrastrados por los chorros del carro lanza-agua, golpeados en el suelo por las Fuerzas Especiales, de ser degradados por los medios de comunicaci\u00f3n y tildados de delincuentes, a pesar de todo eso, los j\u00f3venes chilenos, los estudiantes secundarios, mostraron ayer el coraje que tienen sus sue\u00f1os, la fuerza de su demanda por una educaci\u00f3n gratuita y de calidad, con una forma organizativa impecablemente no-violenta.<\/p>\n<p style=\"text-align: justify;\">Son demandas las de ellos que por cierto el gobierno de Bachelet no s\u00f3lo no ha cumplido, sino que ha maquillado distractivamente detr\u00e1s de un proceso de supuestas reformas que no satisfacen en absoluto ni las necesidades del profesorado, ni menos de los estudiantes. Un gobierno que no asume su fracaso y compensa reprimiendo como en los peores tiempos de la dictadura, agrediendo con prepotencia y violentando, exacerbando el clima de confrontaci\u00f3n&#8230;<\/p>\n<p style=\"text-align: justify;\">Es la otra cara del anti-humanismo: la del \u00abprogresismo\u00bb represor. \u00bfO no es eso lo que vemos en este v\u00eddeo?<\/p>\n<p><iframe loading=\"lazy\" title=\"\u202a#\u200eCHILE\u202c: BRUTAL REPRESI\u00d3N POLICIAL A MOVILIZACI\u00d3N ESTUDIANTIL\" width=\"500\" height=\"281\" src=\"https:\/\/www.youtube.com\/embed\/525jplC3yss?feature=oembed\" frameborder=\"0\" allow=\"accelerometer; autoplay; clipboard-write; encrypted-media; gyroscope; picture-in-picture; web-share\" referrerpolicy=\"strict-origin-when-cross-origin\" allowfullscreen><\/iframe><\/p>\n","protected":false},"excerpt":{"rendered":"<p>A pesar de la violencia brutalmente desplegada en contra de ellos, a pesar de los gases, la detenci\u00f3n, a pesar de ser arrastrados por los chorros del carro lanza-agua, golpeados en el suelo por las Fuerzas Especiales, de ser degradados&hellip;<\/p>\n","protected":false},"author":22,"featured_media":322543,"comment_status":"closed","ping_status":"closed","sticky":false,"template":"","format":"standard","meta":{"footnotes":""},"categories":[11389,1230,67],"tags":[27451,394,16828,623],"class_list":["post-322521","post","type-post","status-publish","format-standard","has-post-thumbnail","hentry","category-contenido-original","category-educacion-tema","category-sudamerica","tag-estudiantes-secundarios","tag-protestas-sociales","tag-represion-policial","tag-violencia"],"yoast_head":"<!-- This site is optimized with the Yoast SEO plugin v27.1.1 - https:\/\/yoast.com\/product\/yoast-seo-wordpress\/ -->\n<title>A pesar de todo<\/title>\n<meta name=\"description\" content=\"A pesar de la violencia brutalmente desplegada en contra de ellos, a pesar de los gases, la detenci\u00f3n, a pesar de ser arrastrados por los chorros del\" \/>\n<meta name=\"robots\" content=\"index, follow, max-snippet:-1, max-image-preview:large, max-video-preview:-1\" \/>\n<link rel=\"canonical\" href=\"https:\/\/www.pressenza.com\/es\/2016\/05\/a-pesar-de-todo\/\" \/>\n<meta property=\"og:locale\" content=\"es_ES\" \/>\n<meta property=\"og:type\" content=\"article\" \/>\n<meta property=\"og:title\" content=\"A pesar de todo\" \/>\n<meta property=\"og:description\" content=\"A pesar de la violencia brutalmente desplegada en contra de ellos, a pesar de los gases, la detenci\u00f3n, a pesar de ser arrastrados por los chorros del\" \/>\n<meta property=\"og:url\" content=\"https:\/\/www.pressenza.com\/es\/2016\/05\/a-pesar-de-todo\/\" \/>\n<meta property=\"og:site_name\" content=\"Pressenza\" \/>\n<meta property=\"article:publisher\" content=\"https:\/\/www.facebook.com\/PressenzaItalia\" \/>\n<meta property=\"article:author\" content=\"https:\/\/www.facebook.com\/pia.figueroa?ref=tn_tnmn\" \/>\n<meta property=\"article:published_time\" content=\"2016-05-27T20:07:02+00:00\" \/>\n<meta property=\"og:image\" content=\"https:\/\/www.pressenza.com\/wp-content\/uploads\/2016\/05\/Marcha-estudiantes-28-de-mayo-de-2015-Fotos-de-Marcela-Contardo-Berr-os-12.jpg\" \/>\n\t<meta property=\"og:image:width\" content=\"800\" \/>\n\t<meta property=\"og:image:height\" content=\"533\" \/>\n\t<meta property=\"og:image:type\" content=\"image\/jpeg\" \/>\n<meta name=\"author\" content=\"P\u00eda Figueroa\" \/>\n<meta name=\"twitter:card\" content=\"summary_large_image\" \/>\n<meta name=\"twitter:creator\" content=\"@piafigueroa\" \/>\n<meta name=\"twitter:site\" content=\"@PressenzaIPA\" \/>\n<meta name=\"twitter:label1\" content=\"Escrito por\" \/>\n\t<meta name=\"twitter:data1\" content=\"P\u00eda Figueroa\" \/>\n\t<meta name=\"twitter:label2\" content=\"Tiempo de lectura\" \/>\n\t<meta name=\"twitter:data2\" content=\"1 minuto\" \/>\n<script type=\"application\/ld+json\" class=\"yoast-schema-graph\">{\"@context\":\"https:\/\/schema.org\",\"@graph\":[{\"@type\":\"Article\",\"@id\":\"https:\/\/www.pressenza.com\/es\/2016\/05\/a-pesar-de-todo\/#article\",\"isPartOf\":{\"@id\":\"https:\/\/www.pressenza.com\/es\/2016\/05\/a-pesar-de-todo\/\"},\"author\":{\"name\":\"P\u00eda Figueroa\",\"@id\":\"https:\/\/www.pressenza.com\/es\/#\/schema\/person\/8bb53ec73ef39ceec36ca0128a0ccd41\"},\"headline\":\"A pesar de todo\",\"datePublished\":\"2016-05-27T20:07:02+00:00\",\"mainEntityOfPage\":{\"@id\":\"https:\/\/www.pressenza.com\/es\/2016\/05\/a-pesar-de-todo\/\"},\"wordCount\":199,\"publisher\":{\"@id\":\"https:\/\/www.pressenza.com\/es\/#organization\"},\"image\":{\"@id\":\"https:\/\/www.pressenza.com\/es\/2016\/05\/a-pesar-de-todo\/#primaryimage\"},\"thumbnailUrl\":\"https:\/\/www.pressenza.com\/wp-content\/uploads\/2016\/05\/Marcha-estudiantes-28-de-mayo-de-2015-Fotos-de-Marcela-Contardo-Berr-os-12.jpg\",\"keywords\":[\"estudiantes secundarios\",\"protestas sociales\",\"Represi\u00f3n policial\",\"Violencia\"],\"articleSection\":[\"Contenido Original\",\"Educaci\u00f3n\",\"Sudam\u00e9rica\"],\"inLanguage\":\"es\"},{\"@type\":\"WebPage\",\"@id\":\"https:\/\/www.pressenza.com\/es\/2016\/05\/a-pesar-de-todo\/\",\"url\":\"https:\/\/www.pressenza.com\/es\/2016\/05\/a-pesar-de-todo\/\",\"name\":\"A pesar de todo\",\"isPartOf\":{\"@id\":\"https:\/\/www.pressenza.com\/es\/#website\"},\"primaryImageOfPage\":{\"@id\":\"https:\/\/www.pressenza.com\/es\/2016\/05\/a-pesar-de-todo\/#primaryimage\"},\"image\":{\"@id\":\"https:\/\/www.pressenza.com\/es\/2016\/05\/a-pesar-de-todo\/#primaryimage\"},\"thumbnailUrl\":\"https:\/\/www.pressenza.com\/wp-content\/uploads\/2016\/05\/Marcha-estudiantes-28-de-mayo-de-2015-Fotos-de-Marcela-Contardo-Berr-os-12.jpg\",\"datePublished\":\"2016-05-27T20:07:02+00:00\",\"description\":\"A pesar de la violencia brutalmente desplegada en contra de ellos, a pesar de los gases, la detenci\u00f3n, a pesar de ser arrastrados por los chorros del\",\"breadcrumb\":{\"@id\":\"https:\/\/www.pressenza.com\/es\/2016\/05\/a-pesar-de-todo\/#breadcrumb\"},\"inLanguage\":\"es\",\"potentialAction\":[{\"@type\":\"ReadAction\",\"target\":[\"https:\/\/www.pressenza.com\/es\/2016\/05\/a-pesar-de-todo\/\"]}]},{\"@type\":\"ImageObject\",\"inLanguage\":\"es\",\"@id\":\"https:\/\/www.pressenza.com\/es\/2016\/05\/a-pesar-de-todo\/#primaryimage\",\"url\":\"https:\/\/www.pressenza.com\/wp-content\/uploads\/2016\/05\/Marcha-estudiantes-28-de-mayo-de-2015-Fotos-de-Marcela-Contardo-Berr-os-12.jpg\",\"contentUrl\":\"https:\/\/www.pressenza.com\/wp-content\/uploads\/2016\/05\/Marcha-estudiantes-28-de-mayo-de-2015-Fotos-de-Marcela-Contardo-Berr-os-12.jpg\",\"width\":800,\"height\":533},{\"@type\":\"BreadcrumbList\",\"@id\":\"https:\/\/www.pressenza.com\/es\/2016\/05\/a-pesar-de-todo\/#breadcrumb\",\"itemListElement\":[{\"@type\":\"ListItem\",\"position\":1,\"name\":\"Accueil\",\"item\":\"https:\/\/www.pressenza.com\/es\/\"},{\"@type\":\"ListItem\",\"position\":2,\"name\":\"A pesar de todo\"}]},{\"@type\":\"WebSite\",\"@id\":\"https:\/\/www.pressenza.com\/es\/#website\",\"url\":\"https:\/\/www.pressenza.com\/es\/\",\"name\":\"Pressenza\",\"description\":\"International Press Agency\",\"publisher\":{\"@id\":\"https:\/\/www.pressenza.com\/es\/#organization\"},\"potentialAction\":[{\"@type\":\"SearchAction\",\"target\":{\"@type\":\"EntryPoint\",\"urlTemplate\":\"https:\/\/www.pressenza.com\/es\/?s={search_term_string}\"},\"query-input\":{\"@type\":\"PropertyValueSpecification\",\"valueRequired\":true,\"valueName\":\"search_term_string\"}}],\"inLanguage\":\"es\"},{\"@type\":\"Organization\",\"@id\":\"https:\/\/www.pressenza.com\/es\/#organization\",\"name\":\"Pressenza\",\"url\":\"https:\/\/www.pressenza.com\/es\/\",\"logo\":{\"@type\":\"ImageObject\",\"inLanguage\":\"es\",\"@id\":\"https:\/\/www.pressenza.com\/es\/#\/schema\/logo\/image\/\",\"url\":\"https:\/\/www.pressenza.com\/wp-content\/uploads\/2022\/10\/pressenza_logo_200x200.jpg\",\"contentUrl\":\"https:\/\/www.pressenza.com\/wp-content\/uploads\/2022\/10\/pressenza_logo_200x200.jpg\",\"width\":200,\"height\":200,\"caption\":\"Pressenza\"},\"image\":{\"@id\":\"https:\/\/www.pressenza.com\/es\/#\/schema\/logo\/image\/\"},\"sameAs\":[\"https:\/\/www.facebook.com\/PressenzaItalia\",\"https:\/\/x.com\/PressenzaIPA\"]},{\"@type\":\"Person\",\"@id\":\"https:\/\/www.pressenza.com\/es\/#\/schema\/person\/8bb53ec73ef39ceec36ca0128a0ccd41\",\"name\":\"P\u00eda Figueroa\",\"description\":\"Founder of Pressenza, life-long humanist, author of several monographs and books.\",\"sameAs\":[\"https:\/\/www.facebook.com\/pia.figueroa?ref=tn_tnmn\",\"https:\/\/x.com\/piafigueroa\"],\"url\":\"https:\/\/www.pressenza.com\/es\/author\/pia-figueroa\/\"}]}<\/script>\n<!-- \/ Yoast SEO plugin. -->","yoast_head_json":{"title":"A pesar de todo","description":"A pesar de la violencia brutalmente desplegada en contra de ellos, a pesar de los gases, la detenci\u00f3n, a pesar de ser arrastrados por los chorros del","robots":{"index":"index","follow":"follow","max-snippet":"max-snippet:-1","max-image-preview":"max-image-preview:large","max-video-preview":"max-video-preview:-1"},"canonical":"https:\/\/www.pressenza.com\/es\/2016\/05\/a-pesar-de-todo\/","og_locale":"es_ES","og_type":"article","og_title":"A pesar de todo","og_description":"A pesar de la violencia brutalmente desplegada en contra de ellos, a pesar de los gases, la detenci\u00f3n, a pesar de ser arrastrados por los chorros del","og_url":"https:\/\/www.pressenza.com\/es\/2016\/05\/a-pesar-de-todo\/","og_site_name":"Pressenza","article_publisher":"https:\/\/www.facebook.com\/PressenzaItalia","article_author":"https:\/\/www.facebook.com\/pia.figueroa?ref=tn_tnmn","article_published_time":"2016-05-27T20:07:02+00:00","og_image":[{"width":800,"height":533,"url":"https:\/\/www.pressenza.com\/wp-content\/uploads\/2016\/05\/Marcha-estudiantes-28-de-mayo-de-2015-Fotos-de-Marcela-Contardo-Berr-os-12.jpg","type":"image\/jpeg"}],"author":"P\u00eda Figueroa","twitter_card":"summary_large_image","twitter_creator":"@piafigueroa","twitter_site":"@PressenzaIPA","twitter_misc":{"Escrito por":"P\u00eda Figueroa","Tiempo de lectura":"1 minuto"},"schema":{"@context":"https:\/\/schema.org","@graph":[{"@type":"Article","@id":"https:\/\/www.pressenza.com\/es\/2016\/05\/a-pesar-de-todo\/#article","isPartOf":{"@id":"https:\/\/www.pressenza.com\/es\/2016\/05\/a-pesar-de-todo\/"},"author":{"name":"P\u00eda Figueroa","@id":"https:\/\/www.pressenza.com\/es\/#\/schema\/person\/8bb53ec73ef39ceec36ca0128a0ccd41"},"headline":"A pesar de todo","datePublished":"2016-05-27T20:07:02+00:00","mainEntityOfPage":{"@id":"https:\/\/www.pressenza.com\/es\/2016\/05\/a-pesar-de-todo\/"},"wordCount":199,"publisher":{"@id":"https:\/\/www.pressenza.com\/es\/#organization"},"image":{"@id":"https:\/\/www.pressenza.com\/es\/2016\/05\/a-pesar-de-todo\/#primaryimage"},"thumbnailUrl":"https:\/\/www.pressenza.com\/wp-content\/uploads\/2016\/05\/Marcha-estudiantes-28-de-mayo-de-2015-Fotos-de-Marcela-Contardo-Berr-os-12.jpg","keywords":["estudiantes secundarios","protestas sociales","Represi\u00f3n policial","Violencia"],"articleSection":["Contenido Original","Educaci\u00f3n","Sudam\u00e9rica"],"inLanguage":"es"},{"@type":"WebPage","@id":"https:\/\/www.pressenza.com\/es\/2016\/05\/a-pesar-de-todo\/","url":"https:\/\/www.pressenza.com\/es\/2016\/05\/a-pesar-de-todo\/","name":"A pesar de todo","isPartOf":{"@id":"https:\/\/www.pressenza.com\/es\/#website"},"primaryImageOfPage":{"@id":"https:\/\/www.pressenza.com\/es\/2016\/05\/a-pesar-de-todo\/#primaryimage"},"image":{"@id":"https:\/\/www.pressenza.com\/es\/2016\/05\/a-pesar-de-todo\/#primaryimage"},"thumbnailUrl":"https:\/\/www.pressenza.com\/wp-content\/uploads\/2016\/05\/Marcha-estudiantes-28-de-mayo-de-2015-Fotos-de-Marcela-Contardo-Berr-os-12.jpg","datePublished":"2016-05-27T20:07:02+00:00","description":"A pesar de la violencia brutalmente desplegada en contra de ellos, a pesar de los gases, la detenci\u00f3n, a pesar de ser arrastrados por los chorros del","breadcrumb":{"@id":"https:\/\/www.pressenza.com\/es\/2016\/05\/a-pesar-de-todo\/#breadcrumb"},"inLanguage":"es","potentialAction":[{"@type":"ReadAction","target":["https:\/\/www.pressenza.com\/es\/2016\/05\/a-pesar-de-todo\/"]}]},{"@type":"ImageObject","inLanguage":"es","@id":"https:\/\/www.pressenza.com\/es\/2016\/05\/a-pesar-de-todo\/#primaryimage","url":"https:\/\/www.pressenza.com\/wp-content\/uploads\/2016\/05\/Marcha-estudiantes-28-de-mayo-de-2015-Fotos-de-Marcela-Contardo-Berr-os-12.jpg","contentUrl":"https:\/\/www.pressenza.com\/wp-content\/uploads\/2016\/05\/Marcha-estudiantes-28-de-mayo-de-2015-Fotos-de-Marcela-Contardo-Berr-os-12.jpg","width":800,"height":533},{"@type":"BreadcrumbList","@id":"https:\/\/www.pressenza.com\/es\/2016\/05\/a-pesar-de-todo\/#breadcrumb","itemListElement":[{"@type":"ListItem","position":1,"name":"Accueil","item":"https:\/\/www.pressenza.com\/es\/"},{"@type":"ListItem","position":2,"name":"A pesar de todo"}]},{"@type":"WebSite","@id":"https:\/\/www.pressenza.com\/es\/#website","url":"https:\/\/www.pressenza.com\/es\/","name":"Pressenza","description":"International Press Agency","publisher":{"@id":"https:\/\/www.pressenza.com\/es\/#organization"},"potentialAction":[{"@type":"SearchAction","target":{"@type":"EntryPoint","urlTemplate":"https:\/\/www.pressenza.com\/es\/?s={search_term_string}"},"query-input":{"@type":"PropertyValueSpecification","valueRequired":true,"valueName":"search_term_string"}}],"inLanguage":"es"},{"@type":"Organization","@id":"https:\/\/www.pressenza.com\/es\/#organization","name":"Pressenza","url":"https:\/\/www.pressenza.com\/es\/","logo":{"@type":"ImageObject","inLanguage":"es","@id":"https:\/\/www.pressenza.com\/es\/#\/schema\/logo\/image\/","url":"https:\/\/www.pressenza.com\/wp-content\/uploads\/2022\/10\/pressenza_logo_200x200.jpg","contentUrl":"https:\/\/www.pressenza.com\/wp-content\/uploads\/2022\/10\/pressenza_logo_200x200.jpg","width":200,"height":200,"caption":"Pressenza"},"image":{"@id":"https:\/\/www.pressenza.com\/es\/#\/schema\/logo\/image\/"},"sameAs":["https:\/\/www.facebook.com\/PressenzaItalia","https:\/\/x.com\/PressenzaIPA"]},{"@type":"Person","@id":"https:\/\/www.pressenza.com\/es\/#\/schema\/person\/8bb53ec73ef39ceec36ca0128a0ccd41","name":"P\u00eda Figueroa","description":"Founder of Pressenza, life-long humanist, author of several monographs and books.","sameAs":["https:\/\/www.facebook.com\/pia.figueroa?ref=tn_tnmn","https:\/\/x.com\/piafigueroa"],"url":"https:\/\/www.pressenza.com\/es\/author\/pia-figueroa\/"}]}},"place":"Santiago de Chile","original_article_url":"","_links":{"self":[{"href":"https:\/\/www.pressenza.com\/es\/wp-json\/wp\/v2\/posts\/322521","targetHints":{"allow":["GET"]}}],"collection":[{"href":"https:\/\/www.pressenza.com\/es\/wp-json\/wp\/v2\/posts"}],"about":[{"href":"https:\/\/www.pressenza.com\/es\/wp-json\/wp\/v2\/types\/post"}],"author":[{"embeddable":true,"href":"https:\/\/www.pressenza.com\/es\/wp-json\/wp\/v2\/users\/22"}],"replies":[{"embeddable":true,"href":"https:\/\/www.pressenza.com\/es\/wp-json\/wp\/v2\/comments?post=322521"}],"version-history":[{"count":0,"href":"https:\/\/www.pressenza.com\/es\/wp-json\/wp\/v2\/posts\/322521\/revisions"}],"wp:featuredmedia":[{"embeddable":true,"href":"https:\/\/www.pressenza.com\/es\/wp-json\/wp\/v2\/media\/322543"}],"wp:attachment":[{"href":"https:\/\/www.pressenza.com\/es\/wp-json\/wp\/v2\/media?parent=322521"}],"wp:term":[{"taxonomy":"category","embeddable":true,"href":"https:\/\/www.pressenza.com\/es\/wp-json\/wp\/v2\/categories?post=322521"},{"taxonomy":"post_tag","embeddable":true,"href":"https:\/\/www.pressenza.com\/es\/wp-json\/wp\/v2\/tags?post=322521"}],"curies":[{"name":"wp","href":"https:\/\/api.w.org\/{rel}","templated":true}]}}