{"id":32247,"date":"2013-01-08T13:12:42","date_gmt":"2013-01-08T13:12:42","guid":{"rendered":"http:\/\/www.pressenza.com\/?p=32247"},"modified":"2016-04-07T13:01:40","modified_gmt":"2016-04-07T12:01:40","slug":"intelectuales-del-mundo-expresan-su-solidaridad-con-chavez","status":"publish","type":"post","link":"https:\/\/www.pressenza.com\/es\/2013\/01\/intelectuales-del-mundo-expresan-su-solidaridad-con-chavez\/","title":{"rendered":"Intelectuales del mundo expresan su solidaridad con Ch\u00e1vez"},"content":{"rendered":"<p>Una conferencia de prensa simult\u00e1nea se realiza en Caracas y La Habana para dar lectura a un mensaje de solidaridad con el presidente venezolano Hugo Ch\u00e1vez y rechazar la campa\u00f1a medi\u00e1tica de las corporaciones transnacionales de comunicaci\u00f3n que busca promover un clima de inestabilidad pol\u00edtica en Venezuela.<\/p>\n<p>El embajador de Venezuela en Cuba, Edgardo Antonio Ram\u00edrez, desde la isla, agradeci\u00f3 las \u201cinfinitas muestras de solidaridad\u201d que diariamente ha recibido el pueblo venezolano desde que el pasado 11 de diciembre el l\u00edder de la Revoluci\u00f3n Bolivariana fuera sometido a una intervenci\u00f3n quir\u00fargica.<\/p>\n<div>\n<div>En Caracas, se lleva a cabo un encuentro con el\u00a0ministro para la Cultura, Pedro Calzadilla, la\u00a0coordinadora general de la Red de Intelectuales y Artistas en Defensa de la Humanidad, la historiadora\u00a0Carmen Bohorquez, quienes se encuentran acompa\u00f1ados por\u00a0el periodista y escritor Earle Herrera; el intelectual argentino Luis Bilbao y\u00a0el escritor venezolano Luis Britto Garc\u00eda. Adem\u00e1s asisten a esta conferencia, los poetas William Osuna, presidente de la editorial El perro y la rana y Miguel M\u00e1rquez;<em>\u00a0<\/em>el antrop\u00f3logo e investigador Mario Sanoja y la historiadora Iraida Vargas.<\/div>\n<\/div>\n","protected":false},"excerpt":{"rendered":"<p>Una conferencia de prensa simult\u00e1nea se realiza en Caracas y La Habana para dar lectura a un mensaje de solidaridad con el presidente venezolano Hugo Ch\u00e1vez y rechazar la campa\u00f1a medi\u00e1tica de las corporaciones transnacionales de comunicaci\u00f3n que busca promover&hellip;<\/p>\n","protected":false},"author":640,"featured_media":30610,"comment_status":"closed","ping_status":"open","sticky":false,"template":"","format":"standard","meta":{"footnotes":""},"categories":[69,74],"tags":[3556],"class_list":["post-32247","post","type-post","status-publish","format-standard","has-post-thumbnail","hentry","category-america-central","category-politica-es","tag-hugo-chavez-en"],"yoast_head":"<!-- This site is optimized with the Yoast SEO plugin v27.1.1 - https:\/\/yoast.com\/product\/yoast-seo-wordpress\/ -->\n<title>Intelectuales del mundo expresan su solidaridad con Ch\u00e1vez<\/title>\n<meta name=\"description\" content=\"Una conferencia de prensa simult\u00e1nea se realiza en Caracas y La Habana para dar lectura a un mensaje de solidaridad con el presidente venezolano Hugo\" \/>\n<meta name=\"robots\" content=\"index, follow, max-snippet:-1, max-image-preview:large, max-video-preview:-1\" \/>\n<link rel=\"canonical\" href=\"https:\/\/www.pressenza.com\/es\/2013\/01\/intelectuales-del-mundo-expresan-su-solidaridad-con-chavez\/\" \/>\n<meta property=\"og:locale\" content=\"es_ES\" \/>\n<meta property=\"og:type\" content=\"article\" \/>\n<meta property=\"og:title\" content=\"Intelectuales del mundo expresan su solidaridad con Ch\u00e1vez\" \/>\n<meta property=\"og:description\" content=\"Una conferencia de prensa simult\u00e1nea se realiza en Caracas y La Habana para dar lectura a un mensaje de solidaridad con el presidente venezolano Hugo\" \/>\n<meta property=\"og:url\" content=\"https:\/\/www.pressenza.com\/es\/2013\/01\/intelectuales-del-mundo-expresan-su-solidaridad-con-chavez\/\" \/>\n<meta property=\"og:site_name\" content=\"Pressenza\" \/>\n<meta property=\"article:publisher\" content=\"https:\/\/www.facebook.com\/PressenzaItalia\" \/>\n<meta property=\"article:author\" content=\"https:\/\/www.facebook.com\/AgenciasUlan\" \/>\n<meta property=\"article:published_time\" content=\"2013-01-08T13:12:42+00:00\" \/>\n<meta property=\"article:modified_time\" content=\"2016-04-07T12:01:40+00:00\" \/>\n<meta property=\"og:image\" content=\"https:\/\/www.pressenza.com\/wp-content\/uploads\/2012\/12\/Hugo-Ch\u00e1vez1.jpg\" \/>\n\t<meta property=\"og:image:width\" content=\"510\" \/>\n\t<meta property=\"og:image:height\" content=\"340\" \/>\n\t<meta property=\"og:image:type\" content=\"image\/jpeg\" \/>\n<meta name=\"author\" content=\"Uni\u00f3n Latinoamericana de Agencias de Noticias\" \/>\n<meta name=\"twitter:card\" content=\"summary_large_image\" \/>\n<meta name=\"twitter:creator\" content=\"@agenciasulan\" \/>\n<meta name=\"twitter:site\" content=\"@PressenzaIPA\" \/>\n<meta name=\"twitter:label1\" content=\"Escrito por\" \/>\n\t<meta name=\"twitter:data1\" content=\"Uni\u00f3n Latinoamericana de Agencias de Noticias\" \/>\n\t<meta name=\"twitter:label2\" content=\"Tiempo de lectura\" \/>\n\t<meta name=\"twitter:data2\" content=\"1 minuto\" \/>\n<script type=\"application\/ld+json\" class=\"yoast-schema-graph\">{\"@context\":\"https:\/\/schema.org\",\"@graph\":[{\"@type\":\"Article\",\"@id\":\"https:\/\/www.pressenza.com\/es\/2013\/01\/intelectuales-del-mundo-expresan-su-solidaridad-con-chavez\/#article\",\"isPartOf\":{\"@id\":\"https:\/\/www.pressenza.com\/es\/2013\/01\/intelectuales-del-mundo-expresan-su-solidaridad-con-chavez\/\"},\"author\":{\"name\":\"Uni\u00f3n Latinoamericana de Agencias de Noticias\",\"@id\":\"https:\/\/www.pressenza.com\/es\/#\/schema\/person\/a9efe8d7b19eb4689fcbcb71bc21dba6\"},\"headline\":\"Intelectuales del mundo expresan su solidaridad con Ch\u00e1vez\",\"datePublished\":\"2013-01-08T13:12:42+00:00\",\"dateModified\":\"2016-04-07T12:01:40+00:00\",\"mainEntityOfPage\":{\"@id\":\"https:\/\/www.pressenza.com\/es\/2013\/01\/intelectuales-del-mundo-expresan-su-solidaridad-con-chavez\/\"},\"wordCount\":205,\"publisher\":{\"@id\":\"https:\/\/www.pressenza.com\/es\/#organization\"},\"image\":{\"@id\":\"https:\/\/www.pressenza.com\/es\/2013\/01\/intelectuales-del-mundo-expresan-su-solidaridad-con-chavez\/#primaryimage\"},\"thumbnailUrl\":\"https:\/\/www.pressenza.com\/wp-content\/uploads\/2012\/12\/Hugo-Ch\u00e1vez1.jpg\",\"keywords\":[\"Hugo Chavez\"],\"articleSection\":[\"Am\u00e9rica Central\",\"Pol\u00edtica\"],\"inLanguage\":\"es\"},{\"@type\":\"WebPage\",\"@id\":\"https:\/\/www.pressenza.com\/es\/2013\/01\/intelectuales-del-mundo-expresan-su-solidaridad-con-chavez\/\",\"url\":\"https:\/\/www.pressenza.com\/es\/2013\/01\/intelectuales-del-mundo-expresan-su-solidaridad-con-chavez\/\",\"name\":\"Intelectuales del mundo expresan su solidaridad con Ch\u00e1vez\",\"isPartOf\":{\"@id\":\"https:\/\/www.pressenza.com\/es\/#website\"},\"primaryImageOfPage\":{\"@id\":\"https:\/\/www.pressenza.com\/es\/2013\/01\/intelectuales-del-mundo-expresan-su-solidaridad-con-chavez\/#primaryimage\"},\"image\":{\"@id\":\"https:\/\/www.pressenza.com\/es\/2013\/01\/intelectuales-del-mundo-expresan-su-solidaridad-con-chavez\/#primaryimage\"},\"thumbnailUrl\":\"https:\/\/www.pressenza.com\/wp-content\/uploads\/2012\/12\/Hugo-Ch\u00e1vez1.jpg\",\"datePublished\":\"2013-01-08T13:12:42+00:00\",\"dateModified\":\"2016-04-07T12:01:40+00:00\",\"description\":\"Una conferencia de prensa simult\u00e1nea se realiza en Caracas y La Habana para dar lectura a un mensaje de solidaridad con el presidente venezolano Hugo\",\"breadcrumb\":{\"@id\":\"https:\/\/www.pressenza.com\/es\/2013\/01\/intelectuales-del-mundo-expresan-su-solidaridad-con-chavez\/#breadcrumb\"},\"inLanguage\":\"es\",\"potentialAction\":[{\"@type\":\"ReadAction\",\"target\":[\"https:\/\/www.pressenza.com\/es\/2013\/01\/intelectuales-del-mundo-expresan-su-solidaridad-con-chavez\/\"]}]},{\"@type\":\"ImageObject\",\"inLanguage\":\"es\",\"@id\":\"https:\/\/www.pressenza.com\/es\/2013\/01\/intelectuales-del-mundo-expresan-su-solidaridad-con-chavez\/#primaryimage\",\"url\":\"https:\/\/www.pressenza.com\/wp-content\/uploads\/2012\/12\/Hugo-Ch\u00e1vez1.jpg\",\"contentUrl\":\"https:\/\/www.pressenza.com\/wp-content\/uploads\/2012\/12\/Hugo-Ch\u00e1vez1.jpg\",\"width\":\"510\",\"height\":\"340\"},{\"@type\":\"BreadcrumbList\",\"@id\":\"https:\/\/www.pressenza.com\/es\/2013\/01\/intelectuales-del-mundo-expresan-su-solidaridad-con-chavez\/#breadcrumb\",\"itemListElement\":[{\"@type\":\"ListItem\",\"position\":1,\"name\":\"Accueil\",\"item\":\"https:\/\/www.pressenza.com\/es\/\"},{\"@type\":\"ListItem\",\"position\":2,\"name\":\"Intelectuales del mundo expresan su solidaridad con Ch\u00e1vez\"}]},{\"@type\":\"WebSite\",\"@id\":\"https:\/\/www.pressenza.com\/es\/#website\",\"url\":\"https:\/\/www.pressenza.com\/es\/\",\"name\":\"Pressenza\",\"description\":\"International Press Agency\",\"publisher\":{\"@id\":\"https:\/\/www.pressenza.com\/es\/#organization\"},\"potentialAction\":[{\"@type\":\"SearchAction\",\"target\":{\"@type\":\"EntryPoint\",\"urlTemplate\":\"https:\/\/www.pressenza.com\/es\/?s={search_term_string}\"},\"query-input\":{\"@type\":\"PropertyValueSpecification\",\"valueRequired\":true,\"valueName\":\"search_term_string\"}}],\"inLanguage\":\"es\"},{\"@type\":\"Organization\",\"@id\":\"https:\/\/www.pressenza.com\/es\/#organization\",\"name\":\"Pressenza\",\"url\":\"https:\/\/www.pressenza.com\/es\/\",\"logo\":{\"@type\":\"ImageObject\",\"inLanguage\":\"es\",\"@id\":\"https:\/\/www.pressenza.com\/es\/#\/schema\/logo\/image\/\",\"url\":\"https:\/\/www.pressenza.com\/wp-content\/uploads\/2022\/10\/pressenza_logo_200x200.jpg\",\"contentUrl\":\"https:\/\/www.pressenza.com\/wp-content\/uploads\/2022\/10\/pressenza_logo_200x200.jpg\",\"width\":200,\"height\":200,\"caption\":\"Pressenza\"},\"image\":{\"@id\":\"https:\/\/www.pressenza.com\/es\/#\/schema\/logo\/image\/\"},\"sameAs\":[\"https:\/\/www.facebook.com\/PressenzaItalia\",\"https:\/\/x.com\/PressenzaIPA\"]},{\"@type\":\"Person\",\"@id\":\"https:\/\/www.pressenza.com\/es\/#\/schema\/person\/a9efe8d7b19eb4689fcbcb71bc21dba6\",\"name\":\"Uni\u00f3n Latinoamericana de Agencias de Noticias\",\"description\":\"Una asociaci\u00f3n supranacional que re\u00fane a las agencias de noticias de Am\u00e9rica Latina y el Caribe. agenciasulan.org\",\"sameAs\":[\"https:\/\/www.facebook.com\/AgenciasUlan\",\"https:\/\/x.com\/agenciasulan\"],\"url\":\"https:\/\/www.pressenza.com\/es\/author\/union-latinoamericana-de-agencias-de-noticias\/\"}]}<\/script>\n<!-- \/ Yoast SEO plugin. -->","yoast_head_json":{"title":"Intelectuales del mundo expresan su solidaridad con Ch\u00e1vez","description":"Una conferencia de prensa simult\u00e1nea se realiza en Caracas y La Habana para dar lectura a un mensaje de solidaridad con el presidente venezolano Hugo","robots":{"index":"index","follow":"follow","max-snippet":"max-snippet:-1","max-image-preview":"max-image-preview:large","max-video-preview":"max-video-preview:-1"},"canonical":"https:\/\/www.pressenza.com\/es\/2013\/01\/intelectuales-del-mundo-expresan-su-solidaridad-con-chavez\/","og_locale":"es_ES","og_type":"article","og_title":"Intelectuales del mundo expresan su solidaridad con Ch\u00e1vez","og_description":"Una conferencia de prensa simult\u00e1nea se realiza en Caracas y La Habana para dar lectura a un mensaje de solidaridad con el presidente venezolano Hugo","og_url":"https:\/\/www.pressenza.com\/es\/2013\/01\/intelectuales-del-mundo-expresan-su-solidaridad-con-chavez\/","og_site_name":"Pressenza","article_publisher":"https:\/\/www.facebook.com\/PressenzaItalia","article_author":"https:\/\/www.facebook.com\/AgenciasUlan","article_published_time":"2013-01-08T13:12:42+00:00","article_modified_time":"2016-04-07T12:01:40+00:00","og_image":[{"width":510,"height":340,"url":"https:\/\/www.pressenza.com\/wp-content\/uploads\/2012\/12\/Hugo-Ch\u00e1vez1.jpg","type":"image\/jpeg"}],"author":"Uni\u00f3n Latinoamericana de Agencias de Noticias","twitter_card":"summary_large_image","twitter_creator":"@agenciasulan","twitter_site":"@PressenzaIPA","twitter_misc":{"Escrito por":"Uni\u00f3n Latinoamericana de Agencias de Noticias","Tiempo de lectura":"1 minuto"},"schema":{"@context":"https:\/\/schema.org","@graph":[{"@type":"Article","@id":"https:\/\/www.pressenza.com\/es\/2013\/01\/intelectuales-del-mundo-expresan-su-solidaridad-con-chavez\/#article","isPartOf":{"@id":"https:\/\/www.pressenza.com\/es\/2013\/01\/intelectuales-del-mundo-expresan-su-solidaridad-con-chavez\/"},"author":{"name":"Uni\u00f3n Latinoamericana de Agencias de Noticias","@id":"https:\/\/www.pressenza.com\/es\/#\/schema\/person\/a9efe8d7b19eb4689fcbcb71bc21dba6"},"headline":"Intelectuales del mundo expresan su solidaridad con Ch\u00e1vez","datePublished":"2013-01-08T13:12:42+00:00","dateModified":"2016-04-07T12:01:40+00:00","mainEntityOfPage":{"@id":"https:\/\/www.pressenza.com\/es\/2013\/01\/intelectuales-del-mundo-expresan-su-solidaridad-con-chavez\/"},"wordCount":205,"publisher":{"@id":"https:\/\/www.pressenza.com\/es\/#organization"},"image":{"@id":"https:\/\/www.pressenza.com\/es\/2013\/01\/intelectuales-del-mundo-expresan-su-solidaridad-con-chavez\/#primaryimage"},"thumbnailUrl":"https:\/\/www.pressenza.com\/wp-content\/uploads\/2012\/12\/Hugo-Ch\u00e1vez1.jpg","keywords":["Hugo Chavez"],"articleSection":["Am\u00e9rica Central","Pol\u00edtica"],"inLanguage":"es"},{"@type":"WebPage","@id":"https:\/\/www.pressenza.com\/es\/2013\/01\/intelectuales-del-mundo-expresan-su-solidaridad-con-chavez\/","url":"https:\/\/www.pressenza.com\/es\/2013\/01\/intelectuales-del-mundo-expresan-su-solidaridad-con-chavez\/","name":"Intelectuales del mundo expresan su solidaridad con Ch\u00e1vez","isPartOf":{"@id":"https:\/\/www.pressenza.com\/es\/#website"},"primaryImageOfPage":{"@id":"https:\/\/www.pressenza.com\/es\/2013\/01\/intelectuales-del-mundo-expresan-su-solidaridad-con-chavez\/#primaryimage"},"image":{"@id":"https:\/\/www.pressenza.com\/es\/2013\/01\/intelectuales-del-mundo-expresan-su-solidaridad-con-chavez\/#primaryimage"},"thumbnailUrl":"https:\/\/www.pressenza.com\/wp-content\/uploads\/2012\/12\/Hugo-Ch\u00e1vez1.jpg","datePublished":"2013-01-08T13:12:42+00:00","dateModified":"2016-04-07T12:01:40+00:00","description":"Una conferencia de prensa simult\u00e1nea se realiza en Caracas y La Habana para dar lectura a un mensaje de solidaridad con el presidente venezolano Hugo","breadcrumb":{"@id":"https:\/\/www.pressenza.com\/es\/2013\/01\/intelectuales-del-mundo-expresan-su-solidaridad-con-chavez\/#breadcrumb"},"inLanguage":"es","potentialAction":[{"@type":"ReadAction","target":["https:\/\/www.pressenza.com\/es\/2013\/01\/intelectuales-del-mundo-expresan-su-solidaridad-con-chavez\/"]}]},{"@type":"ImageObject","inLanguage":"es","@id":"https:\/\/www.pressenza.com\/es\/2013\/01\/intelectuales-del-mundo-expresan-su-solidaridad-con-chavez\/#primaryimage","url":"https:\/\/www.pressenza.com\/wp-content\/uploads\/2012\/12\/Hugo-Ch\u00e1vez1.jpg","contentUrl":"https:\/\/www.pressenza.com\/wp-content\/uploads\/2012\/12\/Hugo-Ch\u00e1vez1.jpg","width":"510","height":"340"},{"@type":"BreadcrumbList","@id":"https:\/\/www.pressenza.com\/es\/2013\/01\/intelectuales-del-mundo-expresan-su-solidaridad-con-chavez\/#breadcrumb","itemListElement":[{"@type":"ListItem","position":1,"name":"Accueil","item":"https:\/\/www.pressenza.com\/es\/"},{"@type":"ListItem","position":2,"name":"Intelectuales del mundo expresan su solidaridad con Ch\u00e1vez"}]},{"@type":"WebSite","@id":"https:\/\/www.pressenza.com\/es\/#website","url":"https:\/\/www.pressenza.com\/es\/","name":"Pressenza","description":"International Press Agency","publisher":{"@id":"https:\/\/www.pressenza.com\/es\/#organization"},"potentialAction":[{"@type":"SearchAction","target":{"@type":"EntryPoint","urlTemplate":"https:\/\/www.pressenza.com\/es\/?s={search_term_string}"},"query-input":{"@type":"PropertyValueSpecification","valueRequired":true,"valueName":"search_term_string"}}],"inLanguage":"es"},{"@type":"Organization","@id":"https:\/\/www.pressenza.com\/es\/#organization","name":"Pressenza","url":"https:\/\/www.pressenza.com\/es\/","logo":{"@type":"ImageObject","inLanguage":"es","@id":"https:\/\/www.pressenza.com\/es\/#\/schema\/logo\/image\/","url":"https:\/\/www.pressenza.com\/wp-content\/uploads\/2022\/10\/pressenza_logo_200x200.jpg","contentUrl":"https:\/\/www.pressenza.com\/wp-content\/uploads\/2022\/10\/pressenza_logo_200x200.jpg","width":200,"height":200,"caption":"Pressenza"},"image":{"@id":"https:\/\/www.pressenza.com\/es\/#\/schema\/logo\/image\/"},"sameAs":["https:\/\/www.facebook.com\/PressenzaItalia","https:\/\/x.com\/PressenzaIPA"]},{"@type":"Person","@id":"https:\/\/www.pressenza.com\/es\/#\/schema\/person\/a9efe8d7b19eb4689fcbcb71bc21dba6","name":"Uni\u00f3n Latinoamericana de Agencias de Noticias","description":"Una asociaci\u00f3n supranacional que re\u00fane a las agencias de noticias de Am\u00e9rica Latina y el Caribe. agenciasulan.org","sameAs":["https:\/\/www.facebook.com\/AgenciasUlan","https:\/\/x.com\/agenciasulan"],"url":"https:\/\/www.pressenza.com\/es\/author\/union-latinoamericana-de-agencias-de-noticias\/"}]}},"place":"La Habana","original_article_url":"","_links":{"self":[{"href":"https:\/\/www.pressenza.com\/es\/wp-json\/wp\/v2\/posts\/32247","targetHints":{"allow":["GET"]}}],"collection":[{"href":"https:\/\/www.pressenza.com\/es\/wp-json\/wp\/v2\/posts"}],"about":[{"href":"https:\/\/www.pressenza.com\/es\/wp-json\/wp\/v2\/types\/post"}],"author":[{"embeddable":true,"href":"https:\/\/www.pressenza.com\/es\/wp-json\/wp\/v2\/users\/640"}],"replies":[{"embeddable":true,"href":"https:\/\/www.pressenza.com\/es\/wp-json\/wp\/v2\/comments?post=32247"}],"version-history":[{"count":0,"href":"https:\/\/www.pressenza.com\/es\/wp-json\/wp\/v2\/posts\/32247\/revisions"}],"wp:featuredmedia":[{"embeddable":true,"href":"https:\/\/www.pressenza.com\/es\/wp-json\/wp\/v2\/media\/30610"}],"wp:attachment":[{"href":"https:\/\/www.pressenza.com\/es\/wp-json\/wp\/v2\/media?parent=32247"}],"wp:term":[{"taxonomy":"category","embeddable":true,"href":"https:\/\/www.pressenza.com\/es\/wp-json\/wp\/v2\/categories?post=32247"},{"taxonomy":"post_tag","embeddable":true,"href":"https:\/\/www.pressenza.com\/es\/wp-json\/wp\/v2\/tags?post=32247"}],"curies":[{"name":"wp","href":"https:\/\/api.w.org\/{rel}","templated":true}]}}