{"id":322396,"date":"2016-05-27T14:49:22","date_gmt":"2016-05-27T13:49:22","guid":{"rendered":"http:\/\/www.pressenza.com\/es\/?p=322396"},"modified":"2016-05-27T14:49:22","modified_gmt":"2016-05-27T13:49:22","slug":"ganemos-madrid-pide-indulto-andres-bodalo","status":"publish","type":"post","link":"https:\/\/www.pressenza.com\/es\/2016\/05\/ganemos-madrid-pide-indulto-andres-bodalo\/","title":{"rendered":"Ganemos Madrid pide el indulto de Andr\u00e9s B\u00f3dalo"},"content":{"rendered":"<p>Madrid acoge, desde el pasado 16 de mayo, a miembros del SAT que mantienen una huelga de hambre indefinida en protesta por la condena del jornalero y sindicalista andaluz Andr\u00e9s B\u00f3dalo. La marcha de los jornaleros andaluces y la posterior huelga de hambre, as\u00ed como las concentraciones y actos de apoyo, han despertado la solidaridad en la sociedad civil, que se indigna ante la indefensi\u00f3n en la que se hallan Andr\u00e9s B\u00f3dalo y su familia.<\/p>\n<p>Andr\u00e9s B\u00f3dalo Pastrana, concejal de Ja\u00e9n en Com\u00fan (JeC) y miembro del Sindicato Andaluz de Trabajadores (SAT), lleva 30 a\u00f1os defendiendo los derechos laborales de los trabajadores y trabajadoras, principalmente de los jornaleros y jornaleras de Andaluc\u00eda, colectivo al que pertenece. Siempre ha defendido condiciones de trabajo dignas, la aplicaci\u00f3n de los convenios colectivos y ha luchado por las mejoras laborales en estos. Fue elegido como concejal por el Ayuntamiento de Ja\u00e9n hace un a\u00f1o, lo que da fe de su apoyo popular y su calidad de representante p\u00fablico por los votos del pueblo.<\/p>\n<p>Los supuestos hechos por las que se ha condenado a Andr\u00e9s B\u00f3dalo se originaron durante una concentraci\u00f3n de protesta sindical frente al Ayuntamiento de J\u00f3dar (Ja\u00e9n), que dieron lugar a una breve confrontaci\u00f3n con personas, en aquel momento, representantes del municipio. Andr\u00e9s B\u00f3dalo ha sido condenado a 3 a\u00f1os y 6 meses de prisi\u00f3n por atentado a la autoridad sin haber tenido una defensa completa. Entendemos que la sentencia resulta desproporcionada.<\/p>\n<p>La familia de Andr\u00e9s B\u00f3dalo, compuesta por seis personas de tres generaciones, incluido un hijo de 12 a\u00f1os y una nieta de 6 a\u00f1os enferma cr\u00f3nica, se queda sin Andr\u00e9s, la \u00fanica fuente de ingresos de unas personas que, al igual que muchos andaluces y andaluzas, carecen de trabajo y medios de subsistencia.<\/p>\n<p>El pasado mes de abril, D. Jos\u00e9 Luis Hidalgo Garc\u00eda, representante legal del Ayuntamiento de J\u00f3dar, en comparecencia ante el juzgado como acusaci\u00f3n particular, manifest\u00f3 no oponerse a la concesi\u00f3n del indulto a Andr\u00e9s B\u00f3dalo, atendiendo a la situaci\u00f3n de desprotecci\u00f3n en que se encuentra su familia.<\/p>\n<p>En diversos municipios se han aprobado mociones en los plenos municipales para solicitar el indulto da Andr\u00e9s Bodalo ante del Consejo de Ministros del gobierno de Espa\u00f1a, con el fin de corregir la injusticia de la condena.<\/p>\n<p>Desde Ganemos Madrid valoramos positivamente que la alcaldesa, Manuela Carmena, haya recibido a los representantes del SAT y a la familia de B\u00f3dalo, ofreci\u00e9ndose a mediar con diversas instituciones para lograr su indulto. Para que estas medidas tengan mayor repercusi\u00f3n, nada mejor que presentar en el pleno del Ayuntamiento de Madrid una moci\u00f3n para solicitar el indulto total con la inmediata puesta en libertad del sindicalista Andr\u00e9s B\u00f3dalo Pastrana.<\/p>\n","protected":false},"excerpt":{"rendered":"<p>Madrid acoge, desde el pasado 16 de mayo, a miembros del SAT que mantienen una huelga de hambre indefinida en protesta por la condena del jornalero y sindicalista andaluz Andr\u00e9s B\u00f3dalo. La marcha de los jornaleros andaluces y la posterior&hellip;<\/p>\n","protected":false},"author":94,"featured_media":322397,"comment_status":"closed","ping_status":"closed","sticky":false,"template":"","format":"standard","meta":{"footnotes":""},"categories":[149,79,66],"tags":[25515,20428,13266,395,394,27241],"class_list":["post-322396","post","type-post","status-publish","format-standard","has-post-thumbnail","hentry","category-comunicados-de-prensa","category-derechos-humanos","category-europa-es","tag-andres-bodalo","tag-ayuntamiento-de-madrid","tag-ganemos-madrid","tag-huelga-de-hambre","tag-protestas-sociales","tag-sindicato-andaluz-de-trabajadores"],"yoast_head":"<!-- This site is optimized with the Yoast SEO plugin v27.1.1 - https:\/\/yoast.com\/product\/yoast-seo-wordpress\/ -->\n<title>Ganemos Madrid pide el indulto de Andr\u00e9s B\u00f3dalo<\/title>\n<meta name=\"description\" content=\"Madrid acoge, desde el pasado 16 de mayo, a miembros del SAT que mantienen una huelga de hambre indefinida en protesta por la condena del jornalero y\" \/>\n<meta name=\"robots\" content=\"index, follow, max-snippet:-1, max-image-preview:large, max-video-preview:-1\" \/>\n<link rel=\"canonical\" href=\"https:\/\/www.pressenza.com\/es\/2016\/05\/ganemos-madrid-pide-indulto-andres-bodalo\/\" \/>\n<meta property=\"og:locale\" content=\"es_ES\" \/>\n<meta property=\"og:type\" content=\"article\" \/>\n<meta property=\"og:title\" content=\"Ganemos Madrid pide el indulto de Andr\u00e9s B\u00f3dalo\" \/>\n<meta property=\"og:description\" content=\"Madrid acoge, desde el pasado 16 de mayo, a miembros del SAT que mantienen una huelga de hambre indefinida en protesta por la condena del jornalero y\" \/>\n<meta property=\"og:url\" content=\"https:\/\/www.pressenza.com\/es\/2016\/05\/ganemos-madrid-pide-indulto-andres-bodalo\/\" \/>\n<meta property=\"og:site_name\" content=\"Pressenza\" \/>\n<meta property=\"article:publisher\" content=\"https:\/\/www.facebook.com\/PressenzaItalia\" \/>\n<meta property=\"article:author\" content=\"https:\/\/www.facebook.com\/pressenza\" \/>\n<meta property=\"article:published_time\" content=\"2016-05-27T13:49:22+00:00\" \/>\n<meta property=\"og:image\" content=\"https:\/\/www.pressenza.com\/wp-content\/uploads\/2016\/05\/Detienen-Bodalo-libertad-cantos-Andalucia_EDIIMA20160330_0182_18.jpg\" \/>\n\t<meta property=\"og:image:width\" content=\"643\" \/>\n\t<meta property=\"og:image:height\" content=\"362\" \/>\n\t<meta property=\"og:image:type\" content=\"image\/jpeg\" \/>\n<meta name=\"author\" content=\"Redacci\u00f3n Madrid\" \/>\n<meta name=\"twitter:card\" content=\"summary_large_image\" \/>\n<meta name=\"twitter:creator\" content=\"@pressenza\" \/>\n<meta name=\"twitter:site\" content=\"@PressenzaIPA\" \/>\n<meta name=\"twitter:label1\" content=\"Escrito por\" \/>\n\t<meta name=\"twitter:data1\" content=\"Redacci\u00f3n Madrid\" \/>\n\t<meta name=\"twitter:label2\" content=\"Tiempo de lectura\" \/>\n\t<meta name=\"twitter:data2\" content=\"2 minutos\" \/>\n<script type=\"application\/ld+json\" class=\"yoast-schema-graph\">{\"@context\":\"https:\/\/schema.org\",\"@graph\":[{\"@type\":\"Article\",\"@id\":\"https:\/\/www.pressenza.com\/es\/2016\/05\/ganemos-madrid-pide-indulto-andres-bodalo\/#article\",\"isPartOf\":{\"@id\":\"https:\/\/www.pressenza.com\/es\/2016\/05\/ganemos-madrid-pide-indulto-andres-bodalo\/\"},\"author\":{\"name\":\"Redacci\u00f3n Madrid\",\"@id\":\"https:\/\/www.pressenza.com\/es\/#\/schema\/person\/828fc40eeca2ad7be3630e5a46adba94\"},\"headline\":\"Ganemos Madrid pide el indulto de Andr\u00e9s B\u00f3dalo\",\"datePublished\":\"2016-05-27T13:49:22+00:00\",\"mainEntityOfPage\":{\"@id\":\"https:\/\/www.pressenza.com\/es\/2016\/05\/ganemos-madrid-pide-indulto-andres-bodalo\/\"},\"wordCount\":497,\"publisher\":{\"@id\":\"https:\/\/www.pressenza.com\/es\/#organization\"},\"image\":{\"@id\":\"https:\/\/www.pressenza.com\/es\/2016\/05\/ganemos-madrid-pide-indulto-andres-bodalo\/#primaryimage\"},\"thumbnailUrl\":\"https:\/\/www.pressenza.com\/wp-content\/uploads\/2016\/05\/Detienen-Bodalo-libertad-cantos-Andalucia_EDIIMA20160330_0182_18.jpg\",\"keywords\":[\"Andr\u00e9s B\u00f3dalo\",\"Ayuntamiento de Madrid\",\"Ganemos Madrid\",\"huelga de hambre\",\"protestas sociales\",\"Sindicato Andaluz de Trabajadores\"],\"articleSection\":[\"Comunicados de Prensa\",\"Derechos Humanos\",\"Europa\"],\"inLanguage\":\"es\"},{\"@type\":\"WebPage\",\"@id\":\"https:\/\/www.pressenza.com\/es\/2016\/05\/ganemos-madrid-pide-indulto-andres-bodalo\/\",\"url\":\"https:\/\/www.pressenza.com\/es\/2016\/05\/ganemos-madrid-pide-indulto-andres-bodalo\/\",\"name\":\"Ganemos Madrid pide el indulto de Andr\u00e9s B\u00f3dalo\",\"isPartOf\":{\"@id\":\"https:\/\/www.pressenza.com\/es\/#website\"},\"primaryImageOfPage\":{\"@id\":\"https:\/\/www.pressenza.com\/es\/2016\/05\/ganemos-madrid-pide-indulto-andres-bodalo\/#primaryimage\"},\"image\":{\"@id\":\"https:\/\/www.pressenza.com\/es\/2016\/05\/ganemos-madrid-pide-indulto-andres-bodalo\/#primaryimage\"},\"thumbnailUrl\":\"https:\/\/www.pressenza.com\/wp-content\/uploads\/2016\/05\/Detienen-Bodalo-libertad-cantos-Andalucia_EDIIMA20160330_0182_18.jpg\",\"datePublished\":\"2016-05-27T13:49:22+00:00\",\"description\":\"Madrid acoge, desde el pasado 16 de mayo, a miembros del SAT que mantienen una huelga de hambre indefinida en protesta por la condena del jornalero y\",\"breadcrumb\":{\"@id\":\"https:\/\/www.pressenza.com\/es\/2016\/05\/ganemos-madrid-pide-indulto-andres-bodalo\/#breadcrumb\"},\"inLanguage\":\"es\",\"potentialAction\":[{\"@type\":\"ReadAction\",\"target\":[\"https:\/\/www.pressenza.com\/es\/2016\/05\/ganemos-madrid-pide-indulto-andres-bodalo\/\"]}]},{\"@type\":\"ImageObject\",\"inLanguage\":\"es\",\"@id\":\"https:\/\/www.pressenza.com\/es\/2016\/05\/ganemos-madrid-pide-indulto-andres-bodalo\/#primaryimage\",\"url\":\"https:\/\/www.pressenza.com\/wp-content\/uploads\/2016\/05\/Detienen-Bodalo-libertad-cantos-Andalucia_EDIIMA20160330_0182_18.jpg\",\"contentUrl\":\"https:\/\/www.pressenza.com\/wp-content\/uploads\/2016\/05\/Detienen-Bodalo-libertad-cantos-Andalucia_EDIIMA20160330_0182_18.jpg\",\"width\":643,\"height\":362},{\"@type\":\"BreadcrumbList\",\"@id\":\"https:\/\/www.pressenza.com\/es\/2016\/05\/ganemos-madrid-pide-indulto-andres-bodalo\/#breadcrumb\",\"itemListElement\":[{\"@type\":\"ListItem\",\"position\":1,\"name\":\"Accueil\",\"item\":\"https:\/\/www.pressenza.com\/es\/\"},{\"@type\":\"ListItem\",\"position\":2,\"name\":\"Ganemos Madrid pide el indulto de Andr\u00e9s B\u00f3dalo\"}]},{\"@type\":\"WebSite\",\"@id\":\"https:\/\/www.pressenza.com\/es\/#website\",\"url\":\"https:\/\/www.pressenza.com\/es\/\",\"name\":\"Pressenza\",\"description\":\"International Press Agency\",\"publisher\":{\"@id\":\"https:\/\/www.pressenza.com\/es\/#organization\"},\"potentialAction\":[{\"@type\":\"SearchAction\",\"target\":{\"@type\":\"EntryPoint\",\"urlTemplate\":\"https:\/\/www.pressenza.com\/es\/?s={search_term_string}\"},\"query-input\":{\"@type\":\"PropertyValueSpecification\",\"valueRequired\":true,\"valueName\":\"search_term_string\"}}],\"inLanguage\":\"es\"},{\"@type\":\"Organization\",\"@id\":\"https:\/\/www.pressenza.com\/es\/#organization\",\"name\":\"Pressenza\",\"url\":\"https:\/\/www.pressenza.com\/es\/\",\"logo\":{\"@type\":\"ImageObject\",\"inLanguage\":\"es\",\"@id\":\"https:\/\/www.pressenza.com\/es\/#\/schema\/logo\/image\/\",\"url\":\"https:\/\/www.pressenza.com\/wp-content\/uploads\/2022\/10\/pressenza_logo_200x200.jpg\",\"contentUrl\":\"https:\/\/www.pressenza.com\/wp-content\/uploads\/2022\/10\/pressenza_logo_200x200.jpg\",\"width\":200,\"height\":200,\"caption\":\"Pressenza\"},\"image\":{\"@id\":\"https:\/\/www.pressenza.com\/es\/#\/schema\/logo\/image\/\"},\"sameAs\":[\"https:\/\/www.facebook.com\/PressenzaItalia\",\"https:\/\/x.com\/PressenzaIPA\"]},{\"@type\":\"Person\",\"@id\":\"https:\/\/www.pressenza.com\/es\/#\/schema\/person\/828fc40eeca2ad7be3630e5a46adba94\",\"name\":\"Redacci\u00f3n Madrid\",\"description\":\"News from the Pressenza Bureau in Madrid, Spain\",\"sameAs\":[\"https:\/\/www.facebook.com\/pressenza\",\"https:\/\/x.com\/pressenza\"],\"url\":\"https:\/\/www.pressenza.com\/es\/author\/redaccion-madrid\/\"}]}<\/script>\n<!-- \/ Yoast SEO plugin. -->","yoast_head_json":{"title":"Ganemos Madrid pide el indulto de Andr\u00e9s B\u00f3dalo","description":"Madrid acoge, desde el pasado 16 de mayo, a miembros del SAT que mantienen una huelga de hambre indefinida en protesta por la condena del jornalero y","robots":{"index":"index","follow":"follow","max-snippet":"max-snippet:-1","max-image-preview":"max-image-preview:large","max-video-preview":"max-video-preview:-1"},"canonical":"https:\/\/www.pressenza.com\/es\/2016\/05\/ganemos-madrid-pide-indulto-andres-bodalo\/","og_locale":"es_ES","og_type":"article","og_title":"Ganemos Madrid pide el indulto de Andr\u00e9s B\u00f3dalo","og_description":"Madrid acoge, desde el pasado 16 de mayo, a miembros del SAT que mantienen una huelga de hambre indefinida en protesta por la condena del jornalero y","og_url":"https:\/\/www.pressenza.com\/es\/2016\/05\/ganemos-madrid-pide-indulto-andres-bodalo\/","og_site_name":"Pressenza","article_publisher":"https:\/\/www.facebook.com\/PressenzaItalia","article_author":"https:\/\/www.facebook.com\/pressenza","article_published_time":"2016-05-27T13:49:22+00:00","og_image":[{"width":643,"height":362,"url":"https:\/\/www.pressenza.com\/wp-content\/uploads\/2016\/05\/Detienen-Bodalo-libertad-cantos-Andalucia_EDIIMA20160330_0182_18.jpg","type":"image\/jpeg"}],"author":"Redacci\u00f3n Madrid","twitter_card":"summary_large_image","twitter_creator":"@pressenza","twitter_site":"@PressenzaIPA","twitter_misc":{"Escrito por":"Redacci\u00f3n Madrid","Tiempo de lectura":"2 minutos"},"schema":{"@context":"https:\/\/schema.org","@graph":[{"@type":"Article","@id":"https:\/\/www.pressenza.com\/es\/2016\/05\/ganemos-madrid-pide-indulto-andres-bodalo\/#article","isPartOf":{"@id":"https:\/\/www.pressenza.com\/es\/2016\/05\/ganemos-madrid-pide-indulto-andres-bodalo\/"},"author":{"name":"Redacci\u00f3n Madrid","@id":"https:\/\/www.pressenza.com\/es\/#\/schema\/person\/828fc40eeca2ad7be3630e5a46adba94"},"headline":"Ganemos Madrid pide el indulto de Andr\u00e9s B\u00f3dalo","datePublished":"2016-05-27T13:49:22+00:00","mainEntityOfPage":{"@id":"https:\/\/www.pressenza.com\/es\/2016\/05\/ganemos-madrid-pide-indulto-andres-bodalo\/"},"wordCount":497,"publisher":{"@id":"https:\/\/www.pressenza.com\/es\/#organization"},"image":{"@id":"https:\/\/www.pressenza.com\/es\/2016\/05\/ganemos-madrid-pide-indulto-andres-bodalo\/#primaryimage"},"thumbnailUrl":"https:\/\/www.pressenza.com\/wp-content\/uploads\/2016\/05\/Detienen-Bodalo-libertad-cantos-Andalucia_EDIIMA20160330_0182_18.jpg","keywords":["Andr\u00e9s B\u00f3dalo","Ayuntamiento de Madrid","Ganemos Madrid","huelga de hambre","protestas sociales","Sindicato Andaluz de Trabajadores"],"articleSection":["Comunicados de Prensa","Derechos Humanos","Europa"],"inLanguage":"es"},{"@type":"WebPage","@id":"https:\/\/www.pressenza.com\/es\/2016\/05\/ganemos-madrid-pide-indulto-andres-bodalo\/","url":"https:\/\/www.pressenza.com\/es\/2016\/05\/ganemos-madrid-pide-indulto-andres-bodalo\/","name":"Ganemos Madrid pide el indulto de Andr\u00e9s B\u00f3dalo","isPartOf":{"@id":"https:\/\/www.pressenza.com\/es\/#website"},"primaryImageOfPage":{"@id":"https:\/\/www.pressenza.com\/es\/2016\/05\/ganemos-madrid-pide-indulto-andres-bodalo\/#primaryimage"},"image":{"@id":"https:\/\/www.pressenza.com\/es\/2016\/05\/ganemos-madrid-pide-indulto-andres-bodalo\/#primaryimage"},"thumbnailUrl":"https:\/\/www.pressenza.com\/wp-content\/uploads\/2016\/05\/Detienen-Bodalo-libertad-cantos-Andalucia_EDIIMA20160330_0182_18.jpg","datePublished":"2016-05-27T13:49:22+00:00","description":"Madrid acoge, desde el pasado 16 de mayo, a miembros del SAT que mantienen una huelga de hambre indefinida en protesta por la condena del jornalero y","breadcrumb":{"@id":"https:\/\/www.pressenza.com\/es\/2016\/05\/ganemos-madrid-pide-indulto-andres-bodalo\/#breadcrumb"},"inLanguage":"es","potentialAction":[{"@type":"ReadAction","target":["https:\/\/www.pressenza.com\/es\/2016\/05\/ganemos-madrid-pide-indulto-andres-bodalo\/"]}]},{"@type":"ImageObject","inLanguage":"es","@id":"https:\/\/www.pressenza.com\/es\/2016\/05\/ganemos-madrid-pide-indulto-andres-bodalo\/#primaryimage","url":"https:\/\/www.pressenza.com\/wp-content\/uploads\/2016\/05\/Detienen-Bodalo-libertad-cantos-Andalucia_EDIIMA20160330_0182_18.jpg","contentUrl":"https:\/\/www.pressenza.com\/wp-content\/uploads\/2016\/05\/Detienen-Bodalo-libertad-cantos-Andalucia_EDIIMA20160330_0182_18.jpg","width":643,"height":362},{"@type":"BreadcrumbList","@id":"https:\/\/www.pressenza.com\/es\/2016\/05\/ganemos-madrid-pide-indulto-andres-bodalo\/#breadcrumb","itemListElement":[{"@type":"ListItem","position":1,"name":"Accueil","item":"https:\/\/www.pressenza.com\/es\/"},{"@type":"ListItem","position":2,"name":"Ganemos Madrid pide el indulto de Andr\u00e9s B\u00f3dalo"}]},{"@type":"WebSite","@id":"https:\/\/www.pressenza.com\/es\/#website","url":"https:\/\/www.pressenza.com\/es\/","name":"Pressenza","description":"International Press Agency","publisher":{"@id":"https:\/\/www.pressenza.com\/es\/#organization"},"potentialAction":[{"@type":"SearchAction","target":{"@type":"EntryPoint","urlTemplate":"https:\/\/www.pressenza.com\/es\/?s={search_term_string}"},"query-input":{"@type":"PropertyValueSpecification","valueRequired":true,"valueName":"search_term_string"}}],"inLanguage":"es"},{"@type":"Organization","@id":"https:\/\/www.pressenza.com\/es\/#organization","name":"Pressenza","url":"https:\/\/www.pressenza.com\/es\/","logo":{"@type":"ImageObject","inLanguage":"es","@id":"https:\/\/www.pressenza.com\/es\/#\/schema\/logo\/image\/","url":"https:\/\/www.pressenza.com\/wp-content\/uploads\/2022\/10\/pressenza_logo_200x200.jpg","contentUrl":"https:\/\/www.pressenza.com\/wp-content\/uploads\/2022\/10\/pressenza_logo_200x200.jpg","width":200,"height":200,"caption":"Pressenza"},"image":{"@id":"https:\/\/www.pressenza.com\/es\/#\/schema\/logo\/image\/"},"sameAs":["https:\/\/www.facebook.com\/PressenzaItalia","https:\/\/x.com\/PressenzaIPA"]},{"@type":"Person","@id":"https:\/\/www.pressenza.com\/es\/#\/schema\/person\/828fc40eeca2ad7be3630e5a46adba94","name":"Redacci\u00f3n Madrid","description":"News from the Pressenza Bureau in Madrid, Spain","sameAs":["https:\/\/www.facebook.com\/pressenza","https:\/\/x.com\/pressenza"],"url":"https:\/\/www.pressenza.com\/es\/author\/redaccion-madrid\/"}]}},"place":"Madrid (Espa\u00f1a)","original_article_url":"http:\/\/ganemosmadrid.info\/ganemos-madrid-pide-el-indulto-de-andres-bodalo\/","_links":{"self":[{"href":"https:\/\/www.pressenza.com\/es\/wp-json\/wp\/v2\/posts\/322396","targetHints":{"allow":["GET"]}}],"collection":[{"href":"https:\/\/www.pressenza.com\/es\/wp-json\/wp\/v2\/posts"}],"about":[{"href":"https:\/\/www.pressenza.com\/es\/wp-json\/wp\/v2\/types\/post"}],"author":[{"embeddable":true,"href":"https:\/\/www.pressenza.com\/es\/wp-json\/wp\/v2\/users\/94"}],"replies":[{"embeddable":true,"href":"https:\/\/www.pressenza.com\/es\/wp-json\/wp\/v2\/comments?post=322396"}],"version-history":[{"count":0,"href":"https:\/\/www.pressenza.com\/es\/wp-json\/wp\/v2\/posts\/322396\/revisions"}],"wp:featuredmedia":[{"embeddable":true,"href":"https:\/\/www.pressenza.com\/es\/wp-json\/wp\/v2\/media\/322397"}],"wp:attachment":[{"href":"https:\/\/www.pressenza.com\/es\/wp-json\/wp\/v2\/media?parent=322396"}],"wp:term":[{"taxonomy":"category","embeddable":true,"href":"https:\/\/www.pressenza.com\/es\/wp-json\/wp\/v2\/categories?post=322396"},{"taxonomy":"post_tag","embeddable":true,"href":"https:\/\/www.pressenza.com\/es\/wp-json\/wp\/v2\/tags?post=322396"}],"curies":[{"name":"wp","href":"https:\/\/api.w.org\/{rel}","templated":true}]}}