{"id":322079,"date":"2016-05-26T22:24:01","date_gmt":"2016-05-26T21:24:01","guid":{"rendered":"http:\/\/www.pressenza.com\/es\/?p=322079"},"modified":"2016-05-26T23:17:59","modified_gmt":"2016-05-26T22:17:59","slug":"integracion-de-america-latina-y-el-caribe-esta-amenazada","status":"publish","type":"post","link":"https:\/\/www.pressenza.com\/es\/2016\/05\/integracion-de-america-latina-y-el-caribe-esta-amenazada\/","title":{"rendered":"La integraci\u00f3n de Am\u00e9rica Latina y el Caribe est\u00e1 amenazada"},"content":{"rendered":"<p>La evoluci\u00f3n del proceso de integraci\u00f3n emancipadora de Am\u00e9rica Latina ha sufrido recientemente serios traspi\u00e9s. La instalaci\u00f3n de un gobierno corporativo en Argentina, el rechazo, por un margen estrecho, a la repostulaci\u00f3n de Evo Morales en las pr\u00f3ximas elecciones en Bolivia, la derrota del chavismo en las elecciones parlamentarias en Venezuela y el reciente golpe parlamentario-medi\u00e1tico-judicial en Brasil, debilitan sin duda alguna las intenciones integradoras.<\/p>\n<p>A esto se suman los golpes anteriores en Honduras y Paraguay, constituyendo un panorama pol\u00edtico de retroceso en t\u00e9rminos de autonom\u00eda y multilateralismo.<\/p>\n<p>\u00bfQu\u00e9 est\u00e1 en juego en este inminente retroceso de la integraci\u00f3n regional? \u00bfCu\u00e1l es el camino a seguir para no sucumbir a las amenazas de desintegraci\u00f3n?<\/p>\n<p>Estos son los principales temas que abordamos en esta nueva entrega de \u201cRegional y Popular\u201d.<\/p>\n<p><iframe loading=\"lazy\" id=\"audio_11614222\" style=\"border: 1px solid #EEE; box-sizing: border-box; width: 100%;\" src=\"https:\/\/ar.ivoox.com\/es\/player_ej_11614222_4_1.html?c1=ff6600\" width=\"300\" height=\"200\" frameborder=\"0\" scrolling=\"no\" allowfullscreen=\"allowfullscreen\"><\/iframe><\/p>\n<p><em>\u201cRegional y Popular\u201d es un segmento radial semanal de quince minutos dedicado a temas relacionados con la integraci\u00f3n de Latinoam\u00e9rica y el Caribe. <\/em><em>Es una producci\u00f3n de Pressenza realizada desde la ciudad de C\u00f3rdoba, en colaboraci\u00f3n con radio comunitaria La Ranchada y est\u00e1 dise\u00f1ado para ser incluido con facilidad en cualquier programa o programaci\u00f3n radial. Si una emisora quiere difundir regularmente nuestros programas, puede conectarnos en nuestro <\/em><a href=\"mailto:javiertolcachier@gmail.com\"><em>correo<\/em><\/a><em> de referencia y se lo enviaremos cada semana.<\/em><\/p>\n","protected":false},"excerpt":{"rendered":"<p>La evoluci\u00f3n del proceso de integraci\u00f3n emancipadora de Am\u00e9rica Latina ha sufrido recientemente serios traspi\u00e9s. La instalaci\u00f3n de un gobierno corporativo en Argentina, el rechazo, por un margen estrecho, a la repostulaci\u00f3n de Evo Morales en las pr\u00f3ximas elecciones en&hellip;<\/p>\n","protected":false},"author":87,"featured_media":259262,"comment_status":"closed","ping_status":"closed","sticky":false,"template":"","format":"standard","meta":{"footnotes":""},"categories":[69,11389,75,79,39,74,22754,67],"tags":[696,14640,4495,21254],"class_list":["post-322079","post","type-post","status-publish","format-standard","has-post-thumbnail","hentry","category-america-central","category-contenido-original","category-cultura-es","category-derechos-humanos","category-internacional","category-politica-es","category-radio-es","category-sudamerica","tag-democracia","tag-integracion-latinoamericana","tag-radio-it","tag-regional-y-popular"],"yoast_head":"<!-- This site is optimized with the Yoast SEO plugin v27.1.1 - https:\/\/yoast.com\/product\/yoast-seo-wordpress\/ -->\n<title>La integraci\u00f3n de Am\u00e9rica Latina y el Caribe est\u00e1 amenazada<\/title>\n<meta name=\"description\" content=\"La evoluci\u00f3n del proceso de integraci\u00f3n emancipadora de Am\u00e9rica Latina ha sufrido recientemente serios traspi\u00e9s. La instalaci\u00f3n de un gobierno corporativo\" \/>\n<meta name=\"robots\" content=\"index, follow, max-snippet:-1, max-image-preview:large, max-video-preview:-1\" \/>\n<link rel=\"canonical\" href=\"https:\/\/www.pressenza.com\/es\/2016\/05\/integracion-de-america-latina-y-el-caribe-esta-amenazada\/\" \/>\n<meta property=\"og:locale\" content=\"es_ES\" \/>\n<meta property=\"og:type\" content=\"article\" \/>\n<meta property=\"og:title\" content=\"La integraci\u00f3n de Am\u00e9rica Latina y el Caribe est\u00e1 amenazada\" \/>\n<meta property=\"og:description\" content=\"La evoluci\u00f3n del proceso de integraci\u00f3n emancipadora de Am\u00e9rica Latina ha sufrido recientemente serios traspi\u00e9s. La instalaci\u00f3n de un gobierno corporativo\" \/>\n<meta property=\"og:url\" content=\"https:\/\/www.pressenza.com\/es\/2016\/05\/integracion-de-america-latina-y-el-caribe-esta-amenazada\/\" \/>\n<meta property=\"og:site_name\" content=\"Pressenza\" \/>\n<meta property=\"article:publisher\" content=\"https:\/\/www.facebook.com\/PressenzaItalia\" \/>\n<meta property=\"article:published_time\" content=\"2016-05-26T21:24:01+00:00\" \/>\n<meta property=\"article:modified_time\" content=\"2016-05-26T22:17:59+00:00\" \/>\n<meta property=\"og:image\" content=\"https:\/\/www.pressenza.com\/wp-content\/uploads\/2015\/12\/OC_protesto-contra-o-impeachment-de-Dilma-Rousseff-em-Sao-Paulo_0001.jpg\" \/>\n\t<meta property=\"og:image:width\" content=\"1366\" \/>\n\t<meta property=\"og:image:height\" content=\"2048\" \/>\n\t<meta property=\"og:image:type\" content=\"image\/jpeg\" \/>\n<meta name=\"author\" content=\"Redacci\u00f3n Argentina\" \/>\n<meta name=\"twitter:card\" content=\"summary_large_image\" \/>\n<meta name=\"twitter:creator\" content=\"@pressenza\" \/>\n<meta name=\"twitter:site\" content=\"@PressenzaIPA\" \/>\n<meta name=\"twitter:label1\" content=\"Escrito por\" \/>\n\t<meta name=\"twitter:data1\" content=\"Redacci\u00f3n Argentina\" \/>\n\t<meta name=\"twitter:label2\" content=\"Tiempo de lectura\" \/>\n\t<meta name=\"twitter:data2\" content=\"1 minuto\" \/>\n<script type=\"application\/ld+json\" class=\"yoast-schema-graph\">{\"@context\":\"https:\/\/schema.org\",\"@graph\":[{\"@type\":\"Article\",\"@id\":\"https:\/\/www.pressenza.com\/es\/2016\/05\/integracion-de-america-latina-y-el-caribe-esta-amenazada\/#article\",\"isPartOf\":{\"@id\":\"https:\/\/www.pressenza.com\/es\/2016\/05\/integracion-de-america-latina-y-el-caribe-esta-amenazada\/\"},\"author\":{\"name\":\"Redacci\u00f3n Argentina\",\"@id\":\"https:\/\/www.pressenza.com\/es\/#\/schema\/person\/0dda7d1b68267ad95b1e1d83abc98c89\"},\"headline\":\"La integraci\u00f3n de Am\u00e9rica Latina y el Caribe est\u00e1 amenazada\",\"datePublished\":\"2016-05-26T21:24:01+00:00\",\"dateModified\":\"2016-05-26T22:17:59+00:00\",\"mainEntityOfPage\":{\"@id\":\"https:\/\/www.pressenza.com\/es\/2016\/05\/integracion-de-america-latina-y-el-caribe-esta-amenazada\/\"},\"wordCount\":238,\"publisher\":{\"@id\":\"https:\/\/www.pressenza.com\/es\/#organization\"},\"image\":{\"@id\":\"https:\/\/www.pressenza.com\/es\/2016\/05\/integracion-de-america-latina-y-el-caribe-esta-amenazada\/#primaryimage\"},\"thumbnailUrl\":\"https:\/\/www.pressenza.com\/wp-content\/uploads\/2015\/12\/OC_protesto-contra-o-impeachment-de-Dilma-Rousseff-em-Sao-Paulo_0001.jpg\",\"keywords\":[\"Democracia\",\"Integraci\u00f3n latinoamericana\",\"radio\",\"Regional y Popular\"],\"articleSection\":[\"Am\u00e9rica Central\",\"Contenido Original\",\"Cultura y Medios\",\"Derechos Humanos\",\"Internacional\",\"Pol\u00edtica\",\"Radio\",\"Sudam\u00e9rica\"],\"inLanguage\":\"es\"},{\"@type\":\"WebPage\",\"@id\":\"https:\/\/www.pressenza.com\/es\/2016\/05\/integracion-de-america-latina-y-el-caribe-esta-amenazada\/\",\"url\":\"https:\/\/www.pressenza.com\/es\/2016\/05\/integracion-de-america-latina-y-el-caribe-esta-amenazada\/\",\"name\":\"La integraci\u00f3n de Am\u00e9rica Latina y el Caribe est\u00e1 amenazada\",\"isPartOf\":{\"@id\":\"https:\/\/www.pressenza.com\/es\/#website\"},\"primaryImageOfPage\":{\"@id\":\"https:\/\/www.pressenza.com\/es\/2016\/05\/integracion-de-america-latina-y-el-caribe-esta-amenazada\/#primaryimage\"},\"image\":{\"@id\":\"https:\/\/www.pressenza.com\/es\/2016\/05\/integracion-de-america-latina-y-el-caribe-esta-amenazada\/#primaryimage\"},\"thumbnailUrl\":\"https:\/\/www.pressenza.com\/wp-content\/uploads\/2015\/12\/OC_protesto-contra-o-impeachment-de-Dilma-Rousseff-em-Sao-Paulo_0001.jpg\",\"datePublished\":\"2016-05-26T21:24:01+00:00\",\"dateModified\":\"2016-05-26T22:17:59+00:00\",\"description\":\"La evoluci\u00f3n del proceso de integraci\u00f3n emancipadora de Am\u00e9rica Latina ha sufrido recientemente serios traspi\u00e9s. La instalaci\u00f3n de un gobierno corporativo\",\"breadcrumb\":{\"@id\":\"https:\/\/www.pressenza.com\/es\/2016\/05\/integracion-de-america-latina-y-el-caribe-esta-amenazada\/#breadcrumb\"},\"inLanguage\":\"es\",\"potentialAction\":[{\"@type\":\"ReadAction\",\"target\":[\"https:\/\/www.pressenza.com\/es\/2016\/05\/integracion-de-america-latina-y-el-caribe-esta-amenazada\/\"]}]},{\"@type\":\"ImageObject\",\"inLanguage\":\"es\",\"@id\":\"https:\/\/www.pressenza.com\/es\/2016\/05\/integracion-de-america-latina-y-el-caribe-esta-amenazada\/#primaryimage\",\"url\":\"https:\/\/www.pressenza.com\/wp-content\/uploads\/2015\/12\/OC_protesto-contra-o-impeachment-de-Dilma-Rousseff-em-Sao-Paulo_0001.jpg\",\"contentUrl\":\"https:\/\/www.pressenza.com\/wp-content\/uploads\/2015\/12\/OC_protesto-contra-o-impeachment-de-Dilma-Rousseff-em-Sao-Paulo_0001.jpg\",\"width\":1366,\"height\":2048,\"caption\":\"S\u00e3o Paulo- SP- Brasil- 16\/12\/2015- Protesto contra o pedido de impeachment da presidente Dilma na Avenida Paulista em SP. Os manifestantes usam bandeiras e abriram uma faixa com a frase \u201cFora Cunha\u201d, pedindo a sa\u00edda do presidente da C\u00e2mara dos Deputados, Eduardo Cunha (PMDB).\"},{\"@type\":\"BreadcrumbList\",\"@id\":\"https:\/\/www.pressenza.com\/es\/2016\/05\/integracion-de-america-latina-y-el-caribe-esta-amenazada\/#breadcrumb\",\"itemListElement\":[{\"@type\":\"ListItem\",\"position\":1,\"name\":\"Accueil\",\"item\":\"https:\/\/www.pressenza.com\/es\/\"},{\"@type\":\"ListItem\",\"position\":2,\"name\":\"La integraci\u00f3n de Am\u00e9rica Latina y el Caribe est\u00e1 amenazada\"}]},{\"@type\":\"WebSite\",\"@id\":\"https:\/\/www.pressenza.com\/es\/#website\",\"url\":\"https:\/\/www.pressenza.com\/es\/\",\"name\":\"Pressenza\",\"description\":\"International Press Agency\",\"publisher\":{\"@id\":\"https:\/\/www.pressenza.com\/es\/#organization\"},\"potentialAction\":[{\"@type\":\"SearchAction\",\"target\":{\"@type\":\"EntryPoint\",\"urlTemplate\":\"https:\/\/www.pressenza.com\/es\/?s={search_term_string}\"},\"query-input\":{\"@type\":\"PropertyValueSpecification\",\"valueRequired\":true,\"valueName\":\"search_term_string\"}}],\"inLanguage\":\"es\"},{\"@type\":\"Organization\",\"@id\":\"https:\/\/www.pressenza.com\/es\/#organization\",\"name\":\"Pressenza\",\"url\":\"https:\/\/www.pressenza.com\/es\/\",\"logo\":{\"@type\":\"ImageObject\",\"inLanguage\":\"es\",\"@id\":\"https:\/\/www.pressenza.com\/es\/#\/schema\/logo\/image\/\",\"url\":\"https:\/\/www.pressenza.com\/wp-content\/uploads\/2022\/10\/pressenza_logo_200x200.jpg\",\"contentUrl\":\"https:\/\/www.pressenza.com\/wp-content\/uploads\/2022\/10\/pressenza_logo_200x200.jpg\",\"width\":200,\"height\":200,\"caption\":\"Pressenza\"},\"image\":{\"@id\":\"https:\/\/www.pressenza.com\/es\/#\/schema\/logo\/image\/\"},\"sameAs\":[\"https:\/\/www.facebook.com\/PressenzaItalia\",\"https:\/\/x.com\/PressenzaIPA\"]},{\"@type\":\"Person\",\"@id\":\"https:\/\/www.pressenza.com\/es\/#\/schema\/person\/0dda7d1b68267ad95b1e1d83abc98c89\",\"name\":\"Redacci\u00f3n Argentina\",\"description\":\"News from the Pressenza Bureau in Argentina.\",\"sameAs\":[\"https:\/\/x.com\/pressenza\"],\"url\":\"https:\/\/www.pressenza.com\/es\/author\/redaccion-argentina\/\"}]}<\/script>\n<!-- \/ Yoast SEO plugin. -->","yoast_head_json":{"title":"La integraci\u00f3n de Am\u00e9rica Latina y el Caribe est\u00e1 amenazada","description":"La evoluci\u00f3n del proceso de integraci\u00f3n emancipadora de Am\u00e9rica Latina ha sufrido recientemente serios traspi\u00e9s. La instalaci\u00f3n de un gobierno corporativo","robots":{"index":"index","follow":"follow","max-snippet":"max-snippet:-1","max-image-preview":"max-image-preview:large","max-video-preview":"max-video-preview:-1"},"canonical":"https:\/\/www.pressenza.com\/es\/2016\/05\/integracion-de-america-latina-y-el-caribe-esta-amenazada\/","og_locale":"es_ES","og_type":"article","og_title":"La integraci\u00f3n de Am\u00e9rica Latina y el Caribe est\u00e1 amenazada","og_description":"La evoluci\u00f3n del proceso de integraci\u00f3n emancipadora de Am\u00e9rica Latina ha sufrido recientemente serios traspi\u00e9s. La instalaci\u00f3n de un gobierno corporativo","og_url":"https:\/\/www.pressenza.com\/es\/2016\/05\/integracion-de-america-latina-y-el-caribe-esta-amenazada\/","og_site_name":"Pressenza","article_publisher":"https:\/\/www.facebook.com\/PressenzaItalia","article_published_time":"2016-05-26T21:24:01+00:00","article_modified_time":"2016-05-26T22:17:59+00:00","og_image":[{"width":1366,"height":2048,"url":"https:\/\/www.pressenza.com\/wp-content\/uploads\/2015\/12\/OC_protesto-contra-o-impeachment-de-Dilma-Rousseff-em-Sao-Paulo_0001.jpg","type":"image\/jpeg"}],"author":"Redacci\u00f3n Argentina","twitter_card":"summary_large_image","twitter_creator":"@pressenza","twitter_site":"@PressenzaIPA","twitter_misc":{"Escrito por":"Redacci\u00f3n Argentina","Tiempo de lectura":"1 minuto"},"schema":{"@context":"https:\/\/schema.org","@graph":[{"@type":"Article","@id":"https:\/\/www.pressenza.com\/es\/2016\/05\/integracion-de-america-latina-y-el-caribe-esta-amenazada\/#article","isPartOf":{"@id":"https:\/\/www.pressenza.com\/es\/2016\/05\/integracion-de-america-latina-y-el-caribe-esta-amenazada\/"},"author":{"name":"Redacci\u00f3n Argentina","@id":"https:\/\/www.pressenza.com\/es\/#\/schema\/person\/0dda7d1b68267ad95b1e1d83abc98c89"},"headline":"La integraci\u00f3n de Am\u00e9rica Latina y el Caribe est\u00e1 amenazada","datePublished":"2016-05-26T21:24:01+00:00","dateModified":"2016-05-26T22:17:59+00:00","mainEntityOfPage":{"@id":"https:\/\/www.pressenza.com\/es\/2016\/05\/integracion-de-america-latina-y-el-caribe-esta-amenazada\/"},"wordCount":238,"publisher":{"@id":"https:\/\/www.pressenza.com\/es\/#organization"},"image":{"@id":"https:\/\/www.pressenza.com\/es\/2016\/05\/integracion-de-america-latina-y-el-caribe-esta-amenazada\/#primaryimage"},"thumbnailUrl":"https:\/\/www.pressenza.com\/wp-content\/uploads\/2015\/12\/OC_protesto-contra-o-impeachment-de-Dilma-Rousseff-em-Sao-Paulo_0001.jpg","keywords":["Democracia","Integraci\u00f3n latinoamericana","radio","Regional y Popular"],"articleSection":["Am\u00e9rica Central","Contenido Original","Cultura y Medios","Derechos Humanos","Internacional","Pol\u00edtica","Radio","Sudam\u00e9rica"],"inLanguage":"es"},{"@type":"WebPage","@id":"https:\/\/www.pressenza.com\/es\/2016\/05\/integracion-de-america-latina-y-el-caribe-esta-amenazada\/","url":"https:\/\/www.pressenza.com\/es\/2016\/05\/integracion-de-america-latina-y-el-caribe-esta-amenazada\/","name":"La integraci\u00f3n de Am\u00e9rica Latina y el Caribe est\u00e1 amenazada","isPartOf":{"@id":"https:\/\/www.pressenza.com\/es\/#website"},"primaryImageOfPage":{"@id":"https:\/\/www.pressenza.com\/es\/2016\/05\/integracion-de-america-latina-y-el-caribe-esta-amenazada\/#primaryimage"},"image":{"@id":"https:\/\/www.pressenza.com\/es\/2016\/05\/integracion-de-america-latina-y-el-caribe-esta-amenazada\/#primaryimage"},"thumbnailUrl":"https:\/\/www.pressenza.com\/wp-content\/uploads\/2015\/12\/OC_protesto-contra-o-impeachment-de-Dilma-Rousseff-em-Sao-Paulo_0001.jpg","datePublished":"2016-05-26T21:24:01+00:00","dateModified":"2016-05-26T22:17:59+00:00","description":"La evoluci\u00f3n del proceso de integraci\u00f3n emancipadora de Am\u00e9rica Latina ha sufrido recientemente serios traspi\u00e9s. La instalaci\u00f3n de un gobierno corporativo","breadcrumb":{"@id":"https:\/\/www.pressenza.com\/es\/2016\/05\/integracion-de-america-latina-y-el-caribe-esta-amenazada\/#breadcrumb"},"inLanguage":"es","potentialAction":[{"@type":"ReadAction","target":["https:\/\/www.pressenza.com\/es\/2016\/05\/integracion-de-america-latina-y-el-caribe-esta-amenazada\/"]}]},{"@type":"ImageObject","inLanguage":"es","@id":"https:\/\/www.pressenza.com\/es\/2016\/05\/integracion-de-america-latina-y-el-caribe-esta-amenazada\/#primaryimage","url":"https:\/\/www.pressenza.com\/wp-content\/uploads\/2015\/12\/OC_protesto-contra-o-impeachment-de-Dilma-Rousseff-em-Sao-Paulo_0001.jpg","contentUrl":"https:\/\/www.pressenza.com\/wp-content\/uploads\/2015\/12\/OC_protesto-contra-o-impeachment-de-Dilma-Rousseff-em-Sao-Paulo_0001.jpg","width":1366,"height":2048,"caption":"S\u00e3o Paulo- SP- Brasil- 16\/12\/2015- Protesto contra o pedido de impeachment da presidente Dilma na Avenida Paulista em SP. Os manifestantes usam bandeiras e abriram uma faixa com a frase \u201cFora Cunha\u201d, pedindo a sa\u00edda do presidente da C\u00e2mara dos Deputados, Eduardo Cunha (PMDB)."},{"@type":"BreadcrumbList","@id":"https:\/\/www.pressenza.com\/es\/2016\/05\/integracion-de-america-latina-y-el-caribe-esta-amenazada\/#breadcrumb","itemListElement":[{"@type":"ListItem","position":1,"name":"Accueil","item":"https:\/\/www.pressenza.com\/es\/"},{"@type":"ListItem","position":2,"name":"La integraci\u00f3n de Am\u00e9rica Latina y el Caribe est\u00e1 amenazada"}]},{"@type":"WebSite","@id":"https:\/\/www.pressenza.com\/es\/#website","url":"https:\/\/www.pressenza.com\/es\/","name":"Pressenza","description":"International Press Agency","publisher":{"@id":"https:\/\/www.pressenza.com\/es\/#organization"},"potentialAction":[{"@type":"SearchAction","target":{"@type":"EntryPoint","urlTemplate":"https:\/\/www.pressenza.com\/es\/?s={search_term_string}"},"query-input":{"@type":"PropertyValueSpecification","valueRequired":true,"valueName":"search_term_string"}}],"inLanguage":"es"},{"@type":"Organization","@id":"https:\/\/www.pressenza.com\/es\/#organization","name":"Pressenza","url":"https:\/\/www.pressenza.com\/es\/","logo":{"@type":"ImageObject","inLanguage":"es","@id":"https:\/\/www.pressenza.com\/es\/#\/schema\/logo\/image\/","url":"https:\/\/www.pressenza.com\/wp-content\/uploads\/2022\/10\/pressenza_logo_200x200.jpg","contentUrl":"https:\/\/www.pressenza.com\/wp-content\/uploads\/2022\/10\/pressenza_logo_200x200.jpg","width":200,"height":200,"caption":"Pressenza"},"image":{"@id":"https:\/\/www.pressenza.com\/es\/#\/schema\/logo\/image\/"},"sameAs":["https:\/\/www.facebook.com\/PressenzaItalia","https:\/\/x.com\/PressenzaIPA"]},{"@type":"Person","@id":"https:\/\/www.pressenza.com\/es\/#\/schema\/person\/0dda7d1b68267ad95b1e1d83abc98c89","name":"Redacci\u00f3n Argentina","description":"News from the Pressenza Bureau in Argentina.","sameAs":["https:\/\/x.com\/pressenza"],"url":"https:\/\/www.pressenza.com\/es\/author\/redaccion-argentina\/"}]}},"place":"C\u00f3rdoba, Argentina","original_article_url":"","_links":{"self":[{"href":"https:\/\/www.pressenza.com\/es\/wp-json\/wp\/v2\/posts\/322079","targetHints":{"allow":["GET"]}}],"collection":[{"href":"https:\/\/www.pressenza.com\/es\/wp-json\/wp\/v2\/posts"}],"about":[{"href":"https:\/\/www.pressenza.com\/es\/wp-json\/wp\/v2\/types\/post"}],"author":[{"embeddable":true,"href":"https:\/\/www.pressenza.com\/es\/wp-json\/wp\/v2\/users\/87"}],"replies":[{"embeddable":true,"href":"https:\/\/www.pressenza.com\/es\/wp-json\/wp\/v2\/comments?post=322079"}],"version-history":[{"count":0,"href":"https:\/\/www.pressenza.com\/es\/wp-json\/wp\/v2\/posts\/322079\/revisions"}],"wp:featuredmedia":[{"embeddable":true,"href":"https:\/\/www.pressenza.com\/es\/wp-json\/wp\/v2\/media\/259262"}],"wp:attachment":[{"href":"https:\/\/www.pressenza.com\/es\/wp-json\/wp\/v2\/media?parent=322079"}],"wp:term":[{"taxonomy":"category","embeddable":true,"href":"https:\/\/www.pressenza.com\/es\/wp-json\/wp\/v2\/categories?post=322079"},{"taxonomy":"post_tag","embeddable":true,"href":"https:\/\/www.pressenza.com\/es\/wp-json\/wp\/v2\/tags?post=322079"}],"curies":[{"name":"wp","href":"https:\/\/api.w.org\/{rel}","templated":true}]}}