{"id":321850,"date":"2016-05-25T21:29:04","date_gmt":"2016-05-25T20:29:04","guid":{"rendered":"http:\/\/www.pressenza.com\/es\/?p=321850"},"modified":"2016-05-26T03:59:02","modified_gmt":"2016-05-26T02:59:02","slug":"banksy-150-veces-roma","status":"publish","type":"post","link":"https:\/\/www.pressenza.com\/es\/2016\/05\/banksy-150-veces-roma\/","title":{"rendered":"Banksy, 150 veces en Roma"},"content":{"rendered":"<div class=\"subtitle bkn mce sk2\">\n<p><em>La capital italia acoge desde el 23 de mayo al 4 de septiembre una colecci\u00f3n de uno de los artistas m\u00e1s pol\u00e9micos de los \u00faltimos tiempos.<\/em><\/p>\n<p><em>Las obras obras han sido cedidas por coleccionistas privados. Es la m\u00e1s grande nunca hecha.<\/em><\/p>\n<div id=\"edi-body\" class=\"mce-body mce no-sticky-adv-socios\">\n<p class=\"mce\">\u00abGuerra, capitalismo y libertad\u00bb son los conceptos en torno a los que gira la exposici\u00f3n que, con ese t\u00edtulo y sobre el artista urbano Banksy, se present\u00f3 el martes en Roma con casi 150 obras, la mayor exhibici\u00f3n del autor vista en un museo. Muchas de las piezas no hab\u00edan sido expuestas nunca antes. Hay<span class=\"mce\"> \u00a0pinturas, esculturas y, sobre todo, plantillas, que son la t\u00e9cnica predilecta del artista, como si fueran los negativos de sus obras m\u00e1s populares, las que acostumbra a pintar en los muros de todo el mundo.<\/span><\/p>\n<p class=\"mce\">\u00abEs la primera vez que tantas obras de este personaje, considerado el m\u00e1ximo exponente del arte urbano, se exponen en un museo\u00bb dicen los organizadores. La muestra, situada en la Fondazione Roma, estar\u00e1 en la capital italiana hasta el pr\u00f3ximo 4 de septiembre.<\/p>\n<p class=\"mce\">Haciendo honor al t\u00edtulo, la exposici\u00f3n se divide en tres materias: guerra, capitalismo y libertad. \u00abSon los temas a los que hace referencia la mayor parte de la obra de Banksy\u00bb, dijo el comisario de la muestra, Stefano Antonelli. \u00abSon tres pilares de nuestra sociedad que han entrado en una fase muy contradictoria, nos hemos dado cuenta nosotros y antes se la dio el artista\u00bb, a\u00f1adi\u00f3. \u00abNos hacemos llamar el mundo libre y es posible que seamos las personas m\u00e1s controladas de la historia de la Humanidad (&#8230;), repudiamos la guerra y nuestras tropas est\u00e1n en el campo desde hace a\u00f1os y el capitalismo ha adquirido una acepci\u00f3n negativa\u00bb, continu\u00f3 diciendo Antonelli.<\/p>\n<div class=\"inset cf width643\">\n<div class=\"media-holder\">\n<div class=\"mg \"><img loading=\"lazy\" decoding=\"async\" src=\"http:\/\/images.eldiario.es\/cultura\/Roma-expone-muestra-artista-Banksy_EDIIMA20160523_0564_18.jpg\" alt=\"Roma expone la mayor muestra del artista urbano Banksy\" width=\"643\" height=\"317\" \/><\/div>\n<div class=\"caption-inside\">\n<p><em>Roma expone la mayor muestra del artista urbano Banksy <span class=\"font\">EFE<\/span><\/em><\/p>\n<\/div>\n<\/div>\n<\/div>\n<h3><em class=\"mce\"> Pest Control<\/em><\/h3>\n<p class=\"mce\">A la muestra se accede desde la sala dedicada al capitalismo y a partir de ah\u00ed el p\u00fablico decide si visitar despu\u00e9s \u00abla guerra\u00bb o \u00abla libertad\u00bb. No hay un recorrido establecido. En la exhibici\u00f3n se pueden ver algunas de las obras m\u00e1s populares del artista urbano, desde la ni\u00f1a con el globo en forma de coraz\u00f3n a los retratos de la modelo brit\u00e1nica Kate Moss, al estilo de la obra de Andy Warhol con Marilyn Monroe como protagonista.<\/p>\n<p class=\"mce\">Tambi\u00e9n est\u00e1n sus obras m\u00e1s controvertidas y cr\u00edticas, como <a class=\"mce\" href=\"https:\/\/fotosbelicas.files.wordpress.com\/2014\/06\/burn.jpg\"> la ni\u00f1a vietnamita quemada por napalm de una hist\u00f3rica fotograf\u00eda de Nick Ut<\/a>, acompa\u00f1ada por dos s\u00edmbolos de la cultura estadounidense: Mickey Mouse y el payaso Ronald McDonald. Destaca tambi\u00e9n la plantilla de su conocido mural del manifestante lanzando un ramo de flores o la serigraf\u00eda del mono que dice \u00abLaugh Now but one Day I&#8217;ll Be in Charge\u00bb (\u00abRe\u00edd ahora, pero un d\u00eda yo estar\u00e9 al mando\u00bb).<\/p>\n<p class=\"mce\">Son muestras del sarcasmo y la iron\u00eda que desprenden las creaciones del controvertido Banksy; \u00ablo que dice es extremadamente simple, pero extremadamente cierto\u00bb, asegur\u00f3 Antonelli. \u00abLa guerra es algo err\u00f3neo, el capitalismo sin \u00e1rbitros crea da\u00f1os y la libertad no es como la hab\u00edamos imaginado\u00bb, a\u00f1adi\u00f3 el comisario. Todas las piezas proceden de coleccionistas privados de todo el mundo y reunirlas ha necesitado un trabajo de preparaci\u00f3n de dos a\u00f1os, ya que \u00abno hay obras de Banksy en ning\u00fan museo ni tampoco un elenco de propietarios\u00bb, explic\u00f3 Antonelli.<\/p>\n<p class=\"mce\">La autenticidad de los trabajos est\u00e1 garantizada por un sistema llamado <em class=\"mce\"> Pest Control<\/em> (control de plagas, en espa\u00f1ol) que el propio Banksy ide\u00f3 para verificar sus obras. Entre las piezas de la exposici\u00f3n no hay ninguna arrancada de los muros, como ha sucedido en otras ocasiones: \u00abNo hab\u00eda ninguna necesidad, cualquiera puede verlas, al museo hemos tra\u00eddo obras que ninguno habr\u00eda podido ver\u00bb, dijo el comisario.<\/p>\n<div class=\"inset cf width643\">\n<div class=\"media-holder\">\n<div class=\"mg \"><img loading=\"lazy\" decoding=\"async\" src=\"http:\/\/images.eldiario.es\/cultura\/Roma-acogera-exposicion-artista-Banksy_EDIIMA20160506_0697_18.jpg\" alt=\"Roma acoger\u00e1 una gran exposici\u00f3n sobre el artista urbano Banksy\" width=\"643\" height=\"317\" \/><\/div>\n<div class=\"caption-inside\">\n<p><em>Roma acoger\u00e1 una gran exposici\u00f3n sobre el artista urbano Banksy <span class=\"font\">EFE<\/span><\/em><\/p>\n<\/div>\n<\/div>\n<\/div>\n<h3>Compromiso an\u00f3nimo<\/h3>\n<p class=\"mce\">Sus mensajes contundentes y el misterio en torno a la figura del pseud\u00f3nimo Banksy, del que solo se conocen sus obras, a pesar de recientes estudios que afirman haber revelado su identidad, han convertido sus creaciones en piezas de colecci\u00f3n. Ese anonimato y su inconformismo hacen que sea dif\u00edcil catalogar a un artista como Banksy, que comenz\u00f3 a darse a conocer en Bristol en la d\u00e9cada de los ochenta del siglo XX y ahora goza de repercusi\u00f3n planetaria.<\/p>\n<p class=\"mce\">Para muchos tambi\u00e9n es un activista y para el comisario de la muestra, \u00abla verdadera fuerza del artista\u00bb radica en haber alcanzado al gran p\u00fablico con temas cargados de cr\u00edtica pol\u00edtica y social a nivel internacional. \u00abA trav\u00e9s de sus im\u00e1genes ha buscado y conseguido impactar en el imaginario colectivo, con una capacidad de s\u00edntesis incre\u00edble ha llegado a las personas, algo que ha conseguido incluyendo su propia visi\u00f3n del mundo\u00bb, estim\u00f3.<\/p>\n<p class=\"mce\">Banksy es conocido por su compromiso social. En septiembre del a\u00f1o pasado mont\u00f3 un parque de atracciones en Bristol, cerca de su localidad natal, <a class=\"mce\" href=\"http:\/\/www.eldiario.es\/cultura\/fenomenos\/Banksy-desmonta-Dismaland-lleva-Francia_0_435706553.html\"> que llevaba por t\u00edtulo Dismaland<\/a>. All\u00ed denunciaba el trato que los refugiados sufr\u00edan en los campos de acogida, as\u00ed como las lamentables condiciones sanitarias e higi\u00e9nicas de los mismos. Dismaland dur\u00f3 apenas un mes. Despu\u00e9s de ese tiempo llev\u00f3 los restos del parque a <em class=\"mce\"> Jungle,<\/em><em class=\"mce\"> el campo de refugiados de Calais<\/em> (Francia), que emple\u00f3 en fabricar refugios.<\/p>\n<\/div>\n<\/div>\n","protected":false},"excerpt":{"rendered":"<p>La capital italia acoge desde el 23 de mayo al 4 de septiembre una colecci\u00f3n de uno de los artistas m\u00e1s pol\u00e9micos de los \u00faltimos tiempos. Las obras obras han sido cedidas por coleccionistas privados. Es la m\u00e1s grande nunca&hellip;<\/p>\n","protected":false},"author":1170,"featured_media":321851,"comment_status":"closed","ping_status":"closed","sticky":false,"template":"","format":"standard","meta":{"footnotes":""},"categories":[75,66],"tags":[27413,336,19885,3672],"class_list":["post-321850","post","type-post","status-publish","format-standard","has-post-thumbnail","hentry","category-cultura-es","category-europa-es","tag-banksy","tag-cultura-2","tag-exposicion","tag-italia-es"],"yoast_head":"<!-- This site is optimized with the Yoast SEO plugin v27.1.1 - https:\/\/yoast.com\/product\/yoast-seo-wordpress\/ -->\n<title>Banksy, 150 veces en Roma<\/title>\n<meta name=\"description\" content=\"La capital italia acoge desde el 23 de mayo al 4 de septiembre una colecci\u00f3n de uno de los artistas m\u00e1s pol\u00e9micos de los \u00faltimos tiempos. Las obras obras\" \/>\n<meta name=\"robots\" content=\"index, follow, max-snippet:-1, max-image-preview:large, max-video-preview:-1\" \/>\n<link rel=\"canonical\" href=\"https:\/\/www.pressenza.com\/es\/2016\/05\/banksy-150-veces-roma\/\" \/>\n<meta property=\"og:locale\" content=\"es_ES\" \/>\n<meta property=\"og:type\" content=\"article\" \/>\n<meta property=\"og:title\" content=\"Banksy, 150 veces en Roma\" \/>\n<meta property=\"og:description\" content=\"La capital italia acoge desde el 23 de mayo al 4 de septiembre una colecci\u00f3n de uno de los artistas m\u00e1s pol\u00e9micos de los \u00faltimos tiempos. Las obras obras\" \/>\n<meta property=\"og:url\" content=\"https:\/\/www.pressenza.com\/es\/2016\/05\/banksy-150-veces-roma\/\" \/>\n<meta property=\"og:site_name\" content=\"Pressenza\" \/>\n<meta property=\"article:publisher\" content=\"https:\/\/www.facebook.com\/PressenzaItalia\" \/>\n<meta property=\"article:published_time\" content=\"2016-05-25T20:29:04+00:00\" \/>\n<meta property=\"article:modified_time\" content=\"2016-05-26T02:59:02+00:00\" \/>\n<meta property=\"og:image\" content=\"https:\/\/www.pressenza.com\/wp-content\/uploads\/2016\/05\/centenar-obras-Banksy-exposicion-Munich_EDIIMA20160414_0744_19.jpg\" \/>\n\t<meta property=\"og:image:width\" content=\"643\" \/>\n\t<meta property=\"og:image:height\" content=\"428\" \/>\n\t<meta property=\"og:image:type\" content=\"image\/jpeg\" \/>\n<meta name=\"author\" content=\"eldiario.es\" \/>\n<meta name=\"twitter:card\" content=\"summary_large_image\" \/>\n<meta name=\"twitter:creator\" content=\"@PressenzaIPA\" \/>\n<meta name=\"twitter:site\" content=\"@PressenzaIPA\" \/>\n<meta name=\"twitter:label1\" content=\"Escrito por\" \/>\n\t<meta name=\"twitter:data1\" content=\"eldiario.es\" \/>\n\t<meta name=\"twitter:label2\" content=\"Tiempo de lectura\" \/>\n\t<meta name=\"twitter:data2\" content=\"5 minutos\" \/>\n<script type=\"application\/ld+json\" class=\"yoast-schema-graph\">{\"@context\":\"https:\/\/schema.org\",\"@graph\":[{\"@type\":\"Article\",\"@id\":\"https:\/\/www.pressenza.com\/es\/2016\/05\/banksy-150-veces-roma\/#article\",\"isPartOf\":{\"@id\":\"https:\/\/www.pressenza.com\/es\/2016\/05\/banksy-150-veces-roma\/\"},\"author\":{\"name\":\"eldiario.es\",\"@id\":\"https:\/\/www.pressenza.com\/es\/#\/schema\/person\/35221cfd7eeca947b184bfc91172e541\"},\"headline\":\"Banksy, 150 veces en Roma\",\"datePublished\":\"2016-05-25T20:29:04+00:00\",\"dateModified\":\"2016-05-26T02:59:02+00:00\",\"mainEntityOfPage\":{\"@id\":\"https:\/\/www.pressenza.com\/es\/2016\/05\/banksy-150-veces-roma\/\"},\"wordCount\":925,\"publisher\":{\"@id\":\"https:\/\/www.pressenza.com\/es\/#organization\"},\"image\":{\"@id\":\"https:\/\/www.pressenza.com\/es\/2016\/05\/banksy-150-veces-roma\/#primaryimage\"},\"thumbnailUrl\":\"https:\/\/www.pressenza.com\/wp-content\/uploads\/2016\/05\/centenar-obras-Banksy-exposicion-Munich_EDIIMA20160414_0744_19.jpg\",\"keywords\":[\"Banksy\",\"cultura\",\"Exposici\u00f3n\",\"Italia\"],\"articleSection\":[\"Cultura y Medios\",\"Europa\"],\"inLanguage\":\"es\"},{\"@type\":\"WebPage\",\"@id\":\"https:\/\/www.pressenza.com\/es\/2016\/05\/banksy-150-veces-roma\/\",\"url\":\"https:\/\/www.pressenza.com\/es\/2016\/05\/banksy-150-veces-roma\/\",\"name\":\"Banksy, 150 veces en Roma\",\"isPartOf\":{\"@id\":\"https:\/\/www.pressenza.com\/es\/#website\"},\"primaryImageOfPage\":{\"@id\":\"https:\/\/www.pressenza.com\/es\/2016\/05\/banksy-150-veces-roma\/#primaryimage\"},\"image\":{\"@id\":\"https:\/\/www.pressenza.com\/es\/2016\/05\/banksy-150-veces-roma\/#primaryimage\"},\"thumbnailUrl\":\"https:\/\/www.pressenza.com\/wp-content\/uploads\/2016\/05\/centenar-obras-Banksy-exposicion-Munich_EDIIMA20160414_0744_19.jpg\",\"datePublished\":\"2016-05-25T20:29:04+00:00\",\"dateModified\":\"2016-05-26T02:59:02+00:00\",\"description\":\"La capital italia acoge desde el 23 de mayo al 4 de septiembre una colecci\u00f3n de uno de los artistas m\u00e1s pol\u00e9micos de los \u00faltimos tiempos. Las obras obras\",\"breadcrumb\":{\"@id\":\"https:\/\/www.pressenza.com\/es\/2016\/05\/banksy-150-veces-roma\/#breadcrumb\"},\"inLanguage\":\"es\",\"potentialAction\":[{\"@type\":\"ReadAction\",\"target\":[\"https:\/\/www.pressenza.com\/es\/2016\/05\/banksy-150-veces-roma\/\"]}]},{\"@type\":\"ImageObject\",\"inLanguage\":\"es\",\"@id\":\"https:\/\/www.pressenza.com\/es\/2016\/05\/banksy-150-veces-roma\/#primaryimage\",\"url\":\"https:\/\/www.pressenza.com\/wp-content\/uploads\/2016\/05\/centenar-obras-Banksy-exposicion-Munich_EDIIMA20160414_0744_19.jpg\",\"contentUrl\":\"https:\/\/www.pressenza.com\/wp-content\/uploads\/2016\/05\/centenar-obras-Banksy-exposicion-Munich_EDIIMA20160414_0744_19.jpg\",\"width\":643,\"height\":428},{\"@type\":\"BreadcrumbList\",\"@id\":\"https:\/\/www.pressenza.com\/es\/2016\/05\/banksy-150-veces-roma\/#breadcrumb\",\"itemListElement\":[{\"@type\":\"ListItem\",\"position\":1,\"name\":\"Accueil\",\"item\":\"https:\/\/www.pressenza.com\/es\/\"},{\"@type\":\"ListItem\",\"position\":2,\"name\":\"Banksy, 150 veces en Roma\"}]},{\"@type\":\"WebSite\",\"@id\":\"https:\/\/www.pressenza.com\/es\/#website\",\"url\":\"https:\/\/www.pressenza.com\/es\/\",\"name\":\"Pressenza\",\"description\":\"International Press Agency\",\"publisher\":{\"@id\":\"https:\/\/www.pressenza.com\/es\/#organization\"},\"potentialAction\":[{\"@type\":\"SearchAction\",\"target\":{\"@type\":\"EntryPoint\",\"urlTemplate\":\"https:\/\/www.pressenza.com\/es\/?s={search_term_string}\"},\"query-input\":{\"@type\":\"PropertyValueSpecification\",\"valueRequired\":true,\"valueName\":\"search_term_string\"}}],\"inLanguage\":\"es\"},{\"@type\":\"Organization\",\"@id\":\"https:\/\/www.pressenza.com\/es\/#organization\",\"name\":\"Pressenza\",\"url\":\"https:\/\/www.pressenza.com\/es\/\",\"logo\":{\"@type\":\"ImageObject\",\"inLanguage\":\"es\",\"@id\":\"https:\/\/www.pressenza.com\/es\/#\/schema\/logo\/image\/\",\"url\":\"https:\/\/www.pressenza.com\/wp-content\/uploads\/2022\/10\/pressenza_logo_200x200.jpg\",\"contentUrl\":\"https:\/\/www.pressenza.com\/wp-content\/uploads\/2022\/10\/pressenza_logo_200x200.jpg\",\"width\":200,\"height\":200,\"caption\":\"Pressenza\"},\"image\":{\"@id\":\"https:\/\/www.pressenza.com\/es\/#\/schema\/logo\/image\/\"},\"sameAs\":[\"https:\/\/www.facebook.com\/PressenzaItalia\",\"https:\/\/x.com\/PressenzaIPA\"]},{\"@type\":\"Person\",\"@id\":\"https:\/\/www.pressenza.com\/es\/#\/schema\/person\/35221cfd7eeca947b184bfc91172e541\",\"name\":\"eldiario.es\",\"description\":\"eldiario.es is a new digital media with information and analysis focussing on politics and economics in its broadest sense: what affects people more than parties or markets. eldiario.es\",\"url\":\"https:\/\/www.pressenza.com\/es\/author\/eldiario-es\/\"}]}<\/script>\n<!-- \/ Yoast SEO plugin. -->","yoast_head_json":{"title":"Banksy, 150 veces en Roma","description":"La capital italia acoge desde el 23 de mayo al 4 de septiembre una colecci\u00f3n de uno de los artistas m\u00e1s pol\u00e9micos de los \u00faltimos tiempos. Las obras obras","robots":{"index":"index","follow":"follow","max-snippet":"max-snippet:-1","max-image-preview":"max-image-preview:large","max-video-preview":"max-video-preview:-1"},"canonical":"https:\/\/www.pressenza.com\/es\/2016\/05\/banksy-150-veces-roma\/","og_locale":"es_ES","og_type":"article","og_title":"Banksy, 150 veces en Roma","og_description":"La capital italia acoge desde el 23 de mayo al 4 de septiembre una colecci\u00f3n de uno de los artistas m\u00e1s pol\u00e9micos de los \u00faltimos tiempos. Las obras obras","og_url":"https:\/\/www.pressenza.com\/es\/2016\/05\/banksy-150-veces-roma\/","og_site_name":"Pressenza","article_publisher":"https:\/\/www.facebook.com\/PressenzaItalia","article_published_time":"2016-05-25T20:29:04+00:00","article_modified_time":"2016-05-26T02:59:02+00:00","og_image":[{"width":643,"height":428,"url":"https:\/\/www.pressenza.com\/wp-content\/uploads\/2016\/05\/centenar-obras-Banksy-exposicion-Munich_EDIIMA20160414_0744_19.jpg","type":"image\/jpeg"}],"author":"eldiario.es","twitter_card":"summary_large_image","twitter_creator":"@PressenzaIPA","twitter_site":"@PressenzaIPA","twitter_misc":{"Escrito por":"eldiario.es","Tiempo de lectura":"5 minutos"},"schema":{"@context":"https:\/\/schema.org","@graph":[{"@type":"Article","@id":"https:\/\/www.pressenza.com\/es\/2016\/05\/banksy-150-veces-roma\/#article","isPartOf":{"@id":"https:\/\/www.pressenza.com\/es\/2016\/05\/banksy-150-veces-roma\/"},"author":{"name":"eldiario.es","@id":"https:\/\/www.pressenza.com\/es\/#\/schema\/person\/35221cfd7eeca947b184bfc91172e541"},"headline":"Banksy, 150 veces en Roma","datePublished":"2016-05-25T20:29:04+00:00","dateModified":"2016-05-26T02:59:02+00:00","mainEntityOfPage":{"@id":"https:\/\/www.pressenza.com\/es\/2016\/05\/banksy-150-veces-roma\/"},"wordCount":925,"publisher":{"@id":"https:\/\/www.pressenza.com\/es\/#organization"},"image":{"@id":"https:\/\/www.pressenza.com\/es\/2016\/05\/banksy-150-veces-roma\/#primaryimage"},"thumbnailUrl":"https:\/\/www.pressenza.com\/wp-content\/uploads\/2016\/05\/centenar-obras-Banksy-exposicion-Munich_EDIIMA20160414_0744_19.jpg","keywords":["Banksy","cultura","Exposici\u00f3n","Italia"],"articleSection":["Cultura y Medios","Europa"],"inLanguage":"es"},{"@type":"WebPage","@id":"https:\/\/www.pressenza.com\/es\/2016\/05\/banksy-150-veces-roma\/","url":"https:\/\/www.pressenza.com\/es\/2016\/05\/banksy-150-veces-roma\/","name":"Banksy, 150 veces en Roma","isPartOf":{"@id":"https:\/\/www.pressenza.com\/es\/#website"},"primaryImageOfPage":{"@id":"https:\/\/www.pressenza.com\/es\/2016\/05\/banksy-150-veces-roma\/#primaryimage"},"image":{"@id":"https:\/\/www.pressenza.com\/es\/2016\/05\/banksy-150-veces-roma\/#primaryimage"},"thumbnailUrl":"https:\/\/www.pressenza.com\/wp-content\/uploads\/2016\/05\/centenar-obras-Banksy-exposicion-Munich_EDIIMA20160414_0744_19.jpg","datePublished":"2016-05-25T20:29:04+00:00","dateModified":"2016-05-26T02:59:02+00:00","description":"La capital italia acoge desde el 23 de mayo al 4 de septiembre una colecci\u00f3n de uno de los artistas m\u00e1s pol\u00e9micos de los \u00faltimos tiempos. Las obras obras","breadcrumb":{"@id":"https:\/\/www.pressenza.com\/es\/2016\/05\/banksy-150-veces-roma\/#breadcrumb"},"inLanguage":"es","potentialAction":[{"@type":"ReadAction","target":["https:\/\/www.pressenza.com\/es\/2016\/05\/banksy-150-veces-roma\/"]}]},{"@type":"ImageObject","inLanguage":"es","@id":"https:\/\/www.pressenza.com\/es\/2016\/05\/banksy-150-veces-roma\/#primaryimage","url":"https:\/\/www.pressenza.com\/wp-content\/uploads\/2016\/05\/centenar-obras-Banksy-exposicion-Munich_EDIIMA20160414_0744_19.jpg","contentUrl":"https:\/\/www.pressenza.com\/wp-content\/uploads\/2016\/05\/centenar-obras-Banksy-exposicion-Munich_EDIIMA20160414_0744_19.jpg","width":643,"height":428},{"@type":"BreadcrumbList","@id":"https:\/\/www.pressenza.com\/es\/2016\/05\/banksy-150-veces-roma\/#breadcrumb","itemListElement":[{"@type":"ListItem","position":1,"name":"Accueil","item":"https:\/\/www.pressenza.com\/es\/"},{"@type":"ListItem","position":2,"name":"Banksy, 150 veces en Roma"}]},{"@type":"WebSite","@id":"https:\/\/www.pressenza.com\/es\/#website","url":"https:\/\/www.pressenza.com\/es\/","name":"Pressenza","description":"International Press Agency","publisher":{"@id":"https:\/\/www.pressenza.com\/es\/#organization"},"potentialAction":[{"@type":"SearchAction","target":{"@type":"EntryPoint","urlTemplate":"https:\/\/www.pressenza.com\/es\/?s={search_term_string}"},"query-input":{"@type":"PropertyValueSpecification","valueRequired":true,"valueName":"search_term_string"}}],"inLanguage":"es"},{"@type":"Organization","@id":"https:\/\/www.pressenza.com\/es\/#organization","name":"Pressenza","url":"https:\/\/www.pressenza.com\/es\/","logo":{"@type":"ImageObject","inLanguage":"es","@id":"https:\/\/www.pressenza.com\/es\/#\/schema\/logo\/image\/","url":"https:\/\/www.pressenza.com\/wp-content\/uploads\/2022\/10\/pressenza_logo_200x200.jpg","contentUrl":"https:\/\/www.pressenza.com\/wp-content\/uploads\/2022\/10\/pressenza_logo_200x200.jpg","width":200,"height":200,"caption":"Pressenza"},"image":{"@id":"https:\/\/www.pressenza.com\/es\/#\/schema\/logo\/image\/"},"sameAs":["https:\/\/www.facebook.com\/PressenzaItalia","https:\/\/x.com\/PressenzaIPA"]},{"@type":"Person","@id":"https:\/\/www.pressenza.com\/es\/#\/schema\/person\/35221cfd7eeca947b184bfc91172e541","name":"eldiario.es","description":"eldiario.es is a new digital media with information and analysis focussing on politics and economics in its broadest sense: what affects people more than parties or markets. eldiario.es","url":"https:\/\/www.pressenza.com\/es\/author\/eldiario-es\/"}]}},"place":"Roma, Italia","original_article_url":"http:\/\/www.eldiario.es\/cultura\/Roma-expone-muestra-artista-Banksy_0_518998856.html","_links":{"self":[{"href":"https:\/\/www.pressenza.com\/es\/wp-json\/wp\/v2\/posts\/321850","targetHints":{"allow":["GET"]}}],"collection":[{"href":"https:\/\/www.pressenza.com\/es\/wp-json\/wp\/v2\/posts"}],"about":[{"href":"https:\/\/www.pressenza.com\/es\/wp-json\/wp\/v2\/types\/post"}],"author":[{"embeddable":true,"href":"https:\/\/www.pressenza.com\/es\/wp-json\/wp\/v2\/users\/1170"}],"replies":[{"embeddable":true,"href":"https:\/\/www.pressenza.com\/es\/wp-json\/wp\/v2\/comments?post=321850"}],"version-history":[{"count":0,"href":"https:\/\/www.pressenza.com\/es\/wp-json\/wp\/v2\/posts\/321850\/revisions"}],"wp:featuredmedia":[{"embeddable":true,"href":"https:\/\/www.pressenza.com\/es\/wp-json\/wp\/v2\/media\/321851"}],"wp:attachment":[{"href":"https:\/\/www.pressenza.com\/es\/wp-json\/wp\/v2\/media?parent=321850"}],"wp:term":[{"taxonomy":"category","embeddable":true,"href":"https:\/\/www.pressenza.com\/es\/wp-json\/wp\/v2\/categories?post=321850"},{"taxonomy":"post_tag","embeddable":true,"href":"https:\/\/www.pressenza.com\/es\/wp-json\/wp\/v2\/tags?post=321850"}],"curies":[{"name":"wp","href":"https:\/\/api.w.org\/{rel}","templated":true}]}}