{"id":32094,"date":"2013-01-07T14:52:27","date_gmt":"2013-01-07T14:52:27","guid":{"rendered":"http:\/\/www.pressenza.com\/?p=32094"},"modified":"2013-01-08T13:16:55","modified_gmt":"2013-01-08T13:16:55","slug":"documental-vivas-voces-la-historia-de-la-agrupacion-de-familiares-de-detenidos-desaparecidos-de-chile-afdd","status":"publish","type":"post","link":"https:\/\/www.pressenza.com\/es\/2013\/01\/documental-vivas-voces-la-historia-de-la-agrupacion-de-familiares-de-detenidos-desaparecidos-de-chile-afdd\/","title":{"rendered":"Documental Vivas Voces: La historia de la Agrupaci\u00f3n de Familiares de Detenidos Desaparecidos de Chile (AFDD)"},"content":{"rendered":"<p>\u201cLas viejas de la agrupaci\u00f3n somos las relatoras de este trabajo que exhibe nuestra historia de<br \/>\nlucha desde los primeros d\u00edas posteriores al golpe de estado del 73, &#8211; relata Gabriela Z\u00fa\u00f1iga de<br \/>\nla AFDD &#8211; son 40 a\u00f1os de incesante b\u00fasqueda de nuestros seres queridos\u201d.<\/p>\n<p>Vivas voces se titula el trabajo realizado y dirigido por Mauricio Hartard, con m\u00e1s de un a\u00f1o<br \/>\nde esfuerzo y dedicaci\u00f3n, el audiovisual vio la luz gracias a los aportes de la instituci\u00f3n de<br \/>\nsalud mental CINTRAS y La Comunidad Econ\u00f3mica Europea, recorre los hitos que marcan las<br \/>\nvivencias de estas mujeres a trav\u00e9s de las primeras b\u00fasquedas en el estadio nacional, el caso<br \/>\nde los 119, la detenci\u00f3n de Pinochet en Londres, en definitiva el testimonio de toda una vida.<\/p>\n<p>La hist\u00f3rica organizaci\u00f3n chilena de derechos humanos extiende la invitaci\u00f3n al estreno de<br \/>\neste material audiovisual, la cual se realizar\u00e1 este martes 8 de enero a las 19:00 hrs en el<br \/>\nauditorio del Museo de la Memoria y los Derechos Humanos, ubicado en Av. Matucana N\u00ba<br \/>\n501, metro estaci\u00f3n Quinta Normal de Santiago.<\/p>\n<p>El trabajo ser\u00e1 comentado por la presidenta de la agrupaci\u00f3n Lorena Pizarro y el director del<br \/>\nMuseo Ricardo Brodsky.<\/p>\n","protected":false},"excerpt":{"rendered":"<p>\u201cLas viejas de la agrupaci\u00f3n somos las relatoras de este trabajo que exhibe nuestra historia de lucha desde los primeros d\u00edas posteriores al golpe de estado del 73, &#8211; relata Gabriela Z\u00fa\u00f1iga de la AFDD &#8211; son 40 a\u00f1os de&hellip;<\/p>\n","protected":false},"author":879,"featured_media":32099,"comment_status":"closed","ping_status":"open","sticky":false,"template":"","format":"standard","meta":{"footnotes":""},"categories":[79,67],"tags":[441],"class_list":["post-32094","post","type-post","status-publish","format-standard","has-post-thumbnail","hentry","category-derechos-humanos","category-sudamerica","tag-derechos-humanos"],"yoast_head":"<!-- This site is optimized with the Yoast SEO plugin v27.1.1 - https:\/\/yoast.com\/product\/yoast-seo-wordpress\/ -->\n<title>Documental Vivas Voces: La historia de la Agrupaci\u00f3n de Familiares de Detenidos Desaparecidos de Chile (AFDD)<\/title>\n<meta name=\"description\" content=\"\u201cLas viejas de la agrupaci\u00f3n somos las relatoras de este trabajo que exhibe nuestra historia de lucha desde los primeros d\u00edas posteriores al golpe de\" \/>\n<meta name=\"robots\" content=\"index, follow, max-snippet:-1, max-image-preview:large, max-video-preview:-1\" \/>\n<link rel=\"canonical\" href=\"https:\/\/www.pressenza.com\/es\/2013\/01\/documental-vivas-voces-la-historia-de-la-agrupacion-de-familiares-de-detenidos-desaparecidos-de-chile-afdd\/\" \/>\n<meta property=\"og:locale\" content=\"es_ES\" \/>\n<meta property=\"og:type\" content=\"article\" \/>\n<meta property=\"og:title\" content=\"Documental Vivas Voces: La historia de la Agrupaci\u00f3n de Familiares de Detenidos Desaparecidos de Chile (AFDD)\" \/>\n<meta property=\"og:description\" content=\"\u201cLas viejas de la agrupaci\u00f3n somos las relatoras de este trabajo que exhibe nuestra historia de lucha desde los primeros d\u00edas posteriores al golpe de\" \/>\n<meta property=\"og:url\" content=\"https:\/\/www.pressenza.com\/es\/2013\/01\/documental-vivas-voces-la-historia-de-la-agrupacion-de-familiares-de-detenidos-desaparecidos-de-chile-afdd\/\" \/>\n<meta property=\"og:site_name\" content=\"Pressenza\" \/>\n<meta property=\"article:publisher\" content=\"https:\/\/www.facebook.com\/PressenzaItalia\" \/>\n<meta property=\"article:published_time\" content=\"2013-01-07T14:52:27+00:00\" \/>\n<meta property=\"article:modified_time\" content=\"2013-01-08T13:16:55+00:00\" \/>\n<meta property=\"og:image\" content=\"https:\/\/www.pressenza.com\/wp-content\/uploads\/2013\/01\/mail.google.com_1.png\" \/>\n\t<meta property=\"og:image:width\" content=\"226\" \/>\n\t<meta property=\"og:image:height\" content=\"147\" \/>\n\t<meta property=\"og:image:type\" content=\"image\/png\" \/>\n<meta name=\"author\" content=\"Juan Carlos Cartagena\" \/>\n<meta name=\"twitter:card\" content=\"summary_large_image\" \/>\n<meta name=\"twitter:creator\" content=\"@PressenzaIPA\" \/>\n<meta name=\"twitter:site\" content=\"@PressenzaIPA\" \/>\n<meta name=\"twitter:label1\" content=\"Escrito por\" \/>\n\t<meta name=\"twitter:data1\" content=\"Juan Carlos Cartagena\" \/>\n\t<meta name=\"twitter:label2\" content=\"Tiempo de lectura\" \/>\n\t<meta name=\"twitter:data2\" content=\"1 minuto\" \/>\n<script type=\"application\/ld+json\" class=\"yoast-schema-graph\">{\"@context\":\"https:\/\/schema.org\",\"@graph\":[{\"@type\":\"Article\",\"@id\":\"https:\/\/www.pressenza.com\/es\/2013\/01\/documental-vivas-voces-la-historia-de-la-agrupacion-de-familiares-de-detenidos-desaparecidos-de-chile-afdd\/#article\",\"isPartOf\":{\"@id\":\"https:\/\/www.pressenza.com\/es\/2013\/01\/documental-vivas-voces-la-historia-de-la-agrupacion-de-familiares-de-detenidos-desaparecidos-de-chile-afdd\/\"},\"author\":{\"name\":\"Juan Carlos Cartagena\",\"@id\":\"https:\/\/www.pressenza.com\/es\/#\/schema\/person\/6fb329c5ac40eb86f5a4a46692a9a3f0\"},\"headline\":\"Documental Vivas Voces: La historia de la Agrupaci\u00f3n de Familiares de Detenidos Desaparecidos de Chile (AFDD)\",\"datePublished\":\"2013-01-07T14:52:27+00:00\",\"dateModified\":\"2013-01-08T13:16:55+00:00\",\"mainEntityOfPage\":{\"@id\":\"https:\/\/www.pressenza.com\/es\/2013\/01\/documental-vivas-voces-la-historia-de-la-agrupacion-de-familiares-de-detenidos-desaparecidos-de-chile-afdd\/\"},\"wordCount\":228,\"publisher\":{\"@id\":\"https:\/\/www.pressenza.com\/es\/#organization\"},\"image\":{\"@id\":\"https:\/\/www.pressenza.com\/es\/2013\/01\/documental-vivas-voces-la-historia-de-la-agrupacion-de-familiares-de-detenidos-desaparecidos-de-chile-afdd\/#primaryimage\"},\"thumbnailUrl\":\"https:\/\/www.pressenza.com\/wp-content\/uploads\/2013\/01\/mail.google.com_1.png\",\"keywords\":[\"Derechos humanos\"],\"articleSection\":[\"Derechos Humanos\",\"Sudam\u00e9rica\"],\"inLanguage\":\"es\"},{\"@type\":\"WebPage\",\"@id\":\"https:\/\/www.pressenza.com\/es\/2013\/01\/documental-vivas-voces-la-historia-de-la-agrupacion-de-familiares-de-detenidos-desaparecidos-de-chile-afdd\/\",\"url\":\"https:\/\/www.pressenza.com\/es\/2013\/01\/documental-vivas-voces-la-historia-de-la-agrupacion-de-familiares-de-detenidos-desaparecidos-de-chile-afdd\/\",\"name\":\"Documental Vivas Voces: La historia de la Agrupaci\u00f3n de Familiares de Detenidos Desaparecidos de Chile (AFDD)\",\"isPartOf\":{\"@id\":\"https:\/\/www.pressenza.com\/es\/#website\"},\"primaryImageOfPage\":{\"@id\":\"https:\/\/www.pressenza.com\/es\/2013\/01\/documental-vivas-voces-la-historia-de-la-agrupacion-de-familiares-de-detenidos-desaparecidos-de-chile-afdd\/#primaryimage\"},\"image\":{\"@id\":\"https:\/\/www.pressenza.com\/es\/2013\/01\/documental-vivas-voces-la-historia-de-la-agrupacion-de-familiares-de-detenidos-desaparecidos-de-chile-afdd\/#primaryimage\"},\"thumbnailUrl\":\"https:\/\/www.pressenza.com\/wp-content\/uploads\/2013\/01\/mail.google.com_1.png\",\"datePublished\":\"2013-01-07T14:52:27+00:00\",\"dateModified\":\"2013-01-08T13:16:55+00:00\",\"description\":\"\u201cLas viejas de la agrupaci\u00f3n somos las relatoras de este trabajo que exhibe nuestra historia de lucha desde los primeros d\u00edas posteriores al golpe de\",\"breadcrumb\":{\"@id\":\"https:\/\/www.pressenza.com\/es\/2013\/01\/documental-vivas-voces-la-historia-de-la-agrupacion-de-familiares-de-detenidos-desaparecidos-de-chile-afdd\/#breadcrumb\"},\"inLanguage\":\"es\",\"potentialAction\":[{\"@type\":\"ReadAction\",\"target\":[\"https:\/\/www.pressenza.com\/es\/2013\/01\/documental-vivas-voces-la-historia-de-la-agrupacion-de-familiares-de-detenidos-desaparecidos-de-chile-afdd\/\"]}]},{\"@type\":\"ImageObject\",\"inLanguage\":\"es\",\"@id\":\"https:\/\/www.pressenza.com\/es\/2013\/01\/documental-vivas-voces-la-historia-de-la-agrupacion-de-familiares-de-detenidos-desaparecidos-de-chile-afdd\/#primaryimage\",\"url\":\"https:\/\/www.pressenza.com\/wp-content\/uploads\/2013\/01\/mail.google.com_1.png\",\"contentUrl\":\"https:\/\/www.pressenza.com\/wp-content\/uploads\/2013\/01\/mail.google.com_1.png\",\"width\":\"226\",\"height\":\"147\",\"caption\":\"AFDD\"},{\"@type\":\"BreadcrumbList\",\"@id\":\"https:\/\/www.pressenza.com\/es\/2013\/01\/documental-vivas-voces-la-historia-de-la-agrupacion-de-familiares-de-detenidos-desaparecidos-de-chile-afdd\/#breadcrumb\",\"itemListElement\":[{\"@type\":\"ListItem\",\"position\":1,\"name\":\"Accueil\",\"item\":\"https:\/\/www.pressenza.com\/es\/\"},{\"@type\":\"ListItem\",\"position\":2,\"name\":\"Documental Vivas Voces: La historia de la Agrupaci\u00f3n de Familiares de Detenidos Desaparecidos de Chile (AFDD)\"}]},{\"@type\":\"WebSite\",\"@id\":\"https:\/\/www.pressenza.com\/es\/#website\",\"url\":\"https:\/\/www.pressenza.com\/es\/\",\"name\":\"Pressenza\",\"description\":\"International Press Agency\",\"publisher\":{\"@id\":\"https:\/\/www.pressenza.com\/es\/#organization\"},\"potentialAction\":[{\"@type\":\"SearchAction\",\"target\":{\"@type\":\"EntryPoint\",\"urlTemplate\":\"https:\/\/www.pressenza.com\/es\/?s={search_term_string}\"},\"query-input\":{\"@type\":\"PropertyValueSpecification\",\"valueRequired\":true,\"valueName\":\"search_term_string\"}}],\"inLanguage\":\"es\"},{\"@type\":\"Organization\",\"@id\":\"https:\/\/www.pressenza.com\/es\/#organization\",\"name\":\"Pressenza\",\"url\":\"https:\/\/www.pressenza.com\/es\/\",\"logo\":{\"@type\":\"ImageObject\",\"inLanguage\":\"es\",\"@id\":\"https:\/\/www.pressenza.com\/es\/#\/schema\/logo\/image\/\",\"url\":\"https:\/\/www.pressenza.com\/wp-content\/uploads\/2022\/10\/pressenza_logo_200x200.jpg\",\"contentUrl\":\"https:\/\/www.pressenza.com\/wp-content\/uploads\/2022\/10\/pressenza_logo_200x200.jpg\",\"width\":200,\"height\":200,\"caption\":\"Pressenza\"},\"image\":{\"@id\":\"https:\/\/www.pressenza.com\/es\/#\/schema\/logo\/image\/\"},\"sameAs\":[\"https:\/\/www.facebook.com\/PressenzaItalia\",\"https:\/\/x.com\/PressenzaIPA\"]},{\"@type\":\"Person\",\"@id\":\"https:\/\/www.pressenza.com\/es\/#\/schema\/person\/6fb329c5ac40eb86f5a4a46692a9a3f0\",\"name\":\"Juan Carlos Cartagena\",\"description\":\"Juan Carlos Cartagena Pozo es Periodista Participa del Centro de Iniciativas Econ\u00f3micas (CIE) Municipalidad de Huechuraba\",\"url\":\"https:\/\/www.pressenza.com\/es\/author\/juan-carlos-cartagena\/\"}]}<\/script>\n<!-- \/ Yoast SEO plugin. -->","yoast_head_json":{"title":"Documental Vivas Voces: La historia de la Agrupaci\u00f3n de Familiares de Detenidos Desaparecidos de Chile (AFDD)","description":"\u201cLas viejas de la agrupaci\u00f3n somos las relatoras de este trabajo que exhibe nuestra historia de lucha desde los primeros d\u00edas posteriores al golpe de","robots":{"index":"index","follow":"follow","max-snippet":"max-snippet:-1","max-image-preview":"max-image-preview:large","max-video-preview":"max-video-preview:-1"},"canonical":"https:\/\/www.pressenza.com\/es\/2013\/01\/documental-vivas-voces-la-historia-de-la-agrupacion-de-familiares-de-detenidos-desaparecidos-de-chile-afdd\/","og_locale":"es_ES","og_type":"article","og_title":"Documental Vivas Voces: La historia de la Agrupaci\u00f3n de Familiares de Detenidos Desaparecidos de Chile (AFDD)","og_description":"\u201cLas viejas de la agrupaci\u00f3n somos las relatoras de este trabajo que exhibe nuestra historia de lucha desde los primeros d\u00edas posteriores al golpe de","og_url":"https:\/\/www.pressenza.com\/es\/2013\/01\/documental-vivas-voces-la-historia-de-la-agrupacion-de-familiares-de-detenidos-desaparecidos-de-chile-afdd\/","og_site_name":"Pressenza","article_publisher":"https:\/\/www.facebook.com\/PressenzaItalia","article_published_time":"2013-01-07T14:52:27+00:00","article_modified_time":"2013-01-08T13:16:55+00:00","og_image":[{"width":226,"height":147,"url":"https:\/\/www.pressenza.com\/wp-content\/uploads\/2013\/01\/mail.google.com_1.png","type":"image\/png"}],"author":"Juan Carlos Cartagena","twitter_card":"summary_large_image","twitter_creator":"@PressenzaIPA","twitter_site":"@PressenzaIPA","twitter_misc":{"Escrito por":"Juan Carlos Cartagena","Tiempo de lectura":"1 minuto"},"schema":{"@context":"https:\/\/schema.org","@graph":[{"@type":"Article","@id":"https:\/\/www.pressenza.com\/es\/2013\/01\/documental-vivas-voces-la-historia-de-la-agrupacion-de-familiares-de-detenidos-desaparecidos-de-chile-afdd\/#article","isPartOf":{"@id":"https:\/\/www.pressenza.com\/es\/2013\/01\/documental-vivas-voces-la-historia-de-la-agrupacion-de-familiares-de-detenidos-desaparecidos-de-chile-afdd\/"},"author":{"name":"Juan Carlos Cartagena","@id":"https:\/\/www.pressenza.com\/es\/#\/schema\/person\/6fb329c5ac40eb86f5a4a46692a9a3f0"},"headline":"Documental Vivas Voces: La historia de la Agrupaci\u00f3n de Familiares de Detenidos Desaparecidos de Chile (AFDD)","datePublished":"2013-01-07T14:52:27+00:00","dateModified":"2013-01-08T13:16:55+00:00","mainEntityOfPage":{"@id":"https:\/\/www.pressenza.com\/es\/2013\/01\/documental-vivas-voces-la-historia-de-la-agrupacion-de-familiares-de-detenidos-desaparecidos-de-chile-afdd\/"},"wordCount":228,"publisher":{"@id":"https:\/\/www.pressenza.com\/es\/#organization"},"image":{"@id":"https:\/\/www.pressenza.com\/es\/2013\/01\/documental-vivas-voces-la-historia-de-la-agrupacion-de-familiares-de-detenidos-desaparecidos-de-chile-afdd\/#primaryimage"},"thumbnailUrl":"https:\/\/www.pressenza.com\/wp-content\/uploads\/2013\/01\/mail.google.com_1.png","keywords":["Derechos humanos"],"articleSection":["Derechos Humanos","Sudam\u00e9rica"],"inLanguage":"es"},{"@type":"WebPage","@id":"https:\/\/www.pressenza.com\/es\/2013\/01\/documental-vivas-voces-la-historia-de-la-agrupacion-de-familiares-de-detenidos-desaparecidos-de-chile-afdd\/","url":"https:\/\/www.pressenza.com\/es\/2013\/01\/documental-vivas-voces-la-historia-de-la-agrupacion-de-familiares-de-detenidos-desaparecidos-de-chile-afdd\/","name":"Documental Vivas Voces: La historia de la Agrupaci\u00f3n de Familiares de Detenidos Desaparecidos de Chile (AFDD)","isPartOf":{"@id":"https:\/\/www.pressenza.com\/es\/#website"},"primaryImageOfPage":{"@id":"https:\/\/www.pressenza.com\/es\/2013\/01\/documental-vivas-voces-la-historia-de-la-agrupacion-de-familiares-de-detenidos-desaparecidos-de-chile-afdd\/#primaryimage"},"image":{"@id":"https:\/\/www.pressenza.com\/es\/2013\/01\/documental-vivas-voces-la-historia-de-la-agrupacion-de-familiares-de-detenidos-desaparecidos-de-chile-afdd\/#primaryimage"},"thumbnailUrl":"https:\/\/www.pressenza.com\/wp-content\/uploads\/2013\/01\/mail.google.com_1.png","datePublished":"2013-01-07T14:52:27+00:00","dateModified":"2013-01-08T13:16:55+00:00","description":"\u201cLas viejas de la agrupaci\u00f3n somos las relatoras de este trabajo que exhibe nuestra historia de lucha desde los primeros d\u00edas posteriores al golpe de","breadcrumb":{"@id":"https:\/\/www.pressenza.com\/es\/2013\/01\/documental-vivas-voces-la-historia-de-la-agrupacion-de-familiares-de-detenidos-desaparecidos-de-chile-afdd\/#breadcrumb"},"inLanguage":"es","potentialAction":[{"@type":"ReadAction","target":["https:\/\/www.pressenza.com\/es\/2013\/01\/documental-vivas-voces-la-historia-de-la-agrupacion-de-familiares-de-detenidos-desaparecidos-de-chile-afdd\/"]}]},{"@type":"ImageObject","inLanguage":"es","@id":"https:\/\/www.pressenza.com\/es\/2013\/01\/documental-vivas-voces-la-historia-de-la-agrupacion-de-familiares-de-detenidos-desaparecidos-de-chile-afdd\/#primaryimage","url":"https:\/\/www.pressenza.com\/wp-content\/uploads\/2013\/01\/mail.google.com_1.png","contentUrl":"https:\/\/www.pressenza.com\/wp-content\/uploads\/2013\/01\/mail.google.com_1.png","width":"226","height":"147","caption":"AFDD"},{"@type":"BreadcrumbList","@id":"https:\/\/www.pressenza.com\/es\/2013\/01\/documental-vivas-voces-la-historia-de-la-agrupacion-de-familiares-de-detenidos-desaparecidos-de-chile-afdd\/#breadcrumb","itemListElement":[{"@type":"ListItem","position":1,"name":"Accueil","item":"https:\/\/www.pressenza.com\/es\/"},{"@type":"ListItem","position":2,"name":"Documental Vivas Voces: La historia de la Agrupaci\u00f3n de Familiares de Detenidos Desaparecidos de Chile (AFDD)"}]},{"@type":"WebSite","@id":"https:\/\/www.pressenza.com\/es\/#website","url":"https:\/\/www.pressenza.com\/es\/","name":"Pressenza","description":"International Press Agency","publisher":{"@id":"https:\/\/www.pressenza.com\/es\/#organization"},"potentialAction":[{"@type":"SearchAction","target":{"@type":"EntryPoint","urlTemplate":"https:\/\/www.pressenza.com\/es\/?s={search_term_string}"},"query-input":{"@type":"PropertyValueSpecification","valueRequired":true,"valueName":"search_term_string"}}],"inLanguage":"es"},{"@type":"Organization","@id":"https:\/\/www.pressenza.com\/es\/#organization","name":"Pressenza","url":"https:\/\/www.pressenza.com\/es\/","logo":{"@type":"ImageObject","inLanguage":"es","@id":"https:\/\/www.pressenza.com\/es\/#\/schema\/logo\/image\/","url":"https:\/\/www.pressenza.com\/wp-content\/uploads\/2022\/10\/pressenza_logo_200x200.jpg","contentUrl":"https:\/\/www.pressenza.com\/wp-content\/uploads\/2022\/10\/pressenza_logo_200x200.jpg","width":200,"height":200,"caption":"Pressenza"},"image":{"@id":"https:\/\/www.pressenza.com\/es\/#\/schema\/logo\/image\/"},"sameAs":["https:\/\/www.facebook.com\/PressenzaItalia","https:\/\/x.com\/PressenzaIPA"]},{"@type":"Person","@id":"https:\/\/www.pressenza.com\/es\/#\/schema\/person\/6fb329c5ac40eb86f5a4a46692a9a3f0","name":"Juan Carlos Cartagena","description":"Juan Carlos Cartagena Pozo es Periodista Participa del Centro de Iniciativas Econ\u00f3micas (CIE) Municipalidad de Huechuraba","url":"https:\/\/www.pressenza.com\/es\/author\/juan-carlos-cartagena\/"}]}},"place":"Santiago de Chile","original_article_url":"","_links":{"self":[{"href":"https:\/\/www.pressenza.com\/es\/wp-json\/wp\/v2\/posts\/32094","targetHints":{"allow":["GET"]}}],"collection":[{"href":"https:\/\/www.pressenza.com\/es\/wp-json\/wp\/v2\/posts"}],"about":[{"href":"https:\/\/www.pressenza.com\/es\/wp-json\/wp\/v2\/types\/post"}],"author":[{"embeddable":true,"href":"https:\/\/www.pressenza.com\/es\/wp-json\/wp\/v2\/users\/879"}],"replies":[{"embeddable":true,"href":"https:\/\/www.pressenza.com\/es\/wp-json\/wp\/v2\/comments?post=32094"}],"version-history":[{"count":0,"href":"https:\/\/www.pressenza.com\/es\/wp-json\/wp\/v2\/posts\/32094\/revisions"}],"wp:featuredmedia":[{"embeddable":true,"href":"https:\/\/www.pressenza.com\/es\/wp-json\/wp\/v2\/media\/32099"}],"wp:attachment":[{"href":"https:\/\/www.pressenza.com\/es\/wp-json\/wp\/v2\/media?parent=32094"}],"wp:term":[{"taxonomy":"category","embeddable":true,"href":"https:\/\/www.pressenza.com\/es\/wp-json\/wp\/v2\/categories?post=32094"},{"taxonomy":"post_tag","embeddable":true,"href":"https:\/\/www.pressenza.com\/es\/wp-json\/wp\/v2\/tags?post=32094"}],"curies":[{"name":"wp","href":"https:\/\/api.w.org\/{rel}","templated":true}]}}