{"id":319580,"date":"2016-05-19T20:07:53","date_gmt":"2016-05-19T19:07:53","guid":{"rendered":"http:\/\/www.pressenza.com\/es\/?p=319580"},"modified":"2016-05-19T20:12:10","modified_gmt":"2016-05-19T19:12:10","slug":"diego-canamero-en-huelga-de-hambre-pide-libertad-andres-bodalo","status":"publish","type":"post","link":"https:\/\/www.pressenza.com\/es\/2016\/05\/diego-canamero-en-huelga-de-hambre-pide-libertad-andres-bodalo\/","title":{"rendered":"Diego Ca\u00f1amero en huelga de hambre para pedir la libertad de Andr\u00e9s B\u00f3dalo"},"content":{"rendered":"<p>Diego Ca\u00f1amero, dirigente del Sindicato Andaluz de Trabajadores, habl\u00f3 en el acto que tuvo lugar el pasado 15 de mayo en la Puerta del Sol de Madrid por la liberaci\u00f3n de Andr\u00e9s B\u00f3dalo.<\/p>\n<p>Por SOLIDARIAS<\/p>\n<p><iframe loading=\"lazy\" title=\"DIEGO CA\u00d1AMERO HABLA EN LA PUERTA DEL SOL POR LA LIBERTAD DE ANDR\u00c9S B\u00d2DALO\" width=\"500\" height=\"281\" src=\"https:\/\/www.youtube.com\/embed\/Fz8JfSPfkoQ?feature=oembed\" frameborder=\"0\" allow=\"accelerometer; autoplay; clipboard-write; encrypted-media; gyroscope; picture-in-picture; web-share\" referrerpolicy=\"strict-origin-when-cross-origin\" allowfullscreen><\/iframe><\/p>\n<p><em>Intervenci\u00f3n de Andr\u00e9s Ca\u00f1amero en defensa de la inocencia de Andr\u00e9s B\u00f3dalo<\/em><\/p>\n<p>B\u00f3dalo, miembro tambi\u00e9n del SAT y concejal de Podemos por Ja\u00e9n, est\u00e1 condenado a tres a\u00f1os y medio de c\u00e1rcel por agredir supuestamente en el 2012 al teniente de alcalde del Ayuntamiento de J\u00f3dar (Ja\u00e9n).<\/p>\n<p>Ca\u00f1amero ha defendido la inocencia de B\u00f3dalo y ha negado que \u00e9ste haya utilizado la violencia, como se le acusa en el auto que ha hecho que el jornalero, edil y sindicalista andaluz est\u00e9 encarcelado.<\/p>\n<p>El SAT ha presentado ante el Tribunal Supremo un Recurso de Amparo ya que B\u00f3dalo no ha podido recurrir la sentencia.<\/p>\n<p>El acto reivindicativo lo cerr\u00f3 otro miembro del SAT diciendo: \u00ab&#8230;Podr\u00e1n cortar todas las flores pero jam\u00e1s podr\u00e1n detener la primavera\u00bb.<\/p>\n<p>Esa misma noche, Diego Ca\u00f1amero comenz\u00f3 una huelga de hambre\u00a0 que mantiene hasta el momento, en la misma Puerta del Sol de Madrid.<\/p>\n","protected":false},"excerpt":{"rendered":"<p>Diego Ca\u00f1amero, dirigente del Sindicato Andaluz de Trabajadores, habl\u00f3 en el acto que tuvo lugar el pasado 15 de mayo en la Puerta del Sol de Madrid por la liberaci\u00f3n de Andr\u00e9s B\u00f3dalo. Por SOLIDARIAS Intervenci\u00f3n de Andr\u00e9s Ca\u00f1amero en&hellip;<\/p>\n","protected":false},"author":94,"featured_media":319592,"comment_status":"closed","ping_status":"closed","sticky":false,"template":"","format":"standard","meta":{"footnotes":""},"categories":[79,66,63,25678],"tags":[25515,27242,27243,27241],"class_list":["post-319580","post","type-post","status-publish","format-standard","has-post-thumbnail","hentry","category-derechos-humanos","category-europa-es","category-region-es","category-video-es","tag-andres-bodalo","tag-diego-canamero","tag-encarcelamiento","tag-sindicato-andaluz-de-trabajadores"],"yoast_head":"<!-- This site is optimized with the Yoast SEO plugin v27.1.1 - https:\/\/yoast.com\/product\/yoast-seo-wordpress\/ -->\n<title>Diego Ca\u00f1amero en huelga de hambre para pedir la libertad de Andr\u00e9s B\u00f3dalo<\/title>\n<meta name=\"description\" content=\"Diego Ca\u00f1amero, dirigente del Sindicato Andaluz de Trabajadores, habl\u00f3 en el acto que tuvo lugar el pasado 15 de mayo en la Puerta del Sol de Madrid por\" \/>\n<meta name=\"robots\" content=\"index, follow, max-snippet:-1, max-image-preview:large, max-video-preview:-1\" \/>\n<link rel=\"canonical\" href=\"https:\/\/www.pressenza.com\/es\/2016\/05\/diego-canamero-en-huelga-de-hambre-pide-libertad-andres-bodalo\/\" \/>\n<meta property=\"og:locale\" content=\"es_ES\" \/>\n<meta property=\"og:type\" content=\"article\" \/>\n<meta property=\"og:title\" content=\"Diego Ca\u00f1amero en huelga de hambre para pedir la libertad de Andr\u00e9s B\u00f3dalo\" \/>\n<meta property=\"og:description\" content=\"Diego Ca\u00f1amero, dirigente del Sindicato Andaluz de Trabajadores, habl\u00f3 en el acto que tuvo lugar el pasado 15 de mayo en la Puerta del Sol de Madrid por\" \/>\n<meta property=\"og:url\" content=\"https:\/\/www.pressenza.com\/es\/2016\/05\/diego-canamero-en-huelga-de-hambre-pide-libertad-andres-bodalo\/\" \/>\n<meta property=\"og:site_name\" content=\"Pressenza\" \/>\n<meta property=\"article:publisher\" content=\"https:\/\/www.facebook.com\/PressenzaItalia\" \/>\n<meta property=\"article:author\" content=\"https:\/\/www.facebook.com\/pressenza\" \/>\n<meta property=\"article:published_time\" content=\"2016-05-19T19:07:53+00:00\" \/>\n<meta property=\"article:modified_time\" content=\"2016-05-19T19:12:10+00:00\" \/>\n<meta property=\"og:image\" content=\"https:\/\/www.pressenza.com\/wp-content\/uploads\/2016\/05\/Andr\u00e9s-Ca\u00f1amero-pide-libertad-Andr\u00e9s-B\u00f3dalo.png\" \/>\n\t<meta property=\"og:image:width\" content=\"1440\" \/>\n\t<meta property=\"og:image:height\" content=\"900\" \/>\n\t<meta property=\"og:image:type\" content=\"image\/png\" \/>\n<meta name=\"author\" content=\"Redacci\u00f3n Madrid\" \/>\n<meta name=\"twitter:card\" content=\"summary_large_image\" \/>\n<meta name=\"twitter:creator\" content=\"@pressenza\" \/>\n<meta name=\"twitter:site\" content=\"@PressenzaIPA\" \/>\n<meta name=\"twitter:label1\" content=\"Escrito por\" \/>\n\t<meta name=\"twitter:data1\" content=\"Redacci\u00f3n Madrid\" \/>\n\t<meta name=\"twitter:label2\" content=\"Tiempo de lectura\" \/>\n\t<meta name=\"twitter:data2\" content=\"1 minuto\" \/>\n<script type=\"application\/ld+json\" class=\"yoast-schema-graph\">{\"@context\":\"https:\/\/schema.org\",\"@graph\":[{\"@type\":\"Article\",\"@id\":\"https:\/\/www.pressenza.com\/es\/2016\/05\/diego-canamero-en-huelga-de-hambre-pide-libertad-andres-bodalo\/#article\",\"isPartOf\":{\"@id\":\"https:\/\/www.pressenza.com\/es\/2016\/05\/diego-canamero-en-huelga-de-hambre-pide-libertad-andres-bodalo\/\"},\"author\":{\"name\":\"Redacci\u00f3n Madrid\",\"@id\":\"https:\/\/www.pressenza.com\/es\/#\/schema\/person\/828fc40eeca2ad7be3630e5a46adba94\"},\"headline\":\"Diego Ca\u00f1amero en huelga de hambre para pedir la libertad de Andr\u00e9s B\u00f3dalo\",\"datePublished\":\"2016-05-19T19:07:53+00:00\",\"dateModified\":\"2016-05-19T19:12:10+00:00\",\"mainEntityOfPage\":{\"@id\":\"https:\/\/www.pressenza.com\/es\/2016\/05\/diego-canamero-en-huelga-de-hambre-pide-libertad-andres-bodalo\/\"},\"wordCount\":226,\"publisher\":{\"@id\":\"https:\/\/www.pressenza.com\/es\/#organization\"},\"image\":{\"@id\":\"https:\/\/www.pressenza.com\/es\/2016\/05\/diego-canamero-en-huelga-de-hambre-pide-libertad-andres-bodalo\/#primaryimage\"},\"thumbnailUrl\":\"https:\/\/www.pressenza.com\/wp-content\/uploads\/2016\/05\/Andr\u00e9s-Ca\u00f1amero-pide-libertad-Andr\u00e9s-B\u00f3dalo.png\",\"keywords\":[\"Andr\u00e9s B\u00f3dalo\",\"Diego Ca\u00f1amero\",\"Encarcelamiento\",\"Sindicato Andaluz de Trabajadores\"],\"articleSection\":[\"Derechos Humanos\",\"Europa\",\"Regi\u00f3n\",\"Video\"],\"inLanguage\":\"es\"},{\"@type\":\"WebPage\",\"@id\":\"https:\/\/www.pressenza.com\/es\/2016\/05\/diego-canamero-en-huelga-de-hambre-pide-libertad-andres-bodalo\/\",\"url\":\"https:\/\/www.pressenza.com\/es\/2016\/05\/diego-canamero-en-huelga-de-hambre-pide-libertad-andres-bodalo\/\",\"name\":\"Diego Ca\u00f1amero en huelga de hambre para pedir la libertad de Andr\u00e9s B\u00f3dalo\",\"isPartOf\":{\"@id\":\"https:\/\/www.pressenza.com\/es\/#website\"},\"primaryImageOfPage\":{\"@id\":\"https:\/\/www.pressenza.com\/es\/2016\/05\/diego-canamero-en-huelga-de-hambre-pide-libertad-andres-bodalo\/#primaryimage\"},\"image\":{\"@id\":\"https:\/\/www.pressenza.com\/es\/2016\/05\/diego-canamero-en-huelga-de-hambre-pide-libertad-andres-bodalo\/#primaryimage\"},\"thumbnailUrl\":\"https:\/\/www.pressenza.com\/wp-content\/uploads\/2016\/05\/Andr\u00e9s-Ca\u00f1amero-pide-libertad-Andr\u00e9s-B\u00f3dalo.png\",\"datePublished\":\"2016-05-19T19:07:53+00:00\",\"dateModified\":\"2016-05-19T19:12:10+00:00\",\"description\":\"Diego Ca\u00f1amero, dirigente del Sindicato Andaluz de Trabajadores, habl\u00f3 en el acto que tuvo lugar el pasado 15 de mayo en la Puerta del Sol de Madrid por\",\"breadcrumb\":{\"@id\":\"https:\/\/www.pressenza.com\/es\/2016\/05\/diego-canamero-en-huelga-de-hambre-pide-libertad-andres-bodalo\/#breadcrumb\"},\"inLanguage\":\"es\",\"potentialAction\":[{\"@type\":\"ReadAction\",\"target\":[\"https:\/\/www.pressenza.com\/es\/2016\/05\/diego-canamero-en-huelga-de-hambre-pide-libertad-andres-bodalo\/\"]}]},{\"@type\":\"ImageObject\",\"inLanguage\":\"es\",\"@id\":\"https:\/\/www.pressenza.com\/es\/2016\/05\/diego-canamero-en-huelga-de-hambre-pide-libertad-andres-bodalo\/#primaryimage\",\"url\":\"https:\/\/www.pressenza.com\/wp-content\/uploads\/2016\/05\/Andr\u00e9s-Ca\u00f1amero-pide-libertad-Andr\u00e9s-B\u00f3dalo.png\",\"contentUrl\":\"https:\/\/www.pressenza.com\/wp-content\/uploads\/2016\/05\/Andr\u00e9s-Ca\u00f1amero-pide-libertad-Andr\u00e9s-B\u00f3dalo.png\",\"width\":1440,\"height\":900},{\"@type\":\"BreadcrumbList\",\"@id\":\"https:\/\/www.pressenza.com\/es\/2016\/05\/diego-canamero-en-huelga-de-hambre-pide-libertad-andres-bodalo\/#breadcrumb\",\"itemListElement\":[{\"@type\":\"ListItem\",\"position\":1,\"name\":\"Accueil\",\"item\":\"https:\/\/www.pressenza.com\/es\/\"},{\"@type\":\"ListItem\",\"position\":2,\"name\":\"Diego Ca\u00f1amero en huelga de hambre para pedir la libertad de Andr\u00e9s B\u00f3dalo\"}]},{\"@type\":\"WebSite\",\"@id\":\"https:\/\/www.pressenza.com\/es\/#website\",\"url\":\"https:\/\/www.pressenza.com\/es\/\",\"name\":\"Pressenza\",\"description\":\"International Press Agency\",\"publisher\":{\"@id\":\"https:\/\/www.pressenza.com\/es\/#organization\"},\"potentialAction\":[{\"@type\":\"SearchAction\",\"target\":{\"@type\":\"EntryPoint\",\"urlTemplate\":\"https:\/\/www.pressenza.com\/es\/?s={search_term_string}\"},\"query-input\":{\"@type\":\"PropertyValueSpecification\",\"valueRequired\":true,\"valueName\":\"search_term_string\"}}],\"inLanguage\":\"es\"},{\"@type\":\"Organization\",\"@id\":\"https:\/\/www.pressenza.com\/es\/#organization\",\"name\":\"Pressenza\",\"url\":\"https:\/\/www.pressenza.com\/es\/\",\"logo\":{\"@type\":\"ImageObject\",\"inLanguage\":\"es\",\"@id\":\"https:\/\/www.pressenza.com\/es\/#\/schema\/logo\/image\/\",\"url\":\"https:\/\/www.pressenza.com\/wp-content\/uploads\/2022\/10\/pressenza_logo_200x200.jpg\",\"contentUrl\":\"https:\/\/www.pressenza.com\/wp-content\/uploads\/2022\/10\/pressenza_logo_200x200.jpg\",\"width\":200,\"height\":200,\"caption\":\"Pressenza\"},\"image\":{\"@id\":\"https:\/\/www.pressenza.com\/es\/#\/schema\/logo\/image\/\"},\"sameAs\":[\"https:\/\/www.facebook.com\/PressenzaItalia\",\"https:\/\/x.com\/PressenzaIPA\"]},{\"@type\":\"Person\",\"@id\":\"https:\/\/www.pressenza.com\/es\/#\/schema\/person\/828fc40eeca2ad7be3630e5a46adba94\",\"name\":\"Redacci\u00f3n Madrid\",\"description\":\"News from the Pressenza Bureau in Madrid, Spain\",\"sameAs\":[\"https:\/\/www.facebook.com\/pressenza\",\"https:\/\/x.com\/pressenza\"],\"url\":\"https:\/\/www.pressenza.com\/es\/author\/redaccion-madrid\/\"}]}<\/script>\n<!-- \/ Yoast SEO plugin. -->","yoast_head_json":{"title":"Diego Ca\u00f1amero en huelga de hambre para pedir la libertad de Andr\u00e9s B\u00f3dalo","description":"Diego Ca\u00f1amero, dirigente del Sindicato Andaluz de Trabajadores, habl\u00f3 en el acto que tuvo lugar el pasado 15 de mayo en la Puerta del Sol de Madrid por","robots":{"index":"index","follow":"follow","max-snippet":"max-snippet:-1","max-image-preview":"max-image-preview:large","max-video-preview":"max-video-preview:-1"},"canonical":"https:\/\/www.pressenza.com\/es\/2016\/05\/diego-canamero-en-huelga-de-hambre-pide-libertad-andres-bodalo\/","og_locale":"es_ES","og_type":"article","og_title":"Diego Ca\u00f1amero en huelga de hambre para pedir la libertad de Andr\u00e9s B\u00f3dalo","og_description":"Diego Ca\u00f1amero, dirigente del Sindicato Andaluz de Trabajadores, habl\u00f3 en el acto que tuvo lugar el pasado 15 de mayo en la Puerta del Sol de Madrid por","og_url":"https:\/\/www.pressenza.com\/es\/2016\/05\/diego-canamero-en-huelga-de-hambre-pide-libertad-andres-bodalo\/","og_site_name":"Pressenza","article_publisher":"https:\/\/www.facebook.com\/PressenzaItalia","article_author":"https:\/\/www.facebook.com\/pressenza","article_published_time":"2016-05-19T19:07:53+00:00","article_modified_time":"2016-05-19T19:12:10+00:00","og_image":[{"width":1440,"height":900,"url":"https:\/\/www.pressenza.com\/wp-content\/uploads\/2016\/05\/Andr\u00e9s-Ca\u00f1amero-pide-libertad-Andr\u00e9s-B\u00f3dalo.png","type":"image\/png"}],"author":"Redacci\u00f3n Madrid","twitter_card":"summary_large_image","twitter_creator":"@pressenza","twitter_site":"@PressenzaIPA","twitter_misc":{"Escrito por":"Redacci\u00f3n Madrid","Tiempo de lectura":"1 minuto"},"schema":{"@context":"https:\/\/schema.org","@graph":[{"@type":"Article","@id":"https:\/\/www.pressenza.com\/es\/2016\/05\/diego-canamero-en-huelga-de-hambre-pide-libertad-andres-bodalo\/#article","isPartOf":{"@id":"https:\/\/www.pressenza.com\/es\/2016\/05\/diego-canamero-en-huelga-de-hambre-pide-libertad-andres-bodalo\/"},"author":{"name":"Redacci\u00f3n Madrid","@id":"https:\/\/www.pressenza.com\/es\/#\/schema\/person\/828fc40eeca2ad7be3630e5a46adba94"},"headline":"Diego Ca\u00f1amero en huelga de hambre para pedir la libertad de Andr\u00e9s B\u00f3dalo","datePublished":"2016-05-19T19:07:53+00:00","dateModified":"2016-05-19T19:12:10+00:00","mainEntityOfPage":{"@id":"https:\/\/www.pressenza.com\/es\/2016\/05\/diego-canamero-en-huelga-de-hambre-pide-libertad-andres-bodalo\/"},"wordCount":226,"publisher":{"@id":"https:\/\/www.pressenza.com\/es\/#organization"},"image":{"@id":"https:\/\/www.pressenza.com\/es\/2016\/05\/diego-canamero-en-huelga-de-hambre-pide-libertad-andres-bodalo\/#primaryimage"},"thumbnailUrl":"https:\/\/www.pressenza.com\/wp-content\/uploads\/2016\/05\/Andr\u00e9s-Ca\u00f1amero-pide-libertad-Andr\u00e9s-B\u00f3dalo.png","keywords":["Andr\u00e9s B\u00f3dalo","Diego Ca\u00f1amero","Encarcelamiento","Sindicato Andaluz de Trabajadores"],"articleSection":["Derechos Humanos","Europa","Regi\u00f3n","Video"],"inLanguage":"es"},{"@type":"WebPage","@id":"https:\/\/www.pressenza.com\/es\/2016\/05\/diego-canamero-en-huelga-de-hambre-pide-libertad-andres-bodalo\/","url":"https:\/\/www.pressenza.com\/es\/2016\/05\/diego-canamero-en-huelga-de-hambre-pide-libertad-andres-bodalo\/","name":"Diego Ca\u00f1amero en huelga de hambre para pedir la libertad de Andr\u00e9s B\u00f3dalo","isPartOf":{"@id":"https:\/\/www.pressenza.com\/es\/#website"},"primaryImageOfPage":{"@id":"https:\/\/www.pressenza.com\/es\/2016\/05\/diego-canamero-en-huelga-de-hambre-pide-libertad-andres-bodalo\/#primaryimage"},"image":{"@id":"https:\/\/www.pressenza.com\/es\/2016\/05\/diego-canamero-en-huelga-de-hambre-pide-libertad-andres-bodalo\/#primaryimage"},"thumbnailUrl":"https:\/\/www.pressenza.com\/wp-content\/uploads\/2016\/05\/Andr\u00e9s-Ca\u00f1amero-pide-libertad-Andr\u00e9s-B\u00f3dalo.png","datePublished":"2016-05-19T19:07:53+00:00","dateModified":"2016-05-19T19:12:10+00:00","description":"Diego Ca\u00f1amero, dirigente del Sindicato Andaluz de Trabajadores, habl\u00f3 en el acto que tuvo lugar el pasado 15 de mayo en la Puerta del Sol de Madrid por","breadcrumb":{"@id":"https:\/\/www.pressenza.com\/es\/2016\/05\/diego-canamero-en-huelga-de-hambre-pide-libertad-andres-bodalo\/#breadcrumb"},"inLanguage":"es","potentialAction":[{"@type":"ReadAction","target":["https:\/\/www.pressenza.com\/es\/2016\/05\/diego-canamero-en-huelga-de-hambre-pide-libertad-andres-bodalo\/"]}]},{"@type":"ImageObject","inLanguage":"es","@id":"https:\/\/www.pressenza.com\/es\/2016\/05\/diego-canamero-en-huelga-de-hambre-pide-libertad-andres-bodalo\/#primaryimage","url":"https:\/\/www.pressenza.com\/wp-content\/uploads\/2016\/05\/Andr\u00e9s-Ca\u00f1amero-pide-libertad-Andr\u00e9s-B\u00f3dalo.png","contentUrl":"https:\/\/www.pressenza.com\/wp-content\/uploads\/2016\/05\/Andr\u00e9s-Ca\u00f1amero-pide-libertad-Andr\u00e9s-B\u00f3dalo.png","width":1440,"height":900},{"@type":"BreadcrumbList","@id":"https:\/\/www.pressenza.com\/es\/2016\/05\/diego-canamero-en-huelga-de-hambre-pide-libertad-andres-bodalo\/#breadcrumb","itemListElement":[{"@type":"ListItem","position":1,"name":"Accueil","item":"https:\/\/www.pressenza.com\/es\/"},{"@type":"ListItem","position":2,"name":"Diego Ca\u00f1amero en huelga de hambre para pedir la libertad de Andr\u00e9s B\u00f3dalo"}]},{"@type":"WebSite","@id":"https:\/\/www.pressenza.com\/es\/#website","url":"https:\/\/www.pressenza.com\/es\/","name":"Pressenza","description":"International Press Agency","publisher":{"@id":"https:\/\/www.pressenza.com\/es\/#organization"},"potentialAction":[{"@type":"SearchAction","target":{"@type":"EntryPoint","urlTemplate":"https:\/\/www.pressenza.com\/es\/?s={search_term_string}"},"query-input":{"@type":"PropertyValueSpecification","valueRequired":true,"valueName":"search_term_string"}}],"inLanguage":"es"},{"@type":"Organization","@id":"https:\/\/www.pressenza.com\/es\/#organization","name":"Pressenza","url":"https:\/\/www.pressenza.com\/es\/","logo":{"@type":"ImageObject","inLanguage":"es","@id":"https:\/\/www.pressenza.com\/es\/#\/schema\/logo\/image\/","url":"https:\/\/www.pressenza.com\/wp-content\/uploads\/2022\/10\/pressenza_logo_200x200.jpg","contentUrl":"https:\/\/www.pressenza.com\/wp-content\/uploads\/2022\/10\/pressenza_logo_200x200.jpg","width":200,"height":200,"caption":"Pressenza"},"image":{"@id":"https:\/\/www.pressenza.com\/es\/#\/schema\/logo\/image\/"},"sameAs":["https:\/\/www.facebook.com\/PressenzaItalia","https:\/\/x.com\/PressenzaIPA"]},{"@type":"Person","@id":"https:\/\/www.pressenza.com\/es\/#\/schema\/person\/828fc40eeca2ad7be3630e5a46adba94","name":"Redacci\u00f3n Madrid","description":"News from the Pressenza Bureau in Madrid, Spain","sameAs":["https:\/\/www.facebook.com\/pressenza","https:\/\/x.com\/pressenza"],"url":"https:\/\/www.pressenza.com\/es\/author\/redaccion-madrid\/"}]}},"place":"Madrid (Espa\u00f1a)","original_article_url":"","_links":{"self":[{"href":"https:\/\/www.pressenza.com\/es\/wp-json\/wp\/v2\/posts\/319580","targetHints":{"allow":["GET"]}}],"collection":[{"href":"https:\/\/www.pressenza.com\/es\/wp-json\/wp\/v2\/posts"}],"about":[{"href":"https:\/\/www.pressenza.com\/es\/wp-json\/wp\/v2\/types\/post"}],"author":[{"embeddable":true,"href":"https:\/\/www.pressenza.com\/es\/wp-json\/wp\/v2\/users\/94"}],"replies":[{"embeddable":true,"href":"https:\/\/www.pressenza.com\/es\/wp-json\/wp\/v2\/comments?post=319580"}],"version-history":[{"count":0,"href":"https:\/\/www.pressenza.com\/es\/wp-json\/wp\/v2\/posts\/319580\/revisions"}],"wp:featuredmedia":[{"embeddable":true,"href":"https:\/\/www.pressenza.com\/es\/wp-json\/wp\/v2\/media\/319592"}],"wp:attachment":[{"href":"https:\/\/www.pressenza.com\/es\/wp-json\/wp\/v2\/media?parent=319580"}],"wp:term":[{"taxonomy":"category","embeddable":true,"href":"https:\/\/www.pressenza.com\/es\/wp-json\/wp\/v2\/categories?post=319580"},{"taxonomy":"post_tag","embeddable":true,"href":"https:\/\/www.pressenza.com\/es\/wp-json\/wp\/v2\/tags?post=319580"}],"curies":[{"name":"wp","href":"https:\/\/api.w.org\/{rel}","templated":true}]}}