{"id":319481,"date":"2016-05-19T14:09:13","date_gmt":"2016-05-19T13:09:13","guid":{"rendered":"http:\/\/www.pressenza.com\/es\/?p=319481"},"modified":"2016-05-19T14:09:13","modified_gmt":"2016-05-19T13:09:13","slug":"atenas-ocupacion-del-city-plaza-hotel-prevalecera-la-solidaridad","status":"publish","type":"post","link":"https:\/\/www.pressenza.com\/es\/2016\/05\/atenas-ocupacion-del-city-plaza-hotel-prevalecera-la-solidaridad\/","title":{"rendered":"Atenas: ocupaci\u00f3n del City Plaza Hotel: \u00bfprevalecer\u00e1 la solidaridad?"},"content":{"rendered":"<p style=\"text-align: justify;\">El City Plaza Hotel fue cerrado por las autoridades griegas y la empresa que lo administraba se declar\u00f3 en quiebra. La disoluci\u00f3n de la empresa sigue pendiente con el fin de pagar los salarios que se adeudan a los empleados y alquiler que se debe al due\u00f1o de la propiedad. Alguna gente pens\u00f3 algo aparentemente simple: mientras existen grandes espacios listos para ser utilizados como refugios, como un hotel cerrado, \u00bfpor qu\u00e9 los refugiados deben sufrir en las calles, en las plazas, en campos improvisados o en campamentos militares con serias deficiencias y malas condiciones de vida?<\/p>\n<p style=\"text-align: justify;\">El City Plaza Hotel, al igual que todos los lugares ocupados, no se beneficia de ning\u00fan estatus legal. Hubo una gran y pol\u00e9mica discusi\u00f3n entre muchos partidarios de ambos lados (si es correcto o incorrecto). Y hay muchos indecisos; aquellos que ven una evidente debilidad por parte del estado y de Europa en asumir las vidas humanas que llegan a nuestro pa\u00eds huyendo del conflicto; aquellos que ven que hay miles de personas que viven en tiendas de campa\u00f1a, en los puertos o en las calles (que piden asilo, e incluso griegos que han sido afectados por la crisis) mientras que existen decenas de edificios vac\u00edos, cerrados y abandonados; aquellos que se dan cuenta de lo absurdo de esta situaci\u00f3n y la aparente incapacidad del gobierno griego para ver los nuevos signos de los tiempos.<\/p>\n<p style=\"text-align: justify;\">Hoy en d\u00eda los lugares ocupados proporcionan asilo a aquellos que lo necesitan, en todos los sentidos. Se ofrece servicio de comidas, higiene, vivienda, diversi\u00f3n para los ni\u00f1os, barber\u00eda y una relativa protecci\u00f3n de la intemperie y de otras condiciones de salud peligrosas para las personas que buscan refugio tratando de respirar y organizar la pr\u00f3xima etapa de su vida. Todo es proporcionado por voluntarios, hombres y mujeres, no hay personal pagado. Todo lo que se da a los hu\u00e9spedes proviene de donaciones de personas que responden a los llamados de los sitios ocupados, a trav\u00e9s de sus p\u00e1ginas web y de redes sociales.<\/p>\n<p style=\"text-align: justify;\">Al mismo tiempo, la ocupaci\u00f3n aspira a ser un centro de reflexi\u00f3n, organizaci\u00f3n y solidaridad con los refugiados y otros temas que afectan a las grandes poblaciones. Los defensores de la ocupaci\u00f3n del City Plaza Hotel marcharon el domingo pasado en contra de las nuevas medidas de austeridad adoptadas por el gobierno. Hicieron difusi\u00f3n, organizaron reuniones abiertas, y esto es solo el principio. Nadie sabe cu\u00e1l ser\u00e1 el futuro de esta ocupaci\u00f3n. Hay ejemplos de pa\u00edses en los que las ocupaciones, en particulares circunstancias y con ciertos fines, fueron acogidas por las comunidades locales y municipios en Europa. \u00bfSer\u00e1 este el caso del City Plaza Hotel en Atenas?<\/p>\n<p style=\"text-align: justify;\">Una cosa es cierta: en condiciones extremas, cuando hay muchas vidas en riesgo, la sociedad refleja cosas que van m\u00e1s all\u00e1 de aquello a lo que estamos acostumbrados y, a veces, son se reflejan cosas positivas. La ocupaci\u00f3n del City Plaza Hotel permanecer\u00e1 en la historia de nuestro pa\u00eds como una acci\u00f3n que es al mismo tiempo ilegal y trascendente, con todo lo que esto implica, y si el Estado no encuentra un punto medio en el que proteja al mismo tiempo a la ocupaci\u00f3n y los derechos del propietario del edificio, se inclinar\u00e1 inevitablemente a un lado u otro. Seg\u00fan se viene demostrando a trav\u00e9s de tantas acciones de \u00abdar\u00bb, es evidente que la solidaridad est\u00e1 buscando constantemente nuevas maneras de expresarse en los corazones de mucha gente. En un sentido, la solidaridad ya ha ganado.<\/p>\n","protected":false},"excerpt":{"rendered":"<p>El City Plaza Hotel fue cerrado por las autoridades griegas y la empresa que lo administraba se declar\u00f3 en quiebra. La disoluci\u00f3n de la empresa sigue pendiente con el fin de pagar los salarios que se adeudan a los empleados&hellip;<\/p>\n","protected":false},"author":1220,"featured_media":317628,"comment_status":"closed","ping_status":"closed","sticky":false,"template":"","format":"standard","meta":{"footnotes":""},"categories":[11389,79,74],"tags":[1346,3022,10127],"class_list":["post-319481","post","type-post","status-publish","format-standard","has-post-thumbnail","hentry","category-contenido-original","category-derechos-humanos","category-politica-es","tag-grecia-es","tag-refugiados","tag-solidaridad"],"yoast_head":"<!-- This site is optimized with the Yoast SEO plugin v27.1.1 - https:\/\/yoast.com\/product\/yoast-seo-wordpress\/ -->\n<title>Atenas: ocupaci\u00f3n del City Plaza Hotel: \u00bfprevalecer\u00e1 la solidaridad?<\/title>\n<meta name=\"description\" content=\"El City Plaza Hotel fue cerrado por las autoridades griegas y la empresa que lo administraba se declar\u00f3 en quiebra. La disoluci\u00f3n de la empresa sigue\" \/>\n<meta name=\"robots\" content=\"index, follow, max-snippet:-1, max-image-preview:large, max-video-preview:-1\" \/>\n<link rel=\"canonical\" href=\"https:\/\/www.pressenza.com\/es\/2016\/05\/atenas-ocupacion-del-city-plaza-hotel-prevalecera-la-solidaridad\/\" \/>\n<meta property=\"og:locale\" content=\"es_ES\" \/>\n<meta property=\"og:type\" content=\"article\" \/>\n<meta property=\"og:title\" content=\"Atenas: ocupaci\u00f3n del City Plaza Hotel: \u00bfprevalecer\u00e1 la solidaridad?\" \/>\n<meta property=\"og:description\" content=\"El City Plaza Hotel fue cerrado por las autoridades griegas y la empresa que lo administraba se declar\u00f3 en quiebra. La disoluci\u00f3n de la empresa sigue\" \/>\n<meta property=\"og:url\" content=\"https:\/\/www.pressenza.com\/es\/2016\/05\/atenas-ocupacion-del-city-plaza-hotel-prevalecera-la-solidaridad\/\" \/>\n<meta property=\"og:site_name\" content=\"Pressenza\" \/>\n<meta property=\"article:publisher\" content=\"https:\/\/www.facebook.com\/PressenzaItalia\" \/>\n<meta property=\"article:author\" content=\"https:\/\/www.facebook.com\/pressenzagr\/\" \/>\n<meta property=\"article:published_time\" content=\"2016-05-19T13:09:13+00:00\" \/>\n<meta property=\"og:image\" content=\"https:\/\/www.pressenza.com\/wp-content\/uploads\/2016\/05\/city-plaza1-1.jpg\" \/>\n\t<meta property=\"og:image:width\" content=\"960\" \/>\n\t<meta property=\"og:image:height\" content=\"640\" \/>\n\t<meta property=\"og:image:type\" content=\"image\/jpeg\" \/>\n<meta name=\"author\" content=\"Pressenza Athens\" \/>\n<meta name=\"twitter:card\" content=\"summary_large_image\" \/>\n<meta name=\"twitter:creator\" content=\"@Pressenza_ath\" \/>\n<meta name=\"twitter:site\" content=\"@PressenzaIPA\" \/>\n<meta name=\"twitter:label1\" content=\"Escrito por\" \/>\n\t<meta name=\"twitter:data1\" content=\"Pressenza Athens\" \/>\n\t<meta name=\"twitter:label2\" content=\"Tiempo de lectura\" \/>\n\t<meta name=\"twitter:data2\" content=\"3 minutos\" \/>\n<script type=\"application\/ld+json\" class=\"yoast-schema-graph\">{\"@context\":\"https:\/\/schema.org\",\"@graph\":[{\"@type\":\"Article\",\"@id\":\"https:\/\/www.pressenza.com\/es\/2016\/05\/atenas-ocupacion-del-city-plaza-hotel-prevalecera-la-solidaridad\/#article\",\"isPartOf\":{\"@id\":\"https:\/\/www.pressenza.com\/es\/2016\/05\/atenas-ocupacion-del-city-plaza-hotel-prevalecera-la-solidaridad\/\"},\"author\":{\"name\":\"Pressenza Athens\",\"@id\":\"https:\/\/www.pressenza.com\/es\/#\/schema\/person\/9eae8d7f0aad5ec6a7f6f21ec94480fb\"},\"headline\":\"Atenas: ocupaci\u00f3n del City Plaza Hotel: \u00bfprevalecer\u00e1 la solidaridad?\",\"datePublished\":\"2016-05-19T13:09:13+00:00\",\"mainEntityOfPage\":{\"@id\":\"https:\/\/www.pressenza.com\/es\/2016\/05\/atenas-ocupacion-del-city-plaza-hotel-prevalecera-la-solidaridad\/\"},\"wordCount\":624,\"publisher\":{\"@id\":\"https:\/\/www.pressenza.com\/es\/#organization\"},\"image\":{\"@id\":\"https:\/\/www.pressenza.com\/es\/2016\/05\/atenas-ocupacion-del-city-plaza-hotel-prevalecera-la-solidaridad\/#primaryimage\"},\"thumbnailUrl\":\"https:\/\/www.pressenza.com\/wp-content\/uploads\/2016\/05\/city-plaza1-1.jpg\",\"keywords\":[\"Grecia\",\"refugiados\",\"Solidaridad\"],\"articleSection\":[\"Contenido Original\",\"Derechos Humanos\",\"Pol\u00edtica\"],\"inLanguage\":\"es\"},{\"@type\":\"WebPage\",\"@id\":\"https:\/\/www.pressenza.com\/es\/2016\/05\/atenas-ocupacion-del-city-plaza-hotel-prevalecera-la-solidaridad\/\",\"url\":\"https:\/\/www.pressenza.com\/es\/2016\/05\/atenas-ocupacion-del-city-plaza-hotel-prevalecera-la-solidaridad\/\",\"name\":\"Atenas: ocupaci\u00f3n del City Plaza Hotel: \u00bfprevalecer\u00e1 la solidaridad?\",\"isPartOf\":{\"@id\":\"https:\/\/www.pressenza.com\/es\/#website\"},\"primaryImageOfPage\":{\"@id\":\"https:\/\/www.pressenza.com\/es\/2016\/05\/atenas-ocupacion-del-city-plaza-hotel-prevalecera-la-solidaridad\/#primaryimage\"},\"image\":{\"@id\":\"https:\/\/www.pressenza.com\/es\/2016\/05\/atenas-ocupacion-del-city-plaza-hotel-prevalecera-la-solidaridad\/#primaryimage\"},\"thumbnailUrl\":\"https:\/\/www.pressenza.com\/wp-content\/uploads\/2016\/05\/city-plaza1-1.jpg\",\"datePublished\":\"2016-05-19T13:09:13+00:00\",\"description\":\"El City Plaza Hotel fue cerrado por las autoridades griegas y la empresa que lo administraba se declar\u00f3 en quiebra. La disoluci\u00f3n de la empresa sigue\",\"breadcrumb\":{\"@id\":\"https:\/\/www.pressenza.com\/es\/2016\/05\/atenas-ocupacion-del-city-plaza-hotel-prevalecera-la-solidaridad\/#breadcrumb\"},\"inLanguage\":\"es\",\"potentialAction\":[{\"@type\":\"ReadAction\",\"target\":[\"https:\/\/www.pressenza.com\/es\/2016\/05\/atenas-ocupacion-del-city-plaza-hotel-prevalecera-la-solidaridad\/\"]}]},{\"@type\":\"ImageObject\",\"inLanguage\":\"es\",\"@id\":\"https:\/\/www.pressenza.com\/es\/2016\/05\/atenas-ocupacion-del-city-plaza-hotel-prevalecera-la-solidaridad\/#primaryimage\",\"url\":\"https:\/\/www.pressenza.com\/wp-content\/uploads\/2016\/05\/city-plaza1-1.jpg\",\"contentUrl\":\"https:\/\/www.pressenza.com\/wp-content\/uploads\/2016\/05\/city-plaza1-1.jpg\",\"width\":960,\"height\":640},{\"@type\":\"BreadcrumbList\",\"@id\":\"https:\/\/www.pressenza.com\/es\/2016\/05\/atenas-ocupacion-del-city-plaza-hotel-prevalecera-la-solidaridad\/#breadcrumb\",\"itemListElement\":[{\"@type\":\"ListItem\",\"position\":1,\"name\":\"Accueil\",\"item\":\"https:\/\/www.pressenza.com\/es\/\"},{\"@type\":\"ListItem\",\"position\":2,\"name\":\"Atenas: ocupaci\u00f3n del City Plaza Hotel: \u00bfprevalecer\u00e1 la solidaridad?\"}]},{\"@type\":\"WebSite\",\"@id\":\"https:\/\/www.pressenza.com\/es\/#website\",\"url\":\"https:\/\/www.pressenza.com\/es\/\",\"name\":\"Pressenza\",\"description\":\"International Press Agency\",\"publisher\":{\"@id\":\"https:\/\/www.pressenza.com\/es\/#organization\"},\"potentialAction\":[{\"@type\":\"SearchAction\",\"target\":{\"@type\":\"EntryPoint\",\"urlTemplate\":\"https:\/\/www.pressenza.com\/es\/?s={search_term_string}\"},\"query-input\":{\"@type\":\"PropertyValueSpecification\",\"valueRequired\":true,\"valueName\":\"search_term_string\"}}],\"inLanguage\":\"es\"},{\"@type\":\"Organization\",\"@id\":\"https:\/\/www.pressenza.com\/es\/#organization\",\"name\":\"Pressenza\",\"url\":\"https:\/\/www.pressenza.com\/es\/\",\"logo\":{\"@type\":\"ImageObject\",\"inLanguage\":\"es\",\"@id\":\"https:\/\/www.pressenza.com\/es\/#\/schema\/logo\/image\/\",\"url\":\"https:\/\/www.pressenza.com\/wp-content\/uploads\/2022\/10\/pressenza_logo_200x200.jpg\",\"contentUrl\":\"https:\/\/www.pressenza.com\/wp-content\/uploads\/2022\/10\/pressenza_logo_200x200.jpg\",\"width\":200,\"height\":200,\"caption\":\"Pressenza\"},\"image\":{\"@id\":\"https:\/\/www.pressenza.com\/es\/#\/schema\/logo\/image\/\"},\"sameAs\":[\"https:\/\/www.facebook.com\/PressenzaItalia\",\"https:\/\/x.com\/PressenzaIPA\"]},{\"@type\":\"Person\",\"@id\":\"https:\/\/www.pressenza.com\/es\/#\/schema\/person\/9eae8d7f0aad5ec6a7f6f21ec94480fb\",\"name\":\"Pressenza Athens\",\"description\":\"News from the Pressenza Bureau in Athens, Greece\",\"sameAs\":[\"https:\/\/www.facebook.com\/pressenzagr\/\",\"https:\/\/x.com\/Pressenza_ath\"],\"url\":\"https:\/\/www.pressenza.com\/es\/author\/pressenza-athens\/\"}]}<\/script>\n<!-- \/ Yoast SEO plugin. -->","yoast_head_json":{"title":"Atenas: ocupaci\u00f3n del City Plaza Hotel: \u00bfprevalecer\u00e1 la solidaridad?","description":"El City Plaza Hotel fue cerrado por las autoridades griegas y la empresa que lo administraba se declar\u00f3 en quiebra. La disoluci\u00f3n de la empresa sigue","robots":{"index":"index","follow":"follow","max-snippet":"max-snippet:-1","max-image-preview":"max-image-preview:large","max-video-preview":"max-video-preview:-1"},"canonical":"https:\/\/www.pressenza.com\/es\/2016\/05\/atenas-ocupacion-del-city-plaza-hotel-prevalecera-la-solidaridad\/","og_locale":"es_ES","og_type":"article","og_title":"Atenas: ocupaci\u00f3n del City Plaza Hotel: \u00bfprevalecer\u00e1 la solidaridad?","og_description":"El City Plaza Hotel fue cerrado por las autoridades griegas y la empresa que lo administraba se declar\u00f3 en quiebra. La disoluci\u00f3n de la empresa sigue","og_url":"https:\/\/www.pressenza.com\/es\/2016\/05\/atenas-ocupacion-del-city-plaza-hotel-prevalecera-la-solidaridad\/","og_site_name":"Pressenza","article_publisher":"https:\/\/www.facebook.com\/PressenzaItalia","article_author":"https:\/\/www.facebook.com\/pressenzagr\/","article_published_time":"2016-05-19T13:09:13+00:00","og_image":[{"width":960,"height":640,"url":"https:\/\/www.pressenza.com\/wp-content\/uploads\/2016\/05\/city-plaza1-1.jpg","type":"image\/jpeg"}],"author":"Pressenza Athens","twitter_card":"summary_large_image","twitter_creator":"@Pressenza_ath","twitter_site":"@PressenzaIPA","twitter_misc":{"Escrito por":"Pressenza Athens","Tiempo de lectura":"3 minutos"},"schema":{"@context":"https:\/\/schema.org","@graph":[{"@type":"Article","@id":"https:\/\/www.pressenza.com\/es\/2016\/05\/atenas-ocupacion-del-city-plaza-hotel-prevalecera-la-solidaridad\/#article","isPartOf":{"@id":"https:\/\/www.pressenza.com\/es\/2016\/05\/atenas-ocupacion-del-city-plaza-hotel-prevalecera-la-solidaridad\/"},"author":{"name":"Pressenza Athens","@id":"https:\/\/www.pressenza.com\/es\/#\/schema\/person\/9eae8d7f0aad5ec6a7f6f21ec94480fb"},"headline":"Atenas: ocupaci\u00f3n del City Plaza Hotel: \u00bfprevalecer\u00e1 la solidaridad?","datePublished":"2016-05-19T13:09:13+00:00","mainEntityOfPage":{"@id":"https:\/\/www.pressenza.com\/es\/2016\/05\/atenas-ocupacion-del-city-plaza-hotel-prevalecera-la-solidaridad\/"},"wordCount":624,"publisher":{"@id":"https:\/\/www.pressenza.com\/es\/#organization"},"image":{"@id":"https:\/\/www.pressenza.com\/es\/2016\/05\/atenas-ocupacion-del-city-plaza-hotel-prevalecera-la-solidaridad\/#primaryimage"},"thumbnailUrl":"https:\/\/www.pressenza.com\/wp-content\/uploads\/2016\/05\/city-plaza1-1.jpg","keywords":["Grecia","refugiados","Solidaridad"],"articleSection":["Contenido Original","Derechos Humanos","Pol\u00edtica"],"inLanguage":"es"},{"@type":"WebPage","@id":"https:\/\/www.pressenza.com\/es\/2016\/05\/atenas-ocupacion-del-city-plaza-hotel-prevalecera-la-solidaridad\/","url":"https:\/\/www.pressenza.com\/es\/2016\/05\/atenas-ocupacion-del-city-plaza-hotel-prevalecera-la-solidaridad\/","name":"Atenas: ocupaci\u00f3n del City Plaza Hotel: \u00bfprevalecer\u00e1 la solidaridad?","isPartOf":{"@id":"https:\/\/www.pressenza.com\/es\/#website"},"primaryImageOfPage":{"@id":"https:\/\/www.pressenza.com\/es\/2016\/05\/atenas-ocupacion-del-city-plaza-hotel-prevalecera-la-solidaridad\/#primaryimage"},"image":{"@id":"https:\/\/www.pressenza.com\/es\/2016\/05\/atenas-ocupacion-del-city-plaza-hotel-prevalecera-la-solidaridad\/#primaryimage"},"thumbnailUrl":"https:\/\/www.pressenza.com\/wp-content\/uploads\/2016\/05\/city-plaza1-1.jpg","datePublished":"2016-05-19T13:09:13+00:00","description":"El City Plaza Hotel fue cerrado por las autoridades griegas y la empresa que lo administraba se declar\u00f3 en quiebra. La disoluci\u00f3n de la empresa sigue","breadcrumb":{"@id":"https:\/\/www.pressenza.com\/es\/2016\/05\/atenas-ocupacion-del-city-plaza-hotel-prevalecera-la-solidaridad\/#breadcrumb"},"inLanguage":"es","potentialAction":[{"@type":"ReadAction","target":["https:\/\/www.pressenza.com\/es\/2016\/05\/atenas-ocupacion-del-city-plaza-hotel-prevalecera-la-solidaridad\/"]}]},{"@type":"ImageObject","inLanguage":"es","@id":"https:\/\/www.pressenza.com\/es\/2016\/05\/atenas-ocupacion-del-city-plaza-hotel-prevalecera-la-solidaridad\/#primaryimage","url":"https:\/\/www.pressenza.com\/wp-content\/uploads\/2016\/05\/city-plaza1-1.jpg","contentUrl":"https:\/\/www.pressenza.com\/wp-content\/uploads\/2016\/05\/city-plaza1-1.jpg","width":960,"height":640},{"@type":"BreadcrumbList","@id":"https:\/\/www.pressenza.com\/es\/2016\/05\/atenas-ocupacion-del-city-plaza-hotel-prevalecera-la-solidaridad\/#breadcrumb","itemListElement":[{"@type":"ListItem","position":1,"name":"Accueil","item":"https:\/\/www.pressenza.com\/es\/"},{"@type":"ListItem","position":2,"name":"Atenas: ocupaci\u00f3n del City Plaza Hotel: \u00bfprevalecer\u00e1 la solidaridad?"}]},{"@type":"WebSite","@id":"https:\/\/www.pressenza.com\/es\/#website","url":"https:\/\/www.pressenza.com\/es\/","name":"Pressenza","description":"International Press Agency","publisher":{"@id":"https:\/\/www.pressenza.com\/es\/#organization"},"potentialAction":[{"@type":"SearchAction","target":{"@type":"EntryPoint","urlTemplate":"https:\/\/www.pressenza.com\/es\/?s={search_term_string}"},"query-input":{"@type":"PropertyValueSpecification","valueRequired":true,"valueName":"search_term_string"}}],"inLanguage":"es"},{"@type":"Organization","@id":"https:\/\/www.pressenza.com\/es\/#organization","name":"Pressenza","url":"https:\/\/www.pressenza.com\/es\/","logo":{"@type":"ImageObject","inLanguage":"es","@id":"https:\/\/www.pressenza.com\/es\/#\/schema\/logo\/image\/","url":"https:\/\/www.pressenza.com\/wp-content\/uploads\/2022\/10\/pressenza_logo_200x200.jpg","contentUrl":"https:\/\/www.pressenza.com\/wp-content\/uploads\/2022\/10\/pressenza_logo_200x200.jpg","width":200,"height":200,"caption":"Pressenza"},"image":{"@id":"https:\/\/www.pressenza.com\/es\/#\/schema\/logo\/image\/"},"sameAs":["https:\/\/www.facebook.com\/PressenzaItalia","https:\/\/x.com\/PressenzaIPA"]},{"@type":"Person","@id":"https:\/\/www.pressenza.com\/es\/#\/schema\/person\/9eae8d7f0aad5ec6a7f6f21ec94480fb","name":"Pressenza Athens","description":"News from the Pressenza Bureau in Athens, Greece","sameAs":["https:\/\/www.facebook.com\/pressenzagr\/","https:\/\/x.com\/Pressenza_ath"],"url":"https:\/\/www.pressenza.com\/es\/author\/pressenza-athens\/"}]}},"place":"Atenas","original_article_url":"","_links":{"self":[{"href":"https:\/\/www.pressenza.com\/es\/wp-json\/wp\/v2\/posts\/319481","targetHints":{"allow":["GET"]}}],"collection":[{"href":"https:\/\/www.pressenza.com\/es\/wp-json\/wp\/v2\/posts"}],"about":[{"href":"https:\/\/www.pressenza.com\/es\/wp-json\/wp\/v2\/types\/post"}],"author":[{"embeddable":true,"href":"https:\/\/www.pressenza.com\/es\/wp-json\/wp\/v2\/users\/1220"}],"replies":[{"embeddable":true,"href":"https:\/\/www.pressenza.com\/es\/wp-json\/wp\/v2\/comments?post=319481"}],"version-history":[{"count":0,"href":"https:\/\/www.pressenza.com\/es\/wp-json\/wp\/v2\/posts\/319481\/revisions"}],"wp:featuredmedia":[{"embeddable":true,"href":"https:\/\/www.pressenza.com\/es\/wp-json\/wp\/v2\/media\/317628"}],"wp:attachment":[{"href":"https:\/\/www.pressenza.com\/es\/wp-json\/wp\/v2\/media?parent=319481"}],"wp:term":[{"taxonomy":"category","embeddable":true,"href":"https:\/\/www.pressenza.com\/es\/wp-json\/wp\/v2\/categories?post=319481"},{"taxonomy":"post_tag","embeddable":true,"href":"https:\/\/www.pressenza.com\/es\/wp-json\/wp\/v2\/tags?post=319481"}],"curies":[{"name":"wp","href":"https:\/\/api.w.org\/{rel}","templated":true}]}}