{"id":319122,"date":"2016-05-18T16:53:59","date_gmt":"2016-05-18T15:53:59","guid":{"rendered":"http:\/\/www.pressenza.com\/es\/?p=319122"},"modified":"2016-05-18T16:53:59","modified_gmt":"2016-05-18T15:53:59","slug":"la-fotografia-una-ventana-historias-vida","status":"publish","type":"post","link":"https:\/\/www.pressenza.com\/es\/2016\/05\/la-fotografia-una-ventana-historias-vida\/","title":{"rendered":"La fotograf\u00eda, una ventana a historias de vida"},"content":{"rendered":"<p>La exposici\u00f3n \u00abInmigraci\u00f3n, contrastes\u00bb ha abierto este martes sus puertas en la sala multiusos del Teatro Auditorio Revell\u00edn. La muestra pretende ser una llamada de atenci\u00f3n sobre los dramas personales que tejen la historia de los movimientos migratorios.<\/p>\n<p><strong>Por A.F.C.<\/strong><\/p>\n<p>\u201cQueremos abrir un espacio de reflexi\u00f3n, que la gente se detenga y piense que tras los datos que describen la inmigraci\u00f3n hay personas con una historia de vida, personas que sufren verdaderos dramas para buscar una existencia mejor\u201d. El presidente de la oeneg\u00e9 Pedagog\u00eda Ciudadana, Mohamed Faitah, ha descrito de este modo el objetivo de la muestra fotogr\u00e1fica que este martes se ha inaugurado en la sala de usos m\u00faltiples del Teatro Auditorio Revell\u00edn.<\/p>\n<p>\u201cInmigraci\u00f3n, contrastes\u201d es el nombre de la exposici\u00f3n que permanecer\u00e1 abierta al p\u00fablico hasta el pr\u00f3ximo 31 de mayo. El acto de inauguraci\u00f3n ha contado con la presencia de un nutrido grupo de residentes en el Centro de Estancia Temporal de Inmigrantes (CETI), a los que ha acompa\u00f1ado la consejera de Cultura, Mabel Deu.<\/p>\n<p>La organizaci\u00f3n ha reconocido como mejor fotograf\u00eda de la muestra la titulada \u201cCaminando\u201d, obra de M\u00f3nica Feriche (en portada). Tambi\u00e9n ha reconocido los trabajos \u201cOjos\u201d y \u201cContraste\u201d (segunda y tercera fotograf\u00edas, respectivamente), ambas del fot\u00f3grafo ceut\u00ed Quino S\u00e1nchez.<\/p>\n<p>La muestra cuenta con la colaboraci\u00f3n de la Consejer\u00eda de Cultura, la Fundaci\u00f3n Premio Convivencia y la direcci\u00f3n del Centro de Estancia Temporal de Inmigrantes (CETI).<\/p>\n<p>El horario de visitas se ha establecido de 10.00 a 14.00 horas y de 17.00 a 21.00 horas de lunes a viernes.<\/p>\n","protected":false},"excerpt":{"rendered":"<p>La exposici\u00f3n \u00abInmigraci\u00f3n, contrastes\u00bb ha abierto este martes sus puertas en la sala multiusos del Teatro Auditorio Revell\u00edn. La muestra pretende ser una llamada de atenci\u00f3n sobre los dramas personales que tejen la historia de los movimientos migratorios. Por A.F.C.&hellip;<\/p>\n","protected":false},"author":1278,"featured_media":319123,"comment_status":"closed","ping_status":"closed","sticky":false,"template":"","format":"standard","meta":{"footnotes":""},"categories":[64,75],"tags":[],"class_list":["post-319122","post","type-post","status-publish","format-standard","has-post-thumbnail","hentry","category-africa-es","category-cultura-es"],"yoast_head":"<!-- This site is optimized with the Yoast SEO plugin v27.1.1 - https:\/\/yoast.com\/product\/yoast-seo-wordpress\/ -->\n<title>La fotograf\u00eda, una ventana a historias de vida<\/title>\n<meta name=\"description\" content=\"La exposici\u00f3n &quot;Inmigraci\u00f3n, contrastes&quot; ha abierto este martes sus puertas en la sala multiusos del Teatro Auditorio Revell\u00edn. La muestra pretende ser una\" \/>\n<meta name=\"robots\" content=\"index, follow, max-snippet:-1, max-image-preview:large, max-video-preview:-1\" \/>\n<link rel=\"canonical\" href=\"https:\/\/www.pressenza.com\/es\/2016\/05\/la-fotografia-una-ventana-historias-vida\/\" \/>\n<meta property=\"og:locale\" content=\"es_ES\" \/>\n<meta property=\"og:type\" content=\"article\" \/>\n<meta property=\"og:title\" content=\"La fotograf\u00eda, una ventana a historias de vida\" \/>\n<meta property=\"og:description\" content=\"La exposici\u00f3n &quot;Inmigraci\u00f3n, contrastes&quot; ha abierto este martes sus puertas en la sala multiusos del Teatro Auditorio Revell\u00edn. La muestra pretende ser una\" \/>\n<meta property=\"og:url\" content=\"https:\/\/www.pressenza.com\/es\/2016\/05\/la-fotografia-una-ventana-historias-vida\/\" \/>\n<meta property=\"og:site_name\" content=\"Pressenza\" \/>\n<meta property=\"article:publisher\" content=\"https:\/\/www.facebook.com\/PressenzaItalia\" \/>\n<meta property=\"article:author\" content=\"https:\/\/www.facebook.com\/ceutaactualidad\/\" \/>\n<meta property=\"article:published_time\" content=\"2016-05-18T15:53:59+00:00\" \/>\n<meta property=\"og:image\" content=\"https:\/\/www.pressenza.com\/wp-content\/uploads\/2016\/05\/Caminando.jpg\" \/>\n\t<meta property=\"og:image:width\" content=\"750\" \/>\n\t<meta property=\"og:image:height\" content=\"704\" \/>\n\t<meta property=\"og:image:type\" content=\"image\/jpeg\" \/>\n<meta name=\"author\" content=\"Ceuta Actualidad\" \/>\n<meta name=\"twitter:card\" content=\"summary_large_image\" \/>\n<meta name=\"twitter:creator\" content=\"@ceutaactualidad\" \/>\n<meta name=\"twitter:site\" content=\"@PressenzaIPA\" \/>\n<meta name=\"twitter:label1\" content=\"Escrito por\" \/>\n\t<meta name=\"twitter:data1\" content=\"Ceuta Actualidad\" \/>\n\t<meta name=\"twitter:label2\" content=\"Tiempo de lectura\" \/>\n\t<meta name=\"twitter:data2\" content=\"1 minuto\" \/>\n<script type=\"application\/ld+json\" class=\"yoast-schema-graph\">{\"@context\":\"https:\/\/schema.org\",\"@graph\":[{\"@type\":\"Article\",\"@id\":\"https:\/\/www.pressenza.com\/es\/2016\/05\/la-fotografia-una-ventana-historias-vida\/#article\",\"isPartOf\":{\"@id\":\"https:\/\/www.pressenza.com\/es\/2016\/05\/la-fotografia-una-ventana-historias-vida\/\"},\"author\":{\"name\":\"Ceuta Actualidad\",\"@id\":\"https:\/\/www.pressenza.com\/es\/#\/schema\/person\/6debab0be4d535c1a355c4db2b7cb125\"},\"headline\":\"La fotograf\u00eda, una ventana a historias de vida\",\"datePublished\":\"2016-05-18T15:53:59+00:00\",\"mainEntityOfPage\":{\"@id\":\"https:\/\/www.pressenza.com\/es\/2016\/05\/la-fotografia-una-ventana-historias-vida\/\"},\"wordCount\":287,\"publisher\":{\"@id\":\"https:\/\/www.pressenza.com\/es\/#organization\"},\"image\":{\"@id\":\"https:\/\/www.pressenza.com\/es\/2016\/05\/la-fotografia-una-ventana-historias-vida\/#primaryimage\"},\"thumbnailUrl\":\"https:\/\/www.pressenza.com\/wp-content\/uploads\/2016\/05\/Caminando.jpg\",\"articleSection\":[\"Africa\",\"Cultura y Medios\"],\"inLanguage\":\"es\"},{\"@type\":\"WebPage\",\"@id\":\"https:\/\/www.pressenza.com\/es\/2016\/05\/la-fotografia-una-ventana-historias-vida\/\",\"url\":\"https:\/\/www.pressenza.com\/es\/2016\/05\/la-fotografia-una-ventana-historias-vida\/\",\"name\":\"La fotograf\u00eda, una ventana a historias de vida\",\"isPartOf\":{\"@id\":\"https:\/\/www.pressenza.com\/es\/#website\"},\"primaryImageOfPage\":{\"@id\":\"https:\/\/www.pressenza.com\/es\/2016\/05\/la-fotografia-una-ventana-historias-vida\/#primaryimage\"},\"image\":{\"@id\":\"https:\/\/www.pressenza.com\/es\/2016\/05\/la-fotografia-una-ventana-historias-vida\/#primaryimage\"},\"thumbnailUrl\":\"https:\/\/www.pressenza.com\/wp-content\/uploads\/2016\/05\/Caminando.jpg\",\"datePublished\":\"2016-05-18T15:53:59+00:00\",\"description\":\"La exposici\u00f3n \\\"Inmigraci\u00f3n, contrastes\\\" ha abierto este martes sus puertas en la sala multiusos del Teatro Auditorio Revell\u00edn. La muestra pretende ser una\",\"breadcrumb\":{\"@id\":\"https:\/\/www.pressenza.com\/es\/2016\/05\/la-fotografia-una-ventana-historias-vida\/#breadcrumb\"},\"inLanguage\":\"es\",\"potentialAction\":[{\"@type\":\"ReadAction\",\"target\":[\"https:\/\/www.pressenza.com\/es\/2016\/05\/la-fotografia-una-ventana-historias-vida\/\"]}]},{\"@type\":\"ImageObject\",\"inLanguage\":\"es\",\"@id\":\"https:\/\/www.pressenza.com\/es\/2016\/05\/la-fotografia-una-ventana-historias-vida\/#primaryimage\",\"url\":\"https:\/\/www.pressenza.com\/wp-content\/uploads\/2016\/05\/Caminando.jpg\",\"contentUrl\":\"https:\/\/www.pressenza.com\/wp-content\/uploads\/2016\/05\/Caminando.jpg\",\"width\":750,\"height\":704},{\"@type\":\"BreadcrumbList\",\"@id\":\"https:\/\/www.pressenza.com\/es\/2016\/05\/la-fotografia-una-ventana-historias-vida\/#breadcrumb\",\"itemListElement\":[{\"@type\":\"ListItem\",\"position\":1,\"name\":\"Accueil\",\"item\":\"https:\/\/www.pressenza.com\/es\/\"},{\"@type\":\"ListItem\",\"position\":2,\"name\":\"La fotograf\u00eda, una ventana a historias de vida\"}]},{\"@type\":\"WebSite\",\"@id\":\"https:\/\/www.pressenza.com\/es\/#website\",\"url\":\"https:\/\/www.pressenza.com\/es\/\",\"name\":\"Pressenza\",\"description\":\"International Press Agency\",\"publisher\":{\"@id\":\"https:\/\/www.pressenza.com\/es\/#organization\"},\"potentialAction\":[{\"@type\":\"SearchAction\",\"target\":{\"@type\":\"EntryPoint\",\"urlTemplate\":\"https:\/\/www.pressenza.com\/es\/?s={search_term_string}\"},\"query-input\":{\"@type\":\"PropertyValueSpecification\",\"valueRequired\":true,\"valueName\":\"search_term_string\"}}],\"inLanguage\":\"es\"},{\"@type\":\"Organization\",\"@id\":\"https:\/\/www.pressenza.com\/es\/#organization\",\"name\":\"Pressenza\",\"url\":\"https:\/\/www.pressenza.com\/es\/\",\"logo\":{\"@type\":\"ImageObject\",\"inLanguage\":\"es\",\"@id\":\"https:\/\/www.pressenza.com\/es\/#\/schema\/logo\/image\/\",\"url\":\"https:\/\/www.pressenza.com\/wp-content\/uploads\/2022\/10\/pressenza_logo_200x200.jpg\",\"contentUrl\":\"https:\/\/www.pressenza.com\/wp-content\/uploads\/2022\/10\/pressenza_logo_200x200.jpg\",\"width\":200,\"height\":200,\"caption\":\"Pressenza\"},\"image\":{\"@id\":\"https:\/\/www.pressenza.com\/es\/#\/schema\/logo\/image\/\"},\"sameAs\":[\"https:\/\/www.facebook.com\/PressenzaItalia\",\"https:\/\/x.com\/PressenzaIPA\"]},{\"@type\":\"Person\",\"@id\":\"https:\/\/www.pressenza.com\/es\/#\/schema\/person\/6debab0be4d535c1a355c4db2b7cb125\",\"name\":\"Ceuta Actualidad\",\"sameAs\":[\"https:\/\/www.facebook.com\/ceutaactualidad\/\",\"https:\/\/x.com\/ceutaactualidad\"],\"url\":\"https:\/\/www.pressenza.com\/es\/author\/ceuta-actualidad\/\"}]}<\/script>\n<!-- \/ Yoast SEO plugin. -->","yoast_head_json":{"title":"La fotograf\u00eda, una ventana a historias de vida","description":"La exposici\u00f3n \"Inmigraci\u00f3n, contrastes\" ha abierto este martes sus puertas en la sala multiusos del Teatro Auditorio Revell\u00edn. La muestra pretende ser una","robots":{"index":"index","follow":"follow","max-snippet":"max-snippet:-1","max-image-preview":"max-image-preview:large","max-video-preview":"max-video-preview:-1"},"canonical":"https:\/\/www.pressenza.com\/es\/2016\/05\/la-fotografia-una-ventana-historias-vida\/","og_locale":"es_ES","og_type":"article","og_title":"La fotograf\u00eda, una ventana a historias de vida","og_description":"La exposici\u00f3n \"Inmigraci\u00f3n, contrastes\" ha abierto este martes sus puertas en la sala multiusos del Teatro Auditorio Revell\u00edn. La muestra pretende ser una","og_url":"https:\/\/www.pressenza.com\/es\/2016\/05\/la-fotografia-una-ventana-historias-vida\/","og_site_name":"Pressenza","article_publisher":"https:\/\/www.facebook.com\/PressenzaItalia","article_author":"https:\/\/www.facebook.com\/ceutaactualidad\/","article_published_time":"2016-05-18T15:53:59+00:00","og_image":[{"width":750,"height":704,"url":"https:\/\/www.pressenza.com\/wp-content\/uploads\/2016\/05\/Caminando.jpg","type":"image\/jpeg"}],"author":"Ceuta Actualidad","twitter_card":"summary_large_image","twitter_creator":"@ceutaactualidad","twitter_site":"@PressenzaIPA","twitter_misc":{"Escrito por":"Ceuta Actualidad","Tiempo de lectura":"1 minuto"},"schema":{"@context":"https:\/\/schema.org","@graph":[{"@type":"Article","@id":"https:\/\/www.pressenza.com\/es\/2016\/05\/la-fotografia-una-ventana-historias-vida\/#article","isPartOf":{"@id":"https:\/\/www.pressenza.com\/es\/2016\/05\/la-fotografia-una-ventana-historias-vida\/"},"author":{"name":"Ceuta Actualidad","@id":"https:\/\/www.pressenza.com\/es\/#\/schema\/person\/6debab0be4d535c1a355c4db2b7cb125"},"headline":"La fotograf\u00eda, una ventana a historias de vida","datePublished":"2016-05-18T15:53:59+00:00","mainEntityOfPage":{"@id":"https:\/\/www.pressenza.com\/es\/2016\/05\/la-fotografia-una-ventana-historias-vida\/"},"wordCount":287,"publisher":{"@id":"https:\/\/www.pressenza.com\/es\/#organization"},"image":{"@id":"https:\/\/www.pressenza.com\/es\/2016\/05\/la-fotografia-una-ventana-historias-vida\/#primaryimage"},"thumbnailUrl":"https:\/\/www.pressenza.com\/wp-content\/uploads\/2016\/05\/Caminando.jpg","articleSection":["Africa","Cultura y Medios"],"inLanguage":"es"},{"@type":"WebPage","@id":"https:\/\/www.pressenza.com\/es\/2016\/05\/la-fotografia-una-ventana-historias-vida\/","url":"https:\/\/www.pressenza.com\/es\/2016\/05\/la-fotografia-una-ventana-historias-vida\/","name":"La fotograf\u00eda, una ventana a historias de vida","isPartOf":{"@id":"https:\/\/www.pressenza.com\/es\/#website"},"primaryImageOfPage":{"@id":"https:\/\/www.pressenza.com\/es\/2016\/05\/la-fotografia-una-ventana-historias-vida\/#primaryimage"},"image":{"@id":"https:\/\/www.pressenza.com\/es\/2016\/05\/la-fotografia-una-ventana-historias-vida\/#primaryimage"},"thumbnailUrl":"https:\/\/www.pressenza.com\/wp-content\/uploads\/2016\/05\/Caminando.jpg","datePublished":"2016-05-18T15:53:59+00:00","description":"La exposici\u00f3n \"Inmigraci\u00f3n, contrastes\" ha abierto este martes sus puertas en la sala multiusos del Teatro Auditorio Revell\u00edn. La muestra pretende ser una","breadcrumb":{"@id":"https:\/\/www.pressenza.com\/es\/2016\/05\/la-fotografia-una-ventana-historias-vida\/#breadcrumb"},"inLanguage":"es","potentialAction":[{"@type":"ReadAction","target":["https:\/\/www.pressenza.com\/es\/2016\/05\/la-fotografia-una-ventana-historias-vida\/"]}]},{"@type":"ImageObject","inLanguage":"es","@id":"https:\/\/www.pressenza.com\/es\/2016\/05\/la-fotografia-una-ventana-historias-vida\/#primaryimage","url":"https:\/\/www.pressenza.com\/wp-content\/uploads\/2016\/05\/Caminando.jpg","contentUrl":"https:\/\/www.pressenza.com\/wp-content\/uploads\/2016\/05\/Caminando.jpg","width":750,"height":704},{"@type":"BreadcrumbList","@id":"https:\/\/www.pressenza.com\/es\/2016\/05\/la-fotografia-una-ventana-historias-vida\/#breadcrumb","itemListElement":[{"@type":"ListItem","position":1,"name":"Accueil","item":"https:\/\/www.pressenza.com\/es\/"},{"@type":"ListItem","position":2,"name":"La fotograf\u00eda, una ventana a historias de vida"}]},{"@type":"WebSite","@id":"https:\/\/www.pressenza.com\/es\/#website","url":"https:\/\/www.pressenza.com\/es\/","name":"Pressenza","description":"International Press Agency","publisher":{"@id":"https:\/\/www.pressenza.com\/es\/#organization"},"potentialAction":[{"@type":"SearchAction","target":{"@type":"EntryPoint","urlTemplate":"https:\/\/www.pressenza.com\/es\/?s={search_term_string}"},"query-input":{"@type":"PropertyValueSpecification","valueRequired":true,"valueName":"search_term_string"}}],"inLanguage":"es"},{"@type":"Organization","@id":"https:\/\/www.pressenza.com\/es\/#organization","name":"Pressenza","url":"https:\/\/www.pressenza.com\/es\/","logo":{"@type":"ImageObject","inLanguage":"es","@id":"https:\/\/www.pressenza.com\/es\/#\/schema\/logo\/image\/","url":"https:\/\/www.pressenza.com\/wp-content\/uploads\/2022\/10\/pressenza_logo_200x200.jpg","contentUrl":"https:\/\/www.pressenza.com\/wp-content\/uploads\/2022\/10\/pressenza_logo_200x200.jpg","width":200,"height":200,"caption":"Pressenza"},"image":{"@id":"https:\/\/www.pressenza.com\/es\/#\/schema\/logo\/image\/"},"sameAs":["https:\/\/www.facebook.com\/PressenzaItalia","https:\/\/x.com\/PressenzaIPA"]},{"@type":"Person","@id":"https:\/\/www.pressenza.com\/es\/#\/schema\/person\/6debab0be4d535c1a355c4db2b7cb125","name":"Ceuta Actualidad","sameAs":["https:\/\/www.facebook.com\/ceutaactualidad\/","https:\/\/x.com\/ceutaactualidad"],"url":"https:\/\/www.pressenza.com\/es\/author\/ceuta-actualidad\/"}]}},"place":"Ceuta (Espa\u00f1a)","original_article_url":"http:\/\/www.ceutaactualidad.com\/articulo\/inmigracion\/fotografia-ventana-inmigracion\/20160517200616025130.html","_links":{"self":[{"href":"https:\/\/www.pressenza.com\/es\/wp-json\/wp\/v2\/posts\/319122","targetHints":{"allow":["GET"]}}],"collection":[{"href":"https:\/\/www.pressenza.com\/es\/wp-json\/wp\/v2\/posts"}],"about":[{"href":"https:\/\/www.pressenza.com\/es\/wp-json\/wp\/v2\/types\/post"}],"author":[{"embeddable":true,"href":"https:\/\/www.pressenza.com\/es\/wp-json\/wp\/v2\/users\/1278"}],"replies":[{"embeddable":true,"href":"https:\/\/www.pressenza.com\/es\/wp-json\/wp\/v2\/comments?post=319122"}],"version-history":[{"count":0,"href":"https:\/\/www.pressenza.com\/es\/wp-json\/wp\/v2\/posts\/319122\/revisions"}],"wp:featuredmedia":[{"embeddable":true,"href":"https:\/\/www.pressenza.com\/es\/wp-json\/wp\/v2\/media\/319123"}],"wp:attachment":[{"href":"https:\/\/www.pressenza.com\/es\/wp-json\/wp\/v2\/media?parent=319122"}],"wp:term":[{"taxonomy":"category","embeddable":true,"href":"https:\/\/www.pressenza.com\/es\/wp-json\/wp\/v2\/categories?post=319122"},{"taxonomy":"post_tag","embeddable":true,"href":"https:\/\/www.pressenza.com\/es\/wp-json\/wp\/v2\/tags?post=319122"}],"curies":[{"name":"wp","href":"https:\/\/api.w.org\/{rel}","templated":true}]}}