{"id":318615,"date":"2016-05-17T04:14:42","date_gmt":"2016-05-17T03:14:42","guid":{"rendered":"http:\/\/www.pressenza.com\/es\/?p=318615"},"modified":"2016-05-17T04:14:42","modified_gmt":"2016-05-17T03:14:42","slug":"corbyn-seria-una-voz-muy-importante-para-paz-reconciliacion-y-el-fin-de-las-armas-nucleares-s-swinden","status":"publish","type":"post","link":"https:\/\/www.pressenza.com\/es\/2016\/05\/corbyn-seria-una-voz-muy-importante-para-paz-reconciliacion-y-el-fin-de-las-armas-nucleares-s-swinden\/","title":{"rendered":"\u00abCorbyn ser\u00eda una voz muy importante para la paz, la reconciliaci\u00f3n y el fin de las armas nucleares\u00bb S. Swinden"},"content":{"rendered":"<p><em>Para el programa que Pressenza realiza para la Radio P\u00fablica de Ecuador, Pichincha Universal, todos los viernes a las 9 horas de Quito. Mariano Quiroga se conect\u00f3 con la editora de Pressenza en Londres, Silvia Swinden para comprender mejor el fen\u00f3meno Jeremy Corbyn, c\u00f3mo se realiza el debate sobre la salida del Reino Unido de la Uni\u00f3n Europea y el impacto de los papeles de Panam\u00e1 sobre el Primer Ministro brit\u00e1nico David Cameron.<\/em><\/p>\n<p><strong>Mariano: La vida pol\u00edtica Europea va de esc\u00e1ndalo en esc\u00e1ndalo, sin embargo los cambios parece que no terminan de llegar. Jeremy Corbyn venia impulsando un cambio dentro del Partido Laborista que levantaba un poquito de esperanza, \u00bfsigue adelante ese proceso? <\/strong><\/p>\n<p><strong>Silvia Swinden:<\/strong>\u00a0 Este proceso sigue adelante a pesar de las trabas obscenas que se le ponen dentro y fuera del partido Laborista. La mala propaganda que le hacen desde el sistema, las acusaciones infundadas, los intentos de ponerlo en la peor luz posible, es realmente escandaloso. Incluso dentro del partido Laborista hay gente que no lo traga, justamente porque es un tipo completamente genuino, totalmente dedicado a la gente, a mejorar la situaci\u00f3n de la gente, a combatir la austeridad, las diferencias, las desigualdades econ\u00f3micas, sociales, de todo tipo que existen. Dedicado a proteger el sistema de salud que est\u00e1n tratando de destruir los Tories, realmente es un tipo muy interesante, con ideas humanistas, con ideas excelentes. Tiene un gran apoyo en las bases del partido Laborista e incluso han estado tratando de ver c\u00f3mo un golpe interno podr\u00eda cambiar el l\u00edder y se dieron cuenta que la gente dentro del partido Laborista va a volver a votar por \u00e9l mayoritariamente. As\u00ed que por ahora su situaci\u00f3n no va a cambiar, pero bueno vamos a ver qu\u00e9 pasa, hubo elecciones locales y los que est\u00e1n tratando de defenestrarlo se van agarrar de cualquier evidencia, de falta de popularidad del Partido Laborista o lo que sea, para atacarlo a \u00e9l.<\/p>\n<p><strong>Mariano: O sea que est\u00e1 dentro de una campa\u00f1a sucia permanente, tratando de deslegitimarlo.<\/strong><\/p>\n<p><strong>Silvia Swinden:<\/strong> Y sus ideas, no solamente \u00e9l como persona, sino exactamente el punto de vista de la solidaridad, del cambio econ\u00f3mico m\u00e1s humanizado, m\u00e1s comunitario todo eso es un insulto a la situaci\u00f3n del sistema en este momento, el neoliberalismo y por eso quieren destruirlo a \u00e9l como persona y a sus propuestas.<\/p>\n<p><strong>Mariano: Pienso en David Cameron, que vendr\u00eda a encarnar ese neoliberalismo que est\u00e1 como primer ministro del Reino Unido, pese a formar parte de este esc\u00e1ndalo de los Panama Papers. Desde la Argentina, teniendo un presidente que aparece en todos los cuadros de honor de la evasi\u00f3n fiscal y el refugio de dinero en cuevas offshore y todo esto, estamos muy pendientes de qu\u00e9 va a pasar con David Cameron, \u00bfest\u00e1 realmente la renuncia como una posibilidad?<\/strong><\/p>\n<p><strong>Silvia Swinden:<\/strong> No, no, en principio no, a no ser que lo pesquen en algo, el sistema ha sido muy inteligente, entre comillas, para diferenciar lo que ser\u00eda la evasi\u00f3n de impuestos, el no pago de impuestos pero de maneras\u00a0 legales.<\/p>\n<p><strong>Mariano: S\u00ed, el ordenamiento contable como les gusta llamarlo.<\/strong><\/p>\n<p><strong>Silvia Swinden:<\/strong> Claro, inversiones en offshore no se puede demostrar que fueron espec\u00edficamente dise\u00f1adas para evadir impuestos. La evasi\u00f3n de impuestos es ilegal, pero justamente estas compa\u00f1\u00edas como la de Panama que hay miles de esas compa\u00f1\u00edas todas las compa\u00f1\u00edas que son de inversi\u00f3n que traen el dinero, las offshore quiere decir lejos de la Costa, una de las offshore m\u00e1s grande del mundo es la City de Londres, hay cantidad ah\u00ed de esquemas para evitar impuestos. O sea, estamos hablando de que la evasi\u00f3n de impuestos es ilegal, pero evitar impuestos por trucos de contabilidad y de inversi\u00f3n, no es ilegal, est\u00e1 dise\u00f1ado, justamente, para que la gente pueda decir \u201cs\u00ed, si yo ten\u00eda ah\u00ed unas inversiones en Panam\u00e1 o inversiones en las City o inversiones en Suiza o en las Islas Caim\u00e1n o donde sea, pero no hice nada ilegal\u201d. Entonces as\u00ed est\u00e1 dise\u00f1ado el sistema y eso hace que la mayor parte de esta gente que ha sido pescada estableciendo estas compa\u00f1\u00edas, estos negocios sucios, en realidad lo que hicieron es inmoral pero no ilegal. Por lo tanto, no hay nada que pueda forzarlos a renunciar. Lo que pas\u00f3 en Islandia, que renunci\u00f3 el Primer Ministro, es m\u00e1s bien \u00a0una \u00a0continuaci\u00f3n de algo que ha estado pasando en Islandia, que la gente \u00a0se moviliza, va frente a la casa de gobierno y producen cambios, ha sido m\u00e1s una cuesti\u00f3n del proceso que ha ido llevando Islandia y no tanto un proceso de ilegalidad que podr\u00eda expandirse y generalizarse a todos los otros pa\u00edses donde se encontraron a las autoridades enganchados en estos negocios.<\/p>\n<p><strong>Mariano: A veces desde afuera ve\u00edamos todo este debate que hab\u00eda en el Reino Unido, sobre si salir de la Uni\u00f3n Europea o seguir en la Uni\u00f3n Europea quiz\u00e1s como una cortina de humo, tambi\u00e9n para esconder falencias m\u00e1s importantes. Me parece que ahora los documentos que filtr\u00f3 Greenpeace sobre el acuerdo del TTIP que est\u00e1 firmando la Uni\u00f3n Europea con los Estados Unidos muestra que realmente hay un plan siniestro en marcha. Y no s\u00e9, eso c\u00f3mo puede jugar justamente en esta discusi\u00f3n que se estaba teniendo en el Reino Unido sobre una posible salida de la Uni\u00f3n Europea.<\/strong><\/p>\n<p><strong>Silvia Swinden:<\/strong> Bueno, la salida o no salida de la Uni\u00f3n Europea, en realidad no dice nada sobre el sistema econ\u00f3mico en el cual vamos a vivir en el futuro, o sea, desde el punto de vista de la austeridad, la desigualdad, la privatizaci\u00f3n, la destrucci\u00f3n del sistema de salud y todas esas cosas que son lo realmente importante, quedarse o salir no hace tanto la diferencia. En ambos casos las dos posiciones encontradas van a tener que luchar por un sistema m\u00e1s o menos neoliberal, m\u00e1s o menos dedicado a la gente. Entonces le van a poner mucha energ\u00eda, mucha fuerza al debate de si estar o no estar y va a ganar la posici\u00f3n que logre poner con m\u00e1s fuerza el argumento en cuanto a la inmigraci\u00f3n, ese es el punto m\u00e1s \u00e1lgido que ya se est\u00e1 viendo, ha tenido consecuencias en otros pa\u00edses europeos. Las posiciones de la extrema derecha van ganando terreno sobre la marcha de esta inmigraci\u00f3n que est\u00e1 producida, justamente, por las pol\u00edticas exteriores de Europa, por la destrucci\u00f3n de Siria, la destrucci\u00f3n de Medio Oriente, de todo lo que est\u00e1 pasando en el norte de \u00c1frica. Entonces, el tema migraci\u00f3n es muy terrible pero embauca a la gente, el miedo a lo diferente, a la alteridad, la Islamofobia que galopa por Europa, todo eso hace que el tema de la inmigraci\u00f3n sea muy importante en cuanto si este pa\u00eds se queda dentro de Europa o sale. O sea, si Europa firma el TTIP, que va ser un desastre total en cuanto a la privatizaci\u00f3n, las corporaciones que van a llevar a las cortes a los gobiernos que est\u00e1n traten de implantar medidas importante para su poblaci\u00f3n, bueno, si eso le hace perder dinero a la corporaci\u00f3n, la corporaci\u00f3n va a tener el derecho a impedir a los gobiernos que establezcan ese tipo de prioridades, empezando por la salud, siguiendo por la educaci\u00f3n. O sea, ya est\u00e1n en la mira. Lo que pasa es que sin el TTIP, es decir, si Inglaterra sale de Europa, todav\u00eda hay una gran \u00e9tica neoliberal dentro de Inglaterra que va a trabajar exactamente en la misma direcci\u00f3n: por la privatizaci\u00f3n, la desaparici\u00f3n de la salud p\u00fablica y de la educaci\u00f3n p\u00fablica. Entonces, no es tan central desde ese punto de vista. Pero s\u00ed es central desde el punto de vista de una Inglaterra trabajando con gente af\u00edn, por ejemplo la gente de Varoufakis, del Diem25, trabajando por un Europa m\u00e1s parecida a lo que la Uni\u00f3n Europea propon\u00eda en sus comienzos, m\u00e1s como para evitar las guerras, para producir solidaridad entre sus pa\u00edses, no la Europa de los bancos que se ha ido forjando en los \u00faltimos a\u00f1os.<\/p>\n<p><strong>Mariano: Eso estar\u00eda m\u00e1s en relaci\u00f3n con lo que podr\u00eda postular o reivindicar Corbyn, digamos. En ese sentido, \u00bfpodr\u00eda haber una unidad de acci\u00f3n con un movimiento como el Diem25?<\/strong><\/p>\n<p><strong>Silvia Swinden:<\/strong>\u00a0 Seguro que ha habido comunicaci\u00f3n entre Corbyn y Diem25, hay otros partidos como los verdes que est\u00e1n m\u00e1s org\u00e1nicamente metidos dentro de Diem25, pero Varoufakis y Corbyn, ciertamente, han hablado, se han comunicado, ah\u00ed hay mucha evidencia de comunicaci\u00f3n, lo que pasa es que Corbyn es el l\u00edder del partido Laborista que es la oposici\u00f3n oficial, tienen una historia, una independencia, \u00e9l no puede desdibujar demasiado el partido laborista dentro de Europa.<\/p>\n<p><strong>Mariano: Que adem\u00e1s, hoy por hoy, es un partido mucho m\u00e1s grande que lo que es Diem25.<\/strong><\/p>\n<p><strong>Silvia Swinden: <\/strong>Bueno, todav\u00eda tiene la posibilidad de producir,\u00a0 yo creo que si Corbyn es elegido primer ministro de Inglaterra va a tener una influencia muy, muy interesante, no solamente sobre el resto de Europa, sino como pol\u00edtica exterior en el mundo. O sea, su visi\u00f3n de paz, noviolencia y antinuclear son de una coherencia hist\u00f3rica impresionante.<\/p>\n<p><strong>Mariano: Que bien nos vendr\u00eda un l\u00edder como Corbyn y otro como Sanders en este momento tan peligroso en el mundo.<\/strong><\/p>\n<p><strong>Silvia Swinden: <\/strong>Bueno, yo creo que es el horror el pensar que alguien como Trump, puede llegar a tener el dedito en el bot\u00f3n. Espero que nuestros amigos norteamericanos puedan ver la necesidad de alejarse de esa histeria, de una cosa tan terrible. Pero no, si Corbyn llegara a ser el primer ministro, yo creo que tendr\u00edamos una voz muy importante por la paz, por la reconciliaci\u00f3n, por el fin de las armas nucleares, por todas las cosas que en este momento el neoliberalismo est\u00e1 empujando en contra, es un tipo muy interesante, muy interesante.<\/p>\n<p><strong>Mariano: Bueno ya sabemos d\u00f3nde jugar nuestras fichas entonces cuando pensemos\u00a0 en el Reino Unido y en esa necesidad de transformaci\u00f3n.<\/strong><\/p>\n","protected":false},"excerpt":{"rendered":"<p>Para el programa que Pressenza realiza para la Radio P\u00fablica de Ecuador, Pichincha Universal, todos los viernes a las 9 horas de Quito. Mariano Quiroga se conect\u00f3 con la editora de Pressenza en Londres, Silvia Swinden para comprender mejor el&hellip;<\/p>\n","protected":false},"author":96,"featured_media":318616,"comment_status":"closed","ping_status":"closed","sticky":false,"template":"","format":"standard","meta":{"footnotes":""},"categories":[76,11389,81,155,66,1243,74],"tags":[1437,23048,26187,26192,26176,1793,12937,4817],"class_list":["post-318615","post","type-post","status-publish","format-standard","has-post-thumbnail","hentry","category-relaciones-exteriores","category-contenido-original","category-economia-es","category-entrevistas","category-europa-es","category-paz-desarme","category-politica-es","tag-david-cameron","tag-diem25-es","tag-donald-trump-es","tag-jeremy-corbyn-es","tag-panama-papers-es","tag-reino-unido","tag-ttip-es","tag-union-europea"],"yoast_head":"<!-- This site is optimized with the Yoast SEO plugin v27.1.1 - https:\/\/yoast.com\/product\/yoast-seo-wordpress\/ -->\n<title>&quot;Corbyn ser\u00eda una voz muy importante para la paz, la reconciliaci\u00f3n y el fin de las armas nucleares&quot; S. Swinden<\/title>\n<meta name=\"description\" content=\"Para el programa que Pressenza realiza para la Radio P\u00fablica de Ecuador, Pichincha Universal, todos los viernes a las 9 horas de Quito. Mariano Quiroga se\" \/>\n<meta name=\"robots\" content=\"index, follow, max-snippet:-1, max-image-preview:large, max-video-preview:-1\" \/>\n<link rel=\"canonical\" href=\"https:\/\/www.pressenza.com\/es\/2016\/05\/corbyn-seria-una-voz-muy-importante-para-paz-reconciliacion-y-el-fin-de-las-armas-nucleares-s-swinden\/\" \/>\n<meta property=\"og:locale\" content=\"es_ES\" \/>\n<meta property=\"og:type\" content=\"article\" \/>\n<meta property=\"og:title\" content=\"&quot;Corbyn ser\u00eda una voz muy importante para la paz, la reconciliaci\u00f3n y el fin de las armas nucleares&quot; S. Swinden\" \/>\n<meta property=\"og:description\" content=\"Para el programa que Pressenza realiza para la Radio P\u00fablica de Ecuador, Pichincha Universal, todos los viernes a las 9 horas de Quito. Mariano Quiroga se\" \/>\n<meta property=\"og:url\" content=\"https:\/\/www.pressenza.com\/es\/2016\/05\/corbyn-seria-una-voz-muy-importante-para-paz-reconciliacion-y-el-fin-de-las-armas-nucleares-s-swinden\/\" \/>\n<meta property=\"og:site_name\" content=\"Pressenza\" \/>\n<meta property=\"article:publisher\" content=\"https:\/\/www.facebook.com\/PressenzaItalia\" \/>\n<meta property=\"article:author\" content=\"https:\/\/www.facebook.com\/mariano.quiroga.779\" \/>\n<meta property=\"article:published_time\" content=\"2016-05-17T03:14:42+00:00\" \/>\n<meta property=\"og:image\" content=\"https:\/\/www.pressenza.com\/wp-content\/uploads\/2016\/05\/DonkeyHotey-JeremyCorbyn.jpg\" \/>\n\t<meta property=\"og:image:width\" content=\"706\" \/>\n\t<meta property=\"og:image:height\" content=\"504\" \/>\n\t<meta property=\"og:image:type\" content=\"image\/jpeg\" \/>\n<meta name=\"author\" content=\"Mariano Quiroga\" \/>\n<meta name=\"twitter:card\" content=\"summary_large_image\" \/>\n<meta name=\"twitter:creator\" content=\"@MaruchoQuiroga\" \/>\n<meta name=\"twitter:site\" content=\"@PressenzaIPA\" \/>\n<meta name=\"twitter:label1\" content=\"Escrito por\" \/>\n\t<meta name=\"twitter:data1\" content=\"Mariano Quiroga\" \/>\n\t<meta name=\"twitter:label2\" content=\"Tiempo de lectura\" \/>\n\t<meta name=\"twitter:data2\" content=\"9 minutos\" \/>\n<script type=\"application\/ld+json\" class=\"yoast-schema-graph\">{\"@context\":\"https:\/\/schema.org\",\"@graph\":[{\"@type\":\"Article\",\"@id\":\"https:\/\/www.pressenza.com\/es\/2016\/05\/corbyn-seria-una-voz-muy-importante-para-paz-reconciliacion-y-el-fin-de-las-armas-nucleares-s-swinden\/#article\",\"isPartOf\":{\"@id\":\"https:\/\/www.pressenza.com\/es\/2016\/05\/corbyn-seria-una-voz-muy-importante-para-paz-reconciliacion-y-el-fin-de-las-armas-nucleares-s-swinden\/\"},\"author\":{\"name\":\"Mariano Quiroga\",\"@id\":\"https:\/\/www.pressenza.com\/es\/#\/schema\/person\/a0856fe41d8234b92503e6b28dc2585e\"},\"headline\":\"\u00abCorbyn ser\u00eda una voz muy importante para la paz, la reconciliaci\u00f3n y el fin de las armas nucleares\u00bb S. Swinden\",\"datePublished\":\"2016-05-17T03:14:42+00:00\",\"mainEntityOfPage\":{\"@id\":\"https:\/\/www.pressenza.com\/es\/2016\/05\/corbyn-seria-una-voz-muy-importante-para-paz-reconciliacion-y-el-fin-de-las-armas-nucleares-s-swinden\/\"},\"wordCount\":1793,\"publisher\":{\"@id\":\"https:\/\/www.pressenza.com\/es\/#organization\"},\"image\":{\"@id\":\"https:\/\/www.pressenza.com\/es\/2016\/05\/corbyn-seria-una-voz-muy-importante-para-paz-reconciliacion-y-el-fin-de-las-armas-nucleares-s-swinden\/#primaryimage\"},\"thumbnailUrl\":\"https:\/\/www.pressenza.com\/wp-content\/uploads\/2016\/05\/DonkeyHotey-JeremyCorbyn.jpg\",\"keywords\":[\"David Cameron\",\"DiEM25\",\"Donald Trump\",\"Jeremy Corbyn\",\"Panama Papers\",\"Reino Unido\",\"TTIP\",\"Uni\u00f3n Europea\"],\"articleSection\":[\"Asuntos internacionales\",\"Contenido Original\",\"Econom\u00eda\",\"Entrevistas\",\"Europa\",\"Paz y Desarme\",\"Pol\u00edtica\"],\"inLanguage\":\"es\"},{\"@type\":\"WebPage\",\"@id\":\"https:\/\/www.pressenza.com\/es\/2016\/05\/corbyn-seria-una-voz-muy-importante-para-paz-reconciliacion-y-el-fin-de-las-armas-nucleares-s-swinden\/\",\"url\":\"https:\/\/www.pressenza.com\/es\/2016\/05\/corbyn-seria-una-voz-muy-importante-para-paz-reconciliacion-y-el-fin-de-las-armas-nucleares-s-swinden\/\",\"name\":\"\\\"Corbyn ser\u00eda una voz muy importante para la paz, la reconciliaci\u00f3n y el fin de las armas nucleares\\\" S. Swinden\",\"isPartOf\":{\"@id\":\"https:\/\/www.pressenza.com\/es\/#website\"},\"primaryImageOfPage\":{\"@id\":\"https:\/\/www.pressenza.com\/es\/2016\/05\/corbyn-seria-una-voz-muy-importante-para-paz-reconciliacion-y-el-fin-de-las-armas-nucleares-s-swinden\/#primaryimage\"},\"image\":{\"@id\":\"https:\/\/www.pressenza.com\/es\/2016\/05\/corbyn-seria-una-voz-muy-importante-para-paz-reconciliacion-y-el-fin-de-las-armas-nucleares-s-swinden\/#primaryimage\"},\"thumbnailUrl\":\"https:\/\/www.pressenza.com\/wp-content\/uploads\/2016\/05\/DonkeyHotey-JeremyCorbyn.jpg\",\"datePublished\":\"2016-05-17T03:14:42+00:00\",\"description\":\"Para el programa que Pressenza realiza para la Radio P\u00fablica de Ecuador, Pichincha Universal, todos los viernes a las 9 horas de Quito. Mariano Quiroga se\",\"breadcrumb\":{\"@id\":\"https:\/\/www.pressenza.com\/es\/2016\/05\/corbyn-seria-una-voz-muy-importante-para-paz-reconciliacion-y-el-fin-de-las-armas-nucleares-s-swinden\/#breadcrumb\"},\"inLanguage\":\"es\",\"potentialAction\":[{\"@type\":\"ReadAction\",\"target\":[\"https:\/\/www.pressenza.com\/es\/2016\/05\/corbyn-seria-una-voz-muy-importante-para-paz-reconciliacion-y-el-fin-de-las-armas-nucleares-s-swinden\/\"]}]},{\"@type\":\"ImageObject\",\"inLanguage\":\"es\",\"@id\":\"https:\/\/www.pressenza.com\/es\/2016\/05\/corbyn-seria-una-voz-muy-importante-para-paz-reconciliacion-y-el-fin-de-las-armas-nucleares-s-swinden\/#primaryimage\",\"url\":\"https:\/\/www.pressenza.com\/wp-content\/uploads\/2016\/05\/DonkeyHotey-JeremyCorbyn.jpg\",\"contentUrl\":\"https:\/\/www.pressenza.com\/wp-content\/uploads\/2016\/05\/DonkeyHotey-JeremyCorbyn.jpg\",\"width\":706,\"height\":504},{\"@type\":\"BreadcrumbList\",\"@id\":\"https:\/\/www.pressenza.com\/es\/2016\/05\/corbyn-seria-una-voz-muy-importante-para-paz-reconciliacion-y-el-fin-de-las-armas-nucleares-s-swinden\/#breadcrumb\",\"itemListElement\":[{\"@type\":\"ListItem\",\"position\":1,\"name\":\"Accueil\",\"item\":\"https:\/\/www.pressenza.com\/es\/\"},{\"@type\":\"ListItem\",\"position\":2,\"name\":\"\u00abCorbyn ser\u00eda una voz muy importante para la paz, la reconciliaci\u00f3n y el fin de las armas nucleares\u00bb S. Swinden\"}]},{\"@type\":\"WebSite\",\"@id\":\"https:\/\/www.pressenza.com\/es\/#website\",\"url\":\"https:\/\/www.pressenza.com\/es\/\",\"name\":\"Pressenza\",\"description\":\"International Press Agency\",\"publisher\":{\"@id\":\"https:\/\/www.pressenza.com\/es\/#organization\"},\"potentialAction\":[{\"@type\":\"SearchAction\",\"target\":{\"@type\":\"EntryPoint\",\"urlTemplate\":\"https:\/\/www.pressenza.com\/es\/?s={search_term_string}\"},\"query-input\":{\"@type\":\"PropertyValueSpecification\",\"valueRequired\":true,\"valueName\":\"search_term_string\"}}],\"inLanguage\":\"es\"},{\"@type\":\"Organization\",\"@id\":\"https:\/\/www.pressenza.com\/es\/#organization\",\"name\":\"Pressenza\",\"url\":\"https:\/\/www.pressenza.com\/es\/\",\"logo\":{\"@type\":\"ImageObject\",\"inLanguage\":\"es\",\"@id\":\"https:\/\/www.pressenza.com\/es\/#\/schema\/logo\/image\/\",\"url\":\"https:\/\/www.pressenza.com\/wp-content\/uploads\/2022\/10\/pressenza_logo_200x200.jpg\",\"contentUrl\":\"https:\/\/www.pressenza.com\/wp-content\/uploads\/2022\/10\/pressenza_logo_200x200.jpg\",\"width\":200,\"height\":200,\"caption\":\"Pressenza\"},\"image\":{\"@id\":\"https:\/\/www.pressenza.com\/es\/#\/schema\/logo\/image\/\"},\"sameAs\":[\"https:\/\/www.facebook.com\/PressenzaItalia\",\"https:\/\/x.com\/PressenzaIPA\"]},{\"@type\":\"Person\",\"@id\":\"https:\/\/www.pressenza.com\/es\/#\/schema\/person\/a0856fe41d8234b92503e6b28dc2585e\",\"name\":\"Mariano Quiroga\",\"description\":\"Born in Buenos Aires, Argentina, in 1976, Mariano is a journalist, poet and international editor for Pressenza. His career includes publications in different countries and languages. Currently he is presenter on radio programmes in Ecuador and Argentina. A humanist communicator specialising in international politics, his vocation has led him to seek to build bridges that allow relationships to be made between data, events, people and contexts in order to create an inclusive look that synthesises the noblest searches for social justice and humanisation of the planet.\",\"sameAs\":[\"https:\/\/www.facebook.com\/mariano.quiroga.779\",\"https:\/\/x.com\/MaruchoQuiroga\"],\"url\":\"https:\/\/www.pressenza.com\/es\/author\/mariano-quiroga\/\"}]}<\/script>\n<!-- \/ Yoast SEO plugin. -->","yoast_head_json":{"title":"\"Corbyn ser\u00eda una voz muy importante para la paz, la reconciliaci\u00f3n y el fin de las armas nucleares\" S. Swinden","description":"Para el programa que Pressenza realiza para la Radio P\u00fablica de Ecuador, Pichincha Universal, todos los viernes a las 9 horas de Quito. Mariano Quiroga se","robots":{"index":"index","follow":"follow","max-snippet":"max-snippet:-1","max-image-preview":"max-image-preview:large","max-video-preview":"max-video-preview:-1"},"canonical":"https:\/\/www.pressenza.com\/es\/2016\/05\/corbyn-seria-una-voz-muy-importante-para-paz-reconciliacion-y-el-fin-de-las-armas-nucleares-s-swinden\/","og_locale":"es_ES","og_type":"article","og_title":"\"Corbyn ser\u00eda una voz muy importante para la paz, la reconciliaci\u00f3n y el fin de las armas nucleares\" S. Swinden","og_description":"Para el programa que Pressenza realiza para la Radio P\u00fablica de Ecuador, Pichincha Universal, todos los viernes a las 9 horas de Quito. Mariano Quiroga se","og_url":"https:\/\/www.pressenza.com\/es\/2016\/05\/corbyn-seria-una-voz-muy-importante-para-paz-reconciliacion-y-el-fin-de-las-armas-nucleares-s-swinden\/","og_site_name":"Pressenza","article_publisher":"https:\/\/www.facebook.com\/PressenzaItalia","article_author":"https:\/\/www.facebook.com\/mariano.quiroga.779","article_published_time":"2016-05-17T03:14:42+00:00","og_image":[{"width":706,"height":504,"url":"https:\/\/www.pressenza.com\/wp-content\/uploads\/2016\/05\/DonkeyHotey-JeremyCorbyn.jpg","type":"image\/jpeg"}],"author":"Mariano Quiroga","twitter_card":"summary_large_image","twitter_creator":"@MaruchoQuiroga","twitter_site":"@PressenzaIPA","twitter_misc":{"Escrito por":"Mariano Quiroga","Tiempo de lectura":"9 minutos"},"schema":{"@context":"https:\/\/schema.org","@graph":[{"@type":"Article","@id":"https:\/\/www.pressenza.com\/es\/2016\/05\/corbyn-seria-una-voz-muy-importante-para-paz-reconciliacion-y-el-fin-de-las-armas-nucleares-s-swinden\/#article","isPartOf":{"@id":"https:\/\/www.pressenza.com\/es\/2016\/05\/corbyn-seria-una-voz-muy-importante-para-paz-reconciliacion-y-el-fin-de-las-armas-nucleares-s-swinden\/"},"author":{"name":"Mariano Quiroga","@id":"https:\/\/www.pressenza.com\/es\/#\/schema\/person\/a0856fe41d8234b92503e6b28dc2585e"},"headline":"\u00abCorbyn ser\u00eda una voz muy importante para la paz, la reconciliaci\u00f3n y el fin de las armas nucleares\u00bb S. Swinden","datePublished":"2016-05-17T03:14:42+00:00","mainEntityOfPage":{"@id":"https:\/\/www.pressenza.com\/es\/2016\/05\/corbyn-seria-una-voz-muy-importante-para-paz-reconciliacion-y-el-fin-de-las-armas-nucleares-s-swinden\/"},"wordCount":1793,"publisher":{"@id":"https:\/\/www.pressenza.com\/es\/#organization"},"image":{"@id":"https:\/\/www.pressenza.com\/es\/2016\/05\/corbyn-seria-una-voz-muy-importante-para-paz-reconciliacion-y-el-fin-de-las-armas-nucleares-s-swinden\/#primaryimage"},"thumbnailUrl":"https:\/\/www.pressenza.com\/wp-content\/uploads\/2016\/05\/DonkeyHotey-JeremyCorbyn.jpg","keywords":["David Cameron","DiEM25","Donald Trump","Jeremy Corbyn","Panama Papers","Reino Unido","TTIP","Uni\u00f3n Europea"],"articleSection":["Asuntos internacionales","Contenido Original","Econom\u00eda","Entrevistas","Europa","Paz y Desarme","Pol\u00edtica"],"inLanguage":"es"},{"@type":"WebPage","@id":"https:\/\/www.pressenza.com\/es\/2016\/05\/corbyn-seria-una-voz-muy-importante-para-paz-reconciliacion-y-el-fin-de-las-armas-nucleares-s-swinden\/","url":"https:\/\/www.pressenza.com\/es\/2016\/05\/corbyn-seria-una-voz-muy-importante-para-paz-reconciliacion-y-el-fin-de-las-armas-nucleares-s-swinden\/","name":"\"Corbyn ser\u00eda una voz muy importante para la paz, la reconciliaci\u00f3n y el fin de las armas nucleares\" S. Swinden","isPartOf":{"@id":"https:\/\/www.pressenza.com\/es\/#website"},"primaryImageOfPage":{"@id":"https:\/\/www.pressenza.com\/es\/2016\/05\/corbyn-seria-una-voz-muy-importante-para-paz-reconciliacion-y-el-fin-de-las-armas-nucleares-s-swinden\/#primaryimage"},"image":{"@id":"https:\/\/www.pressenza.com\/es\/2016\/05\/corbyn-seria-una-voz-muy-importante-para-paz-reconciliacion-y-el-fin-de-las-armas-nucleares-s-swinden\/#primaryimage"},"thumbnailUrl":"https:\/\/www.pressenza.com\/wp-content\/uploads\/2016\/05\/DonkeyHotey-JeremyCorbyn.jpg","datePublished":"2016-05-17T03:14:42+00:00","description":"Para el programa que Pressenza realiza para la Radio P\u00fablica de Ecuador, Pichincha Universal, todos los viernes a las 9 horas de Quito. Mariano Quiroga se","breadcrumb":{"@id":"https:\/\/www.pressenza.com\/es\/2016\/05\/corbyn-seria-una-voz-muy-importante-para-paz-reconciliacion-y-el-fin-de-las-armas-nucleares-s-swinden\/#breadcrumb"},"inLanguage":"es","potentialAction":[{"@type":"ReadAction","target":["https:\/\/www.pressenza.com\/es\/2016\/05\/corbyn-seria-una-voz-muy-importante-para-paz-reconciliacion-y-el-fin-de-las-armas-nucleares-s-swinden\/"]}]},{"@type":"ImageObject","inLanguage":"es","@id":"https:\/\/www.pressenza.com\/es\/2016\/05\/corbyn-seria-una-voz-muy-importante-para-paz-reconciliacion-y-el-fin-de-las-armas-nucleares-s-swinden\/#primaryimage","url":"https:\/\/www.pressenza.com\/wp-content\/uploads\/2016\/05\/DonkeyHotey-JeremyCorbyn.jpg","contentUrl":"https:\/\/www.pressenza.com\/wp-content\/uploads\/2016\/05\/DonkeyHotey-JeremyCorbyn.jpg","width":706,"height":504},{"@type":"BreadcrumbList","@id":"https:\/\/www.pressenza.com\/es\/2016\/05\/corbyn-seria-una-voz-muy-importante-para-paz-reconciliacion-y-el-fin-de-las-armas-nucleares-s-swinden\/#breadcrumb","itemListElement":[{"@type":"ListItem","position":1,"name":"Accueil","item":"https:\/\/www.pressenza.com\/es\/"},{"@type":"ListItem","position":2,"name":"\u00abCorbyn ser\u00eda una voz muy importante para la paz, la reconciliaci\u00f3n y el fin de las armas nucleares\u00bb S. Swinden"}]},{"@type":"WebSite","@id":"https:\/\/www.pressenza.com\/es\/#website","url":"https:\/\/www.pressenza.com\/es\/","name":"Pressenza","description":"International Press Agency","publisher":{"@id":"https:\/\/www.pressenza.com\/es\/#organization"},"potentialAction":[{"@type":"SearchAction","target":{"@type":"EntryPoint","urlTemplate":"https:\/\/www.pressenza.com\/es\/?s={search_term_string}"},"query-input":{"@type":"PropertyValueSpecification","valueRequired":true,"valueName":"search_term_string"}}],"inLanguage":"es"},{"@type":"Organization","@id":"https:\/\/www.pressenza.com\/es\/#organization","name":"Pressenza","url":"https:\/\/www.pressenza.com\/es\/","logo":{"@type":"ImageObject","inLanguage":"es","@id":"https:\/\/www.pressenza.com\/es\/#\/schema\/logo\/image\/","url":"https:\/\/www.pressenza.com\/wp-content\/uploads\/2022\/10\/pressenza_logo_200x200.jpg","contentUrl":"https:\/\/www.pressenza.com\/wp-content\/uploads\/2022\/10\/pressenza_logo_200x200.jpg","width":200,"height":200,"caption":"Pressenza"},"image":{"@id":"https:\/\/www.pressenza.com\/es\/#\/schema\/logo\/image\/"},"sameAs":["https:\/\/www.facebook.com\/PressenzaItalia","https:\/\/x.com\/PressenzaIPA"]},{"@type":"Person","@id":"https:\/\/www.pressenza.com\/es\/#\/schema\/person\/a0856fe41d8234b92503e6b28dc2585e","name":"Mariano Quiroga","description":"Born in Buenos Aires, Argentina, in 1976, Mariano is a journalist, poet and international editor for Pressenza. His career includes publications in different countries and languages. Currently he is presenter on radio programmes in Ecuador and Argentina. A humanist communicator specialising in international politics, his vocation has led him to seek to build bridges that allow relationships to be made between data, events, people and contexts in order to create an inclusive look that synthesises the noblest searches for social justice and humanisation of the planet.","sameAs":["https:\/\/www.facebook.com\/mariano.quiroga.779","https:\/\/x.com\/MaruchoQuiroga"],"url":"https:\/\/www.pressenza.com\/es\/author\/mariano-quiroga\/"}]}},"place":"Ciudad de Buenos Aires - Londres","original_article_url":"","_links":{"self":[{"href":"https:\/\/www.pressenza.com\/es\/wp-json\/wp\/v2\/posts\/318615","targetHints":{"allow":["GET"]}}],"collection":[{"href":"https:\/\/www.pressenza.com\/es\/wp-json\/wp\/v2\/posts"}],"about":[{"href":"https:\/\/www.pressenza.com\/es\/wp-json\/wp\/v2\/types\/post"}],"author":[{"embeddable":true,"href":"https:\/\/www.pressenza.com\/es\/wp-json\/wp\/v2\/users\/96"}],"replies":[{"embeddable":true,"href":"https:\/\/www.pressenza.com\/es\/wp-json\/wp\/v2\/comments?post=318615"}],"version-history":[{"count":0,"href":"https:\/\/www.pressenza.com\/es\/wp-json\/wp\/v2\/posts\/318615\/revisions"}],"wp:featuredmedia":[{"embeddable":true,"href":"https:\/\/www.pressenza.com\/es\/wp-json\/wp\/v2\/media\/318616"}],"wp:attachment":[{"href":"https:\/\/www.pressenza.com\/es\/wp-json\/wp\/v2\/media?parent=318615"}],"wp:term":[{"taxonomy":"category","embeddable":true,"href":"https:\/\/www.pressenza.com\/es\/wp-json\/wp\/v2\/categories?post=318615"},{"taxonomy":"post_tag","embeddable":true,"href":"https:\/\/www.pressenza.com\/es\/wp-json\/wp\/v2\/tags?post=318615"}],"curies":[{"name":"wp","href":"https:\/\/api.w.org\/{rel}","templated":true}]}}