{"id":318577,"date":"2016-05-16T23:39:04","date_gmt":"2016-05-16T22:39:04","guid":{"rendered":"http:\/\/www.pressenza.com\/es\/?p=318577"},"modified":"2016-05-16T23:39:04","modified_gmt":"2016-05-16T22:39:04","slug":"jaguar-ya-no-garras-defenderse","status":"publish","type":"post","link":"https:\/\/www.pressenza.com\/es\/2016\/05\/jaguar-ya-no-garras-defenderse\/","title":{"rendered":"El Jaguar ya no tiene garras para defenderse"},"content":{"rendered":"<p style=\"text-align: justify;\"><strong>Por Francisca Silva<\/strong><\/p>\n<p style=\"text-align: justify;\">Dicen que las cosas se ven con mayor claridad cuando se miran con distancia. Pues bien, hace un par de meses que, desde Australia sigo diariamente lo que ocurre en Chile, y haciendo el simple ejercicio de enumerar cada uno de los acontecimientos desencadenados en el \u00faltimo tiempo, es evidente que hay un sistema, una estructura completa, cuyos pilares se desarticulan r\u00e1pidamente para desvanecer por fin, la imagen exitista del Chile que se autodenominaba el \u201cJaguar\u201d de Latinoam\u00e9rica.<\/p>\n<p style=\"text-align: justify;\">Todo lo que est\u00e1 ocurriendo responde a lo mismo. Si vamos al origen, a la ra\u00edz de cada uno de los conflictos que nuestro pa\u00eds enfrenta y nuestra gente sufre, llegamos a un punto en com\u00fan; un modelo, \u201cCosa que sirve como pauta para ser imitada, reproducida o copiada\u201d, importado desde Estados Unidos.<\/p>\n<p style=\"text-align: justify;\">La religi\u00f3n flagelante de Jaime Guzm\u00e1n, la influencia ideol\u00f3gica del reciente autoexiliado Hern\u00e1n B\u00fcchi y la violencia irracional del dictador Pinochet, junto a las creencias y sensibilidad de todo un pueblo, una cultura en crecimiento y el bienestar general como anhelo colectivo, fueron los elementos que la llamada Transici\u00f3n combin\u00f3 en una juguera, para que al poco tiempo naciera la bestia de \u201cdesarrollo\u201d que supuestamente nos traer\u00eda alegr\u00eda.<\/p>\n<p style=\"text-align: justify;\">\u00a0De ah\u00ed surgi\u00f3 el Jaguar. Ese que observaba un futuro con una mejor calidad de vida, donde ya no pasar\u00edamos hambre y podr\u00edamos ir a la escuela con zapatos, donde se jugaba con la ilusi\u00f3n de las personas como lo hiciera Tony Kamo, pendulando entre un discurso ideol\u00f3gico y las necesidades reales de la gente, desdibujando el delgado hilo de los derechos sociales para poner al dinero como valor central y la competencia individual como mecanismo de un nuevo orden social; el consumista, materialista, capitalista.<\/p>\n<p style=\"text-align: justify;\">Pero tambi\u00e9n dicen por ah\u00ed que luego de la lluvia sale el sol, por algo la Naturaleza ostenta la sabidur\u00eda m\u00e1s grande de esto que llamamos existencia. Y si de algo sirvieron las aguas del rio Mapocho corriendo por las calles de Providencia, fue justamente para visualizar la calidad de ser humano que este modelo ha impulsado.<\/p>\n<p style=\"text-align: justify;\">Aquellas im\u00e1genes se constituyeron como representativas de la miseria de uno de los hombres m\u00e1s ricos de Chile, cuyo poder\u00edo econ\u00f3mico se construy\u00f3 en estos a\u00f1os de impunidad, donde de la misma chacra se alimentaban los cerdos, pol\u00edticos, militares, empresarios de alto calibre y los medios de comunicaci\u00f3n. Y hasta parece rid\u00edculo, pero mediante esa misma televisi\u00f3n los chilenos de todo el mundo vimos como la avaricia e infinita codicia, se sal\u00edan por las alcantarillas de la capital, mientras Luksic se somet\u00eda a un detector de mentiras grabando un absurdo v\u00eddeo, probablemente en una de las mismas oficinas de Canal 13.<\/p>\n<p style=\"text-align: justify;\">Asimismo, ocurre con los salmones, y el desastre medio ambiental y econ\u00f3mico de Chilo\u00e9.\u00a0 La precariedad laboral de norte a sur, y un intento enga\u00f1oso de reforma que la Nueva Mayor\u00eda, sab\u00eda no pasar\u00eda los criterios neoliberalistas del Tribunal Constitucional, herencia del dictador.<\/p>\n<p style=\"text-align: justify;\">\u00a0La educaci\u00f3n de mercado, visto como un bien de consumo, donde los profesores deben ser los operadores de esa industria. Las forestales y su extractivismo irracional que ha eliminado el bosque nativo y ha devaluado el territorio Mapuche, es decir el de Chile.<\/p>\n<p style=\"text-align: justify;\">El precio excesivo y la mala calidad de los alimentos. La venta del agua y del cobre. Las platas gastadas en copete y casino. Las deudas agobiantes, la iglesia decidiendo en nuestros vientres, los bancos como catedrales de lujo, el gusto por la ropa nueva, el auto 4\u00d74 y el consumo de alcohol y drogas para un mejor pasar.<\/p>\n<p style=\"text-align: justify;\">Todo responde a lo mismo, a este modelo que ha impulsado un tipo de persona que es contradictoria a la idiosincrasia del chileno; un ser humano que es cercano a su familia y comunidad, que participa, que es generoso, que es humilde y que disfruta observar y agradecer el para\u00edso donde vive, m\u00e1s que tener un auto de \u00faltimo modelo.<\/p>\n<p style=\"text-align: justify;\">Es el desgaste de una clase pol\u00edtica que no supo dar respuestas reales a los problemas de la gente, y que prefiri\u00f3 solucionar los asuntos p\u00fablicos entre cuatro paredes, junto a una elite de especialistas y el empresariado baboso por m\u00e1s y m\u00e1s dinero para sus arcas fiscales varadas en qui\u00e9n sabe d\u00f3nde.<\/p>\n<p style=\"text-align: justify;\">Es una coalici\u00f3n que dec\u00eda luchar por la democracia, pero jugando al ludo de un dictador y con menos fichas. Es una seguidilla de gobiernos que han preferido perpetuar un modelo econ\u00f3mico y la Constituci\u00f3n que lo sustenta, que inevitablemente construye un tipo particular de persona, cuya conciencia duerme, mientras se rasca con sus propias garras y no se da cuenta que se est\u00e1 hiriendo.<\/p>\n<p style=\"text-align: justify;\">Es la violencia de este sistema; de su manera desigual de operar en la sociedad, y por lo tanto en nosotros mismos, lo que nos genera este nivel de violencia colectiva, esta rabia interna que hace vernos con desconfianza, con sospecha. Es esa misma violencia que se traduce personalmente en la desconexi\u00f3n consigo mismo, con nuestros valores, identidad y sensibilidad. Es esa violencia, con toda su fuerza, la que se nos ha transmitido para ser expresada de innumerables formas negativas en el entorno extenso, angosto y abundante que se nos ha entregado.<\/p>\n<p style=\"text-align: justify;\">Estos no son problemas sectoriales, responden al mismo origen, a una Constituci\u00f3n que pretende formar un tipo de hombre alejado de su comunidad, de su emocionalidad, de su espiritualidad.<\/p>\n<p style=\"text-align: justify;\">La Constituci\u00f3n chilena, hecha por un r\u00e9gimen dictatorial, es la \u00fanica en el mundo que despu\u00e9s de m\u00e1s de 25 a\u00f1os de haberse acabado ese r\u00e9gimen, se mantiene vigente. Eso es una se\u00f1al ineludible de que ac\u00e1 no hemos vencido el coraz\u00f3n oscuro de ese momento como pa\u00eds, sin mencionar la deuda con la justicia, fundamental para que haya verdadera reconciliaci\u00f3n.<\/p>\n<p style=\"text-align: justify;\">S\u00ed, nuestro presente es miserable para los trabajadores, para los jubilados, para las minor\u00edas, para las mujeres, las regiones, los pueblos originarios y los nacidos en condiciones desiguales, nuestro futuro no ser\u00e1 armonioso ni menos prospero, a no ser que, al menos, creamos que podemos cambiarlo.<\/p>\n<p style=\"text-align: justify;\">Al Jaguar de Latinoam\u00e9rica ya no le quedan garras para defenderse. Y es por eso que es tan relevante lo que pasa hoy. Luego de que la furia de la Naturaleza nos golpeara, y de paso desnudara completamente la precariedad de los hombres de poder de nuestro pa\u00eds, aparece como un imperativo moral, social, ambiental, econ\u00f3mico, emocional, cultural y espiritual, construir un nuevo modelo de convivencia, de distribuci\u00f3n y de entendimiento.<\/p>\n<p style=\"text-align: justify;\">Es entonces una necesidad primordial cambiar esa Constituci\u00f3n, esa que ya no puede defenderse. Ya no se trata de derechas o izquierdas, se trata de sensibilidad y sustentabilidad. Debemos hacerlo involucrando seriamente a todos los representantes de nuestra sociedad, mediante una gran asamblea que discuta desde todos sus \u00e1ngulos c\u00f3mo queremos vivir. Pero por, sobre todo, donde pongamos como valor central al ser humano y sus necesidades, y no al dinero. De esa manera reci\u00e9n podremos comunicarnos de forma no violenta entre polic\u00edas y civiles, empujar a la construcci\u00f3n de un nuevo ciudadano chileno que conf\u00ede en su vecino y en la capacidad colectiva de modificar su destino. Un tipo de persona que sepa rescatar la sabidur\u00eda de sus ancianos, que le proponga un futuro m\u00e1s luminoso a sus j\u00f3venes, que reconozca la belleza de lo distinto, y que viva conectado con la tierra, el agua, el aire y el fuego que se nos ha otorgado.<\/p>\n<p style=\"text-align: justify;\">Los humanistas del mundo tenemos doce principios de acci\u00f3n valida y uno de ellos dice: \u201cNo te opongas a una gran fuerza. Retrocede hasta que aquella se debilite, entonces, avanza con resoluci\u00f3n\u201d. Teniendo en cuenta esta frase y viendo al Jaguar reducido en su m\u00ednima expresi\u00f3n, es que nos hemos planteado ser un nuevo referente amplio y diverso, que avance con resoluci\u00f3n para alzarse como un camino alternativo, ciudadano y pol\u00edtico, que modifique profundamente la realidad de nuestro pa\u00eds.<\/p>\n<p style=\"text-align: justify;\">Y porque no podemos solos y la lucha y la vida se disfrutan m\u00e1s de manera colectiva, es que hacemos un llamado a que otros tambi\u00e9n se sumen, para que juntos venzamos a ese Jaguar debilitado y construyamos otro referente social, cultural, econ\u00f3mico y pol\u00edtico, constituido por un tipo de individuo distinto, que nos haga volver a abrazarnos, que nos acerque al resto de Latinoamericana y que aporte un poco al bienestar del mundo entero.<\/p>\n","protected":false},"excerpt":{"rendered":"<p>Por Francisca Silva Dicen que las cosas se ven con mayor claridad cuando se miran con distancia. Pues bien, hace un par de meses que, desde Australia sigo diariamente lo que ocurre en Chile, y haciendo el simple ejercicio de&hellip;<\/p>\n","protected":false},"author":43,"featured_media":318590,"comment_status":"closed","ping_status":"closed","sticky":false,"template":"","format":"standard","meta":{"footnotes":""},"categories":[11389,161,74,67],"tags":[27180,1035,393,1544,11064,816,11274],"class_list":["post-318577","post","type-post","status-publish","format-standard","has-post-thumbnail","hentry","category-contenido-original","category-opiniones","category-politica-es","category-sudamerica","tag-catastrofes-ambientales","tag-desigualdad","tag-educacion","tag-extractivismo","tag-neoliberalismo","tag-pobreza-es","tag-sistema"],"yoast_head":"<!-- This site is optimized with the Yoast SEO plugin v27.1.1 - https:\/\/yoast.com\/product\/yoast-seo-wordpress\/ -->\n<title>El Jaguar ya no tiene garras para defenderse<\/title>\n<meta name=\"description\" content=\"Por Francisca Silva Dicen que las cosas se ven con mayor claridad cuando se miran con distancia. Pues bien, hace un par de meses que, desde Australia sigo\" \/>\n<meta name=\"robots\" content=\"index, follow, max-snippet:-1, max-image-preview:large, max-video-preview:-1\" \/>\n<link rel=\"canonical\" href=\"https:\/\/www.pressenza.com\/es\/2016\/05\/jaguar-ya-no-garras-defenderse\/\" \/>\n<meta property=\"og:locale\" content=\"es_ES\" \/>\n<meta property=\"og:type\" content=\"article\" \/>\n<meta property=\"og:title\" content=\"El Jaguar ya no tiene garras para defenderse\" \/>\n<meta property=\"og:description\" content=\"Por Francisca Silva Dicen que las cosas se ven con mayor claridad cuando se miran con distancia. Pues bien, hace un par de meses que, desde Australia sigo\" \/>\n<meta property=\"og:url\" content=\"https:\/\/www.pressenza.com\/es\/2016\/05\/jaguar-ya-no-garras-defenderse\/\" \/>\n<meta property=\"og:site_name\" content=\"Pressenza\" \/>\n<meta property=\"article:publisher\" content=\"https:\/\/www.facebook.com\/PressenzaItalia\" \/>\n<meta property=\"article:author\" content=\"https:\/\/www.facebook.com\/pressenza\" \/>\n<meta property=\"article:published_time\" content=\"2016-05-16T22:39:04+00:00\" \/>\n<meta property=\"og:image\" content=\"https:\/\/www.pressenza.com\/wp-content\/uploads\/2016\/05\/Marcha-estudiantes-21-de-Agosto-2014-Stgo-Chile-3.jpg\" \/>\n\t<meta property=\"og:image:width\" content=\"900\" \/>\n\t<meta property=\"og:image:height\" content=\"600\" \/>\n\t<meta property=\"og:image:type\" content=\"image\/jpeg\" \/>\n<meta name=\"author\" content=\"Redacci\u00f3n Chile\" \/>\n<meta name=\"twitter:card\" content=\"summary_large_image\" \/>\n<meta name=\"twitter:creator\" content=\"@pressenza\" \/>\n<meta name=\"twitter:site\" content=\"@PressenzaIPA\" \/>\n<meta name=\"twitter:label1\" content=\"Escrito por\" \/>\n\t<meta name=\"twitter:data1\" content=\"Redacci\u00f3n Chile\" \/>\n\t<meta name=\"twitter:label2\" content=\"Tiempo de lectura\" \/>\n\t<meta name=\"twitter:data2\" content=\"7 minutos\" \/>\n<script type=\"application\/ld+json\" class=\"yoast-schema-graph\">{\"@context\":\"https:\/\/schema.org\",\"@graph\":[{\"@type\":\"Article\",\"@id\":\"https:\/\/www.pressenza.com\/es\/2016\/05\/jaguar-ya-no-garras-defenderse\/#article\",\"isPartOf\":{\"@id\":\"https:\/\/www.pressenza.com\/es\/2016\/05\/jaguar-ya-no-garras-defenderse\/\"},\"author\":{\"name\":\"Redacci\u00f3n Chile\",\"@id\":\"https:\/\/www.pressenza.com\/es\/#\/schema\/person\/d7db40df35d6698ba69ba9ee260944ed\"},\"headline\":\"El Jaguar ya no tiene garras para defenderse\",\"datePublished\":\"2016-05-16T22:39:04+00:00\",\"mainEntityOfPage\":{\"@id\":\"https:\/\/www.pressenza.com\/es\/2016\/05\/jaguar-ya-no-garras-defenderse\/\"},\"wordCount\":1469,\"publisher\":{\"@id\":\"https:\/\/www.pressenza.com\/es\/#organization\"},\"image\":{\"@id\":\"https:\/\/www.pressenza.com\/es\/2016\/05\/jaguar-ya-no-garras-defenderse\/#primaryimage\"},\"thumbnailUrl\":\"https:\/\/www.pressenza.com\/wp-content\/uploads\/2016\/05\/Marcha-estudiantes-21-de-Agosto-2014-Stgo-Chile-3.jpg\",\"keywords\":[\"cat\u00e1strofes ambientales\",\"desigualdad\",\"Educaci\u00f3n\",\"extractivismo\",\"neoliberalismo\",\"Pobreza\",\"sistema\"],\"articleSection\":[\"Contenido Original\",\"Opiniones\",\"Pol\u00edtica\",\"Sudam\u00e9rica\"],\"inLanguage\":\"es\"},{\"@type\":\"WebPage\",\"@id\":\"https:\/\/www.pressenza.com\/es\/2016\/05\/jaguar-ya-no-garras-defenderse\/\",\"url\":\"https:\/\/www.pressenza.com\/es\/2016\/05\/jaguar-ya-no-garras-defenderse\/\",\"name\":\"El Jaguar ya no tiene garras para defenderse\",\"isPartOf\":{\"@id\":\"https:\/\/www.pressenza.com\/es\/#website\"},\"primaryImageOfPage\":{\"@id\":\"https:\/\/www.pressenza.com\/es\/2016\/05\/jaguar-ya-no-garras-defenderse\/#primaryimage\"},\"image\":{\"@id\":\"https:\/\/www.pressenza.com\/es\/2016\/05\/jaguar-ya-no-garras-defenderse\/#primaryimage\"},\"thumbnailUrl\":\"https:\/\/www.pressenza.com\/wp-content\/uploads\/2016\/05\/Marcha-estudiantes-21-de-Agosto-2014-Stgo-Chile-3.jpg\",\"datePublished\":\"2016-05-16T22:39:04+00:00\",\"description\":\"Por Francisca Silva Dicen que las cosas se ven con mayor claridad cuando se miran con distancia. Pues bien, hace un par de meses que, desde Australia sigo\",\"breadcrumb\":{\"@id\":\"https:\/\/www.pressenza.com\/es\/2016\/05\/jaguar-ya-no-garras-defenderse\/#breadcrumb\"},\"inLanguage\":\"es\",\"potentialAction\":[{\"@type\":\"ReadAction\",\"target\":[\"https:\/\/www.pressenza.com\/es\/2016\/05\/jaguar-ya-no-garras-defenderse\/\"]}]},{\"@type\":\"ImageObject\",\"inLanguage\":\"es\",\"@id\":\"https:\/\/www.pressenza.com\/es\/2016\/05\/jaguar-ya-no-garras-defenderse\/#primaryimage\",\"url\":\"https:\/\/www.pressenza.com\/wp-content\/uploads\/2016\/05\/Marcha-estudiantes-21-de-Agosto-2014-Stgo-Chile-3.jpg\",\"contentUrl\":\"https:\/\/www.pressenza.com\/wp-content\/uploads\/2016\/05\/Marcha-estudiantes-21-de-Agosto-2014-Stgo-Chile-3.jpg\",\"width\":900,\"height\":600},{\"@type\":\"BreadcrumbList\",\"@id\":\"https:\/\/www.pressenza.com\/es\/2016\/05\/jaguar-ya-no-garras-defenderse\/#breadcrumb\",\"itemListElement\":[{\"@type\":\"ListItem\",\"position\":1,\"name\":\"Accueil\",\"item\":\"https:\/\/www.pressenza.com\/es\/\"},{\"@type\":\"ListItem\",\"position\":2,\"name\":\"El Jaguar ya no tiene garras para defenderse\"}]},{\"@type\":\"WebSite\",\"@id\":\"https:\/\/www.pressenza.com\/es\/#website\",\"url\":\"https:\/\/www.pressenza.com\/es\/\",\"name\":\"Pressenza\",\"description\":\"International Press Agency\",\"publisher\":{\"@id\":\"https:\/\/www.pressenza.com\/es\/#organization\"},\"potentialAction\":[{\"@type\":\"SearchAction\",\"target\":{\"@type\":\"EntryPoint\",\"urlTemplate\":\"https:\/\/www.pressenza.com\/es\/?s={search_term_string}\"},\"query-input\":{\"@type\":\"PropertyValueSpecification\",\"valueRequired\":true,\"valueName\":\"search_term_string\"}}],\"inLanguage\":\"es\"},{\"@type\":\"Organization\",\"@id\":\"https:\/\/www.pressenza.com\/es\/#organization\",\"name\":\"Pressenza\",\"url\":\"https:\/\/www.pressenza.com\/es\/\",\"logo\":{\"@type\":\"ImageObject\",\"inLanguage\":\"es\",\"@id\":\"https:\/\/www.pressenza.com\/es\/#\/schema\/logo\/image\/\",\"url\":\"https:\/\/www.pressenza.com\/wp-content\/uploads\/2022\/10\/pressenza_logo_200x200.jpg\",\"contentUrl\":\"https:\/\/www.pressenza.com\/wp-content\/uploads\/2022\/10\/pressenza_logo_200x200.jpg\",\"width\":200,\"height\":200,\"caption\":\"Pressenza\"},\"image\":{\"@id\":\"https:\/\/www.pressenza.com\/es\/#\/schema\/logo\/image\/\"},\"sameAs\":[\"https:\/\/www.facebook.com\/PressenzaItalia\",\"https:\/\/x.com\/PressenzaIPA\"]},{\"@type\":\"Person\",\"@id\":\"https:\/\/www.pressenza.com\/es\/#\/schema\/person\/d7db40df35d6698ba69ba9ee260944ed\",\"name\":\"Redacci\u00f3n Chile\",\"description\":\"News from the Pressenza Bureau in Chile\",\"sameAs\":[\"https:\/\/www.facebook.com\/pressenza\",\"https:\/\/x.com\/pressenza\"],\"url\":\"https:\/\/www.pressenza.com\/es\/author\/redaccion-chile\/\"}]}<\/script>\n<!-- \/ Yoast SEO plugin. -->","yoast_head_json":{"title":"El Jaguar ya no tiene garras para defenderse","description":"Por Francisca Silva Dicen que las cosas se ven con mayor claridad cuando se miran con distancia. Pues bien, hace un par de meses que, desde Australia sigo","robots":{"index":"index","follow":"follow","max-snippet":"max-snippet:-1","max-image-preview":"max-image-preview:large","max-video-preview":"max-video-preview:-1"},"canonical":"https:\/\/www.pressenza.com\/es\/2016\/05\/jaguar-ya-no-garras-defenderse\/","og_locale":"es_ES","og_type":"article","og_title":"El Jaguar ya no tiene garras para defenderse","og_description":"Por Francisca Silva Dicen que las cosas se ven con mayor claridad cuando se miran con distancia. Pues bien, hace un par de meses que, desde Australia sigo","og_url":"https:\/\/www.pressenza.com\/es\/2016\/05\/jaguar-ya-no-garras-defenderse\/","og_site_name":"Pressenza","article_publisher":"https:\/\/www.facebook.com\/PressenzaItalia","article_author":"https:\/\/www.facebook.com\/pressenza","article_published_time":"2016-05-16T22:39:04+00:00","og_image":[{"width":900,"height":600,"url":"https:\/\/www.pressenza.com\/wp-content\/uploads\/2016\/05\/Marcha-estudiantes-21-de-Agosto-2014-Stgo-Chile-3.jpg","type":"image\/jpeg"}],"author":"Redacci\u00f3n Chile","twitter_card":"summary_large_image","twitter_creator":"@pressenza","twitter_site":"@PressenzaIPA","twitter_misc":{"Escrito por":"Redacci\u00f3n Chile","Tiempo de lectura":"7 minutos"},"schema":{"@context":"https:\/\/schema.org","@graph":[{"@type":"Article","@id":"https:\/\/www.pressenza.com\/es\/2016\/05\/jaguar-ya-no-garras-defenderse\/#article","isPartOf":{"@id":"https:\/\/www.pressenza.com\/es\/2016\/05\/jaguar-ya-no-garras-defenderse\/"},"author":{"name":"Redacci\u00f3n Chile","@id":"https:\/\/www.pressenza.com\/es\/#\/schema\/person\/d7db40df35d6698ba69ba9ee260944ed"},"headline":"El Jaguar ya no tiene garras para defenderse","datePublished":"2016-05-16T22:39:04+00:00","mainEntityOfPage":{"@id":"https:\/\/www.pressenza.com\/es\/2016\/05\/jaguar-ya-no-garras-defenderse\/"},"wordCount":1469,"publisher":{"@id":"https:\/\/www.pressenza.com\/es\/#organization"},"image":{"@id":"https:\/\/www.pressenza.com\/es\/2016\/05\/jaguar-ya-no-garras-defenderse\/#primaryimage"},"thumbnailUrl":"https:\/\/www.pressenza.com\/wp-content\/uploads\/2016\/05\/Marcha-estudiantes-21-de-Agosto-2014-Stgo-Chile-3.jpg","keywords":["cat\u00e1strofes ambientales","desigualdad","Educaci\u00f3n","extractivismo","neoliberalismo","Pobreza","sistema"],"articleSection":["Contenido Original","Opiniones","Pol\u00edtica","Sudam\u00e9rica"],"inLanguage":"es"},{"@type":"WebPage","@id":"https:\/\/www.pressenza.com\/es\/2016\/05\/jaguar-ya-no-garras-defenderse\/","url":"https:\/\/www.pressenza.com\/es\/2016\/05\/jaguar-ya-no-garras-defenderse\/","name":"El Jaguar ya no tiene garras para defenderse","isPartOf":{"@id":"https:\/\/www.pressenza.com\/es\/#website"},"primaryImageOfPage":{"@id":"https:\/\/www.pressenza.com\/es\/2016\/05\/jaguar-ya-no-garras-defenderse\/#primaryimage"},"image":{"@id":"https:\/\/www.pressenza.com\/es\/2016\/05\/jaguar-ya-no-garras-defenderse\/#primaryimage"},"thumbnailUrl":"https:\/\/www.pressenza.com\/wp-content\/uploads\/2016\/05\/Marcha-estudiantes-21-de-Agosto-2014-Stgo-Chile-3.jpg","datePublished":"2016-05-16T22:39:04+00:00","description":"Por Francisca Silva Dicen que las cosas se ven con mayor claridad cuando se miran con distancia. Pues bien, hace un par de meses que, desde Australia sigo","breadcrumb":{"@id":"https:\/\/www.pressenza.com\/es\/2016\/05\/jaguar-ya-no-garras-defenderse\/#breadcrumb"},"inLanguage":"es","potentialAction":[{"@type":"ReadAction","target":["https:\/\/www.pressenza.com\/es\/2016\/05\/jaguar-ya-no-garras-defenderse\/"]}]},{"@type":"ImageObject","inLanguage":"es","@id":"https:\/\/www.pressenza.com\/es\/2016\/05\/jaguar-ya-no-garras-defenderse\/#primaryimage","url":"https:\/\/www.pressenza.com\/wp-content\/uploads\/2016\/05\/Marcha-estudiantes-21-de-Agosto-2014-Stgo-Chile-3.jpg","contentUrl":"https:\/\/www.pressenza.com\/wp-content\/uploads\/2016\/05\/Marcha-estudiantes-21-de-Agosto-2014-Stgo-Chile-3.jpg","width":900,"height":600},{"@type":"BreadcrumbList","@id":"https:\/\/www.pressenza.com\/es\/2016\/05\/jaguar-ya-no-garras-defenderse\/#breadcrumb","itemListElement":[{"@type":"ListItem","position":1,"name":"Accueil","item":"https:\/\/www.pressenza.com\/es\/"},{"@type":"ListItem","position":2,"name":"El Jaguar ya no tiene garras para defenderse"}]},{"@type":"WebSite","@id":"https:\/\/www.pressenza.com\/es\/#website","url":"https:\/\/www.pressenza.com\/es\/","name":"Pressenza","description":"International Press Agency","publisher":{"@id":"https:\/\/www.pressenza.com\/es\/#organization"},"potentialAction":[{"@type":"SearchAction","target":{"@type":"EntryPoint","urlTemplate":"https:\/\/www.pressenza.com\/es\/?s={search_term_string}"},"query-input":{"@type":"PropertyValueSpecification","valueRequired":true,"valueName":"search_term_string"}}],"inLanguage":"es"},{"@type":"Organization","@id":"https:\/\/www.pressenza.com\/es\/#organization","name":"Pressenza","url":"https:\/\/www.pressenza.com\/es\/","logo":{"@type":"ImageObject","inLanguage":"es","@id":"https:\/\/www.pressenza.com\/es\/#\/schema\/logo\/image\/","url":"https:\/\/www.pressenza.com\/wp-content\/uploads\/2022\/10\/pressenza_logo_200x200.jpg","contentUrl":"https:\/\/www.pressenza.com\/wp-content\/uploads\/2022\/10\/pressenza_logo_200x200.jpg","width":200,"height":200,"caption":"Pressenza"},"image":{"@id":"https:\/\/www.pressenza.com\/es\/#\/schema\/logo\/image\/"},"sameAs":["https:\/\/www.facebook.com\/PressenzaItalia","https:\/\/x.com\/PressenzaIPA"]},{"@type":"Person","@id":"https:\/\/www.pressenza.com\/es\/#\/schema\/person\/d7db40df35d6698ba69ba9ee260944ed","name":"Redacci\u00f3n Chile","description":"News from the Pressenza Bureau in Chile","sameAs":["https:\/\/www.facebook.com\/pressenza","https:\/\/x.com\/pressenza"],"url":"https:\/\/www.pressenza.com\/es\/author\/redaccion-chile\/"}]}},"place":"Australia","original_article_url":"","_links":{"self":[{"href":"https:\/\/www.pressenza.com\/es\/wp-json\/wp\/v2\/posts\/318577","targetHints":{"allow":["GET"]}}],"collection":[{"href":"https:\/\/www.pressenza.com\/es\/wp-json\/wp\/v2\/posts"}],"about":[{"href":"https:\/\/www.pressenza.com\/es\/wp-json\/wp\/v2\/types\/post"}],"author":[{"embeddable":true,"href":"https:\/\/www.pressenza.com\/es\/wp-json\/wp\/v2\/users\/43"}],"replies":[{"embeddable":true,"href":"https:\/\/www.pressenza.com\/es\/wp-json\/wp\/v2\/comments?post=318577"}],"version-history":[{"count":0,"href":"https:\/\/www.pressenza.com\/es\/wp-json\/wp\/v2\/posts\/318577\/revisions"}],"wp:featuredmedia":[{"embeddable":true,"href":"https:\/\/www.pressenza.com\/es\/wp-json\/wp\/v2\/media\/318590"}],"wp:attachment":[{"href":"https:\/\/www.pressenza.com\/es\/wp-json\/wp\/v2\/media?parent=318577"}],"wp:term":[{"taxonomy":"category","embeddable":true,"href":"https:\/\/www.pressenza.com\/es\/wp-json\/wp\/v2\/categories?post=318577"},{"taxonomy":"post_tag","embeddable":true,"href":"https:\/\/www.pressenza.com\/es\/wp-json\/wp\/v2\/tags?post=318577"}],"curies":[{"name":"wp","href":"https:\/\/api.w.org\/{rel}","templated":true}]}}