{"id":3171,"date":"2010-03-28T00:00:00","date_gmt":"2010-03-28T00:00:00","guid":{"rendered":""},"modified":"2010-03-28T13:22:49","modified_gmt":"2010-03-28T13:22:49","slug":"organizaciones-sociales-bolivianas-delinearan-sus-propuestas-sobre-cambio-climatico-y-derechos-de-la-madre-tierra","status":"publish","type":"post","link":"https:\/\/www.pressenza.com\/es\/2010\/03\/organizaciones-sociales-bolivianas-delinearan-sus-propuestas-sobre-cambio-climatico-y-derechos-de-la-madre-tierra\/","title":{"rendered":"Organizaciones sociales bolivianas delinear\u00e1n sus propuestas sobre cambio clim\u00e1tico y derechos de la Madre Tierra"},"content":{"rendered":"<p>Con el objetivo de construir un posicionamiento sobre el tema del cambio clim\u00e1tico desde las bases sociales, unas 600 personas representantes de organizaciones sociales como la Confederaci\u00f3n de Pueblos Ind\u00edgenas de Bolivia (CIDOB), el Consejo Nacional de Ayllus y Markas del Qullasuyo (CONAMAQ); la Confederaci\u00f3n Nacional de Mujeres Campesinas, Ind\u00edgenas, Originarias de Bolivia *\u00a8Bartolina Sisa\u00a8*, la Confederaci\u00f3n Sindial \u00fanica de Trabajadores Campesinos de Bolivia (CSTCB), la Confederaci\u00f3n Sandial de Comunidades Interculturales de Boliviia, la Asociaci\u00f3n de Regantes, los Amautas y otras organizaciones participar\u00e1n de este encuentro.  Todas ellas han obtenido informaci\u00f3n del Programa Nacional de Cambio Clim\u00e1tico y otras fuentes que, seg\u00fan los organizadores, les permite hacer un an\u00e1lisis sobre la vulnerabilidad en la que se encuentra el pa\u00eds, pero no como una situaci\u00f3n catastr\u00f3fica sino m\u00e1s bien como una forma de tomar medidas de mitigaci\u00f3n y adaptaci\u00f3n.<\/p>\n<p>Con una metodolog\u00eda que ha tomado meses de trabajo, las organizaciones sociales debatir\u00e1n 17 temas puntuales como son: causas estructurales del cambio clim\u00e1tico, armon\u00eda con la madre naturaleza, tribunal de justicia clim\u00e1tica, deuda clim\u00e1tica, adaptaci\u00f3n, protocolo de Kioto, financiamiento, entre otros.  <\/p>\n<p>Estas mesas de trabajo han ido contrayendo posiciones respecto de cada tema, que pretenden ser l\u00edneas alternativas para consensuar sobre el tema general del cambio clim\u00e1tico, dado el fracaso de la Cumbre de Copenhague (Dinamarca) y las pocas instancias que han brindado los l\u00edderes mundiales, seg\u00fan nos indican los organizadores del evento.<\/p>\n<p>Como resultado de este encuentro, las organizaciones de Bolivia presentar\u00e1n en la Conferencia Mundial una postura que pueda sostener los derechos de la naturaleza, considerados como los derechos de la Madre Tierra o Pachamama.<\/p>\n","protected":false},"excerpt":{"rendered":"<p>Los d\u00edas 29 y 30 de marzo en el hotel Casa Campestre de la ciudad de Cochabamba (Bolivia) se llevar\u00e1 a cabo la *\u201cPre-conferencia de los pueblos ind\u00edgenas, originarios, campesinos y organizaciones de Bolivia sobre Cambio Clim\u00e1tico y Derechos de la Madre Tierra\u201d*,  en el marco de la Conferencia Mundial de los Pueblos sobre el Cambio Clim\u00e1tico prevista para abril. <\/p>\n","protected":false},"author":19,"featured_media":0,"comment_status":"closed","ping_status":"open","sticky":false,"template":"","format":"standard","meta":{"footnotes":""},"categories":[78,39,67],"tags":[],"class_list":["post-3171","post","type-post","status-publish","format-standard","hentry","category-medio-ambiente-ecologia","category-internacional","category-sudamerica"],"yoast_head":"<!-- This site is optimized with the Yoast SEO plugin v27.1.1 - https:\/\/yoast.com\/product\/yoast-seo-wordpress\/ -->\n<title>Organizaciones sociales bolivianas delinear\u00e1n sus propuestas sobre cambio clim\u00e1tico y derechos de la Madre Tierra<\/title>\n<meta name=\"description\" content=\"Los d\u00edas 29 y 30 de marzo en el hotel Casa Campestre de la ciudad de Cochabamba (Bolivia) se llevar\u00e1 a cabo la *\u201cPre-conferencia de los pueblos ind\u00edgenas, originarios, campesinos y organizaciones de Bolivia sobre Cambio Clim\u00e1tico y Derechos de la Madre Tierra\u201d*, en el marco de la Conferencia Mundial de los Pueblos sobre el Cambio Clim\u00e1tico prevista para abril.\" \/>\n<meta name=\"robots\" content=\"index, follow, max-snippet:-1, max-image-preview:large, max-video-preview:-1\" \/>\n<link rel=\"canonical\" href=\"https:\/\/www.pressenza.com\/es\/2010\/03\/organizaciones-sociales-bolivianas-delinearan-sus-propuestas-sobre-cambio-climatico-y-derechos-de-la-madre-tierra\/\" \/>\n<meta property=\"og:locale\" content=\"es_ES\" \/>\n<meta property=\"og:type\" content=\"article\" \/>\n<meta property=\"og:title\" content=\"Organizaciones sociales bolivianas delinear\u00e1n sus propuestas sobre cambio clim\u00e1tico y derechos de la Madre Tierra\" \/>\n<meta property=\"og:description\" content=\"Los d\u00edas 29 y 30 de marzo en el hotel Casa Campestre de la ciudad de Cochabamba (Bolivia) se llevar\u00e1 a cabo la *\u201cPre-conferencia de los pueblos ind\u00edgenas, originarios, campesinos y organizaciones de Bolivia sobre Cambio Clim\u00e1tico y Derechos de la Madre Tierra\u201d*, en el marco de la Conferencia Mundial de los Pueblos sobre el Cambio Clim\u00e1tico prevista para abril.\" \/>\n<meta property=\"og:url\" content=\"https:\/\/www.pressenza.com\/es\/2010\/03\/organizaciones-sociales-bolivianas-delinearan-sus-propuestas-sobre-cambio-climatico-y-derechos-de-la-madre-tierra\/\" \/>\n<meta property=\"og:site_name\" content=\"Pressenza\" \/>\n<meta property=\"article:publisher\" content=\"https:\/\/www.facebook.com\/PressenzaItalia\" \/>\n<meta property=\"article:author\" content=\"https:\/\/www.facebook.com\/pressenza\" \/>\n<meta property=\"article:published_time\" content=\"2010-03-28T00:00:00+00:00\" \/>\n<meta property=\"article:modified_time\" content=\"2010-03-28T13:22:49+00:00\" \/>\n<meta name=\"author\" content=\"Pressenza IPA\" \/>\n<meta name=\"twitter:card\" content=\"summary_large_image\" \/>\n<meta name=\"twitter:creator\" content=\"@PressenzaIPA\" \/>\n<meta name=\"twitter:site\" content=\"@PressenzaIPA\" \/>\n<meta name=\"twitter:label1\" content=\"Escrito por\" \/>\n\t<meta name=\"twitter:data1\" content=\"Pressenza IPA\" \/>\n\t<meta name=\"twitter:label2\" content=\"Tiempo de lectura\" \/>\n\t<meta name=\"twitter:data2\" content=\"1 minuto\" \/>\n<script type=\"application\/ld+json\" class=\"yoast-schema-graph\">{\"@context\":\"https:\/\/schema.org\",\"@graph\":[{\"@type\":\"Article\",\"@id\":\"https:\/\/www.pressenza.com\/es\/2010\/03\/organizaciones-sociales-bolivianas-delinearan-sus-propuestas-sobre-cambio-climatico-y-derechos-de-la-madre-tierra\/#article\",\"isPartOf\":{\"@id\":\"https:\/\/www.pressenza.com\/es\/2010\/03\/organizaciones-sociales-bolivianas-delinearan-sus-propuestas-sobre-cambio-climatico-y-derechos-de-la-madre-tierra\/\"},\"author\":{\"name\":\"Pressenza IPA\",\"@id\":\"https:\/\/www.pressenza.com\/es\/#\/schema\/person\/010e5d02bcf40965427a1289a4cc8d75\"},\"headline\":\"Organizaciones sociales bolivianas delinear\u00e1n sus propuestas sobre cambio clim\u00e1tico y derechos de la Madre Tierra\",\"datePublished\":\"2010-03-28T00:00:00+00:00\",\"dateModified\":\"2010-03-28T13:22:49+00:00\",\"mainEntityOfPage\":{\"@id\":\"https:\/\/www.pressenza.com\/es\/2010\/03\/organizaciones-sociales-bolivianas-delinearan-sus-propuestas-sobre-cambio-climatico-y-derechos-de-la-madre-tierra\/\"},\"wordCount\":311,\"publisher\":{\"@id\":\"https:\/\/www.pressenza.com\/es\/#organization\"},\"articleSection\":[\"Ecolog\u00eda y Medio Ambiente\",\"Internacional\",\"Sudam\u00e9rica\"],\"inLanguage\":\"es\"},{\"@type\":\"WebPage\",\"@id\":\"https:\/\/www.pressenza.com\/es\/2010\/03\/organizaciones-sociales-bolivianas-delinearan-sus-propuestas-sobre-cambio-climatico-y-derechos-de-la-madre-tierra\/\",\"url\":\"https:\/\/www.pressenza.com\/es\/2010\/03\/organizaciones-sociales-bolivianas-delinearan-sus-propuestas-sobre-cambio-climatico-y-derechos-de-la-madre-tierra\/\",\"name\":\"Organizaciones sociales bolivianas delinear\u00e1n sus propuestas sobre cambio clim\u00e1tico y derechos de la Madre Tierra\",\"isPartOf\":{\"@id\":\"https:\/\/www.pressenza.com\/es\/#website\"},\"datePublished\":\"2010-03-28T00:00:00+00:00\",\"dateModified\":\"2010-03-28T13:22:49+00:00\",\"description\":\"Los d\u00edas 29 y 30 de marzo en el hotel Casa Campestre de la ciudad de Cochabamba (Bolivia) se llevar\u00e1 a cabo la *\u201cPre-conferencia de los pueblos ind\u00edgenas, originarios, campesinos y organizaciones de Bolivia sobre Cambio Clim\u00e1tico y Derechos de la Madre Tierra\u201d*, en el marco de la Conferencia Mundial de los Pueblos sobre el Cambio Clim\u00e1tico prevista para abril.\",\"breadcrumb\":{\"@id\":\"https:\/\/www.pressenza.com\/es\/2010\/03\/organizaciones-sociales-bolivianas-delinearan-sus-propuestas-sobre-cambio-climatico-y-derechos-de-la-madre-tierra\/#breadcrumb\"},\"inLanguage\":\"es\",\"potentialAction\":[{\"@type\":\"ReadAction\",\"target\":[\"https:\/\/www.pressenza.com\/es\/2010\/03\/organizaciones-sociales-bolivianas-delinearan-sus-propuestas-sobre-cambio-climatico-y-derechos-de-la-madre-tierra\/\"]}]},{\"@type\":\"BreadcrumbList\",\"@id\":\"https:\/\/www.pressenza.com\/es\/2010\/03\/organizaciones-sociales-bolivianas-delinearan-sus-propuestas-sobre-cambio-climatico-y-derechos-de-la-madre-tierra\/#breadcrumb\",\"itemListElement\":[{\"@type\":\"ListItem\",\"position\":1,\"name\":\"Accueil\",\"item\":\"https:\/\/www.pressenza.com\/es\/\"},{\"@type\":\"ListItem\",\"position\":2,\"name\":\"Organizaciones sociales bolivianas delinear\u00e1n sus propuestas sobre cambio clim\u00e1tico y derechos de la Madre Tierra\"}]},{\"@type\":\"WebSite\",\"@id\":\"https:\/\/www.pressenza.com\/es\/#website\",\"url\":\"https:\/\/www.pressenza.com\/es\/\",\"name\":\"Pressenza\",\"description\":\"International Press Agency\",\"publisher\":{\"@id\":\"https:\/\/www.pressenza.com\/es\/#organization\"},\"potentialAction\":[{\"@type\":\"SearchAction\",\"target\":{\"@type\":\"EntryPoint\",\"urlTemplate\":\"https:\/\/www.pressenza.com\/es\/?s={search_term_string}\"},\"query-input\":{\"@type\":\"PropertyValueSpecification\",\"valueRequired\":true,\"valueName\":\"search_term_string\"}}],\"inLanguage\":\"es\"},{\"@type\":\"Organization\",\"@id\":\"https:\/\/www.pressenza.com\/es\/#organization\",\"name\":\"Pressenza\",\"url\":\"https:\/\/www.pressenza.com\/es\/\",\"logo\":{\"@type\":\"ImageObject\",\"inLanguage\":\"es\",\"@id\":\"https:\/\/www.pressenza.com\/es\/#\/schema\/logo\/image\/\",\"url\":\"https:\/\/www.pressenza.com\/wp-content\/uploads\/2022\/10\/pressenza_logo_200x200.jpg\",\"contentUrl\":\"https:\/\/www.pressenza.com\/wp-content\/uploads\/2022\/10\/pressenza_logo_200x200.jpg\",\"width\":200,\"height\":200,\"caption\":\"Pressenza\"},\"image\":{\"@id\":\"https:\/\/www.pressenza.com\/es\/#\/schema\/logo\/image\/\"},\"sameAs\":[\"https:\/\/www.facebook.com\/PressenzaItalia\",\"https:\/\/x.com\/PressenzaIPA\"]},{\"@type\":\"Person\",\"@id\":\"https:\/\/www.pressenza.com\/es\/#\/schema\/person\/010e5d02bcf40965427a1289a4cc8d75\",\"name\":\"Pressenza IPA\",\"description\":\"News from Pressenza IPA correspondents\",\"sameAs\":[\"https:\/\/www.facebook.com\/pressenza\",\"https:\/\/x.com\/PressenzaIPA\"],\"url\":\"https:\/\/www.pressenza.com\/es\/author\/pressenza-ipa\/\"}]}<\/script>\n<!-- \/ Yoast SEO plugin. -->","yoast_head_json":{"title":"Organizaciones sociales bolivianas delinear\u00e1n sus propuestas sobre cambio clim\u00e1tico y derechos de la Madre Tierra","description":"Los d\u00edas 29 y 30 de marzo en el hotel Casa Campestre de la ciudad de Cochabamba (Bolivia) se llevar\u00e1 a cabo la *\u201cPre-conferencia de los pueblos ind\u00edgenas, originarios, campesinos y organizaciones de Bolivia sobre Cambio Clim\u00e1tico y Derechos de la Madre Tierra\u201d*, en el marco de la Conferencia Mundial de los Pueblos sobre el Cambio Clim\u00e1tico prevista para abril.","robots":{"index":"index","follow":"follow","max-snippet":"max-snippet:-1","max-image-preview":"max-image-preview:large","max-video-preview":"max-video-preview:-1"},"canonical":"https:\/\/www.pressenza.com\/es\/2010\/03\/organizaciones-sociales-bolivianas-delinearan-sus-propuestas-sobre-cambio-climatico-y-derechos-de-la-madre-tierra\/","og_locale":"es_ES","og_type":"article","og_title":"Organizaciones sociales bolivianas delinear\u00e1n sus propuestas sobre cambio clim\u00e1tico y derechos de la Madre Tierra","og_description":"Los d\u00edas 29 y 30 de marzo en el hotel Casa Campestre de la ciudad de Cochabamba (Bolivia) se llevar\u00e1 a cabo la *\u201cPre-conferencia de los pueblos ind\u00edgenas, originarios, campesinos y organizaciones de Bolivia sobre Cambio Clim\u00e1tico y Derechos de la Madre Tierra\u201d*, en el marco de la Conferencia Mundial de los Pueblos sobre el Cambio Clim\u00e1tico prevista para abril.","og_url":"https:\/\/www.pressenza.com\/es\/2010\/03\/organizaciones-sociales-bolivianas-delinearan-sus-propuestas-sobre-cambio-climatico-y-derechos-de-la-madre-tierra\/","og_site_name":"Pressenza","article_publisher":"https:\/\/www.facebook.com\/PressenzaItalia","article_author":"https:\/\/www.facebook.com\/pressenza","article_published_time":"2010-03-28T00:00:00+00:00","article_modified_time":"2010-03-28T13:22:49+00:00","author":"Pressenza IPA","twitter_card":"summary_large_image","twitter_creator":"@PressenzaIPA","twitter_site":"@PressenzaIPA","twitter_misc":{"Escrito por":"Pressenza IPA","Tiempo de lectura":"1 minuto"},"schema":{"@context":"https:\/\/schema.org","@graph":[{"@type":"Article","@id":"https:\/\/www.pressenza.com\/es\/2010\/03\/organizaciones-sociales-bolivianas-delinearan-sus-propuestas-sobre-cambio-climatico-y-derechos-de-la-madre-tierra\/#article","isPartOf":{"@id":"https:\/\/www.pressenza.com\/es\/2010\/03\/organizaciones-sociales-bolivianas-delinearan-sus-propuestas-sobre-cambio-climatico-y-derechos-de-la-madre-tierra\/"},"author":{"name":"Pressenza IPA","@id":"https:\/\/www.pressenza.com\/es\/#\/schema\/person\/010e5d02bcf40965427a1289a4cc8d75"},"headline":"Organizaciones sociales bolivianas delinear\u00e1n sus propuestas sobre cambio clim\u00e1tico y derechos de la Madre Tierra","datePublished":"2010-03-28T00:00:00+00:00","dateModified":"2010-03-28T13:22:49+00:00","mainEntityOfPage":{"@id":"https:\/\/www.pressenza.com\/es\/2010\/03\/organizaciones-sociales-bolivianas-delinearan-sus-propuestas-sobre-cambio-climatico-y-derechos-de-la-madre-tierra\/"},"wordCount":311,"publisher":{"@id":"https:\/\/www.pressenza.com\/es\/#organization"},"articleSection":["Ecolog\u00eda y Medio Ambiente","Internacional","Sudam\u00e9rica"],"inLanguage":"es"},{"@type":"WebPage","@id":"https:\/\/www.pressenza.com\/es\/2010\/03\/organizaciones-sociales-bolivianas-delinearan-sus-propuestas-sobre-cambio-climatico-y-derechos-de-la-madre-tierra\/","url":"https:\/\/www.pressenza.com\/es\/2010\/03\/organizaciones-sociales-bolivianas-delinearan-sus-propuestas-sobre-cambio-climatico-y-derechos-de-la-madre-tierra\/","name":"Organizaciones sociales bolivianas delinear\u00e1n sus propuestas sobre cambio clim\u00e1tico y derechos de la Madre Tierra","isPartOf":{"@id":"https:\/\/www.pressenza.com\/es\/#website"},"datePublished":"2010-03-28T00:00:00+00:00","dateModified":"2010-03-28T13:22:49+00:00","description":"Los d\u00edas 29 y 30 de marzo en el hotel Casa Campestre de la ciudad de Cochabamba (Bolivia) se llevar\u00e1 a cabo la *\u201cPre-conferencia de los pueblos ind\u00edgenas, originarios, campesinos y organizaciones de Bolivia sobre Cambio Clim\u00e1tico y Derechos de la Madre Tierra\u201d*, en el marco de la Conferencia Mundial de los Pueblos sobre el Cambio Clim\u00e1tico prevista para abril.","breadcrumb":{"@id":"https:\/\/www.pressenza.com\/es\/2010\/03\/organizaciones-sociales-bolivianas-delinearan-sus-propuestas-sobre-cambio-climatico-y-derechos-de-la-madre-tierra\/#breadcrumb"},"inLanguage":"es","potentialAction":[{"@type":"ReadAction","target":["https:\/\/www.pressenza.com\/es\/2010\/03\/organizaciones-sociales-bolivianas-delinearan-sus-propuestas-sobre-cambio-climatico-y-derechos-de-la-madre-tierra\/"]}]},{"@type":"BreadcrumbList","@id":"https:\/\/www.pressenza.com\/es\/2010\/03\/organizaciones-sociales-bolivianas-delinearan-sus-propuestas-sobre-cambio-climatico-y-derechos-de-la-madre-tierra\/#breadcrumb","itemListElement":[{"@type":"ListItem","position":1,"name":"Accueil","item":"https:\/\/www.pressenza.com\/es\/"},{"@type":"ListItem","position":2,"name":"Organizaciones sociales bolivianas delinear\u00e1n sus propuestas sobre cambio clim\u00e1tico y derechos de la Madre Tierra"}]},{"@type":"WebSite","@id":"https:\/\/www.pressenza.com\/es\/#website","url":"https:\/\/www.pressenza.com\/es\/","name":"Pressenza","description":"International Press Agency","publisher":{"@id":"https:\/\/www.pressenza.com\/es\/#organization"},"potentialAction":[{"@type":"SearchAction","target":{"@type":"EntryPoint","urlTemplate":"https:\/\/www.pressenza.com\/es\/?s={search_term_string}"},"query-input":{"@type":"PropertyValueSpecification","valueRequired":true,"valueName":"search_term_string"}}],"inLanguage":"es"},{"@type":"Organization","@id":"https:\/\/www.pressenza.com\/es\/#organization","name":"Pressenza","url":"https:\/\/www.pressenza.com\/es\/","logo":{"@type":"ImageObject","inLanguage":"es","@id":"https:\/\/www.pressenza.com\/es\/#\/schema\/logo\/image\/","url":"https:\/\/www.pressenza.com\/wp-content\/uploads\/2022\/10\/pressenza_logo_200x200.jpg","contentUrl":"https:\/\/www.pressenza.com\/wp-content\/uploads\/2022\/10\/pressenza_logo_200x200.jpg","width":200,"height":200,"caption":"Pressenza"},"image":{"@id":"https:\/\/www.pressenza.com\/es\/#\/schema\/logo\/image\/"},"sameAs":["https:\/\/www.facebook.com\/PressenzaItalia","https:\/\/x.com\/PressenzaIPA"]},{"@type":"Person","@id":"https:\/\/www.pressenza.com\/es\/#\/schema\/person\/010e5d02bcf40965427a1289a4cc8d75","name":"Pressenza IPA","description":"News from Pressenza IPA correspondents","sameAs":["https:\/\/www.facebook.com\/pressenza","https:\/\/x.com\/PressenzaIPA"],"url":"https:\/\/www.pressenza.com\/es\/author\/pressenza-ipa\/"}]}},"place":"Cochabamba","original_article_url":"","_links":{"self":[{"href":"https:\/\/www.pressenza.com\/es\/wp-json\/wp\/v2\/posts\/3171","targetHints":{"allow":["GET"]}}],"collection":[{"href":"https:\/\/www.pressenza.com\/es\/wp-json\/wp\/v2\/posts"}],"about":[{"href":"https:\/\/www.pressenza.com\/es\/wp-json\/wp\/v2\/types\/post"}],"author":[{"embeddable":true,"href":"https:\/\/www.pressenza.com\/es\/wp-json\/wp\/v2\/users\/19"}],"replies":[{"embeddable":true,"href":"https:\/\/www.pressenza.com\/es\/wp-json\/wp\/v2\/comments?post=3171"}],"version-history":[{"count":0,"href":"https:\/\/www.pressenza.com\/es\/wp-json\/wp\/v2\/posts\/3171\/revisions"}],"wp:attachment":[{"href":"https:\/\/www.pressenza.com\/es\/wp-json\/wp\/v2\/media?parent=3171"}],"wp:term":[{"taxonomy":"category","embeddable":true,"href":"https:\/\/www.pressenza.com\/es\/wp-json\/wp\/v2\/categories?post=3171"},{"taxonomy":"post_tag","embeddable":true,"href":"https:\/\/www.pressenza.com\/es\/wp-json\/wp\/v2\/tags?post=3171"}],"curies":[{"name":"wp","href":"https:\/\/api.w.org\/{rel}","templated":true}]}}