{"id":316821,"date":"2016-05-14T06:58:01","date_gmt":"2016-05-14T05:58:01","guid":{"rendered":"http:\/\/www.pressenza.com\/es\/?p=316821"},"modified":"2016-05-14T06:58:01","modified_gmt":"2016-05-14T05:58:01","slug":"comienza-quinto-aniversario-del-15m-asociado-nuit-debout","status":"publish","type":"post","link":"https:\/\/www.pressenza.com\/es\/2016\/05\/comienza-quinto-aniversario-del-15m-asociado-nuit-debout\/","title":{"rendered":"Se celebra quinto aniversario del 15M, asociado a Nuit Debout"},"content":{"rendered":"<p>Comienzan hoy las actividades centrales de la celebraci\u00f3n del quinto aniversario del 15M o Movimiento de los Indignados, asociado y oxigenado por el movimiento franc\u00e9s Nuit Debout.<\/p>\n<p>El movimiento que despert\u00f3 y moviliz\u00f3 a millones de personas y a todo tipo de organizaciones del estado espa\u00f1ol y que tuvo su efecto en otros pa\u00edses cercanos y lejanos, alarga la fiesta de su cumplea\u00f1os durante todo este mes de mayo, ali\u00e1ndose con otras causas y otros eventos, como el Foro Social de Madrid, que tendr\u00e1 lugar el pr\u00f3ximo fin de semana en la capital espa\u00f1ola.<\/p>\n<p>Estaba previsto para este aniversario que el Ayuntamiento de Madrid colocara una placa en la Puerta del Sol, donde tuvo lugar aquel campamento que durante dos meses del 2011 ilusion\u00f3 a millones de personas y construy\u00f3 nuevas formas de relaciones sociales. La placa que no ser\u00e1 colocada finalmente, se ha sustituido por una grabaci\u00f3n en una de las fuentes de la plaza en la que se podr\u00e1 leer \u201cDorm\u00edamos, despertamos\u201d, lema del 15M. Algo que, por temas administrativos, \u00a0se llevar\u00e1 a cabo m\u00e1s adelante.<\/p>\n","protected":false},"excerpt":{"rendered":"<p>Comienzan hoy las actividades centrales de la celebraci\u00f3n del quinto aniversario del 15M o Movimiento de los Indignados, asociado y oxigenado por el movimiento franc\u00e9s Nuit Debout. El movimiento que despert\u00f3 y moviliz\u00f3 a millones de personas y a todo&hellip;<\/p>\n","protected":false},"author":94,"featured_media":316822,"comment_status":"closed","ping_status":"closed","sticky":false,"template":"","format":"standard","meta":{"footnotes":""},"categories":[39,74],"tags":[23834,27097,1497,25509],"class_list":["post-316821","post","type-post","status-publish","format-standard","has-post-thumbnail","hentry","category-internacional","category-politica-es","tag-ayuntamiento-madrid","tag-foro-social-de-madrid","tag-movimientos-sociales","tag-nuit-debout"],"yoast_head":"<!-- This site is optimized with the Yoast SEO plugin v27.1.1 - https:\/\/yoast.com\/product\/yoast-seo-wordpress\/ -->\n<title>Se celebra quinto aniversario del 15M, asociado a Nuit Debout<\/title>\n<meta name=\"description\" content=\"Comienzan hoy las actividades centrales de la celebraci\u00f3n del quinto aniversario del 15M o Movimiento de los Indignados, asociado y oxigenado por el\" \/>\n<meta name=\"robots\" content=\"index, follow, max-snippet:-1, max-image-preview:large, max-video-preview:-1\" \/>\n<link rel=\"canonical\" href=\"https:\/\/www.pressenza.com\/es\/2016\/05\/comienza-quinto-aniversario-del-15m-asociado-nuit-debout\/\" \/>\n<meta property=\"og:locale\" content=\"es_ES\" \/>\n<meta property=\"og:type\" content=\"article\" \/>\n<meta property=\"og:title\" content=\"Se celebra quinto aniversario del 15M, asociado a Nuit Debout\" \/>\n<meta property=\"og:description\" content=\"Comienzan hoy las actividades centrales de la celebraci\u00f3n del quinto aniversario del 15M o Movimiento de los Indignados, asociado y oxigenado por el\" \/>\n<meta property=\"og:url\" content=\"https:\/\/www.pressenza.com\/es\/2016\/05\/comienza-quinto-aniversario-del-15m-asociado-nuit-debout\/\" \/>\n<meta property=\"og:site_name\" content=\"Pressenza\" \/>\n<meta property=\"article:publisher\" content=\"https:\/\/www.facebook.com\/PressenzaItalia\" \/>\n<meta property=\"article:author\" content=\"https:\/\/www.facebook.com\/pressenza\" \/>\n<meta property=\"article:published_time\" content=\"2016-05-14T05:58:01+00:00\" \/>\n<meta property=\"og:image\" content=\"https:\/\/www.pressenza.com\/wp-content\/uploads\/2016\/05\/5-aniversario-15M.jpg\" \/>\n\t<meta property=\"og:image:width\" content=\"993\" \/>\n\t<meta property=\"og:image:height\" content=\"877\" \/>\n\t<meta property=\"og:image:type\" content=\"image\/jpeg\" \/>\n<meta name=\"author\" content=\"Redacci\u00f3n Madrid\" \/>\n<meta name=\"twitter:card\" content=\"summary_large_image\" \/>\n<meta name=\"twitter:creator\" content=\"@pressenza\" \/>\n<meta name=\"twitter:site\" content=\"@PressenzaIPA\" \/>\n<meta name=\"twitter:label1\" content=\"Escrito por\" \/>\n\t<meta name=\"twitter:data1\" content=\"Redacci\u00f3n Madrid\" \/>\n\t<meta name=\"twitter:label2\" content=\"Tiempo de lectura\" \/>\n\t<meta name=\"twitter:data2\" content=\"1 minuto\" \/>\n<script type=\"application\/ld+json\" class=\"yoast-schema-graph\">{\"@context\":\"https:\/\/schema.org\",\"@graph\":[{\"@type\":\"Article\",\"@id\":\"https:\/\/www.pressenza.com\/es\/2016\/05\/comienza-quinto-aniversario-del-15m-asociado-nuit-debout\/#article\",\"isPartOf\":{\"@id\":\"https:\/\/www.pressenza.com\/es\/2016\/05\/comienza-quinto-aniversario-del-15m-asociado-nuit-debout\/\"},\"author\":{\"name\":\"Redacci\u00f3n Madrid\",\"@id\":\"https:\/\/www.pressenza.com\/es\/#\/schema\/person\/828fc40eeca2ad7be3630e5a46adba94\"},\"headline\":\"Se celebra quinto aniversario del 15M, asociado a Nuit Debout\",\"datePublished\":\"2016-05-14T05:58:01+00:00\",\"mainEntityOfPage\":{\"@id\":\"https:\/\/www.pressenza.com\/es\/2016\/05\/comienza-quinto-aniversario-del-15m-asociado-nuit-debout\/\"},\"wordCount\":198,\"publisher\":{\"@id\":\"https:\/\/www.pressenza.com\/es\/#organization\"},\"image\":{\"@id\":\"https:\/\/www.pressenza.com\/es\/2016\/05\/comienza-quinto-aniversario-del-15m-asociado-nuit-debout\/#primaryimage\"},\"thumbnailUrl\":\"https:\/\/www.pressenza.com\/wp-content\/uploads\/2016\/05\/5-aniversario-15M.jpg\",\"keywords\":[\"Ayuntamiento Madrid\",\"Foro Social de Madrid\",\"movimientos sociales\",\"Nuit Debout\"],\"articleSection\":[\"Internacional\",\"Pol\u00edtica\"],\"inLanguage\":\"es\"},{\"@type\":\"WebPage\",\"@id\":\"https:\/\/www.pressenza.com\/es\/2016\/05\/comienza-quinto-aniversario-del-15m-asociado-nuit-debout\/\",\"url\":\"https:\/\/www.pressenza.com\/es\/2016\/05\/comienza-quinto-aniversario-del-15m-asociado-nuit-debout\/\",\"name\":\"Se celebra quinto aniversario del 15M, asociado a Nuit Debout\",\"isPartOf\":{\"@id\":\"https:\/\/www.pressenza.com\/es\/#website\"},\"primaryImageOfPage\":{\"@id\":\"https:\/\/www.pressenza.com\/es\/2016\/05\/comienza-quinto-aniversario-del-15m-asociado-nuit-debout\/#primaryimage\"},\"image\":{\"@id\":\"https:\/\/www.pressenza.com\/es\/2016\/05\/comienza-quinto-aniversario-del-15m-asociado-nuit-debout\/#primaryimage\"},\"thumbnailUrl\":\"https:\/\/www.pressenza.com\/wp-content\/uploads\/2016\/05\/5-aniversario-15M.jpg\",\"datePublished\":\"2016-05-14T05:58:01+00:00\",\"description\":\"Comienzan hoy las actividades centrales de la celebraci\u00f3n del quinto aniversario del 15M o Movimiento de los Indignados, asociado y oxigenado por el\",\"breadcrumb\":{\"@id\":\"https:\/\/www.pressenza.com\/es\/2016\/05\/comienza-quinto-aniversario-del-15m-asociado-nuit-debout\/#breadcrumb\"},\"inLanguage\":\"es\",\"potentialAction\":[{\"@type\":\"ReadAction\",\"target\":[\"https:\/\/www.pressenza.com\/es\/2016\/05\/comienza-quinto-aniversario-del-15m-asociado-nuit-debout\/\"]}]},{\"@type\":\"ImageObject\",\"inLanguage\":\"es\",\"@id\":\"https:\/\/www.pressenza.com\/es\/2016\/05\/comienza-quinto-aniversario-del-15m-asociado-nuit-debout\/#primaryimage\",\"url\":\"https:\/\/www.pressenza.com\/wp-content\/uploads\/2016\/05\/5-aniversario-15M.jpg\",\"contentUrl\":\"https:\/\/www.pressenza.com\/wp-content\/uploads\/2016\/05\/5-aniversario-15M.jpg\",\"width\":993,\"height\":877},{\"@type\":\"BreadcrumbList\",\"@id\":\"https:\/\/www.pressenza.com\/es\/2016\/05\/comienza-quinto-aniversario-del-15m-asociado-nuit-debout\/#breadcrumb\",\"itemListElement\":[{\"@type\":\"ListItem\",\"position\":1,\"name\":\"Accueil\",\"item\":\"https:\/\/www.pressenza.com\/es\/\"},{\"@type\":\"ListItem\",\"position\":2,\"name\":\"Se celebra quinto aniversario del 15M, asociado a Nuit Debout\"}]},{\"@type\":\"WebSite\",\"@id\":\"https:\/\/www.pressenza.com\/es\/#website\",\"url\":\"https:\/\/www.pressenza.com\/es\/\",\"name\":\"Pressenza\",\"description\":\"International Press Agency\",\"publisher\":{\"@id\":\"https:\/\/www.pressenza.com\/es\/#organization\"},\"potentialAction\":[{\"@type\":\"SearchAction\",\"target\":{\"@type\":\"EntryPoint\",\"urlTemplate\":\"https:\/\/www.pressenza.com\/es\/?s={search_term_string}\"},\"query-input\":{\"@type\":\"PropertyValueSpecification\",\"valueRequired\":true,\"valueName\":\"search_term_string\"}}],\"inLanguage\":\"es\"},{\"@type\":\"Organization\",\"@id\":\"https:\/\/www.pressenza.com\/es\/#organization\",\"name\":\"Pressenza\",\"url\":\"https:\/\/www.pressenza.com\/es\/\",\"logo\":{\"@type\":\"ImageObject\",\"inLanguage\":\"es\",\"@id\":\"https:\/\/www.pressenza.com\/es\/#\/schema\/logo\/image\/\",\"url\":\"https:\/\/www.pressenza.com\/wp-content\/uploads\/2022\/10\/pressenza_logo_200x200.jpg\",\"contentUrl\":\"https:\/\/www.pressenza.com\/wp-content\/uploads\/2022\/10\/pressenza_logo_200x200.jpg\",\"width\":200,\"height\":200,\"caption\":\"Pressenza\"},\"image\":{\"@id\":\"https:\/\/www.pressenza.com\/es\/#\/schema\/logo\/image\/\"},\"sameAs\":[\"https:\/\/www.facebook.com\/PressenzaItalia\",\"https:\/\/x.com\/PressenzaIPA\"]},{\"@type\":\"Person\",\"@id\":\"https:\/\/www.pressenza.com\/es\/#\/schema\/person\/828fc40eeca2ad7be3630e5a46adba94\",\"name\":\"Redacci\u00f3n Madrid\",\"description\":\"News from the Pressenza Bureau in Madrid, Spain\",\"sameAs\":[\"https:\/\/www.facebook.com\/pressenza\",\"https:\/\/x.com\/pressenza\"],\"url\":\"https:\/\/www.pressenza.com\/es\/author\/redaccion-madrid\/\"}]}<\/script>\n<!-- \/ Yoast SEO plugin. -->","yoast_head_json":{"title":"Se celebra quinto aniversario del 15M, asociado a Nuit Debout","description":"Comienzan hoy las actividades centrales de la celebraci\u00f3n del quinto aniversario del 15M o Movimiento de los Indignados, asociado y oxigenado por el","robots":{"index":"index","follow":"follow","max-snippet":"max-snippet:-1","max-image-preview":"max-image-preview:large","max-video-preview":"max-video-preview:-1"},"canonical":"https:\/\/www.pressenza.com\/es\/2016\/05\/comienza-quinto-aniversario-del-15m-asociado-nuit-debout\/","og_locale":"es_ES","og_type":"article","og_title":"Se celebra quinto aniversario del 15M, asociado a Nuit Debout","og_description":"Comienzan hoy las actividades centrales de la celebraci\u00f3n del quinto aniversario del 15M o Movimiento de los Indignados, asociado y oxigenado por el","og_url":"https:\/\/www.pressenza.com\/es\/2016\/05\/comienza-quinto-aniversario-del-15m-asociado-nuit-debout\/","og_site_name":"Pressenza","article_publisher":"https:\/\/www.facebook.com\/PressenzaItalia","article_author":"https:\/\/www.facebook.com\/pressenza","article_published_time":"2016-05-14T05:58:01+00:00","og_image":[{"width":993,"height":877,"url":"https:\/\/www.pressenza.com\/wp-content\/uploads\/2016\/05\/5-aniversario-15M.jpg","type":"image\/jpeg"}],"author":"Redacci\u00f3n Madrid","twitter_card":"summary_large_image","twitter_creator":"@pressenza","twitter_site":"@PressenzaIPA","twitter_misc":{"Escrito por":"Redacci\u00f3n Madrid","Tiempo de lectura":"1 minuto"},"schema":{"@context":"https:\/\/schema.org","@graph":[{"@type":"Article","@id":"https:\/\/www.pressenza.com\/es\/2016\/05\/comienza-quinto-aniversario-del-15m-asociado-nuit-debout\/#article","isPartOf":{"@id":"https:\/\/www.pressenza.com\/es\/2016\/05\/comienza-quinto-aniversario-del-15m-asociado-nuit-debout\/"},"author":{"name":"Redacci\u00f3n Madrid","@id":"https:\/\/www.pressenza.com\/es\/#\/schema\/person\/828fc40eeca2ad7be3630e5a46adba94"},"headline":"Se celebra quinto aniversario del 15M, asociado a Nuit Debout","datePublished":"2016-05-14T05:58:01+00:00","mainEntityOfPage":{"@id":"https:\/\/www.pressenza.com\/es\/2016\/05\/comienza-quinto-aniversario-del-15m-asociado-nuit-debout\/"},"wordCount":198,"publisher":{"@id":"https:\/\/www.pressenza.com\/es\/#organization"},"image":{"@id":"https:\/\/www.pressenza.com\/es\/2016\/05\/comienza-quinto-aniversario-del-15m-asociado-nuit-debout\/#primaryimage"},"thumbnailUrl":"https:\/\/www.pressenza.com\/wp-content\/uploads\/2016\/05\/5-aniversario-15M.jpg","keywords":["Ayuntamiento Madrid","Foro Social de Madrid","movimientos sociales","Nuit Debout"],"articleSection":["Internacional","Pol\u00edtica"],"inLanguage":"es"},{"@type":"WebPage","@id":"https:\/\/www.pressenza.com\/es\/2016\/05\/comienza-quinto-aniversario-del-15m-asociado-nuit-debout\/","url":"https:\/\/www.pressenza.com\/es\/2016\/05\/comienza-quinto-aniversario-del-15m-asociado-nuit-debout\/","name":"Se celebra quinto aniversario del 15M, asociado a Nuit Debout","isPartOf":{"@id":"https:\/\/www.pressenza.com\/es\/#website"},"primaryImageOfPage":{"@id":"https:\/\/www.pressenza.com\/es\/2016\/05\/comienza-quinto-aniversario-del-15m-asociado-nuit-debout\/#primaryimage"},"image":{"@id":"https:\/\/www.pressenza.com\/es\/2016\/05\/comienza-quinto-aniversario-del-15m-asociado-nuit-debout\/#primaryimage"},"thumbnailUrl":"https:\/\/www.pressenza.com\/wp-content\/uploads\/2016\/05\/5-aniversario-15M.jpg","datePublished":"2016-05-14T05:58:01+00:00","description":"Comienzan hoy las actividades centrales de la celebraci\u00f3n del quinto aniversario del 15M o Movimiento de los Indignados, asociado y oxigenado por el","breadcrumb":{"@id":"https:\/\/www.pressenza.com\/es\/2016\/05\/comienza-quinto-aniversario-del-15m-asociado-nuit-debout\/#breadcrumb"},"inLanguage":"es","potentialAction":[{"@type":"ReadAction","target":["https:\/\/www.pressenza.com\/es\/2016\/05\/comienza-quinto-aniversario-del-15m-asociado-nuit-debout\/"]}]},{"@type":"ImageObject","inLanguage":"es","@id":"https:\/\/www.pressenza.com\/es\/2016\/05\/comienza-quinto-aniversario-del-15m-asociado-nuit-debout\/#primaryimage","url":"https:\/\/www.pressenza.com\/wp-content\/uploads\/2016\/05\/5-aniversario-15M.jpg","contentUrl":"https:\/\/www.pressenza.com\/wp-content\/uploads\/2016\/05\/5-aniversario-15M.jpg","width":993,"height":877},{"@type":"BreadcrumbList","@id":"https:\/\/www.pressenza.com\/es\/2016\/05\/comienza-quinto-aniversario-del-15m-asociado-nuit-debout\/#breadcrumb","itemListElement":[{"@type":"ListItem","position":1,"name":"Accueil","item":"https:\/\/www.pressenza.com\/es\/"},{"@type":"ListItem","position":2,"name":"Se celebra quinto aniversario del 15M, asociado a Nuit Debout"}]},{"@type":"WebSite","@id":"https:\/\/www.pressenza.com\/es\/#website","url":"https:\/\/www.pressenza.com\/es\/","name":"Pressenza","description":"International Press Agency","publisher":{"@id":"https:\/\/www.pressenza.com\/es\/#organization"},"potentialAction":[{"@type":"SearchAction","target":{"@type":"EntryPoint","urlTemplate":"https:\/\/www.pressenza.com\/es\/?s={search_term_string}"},"query-input":{"@type":"PropertyValueSpecification","valueRequired":true,"valueName":"search_term_string"}}],"inLanguage":"es"},{"@type":"Organization","@id":"https:\/\/www.pressenza.com\/es\/#organization","name":"Pressenza","url":"https:\/\/www.pressenza.com\/es\/","logo":{"@type":"ImageObject","inLanguage":"es","@id":"https:\/\/www.pressenza.com\/es\/#\/schema\/logo\/image\/","url":"https:\/\/www.pressenza.com\/wp-content\/uploads\/2022\/10\/pressenza_logo_200x200.jpg","contentUrl":"https:\/\/www.pressenza.com\/wp-content\/uploads\/2022\/10\/pressenza_logo_200x200.jpg","width":200,"height":200,"caption":"Pressenza"},"image":{"@id":"https:\/\/www.pressenza.com\/es\/#\/schema\/logo\/image\/"},"sameAs":["https:\/\/www.facebook.com\/PressenzaItalia","https:\/\/x.com\/PressenzaIPA"]},{"@type":"Person","@id":"https:\/\/www.pressenza.com\/es\/#\/schema\/person\/828fc40eeca2ad7be3630e5a46adba94","name":"Redacci\u00f3n Madrid","description":"News from the Pressenza Bureau in Madrid, Spain","sameAs":["https:\/\/www.facebook.com\/pressenza","https:\/\/x.com\/pressenza"],"url":"https:\/\/www.pressenza.com\/es\/author\/redaccion-madrid\/"}]}},"place":"Madrid (Espa\u00f1a)","original_article_url":"","_links":{"self":[{"href":"https:\/\/www.pressenza.com\/es\/wp-json\/wp\/v2\/posts\/316821","targetHints":{"allow":["GET"]}}],"collection":[{"href":"https:\/\/www.pressenza.com\/es\/wp-json\/wp\/v2\/posts"}],"about":[{"href":"https:\/\/www.pressenza.com\/es\/wp-json\/wp\/v2\/types\/post"}],"author":[{"embeddable":true,"href":"https:\/\/www.pressenza.com\/es\/wp-json\/wp\/v2\/users\/94"}],"replies":[{"embeddable":true,"href":"https:\/\/www.pressenza.com\/es\/wp-json\/wp\/v2\/comments?post=316821"}],"version-history":[{"count":0,"href":"https:\/\/www.pressenza.com\/es\/wp-json\/wp\/v2\/posts\/316821\/revisions"}],"wp:featuredmedia":[{"embeddable":true,"href":"https:\/\/www.pressenza.com\/es\/wp-json\/wp\/v2\/media\/316822"}],"wp:attachment":[{"href":"https:\/\/www.pressenza.com\/es\/wp-json\/wp\/v2\/media?parent=316821"}],"wp:term":[{"taxonomy":"category","embeddable":true,"href":"https:\/\/www.pressenza.com\/es\/wp-json\/wp\/v2\/categories?post=316821"},{"taxonomy":"post_tag","embeddable":true,"href":"https:\/\/www.pressenza.com\/es\/wp-json\/wp\/v2\/tags?post=316821"}],"curies":[{"name":"wp","href":"https:\/\/api.w.org\/{rel}","templated":true}]}}