{"id":316612,"date":"2016-05-13T14:30:52","date_gmt":"2016-05-13T13:30:52","guid":{"rendered":"http:\/\/www.pressenza.com\/es\/?p=316612"},"modified":"2016-05-13T14:30:52","modified_gmt":"2016-05-13T13:30:52","slug":"universitarios-memoria-y-reflejos-mirada-de-m-a-f-i-a","status":"publish","type":"post","link":"https:\/\/www.pressenza.com\/es\/2016\/05\/universitarios-memoria-y-reflejos-mirada-de-m-a-f-i-a\/","title":{"rendered":"Universitarios: memoria y reflejos &#8211; La mirada de M.A.f.I.A."},"content":{"rendered":"<p><em><strong>Por Cora Gamarnik<\/strong><\/em><br \/>\n<em>Profesora Titular de la Facultad de Ciencias Sociales &#8211; Universidad de Buenos Aires.<\/em><\/p>\n<p>Dimos clases en las calles, en estaciones de subte, de tren, en Aeroparque, en parques y plazas. Dimos clases de historia, filosof\u00eda, econom\u00eda, matem\u00e1tica, bioqu\u00edmica, arte, dise\u00f1o&#8230; Realizamos paros, jornadas de debate, asambleas, clases abiertas, radios p\u00fablicas&#8230; El mundo acad\u00e9mico de todas las universidades p\u00fablicas del pa\u00eds (docentes, estudiantes, no docentes, autoridades universitarias, graduados, investigadores&#8230;) sali\u00f3 a la calle.<\/p>\n<p><img loading=\"lazy\" decoding=\"async\" class=\"alignleft size-large wp-image-316622\" src=\"http:\/\/www.pressenza.com\/wp-content\/uploads\/2016\/05\/5-1-720x479.jpg\" alt=\"5\" width=\"720\" height=\"479\" srcset=\"https:\/\/www.pressenza.com\/wp-content\/uploads\/2016\/05\/5-1-720x479.jpg 720w, https:\/\/www.pressenza.com\/wp-content\/uploads\/2016\/05\/5-1-300x200.jpg 300w, https:\/\/www.pressenza.com\/wp-content\/uploads\/2016\/05\/5-1-768x511.jpg 768w, https:\/\/www.pressenza.com\/wp-content\/uploads\/2016\/05\/5-1.jpg 960w\" sizes=\"auto, (max-width: 720px) 100vw, 720px\" \/><\/p>\n<p>Logramos una convocatoria de unidad entre todos los gremios docentes. Se firm\u00f3 un documento conjunto en el que exigimos la recomposici\u00f3n salarial para recuperar lo perdido por la devaluaci\u00f3n, la inflaci\u00f3n y los aumentos de tarifas. El aumento de presupuesto universitario, el cumplimiento de los convenios colectivos de trabajo, el boleto educativo universal y gratuito, la ampliaci\u00f3n de las becas estudiantiles, la derogaci\u00f3n de la Ley de Educaci\u00f3n Superior \u2013vigente desde el menemismo\u2013 y su reemplazo por una nueva que garantice la ense\u00f1anza, investigaci\u00f3n y extensi\u00f3n universitaria, el ingreso irrestricto y la gratuidad de la educaci\u00f3n, el cese de los despidos, la inmediata reincorporaci\u00f3n de los cesanteados y la no criminalizaci\u00f3n de la protesta social.<\/p>\n<p><img loading=\"lazy\" decoding=\"async\" class=\"alignleft size-large wp-image-316629\" src=\"http:\/\/www.pressenza.com\/wp-content\/uploads\/2016\/05\/4-1-720x480.jpg\" alt=\"4\" width=\"720\" height=\"480\" srcset=\"https:\/\/www.pressenza.com\/wp-content\/uploads\/2016\/05\/4-1-720x480.jpg 720w, https:\/\/www.pressenza.com\/wp-content\/uploads\/2016\/05\/4-1-300x200.jpg 300w, https:\/\/www.pressenza.com\/wp-content\/uploads\/2016\/05\/4-1-768x512.jpg 768w, https:\/\/www.pressenza.com\/wp-content\/uploads\/2016\/05\/4-1.jpg 960w\" sizes=\"auto, (max-width: 720px) 100vw, 720px\" \/><\/p>\n<p>\u00bfQu\u00e9 provoc\u00f3 todo esto? \u00bfFueron los \u201cdatos falsos\u201d en los que nos basamos como declar\u00f3 el Ministro de Educaci\u00f3n Esteban Bullrich? No. Definitivamente no. Fue la gran preocupaci\u00f3n que nos provoca escuchar al actual presidente de la Naci\u00f3n decir \u201c\u00bfQu\u00e9 es esto de hacer universidades por todos lados?\u201d Fue conocer el Decreto 333\/2016 firmado por Macri por el cual se dieron de baja todos los programas y convenios entre las universidades y el Estado Nacional. Fue recordar que el primer funcionario nombrado en Pol\u00edticas Universitarias era alguien sin idoneidad para el cargo que tuvo que renunciar antes de asumir por el rechazo que gener\u00f3. Fue saber que los fondos que se destinan para el funcionamiento de las universidades fueron aprobados el a\u00f1o pasado y con la devaluaci\u00f3n y la inflaci\u00f3n no alcanza a cubrir los costos en la actualidad.<br \/>\nTenemos un sistema universitario p\u00fablico que a pesar de sus d\u00e9ficits es inclusivo y de calidad. Son las universidades p\u00fablicas argentinas las que tienen el mayor prestigio nacional e internacional muy por encima del sistema universitario privado. Y lo tienen por la calidad de sus docentes, de sus investigadores, por lo que se investiga, se ense\u00f1a y se produce. Por el esfuerzo que hacemos todos los que formamos parte de ella.<\/p>\n<p><img loading=\"lazy\" decoding=\"async\" class=\"alignleft size-large wp-image-316636\" src=\"http:\/\/www.pressenza.com\/wp-content\/uploads\/2016\/05\/3-1-720x479.jpg\" alt=\"3\" width=\"720\" height=\"479\" srcset=\"https:\/\/www.pressenza.com\/wp-content\/uploads\/2016\/05\/3-1-720x479.jpg 720w, https:\/\/www.pressenza.com\/wp-content\/uploads\/2016\/05\/3-1-300x200.jpg 300w, https:\/\/www.pressenza.com\/wp-content\/uploads\/2016\/05\/3-1-768x511.jpg 768w, https:\/\/www.pressenza.com\/wp-content\/uploads\/2016\/05\/3-1.jpg 960w\" sizes=\"auto, (max-width: 720px) 100vw, 720px\" \/><\/p>\n<p>En los \u00faltimos a\u00f1os se crearon adem\u00e1s universidades nuevas. En ellas el 70 % de sus alumnos son la primera generaci\u00f3n universitaria. Esto significa que antes que ellos nadie de sus familias hab\u00eda podido acceder. Eso es mayor igualdad de oportunidades, democratizaci\u00f3n social.<\/p>\n<p><img loading=\"lazy\" decoding=\"async\" class=\"alignleft size-large wp-image-316643\" src=\"http:\/\/www.pressenza.com\/wp-content\/uploads\/2016\/05\/2-1-720x479.jpg\" alt=\"2\" width=\"720\" height=\"479\" srcset=\"https:\/\/www.pressenza.com\/wp-content\/uploads\/2016\/05\/2-1-720x479.jpg 720w, https:\/\/www.pressenza.com\/wp-content\/uploads\/2016\/05\/2-1-300x200.jpg 300w, https:\/\/www.pressenza.com\/wp-content\/uploads\/2016\/05\/2-1-768x511.jpg 768w, https:\/\/www.pressenza.com\/wp-content\/uploads\/2016\/05\/2-1.jpg 960w\" sizes=\"auto, (max-width: 720px) 100vw, 720px\" \/><br \/>\nSabemos -como ya lo demostr\u00f3 la lucha universitaria en otras \u00e9pocas- que solo la movilizaci\u00f3n logra frenar cualquier intento de retroceso o destrucci\u00f3n de uno de los mejores logros que tiene este pa\u00eds. La masiva manifestaci\u00f3n de ayer demuestra que somos muchos los que pensamos as\u00ed y que tenemos memoria y reflejos.<\/p>\n<p><em><strong><img loading=\"lazy\" decoding=\"async\" class=\"alignleft size-large wp-image-316650\" src=\"http:\/\/www.pressenza.com\/wp-content\/uploads\/2016\/05\/6-720x479.jpg\" alt=\"6\" width=\"720\" height=\"479\" srcset=\"https:\/\/www.pressenza.com\/wp-content\/uploads\/2016\/05\/6-720x479.jpg 720w, https:\/\/www.pressenza.com\/wp-content\/uploads\/2016\/05\/6-300x200.jpg 300w, https:\/\/www.pressenza.com\/wp-content\/uploads\/2016\/05\/6-768x511.jpg 768w, https:\/\/www.pressenza.com\/wp-content\/uploads\/2016\/05\/6.jpg 960w\" sizes=\"auto, (max-width: 720px) 100vw, 720px\" \/><\/strong><\/em><\/p>\n","protected":false},"excerpt":{"rendered":"<p>Por Cora Gamarnik Profesora Titular de la Facultad de Ciencias Sociales &#8211; Universidad de Buenos Aires. Dimos clases en las calles, en estaciones de subte, de tren, en Aeroparque, en parques y plazas. Dimos clases de historia, filosof\u00eda, econom\u00eda, matem\u00e1tica,&hellip;<\/p>\n","protected":false},"author":87,"featured_media":316615,"comment_status":"closed","ping_status":"closed","sticky":false,"template":"","format":"standard","meta":{"footnotes":""},"categories":[1230,5667,74,67],"tags":[26,6255,393,27080,4922,526,5379,27081],"class_list":["post-316612","post","type-post","status-publish","format-standard","has-post-thumbnail","hentry","category-educacion-tema","category-foto-reportajes","category-politica-es","category-sudamerica","tag-argentina","tag-docentes","tag-educacion","tag-esteban-bullrich","tag-estudiantes","tag-manifestacion","tag-movilizacion","tag-universitarios"],"yoast_head":"<!-- This site is optimized with the Yoast SEO plugin v27.1.1 - https:\/\/yoast.com\/product\/yoast-seo-wordpress\/ -->\n<title>Universitarios: memoria y reflejos - La mirada de M.A.f.I.A.<\/title>\n<meta name=\"description\" content=\"Por Cora Gamarnik Profesora Titular de la Facultad de Ciencias Sociales - Universidad de Buenos Aires. Dimos clases en las calles, en estaciones de subte,\" \/>\n<meta name=\"robots\" content=\"index, follow, max-snippet:-1, max-image-preview:large, max-video-preview:-1\" \/>\n<link rel=\"canonical\" href=\"https:\/\/www.pressenza.com\/es\/2016\/05\/universitarios-memoria-y-reflejos-mirada-de-m-a-f-i-a\/\" \/>\n<meta property=\"og:locale\" content=\"es_ES\" \/>\n<meta property=\"og:type\" content=\"article\" \/>\n<meta property=\"og:title\" content=\"Universitarios: memoria y reflejos - La mirada de M.A.f.I.A.\" \/>\n<meta property=\"og:description\" content=\"Por Cora Gamarnik Profesora Titular de la Facultad de Ciencias Sociales - Universidad de Buenos Aires. Dimos clases en las calles, en estaciones de subte,\" \/>\n<meta property=\"og:url\" content=\"https:\/\/www.pressenza.com\/es\/2016\/05\/universitarios-memoria-y-reflejos-mirada-de-m-a-f-i-a\/\" \/>\n<meta property=\"og:site_name\" content=\"Pressenza\" \/>\n<meta property=\"article:publisher\" content=\"https:\/\/www.facebook.com\/PressenzaItalia\" \/>\n<meta property=\"article:published_time\" content=\"2016-05-13T13:30:52+00:00\" \/>\n<meta property=\"og:image\" content=\"https:\/\/www.pressenza.com\/wp-content\/uploads\/2016\/05\/1-1.jpg\" \/>\n\t<meta property=\"og:image:width\" content=\"960\" \/>\n\t<meta property=\"og:image:height\" content=\"639\" \/>\n\t<meta property=\"og:image:type\" content=\"image\/jpeg\" \/>\n<meta name=\"author\" content=\"Redacci\u00f3n Argentina\" \/>\n<meta name=\"twitter:card\" content=\"summary_large_image\" \/>\n<meta name=\"twitter:creator\" content=\"@pressenza\" \/>\n<meta name=\"twitter:site\" content=\"@PressenzaIPA\" \/>\n<meta name=\"twitter:label1\" content=\"Escrito por\" \/>\n\t<meta name=\"twitter:data1\" content=\"Redacci\u00f3n Argentina\" \/>\n\t<meta name=\"twitter:label2\" content=\"Tiempo de lectura\" \/>\n\t<meta name=\"twitter:data2\" content=\"3 minutos\" \/>\n<script type=\"application\/ld+json\" class=\"yoast-schema-graph\">{\"@context\":\"https:\/\/schema.org\",\"@graph\":[{\"@type\":\"Article\",\"@id\":\"https:\/\/www.pressenza.com\/es\/2016\/05\/universitarios-memoria-y-reflejos-mirada-de-m-a-f-i-a\/#article\",\"isPartOf\":{\"@id\":\"https:\/\/www.pressenza.com\/es\/2016\/05\/universitarios-memoria-y-reflejos-mirada-de-m-a-f-i-a\/\"},\"author\":{\"name\":\"Redacci\u00f3n Argentina\",\"@id\":\"https:\/\/www.pressenza.com\/es\/#\/schema\/person\/0dda7d1b68267ad95b1e1d83abc98c89\"},\"headline\":\"Universitarios: memoria y reflejos &#8211; La mirada de M.A.f.I.A.\",\"datePublished\":\"2016-05-13T13:30:52+00:00\",\"mainEntityOfPage\":{\"@id\":\"https:\/\/www.pressenza.com\/es\/2016\/05\/universitarios-memoria-y-reflejos-mirada-de-m-a-f-i-a\/\"},\"wordCount\":546,\"publisher\":{\"@id\":\"https:\/\/www.pressenza.com\/es\/#organization\"},\"image\":{\"@id\":\"https:\/\/www.pressenza.com\/es\/2016\/05\/universitarios-memoria-y-reflejos-mirada-de-m-a-f-i-a\/#primaryimage\"},\"thumbnailUrl\":\"https:\/\/www.pressenza.com\/wp-content\/uploads\/2016\/05\/1-1.jpg\",\"keywords\":[\"Argentina\",\"docentes\",\"Educaci\u00f3n\",\"Esteban Bullrich\",\"estudiantes\",\"manifestaci\u00f3n\",\"movilizaci\u00f3n\",\"universitarios\"],\"articleSection\":[\"Educaci\u00f3n\",\"Fotorreportajes\",\"Pol\u00edtica\",\"Sudam\u00e9rica\"],\"inLanguage\":\"es\"},{\"@type\":\"WebPage\",\"@id\":\"https:\/\/www.pressenza.com\/es\/2016\/05\/universitarios-memoria-y-reflejos-mirada-de-m-a-f-i-a\/\",\"url\":\"https:\/\/www.pressenza.com\/es\/2016\/05\/universitarios-memoria-y-reflejos-mirada-de-m-a-f-i-a\/\",\"name\":\"Universitarios: memoria y reflejos - La mirada de M.A.f.I.A.\",\"isPartOf\":{\"@id\":\"https:\/\/www.pressenza.com\/es\/#website\"},\"primaryImageOfPage\":{\"@id\":\"https:\/\/www.pressenza.com\/es\/2016\/05\/universitarios-memoria-y-reflejos-mirada-de-m-a-f-i-a\/#primaryimage\"},\"image\":{\"@id\":\"https:\/\/www.pressenza.com\/es\/2016\/05\/universitarios-memoria-y-reflejos-mirada-de-m-a-f-i-a\/#primaryimage\"},\"thumbnailUrl\":\"https:\/\/www.pressenza.com\/wp-content\/uploads\/2016\/05\/1-1.jpg\",\"datePublished\":\"2016-05-13T13:30:52+00:00\",\"description\":\"Por Cora Gamarnik Profesora Titular de la Facultad de Ciencias Sociales - Universidad de Buenos Aires. Dimos clases en las calles, en estaciones de subte,\",\"breadcrumb\":{\"@id\":\"https:\/\/www.pressenza.com\/es\/2016\/05\/universitarios-memoria-y-reflejos-mirada-de-m-a-f-i-a\/#breadcrumb\"},\"inLanguage\":\"es\",\"potentialAction\":[{\"@type\":\"ReadAction\",\"target\":[\"https:\/\/www.pressenza.com\/es\/2016\/05\/universitarios-memoria-y-reflejos-mirada-de-m-a-f-i-a\/\"]}]},{\"@type\":\"ImageObject\",\"inLanguage\":\"es\",\"@id\":\"https:\/\/www.pressenza.com\/es\/2016\/05\/universitarios-memoria-y-reflejos-mirada-de-m-a-f-i-a\/#primaryimage\",\"url\":\"https:\/\/www.pressenza.com\/wp-content\/uploads\/2016\/05\/1-1.jpg\",\"contentUrl\":\"https:\/\/www.pressenza.com\/wp-content\/uploads\/2016\/05\/1-1.jpg\",\"width\":960,\"height\":639},{\"@type\":\"BreadcrumbList\",\"@id\":\"https:\/\/www.pressenza.com\/es\/2016\/05\/universitarios-memoria-y-reflejos-mirada-de-m-a-f-i-a\/#breadcrumb\",\"itemListElement\":[{\"@type\":\"ListItem\",\"position\":1,\"name\":\"Accueil\",\"item\":\"https:\/\/www.pressenza.com\/es\/\"},{\"@type\":\"ListItem\",\"position\":2,\"name\":\"Universitarios: memoria y reflejos &#8211; La mirada de M.A.f.I.A.\"}]},{\"@type\":\"WebSite\",\"@id\":\"https:\/\/www.pressenza.com\/es\/#website\",\"url\":\"https:\/\/www.pressenza.com\/es\/\",\"name\":\"Pressenza\",\"description\":\"International Press Agency\",\"publisher\":{\"@id\":\"https:\/\/www.pressenza.com\/es\/#organization\"},\"potentialAction\":[{\"@type\":\"SearchAction\",\"target\":{\"@type\":\"EntryPoint\",\"urlTemplate\":\"https:\/\/www.pressenza.com\/es\/?s={search_term_string}\"},\"query-input\":{\"@type\":\"PropertyValueSpecification\",\"valueRequired\":true,\"valueName\":\"search_term_string\"}}],\"inLanguage\":\"es\"},{\"@type\":\"Organization\",\"@id\":\"https:\/\/www.pressenza.com\/es\/#organization\",\"name\":\"Pressenza\",\"url\":\"https:\/\/www.pressenza.com\/es\/\",\"logo\":{\"@type\":\"ImageObject\",\"inLanguage\":\"es\",\"@id\":\"https:\/\/www.pressenza.com\/es\/#\/schema\/logo\/image\/\",\"url\":\"https:\/\/www.pressenza.com\/wp-content\/uploads\/2022\/10\/pressenza_logo_200x200.jpg\",\"contentUrl\":\"https:\/\/www.pressenza.com\/wp-content\/uploads\/2022\/10\/pressenza_logo_200x200.jpg\",\"width\":200,\"height\":200,\"caption\":\"Pressenza\"},\"image\":{\"@id\":\"https:\/\/www.pressenza.com\/es\/#\/schema\/logo\/image\/\"},\"sameAs\":[\"https:\/\/www.facebook.com\/PressenzaItalia\",\"https:\/\/x.com\/PressenzaIPA\"]},{\"@type\":\"Person\",\"@id\":\"https:\/\/www.pressenza.com\/es\/#\/schema\/person\/0dda7d1b68267ad95b1e1d83abc98c89\",\"name\":\"Redacci\u00f3n Argentina\",\"description\":\"News from the Pressenza Bureau in Argentina.\",\"sameAs\":[\"https:\/\/x.com\/pressenza\"],\"url\":\"https:\/\/www.pressenza.com\/es\/author\/redaccion-argentina\/\"}]}<\/script>\n<!-- \/ Yoast SEO plugin. -->","yoast_head_json":{"title":"Universitarios: memoria y reflejos - La mirada de M.A.f.I.A.","description":"Por Cora Gamarnik Profesora Titular de la Facultad de Ciencias Sociales - Universidad de Buenos Aires. Dimos clases en las calles, en estaciones de subte,","robots":{"index":"index","follow":"follow","max-snippet":"max-snippet:-1","max-image-preview":"max-image-preview:large","max-video-preview":"max-video-preview:-1"},"canonical":"https:\/\/www.pressenza.com\/es\/2016\/05\/universitarios-memoria-y-reflejos-mirada-de-m-a-f-i-a\/","og_locale":"es_ES","og_type":"article","og_title":"Universitarios: memoria y reflejos - La mirada de M.A.f.I.A.","og_description":"Por Cora Gamarnik Profesora Titular de la Facultad de Ciencias Sociales - Universidad de Buenos Aires. Dimos clases en las calles, en estaciones de subte,","og_url":"https:\/\/www.pressenza.com\/es\/2016\/05\/universitarios-memoria-y-reflejos-mirada-de-m-a-f-i-a\/","og_site_name":"Pressenza","article_publisher":"https:\/\/www.facebook.com\/PressenzaItalia","article_published_time":"2016-05-13T13:30:52+00:00","og_image":[{"width":960,"height":639,"url":"https:\/\/www.pressenza.com\/wp-content\/uploads\/2016\/05\/1-1.jpg","type":"image\/jpeg"}],"author":"Redacci\u00f3n Argentina","twitter_card":"summary_large_image","twitter_creator":"@pressenza","twitter_site":"@PressenzaIPA","twitter_misc":{"Escrito por":"Redacci\u00f3n Argentina","Tiempo de lectura":"3 minutos"},"schema":{"@context":"https:\/\/schema.org","@graph":[{"@type":"Article","@id":"https:\/\/www.pressenza.com\/es\/2016\/05\/universitarios-memoria-y-reflejos-mirada-de-m-a-f-i-a\/#article","isPartOf":{"@id":"https:\/\/www.pressenza.com\/es\/2016\/05\/universitarios-memoria-y-reflejos-mirada-de-m-a-f-i-a\/"},"author":{"name":"Redacci\u00f3n Argentina","@id":"https:\/\/www.pressenza.com\/es\/#\/schema\/person\/0dda7d1b68267ad95b1e1d83abc98c89"},"headline":"Universitarios: memoria y reflejos &#8211; La mirada de M.A.f.I.A.","datePublished":"2016-05-13T13:30:52+00:00","mainEntityOfPage":{"@id":"https:\/\/www.pressenza.com\/es\/2016\/05\/universitarios-memoria-y-reflejos-mirada-de-m-a-f-i-a\/"},"wordCount":546,"publisher":{"@id":"https:\/\/www.pressenza.com\/es\/#organization"},"image":{"@id":"https:\/\/www.pressenza.com\/es\/2016\/05\/universitarios-memoria-y-reflejos-mirada-de-m-a-f-i-a\/#primaryimage"},"thumbnailUrl":"https:\/\/www.pressenza.com\/wp-content\/uploads\/2016\/05\/1-1.jpg","keywords":["Argentina","docentes","Educaci\u00f3n","Esteban Bullrich","estudiantes","manifestaci\u00f3n","movilizaci\u00f3n","universitarios"],"articleSection":["Educaci\u00f3n","Fotorreportajes","Pol\u00edtica","Sudam\u00e9rica"],"inLanguage":"es"},{"@type":"WebPage","@id":"https:\/\/www.pressenza.com\/es\/2016\/05\/universitarios-memoria-y-reflejos-mirada-de-m-a-f-i-a\/","url":"https:\/\/www.pressenza.com\/es\/2016\/05\/universitarios-memoria-y-reflejos-mirada-de-m-a-f-i-a\/","name":"Universitarios: memoria y reflejos - La mirada de M.A.f.I.A.","isPartOf":{"@id":"https:\/\/www.pressenza.com\/es\/#website"},"primaryImageOfPage":{"@id":"https:\/\/www.pressenza.com\/es\/2016\/05\/universitarios-memoria-y-reflejos-mirada-de-m-a-f-i-a\/#primaryimage"},"image":{"@id":"https:\/\/www.pressenza.com\/es\/2016\/05\/universitarios-memoria-y-reflejos-mirada-de-m-a-f-i-a\/#primaryimage"},"thumbnailUrl":"https:\/\/www.pressenza.com\/wp-content\/uploads\/2016\/05\/1-1.jpg","datePublished":"2016-05-13T13:30:52+00:00","description":"Por Cora Gamarnik Profesora Titular de la Facultad de Ciencias Sociales - Universidad de Buenos Aires. Dimos clases en las calles, en estaciones de subte,","breadcrumb":{"@id":"https:\/\/www.pressenza.com\/es\/2016\/05\/universitarios-memoria-y-reflejos-mirada-de-m-a-f-i-a\/#breadcrumb"},"inLanguage":"es","potentialAction":[{"@type":"ReadAction","target":["https:\/\/www.pressenza.com\/es\/2016\/05\/universitarios-memoria-y-reflejos-mirada-de-m-a-f-i-a\/"]}]},{"@type":"ImageObject","inLanguage":"es","@id":"https:\/\/www.pressenza.com\/es\/2016\/05\/universitarios-memoria-y-reflejos-mirada-de-m-a-f-i-a\/#primaryimage","url":"https:\/\/www.pressenza.com\/wp-content\/uploads\/2016\/05\/1-1.jpg","contentUrl":"https:\/\/www.pressenza.com\/wp-content\/uploads\/2016\/05\/1-1.jpg","width":960,"height":639},{"@type":"BreadcrumbList","@id":"https:\/\/www.pressenza.com\/es\/2016\/05\/universitarios-memoria-y-reflejos-mirada-de-m-a-f-i-a\/#breadcrumb","itemListElement":[{"@type":"ListItem","position":1,"name":"Accueil","item":"https:\/\/www.pressenza.com\/es\/"},{"@type":"ListItem","position":2,"name":"Universitarios: memoria y reflejos &#8211; La mirada de M.A.f.I.A."}]},{"@type":"WebSite","@id":"https:\/\/www.pressenza.com\/es\/#website","url":"https:\/\/www.pressenza.com\/es\/","name":"Pressenza","description":"International Press Agency","publisher":{"@id":"https:\/\/www.pressenza.com\/es\/#organization"},"potentialAction":[{"@type":"SearchAction","target":{"@type":"EntryPoint","urlTemplate":"https:\/\/www.pressenza.com\/es\/?s={search_term_string}"},"query-input":{"@type":"PropertyValueSpecification","valueRequired":true,"valueName":"search_term_string"}}],"inLanguage":"es"},{"@type":"Organization","@id":"https:\/\/www.pressenza.com\/es\/#organization","name":"Pressenza","url":"https:\/\/www.pressenza.com\/es\/","logo":{"@type":"ImageObject","inLanguage":"es","@id":"https:\/\/www.pressenza.com\/es\/#\/schema\/logo\/image\/","url":"https:\/\/www.pressenza.com\/wp-content\/uploads\/2022\/10\/pressenza_logo_200x200.jpg","contentUrl":"https:\/\/www.pressenza.com\/wp-content\/uploads\/2022\/10\/pressenza_logo_200x200.jpg","width":200,"height":200,"caption":"Pressenza"},"image":{"@id":"https:\/\/www.pressenza.com\/es\/#\/schema\/logo\/image\/"},"sameAs":["https:\/\/www.facebook.com\/PressenzaItalia","https:\/\/x.com\/PressenzaIPA"]},{"@type":"Person","@id":"https:\/\/www.pressenza.com\/es\/#\/schema\/person\/0dda7d1b68267ad95b1e1d83abc98c89","name":"Redacci\u00f3n Argentina","description":"News from the Pressenza Bureau in Argentina.","sameAs":["https:\/\/x.com\/pressenza"],"url":"https:\/\/www.pressenza.com\/es\/author\/redaccion-argentina\/"}]}},"place":"Ciudad de Buenos Aires","original_article_url":"","_links":{"self":[{"href":"https:\/\/www.pressenza.com\/es\/wp-json\/wp\/v2\/posts\/316612","targetHints":{"allow":["GET"]}}],"collection":[{"href":"https:\/\/www.pressenza.com\/es\/wp-json\/wp\/v2\/posts"}],"about":[{"href":"https:\/\/www.pressenza.com\/es\/wp-json\/wp\/v2\/types\/post"}],"author":[{"embeddable":true,"href":"https:\/\/www.pressenza.com\/es\/wp-json\/wp\/v2\/users\/87"}],"replies":[{"embeddable":true,"href":"https:\/\/www.pressenza.com\/es\/wp-json\/wp\/v2\/comments?post=316612"}],"version-history":[{"count":0,"href":"https:\/\/www.pressenza.com\/es\/wp-json\/wp\/v2\/posts\/316612\/revisions"}],"wp:featuredmedia":[{"embeddable":true,"href":"https:\/\/www.pressenza.com\/es\/wp-json\/wp\/v2\/media\/316615"}],"wp:attachment":[{"href":"https:\/\/www.pressenza.com\/es\/wp-json\/wp\/v2\/media?parent=316612"}],"wp:term":[{"taxonomy":"category","embeddable":true,"href":"https:\/\/www.pressenza.com\/es\/wp-json\/wp\/v2\/categories?post=316612"},{"taxonomy":"post_tag","embeddable":true,"href":"https:\/\/www.pressenza.com\/es\/wp-json\/wp\/v2\/tags?post=316612"}],"curies":[{"name":"wp","href":"https:\/\/api.w.org\/{rel}","templated":true}]}}