{"id":31556,"date":"2013-01-03T14:37:31","date_gmt":"2013-01-03T14:37:31","guid":{"rendered":"http:\/\/www.pressenza.com\/?p=31556"},"modified":"2013-01-03T14:55:14","modified_gmt":"2013-01-03T14:55:14","slug":"brasilenos-inician-2013-con-incremento-del-salario-minimo","status":"publish","type":"post","link":"https:\/\/www.pressenza.com\/es\/2013\/01\/brasilenos-inician-2013-con-incremento-del-salario-minimo\/","title":{"rendered":"Brasile\u00f1os inician 2013 con incremento del salario m\u00ednimo"},"content":{"rendered":"<p>Los brasile\u00f1os iniciaron este 2013 con un incremento del nueve por ciento del salario m\u00ednimo y una exenci\u00f3n del impuesto sobre la renta para los que ganan m\u00e1s de seis mil reales.<\/p>\n<p>Se estima que 45,5 millones de personas se beneficiar\u00e1n del ascenso del salario m\u00ednimo, el cual se elev\u00f3 hasta 678 reales (330 d\u00f3lares), seg\u00fan fuentes oficiales.<\/p>\n<p>La presidenta Dilma Rousseff destac\u00f3 el pasado lunes que la elevaci\u00f3n de los sueldos mejorar\u00e1 el nivel de vida de los brasile\u00f1os, as\u00ed como acrecentar\u00e1 el acceso de estas personas al mercado nacional.<\/p>\n<p>Rousseff resalt\u00f3 que en este nuevo periodo los ciudadanos que reciben hasta seis mil reales al mes no tendr\u00e1n que pagar el Impuesto sobre la renta, con lo cual se cumple con una exigencia de los sindicatos, lo cual favorecer\u00e1 a m\u00e1s del 90 por ciento de los trabajadores.<\/p>\n<p>Adem\u00e1s de las mensualidades se incrementaron igualmente los pagos a jubilados y pensionados, lo cual representa un egreso anual de 12,3 mil millones de reales (poco m\u00e1s de seis mil millones de d\u00f3lares), revel\u00f3 el Departamento Intersindical de la estad\u00edstica y de los estudios socioecon\u00f3micos.<\/p>\n<p>Entre otras acciones alentadoras del Gobierno aparece tambi\u00e9n la reducci\u00f3n del costo a partir de febrero de las tarifas de electricidad en 16,2 por ciento para el sector residencial y hasta 28 por ciento para las industrias, lo cual influir\u00e1 en la ca\u00edda de los costos de producci\u00f3n y estimular\u00e1 la manufactura.<\/p>\n<p>Se prev\u00e9 que este a\u00f1o la econom\u00eda tenga un crecimiento de cerca del cuatro por ciento y se consoliden los planes sociales, que en los \u00faltimos 10 a\u00f1os permitieron sacar de la pobreza extrema a unos 30 millones de ciudadanos.<\/p>\n<p>La jefa de Estado ratific\u00f3 la necesidad de invertir este 2013 en la educaci\u00f3n y otros programas de ense\u00f1anza para garantizar la superaci\u00f3n de los brasile\u00f1os, y la formaci\u00f3n de t\u00e9cnicos y profesionales capaces de elevar la competitividad de la industria.<\/p>\n","protected":false},"excerpt":{"rendered":"<p>Los brasile\u00f1os iniciaron este 2013 con un incremento del nueve por ciento del salario m\u00ednimo y una exenci\u00f3n del impuesto sobre la renta para los que ganan m\u00e1s de seis mil reales. Se estima que 45,5 millones de personas se&hellip;<\/p>\n","protected":false},"author":640,"featured_media":31566,"comment_status":"closed","ping_status":"open","sticky":false,"template":"","format":"standard","meta":{"footnotes":""},"categories":[81,67],"tags":[1417],"class_list":["post-31556","post","type-post","status-publish","format-standard","has-post-thumbnail","hentry","category-economia-es","category-sudamerica","tag-dilma-rousseff-es"],"yoast_head":"<!-- This site is optimized with the Yoast SEO plugin v27.1.1 - https:\/\/yoast.com\/product\/yoast-seo-wordpress\/ -->\n<title>Brasile\u00f1os inician 2013 con incremento del salario m\u00ednimo<\/title>\n<meta name=\"description\" content=\"Los brasile\u00f1os iniciaron este 2013 con un incremento del nueve por ciento del salario m\u00ednimo y una exenci\u00f3n del impuesto sobre la renta para los que ganan\" \/>\n<meta name=\"robots\" content=\"index, follow, max-snippet:-1, max-image-preview:large, max-video-preview:-1\" \/>\n<link rel=\"canonical\" href=\"https:\/\/www.pressenza.com\/es\/2013\/01\/brasilenos-inician-2013-con-incremento-del-salario-minimo\/\" \/>\n<meta property=\"og:locale\" content=\"es_ES\" \/>\n<meta property=\"og:type\" content=\"article\" \/>\n<meta property=\"og:title\" content=\"Brasile\u00f1os inician 2013 con incremento del salario m\u00ednimo\" \/>\n<meta property=\"og:description\" content=\"Los brasile\u00f1os iniciaron este 2013 con un incremento del nueve por ciento del salario m\u00ednimo y una exenci\u00f3n del impuesto sobre la renta para los que ganan\" \/>\n<meta property=\"og:url\" content=\"https:\/\/www.pressenza.com\/es\/2013\/01\/brasilenos-inician-2013-con-incremento-del-salario-minimo\/\" \/>\n<meta property=\"og:site_name\" content=\"Pressenza\" \/>\n<meta property=\"article:publisher\" content=\"https:\/\/www.facebook.com\/PressenzaItalia\" \/>\n<meta property=\"article:author\" content=\"https:\/\/www.facebook.com\/AgenciasUlan\" \/>\n<meta property=\"article:published_time\" content=\"2013-01-03T14:37:31+00:00\" \/>\n<meta property=\"article:modified_time\" content=\"2013-01-03T14:55:14+00:00\" \/>\n<meta property=\"og:image\" content=\"https:\/\/www.pressenza.com\/wp-content\/uploads\/2013\/01\/Dinero.salarios-latinos.jpg\" \/>\n\t<meta property=\"og:image:width\" content=\"285\" \/>\n\t<meta property=\"og:image:height\" content=\"156\" \/>\n\t<meta property=\"og:image:type\" content=\"image\/jpeg\" \/>\n<meta name=\"author\" content=\"Uni\u00f3n Latinoamericana de Agencias de Noticias\" \/>\n<meta name=\"twitter:card\" content=\"summary_large_image\" \/>\n<meta name=\"twitter:creator\" content=\"@agenciasulan\" \/>\n<meta name=\"twitter:site\" content=\"@PressenzaIPA\" \/>\n<meta name=\"twitter:label1\" content=\"Escrito por\" \/>\n\t<meta name=\"twitter:data1\" content=\"Uni\u00f3n Latinoamericana de Agencias de Noticias\" \/>\n\t<meta name=\"twitter:label2\" content=\"Tiempo de lectura\" \/>\n\t<meta name=\"twitter:data2\" content=\"2 minutos\" \/>\n<script type=\"application\/ld+json\" class=\"yoast-schema-graph\">{\"@context\":\"https:\/\/schema.org\",\"@graph\":[{\"@type\":\"Article\",\"@id\":\"https:\/\/www.pressenza.com\/es\/2013\/01\/brasilenos-inician-2013-con-incremento-del-salario-minimo\/#article\",\"isPartOf\":{\"@id\":\"https:\/\/www.pressenza.com\/es\/2013\/01\/brasilenos-inician-2013-con-incremento-del-salario-minimo\/\"},\"author\":{\"name\":\"Uni\u00f3n Latinoamericana de Agencias de Noticias\",\"@id\":\"https:\/\/www.pressenza.com\/es\/#\/schema\/person\/a9efe8d7b19eb4689fcbcb71bc21dba6\"},\"headline\":\"Brasile\u00f1os inician 2013 con incremento del salario m\u00ednimo\",\"datePublished\":\"2013-01-03T14:37:31+00:00\",\"dateModified\":\"2013-01-03T14:55:14+00:00\",\"mainEntityOfPage\":{\"@id\":\"https:\/\/www.pressenza.com\/es\/2013\/01\/brasilenos-inician-2013-con-incremento-del-salario-minimo\/\"},\"wordCount\":346,\"publisher\":{\"@id\":\"https:\/\/www.pressenza.com\/es\/#organization\"},\"image\":{\"@id\":\"https:\/\/www.pressenza.com\/es\/2013\/01\/brasilenos-inician-2013-con-incremento-del-salario-minimo\/#primaryimage\"},\"thumbnailUrl\":\"https:\/\/www.pressenza.com\/wp-content\/uploads\/2013\/01\/Dinero.salarios-latinos.jpg\",\"keywords\":[\"Dilma Rousseff\"],\"articleSection\":[\"Econom\u00eda\",\"Sudam\u00e9rica\"],\"inLanguage\":\"es\"},{\"@type\":\"WebPage\",\"@id\":\"https:\/\/www.pressenza.com\/es\/2013\/01\/brasilenos-inician-2013-con-incremento-del-salario-minimo\/\",\"url\":\"https:\/\/www.pressenza.com\/es\/2013\/01\/brasilenos-inician-2013-con-incremento-del-salario-minimo\/\",\"name\":\"Brasile\u00f1os inician 2013 con incremento del salario m\u00ednimo\",\"isPartOf\":{\"@id\":\"https:\/\/www.pressenza.com\/es\/#website\"},\"primaryImageOfPage\":{\"@id\":\"https:\/\/www.pressenza.com\/es\/2013\/01\/brasilenos-inician-2013-con-incremento-del-salario-minimo\/#primaryimage\"},\"image\":{\"@id\":\"https:\/\/www.pressenza.com\/es\/2013\/01\/brasilenos-inician-2013-con-incremento-del-salario-minimo\/#primaryimage\"},\"thumbnailUrl\":\"https:\/\/www.pressenza.com\/wp-content\/uploads\/2013\/01\/Dinero.salarios-latinos.jpg\",\"datePublished\":\"2013-01-03T14:37:31+00:00\",\"dateModified\":\"2013-01-03T14:55:14+00:00\",\"description\":\"Los brasile\u00f1os iniciaron este 2013 con un incremento del nueve por ciento del salario m\u00ednimo y una exenci\u00f3n del impuesto sobre la renta para los que ganan\",\"breadcrumb\":{\"@id\":\"https:\/\/www.pressenza.com\/es\/2013\/01\/brasilenos-inician-2013-con-incremento-del-salario-minimo\/#breadcrumb\"},\"inLanguage\":\"es\",\"potentialAction\":[{\"@type\":\"ReadAction\",\"target\":[\"https:\/\/www.pressenza.com\/es\/2013\/01\/brasilenos-inician-2013-con-incremento-del-salario-minimo\/\"]}]},{\"@type\":\"ImageObject\",\"inLanguage\":\"es\",\"@id\":\"https:\/\/www.pressenza.com\/es\/2013\/01\/brasilenos-inician-2013-con-incremento-del-salario-minimo\/#primaryimage\",\"url\":\"https:\/\/www.pressenza.com\/wp-content\/uploads\/2013\/01\/Dinero.salarios-latinos.jpg\",\"contentUrl\":\"https:\/\/www.pressenza.com\/wp-content\/uploads\/2013\/01\/Dinero.salarios-latinos.jpg\",\"width\":\"285\",\"height\":\"156\"},{\"@type\":\"BreadcrumbList\",\"@id\":\"https:\/\/www.pressenza.com\/es\/2013\/01\/brasilenos-inician-2013-con-incremento-del-salario-minimo\/#breadcrumb\",\"itemListElement\":[{\"@type\":\"ListItem\",\"position\":1,\"name\":\"Accueil\",\"item\":\"https:\/\/www.pressenza.com\/es\/\"},{\"@type\":\"ListItem\",\"position\":2,\"name\":\"Brasile\u00f1os inician 2013 con incremento del salario m\u00ednimo\"}]},{\"@type\":\"WebSite\",\"@id\":\"https:\/\/www.pressenza.com\/es\/#website\",\"url\":\"https:\/\/www.pressenza.com\/es\/\",\"name\":\"Pressenza\",\"description\":\"International Press Agency\",\"publisher\":{\"@id\":\"https:\/\/www.pressenza.com\/es\/#organization\"},\"potentialAction\":[{\"@type\":\"SearchAction\",\"target\":{\"@type\":\"EntryPoint\",\"urlTemplate\":\"https:\/\/www.pressenza.com\/es\/?s={search_term_string}\"},\"query-input\":{\"@type\":\"PropertyValueSpecification\",\"valueRequired\":true,\"valueName\":\"search_term_string\"}}],\"inLanguage\":\"es\"},{\"@type\":\"Organization\",\"@id\":\"https:\/\/www.pressenza.com\/es\/#organization\",\"name\":\"Pressenza\",\"url\":\"https:\/\/www.pressenza.com\/es\/\",\"logo\":{\"@type\":\"ImageObject\",\"inLanguage\":\"es\",\"@id\":\"https:\/\/www.pressenza.com\/es\/#\/schema\/logo\/image\/\",\"url\":\"https:\/\/www.pressenza.com\/wp-content\/uploads\/2022\/10\/pressenza_logo_200x200.jpg\",\"contentUrl\":\"https:\/\/www.pressenza.com\/wp-content\/uploads\/2022\/10\/pressenza_logo_200x200.jpg\",\"width\":200,\"height\":200,\"caption\":\"Pressenza\"},\"image\":{\"@id\":\"https:\/\/www.pressenza.com\/es\/#\/schema\/logo\/image\/\"},\"sameAs\":[\"https:\/\/www.facebook.com\/PressenzaItalia\",\"https:\/\/x.com\/PressenzaIPA\"]},{\"@type\":\"Person\",\"@id\":\"https:\/\/www.pressenza.com\/es\/#\/schema\/person\/a9efe8d7b19eb4689fcbcb71bc21dba6\",\"name\":\"Uni\u00f3n Latinoamericana de Agencias de Noticias\",\"description\":\"Una asociaci\u00f3n supranacional que re\u00fane a las agencias de noticias de Am\u00e9rica Latina y el Caribe. agenciasulan.org\",\"sameAs\":[\"https:\/\/www.facebook.com\/AgenciasUlan\",\"https:\/\/x.com\/agenciasulan\"],\"url\":\"https:\/\/www.pressenza.com\/es\/author\/union-latinoamericana-de-agencias-de-noticias\/\"}]}<\/script>\n<!-- \/ Yoast SEO plugin. -->","yoast_head_json":{"title":"Brasile\u00f1os inician 2013 con incremento del salario m\u00ednimo","description":"Los brasile\u00f1os iniciaron este 2013 con un incremento del nueve por ciento del salario m\u00ednimo y una exenci\u00f3n del impuesto sobre la renta para los que ganan","robots":{"index":"index","follow":"follow","max-snippet":"max-snippet:-1","max-image-preview":"max-image-preview:large","max-video-preview":"max-video-preview:-1"},"canonical":"https:\/\/www.pressenza.com\/es\/2013\/01\/brasilenos-inician-2013-con-incremento-del-salario-minimo\/","og_locale":"es_ES","og_type":"article","og_title":"Brasile\u00f1os inician 2013 con incremento del salario m\u00ednimo","og_description":"Los brasile\u00f1os iniciaron este 2013 con un incremento del nueve por ciento del salario m\u00ednimo y una exenci\u00f3n del impuesto sobre la renta para los que ganan","og_url":"https:\/\/www.pressenza.com\/es\/2013\/01\/brasilenos-inician-2013-con-incremento-del-salario-minimo\/","og_site_name":"Pressenza","article_publisher":"https:\/\/www.facebook.com\/PressenzaItalia","article_author":"https:\/\/www.facebook.com\/AgenciasUlan","article_published_time":"2013-01-03T14:37:31+00:00","article_modified_time":"2013-01-03T14:55:14+00:00","og_image":[{"width":285,"height":156,"url":"https:\/\/www.pressenza.com\/wp-content\/uploads\/2013\/01\/Dinero.salarios-latinos.jpg","type":"image\/jpeg"}],"author":"Uni\u00f3n Latinoamericana de Agencias de Noticias","twitter_card":"summary_large_image","twitter_creator":"@agenciasulan","twitter_site":"@PressenzaIPA","twitter_misc":{"Escrito por":"Uni\u00f3n Latinoamericana de Agencias de Noticias","Tiempo de lectura":"2 minutos"},"schema":{"@context":"https:\/\/schema.org","@graph":[{"@type":"Article","@id":"https:\/\/www.pressenza.com\/es\/2013\/01\/brasilenos-inician-2013-con-incremento-del-salario-minimo\/#article","isPartOf":{"@id":"https:\/\/www.pressenza.com\/es\/2013\/01\/brasilenos-inician-2013-con-incremento-del-salario-minimo\/"},"author":{"name":"Uni\u00f3n Latinoamericana de Agencias de Noticias","@id":"https:\/\/www.pressenza.com\/es\/#\/schema\/person\/a9efe8d7b19eb4689fcbcb71bc21dba6"},"headline":"Brasile\u00f1os inician 2013 con incremento del salario m\u00ednimo","datePublished":"2013-01-03T14:37:31+00:00","dateModified":"2013-01-03T14:55:14+00:00","mainEntityOfPage":{"@id":"https:\/\/www.pressenza.com\/es\/2013\/01\/brasilenos-inician-2013-con-incremento-del-salario-minimo\/"},"wordCount":346,"publisher":{"@id":"https:\/\/www.pressenza.com\/es\/#organization"},"image":{"@id":"https:\/\/www.pressenza.com\/es\/2013\/01\/brasilenos-inician-2013-con-incremento-del-salario-minimo\/#primaryimage"},"thumbnailUrl":"https:\/\/www.pressenza.com\/wp-content\/uploads\/2013\/01\/Dinero.salarios-latinos.jpg","keywords":["Dilma Rousseff"],"articleSection":["Econom\u00eda","Sudam\u00e9rica"],"inLanguage":"es"},{"@type":"WebPage","@id":"https:\/\/www.pressenza.com\/es\/2013\/01\/brasilenos-inician-2013-con-incremento-del-salario-minimo\/","url":"https:\/\/www.pressenza.com\/es\/2013\/01\/brasilenos-inician-2013-con-incremento-del-salario-minimo\/","name":"Brasile\u00f1os inician 2013 con incremento del salario m\u00ednimo","isPartOf":{"@id":"https:\/\/www.pressenza.com\/es\/#website"},"primaryImageOfPage":{"@id":"https:\/\/www.pressenza.com\/es\/2013\/01\/brasilenos-inician-2013-con-incremento-del-salario-minimo\/#primaryimage"},"image":{"@id":"https:\/\/www.pressenza.com\/es\/2013\/01\/brasilenos-inician-2013-con-incremento-del-salario-minimo\/#primaryimage"},"thumbnailUrl":"https:\/\/www.pressenza.com\/wp-content\/uploads\/2013\/01\/Dinero.salarios-latinos.jpg","datePublished":"2013-01-03T14:37:31+00:00","dateModified":"2013-01-03T14:55:14+00:00","description":"Los brasile\u00f1os iniciaron este 2013 con un incremento del nueve por ciento del salario m\u00ednimo y una exenci\u00f3n del impuesto sobre la renta para los que ganan","breadcrumb":{"@id":"https:\/\/www.pressenza.com\/es\/2013\/01\/brasilenos-inician-2013-con-incremento-del-salario-minimo\/#breadcrumb"},"inLanguage":"es","potentialAction":[{"@type":"ReadAction","target":["https:\/\/www.pressenza.com\/es\/2013\/01\/brasilenos-inician-2013-con-incremento-del-salario-minimo\/"]}]},{"@type":"ImageObject","inLanguage":"es","@id":"https:\/\/www.pressenza.com\/es\/2013\/01\/brasilenos-inician-2013-con-incremento-del-salario-minimo\/#primaryimage","url":"https:\/\/www.pressenza.com\/wp-content\/uploads\/2013\/01\/Dinero.salarios-latinos.jpg","contentUrl":"https:\/\/www.pressenza.com\/wp-content\/uploads\/2013\/01\/Dinero.salarios-latinos.jpg","width":"285","height":"156"},{"@type":"BreadcrumbList","@id":"https:\/\/www.pressenza.com\/es\/2013\/01\/brasilenos-inician-2013-con-incremento-del-salario-minimo\/#breadcrumb","itemListElement":[{"@type":"ListItem","position":1,"name":"Accueil","item":"https:\/\/www.pressenza.com\/es\/"},{"@type":"ListItem","position":2,"name":"Brasile\u00f1os inician 2013 con incremento del salario m\u00ednimo"}]},{"@type":"WebSite","@id":"https:\/\/www.pressenza.com\/es\/#website","url":"https:\/\/www.pressenza.com\/es\/","name":"Pressenza","description":"International Press Agency","publisher":{"@id":"https:\/\/www.pressenza.com\/es\/#organization"},"potentialAction":[{"@type":"SearchAction","target":{"@type":"EntryPoint","urlTemplate":"https:\/\/www.pressenza.com\/es\/?s={search_term_string}"},"query-input":{"@type":"PropertyValueSpecification","valueRequired":true,"valueName":"search_term_string"}}],"inLanguage":"es"},{"@type":"Organization","@id":"https:\/\/www.pressenza.com\/es\/#organization","name":"Pressenza","url":"https:\/\/www.pressenza.com\/es\/","logo":{"@type":"ImageObject","inLanguage":"es","@id":"https:\/\/www.pressenza.com\/es\/#\/schema\/logo\/image\/","url":"https:\/\/www.pressenza.com\/wp-content\/uploads\/2022\/10\/pressenza_logo_200x200.jpg","contentUrl":"https:\/\/www.pressenza.com\/wp-content\/uploads\/2022\/10\/pressenza_logo_200x200.jpg","width":200,"height":200,"caption":"Pressenza"},"image":{"@id":"https:\/\/www.pressenza.com\/es\/#\/schema\/logo\/image\/"},"sameAs":["https:\/\/www.facebook.com\/PressenzaItalia","https:\/\/x.com\/PressenzaIPA"]},{"@type":"Person","@id":"https:\/\/www.pressenza.com\/es\/#\/schema\/person\/a9efe8d7b19eb4689fcbcb71bc21dba6","name":"Uni\u00f3n Latinoamericana de Agencias de Noticias","description":"Una asociaci\u00f3n supranacional que re\u00fane a las agencias de noticias de Am\u00e9rica Latina y el Caribe. agenciasulan.org","sameAs":["https:\/\/www.facebook.com\/AgenciasUlan","https:\/\/x.com\/agenciasulan"],"url":"https:\/\/www.pressenza.com\/es\/author\/union-latinoamericana-de-agencias-de-noticias\/"}]}},"place":"Brasilia","original_article_url":"","_links":{"self":[{"href":"https:\/\/www.pressenza.com\/es\/wp-json\/wp\/v2\/posts\/31556","targetHints":{"allow":["GET"]}}],"collection":[{"href":"https:\/\/www.pressenza.com\/es\/wp-json\/wp\/v2\/posts"}],"about":[{"href":"https:\/\/www.pressenza.com\/es\/wp-json\/wp\/v2\/types\/post"}],"author":[{"embeddable":true,"href":"https:\/\/www.pressenza.com\/es\/wp-json\/wp\/v2\/users\/640"}],"replies":[{"embeddable":true,"href":"https:\/\/www.pressenza.com\/es\/wp-json\/wp\/v2\/comments?post=31556"}],"version-history":[{"count":0,"href":"https:\/\/www.pressenza.com\/es\/wp-json\/wp\/v2\/posts\/31556\/revisions"}],"wp:featuredmedia":[{"embeddable":true,"href":"https:\/\/www.pressenza.com\/es\/wp-json\/wp\/v2\/media\/31566"}],"wp:attachment":[{"href":"https:\/\/www.pressenza.com\/es\/wp-json\/wp\/v2\/media?parent=31556"}],"wp:term":[{"taxonomy":"category","embeddable":true,"href":"https:\/\/www.pressenza.com\/es\/wp-json\/wp\/v2\/categories?post=31556"},{"taxonomy":"post_tag","embeddable":true,"href":"https:\/\/www.pressenza.com\/es\/wp-json\/wp\/v2\/tags?post=31556"}],"curies":[{"name":"wp","href":"https:\/\/api.w.org\/{rel}","templated":true}]}}