{"id":312625,"date":"2016-05-09T14:19:28","date_gmt":"2016-05-09T13:19:28","guid":{"rendered":"http:\/\/www.pressenza.com\/es\/?p=312625"},"modified":"2016-05-09T14:23:09","modified_gmt":"2016-05-09T13:23:09","slug":"repaso-internacional-pressenza-oreja-06052016","status":"publish","type":"post","link":"https:\/\/www.pressenza.com\/es\/2016\/05\/repaso-internacional-pressenza-oreja-06052016\/","title":{"rendered":"Repaso Internacional Pressenza En la Oreja 06\/05\/2016"},"content":{"rendered":"<p><em>La selecci\u00f3n de noticias preparada por el equipo de Pressenza para el programa que se emite cada viernes a las 9 am por la radio p\u00fablica ecuatoriana Pichincha Universal.<\/em><\/p>\n<p><iframe loading=\"lazy\" id=\"audio_11460474\" style=\"border: 1px solid #EEE; box-sizing: border-box; width: 100%;\" src=\"http:\/\/www.ivoox.com\/player_ej_11460474_4_1.html?c1=4dcc80\" width=\"300\" height=\"200\" frameborder=\"0\" scrolling=\"no\" allowfullscreen=\"allowfullscreen\"><\/iframe><\/p>\n<p><b>AM\u00c9RICA<\/b><\/p>\n<h2>Homenaje a Silo del Partido Humanista no pudo contar con presencia de Ra\u00fal Noro<\/h2>\n<p>Desde el 16 de enero Milagro Sala, fundadora y referente de la organizaci\u00f3n Tupac Amaru de la Argentina sigue presa de manera ilegal en la argentina. Fue la primera en protestar en contra de los despidos y los planes de criminalizaci\u00f3n de la militancia pol\u00edtica en el pa\u00eds. En su detenci\u00f3n y posterior incumplimientos del debido proceso judicial se busca adoctrinar a la sociedad argentina.<\/p>\n<p>Ayer, el Partido Humanista de Argentina realiz\u00f3 un acto para celebrar el 4 de mayo, fecha fundacional del Nuevo Humanismo, que coincide con el primer discurso p\u00fablico del pensador mendocino. Ra\u00fal Noro, marido de Milagro Sala, siloista y tambi\u00e9n referente de la Tupac Amaru iba a participar de dicho evento. \u00a0SIn embargo, su casa fue allanada en estos d\u00edas y la persecuci\u00f3n contra las familias tupaqueras aumenta cada d\u00eda. La situaci\u00f3n de la provincia se est\u00e1 volviendo insostenible y por esa raz\u00f3n, Noro prefiri\u00f3 no viajar a Buenos AIres y quedarse cerca de los suyos.<\/p>\n<p>La Organizaci\u00f3n Tupac Amaru agrup\u00f3 en sus inicios a indigentes y familias en situaci\u00f3n de extrema pobreza y con ellas fue creando cooperativas de trabajo con las cuales han construidos barrios enteros con viviendas, hospitales, escuelas, talleres, parques acu\u00e1ticos y de esparcimiento, convirti\u00e9ndose en modelo de organizaci\u00f3n a nivel nacional e internacional. Algo que resulta intolerable para las oligarqu\u00edas argentinas.<\/p>\n<p><b>ASIA<\/b><\/p>\n<h2>Alcalde de Hiroshima exhorta a prohibir las <a href=\"http:\/\/prensa-latina.cu\/index.php?option=com_content&amp;task=view&amp;idioma=1&amp;id=4843161&amp;Itemid=1\">armas nucleares<\/a><\/h2>\n<p>El alcalde de Hiroshima, Kazumi Matsui, abog\u00f3 por crear un marco legal para prohibir las armas nucleares. Seg\u00fan el gobernante nip\u00f3n, se requiere de un instrumento internacional para eliminar las bombas at\u00f3micas y lograr el desarme mundial. Es necesario, seg\u00fan su opini\u00f3n, que la comunidad internacional abandone la idea de que la disuasi\u00f3n nuclear, es el camino.Matsu explic\u00f3 de la necesidad de construir la paz mediante una base de mayor conciencia relacionada con que todos pertenecemos a una sola familia humana.<\/p>\n<p>La sobreviviente del bombardeo at\u00f3mico norteamericano contra Hiroshima, Setsuko Thurlow, residente en Canad\u00e1, record\u00f3 que muchos de los sobrevivientes del bombardeo ya murieron sin ver la abolici\u00f3n de las armas at\u00f3micas y a los que a\u00fan viven les queda poco tiempo para ver ese sue\u00f1o realizarse.<\/p>\n<h2>YEMEN: \u00bfse suspende el alto <a href=\"http:\/\/www.prensa-latina.cu\/index.php?option=com_content&amp;task=view&amp;idioma=1&amp;id=4854241&amp;Itemid=1\">al fuego<\/a>?<\/h2>\n<p>Naciones Unidas manifest\u00f3 ayer su \u00a0preocupaci\u00f3n por reportes de violaciones del alto al fuego en Yemen, un escenario potencialmente peligroso para las negociaciones de paz que acoge Kuwait. El enviado especial de la ONU para Yemen, Ismail Ould Cheikh Ahmed, mostr\u00f3 inquietud por los acontecimientos en el terreno y record\u00f3 que el alto el fuego ha permitido aumentar la asistencia humanitarias a las v\u00edctimas del conflicto, al cual se atribuyen m\u00e1s de seis mil 400 muertos en los \u00faltimos 13 meses y decenas de miles de desplazados.El alto el fuego vigente desde el 10 de abril ha permitido llegar con ayuda a localidades golpeadas por el conflicto, entre ellas Taiz, donde faltan el agua potable y los servicios de salud.Naciones Unidas insiste en que la asistencia no es suficiente para paliar el sufrimiento de millones de yemenitas, por lo que reclama soluciones duraderas.<\/p>\n<p><b>\u00c1FRICA <\/b><\/p>\n<h2>Sindicato de la prensa egipcia protesta por <a href=\"http:\/\/prensa-latina.cu\/index.php?option=com_content&amp;task=view&amp;idioma=1&amp;id=4843851&amp;Itemid=1\">detenci\u00f3n de periodistas<\/a><\/h2>\n<p>El Sindicato de la Prensa de Egipto llam\u00f3 a una asamblea general y solicit\u00f3 la dimisi\u00f3n del ministro del Interior, como protesta por la detenci\u00f3n de los periodistas Amr Badr y Mahmoud El Sakka, buscados por la justicia.<\/p>\n<p>Como parte de las protestas, varios periodistas realizan una sentada frente a la sede del Sindicato. La organizaci\u00f3n sostiene que la \u00abagresi\u00f3n contra el sindicato\u00bb se realiz\u00f3 violando la Constituci\u00f3n y las normas nacionales e internacionales, por lo cual solo puede ser enmendada con la renuncia del ministro del Interior.<\/p>\n<p>Sin embargo, ese Ministerio revel\u00f3 \u00a0que en la acci\u00f3n se siguieron todos los procedimientos legales, y se cont\u00f3 con el permiso de la Fiscal\u00eda antes de efectuar al arresto de los dos periodistas, mismos que son acusados \u00a0ante los fiscales por \u00a0\u00abincitar a la violaci\u00f3n de la ley de protestas e intentar desestabilizar el pa\u00eds.<\/p>\n<h2>Desde Burund\u00ed: <a href=\"https:\/\/www.pressenza.com\/es\/2016\/05\/suspenden-dialogo-entre-gobierno-de-burundi-y-opositores\/\">di\u00e1logos suspendidos<\/a><\/h2>\n<p>Las conversaciones entre el gobierno y la oposici\u00f3n de Burundi, que se iban a retomar el 2 de mayo en Tanzania, quedaron suspendidas\u201d.Las consultas para comenzar el di\u00e1logo no han tenido lugar. Las modalidades del encuentro no han sido consensuadas\u201d, admitieron las autoridades tanzanas, mediadoras del di\u00e1logo. La pasada semana el Gobierno burund\u00e9s reafirm\u00f3 que sin invitaci\u00f3n para dar a conocer su delegaci\u00f3n, declinaba participar en las conversaciones para poner punto final a la crisis pol\u00edtica que corroe a Burundi desde hace un a\u00f1o. El ex presidente tanzano Benjamin Mkapa, nuevo mediador de la crisis burundesa, anunci\u00f3 en Twitter que el di\u00e1logo se reprogramar\u00e1 para fines de este mes.<\/p>\n<p><b>EUROPA<\/b><\/p>\n<h2>Multan al fundador de Pegida por incitar al <a href=\"http:\/\/hispantv.com\/newsdetail\/alemania\/254468\/lider-pegida-condena-multa-comentarios-facebook-racista\">odio y la xenofobia<\/a><\/h2>\n<p>El fundador y l\u00edder del movimiento islam\u00f3fobo Pegida, Lutz Bachmann, fue condenado \u00a0a una multa de 9600 euros por sus comentarios ofensivos hacia los refugiados que llegaban a Alemania en 2014, adem\u00e1s de exigir que volvieran a sus pa\u00edses de origen.<\/p>\n<p>La fiscal\u00eda de la ciudad de Dresde, considerando las anteriores condenas de Bachmann por delitos como tr\u00e1fico de drogas y robo, solicit\u00f3 en un principio una pena de c\u00e1rcel de siete meses, pero al final todo se ha reducido a la mencionada multa.<\/p>\n<p>La organizaci\u00f3n,fundada en octubre de 2014, se vio envuelta en una serie de esc\u00e1ndalos, lo que provoc\u00f3 la renuncia en masa de sus dirigentes y su posterior p\u00e9rdida de influencia en el escenario pol\u00edtico alem\u00e1n.El detonante mayor fue una fotograf\u00eda donde \u00a0Bachman posaba con un bigote y un peinado similares a los de Adolf Hitler, publicada en enero de 2015.<\/p>\n<h2>En Italia ya no es delito robar para <a href=\"http:\/\/hispantv.com\/newsdetail\/italia\/254456\/italia-legaliza-robar-por-tener-hambre-no-persigue\">poder comer<\/a><\/h2>\n<p>El Tribunal Supremo de Italia absolvi\u00f3 el lunes pasado a un mendigo de origen ucraniano llamado Roman Ostriakov que hab\u00eda sido condenado por un robo de productos alimenticios por un valor aproximado de cuatro euros.<\/p>\n<p>La corte indica, \u00abLa condici\u00f3n del acusado y las circunstancias en que se produjo la incautaci\u00f3n de los bienes muestran que dispon\u00eda de poca comida para hacer frente a la necesidad vital de alimentarse, por lo que actu\u00f3 bajo un estado de necesidad\u00bb, y anul\u00f3 la sentencia que el Tribunal de Apelaci\u00f3n de G\u00e9nova hab\u00eda dictado en su contra.<\/p>\n<p>Anteriormente el caso de Ostriakov fue considerado por tres otras instituciones judiciales, pero la decisi\u00f3n del Tribunal Supremo pone ahora punto final al juicio.<\/p>\n","protected":false},"excerpt":{"rendered":"<p>La selecci\u00f3n de noticias preparada por el equipo de Pressenza para el programa que se emite cada viernes a las 9 am por la radio p\u00fablica ecuatoriana Pichincha Universal. AM\u00c9RICA Homenaje a Silo del Partido Humanista no pudo contar con&hellip;<\/p>\n","protected":false},"author":1011,"featured_media":292384,"comment_status":"closed","ping_status":"closed","sticky":false,"template":"","format":"standard","meta":{"footnotes":""},"categories":[11389,75,79,39,1243,74,22754],"tags":[26,15355,2424,6242,3672,398,1266,418,15385,15530],"class_list":["post-312625","post","type-post","status-publish","format-standard","has-post-thumbnail","hentry","category-contenido-original","category-cultura-es","category-derechos-humanos","category-internacional","category-paz-desarme","category-politica-es","category-radio-es","tag-argentina","tag-burundi-es","tag-egipto","tag-hiroshima-es","tag-italia-es","tag-justicia","tag-milagro-sala","tag-partido-humanista","tag-pegida","tag-yemen-es"],"yoast_head":"<!-- This site is optimized with the Yoast SEO plugin v27.1.1 - https:\/\/yoast.com\/product\/yoast-seo-wordpress\/ -->\n<title>Repaso Internacional Pressenza En la Oreja 06\/05\/2016<\/title>\n<meta name=\"description\" content=\"La selecci\u00f3n de noticias preparada por el equipo de Pressenza para el programa que se emite cada viernes a las 9 am por la radio p\u00fablica ecuatoriana\" \/>\n<meta name=\"robots\" content=\"index, follow, max-snippet:-1, max-image-preview:large, max-video-preview:-1\" \/>\n<link rel=\"canonical\" href=\"https:\/\/www.pressenza.com\/es\/2016\/05\/repaso-internacional-pressenza-oreja-06052016\/\" \/>\n<meta property=\"og:locale\" content=\"es_ES\" \/>\n<meta property=\"og:type\" content=\"article\" \/>\n<meta property=\"og:title\" content=\"Repaso Internacional Pressenza En la Oreja 06\/05\/2016\" \/>\n<meta property=\"og:description\" content=\"La selecci\u00f3n de noticias preparada por el equipo de Pressenza para el programa que se emite cada viernes a las 9 am por la radio p\u00fablica ecuatoriana\" \/>\n<meta property=\"og:url\" content=\"https:\/\/www.pressenza.com\/es\/2016\/05\/repaso-internacional-pressenza-oreja-06052016\/\" \/>\n<meta property=\"og:site_name\" content=\"Pressenza\" \/>\n<meta property=\"article:publisher\" content=\"https:\/\/www.facebook.com\/PressenzaItalia\" \/>\n<meta property=\"article:published_time\" content=\"2016-05-09T13:19:28+00:00\" \/>\n<meta property=\"article:modified_time\" content=\"2016-05-09T13:23:09+00:00\" \/>\n<meta property=\"og:image\" content=\"https:\/\/www.pressenza.com\/wp-content\/uploads\/2016\/03\/EnlaorejarepasoInternacional-1.jpg\" \/>\n\t<meta property=\"og:image:width\" content=\"709\" \/>\n\t<meta property=\"og:image:height\" content=\"778\" \/>\n\t<meta property=\"og:image:type\" content=\"image\/jpeg\" \/>\n<meta name=\"author\" content=\"Redacci\u00f3n Ecuador\" \/>\n<meta name=\"twitter:card\" content=\"summary_large_image\" \/>\n<meta name=\"twitter:creator\" content=\"@PressenzaIPA\" \/>\n<meta name=\"twitter:site\" content=\"@PressenzaIPA\" \/>\n<meta name=\"twitter:label1\" content=\"Escrito por\" \/>\n\t<meta name=\"twitter:data1\" content=\"Redacci\u00f3n Ecuador\" \/>\n\t<meta name=\"twitter:label2\" content=\"Tiempo de lectura\" \/>\n\t<meta name=\"twitter:data2\" content=\"6 minutos\" \/>\n<script type=\"application\/ld+json\" class=\"yoast-schema-graph\">{\"@context\":\"https:\/\/schema.org\",\"@graph\":[{\"@type\":\"Article\",\"@id\":\"https:\/\/www.pressenza.com\/es\/2016\/05\/repaso-internacional-pressenza-oreja-06052016\/#article\",\"isPartOf\":{\"@id\":\"https:\/\/www.pressenza.com\/es\/2016\/05\/repaso-internacional-pressenza-oreja-06052016\/\"},\"author\":{\"name\":\"Redacci\u00f3n Ecuador\",\"@id\":\"https:\/\/www.pressenza.com\/es\/#\/schema\/person\/883a735c40665759bcc6fe0c26bcb46f\"},\"headline\":\"Repaso Internacional Pressenza En la Oreja 06\/05\/2016\",\"datePublished\":\"2016-05-09T13:19:28+00:00\",\"dateModified\":\"2016-05-09T13:23:09+00:00\",\"mainEntityOfPage\":{\"@id\":\"https:\/\/www.pressenza.com\/es\/2016\/05\/repaso-internacional-pressenza-oreja-06052016\/\"},\"wordCount\":1182,\"publisher\":{\"@id\":\"https:\/\/www.pressenza.com\/es\/#organization\"},\"image\":{\"@id\":\"https:\/\/www.pressenza.com\/es\/2016\/05\/repaso-internacional-pressenza-oreja-06052016\/#primaryimage\"},\"thumbnailUrl\":\"https:\/\/www.pressenza.com\/wp-content\/uploads\/2016\/03\/EnlaorejarepasoInternacional-1.jpg\",\"keywords\":[\"Argentina\",\"Burundi\",\"Egipto\",\"Hiroshima\",\"Italia\",\"justicia\",\"Milagro Sala\",\"Partido Humanista\",\"Pegida\",\"Yemen\"],\"articleSection\":[\"Contenido Original\",\"Cultura y Medios\",\"Derechos Humanos\",\"Internacional\",\"Paz y Desarme\",\"Pol\u00edtica\",\"Radio\"],\"inLanguage\":\"es\"},{\"@type\":\"WebPage\",\"@id\":\"https:\/\/www.pressenza.com\/es\/2016\/05\/repaso-internacional-pressenza-oreja-06052016\/\",\"url\":\"https:\/\/www.pressenza.com\/es\/2016\/05\/repaso-internacional-pressenza-oreja-06052016\/\",\"name\":\"Repaso Internacional Pressenza En la Oreja 06\/05\/2016\",\"isPartOf\":{\"@id\":\"https:\/\/www.pressenza.com\/es\/#website\"},\"primaryImageOfPage\":{\"@id\":\"https:\/\/www.pressenza.com\/es\/2016\/05\/repaso-internacional-pressenza-oreja-06052016\/#primaryimage\"},\"image\":{\"@id\":\"https:\/\/www.pressenza.com\/es\/2016\/05\/repaso-internacional-pressenza-oreja-06052016\/#primaryimage\"},\"thumbnailUrl\":\"https:\/\/www.pressenza.com\/wp-content\/uploads\/2016\/03\/EnlaorejarepasoInternacional-1.jpg\",\"datePublished\":\"2016-05-09T13:19:28+00:00\",\"dateModified\":\"2016-05-09T13:23:09+00:00\",\"description\":\"La selecci\u00f3n de noticias preparada por el equipo de Pressenza para el programa que se emite cada viernes a las 9 am por la radio p\u00fablica ecuatoriana\",\"breadcrumb\":{\"@id\":\"https:\/\/www.pressenza.com\/es\/2016\/05\/repaso-internacional-pressenza-oreja-06052016\/#breadcrumb\"},\"inLanguage\":\"es\",\"potentialAction\":[{\"@type\":\"ReadAction\",\"target\":[\"https:\/\/www.pressenza.com\/es\/2016\/05\/repaso-internacional-pressenza-oreja-06052016\/\"]}]},{\"@type\":\"ImageObject\",\"inLanguage\":\"es\",\"@id\":\"https:\/\/www.pressenza.com\/es\/2016\/05\/repaso-internacional-pressenza-oreja-06052016\/#primaryimage\",\"url\":\"https:\/\/www.pressenza.com\/wp-content\/uploads\/2016\/03\/EnlaorejarepasoInternacional-1.jpg\",\"contentUrl\":\"https:\/\/www.pressenza.com\/wp-content\/uploads\/2016\/03\/EnlaorejarepasoInternacional-1.jpg\",\"width\":709,\"height\":778},{\"@type\":\"BreadcrumbList\",\"@id\":\"https:\/\/www.pressenza.com\/es\/2016\/05\/repaso-internacional-pressenza-oreja-06052016\/#breadcrumb\",\"itemListElement\":[{\"@type\":\"ListItem\",\"position\":1,\"name\":\"Accueil\",\"item\":\"https:\/\/www.pressenza.com\/es\/\"},{\"@type\":\"ListItem\",\"position\":2,\"name\":\"Repaso Internacional Pressenza En la Oreja 06\/05\/2016\"}]},{\"@type\":\"WebSite\",\"@id\":\"https:\/\/www.pressenza.com\/es\/#website\",\"url\":\"https:\/\/www.pressenza.com\/es\/\",\"name\":\"Pressenza\",\"description\":\"International Press Agency\",\"publisher\":{\"@id\":\"https:\/\/www.pressenza.com\/es\/#organization\"},\"potentialAction\":[{\"@type\":\"SearchAction\",\"target\":{\"@type\":\"EntryPoint\",\"urlTemplate\":\"https:\/\/www.pressenza.com\/es\/?s={search_term_string}\"},\"query-input\":{\"@type\":\"PropertyValueSpecification\",\"valueRequired\":true,\"valueName\":\"search_term_string\"}}],\"inLanguage\":\"es\"},{\"@type\":\"Organization\",\"@id\":\"https:\/\/www.pressenza.com\/es\/#organization\",\"name\":\"Pressenza\",\"url\":\"https:\/\/www.pressenza.com\/es\/\",\"logo\":{\"@type\":\"ImageObject\",\"inLanguage\":\"es\",\"@id\":\"https:\/\/www.pressenza.com\/es\/#\/schema\/logo\/image\/\",\"url\":\"https:\/\/www.pressenza.com\/wp-content\/uploads\/2022\/10\/pressenza_logo_200x200.jpg\",\"contentUrl\":\"https:\/\/www.pressenza.com\/wp-content\/uploads\/2022\/10\/pressenza_logo_200x200.jpg\",\"width\":200,\"height\":200,\"caption\":\"Pressenza\"},\"image\":{\"@id\":\"https:\/\/www.pressenza.com\/es\/#\/schema\/logo\/image\/\"},\"sameAs\":[\"https:\/\/www.facebook.com\/PressenzaItalia\",\"https:\/\/x.com\/PressenzaIPA\"]},{\"@type\":\"Person\",\"@id\":\"https:\/\/www.pressenza.com\/es\/#\/schema\/person\/883a735c40665759bcc6fe0c26bcb46f\",\"name\":\"Redacci\u00f3n Ecuador\",\"description\":\"News published by the Pressenza bureau in Quito, Ecuador\",\"url\":\"https:\/\/www.pressenza.com\/es\/author\/redaccion-ecuador\/\"}]}<\/script>\n<!-- \/ Yoast SEO plugin. -->","yoast_head_json":{"title":"Repaso Internacional Pressenza En la Oreja 06\/05\/2016","description":"La selecci\u00f3n de noticias preparada por el equipo de Pressenza para el programa que se emite cada viernes a las 9 am por la radio p\u00fablica ecuatoriana","robots":{"index":"index","follow":"follow","max-snippet":"max-snippet:-1","max-image-preview":"max-image-preview:large","max-video-preview":"max-video-preview:-1"},"canonical":"https:\/\/www.pressenza.com\/es\/2016\/05\/repaso-internacional-pressenza-oreja-06052016\/","og_locale":"es_ES","og_type":"article","og_title":"Repaso Internacional Pressenza En la Oreja 06\/05\/2016","og_description":"La selecci\u00f3n de noticias preparada por el equipo de Pressenza para el programa que se emite cada viernes a las 9 am por la radio p\u00fablica ecuatoriana","og_url":"https:\/\/www.pressenza.com\/es\/2016\/05\/repaso-internacional-pressenza-oreja-06052016\/","og_site_name":"Pressenza","article_publisher":"https:\/\/www.facebook.com\/PressenzaItalia","article_published_time":"2016-05-09T13:19:28+00:00","article_modified_time":"2016-05-09T13:23:09+00:00","og_image":[{"width":709,"height":778,"url":"https:\/\/www.pressenza.com\/wp-content\/uploads\/2016\/03\/EnlaorejarepasoInternacional-1.jpg","type":"image\/jpeg"}],"author":"Redacci\u00f3n Ecuador","twitter_card":"summary_large_image","twitter_creator":"@PressenzaIPA","twitter_site":"@PressenzaIPA","twitter_misc":{"Escrito por":"Redacci\u00f3n Ecuador","Tiempo de lectura":"6 minutos"},"schema":{"@context":"https:\/\/schema.org","@graph":[{"@type":"Article","@id":"https:\/\/www.pressenza.com\/es\/2016\/05\/repaso-internacional-pressenza-oreja-06052016\/#article","isPartOf":{"@id":"https:\/\/www.pressenza.com\/es\/2016\/05\/repaso-internacional-pressenza-oreja-06052016\/"},"author":{"name":"Redacci\u00f3n Ecuador","@id":"https:\/\/www.pressenza.com\/es\/#\/schema\/person\/883a735c40665759bcc6fe0c26bcb46f"},"headline":"Repaso Internacional Pressenza En la Oreja 06\/05\/2016","datePublished":"2016-05-09T13:19:28+00:00","dateModified":"2016-05-09T13:23:09+00:00","mainEntityOfPage":{"@id":"https:\/\/www.pressenza.com\/es\/2016\/05\/repaso-internacional-pressenza-oreja-06052016\/"},"wordCount":1182,"publisher":{"@id":"https:\/\/www.pressenza.com\/es\/#organization"},"image":{"@id":"https:\/\/www.pressenza.com\/es\/2016\/05\/repaso-internacional-pressenza-oreja-06052016\/#primaryimage"},"thumbnailUrl":"https:\/\/www.pressenza.com\/wp-content\/uploads\/2016\/03\/EnlaorejarepasoInternacional-1.jpg","keywords":["Argentina","Burundi","Egipto","Hiroshima","Italia","justicia","Milagro Sala","Partido Humanista","Pegida","Yemen"],"articleSection":["Contenido Original","Cultura y Medios","Derechos Humanos","Internacional","Paz y Desarme","Pol\u00edtica","Radio"],"inLanguage":"es"},{"@type":"WebPage","@id":"https:\/\/www.pressenza.com\/es\/2016\/05\/repaso-internacional-pressenza-oreja-06052016\/","url":"https:\/\/www.pressenza.com\/es\/2016\/05\/repaso-internacional-pressenza-oreja-06052016\/","name":"Repaso Internacional Pressenza En la Oreja 06\/05\/2016","isPartOf":{"@id":"https:\/\/www.pressenza.com\/es\/#website"},"primaryImageOfPage":{"@id":"https:\/\/www.pressenza.com\/es\/2016\/05\/repaso-internacional-pressenza-oreja-06052016\/#primaryimage"},"image":{"@id":"https:\/\/www.pressenza.com\/es\/2016\/05\/repaso-internacional-pressenza-oreja-06052016\/#primaryimage"},"thumbnailUrl":"https:\/\/www.pressenza.com\/wp-content\/uploads\/2016\/03\/EnlaorejarepasoInternacional-1.jpg","datePublished":"2016-05-09T13:19:28+00:00","dateModified":"2016-05-09T13:23:09+00:00","description":"La selecci\u00f3n de noticias preparada por el equipo de Pressenza para el programa que se emite cada viernes a las 9 am por la radio p\u00fablica ecuatoriana","breadcrumb":{"@id":"https:\/\/www.pressenza.com\/es\/2016\/05\/repaso-internacional-pressenza-oreja-06052016\/#breadcrumb"},"inLanguage":"es","potentialAction":[{"@type":"ReadAction","target":["https:\/\/www.pressenza.com\/es\/2016\/05\/repaso-internacional-pressenza-oreja-06052016\/"]}]},{"@type":"ImageObject","inLanguage":"es","@id":"https:\/\/www.pressenza.com\/es\/2016\/05\/repaso-internacional-pressenza-oreja-06052016\/#primaryimage","url":"https:\/\/www.pressenza.com\/wp-content\/uploads\/2016\/03\/EnlaorejarepasoInternacional-1.jpg","contentUrl":"https:\/\/www.pressenza.com\/wp-content\/uploads\/2016\/03\/EnlaorejarepasoInternacional-1.jpg","width":709,"height":778},{"@type":"BreadcrumbList","@id":"https:\/\/www.pressenza.com\/es\/2016\/05\/repaso-internacional-pressenza-oreja-06052016\/#breadcrumb","itemListElement":[{"@type":"ListItem","position":1,"name":"Accueil","item":"https:\/\/www.pressenza.com\/es\/"},{"@type":"ListItem","position":2,"name":"Repaso Internacional Pressenza En la Oreja 06\/05\/2016"}]},{"@type":"WebSite","@id":"https:\/\/www.pressenza.com\/es\/#website","url":"https:\/\/www.pressenza.com\/es\/","name":"Pressenza","description":"International Press Agency","publisher":{"@id":"https:\/\/www.pressenza.com\/es\/#organization"},"potentialAction":[{"@type":"SearchAction","target":{"@type":"EntryPoint","urlTemplate":"https:\/\/www.pressenza.com\/es\/?s={search_term_string}"},"query-input":{"@type":"PropertyValueSpecification","valueRequired":true,"valueName":"search_term_string"}}],"inLanguage":"es"},{"@type":"Organization","@id":"https:\/\/www.pressenza.com\/es\/#organization","name":"Pressenza","url":"https:\/\/www.pressenza.com\/es\/","logo":{"@type":"ImageObject","inLanguage":"es","@id":"https:\/\/www.pressenza.com\/es\/#\/schema\/logo\/image\/","url":"https:\/\/www.pressenza.com\/wp-content\/uploads\/2022\/10\/pressenza_logo_200x200.jpg","contentUrl":"https:\/\/www.pressenza.com\/wp-content\/uploads\/2022\/10\/pressenza_logo_200x200.jpg","width":200,"height":200,"caption":"Pressenza"},"image":{"@id":"https:\/\/www.pressenza.com\/es\/#\/schema\/logo\/image\/"},"sameAs":["https:\/\/www.facebook.com\/PressenzaItalia","https:\/\/x.com\/PressenzaIPA"]},{"@type":"Person","@id":"https:\/\/www.pressenza.com\/es\/#\/schema\/person\/883a735c40665759bcc6fe0c26bcb46f","name":"Redacci\u00f3n Ecuador","description":"News published by the Pressenza bureau in Quito, Ecuador","url":"https:\/\/www.pressenza.com\/es\/author\/redaccion-ecuador\/"}]}},"place":"Quito","original_article_url":"","_links":{"self":[{"href":"https:\/\/www.pressenza.com\/es\/wp-json\/wp\/v2\/posts\/312625","targetHints":{"allow":["GET"]}}],"collection":[{"href":"https:\/\/www.pressenza.com\/es\/wp-json\/wp\/v2\/posts"}],"about":[{"href":"https:\/\/www.pressenza.com\/es\/wp-json\/wp\/v2\/types\/post"}],"author":[{"embeddable":true,"href":"https:\/\/www.pressenza.com\/es\/wp-json\/wp\/v2\/users\/1011"}],"replies":[{"embeddable":true,"href":"https:\/\/www.pressenza.com\/es\/wp-json\/wp\/v2\/comments?post=312625"}],"version-history":[{"count":0,"href":"https:\/\/www.pressenza.com\/es\/wp-json\/wp\/v2\/posts\/312625\/revisions"}],"wp:featuredmedia":[{"embeddable":true,"href":"https:\/\/www.pressenza.com\/es\/wp-json\/wp\/v2\/media\/292384"}],"wp:attachment":[{"href":"https:\/\/www.pressenza.com\/es\/wp-json\/wp\/v2\/media?parent=312625"}],"wp:term":[{"taxonomy":"category","embeddable":true,"href":"https:\/\/www.pressenza.com\/es\/wp-json\/wp\/v2\/categories?post=312625"},{"taxonomy":"post_tag","embeddable":true,"href":"https:\/\/www.pressenza.com\/es\/wp-json\/wp\/v2\/tags?post=312625"}],"curies":[{"name":"wp","href":"https:\/\/api.w.org\/{rel}","templated":true}]}}