{"id":312346,"date":"2016-05-08T20:33:14","date_gmt":"2016-05-08T19:33:14","guid":{"rendered":"http:\/\/www.pressenza.com\/es\/?p=312346"},"modified":"2016-05-09T14:21:59","modified_gmt":"2016-05-09T13:21:59","slug":"312346","status":"publish","type":"post","link":"https:\/\/www.pressenza.com\/es\/2016\/05\/312346\/","title":{"rendered":"\u00abCorbyn mantiene una coherencia hist\u00f3rica de paz, Noviolencia y antinuclear muy importante\u00bb S. Swinden"},"content":{"rendered":"<p>La editora de Pressenza en Londres, Silvia Swinden, habl\u00f3 con Pressenza Internacional En la Oreja sobre Jeremy Corbyn, David Cameron, los Papeles de Panam\u00e1, la filtraci\u00f3n de los TTIPLeaks, las propuestas de salida de Reino Unido de la Uni\u00f3n Europea, Donald Trump y mucho m\u00e1s.<\/p>\n<p>No tiene desperdicio.<\/p>\n<p><iframe loading=\"lazy\" id=\"audio_11445753\" style=\"border: 1px solid #EEE; box-sizing: border-box; width: 100%;\" src=\"https:\/\/www.ivoox.com\/player_ej_11445753_4_1.html?c1=ff6600\" width=\"300\" height=\"200\" frameborder=\"0\" scrolling=\"no\" allowfullscreen=\"allowfullscreen\"><\/iframe><\/p>\n<p>Pressenza Internacional En la Oreja se emite todos los viernes de 9 a 10 de la ma\u00f1ana por la radio p\u00fablica ecuatoriana Pichincha Universal. Es un programa conducido por Nelsy Lizarazo, Tony Robinson y Mariano Quiroga. Tambi\u00e9n participan de la producci\u00f3n Evelyn Jaramillo, Patricio, Santiago, Nicol\u00e1s y Blanca Diego de Lola Mora Producciones.<\/p>\n","protected":false},"excerpt":{"rendered":"<p>La editora de Pressenza en Londres, Silvia Swinden, habl\u00f3 con Pressenza Internacional En la Oreja sobre Jeremy Corbyn, David Cameron, los Papeles de Panam\u00e1, la filtraci\u00f3n de los TTIPLeaks, las propuestas de salida de Reino Unido de la Uni\u00f3n Europea,&hellip;<\/p>\n","protected":false},"author":1011,"featured_media":312358,"comment_status":"closed","ping_status":"closed","sticky":false,"template":"","format":"standard","meta":{"footnotes":""},"categories":[11389,81,155,66,1243,74,22754],"tags":[1437,709,15340,26899,419,12937,26900,4817],"class_list":["post-312346","post","type-post","status-publish","format-standard","has-post-thumbnail","hentry","category-contenido-original","category-economia-es","category-entrevistas","category-europa-es","category-paz-desarme","category-politica-es","category-radio-es","tag-david-cameron","tag-desarme","tag-islamofobia-es","tag-papeles-de-panama","tag-paz","tag-ttip-es","tag-ttipleaks","tag-union-europea"],"yoast_head":"<!-- This site is optimized with the Yoast SEO plugin v27.1.1 - https:\/\/yoast.com\/product\/yoast-seo-wordpress\/ -->\n<title>&quot;Corbyn mantiene una coherencia hist\u00f3rica de paz, Noviolencia y antinuclear muy importante&quot; S. Swinden<\/title>\n<meta name=\"description\" content=\"La editora de Pressenza en Londres, Silvia Swinden, habl\u00f3 con Pressenza Internacional En la Oreja sobre Jeremy Corbyn, David Cameron, los Papeles de\" \/>\n<meta name=\"robots\" content=\"index, follow, max-snippet:-1, max-image-preview:large, max-video-preview:-1\" \/>\n<link rel=\"canonical\" href=\"https:\/\/www.pressenza.com\/es\/2016\/05\/312346\/\" \/>\n<meta property=\"og:locale\" content=\"es_ES\" \/>\n<meta property=\"og:type\" content=\"article\" \/>\n<meta property=\"og:title\" content=\"&quot;Corbyn mantiene una coherencia hist\u00f3rica de paz, Noviolencia y antinuclear muy importante&quot; S. Swinden\" \/>\n<meta property=\"og:description\" content=\"La editora de Pressenza en Londres, Silvia Swinden, habl\u00f3 con Pressenza Internacional En la Oreja sobre Jeremy Corbyn, David Cameron, los Papeles de\" \/>\n<meta property=\"og:url\" content=\"https:\/\/www.pressenza.com\/es\/2016\/05\/312346\/\" \/>\n<meta property=\"og:site_name\" content=\"Pressenza\" \/>\n<meta property=\"article:publisher\" content=\"https:\/\/www.facebook.com\/PressenzaItalia\" \/>\n<meta property=\"article:published_time\" content=\"2016-05-08T19:33:14+00:00\" \/>\n<meta property=\"article:modified_time\" content=\"2016-05-09T13:21:59+00:00\" \/>\n<meta property=\"og:image\" content=\"https:\/\/www.pressenza.com\/wp-content\/uploads\/2016\/05\/Silvia-EN-LA-OREJA.jpg\" \/>\n\t<meta property=\"og:image:width\" content=\"1040\" \/>\n\t<meta property=\"og:image:height\" content=\"720\" \/>\n\t<meta property=\"og:image:type\" content=\"image\/jpeg\" \/>\n<meta name=\"author\" content=\"Redacci\u00f3n Ecuador\" \/>\n<meta name=\"twitter:card\" content=\"summary_large_image\" \/>\n<meta name=\"twitter:creator\" content=\"@PressenzaIPA\" \/>\n<meta name=\"twitter:site\" content=\"@PressenzaIPA\" \/>\n<meta name=\"twitter:label1\" content=\"Escrito por\" \/>\n\t<meta name=\"twitter:data1\" content=\"Redacci\u00f3n Ecuador\" \/>\n\t<meta name=\"twitter:label2\" content=\"Tiempo de lectura\" \/>\n\t<meta name=\"twitter:data2\" content=\"1 minuto\" \/>\n<script type=\"application\/ld+json\" class=\"yoast-schema-graph\">{\"@context\":\"https:\/\/schema.org\",\"@graph\":[{\"@type\":\"Article\",\"@id\":\"https:\/\/www.pressenza.com\/es\/2016\/05\/312346\/#article\",\"isPartOf\":{\"@id\":\"https:\/\/www.pressenza.com\/es\/2016\/05\/312346\/\"},\"author\":{\"name\":\"Redacci\u00f3n Ecuador\",\"@id\":\"https:\/\/www.pressenza.com\/es\/#\/schema\/person\/883a735c40665759bcc6fe0c26bcb46f\"},\"headline\":\"\u00abCorbyn mantiene una coherencia hist\u00f3rica de paz, Noviolencia y antinuclear muy importante\u00bb S. Swinden\",\"datePublished\":\"2016-05-08T19:33:14+00:00\",\"dateModified\":\"2016-05-09T13:21:59+00:00\",\"mainEntityOfPage\":{\"@id\":\"https:\/\/www.pressenza.com\/es\/2016\/05\/312346\/\"},\"wordCount\":122,\"publisher\":{\"@id\":\"https:\/\/www.pressenza.com\/es\/#organization\"},\"image\":{\"@id\":\"https:\/\/www.pressenza.com\/es\/2016\/05\/312346\/#primaryimage\"},\"thumbnailUrl\":\"https:\/\/www.pressenza.com\/wp-content\/uploads\/2016\/05\/Silvia-EN-LA-OREJA.jpg\",\"keywords\":[\"David Cameron\",\"Desarme\",\"islamofobia\",\"Papeles de Panam\u00e1\",\"Paz\",\"TTIP\",\"TTIPLeaks\",\"Uni\u00f3n Europea\"],\"articleSection\":[\"Contenido Original\",\"Econom\u00eda\",\"Entrevistas\",\"Europa\",\"Paz y Desarme\",\"Pol\u00edtica\",\"Radio\"],\"inLanguage\":\"es\"},{\"@type\":\"WebPage\",\"@id\":\"https:\/\/www.pressenza.com\/es\/2016\/05\/312346\/\",\"url\":\"https:\/\/www.pressenza.com\/es\/2016\/05\/312346\/\",\"name\":\"\\\"Corbyn mantiene una coherencia hist\u00f3rica de paz, Noviolencia y antinuclear muy importante\\\" S. Swinden\",\"isPartOf\":{\"@id\":\"https:\/\/www.pressenza.com\/es\/#website\"},\"primaryImageOfPage\":{\"@id\":\"https:\/\/www.pressenza.com\/es\/2016\/05\/312346\/#primaryimage\"},\"image\":{\"@id\":\"https:\/\/www.pressenza.com\/es\/2016\/05\/312346\/#primaryimage\"},\"thumbnailUrl\":\"https:\/\/www.pressenza.com\/wp-content\/uploads\/2016\/05\/Silvia-EN-LA-OREJA.jpg\",\"datePublished\":\"2016-05-08T19:33:14+00:00\",\"dateModified\":\"2016-05-09T13:21:59+00:00\",\"description\":\"La editora de Pressenza en Londres, Silvia Swinden, habl\u00f3 con Pressenza Internacional En la Oreja sobre Jeremy Corbyn, David Cameron, los Papeles de\",\"breadcrumb\":{\"@id\":\"https:\/\/www.pressenza.com\/es\/2016\/05\/312346\/#breadcrumb\"},\"inLanguage\":\"es\",\"potentialAction\":[{\"@type\":\"ReadAction\",\"target\":[\"https:\/\/www.pressenza.com\/es\/2016\/05\/312346\/\"]}]},{\"@type\":\"ImageObject\",\"inLanguage\":\"es\",\"@id\":\"https:\/\/www.pressenza.com\/es\/2016\/05\/312346\/#primaryimage\",\"url\":\"https:\/\/www.pressenza.com\/wp-content\/uploads\/2016\/05\/Silvia-EN-LA-OREJA.jpg\",\"contentUrl\":\"https:\/\/www.pressenza.com\/wp-content\/uploads\/2016\/05\/Silvia-EN-LA-OREJA.jpg\",\"width\":1040,\"height\":720},{\"@type\":\"BreadcrumbList\",\"@id\":\"https:\/\/www.pressenza.com\/es\/2016\/05\/312346\/#breadcrumb\",\"itemListElement\":[{\"@type\":\"ListItem\",\"position\":1,\"name\":\"Accueil\",\"item\":\"https:\/\/www.pressenza.com\/es\/\"},{\"@type\":\"ListItem\",\"position\":2,\"name\":\"\u00abCorbyn mantiene una coherencia hist\u00f3rica de paz, Noviolencia y antinuclear muy importante\u00bb S. Swinden\"}]},{\"@type\":\"WebSite\",\"@id\":\"https:\/\/www.pressenza.com\/es\/#website\",\"url\":\"https:\/\/www.pressenza.com\/es\/\",\"name\":\"Pressenza\",\"description\":\"International Press Agency\",\"publisher\":{\"@id\":\"https:\/\/www.pressenza.com\/es\/#organization\"},\"potentialAction\":[{\"@type\":\"SearchAction\",\"target\":{\"@type\":\"EntryPoint\",\"urlTemplate\":\"https:\/\/www.pressenza.com\/es\/?s={search_term_string}\"},\"query-input\":{\"@type\":\"PropertyValueSpecification\",\"valueRequired\":true,\"valueName\":\"search_term_string\"}}],\"inLanguage\":\"es\"},{\"@type\":\"Organization\",\"@id\":\"https:\/\/www.pressenza.com\/es\/#organization\",\"name\":\"Pressenza\",\"url\":\"https:\/\/www.pressenza.com\/es\/\",\"logo\":{\"@type\":\"ImageObject\",\"inLanguage\":\"es\",\"@id\":\"https:\/\/www.pressenza.com\/es\/#\/schema\/logo\/image\/\",\"url\":\"https:\/\/www.pressenza.com\/wp-content\/uploads\/2022\/10\/pressenza_logo_200x200.jpg\",\"contentUrl\":\"https:\/\/www.pressenza.com\/wp-content\/uploads\/2022\/10\/pressenza_logo_200x200.jpg\",\"width\":200,\"height\":200,\"caption\":\"Pressenza\"},\"image\":{\"@id\":\"https:\/\/www.pressenza.com\/es\/#\/schema\/logo\/image\/\"},\"sameAs\":[\"https:\/\/www.facebook.com\/PressenzaItalia\",\"https:\/\/x.com\/PressenzaIPA\"]},{\"@type\":\"Person\",\"@id\":\"https:\/\/www.pressenza.com\/es\/#\/schema\/person\/883a735c40665759bcc6fe0c26bcb46f\",\"name\":\"Redacci\u00f3n Ecuador\",\"description\":\"News published by the Pressenza bureau in Quito, Ecuador\",\"url\":\"https:\/\/www.pressenza.com\/es\/author\/redaccion-ecuador\/\"}]}<\/script>\n<!-- \/ Yoast SEO plugin. -->","yoast_head_json":{"title":"\"Corbyn mantiene una coherencia hist\u00f3rica de paz, Noviolencia y antinuclear muy importante\" S. Swinden","description":"La editora de Pressenza en Londres, Silvia Swinden, habl\u00f3 con Pressenza Internacional En la Oreja sobre Jeremy Corbyn, David Cameron, los Papeles de","robots":{"index":"index","follow":"follow","max-snippet":"max-snippet:-1","max-image-preview":"max-image-preview:large","max-video-preview":"max-video-preview:-1"},"canonical":"https:\/\/www.pressenza.com\/es\/2016\/05\/312346\/","og_locale":"es_ES","og_type":"article","og_title":"\"Corbyn mantiene una coherencia hist\u00f3rica de paz, Noviolencia y antinuclear muy importante\" S. Swinden","og_description":"La editora de Pressenza en Londres, Silvia Swinden, habl\u00f3 con Pressenza Internacional En la Oreja sobre Jeremy Corbyn, David Cameron, los Papeles de","og_url":"https:\/\/www.pressenza.com\/es\/2016\/05\/312346\/","og_site_name":"Pressenza","article_publisher":"https:\/\/www.facebook.com\/PressenzaItalia","article_published_time":"2016-05-08T19:33:14+00:00","article_modified_time":"2016-05-09T13:21:59+00:00","og_image":[{"width":1040,"height":720,"url":"https:\/\/www.pressenza.com\/wp-content\/uploads\/2016\/05\/Silvia-EN-LA-OREJA.jpg","type":"image\/jpeg"}],"author":"Redacci\u00f3n Ecuador","twitter_card":"summary_large_image","twitter_creator":"@PressenzaIPA","twitter_site":"@PressenzaIPA","twitter_misc":{"Escrito por":"Redacci\u00f3n Ecuador","Tiempo de lectura":"1 minuto"},"schema":{"@context":"https:\/\/schema.org","@graph":[{"@type":"Article","@id":"https:\/\/www.pressenza.com\/es\/2016\/05\/312346\/#article","isPartOf":{"@id":"https:\/\/www.pressenza.com\/es\/2016\/05\/312346\/"},"author":{"name":"Redacci\u00f3n Ecuador","@id":"https:\/\/www.pressenza.com\/es\/#\/schema\/person\/883a735c40665759bcc6fe0c26bcb46f"},"headline":"\u00abCorbyn mantiene una coherencia hist\u00f3rica de paz, Noviolencia y antinuclear muy importante\u00bb S. Swinden","datePublished":"2016-05-08T19:33:14+00:00","dateModified":"2016-05-09T13:21:59+00:00","mainEntityOfPage":{"@id":"https:\/\/www.pressenza.com\/es\/2016\/05\/312346\/"},"wordCount":122,"publisher":{"@id":"https:\/\/www.pressenza.com\/es\/#organization"},"image":{"@id":"https:\/\/www.pressenza.com\/es\/2016\/05\/312346\/#primaryimage"},"thumbnailUrl":"https:\/\/www.pressenza.com\/wp-content\/uploads\/2016\/05\/Silvia-EN-LA-OREJA.jpg","keywords":["David Cameron","Desarme","islamofobia","Papeles de Panam\u00e1","Paz","TTIP","TTIPLeaks","Uni\u00f3n Europea"],"articleSection":["Contenido Original","Econom\u00eda","Entrevistas","Europa","Paz y Desarme","Pol\u00edtica","Radio"],"inLanguage":"es"},{"@type":"WebPage","@id":"https:\/\/www.pressenza.com\/es\/2016\/05\/312346\/","url":"https:\/\/www.pressenza.com\/es\/2016\/05\/312346\/","name":"\"Corbyn mantiene una coherencia hist\u00f3rica de paz, Noviolencia y antinuclear muy importante\" S. Swinden","isPartOf":{"@id":"https:\/\/www.pressenza.com\/es\/#website"},"primaryImageOfPage":{"@id":"https:\/\/www.pressenza.com\/es\/2016\/05\/312346\/#primaryimage"},"image":{"@id":"https:\/\/www.pressenza.com\/es\/2016\/05\/312346\/#primaryimage"},"thumbnailUrl":"https:\/\/www.pressenza.com\/wp-content\/uploads\/2016\/05\/Silvia-EN-LA-OREJA.jpg","datePublished":"2016-05-08T19:33:14+00:00","dateModified":"2016-05-09T13:21:59+00:00","description":"La editora de Pressenza en Londres, Silvia Swinden, habl\u00f3 con Pressenza Internacional En la Oreja sobre Jeremy Corbyn, David Cameron, los Papeles de","breadcrumb":{"@id":"https:\/\/www.pressenza.com\/es\/2016\/05\/312346\/#breadcrumb"},"inLanguage":"es","potentialAction":[{"@type":"ReadAction","target":["https:\/\/www.pressenza.com\/es\/2016\/05\/312346\/"]}]},{"@type":"ImageObject","inLanguage":"es","@id":"https:\/\/www.pressenza.com\/es\/2016\/05\/312346\/#primaryimage","url":"https:\/\/www.pressenza.com\/wp-content\/uploads\/2016\/05\/Silvia-EN-LA-OREJA.jpg","contentUrl":"https:\/\/www.pressenza.com\/wp-content\/uploads\/2016\/05\/Silvia-EN-LA-OREJA.jpg","width":1040,"height":720},{"@type":"BreadcrumbList","@id":"https:\/\/www.pressenza.com\/es\/2016\/05\/312346\/#breadcrumb","itemListElement":[{"@type":"ListItem","position":1,"name":"Accueil","item":"https:\/\/www.pressenza.com\/es\/"},{"@type":"ListItem","position":2,"name":"\u00abCorbyn mantiene una coherencia hist\u00f3rica de paz, Noviolencia y antinuclear muy importante\u00bb S. Swinden"}]},{"@type":"WebSite","@id":"https:\/\/www.pressenza.com\/es\/#website","url":"https:\/\/www.pressenza.com\/es\/","name":"Pressenza","description":"International Press Agency","publisher":{"@id":"https:\/\/www.pressenza.com\/es\/#organization"},"potentialAction":[{"@type":"SearchAction","target":{"@type":"EntryPoint","urlTemplate":"https:\/\/www.pressenza.com\/es\/?s={search_term_string}"},"query-input":{"@type":"PropertyValueSpecification","valueRequired":true,"valueName":"search_term_string"}}],"inLanguage":"es"},{"@type":"Organization","@id":"https:\/\/www.pressenza.com\/es\/#organization","name":"Pressenza","url":"https:\/\/www.pressenza.com\/es\/","logo":{"@type":"ImageObject","inLanguage":"es","@id":"https:\/\/www.pressenza.com\/es\/#\/schema\/logo\/image\/","url":"https:\/\/www.pressenza.com\/wp-content\/uploads\/2022\/10\/pressenza_logo_200x200.jpg","contentUrl":"https:\/\/www.pressenza.com\/wp-content\/uploads\/2022\/10\/pressenza_logo_200x200.jpg","width":200,"height":200,"caption":"Pressenza"},"image":{"@id":"https:\/\/www.pressenza.com\/es\/#\/schema\/logo\/image\/"},"sameAs":["https:\/\/www.facebook.com\/PressenzaItalia","https:\/\/x.com\/PressenzaIPA"]},{"@type":"Person","@id":"https:\/\/www.pressenza.com\/es\/#\/schema\/person\/883a735c40665759bcc6fe0c26bcb46f","name":"Redacci\u00f3n Ecuador","description":"News published by the Pressenza bureau in Quito, Ecuador","url":"https:\/\/www.pressenza.com\/es\/author\/redaccion-ecuador\/"}]}},"place":"Quito - Buenos Aires - Londres","original_article_url":"","_links":{"self":[{"href":"https:\/\/www.pressenza.com\/es\/wp-json\/wp\/v2\/posts\/312346","targetHints":{"allow":["GET"]}}],"collection":[{"href":"https:\/\/www.pressenza.com\/es\/wp-json\/wp\/v2\/posts"}],"about":[{"href":"https:\/\/www.pressenza.com\/es\/wp-json\/wp\/v2\/types\/post"}],"author":[{"embeddable":true,"href":"https:\/\/www.pressenza.com\/es\/wp-json\/wp\/v2\/users\/1011"}],"replies":[{"embeddable":true,"href":"https:\/\/www.pressenza.com\/es\/wp-json\/wp\/v2\/comments?post=312346"}],"version-history":[{"count":0,"href":"https:\/\/www.pressenza.com\/es\/wp-json\/wp\/v2\/posts\/312346\/revisions"}],"wp:featuredmedia":[{"embeddable":true,"href":"https:\/\/www.pressenza.com\/es\/wp-json\/wp\/v2\/media\/312358"}],"wp:attachment":[{"href":"https:\/\/www.pressenza.com\/es\/wp-json\/wp\/v2\/media?parent=312346"}],"wp:term":[{"taxonomy":"category","embeddable":true,"href":"https:\/\/www.pressenza.com\/es\/wp-json\/wp\/v2\/categories?post=312346"},{"taxonomy":"post_tag","embeddable":true,"href":"https:\/\/www.pressenza.com\/es\/wp-json\/wp\/v2\/tags?post=312346"}],"curies":[{"name":"wp","href":"https:\/\/api.w.org\/{rel}","templated":true}]}}