{"id":310368,"date":"2016-05-03T23:34:46","date_gmt":"2016-05-03T22:34:46","guid":{"rendered":"http:\/\/www.pressenza.com\/es\/?p=310368"},"modified":"2016-05-03T23:34:46","modified_gmt":"2016-05-03T22:34:46","slug":"violencia-contra-las-periodistas-amenaza-la-libertad-de-expresion","status":"publish","type":"post","link":"https:\/\/www.pressenza.com\/es\/2016\/05\/violencia-contra-las-periodistas-amenaza-la-libertad-de-expresion\/","title":{"rendered":"Violencia contra las periodistas amenaza la libertad de expresi\u00f3n"},"content":{"rendered":"<p><span class=\"postauthor\">Por <a title=\"Art\u00edculos de Tharanga Yakupitiyage\" href=\"http:\/\/www.ipsnoticias.net\/author\/tharanga-yakupitiyage\/\">Tharanga Yakupitiyage<\/a><\/span><\/p>\n<p>Para las periodistas, la violencia y la intimidaci\u00f3n no son solo problemas que aparecen en zonas de conflicto, son una experiencia cotidiana en todas partes del mundo que les impide el correcto desempe\u00f1o de su profesi\u00f3n y atenta contra la libertad de expresi\u00f3n.<span id=\"more-131649\"><\/span><\/p>\n<p>\u201cYa no tienes que estar en zona de conflicto para que te violen\u201d, se lament\u00f3 el \u00faltimo mi\u00e9rcoles de abril la periodista del diario The New York Times, autora de The Taliban Shuffle: Strange Days in Afghanistan and Pakistan (La confusi\u00f3n Talib\u00e1n: D\u00edas extra\u00f1os en Afganist\u00e1n y Pakist\u00e1n), Kim Barker, en el marco del lanzamiento de un nuevo libro que documenta los abusos y el acoso cotidianos que experimentan las reporteras en el ejercicio de su profesi\u00f3n.<\/p>\n<p>Tras escribir un <a href=\"http:\/\/www.nytimes.com\/2011\/02\/20\/opinion\/20barker.html?_r=0\">editorial<\/a> en el que cont\u00f3 su experiencia de acoso sexual en el terreno, Barker relat\u00f3 que una persona que lo coment\u00f3 en Internet la llam\u00f3 \u201cgorda\u201d y \u201cpoco atractiva\u201d y le dijo que \u201cnadie querr\u00eda violarla\u201d.<\/p>\n<p>El <a href=\"https:\/\/www.cpj.org\/es\/\">Comit\u00e9 para la Protecci\u00f3n de Periodistas (CPJ, en ingl\u00e9s)<\/a>, con sede en Nueva York, decidi\u00f3 enfocar la edici\u00f3n de este a\u00f1o de su serie de \u201cAtaques contra la prensa\u201d en el acoso basado en cuestiones de g\u00e9nero, de violencia sexual y de agresi\u00f3n f\u00edsica que sufren las periodistas por las consecuencias que el tema tiene para la libertad de prensa.<\/p>\n<p>\u201cEn sociedades en las que las mujeres tienen que luchar por tener el control sobre sus propios cuerpos, tienen que luchar para reafirmar sus derechos en el espacio p\u00fablico, ser una periodista es casi una forma de activismo\u201d, explic\u00f3 la reportera de televisi\u00f3n egipcia Rawya Rageh, en el lanzamiento del libro.<\/p>\n<p>La mayor parte del abuso se da en Internet, donde los agresores se esconden detr\u00e1s del anonimato del espacio para comentarios.<\/p>\n<p>Seg\u00fan el Centro de Investigaci\u00f3n Pew, <a href=\"http:\/\/www.pewinternet.org\/files\/2014\/10\/PI_OnlineHarassment_72815.pdf\">40 por ciento<\/a> de los usuarios de Internet han experimentado alg\u00fan tipo de acoso en ese espacio. Los hombres tambi\u00e9n soportan agresiones, pero el abuso hacia las mujeres tiende a ser m\u00e1s severo, incluso el acoso sexual y las amenazas de violencia.<\/p>\n<p>Por ejemplo, una periodista <a href=\"http:\/\/www.iwmf.org\/intimidation-threats-and-abuse\/\">inform\u00f3<\/a> a la <a href=\"https:\/\/www.iwmf.org\/\">Fundaci\u00f3n Internacional de Medios de Comunicaci\u00f3n de Mujeres<\/a> (IWMF) que un trol la hab\u00eda amenazado con \u201ccazar su carne humana\u201d.<\/p>\n<p>Alessandria Masi, corresponsal del International Business Times en Medio Oriente, <a href=\"https:\/\/cpj.org\/2016\/04\/attacks-on-the-press-my-islamic-state-social-network.php\">record\u00f3<\/a> los comentarios que recibi\u00f3 por un ensayo en un libro de CPJ: \u201cMe agredi\u00f3 el Ej\u00e9rcito Electr\u00f3nico Sirio por escribir un art\u00edculo que criticaba al presidente Bashar al Assad y me pregunt\u00f3 con cu\u00e1ntas personas hab\u00eda tenido que mantener relaciones sexuales para que me lo publicaran\u201d.<\/p>\n<p>El abuso en Internet es un s\u00edntoma del arraigado sexismo que est\u00e1 generalizado, coincidieron muchas de las participantes.<\/p>\n<p>La profesora de derecho de la Universidad de Maryland y autora de \u201cHate Crimes in Cyberspace\u201d (Cr\u00edmenes de odio en el ciberespacio), Danielle Keats Citron, <a href=\"http:\/\/digitalcommons.law.umaryland.edu\/cgi\/viewcontent.cgi?article=1687&amp;context=fac_pubs\">se\u00f1al\u00f3<\/a> que el acoso por cuestiones de g\u00e9nero \u201crefuerza los estereotipos de g\u00e9nero\u201d, que percibe a los hombres como dominantes en el \u00e1mbito laboral, mientras que las mujeres son objetos sexuales que no tienen lugar en los espacios de Internet.<\/p>\n<p>Pero las amenazas no se quedan en Internet, tambi\u00e9n se manifiestan en el mundo real.<\/p>\n<p>La subeditora del diario colombiano El Tiempo<em>, <\/em>Jineth Bedoya Lima fue secuestrada y violada en 2000 tras destapar una red clandestina de tr\u00e1fico de armas en el pa\u00eds.<\/p>\n<p>En 2012, tras escribir sobre los peligros de la mutilaci\u00f3n genital femenina, la periodista liberiana Mae Azongo, <a href=\"https:\/\/cpj.org\/2012\/03\/cpj-urges-liberia-to-protect-threatened-journalist.php\">recibi\u00f3<\/a> amenazas de muerte, incluso le dijeron que la agarrar\u00edan y la cortar\u00edan si no \u201cse callaba\u201d; tuvo que pasar a la clandestinidad con su hija de nueve a\u00f1os.<\/p>\n<p>Un a\u00f1o despu\u00e9s, la periodista libia Jawlija al-Amami recibi\u00f3 un disparo de un hombre que se acerc\u00f3 a su autom\u00f3vil. Si bien sobrevivi\u00f3, luego recibi\u00f3 un mensaje de texto amenaz\u00e1ndola con que morir\u00eda si no \u201cdejaba el periodismo\u201d.<\/p>\n<p>Los y las periodistas lesbianas, gays, bisexuales y transg\u00e9nero (LGBT) soportan peligros similares, a\u00f1adi\u00f3 CPJ.<\/p>\n<p>Este a\u00f1o, Xulhaz Mannan, editor de una revista sobre cuestiones LGBT de Bangladesh, fue atacado hasta morir en su propia casa.<\/p>\n<p>Pero muchas v\u00edctimas de acoso y abusos no denuncian las agresiones.<\/p>\n<p>\u201cEra como uno de esos sucios secretitos de los que no hablas porque tienes que simular que eres una m\u00e1s entre los hombres\u201d, explic\u00f3 Barker; y se refiri\u00f3 al caso de Lara Logan como uno de los puntos de inflexi\u00f3n.<\/p>\n<p>Mientas cubr\u00eda la revuelta en Egipto\u00a0para la cadena estadounidense CBS, en el marco de la Primavera \u00c1rabe en febrero de 2011, Logan fue atacada y violada por un grupo de hombres. Durante una entrevista para el programa de televisi\u00f3n \u201c60 minutos\u201d, relat\u00f3 c\u00f3mo la separaron de sus compa\u00f1eros, le arrancaron la ropa, la golpearon con palos y la violaron.<\/p>\n<p>Cuando le preguntaron por qu\u00e9 decidi\u00f3 hablar p\u00fablicamente, Logan <a href=\"http:\/\/www.cbsnews.com\/news\/lara-logan-breaks-silence-on-cairo-assault\/4\/\">dijo<\/a> que quer\u00eda romper el silencio \u201csobre algo que todas hemos experimentado, pero sobre lo que nunca hablamos\u201d.<\/p>\n<p>Una de las razones por las cuales muchos y muchas periodistas no denuncian es porque temen no poder seguir trabajando por su orientaci\u00f3n sexual o de g\u00e9nero.<\/p>\n<p>\u201cEs una trampa\u201d, subray\u00f3 Rageh a los participantes. \u201cNo quiero reforzar esa idea de que qui\u00e9n soy o qu\u00e9 soy limitar\u00e1 mi capacidad para cubrir una historia, pero por supuesto que hay un asunto que atender\u201d, prosigui\u00f3.<\/p>\n<p>La vicepresidenta de CPJ y editora ejecutiva de Associated Press (AP), Kathleen Carroll, dijo que hace tiempo que la amenaza de la violencia sexual mantiene a las mujeres fuera del periodismo. Pero hay formas de hacer frente a las amenazas que no implican que se excluyan, opin\u00f3.<\/p>\n<p>Carroll <a href=\"https:\/\/cpj.org\/2016\/04\/attacks-on-the-press-compassion-strength-hugs.php\">se\u00f1al\u00f3<\/a> que hay que proporcionar a las periodistas y tambi\u00e9n a los hombres buenas herramientas y capacitaci\u00f3n. IWMF <a href=\"https:\/\/cpj.org\/2016\/04\/attacks-on-the-press-preparing-for-the-worst.php\">cre\u00f3<\/a> una formaci\u00f3n en seguridad con un perfil de g\u00e9nero espec\u00edfico para preparar a las mujeres para ambientes hostiles. Eso incluye escenarios de dramatizaci\u00f3n, evaluaci\u00f3n de riesgos y planes de comunicaci\u00f3n.<\/p>\n<p>Tambi\u00e9n se necesitan l\u00edderes efectivos, informados y comprensivos en las agencias de noticias para ayudar al personal a minimizar los riesgos, a\u00f1adi\u00f3 Carroll.<\/p>\n<p>Las panelistas coincidieron en la urgencia de que haya una reforma por la necesidad de mujeres en el terreno.<\/p>\n<p>\u201cCuantas m\u00e1s mujeres hayan cubriendo esas historias, m\u00e1s se hablar\u00e1 de ellas\u201d, apunt\u00f3 Barker.<\/p>\n<p>En un <a href=\"https:\/\/cpj.org\/es\/2016\/04\/ataques-a-la-prensa-la-tristeza-del-25-de-mayo.php\">art\u00edculo<\/a>, Lima reflexion\u00f3 sobre la importancia de la voz femenina: \u201cnuestras palabras, nuestras letras, nuestra voluntad pueden prevenir que se vulnere la libertad de expresi\u00f3n, que se viole a m\u00e1s mujeres, que se silencie a quienes son la voz de otros. Nuestras palabras pueden avivar una lucha o sepultar por siempre el cambio\u201d.<\/p>\n<p><em>Traducido por Ver\u00f3nica Firme<\/em><\/p>\n","protected":false},"excerpt":{"rendered":"<p>Por Tharanga Yakupitiyage Para las periodistas, la violencia y la intimidaci\u00f3n no son solo problemas que aparecen en zonas de conflicto, son una experiencia cotidiana en todas partes del mundo que les impide el correcto desempe\u00f1o de su profesi\u00f3n y&hellip;<\/p>\n","protected":false},"author":347,"featured_media":310370,"comment_status":"closed","ping_status":"closed","sticky":false,"template":"","format":"standard","meta":{"footnotes":""},"categories":[75,39],"tags":[503,15108,645,1025],"class_list":["post-310368","post","type-post","status-publish","format-standard","has-post-thumbnail","hentry","category-cultura-es","category-internacional","tag-genero","tag-lgbt-es","tag-libertad-de-expresion","tag-mujeres"],"yoast_head":"<!-- This site is optimized with the Yoast SEO plugin v27.1.1 - https:\/\/yoast.com\/product\/yoast-seo-wordpress\/ -->\n<title>Violencia contra las periodistas amenaza la libertad de expresi\u00f3n<\/title>\n<meta name=\"description\" content=\"Por Tharanga Yakupitiyage Para las periodistas, la violencia y la intimidaci\u00f3n no son solo problemas que aparecen en zonas de conflicto, son una\" \/>\n<meta name=\"robots\" content=\"index, follow, max-snippet:-1, max-image-preview:large, max-video-preview:-1\" \/>\n<link rel=\"canonical\" href=\"https:\/\/www.pressenza.com\/es\/2016\/05\/violencia-contra-las-periodistas-amenaza-la-libertad-de-expresion\/\" \/>\n<meta property=\"og:locale\" content=\"es_ES\" \/>\n<meta property=\"og:type\" content=\"article\" \/>\n<meta property=\"og:title\" content=\"Violencia contra las periodistas amenaza la libertad de expresi\u00f3n\" \/>\n<meta property=\"og:description\" content=\"Por Tharanga Yakupitiyage Para las periodistas, la violencia y la intimidaci\u00f3n no son solo problemas que aparecen en zonas de conflicto, son una\" \/>\n<meta property=\"og:url\" content=\"https:\/\/www.pressenza.com\/es\/2016\/05\/violencia-contra-las-periodistas-amenaza-la-libertad-de-expresion\/\" \/>\n<meta property=\"og:site_name\" content=\"Pressenza\" \/>\n<meta property=\"article:publisher\" content=\"https:\/\/www.facebook.com\/PressenzaItalia\" \/>\n<meta property=\"article:author\" content=\"http:\/\/www.facebook.com\/ipsnoticias\" \/>\n<meta property=\"article:published_time\" content=\"2016-05-03T22:34:46+00:00\" \/>\n<meta property=\"og:image\" content=\"https:\/\/www.pressenza.com\/wp-content\/uploads\/2016\/05\/radio_india-629x420.jpg\" \/>\n\t<meta property=\"og:image:width\" content=\"629\" \/>\n\t<meta property=\"og:image:height\" content=\"420\" \/>\n\t<meta property=\"og:image:type\" content=\"image\/jpeg\" \/>\n<meta name=\"author\" content=\"Inter Press Service\" \/>\n<meta name=\"twitter:card\" content=\"summary_large_image\" \/>\n<meta name=\"twitter:creator\" content=\"@ipsnoticias\" \/>\n<meta name=\"twitter:site\" content=\"@PressenzaIPA\" \/>\n<meta name=\"twitter:label1\" content=\"Escrito por\" \/>\n\t<meta name=\"twitter:data1\" content=\"Inter Press Service\" \/>\n\t<meta name=\"twitter:label2\" content=\"Tiempo de lectura\" \/>\n\t<meta name=\"twitter:data2\" content=\"6 minutos\" \/>\n<script type=\"application\/ld+json\" class=\"yoast-schema-graph\">{\"@context\":\"https:\/\/schema.org\",\"@graph\":[{\"@type\":\"Article\",\"@id\":\"https:\/\/www.pressenza.com\/es\/2016\/05\/violencia-contra-las-periodistas-amenaza-la-libertad-de-expresion\/#article\",\"isPartOf\":{\"@id\":\"https:\/\/www.pressenza.com\/es\/2016\/05\/violencia-contra-las-periodistas-amenaza-la-libertad-de-expresion\/\"},\"author\":{\"name\":\"Inter Press Service\",\"@id\":\"https:\/\/www.pressenza.com\/es\/#\/schema\/person\/7467f88f6765c239bdd52f3c432de81a\"},\"headline\":\"Violencia contra las periodistas amenaza la libertad de expresi\u00f3n\",\"datePublished\":\"2016-05-03T22:34:46+00:00\",\"mainEntityOfPage\":{\"@id\":\"https:\/\/www.pressenza.com\/es\/2016\/05\/violencia-contra-las-periodistas-amenaza-la-libertad-de-expresion\/\"},\"wordCount\":1178,\"publisher\":{\"@id\":\"https:\/\/www.pressenza.com\/es\/#organization\"},\"image\":{\"@id\":\"https:\/\/www.pressenza.com\/es\/2016\/05\/violencia-contra-las-periodistas-amenaza-la-libertad-de-expresion\/#primaryimage\"},\"thumbnailUrl\":\"https:\/\/www.pressenza.com\/wp-content\/uploads\/2016\/05\/radio_india-629x420.jpg\",\"keywords\":[\"G\u00e9nero\",\"LGBT\",\"Libertad de expresi\u00f3n\",\"Mujeres\"],\"articleSection\":[\"Cultura y Medios\",\"Internacional\"],\"inLanguage\":\"es\"},{\"@type\":\"WebPage\",\"@id\":\"https:\/\/www.pressenza.com\/es\/2016\/05\/violencia-contra-las-periodistas-amenaza-la-libertad-de-expresion\/\",\"url\":\"https:\/\/www.pressenza.com\/es\/2016\/05\/violencia-contra-las-periodistas-amenaza-la-libertad-de-expresion\/\",\"name\":\"Violencia contra las periodistas amenaza la libertad de expresi\u00f3n\",\"isPartOf\":{\"@id\":\"https:\/\/www.pressenza.com\/es\/#website\"},\"primaryImageOfPage\":{\"@id\":\"https:\/\/www.pressenza.com\/es\/2016\/05\/violencia-contra-las-periodistas-amenaza-la-libertad-de-expresion\/#primaryimage\"},\"image\":{\"@id\":\"https:\/\/www.pressenza.com\/es\/2016\/05\/violencia-contra-las-periodistas-amenaza-la-libertad-de-expresion\/#primaryimage\"},\"thumbnailUrl\":\"https:\/\/www.pressenza.com\/wp-content\/uploads\/2016\/05\/radio_india-629x420.jpg\",\"datePublished\":\"2016-05-03T22:34:46+00:00\",\"description\":\"Por Tharanga Yakupitiyage Para las periodistas, la violencia y la intimidaci\u00f3n no son solo problemas que aparecen en zonas de conflicto, son una\",\"breadcrumb\":{\"@id\":\"https:\/\/www.pressenza.com\/es\/2016\/05\/violencia-contra-las-periodistas-amenaza-la-libertad-de-expresion\/#breadcrumb\"},\"inLanguage\":\"es\",\"potentialAction\":[{\"@type\":\"ReadAction\",\"target\":[\"https:\/\/www.pressenza.com\/es\/2016\/05\/violencia-contra-las-periodistas-amenaza-la-libertad-de-expresion\/\"]}]},{\"@type\":\"ImageObject\",\"inLanguage\":\"es\",\"@id\":\"https:\/\/www.pressenza.com\/es\/2016\/05\/violencia-contra-las-periodistas-amenaza-la-libertad-de-expresion\/#primaryimage\",\"url\":\"https:\/\/www.pressenza.com\/wp-content\/uploads\/2016\/05\/radio_india-629x420.jpg\",\"contentUrl\":\"https:\/\/www.pressenza.com\/wp-content\/uploads\/2016\/05\/radio_india-629x420.jpg\",\"width\":629,\"height\":420},{\"@type\":\"BreadcrumbList\",\"@id\":\"https:\/\/www.pressenza.com\/es\/2016\/05\/violencia-contra-las-periodistas-amenaza-la-libertad-de-expresion\/#breadcrumb\",\"itemListElement\":[{\"@type\":\"ListItem\",\"position\":1,\"name\":\"Accueil\",\"item\":\"https:\/\/www.pressenza.com\/es\/\"},{\"@type\":\"ListItem\",\"position\":2,\"name\":\"Violencia contra las periodistas amenaza la libertad de expresi\u00f3n\"}]},{\"@type\":\"WebSite\",\"@id\":\"https:\/\/www.pressenza.com\/es\/#website\",\"url\":\"https:\/\/www.pressenza.com\/es\/\",\"name\":\"Pressenza\",\"description\":\"International Press Agency\",\"publisher\":{\"@id\":\"https:\/\/www.pressenza.com\/es\/#organization\"},\"potentialAction\":[{\"@type\":\"SearchAction\",\"target\":{\"@type\":\"EntryPoint\",\"urlTemplate\":\"https:\/\/www.pressenza.com\/es\/?s={search_term_string}\"},\"query-input\":{\"@type\":\"PropertyValueSpecification\",\"valueRequired\":true,\"valueName\":\"search_term_string\"}}],\"inLanguage\":\"es\"},{\"@type\":\"Organization\",\"@id\":\"https:\/\/www.pressenza.com\/es\/#organization\",\"name\":\"Pressenza\",\"url\":\"https:\/\/www.pressenza.com\/es\/\",\"logo\":{\"@type\":\"ImageObject\",\"inLanguage\":\"es\",\"@id\":\"https:\/\/www.pressenza.com\/es\/#\/schema\/logo\/image\/\",\"url\":\"https:\/\/www.pressenza.com\/wp-content\/uploads\/2022\/10\/pressenza_logo_200x200.jpg\",\"contentUrl\":\"https:\/\/www.pressenza.com\/wp-content\/uploads\/2022\/10\/pressenza_logo_200x200.jpg\",\"width\":200,\"height\":200,\"caption\":\"Pressenza\"},\"image\":{\"@id\":\"https:\/\/www.pressenza.com\/es\/#\/schema\/logo\/image\/\"},\"sameAs\":[\"https:\/\/www.facebook.com\/PressenzaItalia\",\"https:\/\/x.com\/PressenzaIPA\"]},{\"@type\":\"Person\",\"@id\":\"https:\/\/www.pressenza.com\/es\/#\/schema\/person\/7467f88f6765c239bdd52f3c432de81a\",\"name\":\"Inter Press Service\",\"description\":\"IPS is an international communications institution at the heart of a global news agency that amplifies the voices of the South and civil society on development, globalisation, human rights and the environment. www.ipsnews.net\",\"sameAs\":[\"http:\/\/www.facebook.com\/ipsnoticias\",\"https:\/\/x.com\/ipsnoticias\"],\"url\":\"https:\/\/www.pressenza.com\/es\/author\/ips-inter-press-service\/\"}]}<\/script>\n<!-- \/ Yoast SEO plugin. -->","yoast_head_json":{"title":"Violencia contra las periodistas amenaza la libertad de expresi\u00f3n","description":"Por Tharanga Yakupitiyage Para las periodistas, la violencia y la intimidaci\u00f3n no son solo problemas que aparecen en zonas de conflicto, son una","robots":{"index":"index","follow":"follow","max-snippet":"max-snippet:-1","max-image-preview":"max-image-preview:large","max-video-preview":"max-video-preview:-1"},"canonical":"https:\/\/www.pressenza.com\/es\/2016\/05\/violencia-contra-las-periodistas-amenaza-la-libertad-de-expresion\/","og_locale":"es_ES","og_type":"article","og_title":"Violencia contra las periodistas amenaza la libertad de expresi\u00f3n","og_description":"Por Tharanga Yakupitiyage Para las periodistas, la violencia y la intimidaci\u00f3n no son solo problemas que aparecen en zonas de conflicto, son una","og_url":"https:\/\/www.pressenza.com\/es\/2016\/05\/violencia-contra-las-periodistas-amenaza-la-libertad-de-expresion\/","og_site_name":"Pressenza","article_publisher":"https:\/\/www.facebook.com\/PressenzaItalia","article_author":"http:\/\/www.facebook.com\/ipsnoticias","article_published_time":"2016-05-03T22:34:46+00:00","og_image":[{"width":629,"height":420,"url":"https:\/\/www.pressenza.com\/wp-content\/uploads\/2016\/05\/radio_india-629x420.jpg","type":"image\/jpeg"}],"author":"Inter Press Service","twitter_card":"summary_large_image","twitter_creator":"@ipsnoticias","twitter_site":"@PressenzaIPA","twitter_misc":{"Escrito por":"Inter Press Service","Tiempo de lectura":"6 minutos"},"schema":{"@context":"https:\/\/schema.org","@graph":[{"@type":"Article","@id":"https:\/\/www.pressenza.com\/es\/2016\/05\/violencia-contra-las-periodistas-amenaza-la-libertad-de-expresion\/#article","isPartOf":{"@id":"https:\/\/www.pressenza.com\/es\/2016\/05\/violencia-contra-las-periodistas-amenaza-la-libertad-de-expresion\/"},"author":{"name":"Inter Press Service","@id":"https:\/\/www.pressenza.com\/es\/#\/schema\/person\/7467f88f6765c239bdd52f3c432de81a"},"headline":"Violencia contra las periodistas amenaza la libertad de expresi\u00f3n","datePublished":"2016-05-03T22:34:46+00:00","mainEntityOfPage":{"@id":"https:\/\/www.pressenza.com\/es\/2016\/05\/violencia-contra-las-periodistas-amenaza-la-libertad-de-expresion\/"},"wordCount":1178,"publisher":{"@id":"https:\/\/www.pressenza.com\/es\/#organization"},"image":{"@id":"https:\/\/www.pressenza.com\/es\/2016\/05\/violencia-contra-las-periodistas-amenaza-la-libertad-de-expresion\/#primaryimage"},"thumbnailUrl":"https:\/\/www.pressenza.com\/wp-content\/uploads\/2016\/05\/radio_india-629x420.jpg","keywords":["G\u00e9nero","LGBT","Libertad de expresi\u00f3n","Mujeres"],"articleSection":["Cultura y Medios","Internacional"],"inLanguage":"es"},{"@type":"WebPage","@id":"https:\/\/www.pressenza.com\/es\/2016\/05\/violencia-contra-las-periodistas-amenaza-la-libertad-de-expresion\/","url":"https:\/\/www.pressenza.com\/es\/2016\/05\/violencia-contra-las-periodistas-amenaza-la-libertad-de-expresion\/","name":"Violencia contra las periodistas amenaza la libertad de expresi\u00f3n","isPartOf":{"@id":"https:\/\/www.pressenza.com\/es\/#website"},"primaryImageOfPage":{"@id":"https:\/\/www.pressenza.com\/es\/2016\/05\/violencia-contra-las-periodistas-amenaza-la-libertad-de-expresion\/#primaryimage"},"image":{"@id":"https:\/\/www.pressenza.com\/es\/2016\/05\/violencia-contra-las-periodistas-amenaza-la-libertad-de-expresion\/#primaryimage"},"thumbnailUrl":"https:\/\/www.pressenza.com\/wp-content\/uploads\/2016\/05\/radio_india-629x420.jpg","datePublished":"2016-05-03T22:34:46+00:00","description":"Por Tharanga Yakupitiyage Para las periodistas, la violencia y la intimidaci\u00f3n no son solo problemas que aparecen en zonas de conflicto, son una","breadcrumb":{"@id":"https:\/\/www.pressenza.com\/es\/2016\/05\/violencia-contra-las-periodistas-amenaza-la-libertad-de-expresion\/#breadcrumb"},"inLanguage":"es","potentialAction":[{"@type":"ReadAction","target":["https:\/\/www.pressenza.com\/es\/2016\/05\/violencia-contra-las-periodistas-amenaza-la-libertad-de-expresion\/"]}]},{"@type":"ImageObject","inLanguage":"es","@id":"https:\/\/www.pressenza.com\/es\/2016\/05\/violencia-contra-las-periodistas-amenaza-la-libertad-de-expresion\/#primaryimage","url":"https:\/\/www.pressenza.com\/wp-content\/uploads\/2016\/05\/radio_india-629x420.jpg","contentUrl":"https:\/\/www.pressenza.com\/wp-content\/uploads\/2016\/05\/radio_india-629x420.jpg","width":629,"height":420},{"@type":"BreadcrumbList","@id":"https:\/\/www.pressenza.com\/es\/2016\/05\/violencia-contra-las-periodistas-amenaza-la-libertad-de-expresion\/#breadcrumb","itemListElement":[{"@type":"ListItem","position":1,"name":"Accueil","item":"https:\/\/www.pressenza.com\/es\/"},{"@type":"ListItem","position":2,"name":"Violencia contra las periodistas amenaza la libertad de expresi\u00f3n"}]},{"@type":"WebSite","@id":"https:\/\/www.pressenza.com\/es\/#website","url":"https:\/\/www.pressenza.com\/es\/","name":"Pressenza","description":"International Press Agency","publisher":{"@id":"https:\/\/www.pressenza.com\/es\/#organization"},"potentialAction":[{"@type":"SearchAction","target":{"@type":"EntryPoint","urlTemplate":"https:\/\/www.pressenza.com\/es\/?s={search_term_string}"},"query-input":{"@type":"PropertyValueSpecification","valueRequired":true,"valueName":"search_term_string"}}],"inLanguage":"es"},{"@type":"Organization","@id":"https:\/\/www.pressenza.com\/es\/#organization","name":"Pressenza","url":"https:\/\/www.pressenza.com\/es\/","logo":{"@type":"ImageObject","inLanguage":"es","@id":"https:\/\/www.pressenza.com\/es\/#\/schema\/logo\/image\/","url":"https:\/\/www.pressenza.com\/wp-content\/uploads\/2022\/10\/pressenza_logo_200x200.jpg","contentUrl":"https:\/\/www.pressenza.com\/wp-content\/uploads\/2022\/10\/pressenza_logo_200x200.jpg","width":200,"height":200,"caption":"Pressenza"},"image":{"@id":"https:\/\/www.pressenza.com\/es\/#\/schema\/logo\/image\/"},"sameAs":["https:\/\/www.facebook.com\/PressenzaItalia","https:\/\/x.com\/PressenzaIPA"]},{"@type":"Person","@id":"https:\/\/www.pressenza.com\/es\/#\/schema\/person\/7467f88f6765c239bdd52f3c432de81a","name":"Inter Press Service","description":"IPS is an international communications institution at the heart of a global news agency that amplifies the voices of the South and civil society on development, globalisation, human rights and the environment. www.ipsnews.net","sameAs":["http:\/\/www.facebook.com\/ipsnoticias","https:\/\/x.com\/ipsnoticias"],"url":"https:\/\/www.pressenza.com\/es\/author\/ips-inter-press-service\/"}]}},"place":"Nueva York, Estados Unidos","original_article_url":"http:\/\/www.ipsnoticias.net\/2016\/04\/violencia-contra-las-periodistas-amenaza-la-libertad-de-expresion\/","_links":{"self":[{"href":"https:\/\/www.pressenza.com\/es\/wp-json\/wp\/v2\/posts\/310368","targetHints":{"allow":["GET"]}}],"collection":[{"href":"https:\/\/www.pressenza.com\/es\/wp-json\/wp\/v2\/posts"}],"about":[{"href":"https:\/\/www.pressenza.com\/es\/wp-json\/wp\/v2\/types\/post"}],"author":[{"embeddable":true,"href":"https:\/\/www.pressenza.com\/es\/wp-json\/wp\/v2\/users\/347"}],"replies":[{"embeddable":true,"href":"https:\/\/www.pressenza.com\/es\/wp-json\/wp\/v2\/comments?post=310368"}],"version-history":[{"count":0,"href":"https:\/\/www.pressenza.com\/es\/wp-json\/wp\/v2\/posts\/310368\/revisions"}],"wp:featuredmedia":[{"embeddable":true,"href":"https:\/\/www.pressenza.com\/es\/wp-json\/wp\/v2\/media\/310370"}],"wp:attachment":[{"href":"https:\/\/www.pressenza.com\/es\/wp-json\/wp\/v2\/media?parent=310368"}],"wp:term":[{"taxonomy":"category","embeddable":true,"href":"https:\/\/www.pressenza.com\/es\/wp-json\/wp\/v2\/categories?post=310368"},{"taxonomy":"post_tag","embeddable":true,"href":"https:\/\/www.pressenza.com\/es\/wp-json\/wp\/v2\/tags?post=310368"}],"curies":[{"name":"wp","href":"https:\/\/api.w.org\/{rel}","templated":true}]}}