{"id":309587,"date":"2016-05-02T01:47:23","date_gmt":"2016-05-02T00:47:23","guid":{"rendered":"http:\/\/www.pressenza.com\/es\/?p=309587"},"modified":"2016-05-02T01:47:57","modified_gmt":"2016-05-02T00:47:57","slug":"309587","status":"publish","type":"post","link":"https:\/\/www.pressenza.com\/es\/2016\/05\/309587\/","title":{"rendered":"Dirigentes ind\u00edgenas piden protecci\u00f3n jur\u00eddica"},"content":{"rendered":"<p><strong>Pampa del Indio, Chaco. Judicializaci\u00f3n de la manifestaci\u00f3n social.<\/strong><\/p>\n<p><strong>Dirigentes ind\u00edgenas: \u00abSolicitamos el desproceso final de todos, buscar una manera de protecci\u00f3n jur\u00eddica para los pueblos ind\u00edgenas\u00bb<\/strong><\/p>\n<p><em>Por Agencia Period\u00edstica Timb\u00f3<\/em><\/p>\n<p>El martes 26 de abril alrededor de 70 luchadores ind\u00edgenas de Pampa del Indio, Chaco, con causas judiciales en curso se reunieron con la Comisi\u00f3n de Derechos Humanos de la Legislatura de la Provincia en Resistencia. El encuentro, pautado a partir de una nota presentada el 19 de abril por las organizaciones sociales, se desarroll\u00f3 a partir de las 17 con la presencia de los afectados y de los diputados de la Comisi\u00f3n, pero con la ausencia de los funcionarios del Poder Ejecutivo y del Poder Judicial citados.<\/p>\n<p>El presidente de la Comisi\u00f3n, diputado Orlando Charole, en la introducci\u00f3n a la reuni\u00f3n lament\u00f3 la ausencia del Procurador General, Dr. Jorge Canteros, del Ministro de Seguridad, Dr. Mart\u00edn Nievas, y del intendente de Pampa del Indio, Gustavo Karasiuk, invitados que podr\u00edan haber brindado una imagen panor\u00e1mica del conflicto a tratar. A su vez, dijo: \u201c<em>En las causas que a\u00fan est\u00e1n en curso en General San Mart\u00edn hay aproximadamente cerca de 70 citados, imputados, procesados. De manera que tenemos 70 hermanos ind\u00edgenas, creo que podemos utilizar la palabra, perseguidos. Porque el origen de todos estos procesamientos es por reclamo de agua, por reclamo de tierra, vivienda, comida. Entonces por cortar una ruta los barrieron, los procesaron y est\u00e1n al borde de un Juicio Oral para condenar, con todo el filo del C\u00f3digo Penal, a gente realmente humilde. En la Comisi\u00f3n de Derechos Humanos estamos preocupados. En funci\u00f3n de eso hemos citado a estos funcionarios que este d\u00eda no se presentaron\u201d.<\/em><\/p>\n<p>Sin embargo, se encontraban en el recinto las diputadas y diputados Mariana Salom, Carlos Mart\u00ednez, Ra\u00fal Acosta y Roberto Bracone y el Subsecretario de Protecci\u00f3n de Derechos Humanos N\u00e9stor Omar Sotelo. Adem\u00e1s se cont\u00f3 con el Director Nacional de Pol\u00edticas Contra la Violencia Institucional, Mat\u00edas Garrido, el Director Nacional de Pluralismo e Interculturalidad, Julio Croci, el Director Nacional de Pol\u00edticas Integrales de Diversidad Sexual, Diego Borisonik y el Coordinador para el NEA del Consejo Federal de Derechos Humanos de la Naci\u00f3n, Esteban D\u00edaz, que tambi\u00e9n escucharon los testimonios de los dirigentes y miembros de las comunidades qom judicializados.<\/p>\n<p><img loading=\"lazy\" decoding=\"async\" class=\"alignnone size-large wp-image-309595\" src=\"http:\/\/www.pressenza.com\/wp-content\/uploads\/2016\/05\/chaco-Timbo\u03015-720x483.jpg\" alt=\"chaco Timbo\u03015\" width=\"720\" height=\"483\" srcset=\"https:\/\/www.pressenza.com\/wp-content\/uploads\/2016\/05\/chaco-Timbo\u03015-720x483.jpg 720w, https:\/\/www.pressenza.com\/wp-content\/uploads\/2016\/05\/chaco-Timbo\u03015-300x201.jpg 300w, https:\/\/www.pressenza.com\/wp-content\/uploads\/2016\/05\/chaco-Timbo\u03015-768x516.jpg 768w, https:\/\/www.pressenza.com\/wp-content\/uploads\/2016\/05\/chaco-Timbo\u03015.jpg 2048w\" sizes=\"auto, (max-width: 720px) 100vw, 720px\" \/><\/p>\n<p><strong>Testimonios: Despu\u00e9s de la represi\u00f3n, la judicializaci\u00f3n<\/strong><\/p>\n<p>En primer lugar, tom\u00f3 la palabra Sixto Berd\u00fan y relat\u00f3 detalladamente la lucha de su familia por 130 hect\u00e1reas en las que viven desde hace m\u00e1s de 60 a\u00f1os. En el 2010, luego de varios conflictos con una se\u00f1ora que reclama la tierra esgrimiendo un t\u00edtulo de propiedad, intentaron desalojarlos en dos oportunidades. Posteriormente los judicializaron y los encerraron durante 10 d\u00edas. Tras la lucha de las organizaciones ind\u00edgenas se logr\u00f3 la Ley de Expropiaci\u00f3n de una parte de la tierra y la liberaci\u00f3n de los hermanos. Sin embargo, sigue su curso una causa penal por usurpaci\u00f3n, coacci\u00f3n agravada por el uso de armas, entre otras cosas, contra los hermanos y cinco personas que estuvieron el d\u00eda del desalojo.<\/p>\n<p><em>\u201cSon 130 hect\u00e1reas y salieron 82. Y ahora, como estoy ac\u00e1, sigo reclamando el pedazo de tierra que falta, porque nosotros siempre ocupamos esa tierra. En ese momento estaba vigente la Ley N\u00b0 26.160 que dice que no se pueden hacer desalojos, pero igual se hizo. Estamos preocupados por nuestra causa, queremos que se cierre. Porque nosotros no nos fuimos a robar, no fuimos a matar, \u00bfc\u00f3mo puede ser que me metan preso por una tierra que es nuestra?<\/em>\u201d, enfatiz\u00f3 Berd\u00fan.<\/p>\n<p>Por su parte, V\u00edctor G\u00f3mez, presidente de la Federaci\u00f3n Nacional Campesina, explic\u00f3: <em>\u201cDesde el 2000 que nosotros ven\u00edamos luchando por el tema del agua, comida, producciones. Porque nosotros no queremos emigrar a otra provincia, porque tenemos hijos, nietos. Yo tengo 6 causas en General San Mart\u00edn por cortar la ruta. Sabemos que no es lindo estar cortando la ruta, pero el gobierno no responde, responde la represi\u00f3n a las comunidades ind\u00edgenas\u201d.<\/em><\/p>\n<p><img loading=\"lazy\" decoding=\"async\" class=\"alignnone size-large wp-image-309616\" src=\"http:\/\/www.pressenza.com\/wp-content\/uploads\/2016\/05\/chaco-Timbo\u0301-720x540.jpg\" alt=\"chaco Timbo\u0301\" width=\"720\" height=\"540\" srcset=\"https:\/\/www.pressenza.com\/wp-content\/uploads\/2016\/05\/chaco-Timbo\u0301.jpg 720w, https:\/\/www.pressenza.com\/wp-content\/uploads\/2016\/05\/chaco-Timbo\u0301-300x225.jpg 300w\" sizes=\"auto, (max-width: 720px) 100vw, 720px\" \/><\/p>\n<p>El 19 de febrero de 2014 la comunidad que se encontraba cortando la ruta provincial N\u00b0 3 en reclamo por la falta de agua fue duramente reprimida. <em>\u201cDispararon balas de goma y tiraron gas. Fuimos a la vera del camino, igual nos persegu\u00eda la polic\u00eda\u201d<\/em>, cont\u00f3 G\u00f3mez y agreg\u00f3: <em>\u201cEl fiscal arma causas, el fiscal Sorabella es enemigo n\u00famero uno para los ind\u00edgenas. Cuando entr\u00f3 Bacileff Ivanoff mand\u00f3 a la polic\u00eda, menos mal que no hubo muertos, porque est\u00e1bamos reclamando agua, comida. Y hoy tengo 6 causas. La esperanza era que hoy, si vienen el Procurador General y el Ministro, \u00edbamos a tener novedad. Tenemos que volver con novedades\u201d.<\/em><\/p>\n<p>Los testimonios continuaron refiri\u00e9ndose a otra manifestaci\u00f3n del Pueblo Qom en Pampa del Indio, esta vez el 11 de julio de 2012, en reclamo al cumplimiento de los derechos al alimento, agua y trabajo, que tambi\u00e9n fue atacada violentamente. Tambi\u00e9n hubo represi\u00f3n policial, detenciones y judicializaci\u00f3n. Napole\u00f3n Tom\u00e1s inform\u00f3: <em>\u201cYo fui uno de los detenidos en ese momento, incomunicado por varias horas. Ac\u00e1 me acompa\u00f1a el t\u00edo Pe\u00f1aloza que sufri\u00f3 la parte de malos tratos y Sim\u00f3n Gonz\u00e1lez. Cinco fuimos separados en dos comisar\u00edas a m\u00e1s de 100 km alejados de nuestras comunidades y nadie sab\u00eda d\u00f3nde est\u00e1bamos. Fue pr\u00e1cticamente un secuestro lo que hemos sufrido\u201d.<\/em><\/p>\n<p>En esta oportunidad, Natalio Romero, del Movimiento Ind\u00edgena Cacique Pedro Mart\u00ednez, fue otro de los agredidos. <em>\u201cMe agarraron una madrugada, hac\u00eda fr\u00edo, hab\u00eda chicos que dorm\u00edan debajo de carpas, quemaron cosas que nosotros ten\u00edamos, quedaron secuestradas mesas, carpas, ollas. La \u00fanica respuesta que recib\u00ed fue que me secuestraron. El fiscal Sorabella que hoy aplica las causas violentas en contra de la comunidad nuestra, llamaba al comisario de turno en Pampa del Indio y le dec\u00eda: \u2018Ll\u00e9venme 90 d\u00edas a la Alcaid\u00eda a este muchacho\u2019. Las causas judiciales hicieron una ensalada, lo mezclaron y ac\u00e1 estamos a punto de ser enjuiciados\u201d<\/em>, dijo Romero.<\/p>\n<p><img loading=\"lazy\" decoding=\"async\" class=\"alignnone size-large wp-image-309602\" src=\"http:\/\/www.pressenza.com\/wp-content\/uploads\/2016\/05\/chaco-Timbo\u03014-720x465.jpg\" alt=\"chaco Timbo\u03014\" width=\"720\" height=\"465\" srcset=\"https:\/\/www.pressenza.com\/wp-content\/uploads\/2016\/05\/chaco-Timbo\u03014-720x465.jpg 720w, https:\/\/www.pressenza.com\/wp-content\/uploads\/2016\/05\/chaco-Timbo\u03014-300x194.jpg 300w, https:\/\/www.pressenza.com\/wp-content\/uploads\/2016\/05\/chaco-Timbo\u03014-768x496.jpg 768w, https:\/\/www.pressenza.com\/wp-content\/uploads\/2016\/05\/chaco-Timbo\u03014.jpg 2048w\" sizes=\"auto, (max-width: 720px) 100vw, 720px\" \/><\/p>\n<p>Y agreg\u00f3: <em>\u201cCreo y conf\u00edo en los jurados de los Derechos Humanos, les pedimos con el coraz\u00f3n en la mano, que puedan intervenir. Al presidente de la Comisi\u00f3n de Derechos Humanos de nuestra legislatura, confiamos, amigos y compa\u00f1eros, que puedan intervenir sobre estas causas. \u00bfPor qu\u00e9 estamos sometidos a una intervenci\u00f3n donde hoy padecemos la falta de agua? Lo que la Justicia ten\u00eda que hacer era acompa\u00f1ar el petitorio de la comunidad ind\u00edgena y no perseguirla\u201d.<\/em><\/p>\n<p><strong>Derechos ind\u00edgenas, derechos humanos<\/strong><\/p>\n<p>Para finalizar con s\u00f3lo algunos de los testimonios que se pudieron exponer, Wilson Lorenzo, enfermero de la comunidad qom de Pampa del indio, ley\u00f3 un documento creado junto a los dirigentes de las organizaciones e imputados presentes. En el mismo, se realizaba un racconto desde los tiempos de la conquista, pasando por la colonizaci\u00f3n del territorio qom por parte del mundo occidental hasta llegar a la actualidad, en la que a\u00fan se perpet\u00faan el avasallamiento econ\u00f3mico, pol\u00edtico, cultural de los Pueblos Ind\u00edgenas.<\/p>\n<p><em>\u201cComo dirigentes de la comunidad de la localidad e Pampa del Indio desde el a\u00f1o 2000 en adelante, comenzamos con una larga lucha de reclamos por nuestros derechos, recurrimos a todas las instituciones gubernamentales, al Ministerio de Desarrollo Social, Ministerio de Cultura, Ministerio de Educaci\u00f3n, Ministerio de Salud, etc\u00e9tera, con respeto a todos los procesos administrativos que requieren. Hemos esperado hasta que nos sacaron lo m\u00e1s vital y valioso para la vida, que es el agua, lo que nos da a entender que quieren eliminarnos desde el punto de vista humano. Porque ten\u00edamos el r\u00edo, nos pusieron la barrera. No consegu\u00edamos agua, \u00bfqui\u00e9n se tiene que hacer cargo? El Estado tiene que dar soluci\u00f3n. No toleramos ni tampoco vamos a permitir la prohibici\u00f3n del derecho de consumir tal elemento vital. No venimos de ideolog\u00eda delictiva ni sospechosa, como nos han caratulado. No vamos a permitir que nos saquen lo poco que tenemos y nos queda como Pueblos Originarios: cultura, creencias, costumbre, nuestro ser de autonom\u00eda original como condici\u00f3n humana que perdurar\u00e1 en el tiempo\u201d<\/em>, expresaron en el texto le\u00eddo por Lorenzo.<\/p>\n<p>Adem\u00e1s, aclaraban: <em>\u201cSi cortamos una v\u00eda de comunicaci\u00f3n terrestre, para el conocimiento y organizaci\u00f3n pol\u00edtica del Estado, es un delito. Pero para nosotros, que no interpretamos leyes arbitrarias, entendemos que es una manifestaci\u00f3n hacia el Poder Ejecutivo e instituciones que correspondan, quienes deber\u00edan atender nuestros reclamos. Es simplemente eso: ir, atender y escucharnos\u201d.<\/em><\/p>\n<p><img loading=\"lazy\" decoding=\"async\" class=\"alignnone size-large wp-image-309609\" src=\"http:\/\/www.pressenza.com\/wp-content\/uploads\/2016\/05\/chaco-Timbo\u03013-720x960.jpg\" alt=\"chaco Timbo\u03013\" width=\"720\" height=\"960\" srcset=\"https:\/\/www.pressenza.com\/wp-content\/uploads\/2016\/05\/chaco-Timbo\u03013.jpg 720w, https:\/\/www.pressenza.com\/wp-content\/uploads\/2016\/05\/chaco-Timbo\u03013-225x300.jpg 225w\" sizes=\"auto, (max-width: 720px) 100vw, 720px\" \/><\/p>\n<p>Por \u00faltimo, se expresaba: <em>\u201cSolicitamos a la Comisi\u00f3n de Derechos Humanos provincial y nacional intervengan de manera urgente los procesamientos de nosotros como dirigentes ind\u00edgenas. Solicitamos el desproceso final de todos, buscar una manera de protecci\u00f3n jur\u00eddica para los Pueblos Ind\u00edgenas\u201d.<\/em><\/p>\n<p><strong>Diputado Mart\u00ednez: \u00abEl compromiso es que nadie en esta provincia vaya preso por reclamar el derecho al agua\u00bb.<\/strong><\/p>\n<p>En la segunda parte de la reuni\u00f3n, los diputados de la Comisi\u00f3n de Derechos Humanos volvieron a expresar su preocupaci\u00f3n por la grave situaci\u00f3n que atraviesa el Pueblo Qom en Pampa del Indio. Por un lado, la judicializaci\u00f3n de la protesta social. Por otro lado, el origen de esos reclamos: la falta de agua, alimento, territorio, vivienda, trabajo.<\/p>\n<p>El diputado Carlos Mart\u00ednez tom\u00f3 la palabra y manifest\u00f3: <em>\u201cCreo que hay que resguardar la libertad, no tiene que ser privada una persona por luchar por derechos que ya le correspond\u00edan. Si le decimos al Ministro de Seguridad o al intendente Karasiuk \u2018\u00bftiene una persona que perder la libertad por pelear por sus derechos?\u2019, creo que nos tienen que decir que no. Quiero hacer el compromiso de trabajar aqu\u00ed en la Comisi\u00f3n, porque creo que est\u00e1 en manos del Ejecutivo y sobre todo de nosotros, el Poder Legislativo, dar una respuesta\u201d<\/em>.<\/p>\n<p>Se acord\u00f3 entonces una reuni\u00f3n para el martes 3 de mayo, volviendo a citar a los funcionarios ya convocados para esta ocasi\u00f3n, pero tambi\u00e9n generando una respuesta desde la Comisi\u00f3n de Derechos Humanos. Los diputados se comprometieron a hacerse de todos los expedientes judiciales y a reunir a asesores y abogados para elaborar una propuesta.<br \/>\nEn esta l\u00ednea, Mart\u00ednez apunt\u00f3: <em>\u201cVamos a luchar por la libertad de ustedes y tenemos una propuesta para que la libertad de ustedes sea sagrada y no sea perturbada por luchar por derechos. Porque creo que es el tema m\u00e1s urgente. Despu\u00e9s por supuesto tenemos que elaborar una estrategia con los legisladores para seguir avanzando en el tema de tierra, de agua. Tenemos que adelantarles que el compromiso es que nadie en esta provincia vaya preso por reclamar el derecho al agua, a la alimentaci\u00f3n\u201d.<\/em><\/p>\n<p>N\u00e9stor Sotelo, subsecretario de Protecci\u00f3n de Derechos Humanos, se manifest\u00f3 conforme con lo dispuesto y, a su vez, hizo un importante anuncio sobre la causa por la muerte del l\u00edder qom M\u00e1rtires L\u00f3pez, presidente de la organizaci\u00f3n Uni\u00f3n Campesina, que falleci\u00f3 el 14 de junio de 2011 en dudosas circunstancias. <em>\u201cQuiero recalcar que apareci\u00f3 un nuevo elemento en la causa de M\u00e1rtires L\u00f3pez que tiene que ver con la historia cl\u00ednica. Los que ven\u00edan trabajando esta tem\u00e1tica saben que nunca apareci\u00f3, es un elemento nuevo que hemos podido rescatar. Y que a partir de all\u00ed se generan una serie de dudas que nos dan los argumentos necesarios, y lo estamos trabajando, para que en un breve per\u00edodo de tiempo volvamos a pedir la reapertura de esa causa justamente porque hay nuevos elementos que podr\u00edan dilucidar qu\u00e9 realmente pas\u00f3 con M\u00e1rtires L\u00f3pez. La Subsecretar\u00eda de Derechos Humanos est\u00e1 trabajando en ese tema\u201d<\/em>, enfatiz\u00f3 Sotelo.<\/p>\n","protected":false},"excerpt":{"rendered":"<p>Pampa del Indio, Chaco. Judicializaci\u00f3n de la manifestaci\u00f3n social. Dirigentes ind\u00edgenas: \u00abSolicitamos el desproceso final de todos, buscar una manera de protecci\u00f3n jur\u00eddica para los pueblos ind\u00edgenas\u00bb Por Agencia Period\u00edstica Timb\u00f3 El martes 26 de abril alrededor de 70 luchadores&hellip;<\/p>\n","protected":false},"author":1254,"featured_media":309588,"comment_status":"closed","ping_status":"closed","sticky":false,"template":"","format":"standard","meta":{"footnotes":""},"categories":[79,80,67],"tags":[26,17291,441,5323,23343,26296,22210,3058,18507],"class_list":["post-309587","post","type-post","status-publish","format-standard","has-post-thumbnail","hentry","category-derechos-humanos","category-pueblos-originarios","category-sudamerica","tag-argentina","tag-chaco","tag-derechos-humanos","tag-indigenas","tag-judicializacion","tag-pampa-del-indio","tag-pueblos-originarios","tag-qom","tag-territorios"],"yoast_head":"<!-- This site is optimized with the Yoast SEO plugin v27.1.1 - https:\/\/yoast.com\/product\/yoast-seo-wordpress\/ -->\n<title>Dirigentes ind\u00edgenas piden protecci\u00f3n jur\u00eddica<\/title>\n<meta name=\"description\" content=\"Pampa del Indio, Chaco. Judicializaci\u00f3n de la manifestaci\u00f3n social. Dirigentes ind\u00edgenas: &quot;Solicitamos el desproceso final de todos, buscar una manera de\" \/>\n<meta name=\"robots\" content=\"index, follow, max-snippet:-1, max-image-preview:large, max-video-preview:-1\" \/>\n<link rel=\"canonical\" href=\"https:\/\/www.pressenza.com\/es\/2016\/05\/309587\/\" \/>\n<meta property=\"og:locale\" content=\"es_ES\" \/>\n<meta property=\"og:type\" content=\"article\" \/>\n<meta property=\"og:title\" content=\"Dirigentes ind\u00edgenas piden protecci\u00f3n jur\u00eddica\" \/>\n<meta property=\"og:description\" content=\"Pampa del Indio, Chaco. Judicializaci\u00f3n de la manifestaci\u00f3n social. Dirigentes ind\u00edgenas: &quot;Solicitamos el desproceso final de todos, buscar una manera de\" \/>\n<meta property=\"og:url\" content=\"https:\/\/www.pressenza.com\/es\/2016\/05\/309587\/\" \/>\n<meta property=\"og:site_name\" content=\"Pressenza\" \/>\n<meta property=\"article:publisher\" content=\"https:\/\/www.facebook.com\/PressenzaItalia\" \/>\n<meta property=\"article:author\" content=\"https:\/\/www.facebook.com\/pressenza\" \/>\n<meta property=\"article:published_time\" content=\"2016-05-02T00:47:23+00:00\" \/>\n<meta property=\"article:modified_time\" content=\"2016-05-02T00:47:57+00:00\" \/>\n<meta property=\"og:image\" content=\"https:\/\/www.pressenza.com\/wp-content\/uploads\/2016\/05\/chaco-Timbo\u03012.jpg\" \/>\n\t<meta property=\"og:image:width\" content=\"2048\" \/>\n\t<meta property=\"og:image:height\" content=\"1277\" \/>\n\t<meta property=\"og:image:type\" content=\"image\/jpeg\" \/>\n<meta name=\"author\" content=\"Redacci\u00f3n Mar del Plata\" \/>\n<meta name=\"twitter:card\" content=\"summary_large_image\" \/>\n<meta name=\"twitter:creator\" content=\"@Pressenza\" \/>\n<meta name=\"twitter:site\" content=\"@PressenzaIPA\" \/>\n<meta name=\"twitter:label1\" content=\"Escrito por\" \/>\n\t<meta name=\"twitter:data1\" content=\"Redacci\u00f3n Mar del Plata\" \/>\n\t<meta name=\"twitter:label2\" content=\"Tiempo de lectura\" \/>\n\t<meta name=\"twitter:data2\" content=\"10 minutos\" \/>\n<script type=\"application\/ld+json\" class=\"yoast-schema-graph\">{\"@context\":\"https:\/\/schema.org\",\"@graph\":[{\"@type\":\"Article\",\"@id\":\"https:\/\/www.pressenza.com\/es\/2016\/05\/309587\/#article\",\"isPartOf\":{\"@id\":\"https:\/\/www.pressenza.com\/es\/2016\/05\/309587\/\"},\"author\":{\"name\":\"Redacci\u00f3n Mar del Plata\",\"@id\":\"https:\/\/www.pressenza.com\/es\/#\/schema\/person\/738658b5125ecea661a8a0b96dba8b69\"},\"headline\":\"Dirigentes ind\u00edgenas piden protecci\u00f3n jur\u00eddica\",\"datePublished\":\"2016-05-02T00:47:23+00:00\",\"dateModified\":\"2016-05-02T00:47:57+00:00\",\"mainEntityOfPage\":{\"@id\":\"https:\/\/www.pressenza.com\/es\/2016\/05\/309587\/\"},\"wordCount\":2026,\"publisher\":{\"@id\":\"https:\/\/www.pressenza.com\/es\/#organization\"},\"image\":{\"@id\":\"https:\/\/www.pressenza.com\/es\/2016\/05\/309587\/#primaryimage\"},\"thumbnailUrl\":\"https:\/\/www.pressenza.com\/wp-content\/uploads\/2016\/05\/chaco-Timbo\u03012.jpg\",\"keywords\":[\"Argentina\",\"Chaco\",\"Derechos humanos\",\"indigenas\",\"judicializaci\u00f3n\",\"Pampa del indio\",\"Pueblos Originarios\",\"Qom\",\"territorios\"],\"articleSection\":[\"Derechos Humanos\",\"Pueblos Originarios\",\"Sudam\u00e9rica\"],\"inLanguage\":\"es\"},{\"@type\":\"WebPage\",\"@id\":\"https:\/\/www.pressenza.com\/es\/2016\/05\/309587\/\",\"url\":\"https:\/\/www.pressenza.com\/es\/2016\/05\/309587\/\",\"name\":\"Dirigentes ind\u00edgenas piden protecci\u00f3n jur\u00eddica\",\"isPartOf\":{\"@id\":\"https:\/\/www.pressenza.com\/es\/#website\"},\"primaryImageOfPage\":{\"@id\":\"https:\/\/www.pressenza.com\/es\/2016\/05\/309587\/#primaryimage\"},\"image\":{\"@id\":\"https:\/\/www.pressenza.com\/es\/2016\/05\/309587\/#primaryimage\"},\"thumbnailUrl\":\"https:\/\/www.pressenza.com\/wp-content\/uploads\/2016\/05\/chaco-Timbo\u03012.jpg\",\"datePublished\":\"2016-05-02T00:47:23+00:00\",\"dateModified\":\"2016-05-02T00:47:57+00:00\",\"description\":\"Pampa del Indio, Chaco. Judicializaci\u00f3n de la manifestaci\u00f3n social. Dirigentes ind\u00edgenas: \\\"Solicitamos el desproceso final de todos, buscar una manera de\",\"breadcrumb\":{\"@id\":\"https:\/\/www.pressenza.com\/es\/2016\/05\/309587\/#breadcrumb\"},\"inLanguage\":\"es\",\"potentialAction\":[{\"@type\":\"ReadAction\",\"target\":[\"https:\/\/www.pressenza.com\/es\/2016\/05\/309587\/\"]}]},{\"@type\":\"ImageObject\",\"inLanguage\":\"es\",\"@id\":\"https:\/\/www.pressenza.com\/es\/2016\/05\/309587\/#primaryimage\",\"url\":\"https:\/\/www.pressenza.com\/wp-content\/uploads\/2016\/05\/chaco-Timbo\u03012.jpg\",\"contentUrl\":\"https:\/\/www.pressenza.com\/wp-content\/uploads\/2016\/05\/chaco-Timbo\u03012.jpg\",\"width\":2048,\"height\":1277},{\"@type\":\"BreadcrumbList\",\"@id\":\"https:\/\/www.pressenza.com\/es\/2016\/05\/309587\/#breadcrumb\",\"itemListElement\":[{\"@type\":\"ListItem\",\"position\":1,\"name\":\"Accueil\",\"item\":\"https:\/\/www.pressenza.com\/es\/\"},{\"@type\":\"ListItem\",\"position\":2,\"name\":\"Dirigentes ind\u00edgenas piden protecci\u00f3n jur\u00eddica\"}]},{\"@type\":\"WebSite\",\"@id\":\"https:\/\/www.pressenza.com\/es\/#website\",\"url\":\"https:\/\/www.pressenza.com\/es\/\",\"name\":\"Pressenza\",\"description\":\"International Press Agency\",\"publisher\":{\"@id\":\"https:\/\/www.pressenza.com\/es\/#organization\"},\"potentialAction\":[{\"@type\":\"SearchAction\",\"target\":{\"@type\":\"EntryPoint\",\"urlTemplate\":\"https:\/\/www.pressenza.com\/es\/?s={search_term_string}\"},\"query-input\":{\"@type\":\"PropertyValueSpecification\",\"valueRequired\":true,\"valueName\":\"search_term_string\"}}],\"inLanguage\":\"es\"},{\"@type\":\"Organization\",\"@id\":\"https:\/\/www.pressenza.com\/es\/#organization\",\"name\":\"Pressenza\",\"url\":\"https:\/\/www.pressenza.com\/es\/\",\"logo\":{\"@type\":\"ImageObject\",\"inLanguage\":\"es\",\"@id\":\"https:\/\/www.pressenza.com\/es\/#\/schema\/logo\/image\/\",\"url\":\"https:\/\/www.pressenza.com\/wp-content\/uploads\/2022\/10\/pressenza_logo_200x200.jpg\",\"contentUrl\":\"https:\/\/www.pressenza.com\/wp-content\/uploads\/2022\/10\/pressenza_logo_200x200.jpg\",\"width\":200,\"height\":200,\"caption\":\"Pressenza\"},\"image\":{\"@id\":\"https:\/\/www.pressenza.com\/es\/#\/schema\/logo\/image\/\"},\"sameAs\":[\"https:\/\/www.facebook.com\/PressenzaItalia\",\"https:\/\/x.com\/PressenzaIPA\"]},{\"@type\":\"Person\",\"@id\":\"https:\/\/www.pressenza.com\/es\/#\/schema\/person\/738658b5125ecea661a8a0b96dba8b69\",\"name\":\"Redacci\u00f3n Mar del Plata\",\"description\":\"News published by the Pressenza bureau in Mar Del Plata, Argentina\",\"sameAs\":[\"https:\/\/www.facebook.com\/pressenza\",\"https:\/\/x.com\/Pressenza\"],\"url\":\"https:\/\/www.pressenza.com\/es\/author\/redaccion-mar-del-plata\/\"}]}<\/script>\n<!-- \/ Yoast SEO plugin. -->","yoast_head_json":{"title":"Dirigentes ind\u00edgenas piden protecci\u00f3n jur\u00eddica","description":"Pampa del Indio, Chaco. Judicializaci\u00f3n de la manifestaci\u00f3n social. Dirigentes ind\u00edgenas: \"Solicitamos el desproceso final de todos, buscar una manera de","robots":{"index":"index","follow":"follow","max-snippet":"max-snippet:-1","max-image-preview":"max-image-preview:large","max-video-preview":"max-video-preview:-1"},"canonical":"https:\/\/www.pressenza.com\/es\/2016\/05\/309587\/","og_locale":"es_ES","og_type":"article","og_title":"Dirigentes ind\u00edgenas piden protecci\u00f3n jur\u00eddica","og_description":"Pampa del Indio, Chaco. Judicializaci\u00f3n de la manifestaci\u00f3n social. Dirigentes ind\u00edgenas: \"Solicitamos el desproceso final de todos, buscar una manera de","og_url":"https:\/\/www.pressenza.com\/es\/2016\/05\/309587\/","og_site_name":"Pressenza","article_publisher":"https:\/\/www.facebook.com\/PressenzaItalia","article_author":"https:\/\/www.facebook.com\/pressenza","article_published_time":"2016-05-02T00:47:23+00:00","article_modified_time":"2016-05-02T00:47:57+00:00","og_image":[{"width":2048,"height":1277,"url":"https:\/\/www.pressenza.com\/wp-content\/uploads\/2016\/05\/chaco-Timbo\u03012.jpg","type":"image\/jpeg"}],"author":"Redacci\u00f3n Mar del Plata","twitter_card":"summary_large_image","twitter_creator":"@Pressenza","twitter_site":"@PressenzaIPA","twitter_misc":{"Escrito por":"Redacci\u00f3n Mar del Plata","Tiempo de lectura":"10 minutos"},"schema":{"@context":"https:\/\/schema.org","@graph":[{"@type":"Article","@id":"https:\/\/www.pressenza.com\/es\/2016\/05\/309587\/#article","isPartOf":{"@id":"https:\/\/www.pressenza.com\/es\/2016\/05\/309587\/"},"author":{"name":"Redacci\u00f3n Mar del Plata","@id":"https:\/\/www.pressenza.com\/es\/#\/schema\/person\/738658b5125ecea661a8a0b96dba8b69"},"headline":"Dirigentes ind\u00edgenas piden protecci\u00f3n jur\u00eddica","datePublished":"2016-05-02T00:47:23+00:00","dateModified":"2016-05-02T00:47:57+00:00","mainEntityOfPage":{"@id":"https:\/\/www.pressenza.com\/es\/2016\/05\/309587\/"},"wordCount":2026,"publisher":{"@id":"https:\/\/www.pressenza.com\/es\/#organization"},"image":{"@id":"https:\/\/www.pressenza.com\/es\/2016\/05\/309587\/#primaryimage"},"thumbnailUrl":"https:\/\/www.pressenza.com\/wp-content\/uploads\/2016\/05\/chaco-Timbo\u03012.jpg","keywords":["Argentina","Chaco","Derechos humanos","indigenas","judicializaci\u00f3n","Pampa del indio","Pueblos Originarios","Qom","territorios"],"articleSection":["Derechos Humanos","Pueblos Originarios","Sudam\u00e9rica"],"inLanguage":"es"},{"@type":"WebPage","@id":"https:\/\/www.pressenza.com\/es\/2016\/05\/309587\/","url":"https:\/\/www.pressenza.com\/es\/2016\/05\/309587\/","name":"Dirigentes ind\u00edgenas piden protecci\u00f3n jur\u00eddica","isPartOf":{"@id":"https:\/\/www.pressenza.com\/es\/#website"},"primaryImageOfPage":{"@id":"https:\/\/www.pressenza.com\/es\/2016\/05\/309587\/#primaryimage"},"image":{"@id":"https:\/\/www.pressenza.com\/es\/2016\/05\/309587\/#primaryimage"},"thumbnailUrl":"https:\/\/www.pressenza.com\/wp-content\/uploads\/2016\/05\/chaco-Timbo\u03012.jpg","datePublished":"2016-05-02T00:47:23+00:00","dateModified":"2016-05-02T00:47:57+00:00","description":"Pampa del Indio, Chaco. Judicializaci\u00f3n de la manifestaci\u00f3n social. Dirigentes ind\u00edgenas: \"Solicitamos el desproceso final de todos, buscar una manera de","breadcrumb":{"@id":"https:\/\/www.pressenza.com\/es\/2016\/05\/309587\/#breadcrumb"},"inLanguage":"es","potentialAction":[{"@type":"ReadAction","target":["https:\/\/www.pressenza.com\/es\/2016\/05\/309587\/"]}]},{"@type":"ImageObject","inLanguage":"es","@id":"https:\/\/www.pressenza.com\/es\/2016\/05\/309587\/#primaryimage","url":"https:\/\/www.pressenza.com\/wp-content\/uploads\/2016\/05\/chaco-Timbo\u03012.jpg","contentUrl":"https:\/\/www.pressenza.com\/wp-content\/uploads\/2016\/05\/chaco-Timbo\u03012.jpg","width":2048,"height":1277},{"@type":"BreadcrumbList","@id":"https:\/\/www.pressenza.com\/es\/2016\/05\/309587\/#breadcrumb","itemListElement":[{"@type":"ListItem","position":1,"name":"Accueil","item":"https:\/\/www.pressenza.com\/es\/"},{"@type":"ListItem","position":2,"name":"Dirigentes ind\u00edgenas piden protecci\u00f3n jur\u00eddica"}]},{"@type":"WebSite","@id":"https:\/\/www.pressenza.com\/es\/#website","url":"https:\/\/www.pressenza.com\/es\/","name":"Pressenza","description":"International Press Agency","publisher":{"@id":"https:\/\/www.pressenza.com\/es\/#organization"},"potentialAction":[{"@type":"SearchAction","target":{"@type":"EntryPoint","urlTemplate":"https:\/\/www.pressenza.com\/es\/?s={search_term_string}"},"query-input":{"@type":"PropertyValueSpecification","valueRequired":true,"valueName":"search_term_string"}}],"inLanguage":"es"},{"@type":"Organization","@id":"https:\/\/www.pressenza.com\/es\/#organization","name":"Pressenza","url":"https:\/\/www.pressenza.com\/es\/","logo":{"@type":"ImageObject","inLanguage":"es","@id":"https:\/\/www.pressenza.com\/es\/#\/schema\/logo\/image\/","url":"https:\/\/www.pressenza.com\/wp-content\/uploads\/2022\/10\/pressenza_logo_200x200.jpg","contentUrl":"https:\/\/www.pressenza.com\/wp-content\/uploads\/2022\/10\/pressenza_logo_200x200.jpg","width":200,"height":200,"caption":"Pressenza"},"image":{"@id":"https:\/\/www.pressenza.com\/es\/#\/schema\/logo\/image\/"},"sameAs":["https:\/\/www.facebook.com\/PressenzaItalia","https:\/\/x.com\/PressenzaIPA"]},{"@type":"Person","@id":"https:\/\/www.pressenza.com\/es\/#\/schema\/person\/738658b5125ecea661a8a0b96dba8b69","name":"Redacci\u00f3n Mar del Plata","description":"News published by the Pressenza bureau in Mar Del Plata, Argentina","sameAs":["https:\/\/www.facebook.com\/pressenza","https:\/\/x.com\/Pressenza"],"url":"https:\/\/www.pressenza.com\/es\/author\/redaccion-mar-del-plata\/"}]}},"place":"Chaco, Argentina","original_article_url":"https:\/\/www.facebook.com\/agenciaperiodisticatimbo\/posts\/1598796530342739","_links":{"self":[{"href":"https:\/\/www.pressenza.com\/es\/wp-json\/wp\/v2\/posts\/309587","targetHints":{"allow":["GET"]}}],"collection":[{"href":"https:\/\/www.pressenza.com\/es\/wp-json\/wp\/v2\/posts"}],"about":[{"href":"https:\/\/www.pressenza.com\/es\/wp-json\/wp\/v2\/types\/post"}],"author":[{"embeddable":true,"href":"https:\/\/www.pressenza.com\/es\/wp-json\/wp\/v2\/users\/1254"}],"replies":[{"embeddable":true,"href":"https:\/\/www.pressenza.com\/es\/wp-json\/wp\/v2\/comments?post=309587"}],"version-history":[{"count":0,"href":"https:\/\/www.pressenza.com\/es\/wp-json\/wp\/v2\/posts\/309587\/revisions"}],"wp:featuredmedia":[{"embeddable":true,"href":"https:\/\/www.pressenza.com\/es\/wp-json\/wp\/v2\/media\/309588"}],"wp:attachment":[{"href":"https:\/\/www.pressenza.com\/es\/wp-json\/wp\/v2\/media?parent=309587"}],"wp:term":[{"taxonomy":"category","embeddable":true,"href":"https:\/\/www.pressenza.com\/es\/wp-json\/wp\/v2\/categories?post=309587"},{"taxonomy":"post_tag","embeddable":true,"href":"https:\/\/www.pressenza.com\/es\/wp-json\/wp\/v2\/tags?post=309587"}],"curies":[{"name":"wp","href":"https:\/\/api.w.org\/{rel}","templated":true}]}}