{"id":30949,"date":"2012-12-29T14:15:26","date_gmt":"2012-12-29T14:15:26","guid":{"rendered":"http:\/\/www.pressenza.com\/?p=30949"},"modified":"2012-12-30T00:57:36","modified_gmt":"2012-12-30T00:57:36","slug":"argentina-reemplazara-a-colombia-en-el-consejo-de-seguridad","status":"publish","type":"post","link":"https:\/\/www.pressenza.com\/es\/2012\/12\/argentina-reemplazara-a-colombia-en-el-consejo-de-seguridad\/","title":{"rendered":"Argentina reemplazar\u00e1 a Colombia en el Consejo de Seguridad"},"content":{"rendered":"<p>Argentina reemplazar\u00e1 a Colombia, el martes 1 de enero pr\u00f3ximo, como miembro no permanente del Consejo de Seguridad durante dos a\u00f1os, y tendr\u00e1 como objetivo la soluci\u00f3n pac\u00edfica de los conflictos en el mundo.<\/p>\n<p>La naci\u00f3n austral fue elegida por la Asamblea General para esa funci\u00f3n en octubre pasado por una abrumadora mayor\u00eda de 182 votos, de los 192 emitidos.<\/p>\n<p>Es la novena ocasi\u00f3n que Argentina integra el Consejo de Seguridad tras haberlo hecho antes en los bienios 1948-49, 1959-60, 1966-67, 1971-72, 1987-88, 1994-95, 1999-2000 y 2005-06.<\/p>\n<p>Tras aquella votaci\u00f3n, el canciller argentino, H\u00e9ctor Timerman, declar\u00f3 que la representaci\u00f3n de su pa\u00eds ser\u00e1 la voz de Am\u00e9rica Latina y el Caribe dentro del \u00f3rgano encargado de la paz y la seguridad internacionales.<\/p>\n<p>El objetivo de Argentina como miembro del Consejo ser\u00e1 la soluci\u00f3n pac\u00edfica de los conflictos, la no intervenci\u00f3n extranjera en los asuntos internos, el desarme nuclear y la independencia de los pa\u00edses para elegir su destino, apunt\u00f3.<\/p>\n<p>A partir del 1 de enero, el Consejo de Seguridad estar\u00e1 integrado por Estados Unidos, Francia, Reino Unido, Rusia y China, como miembros permanentes con derecho a veto, y Argentina, Guatemala, Ruanda, Australia, Luxemburgo, Corea del Sur, Marruecos, Togo, Pakist\u00e1n y Azerbaiy\u00e1n.<\/p>\n","protected":false},"excerpt":{"rendered":"<p>Argentina reemplazar\u00e1 a Colombia, el martes 1 de enero pr\u00f3ximo, como miembro no permanente del Consejo de Seguridad durante dos a\u00f1os, y tendr\u00e1 como objetivo la soluci\u00f3n pac\u00edfica de los conflictos en el mundo. La naci\u00f3n austral fue elegida por&hellip;<\/p>\n","protected":false},"author":640,"featured_media":30956,"comment_status":"closed","ping_status":"open","sticky":false,"template":"","format":"standard","meta":{"footnotes":""},"categories":[76,67],"tags":[26],"class_list":["post-30949","post","type-post","status-publish","format-standard","has-post-thumbnail","hentry","category-relaciones-exteriores","category-sudamerica","tag-argentina"],"yoast_head":"<!-- This site is optimized with the Yoast SEO plugin v27.1.1 - https:\/\/yoast.com\/product\/yoast-seo-wordpress\/ -->\n<title>Argentina reemplazar\u00e1 a Colombia en el Consejo de Seguridad<\/title>\n<meta name=\"description\" content=\"Argentina reemplazar\u00e1 a Colombia, el martes 1 de enero pr\u00f3ximo, como miembro no permanente del Consejo de Seguridad durante dos a\u00f1os, y tendr\u00e1 como\" \/>\n<meta name=\"robots\" content=\"index, follow, max-snippet:-1, max-image-preview:large, max-video-preview:-1\" \/>\n<link rel=\"canonical\" href=\"https:\/\/www.pressenza.com\/es\/2012\/12\/argentina-reemplazara-a-colombia-en-el-consejo-de-seguridad\/\" \/>\n<meta property=\"og:locale\" content=\"es_ES\" \/>\n<meta property=\"og:type\" content=\"article\" \/>\n<meta property=\"og:title\" content=\"Argentina reemplazar\u00e1 a Colombia en el Consejo de Seguridad\" \/>\n<meta property=\"og:description\" content=\"Argentina reemplazar\u00e1 a Colombia, el martes 1 de enero pr\u00f3ximo, como miembro no permanente del Consejo de Seguridad durante dos a\u00f1os, y tendr\u00e1 como\" \/>\n<meta property=\"og:url\" content=\"https:\/\/www.pressenza.com\/es\/2012\/12\/argentina-reemplazara-a-colombia-en-el-consejo-de-seguridad\/\" \/>\n<meta property=\"og:site_name\" content=\"Pressenza\" \/>\n<meta property=\"article:publisher\" content=\"https:\/\/www.facebook.com\/PressenzaItalia\" \/>\n<meta property=\"article:author\" content=\"https:\/\/www.facebook.com\/AgenciasUlan\" \/>\n<meta property=\"article:published_time\" content=\"2012-12-29T14:15:26+00:00\" \/>\n<meta property=\"article:modified_time\" content=\"2012-12-30T00:57:36+00:00\" \/>\n<meta property=\"og:image\" content=\"https:\/\/www.pressenza.com\/wp-content\/uploads\/2012\/12\/onu-consejo-seguridad.jpg\" \/>\n\t<meta property=\"og:image:width\" content=\"285\" \/>\n\t<meta property=\"og:image:height\" content=\"190\" \/>\n\t<meta property=\"og:image:type\" content=\"image\/jpeg\" \/>\n<meta name=\"author\" content=\"Uni\u00f3n Latinoamericana de Agencias de Noticias\" \/>\n<meta name=\"twitter:card\" content=\"summary_large_image\" \/>\n<meta name=\"twitter:creator\" content=\"@agenciasulan\" \/>\n<meta name=\"twitter:site\" content=\"@PressenzaIPA\" \/>\n<meta name=\"twitter:label1\" content=\"Escrito por\" \/>\n\t<meta name=\"twitter:data1\" content=\"Uni\u00f3n Latinoamericana de Agencias de Noticias\" \/>\n\t<meta name=\"twitter:label2\" content=\"Tiempo de lectura\" \/>\n\t<meta name=\"twitter:data2\" content=\"1 minuto\" \/>\n<script type=\"application\/ld+json\" class=\"yoast-schema-graph\">{\"@context\":\"https:\/\/schema.org\",\"@graph\":[{\"@type\":\"Article\",\"@id\":\"https:\/\/www.pressenza.com\/es\/2012\/12\/argentina-reemplazara-a-colombia-en-el-consejo-de-seguridad\/#article\",\"isPartOf\":{\"@id\":\"https:\/\/www.pressenza.com\/es\/2012\/12\/argentina-reemplazara-a-colombia-en-el-consejo-de-seguridad\/\"},\"author\":{\"name\":\"Uni\u00f3n Latinoamericana de Agencias de Noticias\",\"@id\":\"https:\/\/www.pressenza.com\/es\/#\/schema\/person\/a9efe8d7b19eb4689fcbcb71bc21dba6\"},\"headline\":\"Argentina reemplazar\u00e1 a Colombia en el Consejo de Seguridad\",\"datePublished\":\"2012-12-29T14:15:26+00:00\",\"dateModified\":\"2012-12-30T00:57:36+00:00\",\"mainEntityOfPage\":{\"@id\":\"https:\/\/www.pressenza.com\/es\/2012\/12\/argentina-reemplazara-a-colombia-en-el-consejo-de-seguridad\/\"},\"wordCount\":225,\"publisher\":{\"@id\":\"https:\/\/www.pressenza.com\/es\/#organization\"},\"image\":{\"@id\":\"https:\/\/www.pressenza.com\/es\/2012\/12\/argentina-reemplazara-a-colombia-en-el-consejo-de-seguridad\/#primaryimage\"},\"thumbnailUrl\":\"https:\/\/www.pressenza.com\/wp-content\/uploads\/2012\/12\/onu-consejo-seguridad.jpg\",\"keywords\":[\"Argentina\"],\"articleSection\":[\"Asuntos internacionales\",\"Sudam\u00e9rica\"],\"inLanguage\":\"es\"},{\"@type\":\"WebPage\",\"@id\":\"https:\/\/www.pressenza.com\/es\/2012\/12\/argentina-reemplazara-a-colombia-en-el-consejo-de-seguridad\/\",\"url\":\"https:\/\/www.pressenza.com\/es\/2012\/12\/argentina-reemplazara-a-colombia-en-el-consejo-de-seguridad\/\",\"name\":\"Argentina reemplazar\u00e1 a Colombia en el Consejo de Seguridad\",\"isPartOf\":{\"@id\":\"https:\/\/www.pressenza.com\/es\/#website\"},\"primaryImageOfPage\":{\"@id\":\"https:\/\/www.pressenza.com\/es\/2012\/12\/argentina-reemplazara-a-colombia-en-el-consejo-de-seguridad\/#primaryimage\"},\"image\":{\"@id\":\"https:\/\/www.pressenza.com\/es\/2012\/12\/argentina-reemplazara-a-colombia-en-el-consejo-de-seguridad\/#primaryimage\"},\"thumbnailUrl\":\"https:\/\/www.pressenza.com\/wp-content\/uploads\/2012\/12\/onu-consejo-seguridad.jpg\",\"datePublished\":\"2012-12-29T14:15:26+00:00\",\"dateModified\":\"2012-12-30T00:57:36+00:00\",\"description\":\"Argentina reemplazar\u00e1 a Colombia, el martes 1 de enero pr\u00f3ximo, como miembro no permanente del Consejo de Seguridad durante dos a\u00f1os, y tendr\u00e1 como\",\"breadcrumb\":{\"@id\":\"https:\/\/www.pressenza.com\/es\/2012\/12\/argentina-reemplazara-a-colombia-en-el-consejo-de-seguridad\/#breadcrumb\"},\"inLanguage\":\"es\",\"potentialAction\":[{\"@type\":\"ReadAction\",\"target\":[\"https:\/\/www.pressenza.com\/es\/2012\/12\/argentina-reemplazara-a-colombia-en-el-consejo-de-seguridad\/\"]}]},{\"@type\":\"ImageObject\",\"inLanguage\":\"es\",\"@id\":\"https:\/\/www.pressenza.com\/es\/2012\/12\/argentina-reemplazara-a-colombia-en-el-consejo-de-seguridad\/#primaryimage\",\"url\":\"https:\/\/www.pressenza.com\/wp-content\/uploads\/2012\/12\/onu-consejo-seguridad.jpg\",\"contentUrl\":\"https:\/\/www.pressenza.com\/wp-content\/uploads\/2012\/12\/onu-consejo-seguridad.jpg\",\"width\":\"285\",\"height\":\"190\"},{\"@type\":\"BreadcrumbList\",\"@id\":\"https:\/\/www.pressenza.com\/es\/2012\/12\/argentina-reemplazara-a-colombia-en-el-consejo-de-seguridad\/#breadcrumb\",\"itemListElement\":[{\"@type\":\"ListItem\",\"position\":1,\"name\":\"Accueil\",\"item\":\"https:\/\/www.pressenza.com\/es\/\"},{\"@type\":\"ListItem\",\"position\":2,\"name\":\"Argentina reemplazar\u00e1 a Colombia en el Consejo de Seguridad\"}]},{\"@type\":\"WebSite\",\"@id\":\"https:\/\/www.pressenza.com\/es\/#website\",\"url\":\"https:\/\/www.pressenza.com\/es\/\",\"name\":\"Pressenza\",\"description\":\"International Press Agency\",\"publisher\":{\"@id\":\"https:\/\/www.pressenza.com\/es\/#organization\"},\"potentialAction\":[{\"@type\":\"SearchAction\",\"target\":{\"@type\":\"EntryPoint\",\"urlTemplate\":\"https:\/\/www.pressenza.com\/es\/?s={search_term_string}\"},\"query-input\":{\"@type\":\"PropertyValueSpecification\",\"valueRequired\":true,\"valueName\":\"search_term_string\"}}],\"inLanguage\":\"es\"},{\"@type\":\"Organization\",\"@id\":\"https:\/\/www.pressenza.com\/es\/#organization\",\"name\":\"Pressenza\",\"url\":\"https:\/\/www.pressenza.com\/es\/\",\"logo\":{\"@type\":\"ImageObject\",\"inLanguage\":\"es\",\"@id\":\"https:\/\/www.pressenza.com\/es\/#\/schema\/logo\/image\/\",\"url\":\"https:\/\/www.pressenza.com\/wp-content\/uploads\/2022\/10\/pressenza_logo_200x200.jpg\",\"contentUrl\":\"https:\/\/www.pressenza.com\/wp-content\/uploads\/2022\/10\/pressenza_logo_200x200.jpg\",\"width\":200,\"height\":200,\"caption\":\"Pressenza\"},\"image\":{\"@id\":\"https:\/\/www.pressenza.com\/es\/#\/schema\/logo\/image\/\"},\"sameAs\":[\"https:\/\/www.facebook.com\/PressenzaItalia\",\"https:\/\/x.com\/PressenzaIPA\"]},{\"@type\":\"Person\",\"@id\":\"https:\/\/www.pressenza.com\/es\/#\/schema\/person\/a9efe8d7b19eb4689fcbcb71bc21dba6\",\"name\":\"Uni\u00f3n Latinoamericana de Agencias de Noticias\",\"description\":\"Una asociaci\u00f3n supranacional que re\u00fane a las agencias de noticias de Am\u00e9rica Latina y el Caribe. agenciasulan.org\",\"sameAs\":[\"https:\/\/www.facebook.com\/AgenciasUlan\",\"https:\/\/x.com\/agenciasulan\"],\"url\":\"https:\/\/www.pressenza.com\/es\/author\/union-latinoamericana-de-agencias-de-noticias\/\"}]}<\/script>\n<!-- \/ Yoast SEO plugin. -->","yoast_head_json":{"title":"Argentina reemplazar\u00e1 a Colombia en el Consejo de Seguridad","description":"Argentina reemplazar\u00e1 a Colombia, el martes 1 de enero pr\u00f3ximo, como miembro no permanente del Consejo de Seguridad durante dos a\u00f1os, y tendr\u00e1 como","robots":{"index":"index","follow":"follow","max-snippet":"max-snippet:-1","max-image-preview":"max-image-preview:large","max-video-preview":"max-video-preview:-1"},"canonical":"https:\/\/www.pressenza.com\/es\/2012\/12\/argentina-reemplazara-a-colombia-en-el-consejo-de-seguridad\/","og_locale":"es_ES","og_type":"article","og_title":"Argentina reemplazar\u00e1 a Colombia en el Consejo de Seguridad","og_description":"Argentina reemplazar\u00e1 a Colombia, el martes 1 de enero pr\u00f3ximo, como miembro no permanente del Consejo de Seguridad durante dos a\u00f1os, y tendr\u00e1 como","og_url":"https:\/\/www.pressenza.com\/es\/2012\/12\/argentina-reemplazara-a-colombia-en-el-consejo-de-seguridad\/","og_site_name":"Pressenza","article_publisher":"https:\/\/www.facebook.com\/PressenzaItalia","article_author":"https:\/\/www.facebook.com\/AgenciasUlan","article_published_time":"2012-12-29T14:15:26+00:00","article_modified_time":"2012-12-30T00:57:36+00:00","og_image":[{"width":285,"height":190,"url":"https:\/\/www.pressenza.com\/wp-content\/uploads\/2012\/12\/onu-consejo-seguridad.jpg","type":"image\/jpeg"}],"author":"Uni\u00f3n Latinoamericana de Agencias de Noticias","twitter_card":"summary_large_image","twitter_creator":"@agenciasulan","twitter_site":"@PressenzaIPA","twitter_misc":{"Escrito por":"Uni\u00f3n Latinoamericana de Agencias de Noticias","Tiempo de lectura":"1 minuto"},"schema":{"@context":"https:\/\/schema.org","@graph":[{"@type":"Article","@id":"https:\/\/www.pressenza.com\/es\/2012\/12\/argentina-reemplazara-a-colombia-en-el-consejo-de-seguridad\/#article","isPartOf":{"@id":"https:\/\/www.pressenza.com\/es\/2012\/12\/argentina-reemplazara-a-colombia-en-el-consejo-de-seguridad\/"},"author":{"name":"Uni\u00f3n Latinoamericana de Agencias de Noticias","@id":"https:\/\/www.pressenza.com\/es\/#\/schema\/person\/a9efe8d7b19eb4689fcbcb71bc21dba6"},"headline":"Argentina reemplazar\u00e1 a Colombia en el Consejo de Seguridad","datePublished":"2012-12-29T14:15:26+00:00","dateModified":"2012-12-30T00:57:36+00:00","mainEntityOfPage":{"@id":"https:\/\/www.pressenza.com\/es\/2012\/12\/argentina-reemplazara-a-colombia-en-el-consejo-de-seguridad\/"},"wordCount":225,"publisher":{"@id":"https:\/\/www.pressenza.com\/es\/#organization"},"image":{"@id":"https:\/\/www.pressenza.com\/es\/2012\/12\/argentina-reemplazara-a-colombia-en-el-consejo-de-seguridad\/#primaryimage"},"thumbnailUrl":"https:\/\/www.pressenza.com\/wp-content\/uploads\/2012\/12\/onu-consejo-seguridad.jpg","keywords":["Argentina"],"articleSection":["Asuntos internacionales","Sudam\u00e9rica"],"inLanguage":"es"},{"@type":"WebPage","@id":"https:\/\/www.pressenza.com\/es\/2012\/12\/argentina-reemplazara-a-colombia-en-el-consejo-de-seguridad\/","url":"https:\/\/www.pressenza.com\/es\/2012\/12\/argentina-reemplazara-a-colombia-en-el-consejo-de-seguridad\/","name":"Argentina reemplazar\u00e1 a Colombia en el Consejo de Seguridad","isPartOf":{"@id":"https:\/\/www.pressenza.com\/es\/#website"},"primaryImageOfPage":{"@id":"https:\/\/www.pressenza.com\/es\/2012\/12\/argentina-reemplazara-a-colombia-en-el-consejo-de-seguridad\/#primaryimage"},"image":{"@id":"https:\/\/www.pressenza.com\/es\/2012\/12\/argentina-reemplazara-a-colombia-en-el-consejo-de-seguridad\/#primaryimage"},"thumbnailUrl":"https:\/\/www.pressenza.com\/wp-content\/uploads\/2012\/12\/onu-consejo-seguridad.jpg","datePublished":"2012-12-29T14:15:26+00:00","dateModified":"2012-12-30T00:57:36+00:00","description":"Argentina reemplazar\u00e1 a Colombia, el martes 1 de enero pr\u00f3ximo, como miembro no permanente del Consejo de Seguridad durante dos a\u00f1os, y tendr\u00e1 como","breadcrumb":{"@id":"https:\/\/www.pressenza.com\/es\/2012\/12\/argentina-reemplazara-a-colombia-en-el-consejo-de-seguridad\/#breadcrumb"},"inLanguage":"es","potentialAction":[{"@type":"ReadAction","target":["https:\/\/www.pressenza.com\/es\/2012\/12\/argentina-reemplazara-a-colombia-en-el-consejo-de-seguridad\/"]}]},{"@type":"ImageObject","inLanguage":"es","@id":"https:\/\/www.pressenza.com\/es\/2012\/12\/argentina-reemplazara-a-colombia-en-el-consejo-de-seguridad\/#primaryimage","url":"https:\/\/www.pressenza.com\/wp-content\/uploads\/2012\/12\/onu-consejo-seguridad.jpg","contentUrl":"https:\/\/www.pressenza.com\/wp-content\/uploads\/2012\/12\/onu-consejo-seguridad.jpg","width":"285","height":"190"},{"@type":"BreadcrumbList","@id":"https:\/\/www.pressenza.com\/es\/2012\/12\/argentina-reemplazara-a-colombia-en-el-consejo-de-seguridad\/#breadcrumb","itemListElement":[{"@type":"ListItem","position":1,"name":"Accueil","item":"https:\/\/www.pressenza.com\/es\/"},{"@type":"ListItem","position":2,"name":"Argentina reemplazar\u00e1 a Colombia en el Consejo de Seguridad"}]},{"@type":"WebSite","@id":"https:\/\/www.pressenza.com\/es\/#website","url":"https:\/\/www.pressenza.com\/es\/","name":"Pressenza","description":"International Press Agency","publisher":{"@id":"https:\/\/www.pressenza.com\/es\/#organization"},"potentialAction":[{"@type":"SearchAction","target":{"@type":"EntryPoint","urlTemplate":"https:\/\/www.pressenza.com\/es\/?s={search_term_string}"},"query-input":{"@type":"PropertyValueSpecification","valueRequired":true,"valueName":"search_term_string"}}],"inLanguage":"es"},{"@type":"Organization","@id":"https:\/\/www.pressenza.com\/es\/#organization","name":"Pressenza","url":"https:\/\/www.pressenza.com\/es\/","logo":{"@type":"ImageObject","inLanguage":"es","@id":"https:\/\/www.pressenza.com\/es\/#\/schema\/logo\/image\/","url":"https:\/\/www.pressenza.com\/wp-content\/uploads\/2022\/10\/pressenza_logo_200x200.jpg","contentUrl":"https:\/\/www.pressenza.com\/wp-content\/uploads\/2022\/10\/pressenza_logo_200x200.jpg","width":200,"height":200,"caption":"Pressenza"},"image":{"@id":"https:\/\/www.pressenza.com\/es\/#\/schema\/logo\/image\/"},"sameAs":["https:\/\/www.facebook.com\/PressenzaItalia","https:\/\/x.com\/PressenzaIPA"]},{"@type":"Person","@id":"https:\/\/www.pressenza.com\/es\/#\/schema\/person\/a9efe8d7b19eb4689fcbcb71bc21dba6","name":"Uni\u00f3n Latinoamericana de Agencias de Noticias","description":"Una asociaci\u00f3n supranacional que re\u00fane a las agencias de noticias de Am\u00e9rica Latina y el Caribe. agenciasulan.org","sameAs":["https:\/\/www.facebook.com\/AgenciasUlan","https:\/\/x.com\/agenciasulan"],"url":"https:\/\/www.pressenza.com\/es\/author\/union-latinoamericana-de-agencias-de-noticias\/"}]}},"place":"Nueva York","original_article_url":"","_links":{"self":[{"href":"https:\/\/www.pressenza.com\/es\/wp-json\/wp\/v2\/posts\/30949","targetHints":{"allow":["GET"]}}],"collection":[{"href":"https:\/\/www.pressenza.com\/es\/wp-json\/wp\/v2\/posts"}],"about":[{"href":"https:\/\/www.pressenza.com\/es\/wp-json\/wp\/v2\/types\/post"}],"author":[{"embeddable":true,"href":"https:\/\/www.pressenza.com\/es\/wp-json\/wp\/v2\/users\/640"}],"replies":[{"embeddable":true,"href":"https:\/\/www.pressenza.com\/es\/wp-json\/wp\/v2\/comments?post=30949"}],"version-history":[{"count":0,"href":"https:\/\/www.pressenza.com\/es\/wp-json\/wp\/v2\/posts\/30949\/revisions"}],"wp:featuredmedia":[{"embeddable":true,"href":"https:\/\/www.pressenza.com\/es\/wp-json\/wp\/v2\/media\/30956"}],"wp:attachment":[{"href":"https:\/\/www.pressenza.com\/es\/wp-json\/wp\/v2\/media?parent=30949"}],"wp:term":[{"taxonomy":"category","embeddable":true,"href":"https:\/\/www.pressenza.com\/es\/wp-json\/wp\/v2\/categories?post=30949"},{"taxonomy":"post_tag","embeddable":true,"href":"https:\/\/www.pressenza.com\/es\/wp-json\/wp\/v2\/tags?post=30949"}],"curies":[{"name":"wp","href":"https:\/\/api.w.org\/{rel}","templated":true}]}}