{"id":308514,"date":"2016-04-28T17:41:42","date_gmt":"2016-04-28T16:41:42","guid":{"rendered":"http:\/\/www.pressenza.com\/es\/?p=308514"},"modified":"2016-04-28T17:42:44","modified_gmt":"2016-04-28T16:42:44","slug":"francia-conferencia-aix-provence-la-calle-museo","status":"publish","type":"post","link":"https:\/\/www.pressenza.com\/es\/2016\/04\/francia-conferencia-aix-provence-la-calle-museo\/","title":{"rendered":"Francia, conferencia en Aix-en-Provence: la calle es un museo"},"content":{"rendered":"<p>Este lunes 25 de abril, la asociaci\u00f3n de <a href=\"http:\/\/www.amis-musees-aix.fr\/Index.html\">Amigos de los Museos de Aix-en-Provence <\/a>tuvo la espl\u00e9ndida idea de invitar a Nathalie Douay, licenciada en Historia del Arte y conferencista nacional, para guiarnos en el rastro dejado por los \u201cartistas callejeros\u201d. La calle es un museo, y nada menos que desde la antig\u00fcedad. Las esculturas fueron las primeras obras de arte instaladas en el espacio p\u00fablico.<\/p>\n<p style=\"text-align: justify;\">Nathalie Douay nos invit\u00f3 a dar un paseo: un viaje de Par\u00eds a Kabul, pasando por Marsella y Argel, yendo del Cairo a Beirut, a Nueva York, a Alemania, desvi\u00e1ndonos por\u00a0Fort-de-France con sus colores, o por la m\u00e1gica Valpara\u00edso, por las favelas de R\u00edo de Janeiro y hasta por Corea del Sur. Nuestros sentidos, nuestras costumbres y nuestra mirada evolucionaron hacia un mundo de colores, de formas, de emociones, con artistas que nos sorprendieron con humor pero que tambi\u00e9n nos perturbaron, nos maravillaron y nos cuestionaron. En un muro o en el pavimento, en los postes o en las escaleras, en la grieta de una pared o utilizando un paso peatonal, con la materia que ofrece la calle el artista nos habla, se nos acerca\u2026 \u00a1tal vez sea esa persona que acabo de cruzar caminando!<\/p>\n<p style=\"text-align: justify;\">Desde siempre, el arte acompa\u00f1\u00f3 los cambios profundos de nuestra sociedad. Indisociable de lo humano, el arte es la expresi\u00f3n de su humanidad. La calle es un museo y es una gloria. Vive, sue\u00f1a, respira\u2026 ya no es an\u00f3nima. El espacio p\u00fablico vuelve a ser com\u00fan a todos, es NUESTRO. El muro descascarado y sucio se torna bello, nos hace so\u00f1ar o nos entrega un mensaje. En el espacio p\u00fablico el arte es portador de sentido. Caen las barreras, se abre un espacio de libertad y de mutuo descubrimiento. Estas obras, en su mayor\u00eda ef\u00edmeras, son testimonio de la generosidad de estos artistas. A menudo an\u00f3nimos, que trabajan colectivamente, los artistas dan y comparten.<\/p>\n<p style=\"text-align: justify;\">Para esta conferencia, Nathalie Douay\u00a0hizo una selecci\u00f3n de obras verdaderamente coherentes con el espacio p\u00fablico, sin olvidarse de los grandes representantes del <em>street art<\/em>.<\/p>\n<div id=\"attachment_308515\" class=\"wp-caption alignnone\"><img loading=\"lazy\" decoding=\"async\" aria-describedby=\"caption-attachment-308515\" class=\"wp-image-308515 size-full\" src=\"http:\/\/www.pressenza.com\/wp-content\/uploads\/2016\/04\/marseille-1.jpg\" alt=\"marseille\" width=\"700\" height=\"466\" srcset=\"https:\/\/www.pressenza.com\/wp-content\/uploads\/2016\/04\/marseille-1.jpg 700w, https:\/\/www.pressenza.com\/wp-content\/uploads\/2016\/04\/marseille-1-300x200.jpg 300w\" sizes=\"auto, (max-width: 700px) 100vw, 700px\" \/><p id=\"caption-attachment-308515\" class=\"wp-caption-text\">Bruno Catalano, Los viajantes, Marsella, 2013<\/p><\/div>\n<div id=\"attachment_308531\" class=\"wp-caption alignnone\"><img loading=\"lazy\" decoding=\"async\" aria-describedby=\"caption-attachment-308531\" class=\"wp-image-308531 size-full\" src=\"http:\/\/www.pressenza.com\/wp-content\/uploads\/2016\/04\/ernest-1.jpg\" alt=\"ernest\" width=\"665\" height=\"425\" srcset=\"https:\/\/www.pressenza.com\/wp-content\/uploads\/2016\/04\/ernest-1.jpg 665w, https:\/\/www.pressenza.com\/wp-content\/uploads\/2016\/04\/ernest-1-300x192.jpg 300w\" sizes=\"auto, (max-width: 665px) 100vw, 665px\" \/><p id=\"caption-attachment-308531\" class=\"wp-caption-text\">Ernest Pignon, Los expulsados, Par\u00eds, 1979<\/p><\/div>\n<div id=\"attachment_308522\" class=\"wp-caption alignnone\"><img loading=\"lazy\" decoding=\"async\" aria-describedby=\"caption-attachment-308522\" class=\"wp-image-308522 size-full\" src=\"http:\/\/www.pressenza.com\/wp-content\/uploads\/2016\/04\/gaza-1.jpg\" alt=\"gaza\" width=\"675\" height=\"450\" srcset=\"https:\/\/www.pressenza.com\/wp-content\/uploads\/2016\/04\/gaza-1.jpg 675w, https:\/\/www.pressenza.com\/wp-content\/uploads\/2016\/04\/gaza-1-300x200.jpg 300w\" sizes=\"auto, (max-width: 675px) 100vw, 675px\" \/><p id=\"caption-attachment-308522\" class=\"wp-caption-text\">JR, FACE2FACE (Frente a frente), muro de separaci\u00f3n, lado palestino en Bel\u00e9n, 2007<\/p><\/div>\n<div id=\"attachment_308538\" class=\"wp-caption alignnone\"><img loading=\"lazy\" decoding=\"async\" aria-describedby=\"caption-attachment-308538\" class=\"wp-image-308538 size-large\" src=\"http:\/\/www.pressenza.com\/wp-content\/uploads\/2016\/04\/beyrouth1-2-720x480.jpg\" alt=\"Yazan Halwany, Fairuz, Beirut, 2013\" width=\"720\" height=\"480\" srcset=\"https:\/\/www.pressenza.com\/wp-content\/uploads\/2016\/04\/beyrouth1-2-720x480.jpg 720w, https:\/\/www.pressenza.com\/wp-content\/uploads\/2016\/04\/beyrouth1-2-300x200.jpg 300w, https:\/\/www.pressenza.com\/wp-content\/uploads\/2016\/04\/beyrouth1-2.jpg 750w\" sizes=\"auto, (max-width: 720px) 100vw, 720px\" \/><p id=\"caption-attachment-308538\" class=\"wp-caption-text\">Yazan Halwany, Fairuz, Beirut, 2013<\/p><\/div>\n<div id=\"attachment_308545\" class=\"wp-caption alignnone\"><img loading=\"lazy\" decoding=\"async\" aria-describedby=\"caption-attachment-308545\" class=\"wp-image-308545 size-full\" src=\"http:\/\/www.pressenza.com\/wp-content\/uploads\/2016\/04\/cerf-1.jpg\" alt=\"DALeast, carrera de ciervos, Nueva York, 2010\" width=\"716\" height=\"433\" srcset=\"https:\/\/www.pressenza.com\/wp-content\/uploads\/2016\/04\/cerf-1.jpg 716w, https:\/\/www.pressenza.com\/wp-content\/uploads\/2016\/04\/cerf-1-300x181.jpg 300w\" sizes=\"auto, (max-width: 716px) 100vw, 716px\" \/><p id=\"caption-attachment-308545\" class=\"wp-caption-text\">DALeast, carrera de ciervos, Nueva York, 2010<\/p><\/div>\n<div id=\"attachment_308553\" class=\"wp-caption alignnone\"><img loading=\"lazy\" decoding=\"async\" aria-describedby=\"caption-attachment-308553\" class=\"wp-image-308553 size-full\" src=\"http:\/\/www.pressenza.com\/wp-content\/uploads\/2016\/04\/hommes-m\u00e9nage-1.jpg\" alt=\"hommes-m\u00e9nage\" width=\"640\" height=\"360\" srcset=\"https:\/\/www.pressenza.com\/wp-content\/uploads\/2016\/04\/hommes-m\u00e9nage-1.jpg 640w, https:\/\/www.pressenza.com\/wp-content\/uploads\/2016\/04\/hommes-m\u00e9nage-1-300x169.jpg 300w\" sizes=\"auto, (max-width: 640px) 100vw, 640px\" \/><p id=\"caption-attachment-308553\" class=\"wp-caption-text\">Arts Lords, Los h\u00e9roes de mi ciudad, Kabul 2015<\/p><\/div>\n<div id=\"attachment_308560\" class=\"wp-caption alignnone\"><img loading=\"lazy\" decoding=\"async\" aria-describedby=\"caption-attachment-308560\" class=\"wp-image-308560 size-full\" src=\"http:\/\/www.pressenza.com\/wp-content\/uploads\/2016\/04\/cheuveux-1.jpg\" alt=\"cheuveux\" width=\"590\" height=\"492\" srcset=\"https:\/\/www.pressenza.com\/wp-content\/uploads\/2016\/04\/cheuveux-1.jpg 590w, https:\/\/www.pressenza.com\/wp-content\/uploads\/2016\/04\/cheuveux-1-300x250.jpg 300w\" sizes=\"auto, (max-width: 590px) 100vw, 590px\" \/><p id=\"caption-attachment-308560\" class=\"wp-caption-text\">Nuxuno X\u00e4n, Fort-de-France, 2012<\/p><\/div>\n<div id=\"attachment_308567\" class=\"wp-caption alignnone\"><img loading=\"lazy\" decoding=\"async\" aria-describedby=\"caption-attachment-308567\" class=\"wp-image-308567 size-full\" src=\"http:\/\/www.pressenza.com\/wp-content\/uploads\/2016\/04\/trou-1.jpg\" alt=\"trou\" width=\"400\" height=\"303\" srcset=\"https:\/\/www.pressenza.com\/wp-content\/uploads\/2016\/04\/trou-1.jpg 400w, https:\/\/www.pressenza.com\/wp-content\/uploads\/2016\/04\/trou-1-300x227.jpg 300w\" sizes=\"auto, (max-width: 400px) 100vw, 400px\" \/><p id=\"caption-attachment-308567\" class=\"wp-caption-text\">Edgar Mueller, Grieta, Alemania<\/p><\/div>\n<div id=\"attachment_308574\" class=\"wp-caption alignnone\"><img loading=\"lazy\" decoding=\"async\" aria-describedby=\"caption-attachment-308574\" class=\"wp-image-308574 size-full\" src=\"http:\/\/www.pressenza.com\/wp-content\/uploads\/2016\/04\/escalier-1.jpg\" alt=\"escalier\" width=\"352\" height=\"341\" srcset=\"https:\/\/www.pressenza.com\/wp-content\/uploads\/2016\/04\/escalier-1.jpg 352w, https:\/\/www.pressenza.com\/wp-content\/uploads\/2016\/04\/escalier-1-300x291.jpg 300w\" sizes=\"auto, (max-width: 352px) 100vw, 352px\" \/><p id=\"caption-attachment-308574\" class=\"wp-caption-text\">Argel<\/p><\/div>\n<div id=\"attachment_308581\" class=\"wp-caption alignnone\"><img loading=\"lazy\" decoding=\"async\" aria-describedby=\"caption-attachment-308581\" class=\"wp-image-308581 size-full\" src=\"http:\/\/www.pressenza.com\/wp-content\/uploads\/2016\/04\/seoul1-1.jpg\" alt=\"seoul1\" width=\"500\" height=\"697\" srcset=\"https:\/\/www.pressenza.com\/wp-content\/uploads\/2016\/04\/seoul1-1.jpg 500w, https:\/\/www.pressenza.com\/wp-content\/uploads\/2016\/04\/seoul1-1-215x300.jpg 215w\" sizes=\"auto, (max-width: 500px) 100vw, 500px\" \/><p id=\"caption-attachment-308581\" class=\"wp-caption-text\">Se\u00fal, Corea del Sur<\/p><\/div>\n<div id=\"attachment_308588\" class=\"wp-caption alignnone\"><img loading=\"lazy\" decoding=\"async\" aria-describedby=\"caption-attachment-308588\" class=\"wp-image-308588 size-large\" src=\"http:\/\/www.pressenza.com\/wp-content\/uploads\/2016\/04\/zin1-1-720x539.jpg\" alt=\"zin1\" width=\"720\" height=\"539\" srcset=\"https:\/\/www.pressenza.com\/wp-content\/uploads\/2016\/04\/zin1-1-720x539.jpg 720w, https:\/\/www.pressenza.com\/wp-content\/uploads\/2016\/04\/zin1-1-300x224.jpg 300w, https:\/\/www.pressenza.com\/wp-content\/uploads\/2016\/04\/zin1-1.jpg 750w\" sizes=\"auto, (max-width: 720px) 100vw, 720px\" \/><p id=\"caption-attachment-308588\" class=\"wp-caption-text\">David Zinn, Michigan, Estados Unidos<\/p><\/div>\n<p style=\"text-align: justify;\">\n","protected":false},"excerpt":{"rendered":"<p>Este lunes 25 de abril, la asociaci\u00f3n de Amigos de los Museos de Aix-en-Provence tuvo la espl\u00e9ndida idea de invitar a Nathalie Douay, licenciada en Historia del Arte y conferencista nacional, para guiarnos en el rastro dejado por los \u201cartistas&hellip;<\/p>\n","protected":false},"author":1208,"featured_media":308183,"comment_status":"closed","ping_status":"closed","sticky":false,"template":"","format":"standard","meta":{"footnotes":""},"categories":[11389,75,66],"tags":[26528,11743],"class_list":["post-308514","post","type-post","status-publish","format-standard","has-post-thumbnail","hentry","category-contenido-original","category-cultura-es","category-europa-es","tag-arte-y-sentido","tag-street-art"],"yoast_head":"<!-- This site is optimized with the Yoast SEO plugin v27.1.1 - https:\/\/yoast.com\/product\/yoast-seo-wordpress\/ -->\n<title>Francia, conferencia en Aix-en-Provence: la calle es un museo<\/title>\n<meta name=\"description\" content=\"Este lunes 25 de abril, la asociaci\u00f3n de Amigos de los Museos de Aix-en-Provence tuvo la espl\u00e9ndida idea de invitar a Nathalie Douay, licenciada en\" \/>\n<meta name=\"robots\" content=\"index, follow, max-snippet:-1, max-image-preview:large, max-video-preview:-1\" \/>\n<link rel=\"canonical\" href=\"https:\/\/www.pressenza.com\/es\/2016\/04\/francia-conferencia-aix-provence-la-calle-museo\/\" \/>\n<meta property=\"og:locale\" content=\"es_ES\" \/>\n<meta property=\"og:type\" content=\"article\" \/>\n<meta property=\"og:title\" content=\"Francia, conferencia en Aix-en-Provence: la calle es un museo\" \/>\n<meta property=\"og:description\" content=\"Este lunes 25 de abril, la asociaci\u00f3n de Amigos de los Museos de Aix-en-Provence tuvo la espl\u00e9ndida idea de invitar a Nathalie Douay, licenciada en\" \/>\n<meta property=\"og:url\" content=\"https:\/\/www.pressenza.com\/es\/2016\/04\/francia-conferencia-aix-provence-la-calle-museo\/\" \/>\n<meta property=\"og:site_name\" content=\"Pressenza\" \/>\n<meta property=\"article:publisher\" content=\"https:\/\/www.facebook.com\/PressenzaItalia\" \/>\n<meta property=\"article:published_time\" content=\"2016-04-28T16:41:42+00:00\" \/>\n<meta property=\"article:modified_time\" content=\"2016-04-28T16:42:44+00:00\" \/>\n<meta property=\"og:image\" content=\"https:\/\/www.pressenza.com\/wp-content\/uploads\/2016\/04\/hopare1.jpg\" \/>\n\t<meta property=\"og:image:width\" content=\"750\" \/>\n\t<meta property=\"og:image:height\" content=\"500\" \/>\n\t<meta property=\"og:image:type\" content=\"image\/jpeg\" \/>\n<meta name=\"author\" content=\"Gabrielle Negrel\" \/>\n<meta name=\"twitter:card\" content=\"summary_large_image\" \/>\n<meta name=\"twitter:creator\" content=\"@PressenzaIPA\" \/>\n<meta name=\"twitter:site\" content=\"@PressenzaIPA\" \/>\n<meta name=\"twitter:label1\" content=\"Escrito por\" \/>\n\t<meta name=\"twitter:data1\" content=\"Gabrielle Negrel\" \/>\n\t<meta name=\"twitter:label2\" content=\"Tiempo de lectura\" \/>\n\t<meta name=\"twitter:data2\" content=\"3 minutos\" \/>\n<script type=\"application\/ld+json\" class=\"yoast-schema-graph\">{\"@context\":\"https:\/\/schema.org\",\"@graph\":[{\"@type\":\"Article\",\"@id\":\"https:\/\/www.pressenza.com\/es\/2016\/04\/francia-conferencia-aix-provence-la-calle-museo\/#article\",\"isPartOf\":{\"@id\":\"https:\/\/www.pressenza.com\/es\/2016\/04\/francia-conferencia-aix-provence-la-calle-museo\/\"},\"author\":{\"name\":\"Gabrielle Negrel\",\"@id\":\"https:\/\/www.pressenza.com\/es\/#\/schema\/person\/42a4129444c0e03559f6c139cf72f8cf\"},\"headline\":\"Francia, conferencia en Aix-en-Provence: la calle es un museo\",\"datePublished\":\"2016-04-28T16:41:42+00:00\",\"dateModified\":\"2016-04-28T16:42:44+00:00\",\"mainEntityOfPage\":{\"@id\":\"https:\/\/www.pressenza.com\/es\/2016\/04\/francia-conferencia-aix-provence-la-calle-museo\/\"},\"wordCount\":512,\"publisher\":{\"@id\":\"https:\/\/www.pressenza.com\/es\/#organization\"},\"image\":{\"@id\":\"https:\/\/www.pressenza.com\/es\/2016\/04\/francia-conferencia-aix-provence-la-calle-museo\/#primaryimage\"},\"thumbnailUrl\":\"https:\/\/www.pressenza.com\/wp-content\/uploads\/2016\/04\/hopare1.jpg\",\"keywords\":[\"arte y sentido\",\"street art\"],\"articleSection\":[\"Contenido Original\",\"Cultura y Medios\",\"Europa\"],\"inLanguage\":\"es\"},{\"@type\":\"WebPage\",\"@id\":\"https:\/\/www.pressenza.com\/es\/2016\/04\/francia-conferencia-aix-provence-la-calle-museo\/\",\"url\":\"https:\/\/www.pressenza.com\/es\/2016\/04\/francia-conferencia-aix-provence-la-calle-museo\/\",\"name\":\"Francia, conferencia en Aix-en-Provence: la calle es un museo\",\"isPartOf\":{\"@id\":\"https:\/\/www.pressenza.com\/es\/#website\"},\"primaryImageOfPage\":{\"@id\":\"https:\/\/www.pressenza.com\/es\/2016\/04\/francia-conferencia-aix-provence-la-calle-museo\/#primaryimage\"},\"image\":{\"@id\":\"https:\/\/www.pressenza.com\/es\/2016\/04\/francia-conferencia-aix-provence-la-calle-museo\/#primaryimage\"},\"thumbnailUrl\":\"https:\/\/www.pressenza.com\/wp-content\/uploads\/2016\/04\/hopare1.jpg\",\"datePublished\":\"2016-04-28T16:41:42+00:00\",\"dateModified\":\"2016-04-28T16:42:44+00:00\",\"description\":\"Este lunes 25 de abril, la asociaci\u00f3n de Amigos de los Museos de Aix-en-Provence tuvo la espl\u00e9ndida idea de invitar a Nathalie Douay, licenciada en\",\"breadcrumb\":{\"@id\":\"https:\/\/www.pressenza.com\/es\/2016\/04\/francia-conferencia-aix-provence-la-calle-museo\/#breadcrumb\"},\"inLanguage\":\"es\",\"potentialAction\":[{\"@type\":\"ReadAction\",\"target\":[\"https:\/\/www.pressenza.com\/es\/2016\/04\/francia-conferencia-aix-provence-la-calle-museo\/\"]}]},{\"@type\":\"ImageObject\",\"inLanguage\":\"es\",\"@id\":\"https:\/\/www.pressenza.com\/es\/2016\/04\/francia-conferencia-aix-provence-la-calle-museo\/#primaryimage\",\"url\":\"https:\/\/www.pressenza.com\/wp-content\/uploads\/2016\/04\/hopare1.jpg\",\"contentUrl\":\"https:\/\/www.pressenza.com\/wp-content\/uploads\/2016\/04\/hopare1.jpg\",\"width\":750,\"height\":500},{\"@type\":\"BreadcrumbList\",\"@id\":\"https:\/\/www.pressenza.com\/es\/2016\/04\/francia-conferencia-aix-provence-la-calle-museo\/#breadcrumb\",\"itemListElement\":[{\"@type\":\"ListItem\",\"position\":1,\"name\":\"Accueil\",\"item\":\"https:\/\/www.pressenza.com\/es\/\"},{\"@type\":\"ListItem\",\"position\":2,\"name\":\"Francia, conferencia en Aix-en-Provence: la calle es un museo\"}]},{\"@type\":\"WebSite\",\"@id\":\"https:\/\/www.pressenza.com\/es\/#website\",\"url\":\"https:\/\/www.pressenza.com\/es\/\",\"name\":\"Pressenza\",\"description\":\"International Press Agency\",\"publisher\":{\"@id\":\"https:\/\/www.pressenza.com\/es\/#organization\"},\"potentialAction\":[{\"@type\":\"SearchAction\",\"target\":{\"@type\":\"EntryPoint\",\"urlTemplate\":\"https:\/\/www.pressenza.com\/es\/?s={search_term_string}\"},\"query-input\":{\"@type\":\"PropertyValueSpecification\",\"valueRequired\":true,\"valueName\":\"search_term_string\"}}],\"inLanguage\":\"es\"},{\"@type\":\"Organization\",\"@id\":\"https:\/\/www.pressenza.com\/es\/#organization\",\"name\":\"Pressenza\",\"url\":\"https:\/\/www.pressenza.com\/es\/\",\"logo\":{\"@type\":\"ImageObject\",\"inLanguage\":\"es\",\"@id\":\"https:\/\/www.pressenza.com\/es\/#\/schema\/logo\/image\/\",\"url\":\"https:\/\/www.pressenza.com\/wp-content\/uploads\/2022\/10\/pressenza_logo_200x200.jpg\",\"contentUrl\":\"https:\/\/www.pressenza.com\/wp-content\/uploads\/2022\/10\/pressenza_logo_200x200.jpg\",\"width\":200,\"height\":200,\"caption\":\"Pressenza\"},\"image\":{\"@id\":\"https:\/\/www.pressenza.com\/es\/#\/schema\/logo\/image\/\"},\"sameAs\":[\"https:\/\/www.facebook.com\/PressenzaItalia\",\"https:\/\/x.com\/PressenzaIPA\"]},{\"@type\":\"Person\",\"@id\":\"https:\/\/www.pressenza.com\/es\/#\/schema\/person\/42a4129444c0e03559f6c139cf72f8cf\",\"name\":\"Gabrielle Negrel\",\"description\":\"Activist for nonviolence and human rights, Gabrielle Negrel is a trained assistant nurse and was trade union activist before writing for Pressenza.\",\"url\":\"https:\/\/www.pressenza.com\/es\/author\/gabrielle-negrel\/\"}]}<\/script>\n<!-- \/ Yoast SEO plugin. -->","yoast_head_json":{"title":"Francia, conferencia en Aix-en-Provence: la calle es un museo","description":"Este lunes 25 de abril, la asociaci\u00f3n de Amigos de los Museos de Aix-en-Provence tuvo la espl\u00e9ndida idea de invitar a Nathalie Douay, licenciada en","robots":{"index":"index","follow":"follow","max-snippet":"max-snippet:-1","max-image-preview":"max-image-preview:large","max-video-preview":"max-video-preview:-1"},"canonical":"https:\/\/www.pressenza.com\/es\/2016\/04\/francia-conferencia-aix-provence-la-calle-museo\/","og_locale":"es_ES","og_type":"article","og_title":"Francia, conferencia en Aix-en-Provence: la calle es un museo","og_description":"Este lunes 25 de abril, la asociaci\u00f3n de Amigos de los Museos de Aix-en-Provence tuvo la espl\u00e9ndida idea de invitar a Nathalie Douay, licenciada en","og_url":"https:\/\/www.pressenza.com\/es\/2016\/04\/francia-conferencia-aix-provence-la-calle-museo\/","og_site_name":"Pressenza","article_publisher":"https:\/\/www.facebook.com\/PressenzaItalia","article_published_time":"2016-04-28T16:41:42+00:00","article_modified_time":"2016-04-28T16:42:44+00:00","og_image":[{"width":750,"height":500,"url":"https:\/\/www.pressenza.com\/wp-content\/uploads\/2016\/04\/hopare1.jpg","type":"image\/jpeg"}],"author":"Gabrielle Negrel","twitter_card":"summary_large_image","twitter_creator":"@PressenzaIPA","twitter_site":"@PressenzaIPA","twitter_misc":{"Escrito por":"Gabrielle Negrel","Tiempo de lectura":"3 minutos"},"schema":{"@context":"https:\/\/schema.org","@graph":[{"@type":"Article","@id":"https:\/\/www.pressenza.com\/es\/2016\/04\/francia-conferencia-aix-provence-la-calle-museo\/#article","isPartOf":{"@id":"https:\/\/www.pressenza.com\/es\/2016\/04\/francia-conferencia-aix-provence-la-calle-museo\/"},"author":{"name":"Gabrielle Negrel","@id":"https:\/\/www.pressenza.com\/es\/#\/schema\/person\/42a4129444c0e03559f6c139cf72f8cf"},"headline":"Francia, conferencia en Aix-en-Provence: la calle es un museo","datePublished":"2016-04-28T16:41:42+00:00","dateModified":"2016-04-28T16:42:44+00:00","mainEntityOfPage":{"@id":"https:\/\/www.pressenza.com\/es\/2016\/04\/francia-conferencia-aix-provence-la-calle-museo\/"},"wordCount":512,"publisher":{"@id":"https:\/\/www.pressenza.com\/es\/#organization"},"image":{"@id":"https:\/\/www.pressenza.com\/es\/2016\/04\/francia-conferencia-aix-provence-la-calle-museo\/#primaryimage"},"thumbnailUrl":"https:\/\/www.pressenza.com\/wp-content\/uploads\/2016\/04\/hopare1.jpg","keywords":["arte y sentido","street art"],"articleSection":["Contenido Original","Cultura y Medios","Europa"],"inLanguage":"es"},{"@type":"WebPage","@id":"https:\/\/www.pressenza.com\/es\/2016\/04\/francia-conferencia-aix-provence-la-calle-museo\/","url":"https:\/\/www.pressenza.com\/es\/2016\/04\/francia-conferencia-aix-provence-la-calle-museo\/","name":"Francia, conferencia en Aix-en-Provence: la calle es un museo","isPartOf":{"@id":"https:\/\/www.pressenza.com\/es\/#website"},"primaryImageOfPage":{"@id":"https:\/\/www.pressenza.com\/es\/2016\/04\/francia-conferencia-aix-provence-la-calle-museo\/#primaryimage"},"image":{"@id":"https:\/\/www.pressenza.com\/es\/2016\/04\/francia-conferencia-aix-provence-la-calle-museo\/#primaryimage"},"thumbnailUrl":"https:\/\/www.pressenza.com\/wp-content\/uploads\/2016\/04\/hopare1.jpg","datePublished":"2016-04-28T16:41:42+00:00","dateModified":"2016-04-28T16:42:44+00:00","description":"Este lunes 25 de abril, la asociaci\u00f3n de Amigos de los Museos de Aix-en-Provence tuvo la espl\u00e9ndida idea de invitar a Nathalie Douay, licenciada en","breadcrumb":{"@id":"https:\/\/www.pressenza.com\/es\/2016\/04\/francia-conferencia-aix-provence-la-calle-museo\/#breadcrumb"},"inLanguage":"es","potentialAction":[{"@type":"ReadAction","target":["https:\/\/www.pressenza.com\/es\/2016\/04\/francia-conferencia-aix-provence-la-calle-museo\/"]}]},{"@type":"ImageObject","inLanguage":"es","@id":"https:\/\/www.pressenza.com\/es\/2016\/04\/francia-conferencia-aix-provence-la-calle-museo\/#primaryimage","url":"https:\/\/www.pressenza.com\/wp-content\/uploads\/2016\/04\/hopare1.jpg","contentUrl":"https:\/\/www.pressenza.com\/wp-content\/uploads\/2016\/04\/hopare1.jpg","width":750,"height":500},{"@type":"BreadcrumbList","@id":"https:\/\/www.pressenza.com\/es\/2016\/04\/francia-conferencia-aix-provence-la-calle-museo\/#breadcrumb","itemListElement":[{"@type":"ListItem","position":1,"name":"Accueil","item":"https:\/\/www.pressenza.com\/es\/"},{"@type":"ListItem","position":2,"name":"Francia, conferencia en Aix-en-Provence: la calle es un museo"}]},{"@type":"WebSite","@id":"https:\/\/www.pressenza.com\/es\/#website","url":"https:\/\/www.pressenza.com\/es\/","name":"Pressenza","description":"International Press Agency","publisher":{"@id":"https:\/\/www.pressenza.com\/es\/#organization"},"potentialAction":[{"@type":"SearchAction","target":{"@type":"EntryPoint","urlTemplate":"https:\/\/www.pressenza.com\/es\/?s={search_term_string}"},"query-input":{"@type":"PropertyValueSpecification","valueRequired":true,"valueName":"search_term_string"}}],"inLanguage":"es"},{"@type":"Organization","@id":"https:\/\/www.pressenza.com\/es\/#organization","name":"Pressenza","url":"https:\/\/www.pressenza.com\/es\/","logo":{"@type":"ImageObject","inLanguage":"es","@id":"https:\/\/www.pressenza.com\/es\/#\/schema\/logo\/image\/","url":"https:\/\/www.pressenza.com\/wp-content\/uploads\/2022\/10\/pressenza_logo_200x200.jpg","contentUrl":"https:\/\/www.pressenza.com\/wp-content\/uploads\/2022\/10\/pressenza_logo_200x200.jpg","width":200,"height":200,"caption":"Pressenza"},"image":{"@id":"https:\/\/www.pressenza.com\/es\/#\/schema\/logo\/image\/"},"sameAs":["https:\/\/www.facebook.com\/PressenzaItalia","https:\/\/x.com\/PressenzaIPA"]},{"@type":"Person","@id":"https:\/\/www.pressenza.com\/es\/#\/schema\/person\/42a4129444c0e03559f6c139cf72f8cf","name":"Gabrielle Negrel","description":"Activist for nonviolence and human rights, Gabrielle Negrel is a trained assistant nurse and was trade union activist before writing for Pressenza.","url":"https:\/\/www.pressenza.com\/es\/author\/gabrielle-negrel\/"}]}},"place":"","original_article_url":"","_links":{"self":[{"href":"https:\/\/www.pressenza.com\/es\/wp-json\/wp\/v2\/posts\/308514","targetHints":{"allow":["GET"]}}],"collection":[{"href":"https:\/\/www.pressenza.com\/es\/wp-json\/wp\/v2\/posts"}],"about":[{"href":"https:\/\/www.pressenza.com\/es\/wp-json\/wp\/v2\/types\/post"}],"author":[{"embeddable":true,"href":"https:\/\/www.pressenza.com\/es\/wp-json\/wp\/v2\/users\/1208"}],"replies":[{"embeddable":true,"href":"https:\/\/www.pressenza.com\/es\/wp-json\/wp\/v2\/comments?post=308514"}],"version-history":[{"count":0,"href":"https:\/\/www.pressenza.com\/es\/wp-json\/wp\/v2\/posts\/308514\/revisions"}],"wp:featuredmedia":[{"embeddable":true,"href":"https:\/\/www.pressenza.com\/es\/wp-json\/wp\/v2\/media\/308183"}],"wp:attachment":[{"href":"https:\/\/www.pressenza.com\/es\/wp-json\/wp\/v2\/media?parent=308514"}],"wp:term":[{"taxonomy":"category","embeddable":true,"href":"https:\/\/www.pressenza.com\/es\/wp-json\/wp\/v2\/categories?post=308514"},{"taxonomy":"post_tag","embeddable":true,"href":"https:\/\/www.pressenza.com\/es\/wp-json\/wp\/v2\/tags?post=308514"}],"curies":[{"name":"wp","href":"https:\/\/api.w.org\/{rel}","templated":true}]}}