{"id":307891,"date":"2016-04-27T17:14:46","date_gmt":"2016-04-27T16:14:46","guid":{"rendered":"http:\/\/www.pressenza.com\/es\/?p=307891"},"modified":"2016-04-27T17:14:46","modified_gmt":"2016-04-27T16:14:46","slug":"paro-atacama-suma-57-dias-entre-apoyos-y-quiebres","status":"publish","type":"post","link":"https:\/\/www.pressenza.com\/es\/2016\/04\/paro-atacama-suma-57-dias-entre-apoyos-y-quiebres\/","title":{"rendered":"Chile: Paro Atacama suma 57 d\u00edas entre apoyos y quiebres"},"content":{"rendered":"<p><em>Mientras los trabajadores portuarios y varios diputados y senadores regionales respaldan la protesta, la Central Unitaria de Trabajadores de Chile (CUT) est\u00e1 trata de bajar el movimiento e insta a negociar de el proyecto del Gobierno.<\/em><\/p>\n<p>Los trabajadores p\u00fablicos norte\u00f1os enfrentan <strong>desde hace semanas un tremendo desaf\u00edo<\/strong>: hacer que el <strong>Gobierno cumpla su compromiso, adquirido en 2014 de pagarles el bono<\/strong> anual. La <strong>lucha que los empleados p\u00fablicos est\u00e1n llevando a cabo suma hoy su 57\u00ba d\u00eda,<\/strong> y en este punto la movilizaci\u00f3n agarra m\u00e1s fuerza con el apoyo de los <strong>trabajadores de la Uni\u00f3n Portuaria<\/strong>, que a partir de ma\u00f1ana empiezan una<strong> huelga parcial en solidaridad con sus compa\u00f1eros atacame\u00f1os<\/strong>.<\/p>\n<p>Ser\u00e1n una cuarentena de portuarios los que este mi\u00e9rcoles <strong>marcharan junto a los funcionarios p\u00fablicos para respaldar la protesta<\/strong>. \u201cApoyamos la movilizaci\u00f3n por dos razones -explic\u00f3 a <em>El Ciudadano<\/em> el vocero del gremio, <strong>Daniel Riquelme<\/strong>-.\u00a0Primero, porque la Uni\u00f3n Portuaria ha tenido siempre solidaridad con otros sectores movilizados como estudiantes, profesores, etc. La otra raz\u00f3n tiene que ver con\u00a0la <strong>centralizaci\u00f3n pol\u00edtica y administrativa<\/strong> que\u00a0la Uni\u00f3n Portuaria vive en carne propia\u201d. Y a\u00f1adi\u00f3: \u201cLo que pasa en Atacama es un reflejo de las necesidades que la regiones que tendr\u00e1n que ir levantando en materia de salud, de calidad del agua, del aire, etc.\u201d<\/p>\n<p>Los de la Uni\u00f3n respaldar\u00e1n la movilizaci\u00f3n\u00a0de forma gradual, es decir, intensificar\u00e1n la paralizaci\u00f3n seg\u00fan vayan desarroll\u00e1ndose los acontecimientos: \u201cprimero regional, despu\u00e9s nacional y, finalmente, agreg\u00e1ndole m\u00e1s horas, etc.\u201d, puntualiz\u00f3 el vocero.<\/p>\n<h3>La CUT busca el freno<\/h3>\n<p>Fuentes locales aseguran que mientras la postura de la ANEF regional, liderada por <strong>Luis Santoni<\/strong>, mantiene su <strong>posici\u00f3n \u201cdel todo o nada\u201d<\/strong>,\u00a0la <strong>CUT \u201cest\u00e1 tratando de bajar el movimiento<\/strong> y probablemente se producir\u00e1 un quiebre en la Mesa del Sector P\u00fablico\u201d.<\/p>\n<p>Seg\u00fan las mismas fuentes, la CUT quiere <strong>aprobar en general el proyecto de ley presentado por el Ejecutivo,\u00a0<\/strong>que entrega a los trabajadores un<strong>\u00a0bono \u201cextraordinario\u201d de 200.000 pesos una sola vez,<\/strong>\u00a0y rechazarlo en particular. El sindicato buscar\u00eda as\u00ed \u201crenegociar algunos puntos y\u00a0subir la cantidad del monto\u201d. Sin embargo, \u201clos otros problemas que reclama la regi\u00f3n quedar\u00edan pendientes de resolver\u201d.<\/p>\n<p>La semana pasada la comisi\u00f3n de Hacienda de la C\u00e1mara de Diputados rechaz\u00f3 el proyecto. Esto, luego de que los funcionarios p\u00fablicos establecieran alianzas con los parlamentarios regionales para que votaran en contra de la propuesta del Gobierno, que consideran que se present\u00f3 a sus espaldas y sin pedirles opini\u00f3n. En\u00a0los pr\u00f3ximos d\u00edas la propuesta pasar\u00e1 al Senado.<\/p>\n<h3>Apoyo de diputados y senadores<\/h3>\n<p>Una de las muestras de apoyo m\u00e1s evidentes de los diputados y senadores de la regi\u00f3n ha sido precisamente su\u00a0voto en contra del proyecto.<\/p>\n<p>Adem\u00e1s,\u00a0el senador Alejandro Navarro junto a sus pares Baldo Prokurica y Alejandro Guillier, presentaron un proyecto de acuerdo que busca que el Gobierno cumpla y acate de manera \u00edntegra el Protocolo de Acuerdo que pact\u00f3 con los funcionarios p\u00fablicos. Dicho documento ha recibido, por el momento, el apoyo de una quincena de senadores.<\/p>\n<h3>Paralizaci\u00f3n sin vistas a deponerse<\/h3>\n<p>La asamblea de este martes aprob\u00f3 por un 82% seguir con la huelga y no ceder si no se aparta de la mesa la propuesta gubernamental\u00a0del \u201cbono extraordinario\u201d.<\/p>\n<p>Los empleados p\u00fablicos defienden que sus reivindicaciones van mucho m\u00e1s all\u00e1 del bono econ\u00f3mico y pasan por \u201cun nuevo trato para Atacama\u201d que tiene que ver con mejoras en la salud, educaci\u00f3n, vivienda, medioambiente, etc.<\/p>\n<p>Adem\u00e1s, la ANEF regional est\u00e1 trabajando su propia propuesta que contempla\u00a0subrayar estas cuestiones relativas a la calidad de vida, la inclusi\u00f3n de\u00a0los trabajadores que quedaron excluidos del protocolo de 2014 y, la exclusi\u00f3n de los cargos de confianza como intendente, seremis o directores de servicio. El documento\u00a0ser\u00e1 presentado a la intendencia en los pr\u00f3ximos d\u00edas.<\/p>\n<p><em><strong><span class=\"post-autor\">Meritxell Freixas<\/span><\/strong><\/em><\/p>\n","protected":false},"excerpt":{"rendered":"<p>Mientras los trabajadores portuarios y varios diputados y senadores regionales respaldan la protesta, la Central Unitaria de Trabajadores de Chile (CUT) est\u00e1 trata de bajar el movimiento e insta a negociar de el proyecto del Gobierno. Los trabajadores p\u00fablicos norte\u00f1os&hellip;<\/p>\n","protected":false},"author":616,"featured_media":307895,"comment_status":"closed","ping_status":"closed","sticky":false,"template":"","format":"standard","meta":{"footnotes":""},"categories":[74,67],"tags":[29,2006,586,26499],"class_list":["post-307891","post","type-post","status-publish","format-standard","has-post-thumbnail","hentry","category-politica-es","category-sudamerica","tag-chile","tag-cut","tag-huelga","tag-trabajadores-de-la-union-portuaria"],"yoast_head":"<!-- This site is optimized with the Yoast SEO plugin v27.1.1 - https:\/\/yoast.com\/product\/yoast-seo-wordpress\/ -->\n<title>Chile: Paro Atacama suma 57 d\u00edas entre apoyos y quiebres<\/title>\n<meta name=\"description\" content=\"Mientras los trabajadores portuarios y varios diputados y senadores regionales respaldan la protesta, la Central Unitaria de Trabajadores de Chile (CUT)\" \/>\n<meta name=\"robots\" content=\"index, follow, max-snippet:-1, max-image-preview:large, max-video-preview:-1\" \/>\n<link rel=\"canonical\" href=\"https:\/\/www.pressenza.com\/es\/2016\/04\/paro-atacama-suma-57-dias-entre-apoyos-y-quiebres\/\" \/>\n<meta property=\"og:locale\" content=\"es_ES\" \/>\n<meta property=\"og:type\" content=\"article\" \/>\n<meta property=\"og:title\" content=\"Chile: Paro Atacama suma 57 d\u00edas entre apoyos y quiebres\" \/>\n<meta property=\"og:description\" content=\"Mientras los trabajadores portuarios y varios diputados y senadores regionales respaldan la protesta, la Central Unitaria de Trabajadores de Chile (CUT)\" \/>\n<meta property=\"og:url\" content=\"https:\/\/www.pressenza.com\/es\/2016\/04\/paro-atacama-suma-57-dias-entre-apoyos-y-quiebres\/\" \/>\n<meta property=\"og:site_name\" content=\"Pressenza\" \/>\n<meta property=\"article:publisher\" content=\"https:\/\/www.facebook.com\/PressenzaItalia\" \/>\n<meta property=\"article:published_time\" content=\"2016-04-27T16:14:46+00:00\" \/>\n<meta property=\"og:image\" content=\"https:\/\/www.pressenza.com\/wp-content\/uploads\/2016\/04\/paro_atacama-750x500.jpg\" \/>\n\t<meta property=\"og:image:width\" content=\"750\" \/>\n\t<meta property=\"og:image:height\" content=\"500\" \/>\n\t<meta property=\"og:image:type\" content=\"image\/jpeg\" \/>\n<meta name=\"author\" content=\"El Ciudadano\" \/>\n<meta name=\"twitter:card\" content=\"summary_large_image\" \/>\n<meta name=\"twitter:creator\" content=\"@PressenzaIPA\" \/>\n<meta name=\"twitter:site\" content=\"@PressenzaIPA\" \/>\n<meta name=\"twitter:label1\" content=\"Escrito por\" \/>\n\t<meta name=\"twitter:data1\" content=\"El Ciudadano\" \/>\n\t<meta name=\"twitter:label2\" content=\"Tiempo de lectura\" \/>\n\t<meta name=\"twitter:data2\" content=\"3 minutos\" \/>\n<script type=\"application\/ld+json\" class=\"yoast-schema-graph\">{\"@context\":\"https:\/\/schema.org\",\"@graph\":[{\"@type\":\"Article\",\"@id\":\"https:\/\/www.pressenza.com\/es\/2016\/04\/paro-atacama-suma-57-dias-entre-apoyos-y-quiebres\/#article\",\"isPartOf\":{\"@id\":\"https:\/\/www.pressenza.com\/es\/2016\/04\/paro-atacama-suma-57-dias-entre-apoyos-y-quiebres\/\"},\"author\":{\"name\":\"El Ciudadano\",\"@id\":\"https:\/\/www.pressenza.com\/es\/#\/schema\/person\/6522eecb4cd68e074b27e251e4b04ef8\"},\"headline\":\"Chile: Paro Atacama suma 57 d\u00edas entre apoyos y quiebres\",\"datePublished\":\"2016-04-27T16:14:46+00:00\",\"mainEntityOfPage\":{\"@id\":\"https:\/\/www.pressenza.com\/es\/2016\/04\/paro-atacama-suma-57-dias-entre-apoyos-y-quiebres\/\"},\"wordCount\":693,\"publisher\":{\"@id\":\"https:\/\/www.pressenza.com\/es\/#organization\"},\"image\":{\"@id\":\"https:\/\/www.pressenza.com\/es\/2016\/04\/paro-atacama-suma-57-dias-entre-apoyos-y-quiebres\/#primaryimage\"},\"thumbnailUrl\":\"https:\/\/www.pressenza.com\/wp-content\/uploads\/2016\/04\/paro_atacama-750x500.jpg\",\"keywords\":[\"Chile\",\"CUT\",\"huelga\",\"trabajadores de la Uni\u00f3n Portuaria\"],\"articleSection\":[\"Pol\u00edtica\",\"Sudam\u00e9rica\"],\"inLanguage\":\"es\"},{\"@type\":\"WebPage\",\"@id\":\"https:\/\/www.pressenza.com\/es\/2016\/04\/paro-atacama-suma-57-dias-entre-apoyos-y-quiebres\/\",\"url\":\"https:\/\/www.pressenza.com\/es\/2016\/04\/paro-atacama-suma-57-dias-entre-apoyos-y-quiebres\/\",\"name\":\"Chile: Paro Atacama suma 57 d\u00edas entre apoyos y quiebres\",\"isPartOf\":{\"@id\":\"https:\/\/www.pressenza.com\/es\/#website\"},\"primaryImageOfPage\":{\"@id\":\"https:\/\/www.pressenza.com\/es\/2016\/04\/paro-atacama-suma-57-dias-entre-apoyos-y-quiebres\/#primaryimage\"},\"image\":{\"@id\":\"https:\/\/www.pressenza.com\/es\/2016\/04\/paro-atacama-suma-57-dias-entre-apoyos-y-quiebres\/#primaryimage\"},\"thumbnailUrl\":\"https:\/\/www.pressenza.com\/wp-content\/uploads\/2016\/04\/paro_atacama-750x500.jpg\",\"datePublished\":\"2016-04-27T16:14:46+00:00\",\"description\":\"Mientras los trabajadores portuarios y varios diputados y senadores regionales respaldan la protesta, la Central Unitaria de Trabajadores de Chile (CUT)\",\"breadcrumb\":{\"@id\":\"https:\/\/www.pressenza.com\/es\/2016\/04\/paro-atacama-suma-57-dias-entre-apoyos-y-quiebres\/#breadcrumb\"},\"inLanguage\":\"es\",\"potentialAction\":[{\"@type\":\"ReadAction\",\"target\":[\"https:\/\/www.pressenza.com\/es\/2016\/04\/paro-atacama-suma-57-dias-entre-apoyos-y-quiebres\/\"]}]},{\"@type\":\"ImageObject\",\"inLanguage\":\"es\",\"@id\":\"https:\/\/www.pressenza.com\/es\/2016\/04\/paro-atacama-suma-57-dias-entre-apoyos-y-quiebres\/#primaryimage\",\"url\":\"https:\/\/www.pressenza.com\/wp-content\/uploads\/2016\/04\/paro_atacama-750x500.jpg\",\"contentUrl\":\"https:\/\/www.pressenza.com\/wp-content\/uploads\/2016\/04\/paro_atacama-750x500.jpg\",\"width\":750,\"height\":500},{\"@type\":\"BreadcrumbList\",\"@id\":\"https:\/\/www.pressenza.com\/es\/2016\/04\/paro-atacama-suma-57-dias-entre-apoyos-y-quiebres\/#breadcrumb\",\"itemListElement\":[{\"@type\":\"ListItem\",\"position\":1,\"name\":\"Accueil\",\"item\":\"https:\/\/www.pressenza.com\/es\/\"},{\"@type\":\"ListItem\",\"position\":2,\"name\":\"Chile: Paro Atacama suma 57 d\u00edas entre apoyos y quiebres\"}]},{\"@type\":\"WebSite\",\"@id\":\"https:\/\/www.pressenza.com\/es\/#website\",\"url\":\"https:\/\/www.pressenza.com\/es\/\",\"name\":\"Pressenza\",\"description\":\"International Press Agency\",\"publisher\":{\"@id\":\"https:\/\/www.pressenza.com\/es\/#organization\"},\"potentialAction\":[{\"@type\":\"SearchAction\",\"target\":{\"@type\":\"EntryPoint\",\"urlTemplate\":\"https:\/\/www.pressenza.com\/es\/?s={search_term_string}\"},\"query-input\":{\"@type\":\"PropertyValueSpecification\",\"valueRequired\":true,\"valueName\":\"search_term_string\"}}],\"inLanguage\":\"es\"},{\"@type\":\"Organization\",\"@id\":\"https:\/\/www.pressenza.com\/es\/#organization\",\"name\":\"Pressenza\",\"url\":\"https:\/\/www.pressenza.com\/es\/\",\"logo\":{\"@type\":\"ImageObject\",\"inLanguage\":\"es\",\"@id\":\"https:\/\/www.pressenza.com\/es\/#\/schema\/logo\/image\/\",\"url\":\"https:\/\/www.pressenza.com\/wp-content\/uploads\/2022\/10\/pressenza_logo_200x200.jpg\",\"contentUrl\":\"https:\/\/www.pressenza.com\/wp-content\/uploads\/2022\/10\/pressenza_logo_200x200.jpg\",\"width\":200,\"height\":200,\"caption\":\"Pressenza\"},\"image\":{\"@id\":\"https:\/\/www.pressenza.com\/es\/#\/schema\/logo\/image\/\"},\"sameAs\":[\"https:\/\/www.facebook.com\/PressenzaItalia\",\"https:\/\/x.com\/PressenzaIPA\"]},{\"@type\":\"Person\",\"@id\":\"https:\/\/www.pressenza.com\/es\/#\/schema\/person\/6522eecb4cd68e074b27e251e4b04ef8\",\"name\":\"El Ciudadano\",\"description\":\"El Ciudadano es un medio de comunicaci\u00f3n de circulaci\u00f3n mensual en papel y de funcionamiento diario en la web. Forma parte de la Red de Medios de los Pueblos por lo que se declara como un medio del Tercer Sector para romper el cerco informativo. El Ciudadano es una publicaci\u00f3n que busca elevar desde lo local a lo global las demandas de la organizaci\u00f3n social chilena como tambi\u00e9n promover la acci\u00f3n directa de la ciudadan\u00eda por su derecho a autodeterminaci\u00f3n. elciudadano.cl\",\"url\":\"https:\/\/www.pressenza.com\/es\/author\/el-ciudadano\/\"}]}<\/script>\n<!-- \/ Yoast SEO plugin. -->","yoast_head_json":{"title":"Chile: Paro Atacama suma 57 d\u00edas entre apoyos y quiebres","description":"Mientras los trabajadores portuarios y varios diputados y senadores regionales respaldan la protesta, la Central Unitaria de Trabajadores de Chile (CUT)","robots":{"index":"index","follow":"follow","max-snippet":"max-snippet:-1","max-image-preview":"max-image-preview:large","max-video-preview":"max-video-preview:-1"},"canonical":"https:\/\/www.pressenza.com\/es\/2016\/04\/paro-atacama-suma-57-dias-entre-apoyos-y-quiebres\/","og_locale":"es_ES","og_type":"article","og_title":"Chile: Paro Atacama suma 57 d\u00edas entre apoyos y quiebres","og_description":"Mientras los trabajadores portuarios y varios diputados y senadores regionales respaldan la protesta, la Central Unitaria de Trabajadores de Chile (CUT)","og_url":"https:\/\/www.pressenza.com\/es\/2016\/04\/paro-atacama-suma-57-dias-entre-apoyos-y-quiebres\/","og_site_name":"Pressenza","article_publisher":"https:\/\/www.facebook.com\/PressenzaItalia","article_published_time":"2016-04-27T16:14:46+00:00","og_image":[{"width":750,"height":500,"url":"https:\/\/www.pressenza.com\/wp-content\/uploads\/2016\/04\/paro_atacama-750x500.jpg","type":"image\/jpeg"}],"author":"El Ciudadano","twitter_card":"summary_large_image","twitter_creator":"@PressenzaIPA","twitter_site":"@PressenzaIPA","twitter_misc":{"Escrito por":"El Ciudadano","Tiempo de lectura":"3 minutos"},"schema":{"@context":"https:\/\/schema.org","@graph":[{"@type":"Article","@id":"https:\/\/www.pressenza.com\/es\/2016\/04\/paro-atacama-suma-57-dias-entre-apoyos-y-quiebres\/#article","isPartOf":{"@id":"https:\/\/www.pressenza.com\/es\/2016\/04\/paro-atacama-suma-57-dias-entre-apoyos-y-quiebres\/"},"author":{"name":"El Ciudadano","@id":"https:\/\/www.pressenza.com\/es\/#\/schema\/person\/6522eecb4cd68e074b27e251e4b04ef8"},"headline":"Chile: Paro Atacama suma 57 d\u00edas entre apoyos y quiebres","datePublished":"2016-04-27T16:14:46+00:00","mainEntityOfPage":{"@id":"https:\/\/www.pressenza.com\/es\/2016\/04\/paro-atacama-suma-57-dias-entre-apoyos-y-quiebres\/"},"wordCount":693,"publisher":{"@id":"https:\/\/www.pressenza.com\/es\/#organization"},"image":{"@id":"https:\/\/www.pressenza.com\/es\/2016\/04\/paro-atacama-suma-57-dias-entre-apoyos-y-quiebres\/#primaryimage"},"thumbnailUrl":"https:\/\/www.pressenza.com\/wp-content\/uploads\/2016\/04\/paro_atacama-750x500.jpg","keywords":["Chile","CUT","huelga","trabajadores de la Uni\u00f3n Portuaria"],"articleSection":["Pol\u00edtica","Sudam\u00e9rica"],"inLanguage":"es"},{"@type":"WebPage","@id":"https:\/\/www.pressenza.com\/es\/2016\/04\/paro-atacama-suma-57-dias-entre-apoyos-y-quiebres\/","url":"https:\/\/www.pressenza.com\/es\/2016\/04\/paro-atacama-suma-57-dias-entre-apoyos-y-quiebres\/","name":"Chile: Paro Atacama suma 57 d\u00edas entre apoyos y quiebres","isPartOf":{"@id":"https:\/\/www.pressenza.com\/es\/#website"},"primaryImageOfPage":{"@id":"https:\/\/www.pressenza.com\/es\/2016\/04\/paro-atacama-suma-57-dias-entre-apoyos-y-quiebres\/#primaryimage"},"image":{"@id":"https:\/\/www.pressenza.com\/es\/2016\/04\/paro-atacama-suma-57-dias-entre-apoyos-y-quiebres\/#primaryimage"},"thumbnailUrl":"https:\/\/www.pressenza.com\/wp-content\/uploads\/2016\/04\/paro_atacama-750x500.jpg","datePublished":"2016-04-27T16:14:46+00:00","description":"Mientras los trabajadores portuarios y varios diputados y senadores regionales respaldan la protesta, la Central Unitaria de Trabajadores de Chile (CUT)","breadcrumb":{"@id":"https:\/\/www.pressenza.com\/es\/2016\/04\/paro-atacama-suma-57-dias-entre-apoyos-y-quiebres\/#breadcrumb"},"inLanguage":"es","potentialAction":[{"@type":"ReadAction","target":["https:\/\/www.pressenza.com\/es\/2016\/04\/paro-atacama-suma-57-dias-entre-apoyos-y-quiebres\/"]}]},{"@type":"ImageObject","inLanguage":"es","@id":"https:\/\/www.pressenza.com\/es\/2016\/04\/paro-atacama-suma-57-dias-entre-apoyos-y-quiebres\/#primaryimage","url":"https:\/\/www.pressenza.com\/wp-content\/uploads\/2016\/04\/paro_atacama-750x500.jpg","contentUrl":"https:\/\/www.pressenza.com\/wp-content\/uploads\/2016\/04\/paro_atacama-750x500.jpg","width":750,"height":500},{"@type":"BreadcrumbList","@id":"https:\/\/www.pressenza.com\/es\/2016\/04\/paro-atacama-suma-57-dias-entre-apoyos-y-quiebres\/#breadcrumb","itemListElement":[{"@type":"ListItem","position":1,"name":"Accueil","item":"https:\/\/www.pressenza.com\/es\/"},{"@type":"ListItem","position":2,"name":"Chile: Paro Atacama suma 57 d\u00edas entre apoyos y quiebres"}]},{"@type":"WebSite","@id":"https:\/\/www.pressenza.com\/es\/#website","url":"https:\/\/www.pressenza.com\/es\/","name":"Pressenza","description":"International Press Agency","publisher":{"@id":"https:\/\/www.pressenza.com\/es\/#organization"},"potentialAction":[{"@type":"SearchAction","target":{"@type":"EntryPoint","urlTemplate":"https:\/\/www.pressenza.com\/es\/?s={search_term_string}"},"query-input":{"@type":"PropertyValueSpecification","valueRequired":true,"valueName":"search_term_string"}}],"inLanguage":"es"},{"@type":"Organization","@id":"https:\/\/www.pressenza.com\/es\/#organization","name":"Pressenza","url":"https:\/\/www.pressenza.com\/es\/","logo":{"@type":"ImageObject","inLanguage":"es","@id":"https:\/\/www.pressenza.com\/es\/#\/schema\/logo\/image\/","url":"https:\/\/www.pressenza.com\/wp-content\/uploads\/2022\/10\/pressenza_logo_200x200.jpg","contentUrl":"https:\/\/www.pressenza.com\/wp-content\/uploads\/2022\/10\/pressenza_logo_200x200.jpg","width":200,"height":200,"caption":"Pressenza"},"image":{"@id":"https:\/\/www.pressenza.com\/es\/#\/schema\/logo\/image\/"},"sameAs":["https:\/\/www.facebook.com\/PressenzaItalia","https:\/\/x.com\/PressenzaIPA"]},{"@type":"Person","@id":"https:\/\/www.pressenza.com\/es\/#\/schema\/person\/6522eecb4cd68e074b27e251e4b04ef8","name":"El Ciudadano","description":"El Ciudadano es un medio de comunicaci\u00f3n de circulaci\u00f3n mensual en papel y de funcionamiento diario en la web. Forma parte de la Red de Medios de los Pueblos por lo que se declara como un medio del Tercer Sector para romper el cerco informativo. El Ciudadano es una publicaci\u00f3n que busca elevar desde lo local a lo global las demandas de la organizaci\u00f3n social chilena como tambi\u00e9n promover la acci\u00f3n directa de la ciudadan\u00eda por su derecho a autodeterminaci\u00f3n. elciudadano.cl","url":"https:\/\/www.pressenza.com\/es\/author\/el-ciudadano\/"}]}},"place":"Santiago, Chile","original_article_url":"http:\/\/www.elciudadano.cl\/2016\/04\/26\/280035\/paro-atacama-suma-57-dias-entre-apoyos-y-quiebres2016\/","_links":{"self":[{"href":"https:\/\/www.pressenza.com\/es\/wp-json\/wp\/v2\/posts\/307891","targetHints":{"allow":["GET"]}}],"collection":[{"href":"https:\/\/www.pressenza.com\/es\/wp-json\/wp\/v2\/posts"}],"about":[{"href":"https:\/\/www.pressenza.com\/es\/wp-json\/wp\/v2\/types\/post"}],"author":[{"embeddable":true,"href":"https:\/\/www.pressenza.com\/es\/wp-json\/wp\/v2\/users\/616"}],"replies":[{"embeddable":true,"href":"https:\/\/www.pressenza.com\/es\/wp-json\/wp\/v2\/comments?post=307891"}],"version-history":[{"count":0,"href":"https:\/\/www.pressenza.com\/es\/wp-json\/wp\/v2\/posts\/307891\/revisions"}],"wp:featuredmedia":[{"embeddable":true,"href":"https:\/\/www.pressenza.com\/es\/wp-json\/wp\/v2\/media\/307895"}],"wp:attachment":[{"href":"https:\/\/www.pressenza.com\/es\/wp-json\/wp\/v2\/media?parent=307891"}],"wp:term":[{"taxonomy":"category","embeddable":true,"href":"https:\/\/www.pressenza.com\/es\/wp-json\/wp\/v2\/categories?post=307891"},{"taxonomy":"post_tag","embeddable":true,"href":"https:\/\/www.pressenza.com\/es\/wp-json\/wp\/v2\/tags?post=307891"}],"curies":[{"name":"wp","href":"https:\/\/api.w.org\/{rel}","templated":true}]}}