{"id":30673,"date":"2012-12-27T19:50:14","date_gmt":"2012-12-27T19:50:14","guid":{"rendered":"http:\/\/www.pressenza.com\/?p=30673"},"modified":"2012-12-28T22:15:29","modified_gmt":"2012-12-28T22:15:29","slug":"brasil-reduce-pobreza-extrema-y-avanza-con-programas-sociales","status":"publish","type":"post","link":"https:\/\/www.pressenza.com\/es\/2012\/12\/brasil-reduce-pobreza-extrema-y-avanza-con-programas-sociales\/","title":{"rendered":"Brasil reduce pobreza extrema y avanza con programas sociales"},"content":{"rendered":"<p>Brasil termina este 2012 con una importante reducci\u00f3n de la pobreza extrema, avances significativos en los sectores sociales y un crecimiento de su econom\u00eda del uno por ciento.<\/p>\n<p>Para la mandataria brasile\u00f1a, Dilma Rousseff, los resultados de este a\u00f1o corroboran que el pr\u00f3ximo ser\u00e1 de profundizaci\u00f3n de las conquistas, de mejoramiento de los servicios p\u00fablicos y de creaci\u00f3n de nuevos empleos.<\/p>\n<p>Rousseff destac\u00f3 que con la implementaci\u00f3n del programa \u201cBrasil sin Miseria\u201d 16,4 millones de ciudadanos dejaron la pobreza extrema, pues se garantiz\u00f3 un aporte de 70 reales (unos 33 d\u00f3lares) para las familias que tengan un ni\u00f1o menor de 15 a\u00f1os de edad.<\/p>\n<p>Enfrentamos de esta manera la ra\u00edz de la desigualdad y \u201cprotegiendo a los ni\u00f1os y j\u00f3venes estamos construyendo un futuro mejor para Brasil\u201d, asever\u00f3.<\/p>\n<p>Desde el inicio de su administraci\u00f3n en 2011 se crearon cuatro millones de puestos de trabajo, lo cual es considerado como una de las grandes conquistas de su Gobierno y el pa\u00eds registra asimismo la menor tasa de desempleados de toda su historia (4,9 por ciento).<\/p>\n<p>Entre otros logros, un mill\u00f3n de familias cuenta ya con casa propia, gracias al programa \u201cMi casa, mi vida\u201d que ofrece facilidades a las personas de bajos ingresos para adquirir una vivienda.<\/p>\n<p>Sectores financieros locales se\u00f1alaron que con el inicio en 2003 de la presidencia de Luiz In\u00e1cio Lula da Silva se ofrecieron oportunidades de empleo que permitieron sacar hasta hoy de la pobreza a unos 60 millones de brasile\u00f1os, que trabajan e impulsan el mercado interno, lo cual estimula la econom\u00eda.<\/p>\n<p>El crecimiento de este 2012 es menor al proyectado a inicios de a\u00f1o y se estima que problemas de competitividad e infraestructura, as\u00ed como la desvalorizaci\u00f3n del real (moneda nacional), depreciado en un 10 por ciento en relaci\u00f3n con el d\u00f3lar, afectaron, el desarrollo econ\u00f3mico.<\/p>\n<p>Pese a esto, la inflaci\u00f3n se mantuvo bajo control y aunque fue mayor a la estimada (5,4 por ciento), no super\u00f3 el 6,5 por ciento del tope establecido por el Banco Central.<\/p>\n<p>Se considera asimismo que las medidas adoptadas por el gobierno federal, como la disminuci\u00f3n de impuestos en el sector industrial, la entrega de cr\u00e9ditos a peque\u00f1as empresas y agricultores, as\u00ed como planes de incentivos propiciaron que el Producto Interno Bruto no cayera m\u00e1s.<\/p>\n<p>El 2013 comenzar\u00e1 con una reducci\u00f3n de las tarifas de electricidad en un 16,2 por ciento para el sector residencial y hasta un 28 por ciento para las industrias, lo cual influir\u00e1 en la ca\u00edda de los costos de producci\u00f3n y estimular\u00e1 la manufactura.<\/p>\n<p>La jefa de Estado adelant\u00f3 que en los pr\u00f3ximo 13 meses se construir\u00e1n y reparar\u00e1n 10 mil kil\u00f3metros de v\u00edas f\u00e9rreas y 7,5 mil kil\u00f3metros de carreteras, as\u00ed como se modernizar\u00e1n los puertos y aeropuertos con miras a lograr la eficiencia en la transportaci\u00f3n de mercanc\u00edas y pasajeros.<\/p>\n<p>Rousseff mostr\u00f3 optimismo en el desarrollo de Brasil en el venidero periodo, e inst\u00f3 a los empresarios a invertir m\u00e1s y transformar los actuales momentos de crisis en grandes oportunidades.<\/p>\n<p>Expertos vislumbran que sin una intervenci\u00f3n fuerte del Estado y la inversi\u00f3n de este en proyectos estrat\u00e9gicos, la econom\u00eda no podr\u00e1 salir adelante y alcanzar el crecimiento de cerca del cuatro por ciento previsto para 2013.<\/p>\n<p>Seg\u00fan la gobernante, hay conciencia de los desaf\u00edos que la crisis internacional ha lanzado sobre el pa\u00eds y sabe tambi\u00e9n que en \u201clos momentos de crisis se pueden transformar en grandes oportunidades\u201d.<\/p>\n","protected":false},"excerpt":{"rendered":"<p>Brasil termina este 2012 con una importante reducci\u00f3n de la pobreza extrema, avances significativos en los sectores sociales y un crecimiento de su econom\u00eda del uno por ciento. Para la mandataria brasile\u00f1a, Dilma Rousseff, los resultados de este a\u00f1o corroboran&hellip;<\/p>\n","protected":false},"author":640,"featured_media":30860,"comment_status":"closed","ping_status":"open","sticky":false,"template":"","format":"standard","meta":{"footnotes":""},"categories":[81,67],"tags":[1417],"class_list":["post-30673","post","type-post","status-publish","format-standard","has-post-thumbnail","hentry","category-economia-es","category-sudamerica","tag-dilma-rousseff-es"],"yoast_head":"<!-- This site is optimized with the Yoast SEO plugin v27.1.1 - https:\/\/yoast.com\/product\/yoast-seo-wordpress\/ -->\n<title>Brasil reduce pobreza extrema y avanza con programas sociales<\/title>\n<meta name=\"description\" content=\"Brasil termina este 2012 con una importante reducci\u00f3n de la pobreza extrema, avances significativos en los sectores sociales y un crecimiento de su\" \/>\n<meta name=\"robots\" content=\"index, follow, max-snippet:-1, max-image-preview:large, max-video-preview:-1\" \/>\n<link rel=\"canonical\" href=\"https:\/\/www.pressenza.com\/es\/2012\/12\/brasil-reduce-pobreza-extrema-y-avanza-con-programas-sociales\/\" \/>\n<meta property=\"og:locale\" content=\"es_ES\" \/>\n<meta property=\"og:type\" content=\"article\" \/>\n<meta property=\"og:title\" content=\"Brasil reduce pobreza extrema y avanza con programas sociales\" \/>\n<meta property=\"og:description\" content=\"Brasil termina este 2012 con una importante reducci\u00f3n de la pobreza extrema, avances significativos en los sectores sociales y un crecimiento de su\" \/>\n<meta property=\"og:url\" content=\"https:\/\/www.pressenza.com\/es\/2012\/12\/brasil-reduce-pobreza-extrema-y-avanza-con-programas-sociales\/\" \/>\n<meta property=\"og:site_name\" content=\"Pressenza\" \/>\n<meta property=\"article:publisher\" content=\"https:\/\/www.facebook.com\/PressenzaItalia\" \/>\n<meta property=\"article:author\" content=\"https:\/\/www.facebook.com\/AgenciasUlan\" \/>\n<meta property=\"article:published_time\" content=\"2012-12-27T19:50:14+00:00\" \/>\n<meta property=\"article:modified_time\" content=\"2012-12-28T22:15:29+00:00\" \/>\n<meta property=\"og:image\" content=\"https:\/\/www.pressenza.com\/wp-content\/uploads\/2012\/12\/brasil-edificiosfabelas.jpg\" \/>\n\t<meta property=\"og:image:width\" content=\"300\" \/>\n\t<meta property=\"og:image:height\" content=\"243\" \/>\n\t<meta property=\"og:image:type\" content=\"image\/jpeg\" \/>\n<meta name=\"author\" content=\"Uni\u00f3n Latinoamericana de Agencias de Noticias\" \/>\n<meta name=\"twitter:card\" content=\"summary_large_image\" \/>\n<meta name=\"twitter:creator\" content=\"@agenciasulan\" \/>\n<meta name=\"twitter:site\" content=\"@PressenzaIPA\" \/>\n<meta name=\"twitter:label1\" content=\"Escrito por\" \/>\n\t<meta name=\"twitter:data1\" content=\"Uni\u00f3n Latinoamericana de Agencias de Noticias\" \/>\n\t<meta name=\"twitter:label2\" content=\"Tiempo de lectura\" \/>\n\t<meta name=\"twitter:data2\" content=\"3 minutos\" \/>\n<script type=\"application\/ld+json\" class=\"yoast-schema-graph\">{\"@context\":\"https:\/\/schema.org\",\"@graph\":[{\"@type\":\"Article\",\"@id\":\"https:\/\/www.pressenza.com\/es\/2012\/12\/brasil-reduce-pobreza-extrema-y-avanza-con-programas-sociales\/#article\",\"isPartOf\":{\"@id\":\"https:\/\/www.pressenza.com\/es\/2012\/12\/brasil-reduce-pobreza-extrema-y-avanza-con-programas-sociales\/\"},\"author\":{\"name\":\"Uni\u00f3n Latinoamericana de Agencias de Noticias\",\"@id\":\"https:\/\/www.pressenza.com\/es\/#\/schema\/person\/a9efe8d7b19eb4689fcbcb71bc21dba6\"},\"headline\":\"Brasil reduce pobreza extrema y avanza con programas sociales\",\"datePublished\":\"2012-12-27T19:50:14+00:00\",\"dateModified\":\"2012-12-28T22:15:29+00:00\",\"mainEntityOfPage\":{\"@id\":\"https:\/\/www.pressenza.com\/es\/2012\/12\/brasil-reduce-pobreza-extrema-y-avanza-con-programas-sociales\/\"},\"wordCount\":609,\"publisher\":{\"@id\":\"https:\/\/www.pressenza.com\/es\/#organization\"},\"image\":{\"@id\":\"https:\/\/www.pressenza.com\/es\/2012\/12\/brasil-reduce-pobreza-extrema-y-avanza-con-programas-sociales\/#primaryimage\"},\"thumbnailUrl\":\"https:\/\/www.pressenza.com\/wp-content\/uploads\/2012\/12\/brasil-edificiosfabelas.jpg\",\"keywords\":[\"Dilma Rousseff\"],\"articleSection\":[\"Econom\u00eda\",\"Sudam\u00e9rica\"],\"inLanguage\":\"es\"},{\"@type\":\"WebPage\",\"@id\":\"https:\/\/www.pressenza.com\/es\/2012\/12\/brasil-reduce-pobreza-extrema-y-avanza-con-programas-sociales\/\",\"url\":\"https:\/\/www.pressenza.com\/es\/2012\/12\/brasil-reduce-pobreza-extrema-y-avanza-con-programas-sociales\/\",\"name\":\"Brasil reduce pobreza extrema y avanza con programas sociales\",\"isPartOf\":{\"@id\":\"https:\/\/www.pressenza.com\/es\/#website\"},\"primaryImageOfPage\":{\"@id\":\"https:\/\/www.pressenza.com\/es\/2012\/12\/brasil-reduce-pobreza-extrema-y-avanza-con-programas-sociales\/#primaryimage\"},\"image\":{\"@id\":\"https:\/\/www.pressenza.com\/es\/2012\/12\/brasil-reduce-pobreza-extrema-y-avanza-con-programas-sociales\/#primaryimage\"},\"thumbnailUrl\":\"https:\/\/www.pressenza.com\/wp-content\/uploads\/2012\/12\/brasil-edificiosfabelas.jpg\",\"datePublished\":\"2012-12-27T19:50:14+00:00\",\"dateModified\":\"2012-12-28T22:15:29+00:00\",\"description\":\"Brasil termina este 2012 con una importante reducci\u00f3n de la pobreza extrema, avances significativos en los sectores sociales y un crecimiento de su\",\"breadcrumb\":{\"@id\":\"https:\/\/www.pressenza.com\/es\/2012\/12\/brasil-reduce-pobreza-extrema-y-avanza-con-programas-sociales\/#breadcrumb\"},\"inLanguage\":\"es\",\"potentialAction\":[{\"@type\":\"ReadAction\",\"target\":[\"https:\/\/www.pressenza.com\/es\/2012\/12\/brasil-reduce-pobreza-extrema-y-avanza-con-programas-sociales\/\"]}]},{\"@type\":\"ImageObject\",\"inLanguage\":\"es\",\"@id\":\"https:\/\/www.pressenza.com\/es\/2012\/12\/brasil-reduce-pobreza-extrema-y-avanza-con-programas-sociales\/#primaryimage\",\"url\":\"https:\/\/www.pressenza.com\/wp-content\/uploads\/2012\/12\/brasil-edificiosfabelas.jpg\",\"contentUrl\":\"https:\/\/www.pressenza.com\/wp-content\/uploads\/2012\/12\/brasil-edificiosfabelas.jpg\",\"width\":\"300\",\"height\":\"243\"},{\"@type\":\"BreadcrumbList\",\"@id\":\"https:\/\/www.pressenza.com\/es\/2012\/12\/brasil-reduce-pobreza-extrema-y-avanza-con-programas-sociales\/#breadcrumb\",\"itemListElement\":[{\"@type\":\"ListItem\",\"position\":1,\"name\":\"Accueil\",\"item\":\"https:\/\/www.pressenza.com\/es\/\"},{\"@type\":\"ListItem\",\"position\":2,\"name\":\"Brasil reduce pobreza extrema y avanza con programas sociales\"}]},{\"@type\":\"WebSite\",\"@id\":\"https:\/\/www.pressenza.com\/es\/#website\",\"url\":\"https:\/\/www.pressenza.com\/es\/\",\"name\":\"Pressenza\",\"description\":\"International Press Agency\",\"publisher\":{\"@id\":\"https:\/\/www.pressenza.com\/es\/#organization\"},\"potentialAction\":[{\"@type\":\"SearchAction\",\"target\":{\"@type\":\"EntryPoint\",\"urlTemplate\":\"https:\/\/www.pressenza.com\/es\/?s={search_term_string}\"},\"query-input\":{\"@type\":\"PropertyValueSpecification\",\"valueRequired\":true,\"valueName\":\"search_term_string\"}}],\"inLanguage\":\"es\"},{\"@type\":\"Organization\",\"@id\":\"https:\/\/www.pressenza.com\/es\/#organization\",\"name\":\"Pressenza\",\"url\":\"https:\/\/www.pressenza.com\/es\/\",\"logo\":{\"@type\":\"ImageObject\",\"inLanguage\":\"es\",\"@id\":\"https:\/\/www.pressenza.com\/es\/#\/schema\/logo\/image\/\",\"url\":\"https:\/\/www.pressenza.com\/wp-content\/uploads\/2022\/10\/pressenza_logo_200x200.jpg\",\"contentUrl\":\"https:\/\/www.pressenza.com\/wp-content\/uploads\/2022\/10\/pressenza_logo_200x200.jpg\",\"width\":200,\"height\":200,\"caption\":\"Pressenza\"},\"image\":{\"@id\":\"https:\/\/www.pressenza.com\/es\/#\/schema\/logo\/image\/\"},\"sameAs\":[\"https:\/\/www.facebook.com\/PressenzaItalia\",\"https:\/\/x.com\/PressenzaIPA\"]},{\"@type\":\"Person\",\"@id\":\"https:\/\/www.pressenza.com\/es\/#\/schema\/person\/a9efe8d7b19eb4689fcbcb71bc21dba6\",\"name\":\"Uni\u00f3n Latinoamericana de Agencias de Noticias\",\"description\":\"Una asociaci\u00f3n supranacional que re\u00fane a las agencias de noticias de Am\u00e9rica Latina y el Caribe. agenciasulan.org\",\"sameAs\":[\"https:\/\/www.facebook.com\/AgenciasUlan\",\"https:\/\/x.com\/agenciasulan\"],\"url\":\"https:\/\/www.pressenza.com\/es\/author\/union-latinoamericana-de-agencias-de-noticias\/\"}]}<\/script>\n<!-- \/ Yoast SEO plugin. -->","yoast_head_json":{"title":"Brasil reduce pobreza extrema y avanza con programas sociales","description":"Brasil termina este 2012 con una importante reducci\u00f3n de la pobreza extrema, avances significativos en los sectores sociales y un crecimiento de su","robots":{"index":"index","follow":"follow","max-snippet":"max-snippet:-1","max-image-preview":"max-image-preview:large","max-video-preview":"max-video-preview:-1"},"canonical":"https:\/\/www.pressenza.com\/es\/2012\/12\/brasil-reduce-pobreza-extrema-y-avanza-con-programas-sociales\/","og_locale":"es_ES","og_type":"article","og_title":"Brasil reduce pobreza extrema y avanza con programas sociales","og_description":"Brasil termina este 2012 con una importante reducci\u00f3n de la pobreza extrema, avances significativos en los sectores sociales y un crecimiento de su","og_url":"https:\/\/www.pressenza.com\/es\/2012\/12\/brasil-reduce-pobreza-extrema-y-avanza-con-programas-sociales\/","og_site_name":"Pressenza","article_publisher":"https:\/\/www.facebook.com\/PressenzaItalia","article_author":"https:\/\/www.facebook.com\/AgenciasUlan","article_published_time":"2012-12-27T19:50:14+00:00","article_modified_time":"2012-12-28T22:15:29+00:00","og_image":[{"width":300,"height":243,"url":"https:\/\/www.pressenza.com\/wp-content\/uploads\/2012\/12\/brasil-edificiosfabelas.jpg","type":"image\/jpeg"}],"author":"Uni\u00f3n Latinoamericana de Agencias de Noticias","twitter_card":"summary_large_image","twitter_creator":"@agenciasulan","twitter_site":"@PressenzaIPA","twitter_misc":{"Escrito por":"Uni\u00f3n Latinoamericana de Agencias de Noticias","Tiempo de lectura":"3 minutos"},"schema":{"@context":"https:\/\/schema.org","@graph":[{"@type":"Article","@id":"https:\/\/www.pressenza.com\/es\/2012\/12\/brasil-reduce-pobreza-extrema-y-avanza-con-programas-sociales\/#article","isPartOf":{"@id":"https:\/\/www.pressenza.com\/es\/2012\/12\/brasil-reduce-pobreza-extrema-y-avanza-con-programas-sociales\/"},"author":{"name":"Uni\u00f3n Latinoamericana de Agencias de Noticias","@id":"https:\/\/www.pressenza.com\/es\/#\/schema\/person\/a9efe8d7b19eb4689fcbcb71bc21dba6"},"headline":"Brasil reduce pobreza extrema y avanza con programas sociales","datePublished":"2012-12-27T19:50:14+00:00","dateModified":"2012-12-28T22:15:29+00:00","mainEntityOfPage":{"@id":"https:\/\/www.pressenza.com\/es\/2012\/12\/brasil-reduce-pobreza-extrema-y-avanza-con-programas-sociales\/"},"wordCount":609,"publisher":{"@id":"https:\/\/www.pressenza.com\/es\/#organization"},"image":{"@id":"https:\/\/www.pressenza.com\/es\/2012\/12\/brasil-reduce-pobreza-extrema-y-avanza-con-programas-sociales\/#primaryimage"},"thumbnailUrl":"https:\/\/www.pressenza.com\/wp-content\/uploads\/2012\/12\/brasil-edificiosfabelas.jpg","keywords":["Dilma Rousseff"],"articleSection":["Econom\u00eda","Sudam\u00e9rica"],"inLanguage":"es"},{"@type":"WebPage","@id":"https:\/\/www.pressenza.com\/es\/2012\/12\/brasil-reduce-pobreza-extrema-y-avanza-con-programas-sociales\/","url":"https:\/\/www.pressenza.com\/es\/2012\/12\/brasil-reduce-pobreza-extrema-y-avanza-con-programas-sociales\/","name":"Brasil reduce pobreza extrema y avanza con programas sociales","isPartOf":{"@id":"https:\/\/www.pressenza.com\/es\/#website"},"primaryImageOfPage":{"@id":"https:\/\/www.pressenza.com\/es\/2012\/12\/brasil-reduce-pobreza-extrema-y-avanza-con-programas-sociales\/#primaryimage"},"image":{"@id":"https:\/\/www.pressenza.com\/es\/2012\/12\/brasil-reduce-pobreza-extrema-y-avanza-con-programas-sociales\/#primaryimage"},"thumbnailUrl":"https:\/\/www.pressenza.com\/wp-content\/uploads\/2012\/12\/brasil-edificiosfabelas.jpg","datePublished":"2012-12-27T19:50:14+00:00","dateModified":"2012-12-28T22:15:29+00:00","description":"Brasil termina este 2012 con una importante reducci\u00f3n de la pobreza extrema, avances significativos en los sectores sociales y un crecimiento de su","breadcrumb":{"@id":"https:\/\/www.pressenza.com\/es\/2012\/12\/brasil-reduce-pobreza-extrema-y-avanza-con-programas-sociales\/#breadcrumb"},"inLanguage":"es","potentialAction":[{"@type":"ReadAction","target":["https:\/\/www.pressenza.com\/es\/2012\/12\/brasil-reduce-pobreza-extrema-y-avanza-con-programas-sociales\/"]}]},{"@type":"ImageObject","inLanguage":"es","@id":"https:\/\/www.pressenza.com\/es\/2012\/12\/brasil-reduce-pobreza-extrema-y-avanza-con-programas-sociales\/#primaryimage","url":"https:\/\/www.pressenza.com\/wp-content\/uploads\/2012\/12\/brasil-edificiosfabelas.jpg","contentUrl":"https:\/\/www.pressenza.com\/wp-content\/uploads\/2012\/12\/brasil-edificiosfabelas.jpg","width":"300","height":"243"},{"@type":"BreadcrumbList","@id":"https:\/\/www.pressenza.com\/es\/2012\/12\/brasil-reduce-pobreza-extrema-y-avanza-con-programas-sociales\/#breadcrumb","itemListElement":[{"@type":"ListItem","position":1,"name":"Accueil","item":"https:\/\/www.pressenza.com\/es\/"},{"@type":"ListItem","position":2,"name":"Brasil reduce pobreza extrema y avanza con programas sociales"}]},{"@type":"WebSite","@id":"https:\/\/www.pressenza.com\/es\/#website","url":"https:\/\/www.pressenza.com\/es\/","name":"Pressenza","description":"International Press Agency","publisher":{"@id":"https:\/\/www.pressenza.com\/es\/#organization"},"potentialAction":[{"@type":"SearchAction","target":{"@type":"EntryPoint","urlTemplate":"https:\/\/www.pressenza.com\/es\/?s={search_term_string}"},"query-input":{"@type":"PropertyValueSpecification","valueRequired":true,"valueName":"search_term_string"}}],"inLanguage":"es"},{"@type":"Organization","@id":"https:\/\/www.pressenza.com\/es\/#organization","name":"Pressenza","url":"https:\/\/www.pressenza.com\/es\/","logo":{"@type":"ImageObject","inLanguage":"es","@id":"https:\/\/www.pressenza.com\/es\/#\/schema\/logo\/image\/","url":"https:\/\/www.pressenza.com\/wp-content\/uploads\/2022\/10\/pressenza_logo_200x200.jpg","contentUrl":"https:\/\/www.pressenza.com\/wp-content\/uploads\/2022\/10\/pressenza_logo_200x200.jpg","width":200,"height":200,"caption":"Pressenza"},"image":{"@id":"https:\/\/www.pressenza.com\/es\/#\/schema\/logo\/image\/"},"sameAs":["https:\/\/www.facebook.com\/PressenzaItalia","https:\/\/x.com\/PressenzaIPA"]},{"@type":"Person","@id":"https:\/\/www.pressenza.com\/es\/#\/schema\/person\/a9efe8d7b19eb4689fcbcb71bc21dba6","name":"Uni\u00f3n Latinoamericana de Agencias de Noticias","description":"Una asociaci\u00f3n supranacional que re\u00fane a las agencias de noticias de Am\u00e9rica Latina y el Caribe. agenciasulan.org","sameAs":["https:\/\/www.facebook.com\/AgenciasUlan","https:\/\/x.com\/agenciasulan"],"url":"https:\/\/www.pressenza.com\/es\/author\/union-latinoamericana-de-agencias-de-noticias\/"}]}},"place":"Brasilia","original_article_url":"","_links":{"self":[{"href":"https:\/\/www.pressenza.com\/es\/wp-json\/wp\/v2\/posts\/30673","targetHints":{"allow":["GET"]}}],"collection":[{"href":"https:\/\/www.pressenza.com\/es\/wp-json\/wp\/v2\/posts"}],"about":[{"href":"https:\/\/www.pressenza.com\/es\/wp-json\/wp\/v2\/types\/post"}],"author":[{"embeddable":true,"href":"https:\/\/www.pressenza.com\/es\/wp-json\/wp\/v2\/users\/640"}],"replies":[{"embeddable":true,"href":"https:\/\/www.pressenza.com\/es\/wp-json\/wp\/v2\/comments?post=30673"}],"version-history":[{"count":0,"href":"https:\/\/www.pressenza.com\/es\/wp-json\/wp\/v2\/posts\/30673\/revisions"}],"wp:featuredmedia":[{"embeddable":true,"href":"https:\/\/www.pressenza.com\/es\/wp-json\/wp\/v2\/media\/30860"}],"wp:attachment":[{"href":"https:\/\/www.pressenza.com\/es\/wp-json\/wp\/v2\/media?parent=30673"}],"wp:term":[{"taxonomy":"category","embeddable":true,"href":"https:\/\/www.pressenza.com\/es\/wp-json\/wp\/v2\/categories?post=30673"},{"taxonomy":"post_tag","embeddable":true,"href":"https:\/\/www.pressenza.com\/es\/wp-json\/wp\/v2\/tags?post=30673"}],"curies":[{"name":"wp","href":"https:\/\/api.w.org\/{rel}","templated":true}]}}