{"id":30670,"date":"2012-12-27T19:44:23","date_gmt":"2012-12-27T19:44:23","guid":{"rendered":"http:\/\/www.pressenza.com\/?p=30670"},"modified":"2012-12-28T22:15:25","modified_gmt":"2012-12-28T22:15:25","slug":"lugo-y-correa-se-reuniran-para-analizar-situacion-regional","status":"publish","type":"post","link":"https:\/\/www.pressenza.com\/es\/2012\/12\/lugo-y-correa-se-reuniran-para-analizar-situacion-regional\/","title":{"rendered":"Lugo y Correa se reunir\u00e1n para analizar situaci\u00f3n regional"},"content":{"rendered":"<p>El expresidente de Paraguay Fernando Lugo, destituido mediante un golpe de Estado parlamentario en junio pasado, se reunir\u00e1 este mi\u00e9rcoles con el mandatario de Ecuador, Rafael Correa, en Quito, para analizar la situaci\u00f3n regional.<\/p>\n<p>De acuerdo a informaci\u00f3n divulgada por el Frente Guas\u00fa, coalici\u00f3n de partidos y organizaciones de izquierda paraguaya, ambos conversar\u00e1n sobre la incidencia en la regi\u00f3n del breve juicio pol\u00edtico realizado por el Congreso paraguayo para destituir a Lugo.<\/p>\n<p>El Frente Guas\u00fa inform\u00f3 que el encuentro responde a una invitaci\u00f3n del jefe de Estado de Ecuador.<\/p>\n<p>Ecuador, al igual que el resto de los 12 pa\u00edses integrantes de la Uni\u00f3n de Naciones Suramericanas (Unasur), rechaz\u00f3 la destituci\u00f3n de Lugo y aprob\u00f3 la suspensi\u00f3n de la membres\u00eda paraguaya en el bloque regional hasta que sea restituido el orden democr\u00e1tico.<\/p>\n","protected":false},"excerpt":{"rendered":"<p>El expresidente de Paraguay Fernando Lugo, destituido mediante un golpe de Estado parlamentario en junio pasado, se reunir\u00e1 este mi\u00e9rcoles con el mandatario de Ecuador, Rafael Correa, en Quito, para analizar la situaci\u00f3n regional. De acuerdo a informaci\u00f3n divulgada por&hellip;<\/p>\n","protected":false},"author":640,"featured_media":30864,"comment_status":"closed","ping_status":"open","sticky":false,"template":"","format":"standard","meta":{"footnotes":""},"categories":[74,67],"tags":[1126],"class_list":["post-30670","post","type-post","status-publish","format-standard","has-post-thumbnail","hentry","category-politica-es","category-sudamerica","tag-rafael-correa"],"yoast_head":"<!-- This site is optimized with the Yoast SEO plugin v27.1.1 - https:\/\/yoast.com\/product\/yoast-seo-wordpress\/ -->\n<title>Lugo y Correa se reunir\u00e1n para analizar situaci\u00f3n regional<\/title>\n<meta name=\"description\" content=\"El expresidente de Paraguay Fernando Lugo, destituido mediante un golpe de Estado parlamentario en junio pasado, se reunir\u00e1 este mi\u00e9rcoles con el\" \/>\n<meta name=\"robots\" content=\"index, follow, max-snippet:-1, max-image-preview:large, max-video-preview:-1\" \/>\n<link rel=\"canonical\" href=\"https:\/\/www.pressenza.com\/es\/2012\/12\/lugo-y-correa-se-reuniran-para-analizar-situacion-regional\/\" \/>\n<meta property=\"og:locale\" content=\"es_ES\" \/>\n<meta property=\"og:type\" content=\"article\" \/>\n<meta property=\"og:title\" content=\"Lugo y Correa se reunir\u00e1n para analizar situaci\u00f3n regional\" \/>\n<meta property=\"og:description\" content=\"El expresidente de Paraguay Fernando Lugo, destituido mediante un golpe de Estado parlamentario en junio pasado, se reunir\u00e1 este mi\u00e9rcoles con el\" \/>\n<meta property=\"og:url\" content=\"https:\/\/www.pressenza.com\/es\/2012\/12\/lugo-y-correa-se-reuniran-para-analizar-situacion-regional\/\" \/>\n<meta property=\"og:site_name\" content=\"Pressenza\" \/>\n<meta property=\"article:publisher\" content=\"https:\/\/www.facebook.com\/PressenzaItalia\" \/>\n<meta property=\"article:author\" content=\"https:\/\/www.facebook.com\/AgenciasUlan\" \/>\n<meta property=\"article:published_time\" content=\"2012-12-27T19:44:23+00:00\" \/>\n<meta property=\"article:modified_time\" content=\"2012-12-28T22:15:25+00:00\" \/>\n<meta property=\"og:image\" content=\"https:\/\/www.pressenza.com\/wp-content\/uploads\/2012\/12\/Rafael-Correa-Fernando-Lugo-Quito_EDIIMA20121226_0354_4.jpg\" \/>\n\t<meta property=\"og:image:width\" content=\"643\" \/>\n\t<meta property=\"og:image:height\" content=\"362\" \/>\n\t<meta property=\"og:image:type\" content=\"image\/jpeg\" \/>\n<meta name=\"author\" content=\"Uni\u00f3n Latinoamericana de Agencias de Noticias\" \/>\n<meta name=\"twitter:card\" content=\"summary_large_image\" \/>\n<meta name=\"twitter:creator\" content=\"@agenciasulan\" \/>\n<meta name=\"twitter:site\" content=\"@PressenzaIPA\" \/>\n<meta name=\"twitter:label1\" content=\"Escrito por\" \/>\n\t<meta name=\"twitter:data1\" content=\"Uni\u00f3n Latinoamericana de Agencias de Noticias\" \/>\n\t<meta name=\"twitter:label2\" content=\"Tiempo de lectura\" \/>\n\t<meta name=\"twitter:data2\" content=\"1 minuto\" \/>\n<script type=\"application\/ld+json\" class=\"yoast-schema-graph\">{\"@context\":\"https:\/\/schema.org\",\"@graph\":[{\"@type\":\"Article\",\"@id\":\"https:\/\/www.pressenza.com\/es\/2012\/12\/lugo-y-correa-se-reuniran-para-analizar-situacion-regional\/#article\",\"isPartOf\":{\"@id\":\"https:\/\/www.pressenza.com\/es\/2012\/12\/lugo-y-correa-se-reuniran-para-analizar-situacion-regional\/\"},\"author\":{\"name\":\"Uni\u00f3n Latinoamericana de Agencias de Noticias\",\"@id\":\"https:\/\/www.pressenza.com\/es\/#\/schema\/person\/a9efe8d7b19eb4689fcbcb71bc21dba6\"},\"headline\":\"Lugo y Correa se reunir\u00e1n para analizar situaci\u00f3n regional\",\"datePublished\":\"2012-12-27T19:44:23+00:00\",\"dateModified\":\"2012-12-28T22:15:25+00:00\",\"mainEntityOfPage\":{\"@id\":\"https:\/\/www.pressenza.com\/es\/2012\/12\/lugo-y-correa-se-reuniran-para-analizar-situacion-regional\/\"},\"wordCount\":155,\"publisher\":{\"@id\":\"https:\/\/www.pressenza.com\/es\/#organization\"},\"image\":{\"@id\":\"https:\/\/www.pressenza.com\/es\/2012\/12\/lugo-y-correa-se-reuniran-para-analizar-situacion-regional\/#primaryimage\"},\"thumbnailUrl\":\"https:\/\/www.pressenza.com\/wp-content\/uploads\/2012\/12\/Rafael-Correa-Fernando-Lugo-Quito_EDIIMA20121226_0354_4.jpg\",\"keywords\":[\"Rafael Correa\"],\"articleSection\":[\"Pol\u00edtica\",\"Sudam\u00e9rica\"],\"inLanguage\":\"es\"},{\"@type\":\"WebPage\",\"@id\":\"https:\/\/www.pressenza.com\/es\/2012\/12\/lugo-y-correa-se-reuniran-para-analizar-situacion-regional\/\",\"url\":\"https:\/\/www.pressenza.com\/es\/2012\/12\/lugo-y-correa-se-reuniran-para-analizar-situacion-regional\/\",\"name\":\"Lugo y Correa se reunir\u00e1n para analizar situaci\u00f3n regional\",\"isPartOf\":{\"@id\":\"https:\/\/www.pressenza.com\/es\/#website\"},\"primaryImageOfPage\":{\"@id\":\"https:\/\/www.pressenza.com\/es\/2012\/12\/lugo-y-correa-se-reuniran-para-analizar-situacion-regional\/#primaryimage\"},\"image\":{\"@id\":\"https:\/\/www.pressenza.com\/es\/2012\/12\/lugo-y-correa-se-reuniran-para-analizar-situacion-regional\/#primaryimage\"},\"thumbnailUrl\":\"https:\/\/www.pressenza.com\/wp-content\/uploads\/2012\/12\/Rafael-Correa-Fernando-Lugo-Quito_EDIIMA20121226_0354_4.jpg\",\"datePublished\":\"2012-12-27T19:44:23+00:00\",\"dateModified\":\"2012-12-28T22:15:25+00:00\",\"description\":\"El expresidente de Paraguay Fernando Lugo, destituido mediante un golpe de Estado parlamentario en junio pasado, se reunir\u00e1 este mi\u00e9rcoles con el\",\"breadcrumb\":{\"@id\":\"https:\/\/www.pressenza.com\/es\/2012\/12\/lugo-y-correa-se-reuniran-para-analizar-situacion-regional\/#breadcrumb\"},\"inLanguage\":\"es\",\"potentialAction\":[{\"@type\":\"ReadAction\",\"target\":[\"https:\/\/www.pressenza.com\/es\/2012\/12\/lugo-y-correa-se-reuniran-para-analizar-situacion-regional\/\"]}]},{\"@type\":\"ImageObject\",\"inLanguage\":\"es\",\"@id\":\"https:\/\/www.pressenza.com\/es\/2012\/12\/lugo-y-correa-se-reuniran-para-analizar-situacion-regional\/#primaryimage\",\"url\":\"https:\/\/www.pressenza.com\/wp-content\/uploads\/2012\/12\/Rafael-Correa-Fernando-Lugo-Quito_EDIIMA20121226_0354_4.jpg\",\"contentUrl\":\"https:\/\/www.pressenza.com\/wp-content\/uploads\/2012\/12\/Rafael-Correa-Fernando-Lugo-Quito_EDIIMA20121226_0354_4.jpg\",\"width\":\"643\",\"height\":\"362\"},{\"@type\":\"BreadcrumbList\",\"@id\":\"https:\/\/www.pressenza.com\/es\/2012\/12\/lugo-y-correa-se-reuniran-para-analizar-situacion-regional\/#breadcrumb\",\"itemListElement\":[{\"@type\":\"ListItem\",\"position\":1,\"name\":\"Accueil\",\"item\":\"https:\/\/www.pressenza.com\/es\/\"},{\"@type\":\"ListItem\",\"position\":2,\"name\":\"Lugo y Correa se reunir\u00e1n para analizar situaci\u00f3n regional\"}]},{\"@type\":\"WebSite\",\"@id\":\"https:\/\/www.pressenza.com\/es\/#website\",\"url\":\"https:\/\/www.pressenza.com\/es\/\",\"name\":\"Pressenza\",\"description\":\"International Press Agency\",\"publisher\":{\"@id\":\"https:\/\/www.pressenza.com\/es\/#organization\"},\"potentialAction\":[{\"@type\":\"SearchAction\",\"target\":{\"@type\":\"EntryPoint\",\"urlTemplate\":\"https:\/\/www.pressenza.com\/es\/?s={search_term_string}\"},\"query-input\":{\"@type\":\"PropertyValueSpecification\",\"valueRequired\":true,\"valueName\":\"search_term_string\"}}],\"inLanguage\":\"es\"},{\"@type\":\"Organization\",\"@id\":\"https:\/\/www.pressenza.com\/es\/#organization\",\"name\":\"Pressenza\",\"url\":\"https:\/\/www.pressenza.com\/es\/\",\"logo\":{\"@type\":\"ImageObject\",\"inLanguage\":\"es\",\"@id\":\"https:\/\/www.pressenza.com\/es\/#\/schema\/logo\/image\/\",\"url\":\"https:\/\/www.pressenza.com\/wp-content\/uploads\/2022\/10\/pressenza_logo_200x200.jpg\",\"contentUrl\":\"https:\/\/www.pressenza.com\/wp-content\/uploads\/2022\/10\/pressenza_logo_200x200.jpg\",\"width\":200,\"height\":200,\"caption\":\"Pressenza\"},\"image\":{\"@id\":\"https:\/\/www.pressenza.com\/es\/#\/schema\/logo\/image\/\"},\"sameAs\":[\"https:\/\/www.facebook.com\/PressenzaItalia\",\"https:\/\/x.com\/PressenzaIPA\"]},{\"@type\":\"Person\",\"@id\":\"https:\/\/www.pressenza.com\/es\/#\/schema\/person\/a9efe8d7b19eb4689fcbcb71bc21dba6\",\"name\":\"Uni\u00f3n Latinoamericana de Agencias de Noticias\",\"description\":\"Una asociaci\u00f3n supranacional que re\u00fane a las agencias de noticias de Am\u00e9rica Latina y el Caribe. agenciasulan.org\",\"sameAs\":[\"https:\/\/www.facebook.com\/AgenciasUlan\",\"https:\/\/x.com\/agenciasulan\"],\"url\":\"https:\/\/www.pressenza.com\/es\/author\/union-latinoamericana-de-agencias-de-noticias\/\"}]}<\/script>\n<!-- \/ Yoast SEO plugin. -->","yoast_head_json":{"title":"Lugo y Correa se reunir\u00e1n para analizar situaci\u00f3n regional","description":"El expresidente de Paraguay Fernando Lugo, destituido mediante un golpe de Estado parlamentario en junio pasado, se reunir\u00e1 este mi\u00e9rcoles con el","robots":{"index":"index","follow":"follow","max-snippet":"max-snippet:-1","max-image-preview":"max-image-preview:large","max-video-preview":"max-video-preview:-1"},"canonical":"https:\/\/www.pressenza.com\/es\/2012\/12\/lugo-y-correa-se-reuniran-para-analizar-situacion-regional\/","og_locale":"es_ES","og_type":"article","og_title":"Lugo y Correa se reunir\u00e1n para analizar situaci\u00f3n regional","og_description":"El expresidente de Paraguay Fernando Lugo, destituido mediante un golpe de Estado parlamentario en junio pasado, se reunir\u00e1 este mi\u00e9rcoles con el","og_url":"https:\/\/www.pressenza.com\/es\/2012\/12\/lugo-y-correa-se-reuniran-para-analizar-situacion-regional\/","og_site_name":"Pressenza","article_publisher":"https:\/\/www.facebook.com\/PressenzaItalia","article_author":"https:\/\/www.facebook.com\/AgenciasUlan","article_published_time":"2012-12-27T19:44:23+00:00","article_modified_time":"2012-12-28T22:15:25+00:00","og_image":[{"width":643,"height":362,"url":"https:\/\/www.pressenza.com\/wp-content\/uploads\/2012\/12\/Rafael-Correa-Fernando-Lugo-Quito_EDIIMA20121226_0354_4.jpg","type":"image\/jpeg"}],"author":"Uni\u00f3n Latinoamericana de Agencias de Noticias","twitter_card":"summary_large_image","twitter_creator":"@agenciasulan","twitter_site":"@PressenzaIPA","twitter_misc":{"Escrito por":"Uni\u00f3n Latinoamericana de Agencias de Noticias","Tiempo de lectura":"1 minuto"},"schema":{"@context":"https:\/\/schema.org","@graph":[{"@type":"Article","@id":"https:\/\/www.pressenza.com\/es\/2012\/12\/lugo-y-correa-se-reuniran-para-analizar-situacion-regional\/#article","isPartOf":{"@id":"https:\/\/www.pressenza.com\/es\/2012\/12\/lugo-y-correa-se-reuniran-para-analizar-situacion-regional\/"},"author":{"name":"Uni\u00f3n Latinoamericana de Agencias de Noticias","@id":"https:\/\/www.pressenza.com\/es\/#\/schema\/person\/a9efe8d7b19eb4689fcbcb71bc21dba6"},"headline":"Lugo y Correa se reunir\u00e1n para analizar situaci\u00f3n regional","datePublished":"2012-12-27T19:44:23+00:00","dateModified":"2012-12-28T22:15:25+00:00","mainEntityOfPage":{"@id":"https:\/\/www.pressenza.com\/es\/2012\/12\/lugo-y-correa-se-reuniran-para-analizar-situacion-regional\/"},"wordCount":155,"publisher":{"@id":"https:\/\/www.pressenza.com\/es\/#organization"},"image":{"@id":"https:\/\/www.pressenza.com\/es\/2012\/12\/lugo-y-correa-se-reuniran-para-analizar-situacion-regional\/#primaryimage"},"thumbnailUrl":"https:\/\/www.pressenza.com\/wp-content\/uploads\/2012\/12\/Rafael-Correa-Fernando-Lugo-Quito_EDIIMA20121226_0354_4.jpg","keywords":["Rafael Correa"],"articleSection":["Pol\u00edtica","Sudam\u00e9rica"],"inLanguage":"es"},{"@type":"WebPage","@id":"https:\/\/www.pressenza.com\/es\/2012\/12\/lugo-y-correa-se-reuniran-para-analizar-situacion-regional\/","url":"https:\/\/www.pressenza.com\/es\/2012\/12\/lugo-y-correa-se-reuniran-para-analizar-situacion-regional\/","name":"Lugo y Correa se reunir\u00e1n para analizar situaci\u00f3n regional","isPartOf":{"@id":"https:\/\/www.pressenza.com\/es\/#website"},"primaryImageOfPage":{"@id":"https:\/\/www.pressenza.com\/es\/2012\/12\/lugo-y-correa-se-reuniran-para-analizar-situacion-regional\/#primaryimage"},"image":{"@id":"https:\/\/www.pressenza.com\/es\/2012\/12\/lugo-y-correa-se-reuniran-para-analizar-situacion-regional\/#primaryimage"},"thumbnailUrl":"https:\/\/www.pressenza.com\/wp-content\/uploads\/2012\/12\/Rafael-Correa-Fernando-Lugo-Quito_EDIIMA20121226_0354_4.jpg","datePublished":"2012-12-27T19:44:23+00:00","dateModified":"2012-12-28T22:15:25+00:00","description":"El expresidente de Paraguay Fernando Lugo, destituido mediante un golpe de Estado parlamentario en junio pasado, se reunir\u00e1 este mi\u00e9rcoles con el","breadcrumb":{"@id":"https:\/\/www.pressenza.com\/es\/2012\/12\/lugo-y-correa-se-reuniran-para-analizar-situacion-regional\/#breadcrumb"},"inLanguage":"es","potentialAction":[{"@type":"ReadAction","target":["https:\/\/www.pressenza.com\/es\/2012\/12\/lugo-y-correa-se-reuniran-para-analizar-situacion-regional\/"]}]},{"@type":"ImageObject","inLanguage":"es","@id":"https:\/\/www.pressenza.com\/es\/2012\/12\/lugo-y-correa-se-reuniran-para-analizar-situacion-regional\/#primaryimage","url":"https:\/\/www.pressenza.com\/wp-content\/uploads\/2012\/12\/Rafael-Correa-Fernando-Lugo-Quito_EDIIMA20121226_0354_4.jpg","contentUrl":"https:\/\/www.pressenza.com\/wp-content\/uploads\/2012\/12\/Rafael-Correa-Fernando-Lugo-Quito_EDIIMA20121226_0354_4.jpg","width":"643","height":"362"},{"@type":"BreadcrumbList","@id":"https:\/\/www.pressenza.com\/es\/2012\/12\/lugo-y-correa-se-reuniran-para-analizar-situacion-regional\/#breadcrumb","itemListElement":[{"@type":"ListItem","position":1,"name":"Accueil","item":"https:\/\/www.pressenza.com\/es\/"},{"@type":"ListItem","position":2,"name":"Lugo y Correa se reunir\u00e1n para analizar situaci\u00f3n regional"}]},{"@type":"WebSite","@id":"https:\/\/www.pressenza.com\/es\/#website","url":"https:\/\/www.pressenza.com\/es\/","name":"Pressenza","description":"International Press Agency","publisher":{"@id":"https:\/\/www.pressenza.com\/es\/#organization"},"potentialAction":[{"@type":"SearchAction","target":{"@type":"EntryPoint","urlTemplate":"https:\/\/www.pressenza.com\/es\/?s={search_term_string}"},"query-input":{"@type":"PropertyValueSpecification","valueRequired":true,"valueName":"search_term_string"}}],"inLanguage":"es"},{"@type":"Organization","@id":"https:\/\/www.pressenza.com\/es\/#organization","name":"Pressenza","url":"https:\/\/www.pressenza.com\/es\/","logo":{"@type":"ImageObject","inLanguage":"es","@id":"https:\/\/www.pressenza.com\/es\/#\/schema\/logo\/image\/","url":"https:\/\/www.pressenza.com\/wp-content\/uploads\/2022\/10\/pressenza_logo_200x200.jpg","contentUrl":"https:\/\/www.pressenza.com\/wp-content\/uploads\/2022\/10\/pressenza_logo_200x200.jpg","width":200,"height":200,"caption":"Pressenza"},"image":{"@id":"https:\/\/www.pressenza.com\/es\/#\/schema\/logo\/image\/"},"sameAs":["https:\/\/www.facebook.com\/PressenzaItalia","https:\/\/x.com\/PressenzaIPA"]},{"@type":"Person","@id":"https:\/\/www.pressenza.com\/es\/#\/schema\/person\/a9efe8d7b19eb4689fcbcb71bc21dba6","name":"Uni\u00f3n Latinoamericana de Agencias de Noticias","description":"Una asociaci\u00f3n supranacional que re\u00fane a las agencias de noticias de Am\u00e9rica Latina y el Caribe. agenciasulan.org","sameAs":["https:\/\/www.facebook.com\/AgenciasUlan","https:\/\/x.com\/agenciasulan"],"url":"https:\/\/www.pressenza.com\/es\/author\/union-latinoamericana-de-agencias-de-noticias\/"}]}},"place":"Quito","original_article_url":"","_links":{"self":[{"href":"https:\/\/www.pressenza.com\/es\/wp-json\/wp\/v2\/posts\/30670","targetHints":{"allow":["GET"]}}],"collection":[{"href":"https:\/\/www.pressenza.com\/es\/wp-json\/wp\/v2\/posts"}],"about":[{"href":"https:\/\/www.pressenza.com\/es\/wp-json\/wp\/v2\/types\/post"}],"author":[{"embeddable":true,"href":"https:\/\/www.pressenza.com\/es\/wp-json\/wp\/v2\/users\/640"}],"replies":[{"embeddable":true,"href":"https:\/\/www.pressenza.com\/es\/wp-json\/wp\/v2\/comments?post=30670"}],"version-history":[{"count":0,"href":"https:\/\/www.pressenza.com\/es\/wp-json\/wp\/v2\/posts\/30670\/revisions"}],"wp:featuredmedia":[{"embeddable":true,"href":"https:\/\/www.pressenza.com\/es\/wp-json\/wp\/v2\/media\/30864"}],"wp:attachment":[{"href":"https:\/\/www.pressenza.com\/es\/wp-json\/wp\/v2\/media?parent=30670"}],"wp:term":[{"taxonomy":"category","embeddable":true,"href":"https:\/\/www.pressenza.com\/es\/wp-json\/wp\/v2\/categories?post=30670"},{"taxonomy":"post_tag","embeddable":true,"href":"https:\/\/www.pressenza.com\/es\/wp-json\/wp\/v2\/tags?post=30670"}],"curies":[{"name":"wp","href":"https:\/\/api.w.org\/{rel}","templated":true}]}}