{"id":306101,"date":"2016-04-24T05:07:08","date_gmt":"2016-04-24T04:07:08","guid":{"rendered":"http:\/\/www.pressenza.com\/es\/?p=306101"},"modified":"2016-04-24T05:07:23","modified_gmt":"2016-04-24T04:07:23","slug":"formosa-comunidad-qom-vuelve-cortar-la-ruta","status":"publish","type":"post","link":"https:\/\/www.pressenza.com\/es\/2016\/04\/formosa-comunidad-qom-vuelve-cortar-la-ruta\/","title":{"rendered":"Formosa: comunidad qom vuelve a cortar la ruta"},"content":{"rendered":"<p>El pasado lunes 18 de abril comenz\u00f3 un nuevo corte de la ruta nacional 86 por la comunidad qom Potae Napocna Navogoh (La primavera). Piden que se terminen las obras b\u00e1sicas prometidas en su territorio: mejoramiento de los caminos, tendido el\u00e9ctrico, suministro de agua potable y construcci\u00f3n de viviendas.<\/p>\n<p>Los reclamos son los mismos desde hace mucho tiempo, los mismos que justificaron el corte anterior hace poco m\u00e1s de un a\u00f1o. En aquel momento la medida de fuerza se levant\u00f3 a fin de febrero 2015 cuando, despu\u00e9s de mucha presi\u00f3n, los manifestantes consiguieron que se les entregaran las carpetas t\u00e9cnicas de los trabajos iniciados sin su permiso en sus tierras, y el gobierno se comprometiera a terminarlos. La comunidad exig\u00eda que se respetara su derecho a conocer previamente detalles de las obras como tiempo de finalizaci\u00f3n, el listado de adjudicatarios de viviendas, presupuestos, materiales de construcci\u00f3n, etc.<\/p>\n<p><img loading=\"lazy\" decoding=\"async\" class=\"alignnone size-large wp-image-306155\" src=\"http:\/\/www.pressenza.com\/wp-content\/uploads\/2016\/04\/corte-ruta-86-3-720x397.jpg\" alt=\"corte ruta 86\" width=\"720\" height=\"397\" srcset=\"https:\/\/www.pressenza.com\/wp-content\/uploads\/2016\/04\/corte-ruta-86-3-720x397.jpg 720w, https:\/\/www.pressenza.com\/wp-content\/uploads\/2016\/04\/corte-ruta-86-3-300x165.jpg 300w, https:\/\/www.pressenza.com\/wp-content\/uploads\/2016\/04\/corte-ruta-86-3-768x424.jpg 768w, https:\/\/www.pressenza.com\/wp-content\/uploads\/2016\/04\/corte-ruta-86-3.jpg 1280w\" sizes=\"auto, (max-width: 720px) 100vw, 720px\" \/><\/p>\n<p>Ha pasado m\u00e1s de un a\u00f1o. Las obras prometidas no avanzaron y lo poco que comenz\u00f3 no alcanza a satisfacer las necesidades. No alcanza, por ejemplo, que las pocas canillas disponibles tengan agua potable s\u00f3lo un par de horas al d\u00eda. Tampoco alcanzan los escasos metros de caminos con ripio: la mayor extensi\u00f3n es totalmente intransitable cuando llueve, haciendo imposible no s\u00f3lo la circulaci\u00f3n cotidiana sino el acceso de cualquier ayuda en caso de necesidad: no se puede salir, ni las ambulancias pueden entrar. Las recientes precipitaciones agravaron la situaci\u00f3n y la proximidad del invierno anuncia m\u00e1s problemas. Estar en la ruta no es grato para nadie, pero la comunidad tampoco encuentra otra salida ante el permanente incumplimiento del gobierno formose\u00f1o.<\/p>\n<p><img loading=\"lazy\" decoding=\"async\" class=\"alignnone size-large wp-image-306147\" src=\"http:\/\/www.pressenza.com\/wp-content\/uploads\/2016\/04\/caminos1-1-720x536.jpg\" alt=\"caminos1\" width=\"720\" height=\"536\" srcset=\"https:\/\/www.pressenza.com\/wp-content\/uploads\/2016\/04\/caminos1-1-720x536.jpg 720w, https:\/\/www.pressenza.com\/wp-content\/uploads\/2016\/04\/caminos1-1-300x223.jpg 300w, https:\/\/www.pressenza.com\/wp-content\/uploads\/2016\/04\/caminos1-1-768x572.jpg 768w, https:\/\/www.pressenza.com\/wp-content\/uploads\/2016\/04\/caminos1-1.jpg 1280w\" sizes=\"auto, (max-width: 720px) 100vw, 720px\" \/><\/p>\n<p>El corte de ruta sigue al reclamo que durante 12 d\u00edas realizaron maestros de la comunidad y un grupo de padres a fines de marzo. Iniciadas las clases y despu\u00e9s de esperar dos meses que el Ministerio de Educaci\u00f3n respondiera a su pedido, 17 j\u00f3venes ocuparon pac\u00edficamente la escuela 308 para reclamar su nombramiento como <em>maestros especiales en modalidad aborigen<\/em> (MEMA). Tampoco este es un tema menor: los Mema son el v\u00ednculo de los ni\u00f1os con su cultura, la funci\u00f3n que permite la educaci\u00f3n biling\u00fce, intermediar con el maestro criollo y facilitar el aprendizaje. S\u00f3lo se consiguieron dos nombramientos y la promesa de otros pr\u00f3ximamente, pero los maestros decidieron levantar la ocupaci\u00f3n. La medida fue especialmente dif\u00edcil de sostener por el hostigamiento de funcionarios y punteros pol\u00edticos del gobierno de Formosa.<\/p>\n<p><iframe loading=\"lazy\" title=\"Lucha por la educaci\u00f3n comunidad Qom 29\/3\/2016\" width=\"500\" height=\"281\" src=\"https:\/\/www.youtube.com\/embed\/wRRwLury7qQ?feature=oembed\" frameborder=\"0\" allow=\"accelerometer; autoplay; clipboard-write; encrypted-media; gyroscope; picture-in-picture; web-share\" referrerpolicy=\"strict-origin-when-cross-origin\" allowfullscreen><\/iframe><\/p>\n<p>Los conflictos no terminan ah\u00ed. En la causa que se le sigue al qarashe F\u00e9lix D\u00edaz por usurpaci\u00f3n, el fiscal pidi\u00f3 la elevaci\u00f3n a juicio oral para el 17 de octubre pr\u00f3ximo, sin que se hayan resuelto previamente los recursos presentados por los abogados del CELS. Y el reclamo territorial, tema central para la comunidad, sigue esperando resoluci\u00f3n en la Corte Suprema de Justicia.<\/p>\n<p>Mientras tanto, el corte de ruta sigue y sus protagonistas reiteran: <em>\u201cUna vez m\u00e1s rechazamos este mecanismo que promueve el estado provincial, de tener que reclamar con medidas de fuerza nuestros derechos consagrados\u201d.<\/em><\/p>\n","protected":false},"excerpt":{"rendered":"<p>El pasado lunes 18 de abril comenz\u00f3 un nuevo corte de la ruta nacional 86 por la comunidad qom Potae Napocna Navogoh (La primavera). Piden que se terminen las obras b\u00e1sicas prometidas en su territorio: mejoramiento de los caminos, tendido&hellip;<\/p>\n","protected":false},"author":389,"featured_media":306125,"comment_status":"closed","ping_status":"closed","sticky":false,"template":"","format":"standard","meta":{"footnotes":""},"categories":[11389,80,67],"tags":[18593,3059,5323,19781,22210,3058,18507],"class_list":["post-306101","post","type-post","status-publish","format-standard","has-post-thumbnail","hentry","category-contenido-original","category-pueblos-originarios","category-sudamerica","tag-felix-diaz","tag-formosa","tag-indigenas","tag-la-primavera","tag-pueblos-originarios","tag-qom","tag-territorios"],"yoast_head":"<!-- This site is optimized with the Yoast SEO plugin v27.1.1 - https:\/\/yoast.com\/product\/yoast-seo-wordpress\/ -->\n<title>Formosa: comunidad qom vuelve a cortar la ruta<\/title>\n<meta name=\"description\" content=\"El pasado lunes 18 de abril comenz\u00f3 un nuevo corte de la ruta nacional 86 por la comunidad qom Potae Napocna Navogoh (La primavera). Piden que se terminen\" \/>\n<meta name=\"robots\" content=\"index, follow, max-snippet:-1, max-image-preview:large, max-video-preview:-1\" \/>\n<link rel=\"canonical\" href=\"https:\/\/www.pressenza.com\/es\/2016\/04\/formosa-comunidad-qom-vuelve-cortar-la-ruta\/\" \/>\n<meta property=\"og:locale\" content=\"es_ES\" \/>\n<meta property=\"og:type\" content=\"article\" \/>\n<meta property=\"og:title\" content=\"Formosa: comunidad qom vuelve a cortar la ruta\" \/>\n<meta property=\"og:description\" content=\"El pasado lunes 18 de abril comenz\u00f3 un nuevo corte de la ruta nacional 86 por la comunidad qom Potae Napocna Navogoh (La primavera). Piden que se terminen\" \/>\n<meta property=\"og:url\" content=\"https:\/\/www.pressenza.com\/es\/2016\/04\/formosa-comunidad-qom-vuelve-cortar-la-ruta\/\" \/>\n<meta property=\"og:site_name\" content=\"Pressenza\" \/>\n<meta property=\"article:publisher\" content=\"https:\/\/www.facebook.com\/PressenzaItalia\" \/>\n<meta property=\"article:author\" content=\"https:\/\/www.facebook.com\/ConvergenceOfCultures?fref=ts\" \/>\n<meta property=\"article:published_time\" content=\"2016-04-24T04:07:08+00:00\" \/>\n<meta property=\"article:modified_time\" content=\"2016-04-24T04:07:23+00:00\" \/>\n<meta property=\"og:image\" content=\"https:\/\/www.pressenza.com\/wp-content\/uploads\/2016\/04\/corte-ruta-86-1-2.jpg\" \/>\n\t<meta property=\"og:image:width\" content=\"1280\" \/>\n\t<meta property=\"og:image:height\" content=\"662\" \/>\n\t<meta property=\"og:image:type\" content=\"image\/jpeg\" \/>\n<meta name=\"author\" content=\"Convergencia de las Culturas\" \/>\n<meta name=\"twitter:card\" content=\"summary_large_image\" \/>\n<meta name=\"twitter:creator\" content=\"@PressenzaIPA\" \/>\n<meta name=\"twitter:site\" content=\"@PressenzaIPA\" \/>\n<meta name=\"twitter:label1\" content=\"Escrito por\" \/>\n\t<meta name=\"twitter:data1\" content=\"Convergencia de las Culturas\" \/>\n\t<meta name=\"twitter:label2\" content=\"Tiempo de lectura\" \/>\n\t<meta name=\"twitter:data2\" content=\"3 minutos\" \/>\n<script type=\"application\/ld+json\" class=\"yoast-schema-graph\">{\"@context\":\"https:\/\/schema.org\",\"@graph\":[{\"@type\":\"Article\",\"@id\":\"https:\/\/www.pressenza.com\/es\/2016\/04\/formosa-comunidad-qom-vuelve-cortar-la-ruta\/#article\",\"isPartOf\":{\"@id\":\"https:\/\/www.pressenza.com\/es\/2016\/04\/formosa-comunidad-qom-vuelve-cortar-la-ruta\/\"},\"author\":{\"name\":\"Convergencia de las Culturas\",\"@id\":\"https:\/\/www.pressenza.com\/es\/#\/schema\/person\/38598fb70b9162100457e7983ae8b548\"},\"headline\":\"Formosa: comunidad qom vuelve a cortar la ruta\",\"datePublished\":\"2016-04-24T04:07:08+00:00\",\"dateModified\":\"2016-04-24T04:07:23+00:00\",\"mainEntityOfPage\":{\"@id\":\"https:\/\/www.pressenza.com\/es\/2016\/04\/formosa-comunidad-qom-vuelve-cortar-la-ruta\/\"},\"wordCount\":545,\"publisher\":{\"@id\":\"https:\/\/www.pressenza.com\/es\/#organization\"},\"image\":{\"@id\":\"https:\/\/www.pressenza.com\/es\/2016\/04\/formosa-comunidad-qom-vuelve-cortar-la-ruta\/#primaryimage\"},\"thumbnailUrl\":\"https:\/\/www.pressenza.com\/wp-content\/uploads\/2016\/04\/corte-ruta-86-1-2.jpg\",\"keywords\":[\"F\u00e9lix D\u00edaz\",\"Formosa\",\"indigenas\",\"la primavera\",\"Pueblos Originarios\",\"Qom\",\"territorios\"],\"articleSection\":[\"Contenido Original\",\"Pueblos Originarios\",\"Sudam\u00e9rica\"],\"inLanguage\":\"es\"},{\"@type\":\"WebPage\",\"@id\":\"https:\/\/www.pressenza.com\/es\/2016\/04\/formosa-comunidad-qom-vuelve-cortar-la-ruta\/\",\"url\":\"https:\/\/www.pressenza.com\/es\/2016\/04\/formosa-comunidad-qom-vuelve-cortar-la-ruta\/\",\"name\":\"Formosa: comunidad qom vuelve a cortar la ruta\",\"isPartOf\":{\"@id\":\"https:\/\/www.pressenza.com\/es\/#website\"},\"primaryImageOfPage\":{\"@id\":\"https:\/\/www.pressenza.com\/es\/2016\/04\/formosa-comunidad-qom-vuelve-cortar-la-ruta\/#primaryimage\"},\"image\":{\"@id\":\"https:\/\/www.pressenza.com\/es\/2016\/04\/formosa-comunidad-qom-vuelve-cortar-la-ruta\/#primaryimage\"},\"thumbnailUrl\":\"https:\/\/www.pressenza.com\/wp-content\/uploads\/2016\/04\/corte-ruta-86-1-2.jpg\",\"datePublished\":\"2016-04-24T04:07:08+00:00\",\"dateModified\":\"2016-04-24T04:07:23+00:00\",\"description\":\"El pasado lunes 18 de abril comenz\u00f3 un nuevo corte de la ruta nacional 86 por la comunidad qom Potae Napocna Navogoh (La primavera). Piden que se terminen\",\"breadcrumb\":{\"@id\":\"https:\/\/www.pressenza.com\/es\/2016\/04\/formosa-comunidad-qom-vuelve-cortar-la-ruta\/#breadcrumb\"},\"inLanguage\":\"es\",\"potentialAction\":[{\"@type\":\"ReadAction\",\"target\":[\"https:\/\/www.pressenza.com\/es\/2016\/04\/formosa-comunidad-qom-vuelve-cortar-la-ruta\/\"]}]},{\"@type\":\"ImageObject\",\"inLanguage\":\"es\",\"@id\":\"https:\/\/www.pressenza.com\/es\/2016\/04\/formosa-comunidad-qom-vuelve-cortar-la-ruta\/#primaryimage\",\"url\":\"https:\/\/www.pressenza.com\/wp-content\/uploads\/2016\/04\/corte-ruta-86-1-2.jpg\",\"contentUrl\":\"https:\/\/www.pressenza.com\/wp-content\/uploads\/2016\/04\/corte-ruta-86-1-2.jpg\",\"width\":1280,\"height\":662},{\"@type\":\"BreadcrumbList\",\"@id\":\"https:\/\/www.pressenza.com\/es\/2016\/04\/formosa-comunidad-qom-vuelve-cortar-la-ruta\/#breadcrumb\",\"itemListElement\":[{\"@type\":\"ListItem\",\"position\":1,\"name\":\"Accueil\",\"item\":\"https:\/\/www.pressenza.com\/es\/\"},{\"@type\":\"ListItem\",\"position\":2,\"name\":\"Formosa: comunidad qom vuelve a cortar la ruta\"}]},{\"@type\":\"WebSite\",\"@id\":\"https:\/\/www.pressenza.com\/es\/#website\",\"url\":\"https:\/\/www.pressenza.com\/es\/\",\"name\":\"Pressenza\",\"description\":\"International Press Agency\",\"publisher\":{\"@id\":\"https:\/\/www.pressenza.com\/es\/#organization\"},\"potentialAction\":[{\"@type\":\"SearchAction\",\"target\":{\"@type\":\"EntryPoint\",\"urlTemplate\":\"https:\/\/www.pressenza.com\/es\/?s={search_term_string}\"},\"query-input\":{\"@type\":\"PropertyValueSpecification\",\"valueRequired\":true,\"valueName\":\"search_term_string\"}}],\"inLanguage\":\"es\"},{\"@type\":\"Organization\",\"@id\":\"https:\/\/www.pressenza.com\/es\/#organization\",\"name\":\"Pressenza\",\"url\":\"https:\/\/www.pressenza.com\/es\/\",\"logo\":{\"@type\":\"ImageObject\",\"inLanguage\":\"es\",\"@id\":\"https:\/\/www.pressenza.com\/es\/#\/schema\/logo\/image\/\",\"url\":\"https:\/\/www.pressenza.com\/wp-content\/uploads\/2022\/10\/pressenza_logo_200x200.jpg\",\"contentUrl\":\"https:\/\/www.pressenza.com\/wp-content\/uploads\/2022\/10\/pressenza_logo_200x200.jpg\",\"width\":200,\"height\":200,\"caption\":\"Pressenza\"},\"image\":{\"@id\":\"https:\/\/www.pressenza.com\/es\/#\/schema\/logo\/image\/\"},\"sameAs\":[\"https:\/\/www.facebook.com\/PressenzaItalia\",\"https:\/\/x.com\/PressenzaIPA\"]},{\"@type\":\"Person\",\"@id\":\"https:\/\/www.pressenza.com\/es\/#\/schema\/person\/38598fb70b9162100457e7983ae8b548\",\"name\":\"Convergencia de las Culturas\",\"description\":\"Convergence of Cultures is an organism that is part of the Humanist Movement. Its mission is: 1. To facilitate and stimulate dialogue between cultures. 2. To fight discrimination and violence. 3. To take its proposal to all latitudes. www.convergenceofcultures.org\",\"sameAs\":[\"https:\/\/www.facebook.com\/ConvergenceOfCultures?fref=ts\"],\"url\":\"https:\/\/www.pressenza.com\/es\/author\/convergencia-de-las-culturas\/\"}]}<\/script>\n<!-- \/ Yoast SEO plugin. -->","yoast_head_json":{"title":"Formosa: comunidad qom vuelve a cortar la ruta","description":"El pasado lunes 18 de abril comenz\u00f3 un nuevo corte de la ruta nacional 86 por la comunidad qom Potae Napocna Navogoh (La primavera). Piden que se terminen","robots":{"index":"index","follow":"follow","max-snippet":"max-snippet:-1","max-image-preview":"max-image-preview:large","max-video-preview":"max-video-preview:-1"},"canonical":"https:\/\/www.pressenza.com\/es\/2016\/04\/formosa-comunidad-qom-vuelve-cortar-la-ruta\/","og_locale":"es_ES","og_type":"article","og_title":"Formosa: comunidad qom vuelve a cortar la ruta","og_description":"El pasado lunes 18 de abril comenz\u00f3 un nuevo corte de la ruta nacional 86 por la comunidad qom Potae Napocna Navogoh (La primavera). Piden que se terminen","og_url":"https:\/\/www.pressenza.com\/es\/2016\/04\/formosa-comunidad-qom-vuelve-cortar-la-ruta\/","og_site_name":"Pressenza","article_publisher":"https:\/\/www.facebook.com\/PressenzaItalia","article_author":"https:\/\/www.facebook.com\/ConvergenceOfCultures?fref=ts","article_published_time":"2016-04-24T04:07:08+00:00","article_modified_time":"2016-04-24T04:07:23+00:00","og_image":[{"width":1280,"height":662,"url":"https:\/\/www.pressenza.com\/wp-content\/uploads\/2016\/04\/corte-ruta-86-1-2.jpg","type":"image\/jpeg"}],"author":"Convergencia de las Culturas","twitter_card":"summary_large_image","twitter_creator":"@PressenzaIPA","twitter_site":"@PressenzaIPA","twitter_misc":{"Escrito por":"Convergencia de las Culturas","Tiempo de lectura":"3 minutos"},"schema":{"@context":"https:\/\/schema.org","@graph":[{"@type":"Article","@id":"https:\/\/www.pressenza.com\/es\/2016\/04\/formosa-comunidad-qom-vuelve-cortar-la-ruta\/#article","isPartOf":{"@id":"https:\/\/www.pressenza.com\/es\/2016\/04\/formosa-comunidad-qom-vuelve-cortar-la-ruta\/"},"author":{"name":"Convergencia de las Culturas","@id":"https:\/\/www.pressenza.com\/es\/#\/schema\/person\/38598fb70b9162100457e7983ae8b548"},"headline":"Formosa: comunidad qom vuelve a cortar la ruta","datePublished":"2016-04-24T04:07:08+00:00","dateModified":"2016-04-24T04:07:23+00:00","mainEntityOfPage":{"@id":"https:\/\/www.pressenza.com\/es\/2016\/04\/formosa-comunidad-qom-vuelve-cortar-la-ruta\/"},"wordCount":545,"publisher":{"@id":"https:\/\/www.pressenza.com\/es\/#organization"},"image":{"@id":"https:\/\/www.pressenza.com\/es\/2016\/04\/formosa-comunidad-qom-vuelve-cortar-la-ruta\/#primaryimage"},"thumbnailUrl":"https:\/\/www.pressenza.com\/wp-content\/uploads\/2016\/04\/corte-ruta-86-1-2.jpg","keywords":["F\u00e9lix D\u00edaz","Formosa","indigenas","la primavera","Pueblos Originarios","Qom","territorios"],"articleSection":["Contenido Original","Pueblos Originarios","Sudam\u00e9rica"],"inLanguage":"es"},{"@type":"WebPage","@id":"https:\/\/www.pressenza.com\/es\/2016\/04\/formosa-comunidad-qom-vuelve-cortar-la-ruta\/","url":"https:\/\/www.pressenza.com\/es\/2016\/04\/formosa-comunidad-qom-vuelve-cortar-la-ruta\/","name":"Formosa: comunidad qom vuelve a cortar la ruta","isPartOf":{"@id":"https:\/\/www.pressenza.com\/es\/#website"},"primaryImageOfPage":{"@id":"https:\/\/www.pressenza.com\/es\/2016\/04\/formosa-comunidad-qom-vuelve-cortar-la-ruta\/#primaryimage"},"image":{"@id":"https:\/\/www.pressenza.com\/es\/2016\/04\/formosa-comunidad-qom-vuelve-cortar-la-ruta\/#primaryimage"},"thumbnailUrl":"https:\/\/www.pressenza.com\/wp-content\/uploads\/2016\/04\/corte-ruta-86-1-2.jpg","datePublished":"2016-04-24T04:07:08+00:00","dateModified":"2016-04-24T04:07:23+00:00","description":"El pasado lunes 18 de abril comenz\u00f3 un nuevo corte de la ruta nacional 86 por la comunidad qom Potae Napocna Navogoh (La primavera). Piden que se terminen","breadcrumb":{"@id":"https:\/\/www.pressenza.com\/es\/2016\/04\/formosa-comunidad-qom-vuelve-cortar-la-ruta\/#breadcrumb"},"inLanguage":"es","potentialAction":[{"@type":"ReadAction","target":["https:\/\/www.pressenza.com\/es\/2016\/04\/formosa-comunidad-qom-vuelve-cortar-la-ruta\/"]}]},{"@type":"ImageObject","inLanguage":"es","@id":"https:\/\/www.pressenza.com\/es\/2016\/04\/formosa-comunidad-qom-vuelve-cortar-la-ruta\/#primaryimage","url":"https:\/\/www.pressenza.com\/wp-content\/uploads\/2016\/04\/corte-ruta-86-1-2.jpg","contentUrl":"https:\/\/www.pressenza.com\/wp-content\/uploads\/2016\/04\/corte-ruta-86-1-2.jpg","width":1280,"height":662},{"@type":"BreadcrumbList","@id":"https:\/\/www.pressenza.com\/es\/2016\/04\/formosa-comunidad-qom-vuelve-cortar-la-ruta\/#breadcrumb","itemListElement":[{"@type":"ListItem","position":1,"name":"Accueil","item":"https:\/\/www.pressenza.com\/es\/"},{"@type":"ListItem","position":2,"name":"Formosa: comunidad qom vuelve a cortar la ruta"}]},{"@type":"WebSite","@id":"https:\/\/www.pressenza.com\/es\/#website","url":"https:\/\/www.pressenza.com\/es\/","name":"Pressenza","description":"International Press Agency","publisher":{"@id":"https:\/\/www.pressenza.com\/es\/#organization"},"potentialAction":[{"@type":"SearchAction","target":{"@type":"EntryPoint","urlTemplate":"https:\/\/www.pressenza.com\/es\/?s={search_term_string}"},"query-input":{"@type":"PropertyValueSpecification","valueRequired":true,"valueName":"search_term_string"}}],"inLanguage":"es"},{"@type":"Organization","@id":"https:\/\/www.pressenza.com\/es\/#organization","name":"Pressenza","url":"https:\/\/www.pressenza.com\/es\/","logo":{"@type":"ImageObject","inLanguage":"es","@id":"https:\/\/www.pressenza.com\/es\/#\/schema\/logo\/image\/","url":"https:\/\/www.pressenza.com\/wp-content\/uploads\/2022\/10\/pressenza_logo_200x200.jpg","contentUrl":"https:\/\/www.pressenza.com\/wp-content\/uploads\/2022\/10\/pressenza_logo_200x200.jpg","width":200,"height":200,"caption":"Pressenza"},"image":{"@id":"https:\/\/www.pressenza.com\/es\/#\/schema\/logo\/image\/"},"sameAs":["https:\/\/www.facebook.com\/PressenzaItalia","https:\/\/x.com\/PressenzaIPA"]},{"@type":"Person","@id":"https:\/\/www.pressenza.com\/es\/#\/schema\/person\/38598fb70b9162100457e7983ae8b548","name":"Convergencia de las Culturas","description":"Convergence of Cultures is an organism that is part of the Humanist Movement. Its mission is: 1. To facilitate and stimulate dialogue between cultures. 2. To fight discrimination and violence. 3. To take its proposal to all latitudes. www.convergenceofcultures.org","sameAs":["https:\/\/www.facebook.com\/ConvergenceOfCultures?fref=ts"],"url":"https:\/\/www.pressenza.com\/es\/author\/convergencia-de-las-culturas\/"}]}},"place":"Formosa, Argentina","original_article_url":"","_links":{"self":[{"href":"https:\/\/www.pressenza.com\/es\/wp-json\/wp\/v2\/posts\/306101","targetHints":{"allow":["GET"]}}],"collection":[{"href":"https:\/\/www.pressenza.com\/es\/wp-json\/wp\/v2\/posts"}],"about":[{"href":"https:\/\/www.pressenza.com\/es\/wp-json\/wp\/v2\/types\/post"}],"author":[{"embeddable":true,"href":"https:\/\/www.pressenza.com\/es\/wp-json\/wp\/v2\/users\/389"}],"replies":[{"embeddable":true,"href":"https:\/\/www.pressenza.com\/es\/wp-json\/wp\/v2\/comments?post=306101"}],"version-history":[{"count":0,"href":"https:\/\/www.pressenza.com\/es\/wp-json\/wp\/v2\/posts\/306101\/revisions"}],"wp:featuredmedia":[{"embeddable":true,"href":"https:\/\/www.pressenza.com\/es\/wp-json\/wp\/v2\/media\/306125"}],"wp:attachment":[{"href":"https:\/\/www.pressenza.com\/es\/wp-json\/wp\/v2\/media?parent=306101"}],"wp:term":[{"taxonomy":"category","embeddable":true,"href":"https:\/\/www.pressenza.com\/es\/wp-json\/wp\/v2\/categories?post=306101"},{"taxonomy":"post_tag","embeddable":true,"href":"https:\/\/www.pressenza.com\/es\/wp-json\/wp\/v2\/tags?post=306101"}],"curies":[{"name":"wp","href":"https:\/\/api.w.org\/{rel}","templated":true}]}}