{"id":302504,"date":"2016-04-15T08:34:07","date_gmt":"2016-04-15T07:34:07","guid":{"rendered":"http:\/\/www.pressenza.com\/es\/?p=302504"},"modified":"2016-04-15T08:34:07","modified_gmt":"2016-04-15T07:34:07","slug":"16a-jornada-remunicipalizacion-servicios-publicos","status":"publish","type":"post","link":"https:\/\/www.pressenza.com\/es\/2016\/04\/16a-jornada-remunicipalizacion-servicios-publicos\/","title":{"rendered":"16A: Jornada de remunicipalizaci\u00f3n de servicios p\u00fablicos en Madrid"},"content":{"rendered":"<p>&nbsp;<\/p>\n<p><em>Ganemos Madrid, plataforma adherida a Ahora Madrid, convoca una jornada de debate sobre remunicipalizaci\u00f3n de los servicios p\u00fablicos a las 11 hs. del s\u00e1bado 16 de abril en el Centro Cultural Buenavista (Av. de los Toreros 5), con motivo de la pol\u00e9mica surgida en torno a la recuperaci\u00f3n por parte del Ayuntamiento de la gesti\u00f3n de la recogida de basuras.<\/em><\/p>\n<p>&nbsp;<\/p>\n<p><strong>Ganemos Madrid<\/strong> considera que el cumplimiento del programa es prioritario\u00a0y que su lealtad es hacia \u00e9ste y hacia los principios que inspiraron la candidatura de Ahora Madrid y no a cargos o funciones institucionales, tal y como acord\u00f3 en su \u00faltimo plenario.<\/p>\n<p>En esos t\u00e9rminos, Ahora Madrid se present\u00f3 a las elecciones con un programa colaborativo refrendado por 15.000 personas. En \u00e9l se puede leer acerca de este particular lo siguiente: \u201cElaboraci\u00f3n de una hoja de ruta para la remunicipalizaci\u00f3n de los servicios p\u00fablicos a) Auditar los contratos integrales, para analizar su legalidad y sus incumplimientos, y establecer un sistema de control y sanciones riguroso. b) Fijar una estrategia de recuperaci\u00f3n progresiva de la gesti\u00f3n p\u00fablica de los servicios municipales externalizados a las grandes empresas y grupos econ\u00f3micos. c) Equiparar progresivamente los equipos y personas de los servicios remunicipalizados a las mismas condiciones que el personal municipal.\u201d<\/p>\n<p>Por todo ello ha tomado la iniciativa\u00a0en torno a este importante punto en que est\u00e1n implicados tanto elementos normativos (la austeridad presupuestaria), como las condiciones de los trabajadores o un suculento negocio para las empresas concesionarias, no menos que la calidad del servicio p\u00fablico. A este objeto,<strong>\u00a0<\/strong>ha invitado como ponentes a personas del mundo sindical y a representantes de las nuevas fuerzas pol\u00edticas emergentes (Podemos y Candidaturas de Unidad Popular de diversos municipios), a fin de que este debate no se quede en gui\u00f1os y pinceladas ante la prensa o dormido en los despachos del Consistorio, sino que se abra a la opini\u00f3n p\u00fablica para formar parte de una discusi\u00f3n informada en la que los ciudadan@s, en general, y l@s trabajador@s de los servicios p\u00fablicos, en particular, puedan tomar la palabra.<\/p>\n<p>Por lo dem\u00e1s dicha iniciativa es un anticipo de la convocatoria de foro abierto a la ciudadan\u00eda que Ganemos Madrid organizar\u00e1 en relaci\u00f3n a las l\u00edneas pol\u00edticas program\u00e1ticas y a su cumplimiento.<\/p>\n<p>As\u00ed mismo se enmarca en un debate m\u00e1s amplio en torno a la reducci\u00f3n de la actividad municipal a la gesti\u00f3n de lo que hay o a la resoluci\u00f3n definitiva por la transformaci\u00f3n social de nuestra ciudad. Gesti\u00f3n o pol\u00edtica es el dilema que est\u00e1 en el centro de todo lo que hasta hoy podemos denominar Ayuntamientos del cambio. En Ganemos Madrid se desea no perder de vista el fin por el que se ha dado el salto a las instituciones y mantener vivas las expectativas y esperanzas que llevaron hasta aqu\u00ed.<\/p>\n<p>&nbsp;<\/p>\n<div class=\"yj6qo ajU\">\n<div id=\":15d\" class=\"ajR\" tabindex=\"0\" data-tooltip=\"Mostrar contenido reducido\"><img decoding=\"async\" class=\"ajT\" src=\"https:\/\/ssl.gstatic.com\/ui\/v1\/icons\/mail\/images\/cleardot.gif\" alt=\"\" \/><\/div>\n<\/div>\n","protected":false},"excerpt":{"rendered":"<p>&nbsp; Ganemos Madrid, plataforma adherida a Ahora Madrid, convoca una jornada de debate sobre remunicipalizaci\u00f3n de los servicios p\u00fablicos a las 11 hs. del s\u00e1bado 16 de abril en el Centro Cultural Buenavista (Av. de los Toreros 5), con motivo&hellip;<\/p>\n","protected":false},"author":94,"featured_media":302505,"comment_status":"closed","ping_status":"closed","sticky":false,"template":"","format":"standard","meta":{"footnotes":""},"categories":[149,66,74],"tags":[17365,23834,13266,26019,26020],"class_list":["post-302504","post","type-post","status-publish","format-standard","has-post-thumbnail","hentry","category-comunicados-de-prensa","category-europa-es","category-politica-es","tag-ahora-madrid","tag-ayuntamiento-madrid","tag-ganemos-madrid","tag-municipalismo-madrid","tag-remunicipalizacion-servicios-publicos"],"yoast_head":"<!-- This site is optimized with the Yoast SEO plugin v27.1.1 - https:\/\/yoast.com\/product\/yoast-seo-wordpress\/ -->\n<title>16A: Jornada de remunicipalizaci\u00f3n de servicios p\u00fablicos en Madrid<\/title>\n<meta name=\"description\" content=\"&nbsp; Ganemos Madrid, plataforma adherida a Ahora Madrid, convoca una jornada de debate sobre remunicipalizaci\u00f3n de los servicios p\u00fablicos a las 11 hs.\" \/>\n<meta name=\"robots\" content=\"index, follow, max-snippet:-1, max-image-preview:large, max-video-preview:-1\" \/>\n<link rel=\"canonical\" href=\"https:\/\/www.pressenza.com\/es\/2016\/04\/16a-jornada-remunicipalizacion-servicios-publicos\/\" \/>\n<meta property=\"og:locale\" content=\"es_ES\" \/>\n<meta property=\"og:type\" content=\"article\" \/>\n<meta property=\"og:title\" content=\"16A: Jornada de remunicipalizaci\u00f3n de servicios p\u00fablicos en Madrid\" \/>\n<meta property=\"og:description\" content=\"&nbsp; Ganemos Madrid, plataforma adherida a Ahora Madrid, convoca una jornada de debate sobre remunicipalizaci\u00f3n de los servicios p\u00fablicos a las 11 hs.\" \/>\n<meta property=\"og:url\" content=\"https:\/\/www.pressenza.com\/es\/2016\/04\/16a-jornada-remunicipalizacion-servicios-publicos\/\" \/>\n<meta property=\"og:site_name\" content=\"Pressenza\" \/>\n<meta property=\"article:publisher\" content=\"https:\/\/www.facebook.com\/PressenzaItalia\" \/>\n<meta property=\"article:author\" content=\"https:\/\/www.facebook.com\/pressenza\" \/>\n<meta property=\"article:published_time\" content=\"2016-04-15T07:34:07+00:00\" \/>\n<meta property=\"og:image\" content=\"https:\/\/www.pressenza.com\/wp-content\/uploads\/2016\/04\/Remunicipalizacion-servicios-publicos-Ganemos-Madrid.jpg\" \/>\n\t<meta property=\"og:image:width\" content=\"842\" \/>\n\t<meta property=\"og:image:height\" content=\"595\" \/>\n\t<meta property=\"og:image:type\" content=\"image\/jpeg\" \/>\n<meta name=\"author\" content=\"Redacci\u00f3n Madrid\" \/>\n<meta name=\"twitter:card\" content=\"summary_large_image\" \/>\n<meta name=\"twitter:creator\" content=\"@pressenza\" \/>\n<meta name=\"twitter:site\" content=\"@PressenzaIPA\" \/>\n<meta name=\"twitter:label1\" content=\"Escrito por\" \/>\n\t<meta name=\"twitter:data1\" content=\"Redacci\u00f3n Madrid\" \/>\n\t<meta name=\"twitter:label2\" content=\"Tiempo de lectura\" \/>\n\t<meta name=\"twitter:data2\" content=\"3 minutos\" \/>\n<script type=\"application\/ld+json\" class=\"yoast-schema-graph\">{\"@context\":\"https:\/\/schema.org\",\"@graph\":[{\"@type\":\"Article\",\"@id\":\"https:\/\/www.pressenza.com\/es\/2016\/04\/16a-jornada-remunicipalizacion-servicios-publicos\/#article\",\"isPartOf\":{\"@id\":\"https:\/\/www.pressenza.com\/es\/2016\/04\/16a-jornada-remunicipalizacion-servicios-publicos\/\"},\"author\":{\"name\":\"Redacci\u00f3n Madrid\",\"@id\":\"https:\/\/www.pressenza.com\/es\/#\/schema\/person\/828fc40eeca2ad7be3630e5a46adba94\"},\"headline\":\"16A: Jornada de remunicipalizaci\u00f3n de servicios p\u00fablicos en Madrid\",\"datePublished\":\"2016-04-15T07:34:07+00:00\",\"mainEntityOfPage\":{\"@id\":\"https:\/\/www.pressenza.com\/es\/2016\/04\/16a-jornada-remunicipalizacion-servicios-publicos\/\"},\"wordCount\":513,\"publisher\":{\"@id\":\"https:\/\/www.pressenza.com\/es\/#organization\"},\"image\":{\"@id\":\"https:\/\/www.pressenza.com\/es\/2016\/04\/16a-jornada-remunicipalizacion-servicios-publicos\/#primaryimage\"},\"thumbnailUrl\":\"https:\/\/www.pressenza.com\/wp-content\/uploads\/2016\/04\/Remunicipalizacion-servicios-publicos-Ganemos-Madrid.jpg\",\"keywords\":[\"Ahora Madrid\",\"Ayuntamiento Madrid\",\"Ganemos Madrid\",\"Municipalismo Madrid\",\"Remunicipalizaci\u00f3n servicios p\u00fablicos\"],\"articleSection\":[\"Comunicados de Prensa\",\"Europa\",\"Pol\u00edtica\"],\"inLanguage\":\"es\"},{\"@type\":\"WebPage\",\"@id\":\"https:\/\/www.pressenza.com\/es\/2016\/04\/16a-jornada-remunicipalizacion-servicios-publicos\/\",\"url\":\"https:\/\/www.pressenza.com\/es\/2016\/04\/16a-jornada-remunicipalizacion-servicios-publicos\/\",\"name\":\"16A: Jornada de remunicipalizaci\u00f3n de servicios p\u00fablicos en Madrid\",\"isPartOf\":{\"@id\":\"https:\/\/www.pressenza.com\/es\/#website\"},\"primaryImageOfPage\":{\"@id\":\"https:\/\/www.pressenza.com\/es\/2016\/04\/16a-jornada-remunicipalizacion-servicios-publicos\/#primaryimage\"},\"image\":{\"@id\":\"https:\/\/www.pressenza.com\/es\/2016\/04\/16a-jornada-remunicipalizacion-servicios-publicos\/#primaryimage\"},\"thumbnailUrl\":\"https:\/\/www.pressenza.com\/wp-content\/uploads\/2016\/04\/Remunicipalizacion-servicios-publicos-Ganemos-Madrid.jpg\",\"datePublished\":\"2016-04-15T07:34:07+00:00\",\"description\":\"&nbsp; Ganemos Madrid, plataforma adherida a Ahora Madrid, convoca una jornada de debate sobre remunicipalizaci\u00f3n de los servicios p\u00fablicos a las 11 hs.\",\"breadcrumb\":{\"@id\":\"https:\/\/www.pressenza.com\/es\/2016\/04\/16a-jornada-remunicipalizacion-servicios-publicos\/#breadcrumb\"},\"inLanguage\":\"es\",\"potentialAction\":[{\"@type\":\"ReadAction\",\"target\":[\"https:\/\/www.pressenza.com\/es\/2016\/04\/16a-jornada-remunicipalizacion-servicios-publicos\/\"]}]},{\"@type\":\"ImageObject\",\"inLanguage\":\"es\",\"@id\":\"https:\/\/www.pressenza.com\/es\/2016\/04\/16a-jornada-remunicipalizacion-servicios-publicos\/#primaryimage\",\"url\":\"https:\/\/www.pressenza.com\/wp-content\/uploads\/2016\/04\/Remunicipalizacion-servicios-publicos-Ganemos-Madrid.jpg\",\"contentUrl\":\"https:\/\/www.pressenza.com\/wp-content\/uploads\/2016\/04\/Remunicipalizacion-servicios-publicos-Ganemos-Madrid.jpg\",\"width\":842,\"height\":595},{\"@type\":\"BreadcrumbList\",\"@id\":\"https:\/\/www.pressenza.com\/es\/2016\/04\/16a-jornada-remunicipalizacion-servicios-publicos\/#breadcrumb\",\"itemListElement\":[{\"@type\":\"ListItem\",\"position\":1,\"name\":\"Accueil\",\"item\":\"https:\/\/www.pressenza.com\/es\/\"},{\"@type\":\"ListItem\",\"position\":2,\"name\":\"16A: Jornada de remunicipalizaci\u00f3n de servicios p\u00fablicos en Madrid\"}]},{\"@type\":\"WebSite\",\"@id\":\"https:\/\/www.pressenza.com\/es\/#website\",\"url\":\"https:\/\/www.pressenza.com\/es\/\",\"name\":\"Pressenza\",\"description\":\"International Press Agency\",\"publisher\":{\"@id\":\"https:\/\/www.pressenza.com\/es\/#organization\"},\"potentialAction\":[{\"@type\":\"SearchAction\",\"target\":{\"@type\":\"EntryPoint\",\"urlTemplate\":\"https:\/\/www.pressenza.com\/es\/?s={search_term_string}\"},\"query-input\":{\"@type\":\"PropertyValueSpecification\",\"valueRequired\":true,\"valueName\":\"search_term_string\"}}],\"inLanguage\":\"es\"},{\"@type\":\"Organization\",\"@id\":\"https:\/\/www.pressenza.com\/es\/#organization\",\"name\":\"Pressenza\",\"url\":\"https:\/\/www.pressenza.com\/es\/\",\"logo\":{\"@type\":\"ImageObject\",\"inLanguage\":\"es\",\"@id\":\"https:\/\/www.pressenza.com\/es\/#\/schema\/logo\/image\/\",\"url\":\"https:\/\/www.pressenza.com\/wp-content\/uploads\/2022\/10\/pressenza_logo_200x200.jpg\",\"contentUrl\":\"https:\/\/www.pressenza.com\/wp-content\/uploads\/2022\/10\/pressenza_logo_200x200.jpg\",\"width\":200,\"height\":200,\"caption\":\"Pressenza\"},\"image\":{\"@id\":\"https:\/\/www.pressenza.com\/es\/#\/schema\/logo\/image\/\"},\"sameAs\":[\"https:\/\/www.facebook.com\/PressenzaItalia\",\"https:\/\/x.com\/PressenzaIPA\"]},{\"@type\":\"Person\",\"@id\":\"https:\/\/www.pressenza.com\/es\/#\/schema\/person\/828fc40eeca2ad7be3630e5a46adba94\",\"name\":\"Redacci\u00f3n Madrid\",\"description\":\"News from the Pressenza Bureau in Madrid, Spain\",\"sameAs\":[\"https:\/\/www.facebook.com\/pressenza\",\"https:\/\/x.com\/pressenza\"],\"url\":\"https:\/\/www.pressenza.com\/es\/author\/redaccion-madrid\/\"}]}<\/script>\n<!-- \/ Yoast SEO plugin. -->","yoast_head_json":{"title":"16A: Jornada de remunicipalizaci\u00f3n de servicios p\u00fablicos en Madrid","description":"&nbsp; Ganemos Madrid, plataforma adherida a Ahora Madrid, convoca una jornada de debate sobre remunicipalizaci\u00f3n de los servicios p\u00fablicos a las 11 hs.","robots":{"index":"index","follow":"follow","max-snippet":"max-snippet:-1","max-image-preview":"max-image-preview:large","max-video-preview":"max-video-preview:-1"},"canonical":"https:\/\/www.pressenza.com\/es\/2016\/04\/16a-jornada-remunicipalizacion-servicios-publicos\/","og_locale":"es_ES","og_type":"article","og_title":"16A: Jornada de remunicipalizaci\u00f3n de servicios p\u00fablicos en Madrid","og_description":"&nbsp; Ganemos Madrid, plataforma adherida a Ahora Madrid, convoca una jornada de debate sobre remunicipalizaci\u00f3n de los servicios p\u00fablicos a las 11 hs.","og_url":"https:\/\/www.pressenza.com\/es\/2016\/04\/16a-jornada-remunicipalizacion-servicios-publicos\/","og_site_name":"Pressenza","article_publisher":"https:\/\/www.facebook.com\/PressenzaItalia","article_author":"https:\/\/www.facebook.com\/pressenza","article_published_time":"2016-04-15T07:34:07+00:00","og_image":[{"width":842,"height":595,"url":"https:\/\/www.pressenza.com\/wp-content\/uploads\/2016\/04\/Remunicipalizacion-servicios-publicos-Ganemos-Madrid.jpg","type":"image\/jpeg"}],"author":"Redacci\u00f3n Madrid","twitter_card":"summary_large_image","twitter_creator":"@pressenza","twitter_site":"@PressenzaIPA","twitter_misc":{"Escrito por":"Redacci\u00f3n Madrid","Tiempo de lectura":"3 minutos"},"schema":{"@context":"https:\/\/schema.org","@graph":[{"@type":"Article","@id":"https:\/\/www.pressenza.com\/es\/2016\/04\/16a-jornada-remunicipalizacion-servicios-publicos\/#article","isPartOf":{"@id":"https:\/\/www.pressenza.com\/es\/2016\/04\/16a-jornada-remunicipalizacion-servicios-publicos\/"},"author":{"name":"Redacci\u00f3n Madrid","@id":"https:\/\/www.pressenza.com\/es\/#\/schema\/person\/828fc40eeca2ad7be3630e5a46adba94"},"headline":"16A: Jornada de remunicipalizaci\u00f3n de servicios p\u00fablicos en Madrid","datePublished":"2016-04-15T07:34:07+00:00","mainEntityOfPage":{"@id":"https:\/\/www.pressenza.com\/es\/2016\/04\/16a-jornada-remunicipalizacion-servicios-publicos\/"},"wordCount":513,"publisher":{"@id":"https:\/\/www.pressenza.com\/es\/#organization"},"image":{"@id":"https:\/\/www.pressenza.com\/es\/2016\/04\/16a-jornada-remunicipalizacion-servicios-publicos\/#primaryimage"},"thumbnailUrl":"https:\/\/www.pressenza.com\/wp-content\/uploads\/2016\/04\/Remunicipalizacion-servicios-publicos-Ganemos-Madrid.jpg","keywords":["Ahora Madrid","Ayuntamiento Madrid","Ganemos Madrid","Municipalismo Madrid","Remunicipalizaci\u00f3n servicios p\u00fablicos"],"articleSection":["Comunicados de Prensa","Europa","Pol\u00edtica"],"inLanguage":"es"},{"@type":"WebPage","@id":"https:\/\/www.pressenza.com\/es\/2016\/04\/16a-jornada-remunicipalizacion-servicios-publicos\/","url":"https:\/\/www.pressenza.com\/es\/2016\/04\/16a-jornada-remunicipalizacion-servicios-publicos\/","name":"16A: Jornada de remunicipalizaci\u00f3n de servicios p\u00fablicos en Madrid","isPartOf":{"@id":"https:\/\/www.pressenza.com\/es\/#website"},"primaryImageOfPage":{"@id":"https:\/\/www.pressenza.com\/es\/2016\/04\/16a-jornada-remunicipalizacion-servicios-publicos\/#primaryimage"},"image":{"@id":"https:\/\/www.pressenza.com\/es\/2016\/04\/16a-jornada-remunicipalizacion-servicios-publicos\/#primaryimage"},"thumbnailUrl":"https:\/\/www.pressenza.com\/wp-content\/uploads\/2016\/04\/Remunicipalizacion-servicios-publicos-Ganemos-Madrid.jpg","datePublished":"2016-04-15T07:34:07+00:00","description":"&nbsp; Ganemos Madrid, plataforma adherida a Ahora Madrid, convoca una jornada de debate sobre remunicipalizaci\u00f3n de los servicios p\u00fablicos a las 11 hs.","breadcrumb":{"@id":"https:\/\/www.pressenza.com\/es\/2016\/04\/16a-jornada-remunicipalizacion-servicios-publicos\/#breadcrumb"},"inLanguage":"es","potentialAction":[{"@type":"ReadAction","target":["https:\/\/www.pressenza.com\/es\/2016\/04\/16a-jornada-remunicipalizacion-servicios-publicos\/"]}]},{"@type":"ImageObject","inLanguage":"es","@id":"https:\/\/www.pressenza.com\/es\/2016\/04\/16a-jornada-remunicipalizacion-servicios-publicos\/#primaryimage","url":"https:\/\/www.pressenza.com\/wp-content\/uploads\/2016\/04\/Remunicipalizacion-servicios-publicos-Ganemos-Madrid.jpg","contentUrl":"https:\/\/www.pressenza.com\/wp-content\/uploads\/2016\/04\/Remunicipalizacion-servicios-publicos-Ganemos-Madrid.jpg","width":842,"height":595},{"@type":"BreadcrumbList","@id":"https:\/\/www.pressenza.com\/es\/2016\/04\/16a-jornada-remunicipalizacion-servicios-publicos\/#breadcrumb","itemListElement":[{"@type":"ListItem","position":1,"name":"Accueil","item":"https:\/\/www.pressenza.com\/es\/"},{"@type":"ListItem","position":2,"name":"16A: Jornada de remunicipalizaci\u00f3n de servicios p\u00fablicos en Madrid"}]},{"@type":"WebSite","@id":"https:\/\/www.pressenza.com\/es\/#website","url":"https:\/\/www.pressenza.com\/es\/","name":"Pressenza","description":"International Press Agency","publisher":{"@id":"https:\/\/www.pressenza.com\/es\/#organization"},"potentialAction":[{"@type":"SearchAction","target":{"@type":"EntryPoint","urlTemplate":"https:\/\/www.pressenza.com\/es\/?s={search_term_string}"},"query-input":{"@type":"PropertyValueSpecification","valueRequired":true,"valueName":"search_term_string"}}],"inLanguage":"es"},{"@type":"Organization","@id":"https:\/\/www.pressenza.com\/es\/#organization","name":"Pressenza","url":"https:\/\/www.pressenza.com\/es\/","logo":{"@type":"ImageObject","inLanguage":"es","@id":"https:\/\/www.pressenza.com\/es\/#\/schema\/logo\/image\/","url":"https:\/\/www.pressenza.com\/wp-content\/uploads\/2022\/10\/pressenza_logo_200x200.jpg","contentUrl":"https:\/\/www.pressenza.com\/wp-content\/uploads\/2022\/10\/pressenza_logo_200x200.jpg","width":200,"height":200,"caption":"Pressenza"},"image":{"@id":"https:\/\/www.pressenza.com\/es\/#\/schema\/logo\/image\/"},"sameAs":["https:\/\/www.facebook.com\/PressenzaItalia","https:\/\/x.com\/PressenzaIPA"]},{"@type":"Person","@id":"https:\/\/www.pressenza.com\/es\/#\/schema\/person\/828fc40eeca2ad7be3630e5a46adba94","name":"Redacci\u00f3n Madrid","description":"News from the Pressenza Bureau in Madrid, Spain","sameAs":["https:\/\/www.facebook.com\/pressenza","https:\/\/x.com\/pressenza"],"url":"https:\/\/www.pressenza.com\/es\/author\/redaccion-madrid\/"}]}},"place":"Madrid (Espa\u00f1a)","original_article_url":"","_links":{"self":[{"href":"https:\/\/www.pressenza.com\/es\/wp-json\/wp\/v2\/posts\/302504","targetHints":{"allow":["GET"]}}],"collection":[{"href":"https:\/\/www.pressenza.com\/es\/wp-json\/wp\/v2\/posts"}],"about":[{"href":"https:\/\/www.pressenza.com\/es\/wp-json\/wp\/v2\/types\/post"}],"author":[{"embeddable":true,"href":"https:\/\/www.pressenza.com\/es\/wp-json\/wp\/v2\/users\/94"}],"replies":[{"embeddable":true,"href":"https:\/\/www.pressenza.com\/es\/wp-json\/wp\/v2\/comments?post=302504"}],"version-history":[{"count":0,"href":"https:\/\/www.pressenza.com\/es\/wp-json\/wp\/v2\/posts\/302504\/revisions"}],"wp:featuredmedia":[{"embeddable":true,"href":"https:\/\/www.pressenza.com\/es\/wp-json\/wp\/v2\/media\/302505"}],"wp:attachment":[{"href":"https:\/\/www.pressenza.com\/es\/wp-json\/wp\/v2\/media?parent=302504"}],"wp:term":[{"taxonomy":"category","embeddable":true,"href":"https:\/\/www.pressenza.com\/es\/wp-json\/wp\/v2\/categories?post=302504"},{"taxonomy":"post_tag","embeddable":true,"href":"https:\/\/www.pressenza.com\/es\/wp-json\/wp\/v2\/tags?post=302504"}],"curies":[{"name":"wp","href":"https:\/\/api.w.org\/{rel}","templated":true}]}}