{"id":301939,"date":"2016-04-13T20:21:54","date_gmt":"2016-04-13T19:21:54","guid":{"rendered":"http:\/\/www.pressenza.com\/es\/?p=301939"},"modified":"2016-04-13T20:21:54","modified_gmt":"2016-04-13T19:21:54","slug":"araucania-chile-pareciera-avanzar-mas-hacia-estado-policial-hacia-uno-democratico","status":"publish","type":"post","link":"https:\/\/www.pressenza.com\/es\/2016\/04\/araucania-chile-pareciera-avanzar-mas-hacia-estado-policial-hacia-uno-democratico\/","title":{"rendered":"Araucan\u00eda: \u201cChile pareciera avanzar m\u00e1s hacia un Estado policial que hacia uno democr\u00e1tico\u201d"},"content":{"rendered":"<ul>\n<li style=\"text-align: justify;\"><em>Denuncia de fot\u00f3grafo Camilo Tapia se suma a una serie de situaciones en que las fuerzas policiales han pasado por sobre los derechos civiles de ciudadanos y profesionales de la comunicaci\u00f3n.\u00a0 <\/em><\/li>\n<li style=\"text-align: justify;\"><em>Esto ocurre, adem\u00e1s, en muchas otras zonas del pa\u00eds.<\/em><\/li>\n<\/ul>\n<p style=\"text-align: justify;\">El Colegio de Periodistas de Chile, a trav\u00e9s de su mesa directiva, expres\u00f3 su preocupaci\u00f3n por las informaciones y denuncias relacionadas con acciones de las fuerzas policiales, particularmente Carabineros, que afectan la labor de periodistas y comunicadores que cubren, particularmente, el conflicto chileno-mapuche.<\/p>\n<p style=\"text-align: justify;\">La organizaci\u00f3n se refiri\u00f3 as\u00ed a las m\u00faltiples ocasiones en que han recibido antecedentes donde profesionales de la prensa han visto <a href=\"http:\/\/www.adnradio.cl\/noticias\/nacional\/colegio-de-periodistas-califico-de-impresentable-agresion-de-carabinero-a-camarografo\/20151026\/nota\/2983009.aspx\">obstaculizada su labor<\/a> e, incluso, se les ha impedido esta a trav\u00e9s de <a href=\"http:\/\/www.colegiodeperiodistas.cl\/2015\/01\/declaracion-publica-del-colegio-de.html\">requisamiento de equipos<\/a> y material period\u00edstico, <a href=\"http:\/\/www.radiodelmar.cl\/2016\/04\/consejo-de-periodistas-de-los-rios-respalda-a-director-de-elpuelche-cl-frente-a-abusivo-control-policial\/\">entorpecimiento de acceso a lugares p\u00fablicos<\/a>, <a href=\"http:\/\/www.mapuexpress.org\/?p=5754\">agresiones<\/a>, y <a href=\"http:\/\/www.rebelion.org\/noticia.php?id=205469\">detenciones y retenciones<\/a> irregulares.<\/p>\n<p style=\"text-align: justify;\">La \u00faltima situaci\u00f3n conocida <a href=\"https:\/\/www.facebook.com\/photo.php?fbid=1120457591338616&amp;set=a.502018863182495.128584.100001231581077&amp;type=3&amp;theater\">afect\u00f3 al fot\u00f3grafo Camilo Tapia<\/a> durante un procedimiento policial que se desarroll\u00f3 en la comuna de Ercilla el lunes 28 de marzo, en un colegio en Pailahueque.\u00a0 Seg\u00fan relatara el profesional, en la ocasi\u00f3n fue objeto de destrucci\u00f3n de su material de trabajo, agredido verbalmente y amenazado.<\/p>\n<p style=\"text-align: justify;\">\u201c<em>Esta no es una denuncia aislada.\u00a0 Hemos conocido m\u00faltiples casos, algunos incluso han quedado registrados, de un uso desmedido de la fuerza para silenciar la leg\u00edtima protesta de ciudadanos chilenos y mapuche.\u00a0 Y en esto, tambi\u00e9n la labor de profesionales de la prensa<\/em>\u201d se\u00f1al\u00f3 la mesa directiva.<\/p>\n<p style=\"text-align: justify;\">\u201c<em>Nos preocupa que en el pa\u00eds las autoridades y parte de la ciudadan\u00eda haya naturalizado este tipo de acciones, lo cual incluso se est\u00e1 intentando institucionalizar a trav\u00e9s de la Ley Corta Antidelincuencia y la actual discusi\u00f3n parlamentaria sobre le recrudecimiento de la Ley Antiterrorista que penaliza con c\u00e1rcel a directores de medios de comunicaci\u00f3n por eventuales filtraciones<\/em>\u201d indicaron.\u00a0 Incluso la Ley Corta Antidelincuencia \u201c<em>permitir\u00eda conculcar m\u00faltiples derechos civiles a trav\u00e9s de instrumentos como el control preventivo de identidad, entre otras preocupantes medidas<\/em>\u201d.<\/p>\n<p style=\"text-align: justify;\">El Colegio de Periodistas hizo un llamado \u201c<em>a la Presidenta Michelle Bachelet, a las autoridades y legisladores, a ver mecanismos para revertir lo que est\u00e1 ocurriendo, donde Chile pareciera avanzar m\u00e1s hacia un Estado policial que hacia uno verdaderamente democr\u00e1tico<\/em>\u201d.<\/p>\n<p style=\"text-align: justify;\">Por \u00faltimo, se invit\u00f3 a ciudadanos y profesionales de la comunicaci\u00f3n que han visto vulnerados sus derechos en t\u00e9rminos de libertades de expresi\u00f3n y acceso a la informaci\u00f3n, \u201c<em>a hacer las denuncias correspondientes, toda vez que mientras m\u00e1s se conozcan estas, m\u00e1s posibilidades existen de hacer que vayan terminando<\/em>\u201d.<\/p>\n","protected":false},"excerpt":{"rendered":"<p>Denuncia de fot\u00f3grafo Camilo Tapia se suma a una serie de situaciones en que las fuerzas policiales han pasado por sobre los derechos civiles de ciudadanos y profesionales de la comunicaci\u00f3n.\u00a0 Esto ocurre, adem\u00e1s, en muchas otras zonas del pa\u00eds.&hellip;<\/p>\n","protected":false},"author":43,"featured_media":301942,"comment_status":"closed","ping_status":"closed","sticky":false,"template":"","format":"standard","meta":{"footnotes":""},"categories":[149,75,80,67],"tags":[25949,20357,23485],"class_list":["post-301939","post","type-post","status-publish","format-standard","has-post-thumbnail","hentry","category-comunicados-de-prensa","category-cultura-es","category-pueblos-originarios","category-sudamerica","tag-conflicto-chileno-mapuche","tag-fotografos","tag-periodistas"],"yoast_head":"<!-- This site is optimized with the Yoast SEO plugin v27.1.1 - https:\/\/yoast.com\/product\/yoast-seo-wordpress\/ -->\n<title>Araucan\u00eda: \u201cChile pareciera avanzar m\u00e1s hacia un Estado policial que hacia uno democr\u00e1tico\u201d<\/title>\n<meta name=\"description\" content=\"Denuncia de fot\u00f3grafo Camilo Tapia se suma a una serie de situaciones en que las fuerzas policiales han pasado por sobre los derechos civiles de\" \/>\n<meta name=\"robots\" content=\"index, follow, max-snippet:-1, max-image-preview:large, max-video-preview:-1\" \/>\n<link rel=\"canonical\" href=\"https:\/\/www.pressenza.com\/es\/2016\/04\/araucania-chile-pareciera-avanzar-mas-hacia-estado-policial-hacia-uno-democratico\/\" \/>\n<meta property=\"og:locale\" content=\"es_ES\" \/>\n<meta property=\"og:type\" content=\"article\" \/>\n<meta property=\"og:title\" content=\"Araucan\u00eda: \u201cChile pareciera avanzar m\u00e1s hacia un Estado policial que hacia uno democr\u00e1tico\u201d\" \/>\n<meta property=\"og:description\" content=\"Denuncia de fot\u00f3grafo Camilo Tapia se suma a una serie de situaciones en que las fuerzas policiales han pasado por sobre los derechos civiles de\" \/>\n<meta property=\"og:url\" content=\"https:\/\/www.pressenza.com\/es\/2016\/04\/araucania-chile-pareciera-avanzar-mas-hacia-estado-policial-hacia-uno-democratico\/\" \/>\n<meta property=\"og:site_name\" content=\"Pressenza\" \/>\n<meta property=\"article:publisher\" content=\"https:\/\/www.facebook.com\/PressenzaItalia\" \/>\n<meta property=\"article:author\" content=\"https:\/\/www.facebook.com\/pressenza\" \/>\n<meta property=\"article:published_time\" content=\"2016-04-13T19:21:54+00:00\" \/>\n<meta property=\"og:image\" content=\"https:\/\/www.pressenza.com\/wp-content\/uploads\/2016\/04\/campo-maripe-confederacion-mapuche-de-neuquen.jpg\" \/>\n\t<meta property=\"og:image:width\" content=\"960\" \/>\n\t<meta property=\"og:image:height\" content=\"663\" \/>\n\t<meta property=\"og:image:type\" content=\"image\/jpeg\" \/>\n<meta name=\"author\" content=\"Redacci\u00f3n Chile\" \/>\n<meta name=\"twitter:card\" content=\"summary_large_image\" \/>\n<meta name=\"twitter:creator\" content=\"@pressenza\" \/>\n<meta name=\"twitter:site\" content=\"@PressenzaIPA\" \/>\n<meta name=\"twitter:label1\" content=\"Escrito por\" \/>\n\t<meta name=\"twitter:data1\" content=\"Redacci\u00f3n Chile\" \/>\n\t<meta name=\"twitter:label2\" content=\"Tiempo de lectura\" \/>\n\t<meta name=\"twitter:data2\" content=\"2 minutos\" \/>\n<script type=\"application\/ld+json\" class=\"yoast-schema-graph\">{\"@context\":\"https:\/\/schema.org\",\"@graph\":[{\"@type\":\"Article\",\"@id\":\"https:\/\/www.pressenza.com\/es\/2016\/04\/araucania-chile-pareciera-avanzar-mas-hacia-estado-policial-hacia-uno-democratico\/#article\",\"isPartOf\":{\"@id\":\"https:\/\/www.pressenza.com\/es\/2016\/04\/araucania-chile-pareciera-avanzar-mas-hacia-estado-policial-hacia-uno-democratico\/\"},\"author\":{\"name\":\"Redacci\u00f3n Chile\",\"@id\":\"https:\/\/www.pressenza.com\/es\/#\/schema\/person\/d7db40df35d6698ba69ba9ee260944ed\"},\"headline\":\"Araucan\u00eda: \u201cChile pareciera avanzar m\u00e1s hacia un Estado policial que hacia uno democr\u00e1tico\u201d\",\"datePublished\":\"2016-04-13T19:21:54+00:00\",\"mainEntityOfPage\":{\"@id\":\"https:\/\/www.pressenza.com\/es\/2016\/04\/araucania-chile-pareciera-avanzar-mas-hacia-estado-policial-hacia-uno-democratico\/\"},\"wordCount\":457,\"publisher\":{\"@id\":\"https:\/\/www.pressenza.com\/es\/#organization\"},\"image\":{\"@id\":\"https:\/\/www.pressenza.com\/es\/2016\/04\/araucania-chile-pareciera-avanzar-mas-hacia-estado-policial-hacia-uno-democratico\/#primaryimage\"},\"thumbnailUrl\":\"https:\/\/www.pressenza.com\/wp-content\/uploads\/2016\/04\/campo-maripe-confederacion-mapuche-de-neuquen.jpg\",\"keywords\":[\"conflicto chileno-mapuche\",\"fot\u00f3grafos\",\"periodistas\"],\"articleSection\":[\"Comunicados de Prensa\",\"Cultura y Medios\",\"Pueblos Originarios\",\"Sudam\u00e9rica\"],\"inLanguage\":\"es\"},{\"@type\":\"WebPage\",\"@id\":\"https:\/\/www.pressenza.com\/es\/2016\/04\/araucania-chile-pareciera-avanzar-mas-hacia-estado-policial-hacia-uno-democratico\/\",\"url\":\"https:\/\/www.pressenza.com\/es\/2016\/04\/araucania-chile-pareciera-avanzar-mas-hacia-estado-policial-hacia-uno-democratico\/\",\"name\":\"Araucan\u00eda: \u201cChile pareciera avanzar m\u00e1s hacia un Estado policial que hacia uno democr\u00e1tico\u201d\",\"isPartOf\":{\"@id\":\"https:\/\/www.pressenza.com\/es\/#website\"},\"primaryImageOfPage\":{\"@id\":\"https:\/\/www.pressenza.com\/es\/2016\/04\/araucania-chile-pareciera-avanzar-mas-hacia-estado-policial-hacia-uno-democratico\/#primaryimage\"},\"image\":{\"@id\":\"https:\/\/www.pressenza.com\/es\/2016\/04\/araucania-chile-pareciera-avanzar-mas-hacia-estado-policial-hacia-uno-democratico\/#primaryimage\"},\"thumbnailUrl\":\"https:\/\/www.pressenza.com\/wp-content\/uploads\/2016\/04\/campo-maripe-confederacion-mapuche-de-neuquen.jpg\",\"datePublished\":\"2016-04-13T19:21:54+00:00\",\"description\":\"Denuncia de fot\u00f3grafo Camilo Tapia se suma a una serie de situaciones en que las fuerzas policiales han pasado por sobre los derechos civiles de\",\"breadcrumb\":{\"@id\":\"https:\/\/www.pressenza.com\/es\/2016\/04\/araucania-chile-pareciera-avanzar-mas-hacia-estado-policial-hacia-uno-democratico\/#breadcrumb\"},\"inLanguage\":\"es\",\"potentialAction\":[{\"@type\":\"ReadAction\",\"target\":[\"https:\/\/www.pressenza.com\/es\/2016\/04\/araucania-chile-pareciera-avanzar-mas-hacia-estado-policial-hacia-uno-democratico\/\"]}]},{\"@type\":\"ImageObject\",\"inLanguage\":\"es\",\"@id\":\"https:\/\/www.pressenza.com\/es\/2016\/04\/araucania-chile-pareciera-avanzar-mas-hacia-estado-policial-hacia-uno-democratico\/#primaryimage\",\"url\":\"https:\/\/www.pressenza.com\/wp-content\/uploads\/2016\/04\/campo-maripe-confederacion-mapuche-de-neuquen.jpg\",\"contentUrl\":\"https:\/\/www.pressenza.com\/wp-content\/uploads\/2016\/04\/campo-maripe-confederacion-mapuche-de-neuquen.jpg\",\"width\":960,\"height\":663},{\"@type\":\"BreadcrumbList\",\"@id\":\"https:\/\/www.pressenza.com\/es\/2016\/04\/araucania-chile-pareciera-avanzar-mas-hacia-estado-policial-hacia-uno-democratico\/#breadcrumb\",\"itemListElement\":[{\"@type\":\"ListItem\",\"position\":1,\"name\":\"Accueil\",\"item\":\"https:\/\/www.pressenza.com\/es\/\"},{\"@type\":\"ListItem\",\"position\":2,\"name\":\"Araucan\u00eda: \u201cChile pareciera avanzar m\u00e1s hacia un Estado policial que hacia uno democr\u00e1tico\u201d\"}]},{\"@type\":\"WebSite\",\"@id\":\"https:\/\/www.pressenza.com\/es\/#website\",\"url\":\"https:\/\/www.pressenza.com\/es\/\",\"name\":\"Pressenza\",\"description\":\"International Press Agency\",\"publisher\":{\"@id\":\"https:\/\/www.pressenza.com\/es\/#organization\"},\"potentialAction\":[{\"@type\":\"SearchAction\",\"target\":{\"@type\":\"EntryPoint\",\"urlTemplate\":\"https:\/\/www.pressenza.com\/es\/?s={search_term_string}\"},\"query-input\":{\"@type\":\"PropertyValueSpecification\",\"valueRequired\":true,\"valueName\":\"search_term_string\"}}],\"inLanguage\":\"es\"},{\"@type\":\"Organization\",\"@id\":\"https:\/\/www.pressenza.com\/es\/#organization\",\"name\":\"Pressenza\",\"url\":\"https:\/\/www.pressenza.com\/es\/\",\"logo\":{\"@type\":\"ImageObject\",\"inLanguage\":\"es\",\"@id\":\"https:\/\/www.pressenza.com\/es\/#\/schema\/logo\/image\/\",\"url\":\"https:\/\/www.pressenza.com\/wp-content\/uploads\/2022\/10\/pressenza_logo_200x200.jpg\",\"contentUrl\":\"https:\/\/www.pressenza.com\/wp-content\/uploads\/2022\/10\/pressenza_logo_200x200.jpg\",\"width\":200,\"height\":200,\"caption\":\"Pressenza\"},\"image\":{\"@id\":\"https:\/\/www.pressenza.com\/es\/#\/schema\/logo\/image\/\"},\"sameAs\":[\"https:\/\/www.facebook.com\/PressenzaItalia\",\"https:\/\/x.com\/PressenzaIPA\"]},{\"@type\":\"Person\",\"@id\":\"https:\/\/www.pressenza.com\/es\/#\/schema\/person\/d7db40df35d6698ba69ba9ee260944ed\",\"name\":\"Redacci\u00f3n Chile\",\"description\":\"News from the Pressenza Bureau in Chile\",\"sameAs\":[\"https:\/\/www.facebook.com\/pressenza\",\"https:\/\/x.com\/pressenza\"],\"url\":\"https:\/\/www.pressenza.com\/es\/author\/redaccion-chile\/\"}]}<\/script>\n<!-- \/ Yoast SEO plugin. -->","yoast_head_json":{"title":"Araucan\u00eda: \u201cChile pareciera avanzar m\u00e1s hacia un Estado policial que hacia uno democr\u00e1tico\u201d","description":"Denuncia de fot\u00f3grafo Camilo Tapia se suma a una serie de situaciones en que las fuerzas policiales han pasado por sobre los derechos civiles de","robots":{"index":"index","follow":"follow","max-snippet":"max-snippet:-1","max-image-preview":"max-image-preview:large","max-video-preview":"max-video-preview:-1"},"canonical":"https:\/\/www.pressenza.com\/es\/2016\/04\/araucania-chile-pareciera-avanzar-mas-hacia-estado-policial-hacia-uno-democratico\/","og_locale":"es_ES","og_type":"article","og_title":"Araucan\u00eda: \u201cChile pareciera avanzar m\u00e1s hacia un Estado policial que hacia uno democr\u00e1tico\u201d","og_description":"Denuncia de fot\u00f3grafo Camilo Tapia se suma a una serie de situaciones en que las fuerzas policiales han pasado por sobre los derechos civiles de","og_url":"https:\/\/www.pressenza.com\/es\/2016\/04\/araucania-chile-pareciera-avanzar-mas-hacia-estado-policial-hacia-uno-democratico\/","og_site_name":"Pressenza","article_publisher":"https:\/\/www.facebook.com\/PressenzaItalia","article_author":"https:\/\/www.facebook.com\/pressenza","article_published_time":"2016-04-13T19:21:54+00:00","og_image":[{"width":960,"height":663,"url":"https:\/\/www.pressenza.com\/wp-content\/uploads\/2016\/04\/campo-maripe-confederacion-mapuche-de-neuquen.jpg","type":"image\/jpeg"}],"author":"Redacci\u00f3n Chile","twitter_card":"summary_large_image","twitter_creator":"@pressenza","twitter_site":"@PressenzaIPA","twitter_misc":{"Escrito por":"Redacci\u00f3n Chile","Tiempo de lectura":"2 minutos"},"schema":{"@context":"https:\/\/schema.org","@graph":[{"@type":"Article","@id":"https:\/\/www.pressenza.com\/es\/2016\/04\/araucania-chile-pareciera-avanzar-mas-hacia-estado-policial-hacia-uno-democratico\/#article","isPartOf":{"@id":"https:\/\/www.pressenza.com\/es\/2016\/04\/araucania-chile-pareciera-avanzar-mas-hacia-estado-policial-hacia-uno-democratico\/"},"author":{"name":"Redacci\u00f3n Chile","@id":"https:\/\/www.pressenza.com\/es\/#\/schema\/person\/d7db40df35d6698ba69ba9ee260944ed"},"headline":"Araucan\u00eda: \u201cChile pareciera avanzar m\u00e1s hacia un Estado policial que hacia uno democr\u00e1tico\u201d","datePublished":"2016-04-13T19:21:54+00:00","mainEntityOfPage":{"@id":"https:\/\/www.pressenza.com\/es\/2016\/04\/araucania-chile-pareciera-avanzar-mas-hacia-estado-policial-hacia-uno-democratico\/"},"wordCount":457,"publisher":{"@id":"https:\/\/www.pressenza.com\/es\/#organization"},"image":{"@id":"https:\/\/www.pressenza.com\/es\/2016\/04\/araucania-chile-pareciera-avanzar-mas-hacia-estado-policial-hacia-uno-democratico\/#primaryimage"},"thumbnailUrl":"https:\/\/www.pressenza.com\/wp-content\/uploads\/2016\/04\/campo-maripe-confederacion-mapuche-de-neuquen.jpg","keywords":["conflicto chileno-mapuche","fot\u00f3grafos","periodistas"],"articleSection":["Comunicados de Prensa","Cultura y Medios","Pueblos Originarios","Sudam\u00e9rica"],"inLanguage":"es"},{"@type":"WebPage","@id":"https:\/\/www.pressenza.com\/es\/2016\/04\/araucania-chile-pareciera-avanzar-mas-hacia-estado-policial-hacia-uno-democratico\/","url":"https:\/\/www.pressenza.com\/es\/2016\/04\/araucania-chile-pareciera-avanzar-mas-hacia-estado-policial-hacia-uno-democratico\/","name":"Araucan\u00eda: \u201cChile pareciera avanzar m\u00e1s hacia un Estado policial que hacia uno democr\u00e1tico\u201d","isPartOf":{"@id":"https:\/\/www.pressenza.com\/es\/#website"},"primaryImageOfPage":{"@id":"https:\/\/www.pressenza.com\/es\/2016\/04\/araucania-chile-pareciera-avanzar-mas-hacia-estado-policial-hacia-uno-democratico\/#primaryimage"},"image":{"@id":"https:\/\/www.pressenza.com\/es\/2016\/04\/araucania-chile-pareciera-avanzar-mas-hacia-estado-policial-hacia-uno-democratico\/#primaryimage"},"thumbnailUrl":"https:\/\/www.pressenza.com\/wp-content\/uploads\/2016\/04\/campo-maripe-confederacion-mapuche-de-neuquen.jpg","datePublished":"2016-04-13T19:21:54+00:00","description":"Denuncia de fot\u00f3grafo Camilo Tapia se suma a una serie de situaciones en que las fuerzas policiales han pasado por sobre los derechos civiles de","breadcrumb":{"@id":"https:\/\/www.pressenza.com\/es\/2016\/04\/araucania-chile-pareciera-avanzar-mas-hacia-estado-policial-hacia-uno-democratico\/#breadcrumb"},"inLanguage":"es","potentialAction":[{"@type":"ReadAction","target":["https:\/\/www.pressenza.com\/es\/2016\/04\/araucania-chile-pareciera-avanzar-mas-hacia-estado-policial-hacia-uno-democratico\/"]}]},{"@type":"ImageObject","inLanguage":"es","@id":"https:\/\/www.pressenza.com\/es\/2016\/04\/araucania-chile-pareciera-avanzar-mas-hacia-estado-policial-hacia-uno-democratico\/#primaryimage","url":"https:\/\/www.pressenza.com\/wp-content\/uploads\/2016\/04\/campo-maripe-confederacion-mapuche-de-neuquen.jpg","contentUrl":"https:\/\/www.pressenza.com\/wp-content\/uploads\/2016\/04\/campo-maripe-confederacion-mapuche-de-neuquen.jpg","width":960,"height":663},{"@type":"BreadcrumbList","@id":"https:\/\/www.pressenza.com\/es\/2016\/04\/araucania-chile-pareciera-avanzar-mas-hacia-estado-policial-hacia-uno-democratico\/#breadcrumb","itemListElement":[{"@type":"ListItem","position":1,"name":"Accueil","item":"https:\/\/www.pressenza.com\/es\/"},{"@type":"ListItem","position":2,"name":"Araucan\u00eda: \u201cChile pareciera avanzar m\u00e1s hacia un Estado policial que hacia uno democr\u00e1tico\u201d"}]},{"@type":"WebSite","@id":"https:\/\/www.pressenza.com\/es\/#website","url":"https:\/\/www.pressenza.com\/es\/","name":"Pressenza","description":"International Press Agency","publisher":{"@id":"https:\/\/www.pressenza.com\/es\/#organization"},"potentialAction":[{"@type":"SearchAction","target":{"@type":"EntryPoint","urlTemplate":"https:\/\/www.pressenza.com\/es\/?s={search_term_string}"},"query-input":{"@type":"PropertyValueSpecification","valueRequired":true,"valueName":"search_term_string"}}],"inLanguage":"es"},{"@type":"Organization","@id":"https:\/\/www.pressenza.com\/es\/#organization","name":"Pressenza","url":"https:\/\/www.pressenza.com\/es\/","logo":{"@type":"ImageObject","inLanguage":"es","@id":"https:\/\/www.pressenza.com\/es\/#\/schema\/logo\/image\/","url":"https:\/\/www.pressenza.com\/wp-content\/uploads\/2022\/10\/pressenza_logo_200x200.jpg","contentUrl":"https:\/\/www.pressenza.com\/wp-content\/uploads\/2022\/10\/pressenza_logo_200x200.jpg","width":200,"height":200,"caption":"Pressenza"},"image":{"@id":"https:\/\/www.pressenza.com\/es\/#\/schema\/logo\/image\/"},"sameAs":["https:\/\/www.facebook.com\/PressenzaItalia","https:\/\/x.com\/PressenzaIPA"]},{"@type":"Person","@id":"https:\/\/www.pressenza.com\/es\/#\/schema\/person\/d7db40df35d6698ba69ba9ee260944ed","name":"Redacci\u00f3n Chile","description":"News from the Pressenza Bureau in Chile","sameAs":["https:\/\/www.facebook.com\/pressenza","https:\/\/x.com\/pressenza"],"url":"https:\/\/www.pressenza.com\/es\/author\/redaccion-chile\/"}]}},"place":"Regi\u00f3n de la Araucan\u00eda, Chile","original_article_url":"","_links":{"self":[{"href":"https:\/\/www.pressenza.com\/es\/wp-json\/wp\/v2\/posts\/301939","targetHints":{"allow":["GET"]}}],"collection":[{"href":"https:\/\/www.pressenza.com\/es\/wp-json\/wp\/v2\/posts"}],"about":[{"href":"https:\/\/www.pressenza.com\/es\/wp-json\/wp\/v2\/types\/post"}],"author":[{"embeddable":true,"href":"https:\/\/www.pressenza.com\/es\/wp-json\/wp\/v2\/users\/43"}],"replies":[{"embeddable":true,"href":"https:\/\/www.pressenza.com\/es\/wp-json\/wp\/v2\/comments?post=301939"}],"version-history":[{"count":0,"href":"https:\/\/www.pressenza.com\/es\/wp-json\/wp\/v2\/posts\/301939\/revisions"}],"wp:featuredmedia":[{"embeddable":true,"href":"https:\/\/www.pressenza.com\/es\/wp-json\/wp\/v2\/media\/301942"}],"wp:attachment":[{"href":"https:\/\/www.pressenza.com\/es\/wp-json\/wp\/v2\/media?parent=301939"}],"wp:term":[{"taxonomy":"category","embeddable":true,"href":"https:\/\/www.pressenza.com\/es\/wp-json\/wp\/v2\/categories?post=301939"},{"taxonomy":"post_tag","embeddable":true,"href":"https:\/\/www.pressenza.com\/es\/wp-json\/wp\/v2\/tags?post=301939"}],"curies":[{"name":"wp","href":"https:\/\/api.w.org\/{rel}","templated":true}]}}