{"id":301249,"date":"2016-04-12T01:00:23","date_gmt":"2016-04-12T00:00:23","guid":{"rendered":"http:\/\/www.pressenza.com\/es\/?p=301249"},"modified":"2016-04-19T16:16:25","modified_gmt":"2016-04-19T15:16:25","slug":"la-desigualdad-la-norma","status":"publish","type":"post","link":"https:\/\/www.pressenza.com\/es\/2016\/04\/la-desigualdad-la-norma\/","title":{"rendered":"La desigualdad es la norma"},"content":{"rendered":"<div style=\"text-align: justify;\">Si algo hay que reconocerles a la mayor\u00eda de gobiernos del mundo es su manera franca y abierta de actuar a favor de los privilegios. As\u00ed es como se ha construido un sistema capitalista basado en la polarizaci\u00f3n y la concentraci\u00f3n de la riqueza de las naciones, amparado en leyes ideadas, redactadas e impuestas con esa visi\u00f3n discriminadora e injusta. Para legitimar ese esquema se ha desarrollado un mensaje tendente a criminalizar todo movimiento social cuyo prop\u00f3sito sea reducir las desigualdades.<\/div>\n<div style=\"text-align: justify;\">El modo como ese modelo ha ido capturando las bases de la institucionalidad muestra un trasfondo de deshumanizaci\u00f3n convertido en \u201cideolog\u00eda del desarrollo\u201d; y sus objetivos, adem\u00e1s de convertir en aliados a los gobiernos m\u00e1s d\u00e9biles, ha sido establecer sociedades fr\u00e1giles en su conducta ciudadana, l\u00e1biles ante el poder, d\u00f3ciles ante la autoridad. La criminalizaci\u00f3n de las demandas populares, por lo tanto, cae en un esquema propicio para instaurar medidas coercitivas y aplicar toda la fuerza de la represi\u00f3n en contra de grandes conglomerados humanos.En d\u00edas recientes, los escandalosos descubrimientos de los Panama Papers han puesto en evidencia cu\u00e1nta basura se esconde tras las grandes instituciones financieras mundiales y c\u00f3mo estas han participado gustosas en movimientos de riqueza de pr\u00e1cticamente todas las naciones del planeta, a espaldas de quienes producen esa riqueza con su trabajo. Las protestas no se han hecho esperar, pero aun as\u00ed las grandes cadenas noticiosas y los medios locales en diferentes pa\u00edses han realizado esfuerzos ingentes por bajarle el tono al esc\u00e1ndalo.<\/p>\n<p>Una mirada comparativa entre esos indecentes dep\u00f3sitos bancarios y los indicadores de pobreza, desnutrici\u00f3n y violencia derivada de situaciones extremas de inequidad y discriminaci\u00f3n, deja en descubierto la inmoralidad de los l\u00edderes mundiales y sus cortes principescas de consorcios medi\u00e1ticos, industriales y financieros. Las cifras son de tal magnitud que con esas fortunas podr\u00eda eliminarse de una vez y para siempre el hambre en el mundo, con la ventaja adicional de hacerlo creando bases para su sostenibilidad.<\/p>\n<p>Es evidente que las alturas del poder alteran de manera peligrosa todo sentido de la realidad. Quiz\u00e1 la falta de ox\u00edgeno afecte las funciones cerebrales creando una ilusi\u00f3n de seguridad peligrosamente ficticia, la cual hace ver a la masa ciudadana como eso: una masa informe y obediente capaz de soportarlo todo, de creer en la falsedad del discurso y seguir sobreviviendo en un estado de pasividad ideal para el sistema.<\/p>\n<p>Sin embargo, la presi\u00f3n generada por la frustraci\u00f3n ante la corrupci\u00f3n y la desidia de los gobiernos frente a las urgentes necesidades de poblaciones abandonadas a su suerte constituye una aut\u00e9ntica bomba de tiempo. Los esfuerzos del sistema por crear un clima de confrontaci\u00f3n entre sectores de la ciudadan\u00eda puede funcionar una, dos o m\u00e1s veces, pero no funcionar\u00e1 para siempre y en alg\u00fan momento la situaci\u00f3n dar\u00e1 p\u00e1bulo a la unidad.<\/p>\n<p>La satanizaci\u00f3n de las demandas populares y de sus protestas contra el abuso de la explotaci\u00f3n de los recursos por medio de contratos venales entre gobiernos y compa\u00f1\u00edas extractivas, hidroel\u00e9ctricas y agr\u00edcolas, es una estrategia d\u00e9bil ante la realidad del robo de las riquezas de las naciones. El discurso de odio contra grandes sectores de la poblaci\u00f3n que exigen justicia, probidad de sus autoridades y respeto a sus derechos, choca de frente contra la legitimidad de las protestas y la pertinencia de sus demandas. El momento del cambio, al parecer, se acerca.<\/p>\n<p><a href=\"mailto:elquintopatio@gmail.com\" target=\"_blank\">elquintopatio@gmail.com<\/a> @carvasar<\/p>\n<\/div>\n<div style=\"text-align: justify;\">Blog de la autora: <a href=\"https:\/\/carolinavasquezaraya.com\" target=\"_blank\">El Quinto Patio\u00a0<\/a><\/div>\n","protected":false},"excerpt":{"rendered":"<p>Si algo hay que reconocerles a la mayor\u00eda de gobiernos del mundo es su manera franca y abierta de actuar a favor de los privilegios. As\u00ed es como se ha construido un sistema capitalista basado en la polarizaci\u00f3n y la&hellip;<\/p>\n","protected":false},"author":1296,"featured_media":301252,"comment_status":"closed","ping_status":"closed","sticky":false,"template":"","format":"standard","meta":{"footnotes":""},"categories":[11389,81,39,161],"tags":[1035,26176,815,394],"class_list":["post-301249","post","type-post","status-publish","format-standard","has-post-thumbnail","hentry","category-contenido-original","category-economia-es","category-internacional","category-opiniones","tag-desigualdad","tag-panama-papers-es","tag-pobreza","tag-protestas-sociales"],"yoast_head":"<!-- This site is optimized with the Yoast SEO plugin v27.1.1 - https:\/\/yoast.com\/product\/yoast-seo-wordpress\/ -->\n<title>La desigualdad es la norma<\/title>\n<meta name=\"description\" content=\"Si algo hay que reconocerles a la mayor\u00eda de gobiernos del mundo es su manera franca y abierta de actuar a favor de los privilegios. As\u00ed es como se ha\" \/>\n<meta name=\"robots\" content=\"index, follow, max-snippet:-1, max-image-preview:large, max-video-preview:-1\" \/>\n<link rel=\"canonical\" href=\"https:\/\/www.pressenza.com\/es\/2016\/04\/la-desigualdad-la-norma\/\" \/>\n<meta property=\"og:locale\" content=\"es_ES\" \/>\n<meta property=\"og:type\" content=\"article\" \/>\n<meta property=\"og:title\" content=\"La desigualdad es la norma\" \/>\n<meta property=\"og:description\" content=\"Si algo hay que reconocerles a la mayor\u00eda de gobiernos del mundo es su manera franca y abierta de actuar a favor de los privilegios. As\u00ed es como se ha\" \/>\n<meta property=\"og:url\" content=\"https:\/\/www.pressenza.com\/es\/2016\/04\/la-desigualdad-la-norma\/\" \/>\n<meta property=\"og:site_name\" content=\"Pressenza\" \/>\n<meta property=\"article:publisher\" content=\"https:\/\/www.facebook.com\/PressenzaItalia\" \/>\n<meta property=\"article:author\" content=\"https:\/\/www.facebook.com\/pages\/Carolina-V\u00e1squez-Araya\/241844515845237?fref=ts\" \/>\n<meta property=\"article:published_time\" content=\"2016-04-12T00:00:23+00:00\" \/>\n<meta property=\"article:modified_time\" content=\"2016-04-19T15:16:25+00:00\" \/>\n<meta property=\"og:image\" content=\"https:\/\/www.pressenza.com\/wp-content\/uploads\/2016\/04\/2-shilpa-FARMERS-FAIR-JHIRI-MELA-PIX-SHILPA-THAKUR-JAMMU-10.jpg\" \/>\n\t<meta property=\"og:image:width\" content=\"3000\" \/>\n\t<meta property=\"og:image:height\" content=\"1975\" \/>\n\t<meta property=\"og:image:type\" content=\"image\/jpeg\" \/>\n<meta name=\"author\" content=\"Carolina V\u00e1squez Araya\" \/>\n<meta name=\"twitter:card\" content=\"summary_large_image\" \/>\n<meta name=\"twitter:creator\" content=\"@carvasar\" \/>\n<meta name=\"twitter:site\" content=\"@PressenzaIPA\" \/>\n<meta name=\"twitter:label1\" content=\"Escrito por\" \/>\n\t<meta name=\"twitter:data1\" content=\"Carolina V\u00e1squez Araya\" \/>\n\t<meta name=\"twitter:label2\" content=\"Tiempo de lectura\" \/>\n\t<meta name=\"twitter:data2\" content=\"3 minutos\" \/>\n<script type=\"application\/ld+json\" class=\"yoast-schema-graph\">{\"@context\":\"https:\/\/schema.org\",\"@graph\":[{\"@type\":\"Article\",\"@id\":\"https:\/\/www.pressenza.com\/es\/2016\/04\/la-desigualdad-la-norma\/#article\",\"isPartOf\":{\"@id\":\"https:\/\/www.pressenza.com\/es\/2016\/04\/la-desigualdad-la-norma\/\"},\"author\":{\"name\":\"Carolina V\u00e1squez Araya\",\"@id\":\"https:\/\/www.pressenza.com\/es\/#\/schema\/person\/6936ca3bb8dee618b5cdfd0e4427cdd6\"},\"headline\":\"La desigualdad es la norma\",\"datePublished\":\"2016-04-12T00:00:23+00:00\",\"dateModified\":\"2016-04-19T15:16:25+00:00\",\"mainEntityOfPage\":{\"@id\":\"https:\/\/www.pressenza.com\/es\/2016\/04\/la-desigualdad-la-norma\/\"},\"wordCount\":621,\"publisher\":{\"@id\":\"https:\/\/www.pressenza.com\/es\/#organization\"},\"image\":{\"@id\":\"https:\/\/www.pressenza.com\/es\/2016\/04\/la-desigualdad-la-norma\/#primaryimage\"},\"thumbnailUrl\":\"https:\/\/www.pressenza.com\/wp-content\/uploads\/2016\/04\/2-shilpa-FARMERS-FAIR-JHIRI-MELA-PIX-SHILPA-THAKUR-JAMMU-10.jpg\",\"keywords\":[\"desigualdad\",\"Panama Papers\",\"Pobreza\",\"protestas sociales\"],\"articleSection\":[\"Contenido Original\",\"Econom\u00eda\",\"Internacional\",\"Opiniones\"],\"inLanguage\":\"es\"},{\"@type\":\"WebPage\",\"@id\":\"https:\/\/www.pressenza.com\/es\/2016\/04\/la-desigualdad-la-norma\/\",\"url\":\"https:\/\/www.pressenza.com\/es\/2016\/04\/la-desigualdad-la-norma\/\",\"name\":\"La desigualdad es la norma\",\"isPartOf\":{\"@id\":\"https:\/\/www.pressenza.com\/es\/#website\"},\"primaryImageOfPage\":{\"@id\":\"https:\/\/www.pressenza.com\/es\/2016\/04\/la-desigualdad-la-norma\/#primaryimage\"},\"image\":{\"@id\":\"https:\/\/www.pressenza.com\/es\/2016\/04\/la-desigualdad-la-norma\/#primaryimage\"},\"thumbnailUrl\":\"https:\/\/www.pressenza.com\/wp-content\/uploads\/2016\/04\/2-shilpa-FARMERS-FAIR-JHIRI-MELA-PIX-SHILPA-THAKUR-JAMMU-10.jpg\",\"datePublished\":\"2016-04-12T00:00:23+00:00\",\"dateModified\":\"2016-04-19T15:16:25+00:00\",\"description\":\"Si algo hay que reconocerles a la mayor\u00eda de gobiernos del mundo es su manera franca y abierta de actuar a favor de los privilegios. As\u00ed es como se ha\",\"breadcrumb\":{\"@id\":\"https:\/\/www.pressenza.com\/es\/2016\/04\/la-desigualdad-la-norma\/#breadcrumb\"},\"inLanguage\":\"es\",\"potentialAction\":[{\"@type\":\"ReadAction\",\"target\":[\"https:\/\/www.pressenza.com\/es\/2016\/04\/la-desigualdad-la-norma\/\"]}]},{\"@type\":\"ImageObject\",\"inLanguage\":\"es\",\"@id\":\"https:\/\/www.pressenza.com\/es\/2016\/04\/la-desigualdad-la-norma\/#primaryimage\",\"url\":\"https:\/\/www.pressenza.com\/wp-content\/uploads\/2016\/04\/2-shilpa-FARMERS-FAIR-JHIRI-MELA-PIX-SHILPA-THAKUR-JAMMU-10.jpg\",\"contentUrl\":\"https:\/\/www.pressenza.com\/wp-content\/uploads\/2016\/04\/2-shilpa-FARMERS-FAIR-JHIRI-MELA-PIX-SHILPA-THAKUR-JAMMU-10.jpg\",\"width\":3000,\"height\":1975,\"caption\":\"Hindu devotee prays after taking a holy dip in the pond during the annual farmer fair at Shama Chak Jhiri, in Jammu on Thursday.PIX SHILPA THAKUR JAMMU\"},{\"@type\":\"BreadcrumbList\",\"@id\":\"https:\/\/www.pressenza.com\/es\/2016\/04\/la-desigualdad-la-norma\/#breadcrumb\",\"itemListElement\":[{\"@type\":\"ListItem\",\"position\":1,\"name\":\"Accueil\",\"item\":\"https:\/\/www.pressenza.com\/es\/\"},{\"@type\":\"ListItem\",\"position\":2,\"name\":\"La desigualdad es la norma\"}]},{\"@type\":\"WebSite\",\"@id\":\"https:\/\/www.pressenza.com\/es\/#website\",\"url\":\"https:\/\/www.pressenza.com\/es\/\",\"name\":\"Pressenza\",\"description\":\"International Press Agency\",\"publisher\":{\"@id\":\"https:\/\/www.pressenza.com\/es\/#organization\"},\"potentialAction\":[{\"@type\":\"SearchAction\",\"target\":{\"@type\":\"EntryPoint\",\"urlTemplate\":\"https:\/\/www.pressenza.com\/es\/?s={search_term_string}\"},\"query-input\":{\"@type\":\"PropertyValueSpecification\",\"valueRequired\":true,\"valueName\":\"search_term_string\"}}],\"inLanguage\":\"es\"},{\"@type\":\"Organization\",\"@id\":\"https:\/\/www.pressenza.com\/es\/#organization\",\"name\":\"Pressenza\",\"url\":\"https:\/\/www.pressenza.com\/es\/\",\"logo\":{\"@type\":\"ImageObject\",\"inLanguage\":\"es\",\"@id\":\"https:\/\/www.pressenza.com\/es\/#\/schema\/logo\/image\/\",\"url\":\"https:\/\/www.pressenza.com\/wp-content\/uploads\/2022\/10\/pressenza_logo_200x200.jpg\",\"contentUrl\":\"https:\/\/www.pressenza.com\/wp-content\/uploads\/2022\/10\/pressenza_logo_200x200.jpg\",\"width\":200,\"height\":200,\"caption\":\"Pressenza\"},\"image\":{\"@id\":\"https:\/\/www.pressenza.com\/es\/#\/schema\/logo\/image\/\"},\"sameAs\":[\"https:\/\/www.facebook.com\/PressenzaItalia\",\"https:\/\/x.com\/PressenzaIPA\"]},{\"@type\":\"Person\",\"@id\":\"https:\/\/www.pressenza.com\/es\/#\/schema\/person\/6936ca3bb8dee618b5cdfd0e4427cdd6\",\"name\":\"Carolina V\u00e1squez Araya\",\"description\":\"Periodista y editora con m\u00e1s de 30 a\u00f1os de experiencia, cuyos logros profesionales en el desarrollo de proyectos de gran \u00e9xito avalan sus cualidades de liderazgo, creatividad y relaciones p\u00fablicas. Ha aportado sus conocimientos en proyectos de organizaciones con intereses orientados al desarrollo social, cultural y econ\u00f3mico del pa\u00eds, con especial \u00e9nfasis en el sector de cultura y educaci\u00f3n, emprendimiento, derechos humanos, justicia, ambiente, mujeres y ni\u00f1ez. Chilena en Guatemala. elquintopatio.wordpress.com\",\"sameAs\":[\"https:\/\/www.facebook.com\/pages\/Carolina-V\u00e1squez-Araya\/241844515845237?fref=ts\",\"https:\/\/x.com\/carvasar\"],\"url\":\"https:\/\/www.pressenza.com\/es\/author\/carolina-vasquez-araya\/\"}]}<\/script>\n<!-- \/ Yoast SEO plugin. -->","yoast_head_json":{"title":"La desigualdad es la norma","description":"Si algo hay que reconocerles a la mayor\u00eda de gobiernos del mundo es su manera franca y abierta de actuar a favor de los privilegios. As\u00ed es como se ha","robots":{"index":"index","follow":"follow","max-snippet":"max-snippet:-1","max-image-preview":"max-image-preview:large","max-video-preview":"max-video-preview:-1"},"canonical":"https:\/\/www.pressenza.com\/es\/2016\/04\/la-desigualdad-la-norma\/","og_locale":"es_ES","og_type":"article","og_title":"La desigualdad es la norma","og_description":"Si algo hay que reconocerles a la mayor\u00eda de gobiernos del mundo es su manera franca y abierta de actuar a favor de los privilegios. As\u00ed es como se ha","og_url":"https:\/\/www.pressenza.com\/es\/2016\/04\/la-desigualdad-la-norma\/","og_site_name":"Pressenza","article_publisher":"https:\/\/www.facebook.com\/PressenzaItalia","article_author":"https:\/\/www.facebook.com\/pages\/Carolina-V\u00e1squez-Araya\/241844515845237?fref=ts","article_published_time":"2016-04-12T00:00:23+00:00","article_modified_time":"2016-04-19T15:16:25+00:00","og_image":[{"width":3000,"height":1975,"url":"https:\/\/www.pressenza.com\/wp-content\/uploads\/2016\/04\/2-shilpa-FARMERS-FAIR-JHIRI-MELA-PIX-SHILPA-THAKUR-JAMMU-10.jpg","type":"image\/jpeg"}],"author":"Carolina V\u00e1squez Araya","twitter_card":"summary_large_image","twitter_creator":"@carvasar","twitter_site":"@PressenzaIPA","twitter_misc":{"Escrito por":"Carolina V\u00e1squez Araya","Tiempo de lectura":"3 minutos"},"schema":{"@context":"https:\/\/schema.org","@graph":[{"@type":"Article","@id":"https:\/\/www.pressenza.com\/es\/2016\/04\/la-desigualdad-la-norma\/#article","isPartOf":{"@id":"https:\/\/www.pressenza.com\/es\/2016\/04\/la-desigualdad-la-norma\/"},"author":{"name":"Carolina V\u00e1squez Araya","@id":"https:\/\/www.pressenza.com\/es\/#\/schema\/person\/6936ca3bb8dee618b5cdfd0e4427cdd6"},"headline":"La desigualdad es la norma","datePublished":"2016-04-12T00:00:23+00:00","dateModified":"2016-04-19T15:16:25+00:00","mainEntityOfPage":{"@id":"https:\/\/www.pressenza.com\/es\/2016\/04\/la-desigualdad-la-norma\/"},"wordCount":621,"publisher":{"@id":"https:\/\/www.pressenza.com\/es\/#organization"},"image":{"@id":"https:\/\/www.pressenza.com\/es\/2016\/04\/la-desigualdad-la-norma\/#primaryimage"},"thumbnailUrl":"https:\/\/www.pressenza.com\/wp-content\/uploads\/2016\/04\/2-shilpa-FARMERS-FAIR-JHIRI-MELA-PIX-SHILPA-THAKUR-JAMMU-10.jpg","keywords":["desigualdad","Panama Papers","Pobreza","protestas sociales"],"articleSection":["Contenido Original","Econom\u00eda","Internacional","Opiniones"],"inLanguage":"es"},{"@type":"WebPage","@id":"https:\/\/www.pressenza.com\/es\/2016\/04\/la-desigualdad-la-norma\/","url":"https:\/\/www.pressenza.com\/es\/2016\/04\/la-desigualdad-la-norma\/","name":"La desigualdad es la norma","isPartOf":{"@id":"https:\/\/www.pressenza.com\/es\/#website"},"primaryImageOfPage":{"@id":"https:\/\/www.pressenza.com\/es\/2016\/04\/la-desigualdad-la-norma\/#primaryimage"},"image":{"@id":"https:\/\/www.pressenza.com\/es\/2016\/04\/la-desigualdad-la-norma\/#primaryimage"},"thumbnailUrl":"https:\/\/www.pressenza.com\/wp-content\/uploads\/2016\/04\/2-shilpa-FARMERS-FAIR-JHIRI-MELA-PIX-SHILPA-THAKUR-JAMMU-10.jpg","datePublished":"2016-04-12T00:00:23+00:00","dateModified":"2016-04-19T15:16:25+00:00","description":"Si algo hay que reconocerles a la mayor\u00eda de gobiernos del mundo es su manera franca y abierta de actuar a favor de los privilegios. As\u00ed es como se ha","breadcrumb":{"@id":"https:\/\/www.pressenza.com\/es\/2016\/04\/la-desigualdad-la-norma\/#breadcrumb"},"inLanguage":"es","potentialAction":[{"@type":"ReadAction","target":["https:\/\/www.pressenza.com\/es\/2016\/04\/la-desigualdad-la-norma\/"]}]},{"@type":"ImageObject","inLanguage":"es","@id":"https:\/\/www.pressenza.com\/es\/2016\/04\/la-desigualdad-la-norma\/#primaryimage","url":"https:\/\/www.pressenza.com\/wp-content\/uploads\/2016\/04\/2-shilpa-FARMERS-FAIR-JHIRI-MELA-PIX-SHILPA-THAKUR-JAMMU-10.jpg","contentUrl":"https:\/\/www.pressenza.com\/wp-content\/uploads\/2016\/04\/2-shilpa-FARMERS-FAIR-JHIRI-MELA-PIX-SHILPA-THAKUR-JAMMU-10.jpg","width":3000,"height":1975,"caption":"Hindu devotee prays after taking a holy dip in the pond during the annual farmer fair at Shama Chak Jhiri, in Jammu on Thursday.PIX SHILPA THAKUR JAMMU"},{"@type":"BreadcrumbList","@id":"https:\/\/www.pressenza.com\/es\/2016\/04\/la-desigualdad-la-norma\/#breadcrumb","itemListElement":[{"@type":"ListItem","position":1,"name":"Accueil","item":"https:\/\/www.pressenza.com\/es\/"},{"@type":"ListItem","position":2,"name":"La desigualdad es la norma"}]},{"@type":"WebSite","@id":"https:\/\/www.pressenza.com\/es\/#website","url":"https:\/\/www.pressenza.com\/es\/","name":"Pressenza","description":"International Press Agency","publisher":{"@id":"https:\/\/www.pressenza.com\/es\/#organization"},"potentialAction":[{"@type":"SearchAction","target":{"@type":"EntryPoint","urlTemplate":"https:\/\/www.pressenza.com\/es\/?s={search_term_string}"},"query-input":{"@type":"PropertyValueSpecification","valueRequired":true,"valueName":"search_term_string"}}],"inLanguage":"es"},{"@type":"Organization","@id":"https:\/\/www.pressenza.com\/es\/#organization","name":"Pressenza","url":"https:\/\/www.pressenza.com\/es\/","logo":{"@type":"ImageObject","inLanguage":"es","@id":"https:\/\/www.pressenza.com\/es\/#\/schema\/logo\/image\/","url":"https:\/\/www.pressenza.com\/wp-content\/uploads\/2022\/10\/pressenza_logo_200x200.jpg","contentUrl":"https:\/\/www.pressenza.com\/wp-content\/uploads\/2022\/10\/pressenza_logo_200x200.jpg","width":200,"height":200,"caption":"Pressenza"},"image":{"@id":"https:\/\/www.pressenza.com\/es\/#\/schema\/logo\/image\/"},"sameAs":["https:\/\/www.facebook.com\/PressenzaItalia","https:\/\/x.com\/PressenzaIPA"]},{"@type":"Person","@id":"https:\/\/www.pressenza.com\/es\/#\/schema\/person\/6936ca3bb8dee618b5cdfd0e4427cdd6","name":"Carolina V\u00e1squez Araya","description":"Periodista y editora con m\u00e1s de 30 a\u00f1os de experiencia, cuyos logros profesionales en el desarrollo de proyectos de gran \u00e9xito avalan sus cualidades de liderazgo, creatividad y relaciones p\u00fablicas. Ha aportado sus conocimientos en proyectos de organizaciones con intereses orientados al desarrollo social, cultural y econ\u00f3mico del pa\u00eds, con especial \u00e9nfasis en el sector de cultura y educaci\u00f3n, emprendimiento, derechos humanos, justicia, ambiente, mujeres y ni\u00f1ez. Chilena en Guatemala. elquintopatio.wordpress.com","sameAs":["https:\/\/www.facebook.com\/pages\/Carolina-V\u00e1squez-Araya\/241844515845237?fref=ts","https:\/\/x.com\/carvasar"],"url":"https:\/\/www.pressenza.com\/es\/author\/carolina-vasquez-araya\/"}]}},"place":"Ciudad de Guatemala, Guatemala","original_article_url":"","_links":{"self":[{"href":"https:\/\/www.pressenza.com\/es\/wp-json\/wp\/v2\/posts\/301249","targetHints":{"allow":["GET"]}}],"collection":[{"href":"https:\/\/www.pressenza.com\/es\/wp-json\/wp\/v2\/posts"}],"about":[{"href":"https:\/\/www.pressenza.com\/es\/wp-json\/wp\/v2\/types\/post"}],"author":[{"embeddable":true,"href":"https:\/\/www.pressenza.com\/es\/wp-json\/wp\/v2\/users\/1296"}],"replies":[{"embeddable":true,"href":"https:\/\/www.pressenza.com\/es\/wp-json\/wp\/v2\/comments?post=301249"}],"version-history":[{"count":0,"href":"https:\/\/www.pressenza.com\/es\/wp-json\/wp\/v2\/posts\/301249\/revisions"}],"wp:featuredmedia":[{"embeddable":true,"href":"https:\/\/www.pressenza.com\/es\/wp-json\/wp\/v2\/media\/301252"}],"wp:attachment":[{"href":"https:\/\/www.pressenza.com\/es\/wp-json\/wp\/v2\/media?parent=301249"}],"wp:term":[{"taxonomy":"category","embeddable":true,"href":"https:\/\/www.pressenza.com\/es\/wp-json\/wp\/v2\/categories?post=301249"},{"taxonomy":"post_tag","embeddable":true,"href":"https:\/\/www.pressenza.com\/es\/wp-json\/wp\/v2\/tags?post=301249"}],"curies":[{"name":"wp","href":"https:\/\/api.w.org\/{rel}","templated":true}]}}