{"id":300035,"date":"2016-04-08T18:27:38","date_gmt":"2016-04-08T17:27:38","guid":{"rendered":"http:\/\/www.pressenza.com\/es\/?p=300035"},"modified":"2016-04-08T18:28:57","modified_gmt":"2016-04-08T17:28:57","slug":"debate-fondecyt-mas-alla-la-discusion-epistemologica","status":"publish","type":"post","link":"https:\/\/www.pressenza.com\/es\/2016\/04\/debate-fondecyt-mas-alla-la-discusion-epistemologica\/","title":{"rendered":"El debate sobre Fondecyt: m\u00e1s all\u00e1 de la discusi\u00f3n epistemol\u00f3gica"},"content":{"rendered":"<p>Por Marcelo Rioseco y V\u00edctor San Mart\u00edn<\/p>\n<p align=\"JUSTIFY\">A mediados de marzo, Alberto Mayol y Javiera Araya publicaron en Chile un estudio llamado \u00ab\u00bfTienen los concursos Fondecyt un trasfondo pol\u00edtico?\u00bb. Los autores llegaron a la conclusi\u00f3n de que \u201clos resultados del concurso Fondecyt no son neutros respecto a las condiciones pol\u00edticas del pa\u00eds, estableciendo un sensible diagn\u00f3stico respecto a los criterios de \u2018objetividad\u2019 del concurso\u201d.<\/p>\n<p align=\"JUSTIFY\">Por supuesto, las respuestas a trav\u00e9s de diferentes medios de comunicaci\u00f3n no se hicieron esperar. Inmediatamente salieron voces criticando la \u201ccalidad cient\u00edfica\u201d del estudio y la metodolog\u00eda empleada. Algunas de estas voces, como era l\u00f3gico, proven\u00edan de personas relacionadas directamente con los beneficios entregados por Conicyt.<\/p>\n<p align=\"JUSTIFY\">El problema es que las personas beneficiadas mediante este tipo de concursos son muy pocas en relaci\u00f3n con el universo de acad\u00e9micos que, a\u00f1o a a\u00f1o, postulan con la expectativa (algo ingenua), de ser parte del grupo de los \u201celegidos\u201d.<\/p>\n<p align=\"JUSTIFY\">El problema es que este grupo de \u201celegidos\u201d est\u00e1 conformado, en gran medida, por una elite endog\u00e1mica y autocomplaciente, que no tiene ning\u00fan empacho en adjudicarse proyectos y acceder a los recursos p\u00fablicos de Conicyt siendo parte activa de los equipos que tienen la responsabilidad de evaluar las propuestas que se presentan.<\/p>\n<p align=\"JUSTIFY\">Evaluaciones que, por otro lado, ni siquiera cumplen est\u00e1ndares m\u00ednimos de transparencia e imparcialidad, desde el momento en que no son evaluaciones ciegas: los evaluadores conocen perfectamente la identidad de los autores de los proyectos.\u00a0A su vez, los integrantes de los grupos de estudio de Conicyt conocen perfectamente la identidad de los autores de los proyectos y la identidad de los evaluadores encargados de emitir un juicio, puesto que son ellos quienes los designan.<\/p>\n<p align=\"JUSTIFY\">\u00bfQu\u00e9 pasa si yo soy evaluador y califico mal un proyecto en el que participa un integrante de un grupo de estudio? \u00bfVolver\u00e9 a ser considerado para evaluar? \u00bfTendr\u00e9 posibilidades de ganar alg\u00fan proyecto en el futuro? Sumado a todo esto, solo los integrantes de los grupos de estudio conocen y procesan los resultados de las evaluaciones. \u00bfC\u00f3mo es posible tener seguridad de que estos resultados no ser\u00e1n manipulados, una vez que los evaluadores los entregan? Ello solo constituye un acto de buena fe.<\/p>\n<p align=\"JUSTIFY\">En este contexto, si nos centramos en el \u00e1mbito de las ciencias sociales, en la \u00faltima d\u00e9cada m\u00e1s de la mitad de los integrantes de los grupos de educaci\u00f3n y sociolog\u00eda se han adjudicado proyectos Fondecyt, siendo parte activa de los grupos de estudio responsables de evaluar las propuestas que reciben.<\/p>\n<p align=\"JUSTIFY\">Es decir, se adjudican proyectos siendo jueces y parte en el proceso, lo que en cualquier lugar el mundo, al menos, se considera una pr\u00e1ctica irregular y poco \u00e9tica. Obviamente, esta pr\u00e1ctica tiene un impacto econ\u00f3mico importante en los recursos que destina el Estado para el desarrollo de la investigaci\u00f3n en nuestro pa\u00eds. Pero no solo eso. Tiene, adem\u00e1s, un impacto pol\u00edtico en las universidades en su conjunto, y tambi\u00e9n al interior de cada universidad.<\/p>\n<p align=\"JUSTIFY\">Actualmente, formar parte de la \u201celite\u201d de personas que pertenecen a los grupos de estudio o de los acad\u00e9micos que se adjudican proyectos en Conicyt, principalmente a trav\u00e9s de su programa Fondecyt, constituye una distinci\u00f3n que da mucho poder en las universidades. Por ejemplo, para acreditarse en el \u00e1rea de la investigaci\u00f3n, las universidades necesitan contar con este tipo de acad\u00e9micos en sus plantas.<\/p>\n<p align=\"JUSTIFY\">Asimismo, la acreditaci\u00f3n de los programas de posgrado est\u00e1 condicionada, m\u00e1s que a la posesi\u00f3n de los grados superiores, a la incorporaci\u00f3n de investigadores con proyectos Conicyt, puesto que esto se conecta con el Aporte Fiscal Directo (AFD).<\/p>\n<p align=\"JUSTIFY\">Por supuesto, hay instituciones que se han especializado en capturar, mantener e instalar personas en los c\u00edrculos de Conicyt. La Pontificia Universidad Cat\u00f3lica de Chile es el mejor ejemplo de este tipo de instituciones, y en tal sentido es interesante la afirmaci\u00f3n de Mayol acerca de la supuesta \u201cderechizaci\u00f3n\u201d de la investigaci\u00f3n: una investigaci\u00f3n inocua y \u201cobediente\u201d a los intereses de grupo y a los intereses de clase.<\/p>\n<p align=\"JUSTIFY\">Sin embargo, muchas otras universidades privadas, que funcionan con la l\u00f3gica pragm\u00e1tica de las empresas, han sabido ganar un espacio en el \u201cmercado\u201d de la investigaci\u00f3n. Tal vez, la hip\u00f3tesis de Alberto Mayol y Javiera Araya ha surgido, precisamente, de la intuici\u00f3n de esta tendencia, que es una expresi\u00f3n clara de la ideolog\u00eda neoliberal en las universidades y que, en el caso de nuestro pa\u00eds, ha ido en franca expansi\u00f3n durante la \u00faltima d\u00e9cada.<\/p>\n<p align=\"JUSTIFY\">Es entendible que algunos de estos cr\u00edticos se sientan ofendidos por la \u201cfalta de rigor\u201d del estudio que Mayol y Araya han publicado. Es comprensible que digan que trabajos as\u00ed da\u00f1an la investigaci\u00f3n en Chile y es esperable que sus reparos est\u00e9n centrados en aspectos de forma y no de fondo. Mal que mal, muchos de estos se\u00f1ores han aprendido a escalar a trav\u00e9s de un sistema de m\u00e9ritos parciales que otorga recursos y privilegios, y que est\u00e1 configurado para que solo unos pocos puedan beneficiarse, manejando un lenguaje especializado. Pero, sobre todo, perteneciendo a redes adecuadas y teniendo buenos contactos.<\/p>\n<p align=\"JUSTIFY\">Sugerir, sin embargo, que trabajos como los de Mayol y Araya, u otros que se vienen publicando desde hace alg\u00fan tiempo y que denuncian el mal funcionamiento de Conicyt, da\u00f1an la investigaci\u00f3n cient\u00edfica en nuestro pa\u00eds, es ir demasiado lejos.<\/p>\n<p align=\"JUSTIFY\">Cabe la pregunta: \u00bfda\u00f1an a la investigaci\u00f3n o da\u00f1an la credibilidad de una instituci\u00f3n que est\u00e1 funcionando en favor de ellos? Desde el punto de vista de la generaci\u00f3n de conocimiento, en el \u00e1mbito de las ciencias sociales, \u00bfcu\u00e1l es el aporte que estos investigadores han hecho o est\u00e1n haciendo? Aparte de publicar unos pocos art\u00edculos en algunas revistas indexadas que, en el caso de Chile, muchas veces, los incorporan a ellos mismos como editores (Pavez, 2015), \u00bfqu\u00e9 otro aporte llevan a cabo?<\/p>\n<p align=\"JUSTIFY\">En educaci\u00f3n, por ejemplo, \u00bfcu\u00e1l fue la postura de estos expertos, antes, durante y despu\u00e9s de la crisis del 2006 con los ping\u00fcinos y de los universitarios en el 2011?<\/p>\n<p align=\"JUSTIFY\">La relevancia de sus investigaciones queda demostrada en el hecho de que ni siquiera Conicyt publica una lista actualizada con los t\u00edtulos de sus trabajos. A trav\u00e9s de su repositorio institucional (<a href=\"http:\/\/ri.conicyt.cl\/575\/channel.html\">http:\/\/ri.conicyt.cl\/575\/channel.html<\/a>), es posible acceder a informaci\u00f3n de los proyectos hasta el a\u00f1o 2011. Si se quiere tener informaci\u00f3n posterior a esa fecha, hay que solicitar los datos en el portal de Transparencia (<a href=\"http:\/\/www.portaltransparencia.cl\/\">http:\/\/www.portaltransparencia.cl\/<\/a>), esperar hasta un plazo m\u00e1ximo de 20 d\u00edas h\u00e1biles y estar dispuesto a construir un verdadero puzle con la informaci\u00f3n proporcionada. Invitamos a los lectores a que revisen el repositorio y juzguen por su propia cuenta el alcance de los temas que se investigan, al menos, en el \u00e1mbito de las ciencias sociales y, especialmente, en educaci\u00f3n.<\/p>\n<p align=\"JUSTIFY\">Es cierto que la relevancia de los temas que se investigan en ciencias sociales y, espec\u00edficamente en educaci\u00f3n, a trav\u00e9s de proyectos Fondecyt, podr\u00eda estar relacionada con un trabajo acad\u00e9mico dentro de las universidades y no constituirse como contenido de inter\u00e9s general.<\/p>\n<p align=\"JUSTIFY\">En este sentido, ser\u00eda interesante conocer hasta qu\u00e9 punto estas investigaciones convocan e interesan a otros acad\u00e9micos y estudiantes. En principio, ni siquiera poseen una gran difusi\u00f3n desde la perspectiva de la ense\u00f1anza, ya que muchos de los acad\u00e9micos que pertenecen al c\u00edrculo de Conicyt entienden la docencia como una actividad de segunda clase, que les quita tiempo para su trabajo como investigadores, y las universidades suelen liberarlos de dar clases para que no se vayan a otra instituci\u00f3n y se lleven la \u201cmarraqueta bajo el brazo\u201d, es decir, \u00e9l o los proyectos que tienen bajo su cargo.<\/p>\n<p align=\"JUSTIFY\">En s\u00edntesis, compartimos con Alberto Mayol y Javiera Araya la tesis de que los resultados en los concursos de Fondecyt no son neutros, ni objetivos y est\u00e1n derechizados. No solamente porque estos proyectos se incorporen, cada vez m\u00e1s, en las universidades confesionales y privadas, sino porque se trata de un sistema dise\u00f1ado desde una l\u00f3gica neoliberal, en plena dictadura. Un sistema que, por una parte, entiende la generaci\u00f3n de conocimiento como una actividad exclusiva de una elite y, por otra, asume que la investigaci\u00f3n y la ciencia son bienes que dependen de la competencia y del mercado, tanto para producirlos como para consumirlos.<\/p>\n<p align=\"JUSTIFY\">En s\u00ed misma, esta forma de entender la investigaci\u00f3n y el conocimiento es, a lo menos, discutible y merece ser reflexionada. En su mejor versi\u00f3n, promueve la idea de la meritocracia. En el caso de Chile, en cambio, ni siquiera alcanza para eso: Fondecyt funciona como una agencia para repartir privilegios y recursos econ\u00f3micos, a trav\u00e9s de procedimientos obscuros, que la mayor\u00eda de la gente desconoce.<\/p>\n","protected":false},"excerpt":{"rendered":"<p>Por Marcelo Rioseco y V\u00edctor San Mart\u00edn A mediados de marzo, Alberto Mayol y Javiera Araya publicaron en Chile un estudio llamado \u00ab\u00bfTienen los concursos Fondecyt un trasfondo pol\u00edtico?\u00bb. Los autores llegaron a la conclusi\u00f3n de que \u201clos resultados del&hellip;<\/p>\n","protected":false},"author":43,"featured_media":300036,"comment_status":"closed","ping_status":"closed","sticky":false,"template":"","format":"standard","meta":{"footnotes":""},"categories":[497,161,67],"tags":[25769,551],"class_list":["post-300035","post","type-post","status-publish","format-standard","has-post-thumbnail","hentry","category-ciencia-tecnologia","category-opiniones","category-sudamerica","tag-fondecyt","tag-investigacion-cientifica"],"yoast_head":"<!-- This site is optimized with the Yoast SEO plugin v27.1.1 - https:\/\/yoast.com\/product\/yoast-seo-wordpress\/ -->\n<title>El debate sobre Fondecyt: m\u00e1s all\u00e1 de la discusi\u00f3n epistemol\u00f3gica<\/title>\n<meta name=\"description\" content=\"Por Marcelo Rioseco y V\u00edctor San Mart\u00edn A mediados de marzo, Alberto Mayol y Javiera Araya publicaron en Chile un estudio llamado &quot;\u00bfTienen los concursos\" \/>\n<meta name=\"robots\" content=\"index, follow, max-snippet:-1, max-image-preview:large, max-video-preview:-1\" \/>\n<link rel=\"canonical\" href=\"https:\/\/www.pressenza.com\/es\/2016\/04\/debate-fondecyt-mas-alla-la-discusion-epistemologica\/\" \/>\n<meta property=\"og:locale\" content=\"es_ES\" \/>\n<meta property=\"og:type\" content=\"article\" \/>\n<meta property=\"og:title\" content=\"El debate sobre Fondecyt: m\u00e1s all\u00e1 de la discusi\u00f3n epistemol\u00f3gica\" \/>\n<meta property=\"og:description\" content=\"Por Marcelo Rioseco y V\u00edctor San Mart\u00edn A mediados de marzo, Alberto Mayol y Javiera Araya publicaron en Chile un estudio llamado &quot;\u00bfTienen los concursos\" \/>\n<meta property=\"og:url\" content=\"https:\/\/www.pressenza.com\/es\/2016\/04\/debate-fondecyt-mas-alla-la-discusion-epistemologica\/\" \/>\n<meta property=\"og:site_name\" content=\"Pressenza\" \/>\n<meta property=\"article:publisher\" content=\"https:\/\/www.facebook.com\/PressenzaItalia\" \/>\n<meta property=\"article:author\" content=\"https:\/\/www.facebook.com\/pressenza\" \/>\n<meta property=\"article:published_time\" content=\"2016-04-08T17:27:38+00:00\" \/>\n<meta property=\"article:modified_time\" content=\"2016-04-08T17:28:57+00:00\" \/>\n<meta property=\"og:image\" content=\"https:\/\/www.pressenza.com\/wp-content\/uploads\/2016\/04\/bachelet-ciencia_816x544.jpg\" \/>\n\t<meta property=\"og:image:width\" content=\"816\" \/>\n\t<meta property=\"og:image:height\" content=\"544\" \/>\n\t<meta property=\"og:image:type\" content=\"image\/jpeg\" \/>\n<meta name=\"author\" content=\"Redacci\u00f3n Chile\" \/>\n<meta name=\"twitter:card\" content=\"summary_large_image\" \/>\n<meta name=\"twitter:creator\" content=\"@pressenza\" \/>\n<meta name=\"twitter:site\" content=\"@PressenzaIPA\" \/>\n<meta name=\"twitter:label1\" content=\"Escrito por\" \/>\n\t<meta name=\"twitter:data1\" content=\"Redacci\u00f3n Chile\" \/>\n\t<meta name=\"twitter:label2\" content=\"Tiempo de lectura\" \/>\n\t<meta name=\"twitter:data2\" content=\"8 minutos\" \/>\n<script type=\"application\/ld+json\" class=\"yoast-schema-graph\">{\"@context\":\"https:\/\/schema.org\",\"@graph\":[{\"@type\":\"Article\",\"@id\":\"https:\/\/www.pressenza.com\/es\/2016\/04\/debate-fondecyt-mas-alla-la-discusion-epistemologica\/#article\",\"isPartOf\":{\"@id\":\"https:\/\/www.pressenza.com\/es\/2016\/04\/debate-fondecyt-mas-alla-la-discusion-epistemologica\/\"},\"author\":{\"name\":\"Redacci\u00f3n Chile\",\"@id\":\"https:\/\/www.pressenza.com\/es\/#\/schema\/person\/d7db40df35d6698ba69ba9ee260944ed\"},\"headline\":\"El debate sobre Fondecyt: m\u00e1s all\u00e1 de la discusi\u00f3n epistemol\u00f3gica\",\"datePublished\":\"2016-04-08T17:27:38+00:00\",\"dateModified\":\"2016-04-08T17:28:57+00:00\",\"mainEntityOfPage\":{\"@id\":\"https:\/\/www.pressenza.com\/es\/2016\/04\/debate-fondecyt-mas-alla-la-discusion-epistemologica\/\"},\"wordCount\":1552,\"publisher\":{\"@id\":\"https:\/\/www.pressenza.com\/es\/#organization\"},\"image\":{\"@id\":\"https:\/\/www.pressenza.com\/es\/2016\/04\/debate-fondecyt-mas-alla-la-discusion-epistemologica\/#primaryimage\"},\"thumbnailUrl\":\"https:\/\/www.pressenza.com\/wp-content\/uploads\/2016\/04\/bachelet-ciencia_816x544.jpg\",\"keywords\":[\"Fondecyt\",\"Investigaci\u00f3n Cient\u00edfica\"],\"articleSection\":[\"Ciencia y Tecnolog\u00eda\",\"Opiniones\",\"Sudam\u00e9rica\"],\"inLanguage\":\"es\"},{\"@type\":\"WebPage\",\"@id\":\"https:\/\/www.pressenza.com\/es\/2016\/04\/debate-fondecyt-mas-alla-la-discusion-epistemologica\/\",\"url\":\"https:\/\/www.pressenza.com\/es\/2016\/04\/debate-fondecyt-mas-alla-la-discusion-epistemologica\/\",\"name\":\"El debate sobre Fondecyt: m\u00e1s all\u00e1 de la discusi\u00f3n epistemol\u00f3gica\",\"isPartOf\":{\"@id\":\"https:\/\/www.pressenza.com\/es\/#website\"},\"primaryImageOfPage\":{\"@id\":\"https:\/\/www.pressenza.com\/es\/2016\/04\/debate-fondecyt-mas-alla-la-discusion-epistemologica\/#primaryimage\"},\"image\":{\"@id\":\"https:\/\/www.pressenza.com\/es\/2016\/04\/debate-fondecyt-mas-alla-la-discusion-epistemologica\/#primaryimage\"},\"thumbnailUrl\":\"https:\/\/www.pressenza.com\/wp-content\/uploads\/2016\/04\/bachelet-ciencia_816x544.jpg\",\"datePublished\":\"2016-04-08T17:27:38+00:00\",\"dateModified\":\"2016-04-08T17:28:57+00:00\",\"description\":\"Por Marcelo Rioseco y V\u00edctor San Mart\u00edn A mediados de marzo, Alberto Mayol y Javiera Araya publicaron en Chile un estudio llamado \\\"\u00bfTienen los concursos\",\"breadcrumb\":{\"@id\":\"https:\/\/www.pressenza.com\/es\/2016\/04\/debate-fondecyt-mas-alla-la-discusion-epistemologica\/#breadcrumb\"},\"inLanguage\":\"es\",\"potentialAction\":[{\"@type\":\"ReadAction\",\"target\":[\"https:\/\/www.pressenza.com\/es\/2016\/04\/debate-fondecyt-mas-alla-la-discusion-epistemologica\/\"]}]},{\"@type\":\"ImageObject\",\"inLanguage\":\"es\",\"@id\":\"https:\/\/www.pressenza.com\/es\/2016\/04\/debate-fondecyt-mas-alla-la-discusion-epistemologica\/#primaryimage\",\"url\":\"https:\/\/www.pressenza.com\/wp-content\/uploads\/2016\/04\/bachelet-ciencia_816x544.jpg\",\"contentUrl\":\"https:\/\/www.pressenza.com\/wp-content\/uploads\/2016\/04\/bachelet-ciencia_816x544.jpg\",\"width\":816,\"height\":544},{\"@type\":\"BreadcrumbList\",\"@id\":\"https:\/\/www.pressenza.com\/es\/2016\/04\/debate-fondecyt-mas-alla-la-discusion-epistemologica\/#breadcrumb\",\"itemListElement\":[{\"@type\":\"ListItem\",\"position\":1,\"name\":\"Accueil\",\"item\":\"https:\/\/www.pressenza.com\/es\/\"},{\"@type\":\"ListItem\",\"position\":2,\"name\":\"El debate sobre Fondecyt: m\u00e1s all\u00e1 de la discusi\u00f3n epistemol\u00f3gica\"}]},{\"@type\":\"WebSite\",\"@id\":\"https:\/\/www.pressenza.com\/es\/#website\",\"url\":\"https:\/\/www.pressenza.com\/es\/\",\"name\":\"Pressenza\",\"description\":\"International Press Agency\",\"publisher\":{\"@id\":\"https:\/\/www.pressenza.com\/es\/#organization\"},\"potentialAction\":[{\"@type\":\"SearchAction\",\"target\":{\"@type\":\"EntryPoint\",\"urlTemplate\":\"https:\/\/www.pressenza.com\/es\/?s={search_term_string}\"},\"query-input\":{\"@type\":\"PropertyValueSpecification\",\"valueRequired\":true,\"valueName\":\"search_term_string\"}}],\"inLanguage\":\"es\"},{\"@type\":\"Organization\",\"@id\":\"https:\/\/www.pressenza.com\/es\/#organization\",\"name\":\"Pressenza\",\"url\":\"https:\/\/www.pressenza.com\/es\/\",\"logo\":{\"@type\":\"ImageObject\",\"inLanguage\":\"es\",\"@id\":\"https:\/\/www.pressenza.com\/es\/#\/schema\/logo\/image\/\",\"url\":\"https:\/\/www.pressenza.com\/wp-content\/uploads\/2022\/10\/pressenza_logo_200x200.jpg\",\"contentUrl\":\"https:\/\/www.pressenza.com\/wp-content\/uploads\/2022\/10\/pressenza_logo_200x200.jpg\",\"width\":200,\"height\":200,\"caption\":\"Pressenza\"},\"image\":{\"@id\":\"https:\/\/www.pressenza.com\/es\/#\/schema\/logo\/image\/\"},\"sameAs\":[\"https:\/\/www.facebook.com\/PressenzaItalia\",\"https:\/\/x.com\/PressenzaIPA\"]},{\"@type\":\"Person\",\"@id\":\"https:\/\/www.pressenza.com\/es\/#\/schema\/person\/d7db40df35d6698ba69ba9ee260944ed\",\"name\":\"Redacci\u00f3n Chile\",\"description\":\"News from the Pressenza Bureau in Chile\",\"sameAs\":[\"https:\/\/www.facebook.com\/pressenza\",\"https:\/\/x.com\/pressenza\"],\"url\":\"https:\/\/www.pressenza.com\/es\/author\/redaccion-chile\/\"}]}<\/script>\n<!-- \/ Yoast SEO plugin. -->","yoast_head_json":{"title":"El debate sobre Fondecyt: m\u00e1s all\u00e1 de la discusi\u00f3n epistemol\u00f3gica","description":"Por Marcelo Rioseco y V\u00edctor San Mart\u00edn A mediados de marzo, Alberto Mayol y Javiera Araya publicaron en Chile un estudio llamado \"\u00bfTienen los concursos","robots":{"index":"index","follow":"follow","max-snippet":"max-snippet:-1","max-image-preview":"max-image-preview:large","max-video-preview":"max-video-preview:-1"},"canonical":"https:\/\/www.pressenza.com\/es\/2016\/04\/debate-fondecyt-mas-alla-la-discusion-epistemologica\/","og_locale":"es_ES","og_type":"article","og_title":"El debate sobre Fondecyt: m\u00e1s all\u00e1 de la discusi\u00f3n epistemol\u00f3gica","og_description":"Por Marcelo Rioseco y V\u00edctor San Mart\u00edn A mediados de marzo, Alberto Mayol y Javiera Araya publicaron en Chile un estudio llamado \"\u00bfTienen los concursos","og_url":"https:\/\/www.pressenza.com\/es\/2016\/04\/debate-fondecyt-mas-alla-la-discusion-epistemologica\/","og_site_name":"Pressenza","article_publisher":"https:\/\/www.facebook.com\/PressenzaItalia","article_author":"https:\/\/www.facebook.com\/pressenza","article_published_time":"2016-04-08T17:27:38+00:00","article_modified_time":"2016-04-08T17:28:57+00:00","og_image":[{"width":816,"height":544,"url":"https:\/\/www.pressenza.com\/wp-content\/uploads\/2016\/04\/bachelet-ciencia_816x544.jpg","type":"image\/jpeg"}],"author":"Redacci\u00f3n Chile","twitter_card":"summary_large_image","twitter_creator":"@pressenza","twitter_site":"@PressenzaIPA","twitter_misc":{"Escrito por":"Redacci\u00f3n Chile","Tiempo de lectura":"8 minutos"},"schema":{"@context":"https:\/\/schema.org","@graph":[{"@type":"Article","@id":"https:\/\/www.pressenza.com\/es\/2016\/04\/debate-fondecyt-mas-alla-la-discusion-epistemologica\/#article","isPartOf":{"@id":"https:\/\/www.pressenza.com\/es\/2016\/04\/debate-fondecyt-mas-alla-la-discusion-epistemologica\/"},"author":{"name":"Redacci\u00f3n Chile","@id":"https:\/\/www.pressenza.com\/es\/#\/schema\/person\/d7db40df35d6698ba69ba9ee260944ed"},"headline":"El debate sobre Fondecyt: m\u00e1s all\u00e1 de la discusi\u00f3n epistemol\u00f3gica","datePublished":"2016-04-08T17:27:38+00:00","dateModified":"2016-04-08T17:28:57+00:00","mainEntityOfPage":{"@id":"https:\/\/www.pressenza.com\/es\/2016\/04\/debate-fondecyt-mas-alla-la-discusion-epistemologica\/"},"wordCount":1552,"publisher":{"@id":"https:\/\/www.pressenza.com\/es\/#organization"},"image":{"@id":"https:\/\/www.pressenza.com\/es\/2016\/04\/debate-fondecyt-mas-alla-la-discusion-epistemologica\/#primaryimage"},"thumbnailUrl":"https:\/\/www.pressenza.com\/wp-content\/uploads\/2016\/04\/bachelet-ciencia_816x544.jpg","keywords":["Fondecyt","Investigaci\u00f3n Cient\u00edfica"],"articleSection":["Ciencia y Tecnolog\u00eda","Opiniones","Sudam\u00e9rica"],"inLanguage":"es"},{"@type":"WebPage","@id":"https:\/\/www.pressenza.com\/es\/2016\/04\/debate-fondecyt-mas-alla-la-discusion-epistemologica\/","url":"https:\/\/www.pressenza.com\/es\/2016\/04\/debate-fondecyt-mas-alla-la-discusion-epistemologica\/","name":"El debate sobre Fondecyt: m\u00e1s all\u00e1 de la discusi\u00f3n epistemol\u00f3gica","isPartOf":{"@id":"https:\/\/www.pressenza.com\/es\/#website"},"primaryImageOfPage":{"@id":"https:\/\/www.pressenza.com\/es\/2016\/04\/debate-fondecyt-mas-alla-la-discusion-epistemologica\/#primaryimage"},"image":{"@id":"https:\/\/www.pressenza.com\/es\/2016\/04\/debate-fondecyt-mas-alla-la-discusion-epistemologica\/#primaryimage"},"thumbnailUrl":"https:\/\/www.pressenza.com\/wp-content\/uploads\/2016\/04\/bachelet-ciencia_816x544.jpg","datePublished":"2016-04-08T17:27:38+00:00","dateModified":"2016-04-08T17:28:57+00:00","description":"Por Marcelo Rioseco y V\u00edctor San Mart\u00edn A mediados de marzo, Alberto Mayol y Javiera Araya publicaron en Chile un estudio llamado \"\u00bfTienen los concursos","breadcrumb":{"@id":"https:\/\/www.pressenza.com\/es\/2016\/04\/debate-fondecyt-mas-alla-la-discusion-epistemologica\/#breadcrumb"},"inLanguage":"es","potentialAction":[{"@type":"ReadAction","target":["https:\/\/www.pressenza.com\/es\/2016\/04\/debate-fondecyt-mas-alla-la-discusion-epistemologica\/"]}]},{"@type":"ImageObject","inLanguage":"es","@id":"https:\/\/www.pressenza.com\/es\/2016\/04\/debate-fondecyt-mas-alla-la-discusion-epistemologica\/#primaryimage","url":"https:\/\/www.pressenza.com\/wp-content\/uploads\/2016\/04\/bachelet-ciencia_816x544.jpg","contentUrl":"https:\/\/www.pressenza.com\/wp-content\/uploads\/2016\/04\/bachelet-ciencia_816x544.jpg","width":816,"height":544},{"@type":"BreadcrumbList","@id":"https:\/\/www.pressenza.com\/es\/2016\/04\/debate-fondecyt-mas-alla-la-discusion-epistemologica\/#breadcrumb","itemListElement":[{"@type":"ListItem","position":1,"name":"Accueil","item":"https:\/\/www.pressenza.com\/es\/"},{"@type":"ListItem","position":2,"name":"El debate sobre Fondecyt: m\u00e1s all\u00e1 de la discusi\u00f3n epistemol\u00f3gica"}]},{"@type":"WebSite","@id":"https:\/\/www.pressenza.com\/es\/#website","url":"https:\/\/www.pressenza.com\/es\/","name":"Pressenza","description":"International Press Agency","publisher":{"@id":"https:\/\/www.pressenza.com\/es\/#organization"},"potentialAction":[{"@type":"SearchAction","target":{"@type":"EntryPoint","urlTemplate":"https:\/\/www.pressenza.com\/es\/?s={search_term_string}"},"query-input":{"@type":"PropertyValueSpecification","valueRequired":true,"valueName":"search_term_string"}}],"inLanguage":"es"},{"@type":"Organization","@id":"https:\/\/www.pressenza.com\/es\/#organization","name":"Pressenza","url":"https:\/\/www.pressenza.com\/es\/","logo":{"@type":"ImageObject","inLanguage":"es","@id":"https:\/\/www.pressenza.com\/es\/#\/schema\/logo\/image\/","url":"https:\/\/www.pressenza.com\/wp-content\/uploads\/2022\/10\/pressenza_logo_200x200.jpg","contentUrl":"https:\/\/www.pressenza.com\/wp-content\/uploads\/2022\/10\/pressenza_logo_200x200.jpg","width":200,"height":200,"caption":"Pressenza"},"image":{"@id":"https:\/\/www.pressenza.com\/es\/#\/schema\/logo\/image\/"},"sameAs":["https:\/\/www.facebook.com\/PressenzaItalia","https:\/\/x.com\/PressenzaIPA"]},{"@type":"Person","@id":"https:\/\/www.pressenza.com\/es\/#\/schema\/person\/d7db40df35d6698ba69ba9ee260944ed","name":"Redacci\u00f3n Chile","description":"News from the Pressenza Bureau in Chile","sameAs":["https:\/\/www.facebook.com\/pressenza","https:\/\/x.com\/pressenza"],"url":"https:\/\/www.pressenza.com\/es\/author\/redaccion-chile\/"}]}},"place":"Santiago de Chile","original_article_url":"http:\/\/www.elmostrador.cl\/noticias\/opinion\/2016\/04\/06\/el-debate-sobre-fondecyt-mas-alla-de-la-discusion-epistemologica\/","_links":{"self":[{"href":"https:\/\/www.pressenza.com\/es\/wp-json\/wp\/v2\/posts\/300035","targetHints":{"allow":["GET"]}}],"collection":[{"href":"https:\/\/www.pressenza.com\/es\/wp-json\/wp\/v2\/posts"}],"about":[{"href":"https:\/\/www.pressenza.com\/es\/wp-json\/wp\/v2\/types\/post"}],"author":[{"embeddable":true,"href":"https:\/\/www.pressenza.com\/es\/wp-json\/wp\/v2\/users\/43"}],"replies":[{"embeddable":true,"href":"https:\/\/www.pressenza.com\/es\/wp-json\/wp\/v2\/comments?post=300035"}],"version-history":[{"count":0,"href":"https:\/\/www.pressenza.com\/es\/wp-json\/wp\/v2\/posts\/300035\/revisions"}],"wp:featuredmedia":[{"embeddable":true,"href":"https:\/\/www.pressenza.com\/es\/wp-json\/wp\/v2\/media\/300036"}],"wp:attachment":[{"href":"https:\/\/www.pressenza.com\/es\/wp-json\/wp\/v2\/media?parent=300035"}],"wp:term":[{"taxonomy":"category","embeddable":true,"href":"https:\/\/www.pressenza.com\/es\/wp-json\/wp\/v2\/categories?post=300035"},{"taxonomy":"post_tag","embeddable":true,"href":"https:\/\/www.pressenza.com\/es\/wp-json\/wp\/v2\/tags?post=300035"}],"curies":[{"name":"wp","href":"https:\/\/api.w.org\/{rel}","templated":true}]}}