{"id":297388,"date":"2016-04-03T15:20:21","date_gmt":"2016-04-03T14:20:21","guid":{"rendered":"http:\/\/www.pressenza.com\/es\/?p=297388"},"modified":"2016-04-03T15:20:21","modified_gmt":"2016-04-03T14:20:21","slug":"campamentos-dignidad-acampan-indefinidamente-frente-la-casa-del-presidente-merida","status":"publish","type":"post","link":"https:\/\/www.pressenza.com\/es\/2016\/04\/campamentos-dignidad-acampan-indefinidamente-frente-la-casa-del-presidente-merida\/","title":{"rendered":"Campamentos Dignidad acampan indefinidamente frente a la Casa del Presidente en M\u00e9rida"},"content":{"rendered":"<div class=\"subtitle bkn mce sk2\">\n<ul>\n<li>Los activistas consideran que la promesas sobre la renta b\u00e1sica y pobreza energ\u00e9tica no se han cumplido<\/li>\n<li>Se han sumado a la protesta la Red de Solidaridad Popular de C\u00e1ceres y otros movimientos sociales<\/li>\n<\/ul>\n<p class=\"mce\">Afirman que la situaci\u00f3n de paro, pobreza y precariedad no solo contin\u00faan, sino que adem\u00e1s se han agravado.<\/p>\n<p class=\"mce\">Los <strong class=\"mce\"> Campamentos Dignidad de Extremadura<\/strong> han acampado de manera indefinida frente a la Casa del Presidente para denunciar el \u00abincumplimiento\u00bb del Gobierno regional en materia de vivienda y econom\u00eda social. Se han sumado a la protesta la <strong class=\"mce\"> Red de Solidaridad Popular de C\u00e1ceres y otros movimientos sociales.<\/strong><\/p>\n<p class=\"mce\">Dicen que desde que se reunieran con Fern\u00e1ndez Vara en julio de 2015, las gestiones sobre la renta b\u00e1sica de inserci\u00f3n y la pobreza energ\u00e9tica no se han cumplido tal y como se prometi\u00f3.<\/p>\n<div class=\"inset cf width643\">\n<div class=\"media-holder\">\n<div class=\"mg \"><img loading=\"lazy\" decoding=\"async\" src=\"http:\/\/images.eldiario.es\/eldiarioex\/sociedad\/activistas-mantienen-protesta-indefinida-JCD_EDIIMA20160331_0205_19.jpg\" alt=\"De momento los activistas mantienen la protesta de manera indefinida \/ JCD\" width=\"643\" height=\"318\" \/><\/div>\n<div class=\"caption-inside\">\n<h6><em>De momento los activistas mantienen la protesta de manera indefinida \/ JCD<\/em><\/h6>\n<\/div>\n<\/div>\n<\/div>\n<p class=\"mce\">En torno a la <strong class=\"mce\"> renta b\u00e1sica<\/strong> dicen que de los 86 millones de euros que presentaron en la campa\u00f1a electoral, \u00absolo han reflejado en el proyecto de los presupuestos algo m\u00e1s de la mitad\u00bb, mientras que en el apartado de la <strong class=\"mce\"> pobreza energ\u00e9tica,<\/strong> de los 12 millones indicados al principio \u00absolo han destinado 5 millones\u00bb, aparte de no retribuir la ayuda solicitada por las familias.<\/p>\n<p class=\"mce\">Otra de las cuestiones que reclaman son <strong class=\"mce\"> planes de empleo. <\/strong>A juicio de los activistas la Junta \u201csigue con la misma pol\u00edtica del gobierno anterior, regateando los fondos que transfiere a los ayuntamientos y provocando en muchos casos una diferencia salarial con otros trabajadores que realizan las mismas funciones\u201d. Exigen que se destinen al menos otros 86 millones de euros para garantizar un mayor n\u00famero de contratos de empleo p\u00fablico de calidad.<br class=\"mce\" \/> <br class=\"mce\" \/> En materia de<strong class=\"mce\"> vivienda<\/strong> piden la puesta en marcha de las ayudas al alquiler en el Plan Estatal de Vivienda y un <strong class=\"mce\"> acuerdo entre la Junta y la SAREB para la cesi\u00f3n de inmuebles vac\u00edos<\/strong> a familias en situaci\u00f3n de emergencia social. \u201c\u00danicamente han conseguido 45 viviendas, cuando centenares las que deber\u00edan reclamarse. Por \u00faltimo, reclamamos que la Junta intervenga en la terminaci\u00f3n y adecuaci\u00f3n de bloques vac\u00edos o inacabados, para ponerlos a disposici\u00f3n de las familias\u201d.<\/p>\n<div class=\"inset cf width643\">\n<div class=\"media-holder\">\n<div class=\"mg \"><img loading=\"lazy\" decoding=\"async\" src=\"http:\/\/images.eldiario.es\/eldiarioex\/sociedad\/Afirman-situacion-precariedad-continuan-JCD_EDIIMA20160331_0206_19.jpg\" alt=\"Afirman que la situaci\u00f3n de paro, pobreza y precariedad no solo contin\u00faan, sino que adem\u00e1s se han agravado \/ JCD\" width=\"643\" height=\"330\" \/><\/div>\n<div class=\"caption-inside\">\n<h6><em>Afirman que la situaci\u00f3n de paro, pobreza y precariedad no solo contin\u00faan, sino que adem\u00e1s se han agravado \/ JCD<\/em><\/h6>\n<\/div>\n<\/div>\n<\/div>\n<div class=\"cutting\">\n<div class=\"cutting-wrapper\">\n<h3 class=\"cutting-title\">Apoyo al sindicalista Andr\u00e9s B\u00f3dalo<\/h3>\n<p>Por otro lado los movimientos acampados han mostrado su <strong>repulsa y condena por el encarcelamiento de Andr\u00e9s B\u00f3dalo, jornalero militante del SAT.<\/strong> El concejal de Ja\u00e9n en Com\u00fan fue arrestado en la ma\u00f1ana de este mi\u00e9rcoles despu\u00e9s de negarse a su ingreso voluntario en la c\u00e1rcel, condenado a tres a\u00f1os y medio por haber agredido en 2012 a un edil el PSOE en el transcurso de unas protestas en J\u00f3dar.<\/p>\n<p>Para los movimientos extreme\u00f1os el delito de este activista \u201cha sido reclamar los derechos sociales, el pan, el trabajo y la dignidad\u201d. \u201cEste acto de represi\u00f3n se suma a una larga lista de represaliados por los mismos motivos. Es urgente poner fin a esta pol\u00edtica de criminalizaci\u00f3n de la protesta social\u201d.<\/p>\n<\/div>\n<\/div>\n<\/div>\n","protected":false},"excerpt":{"rendered":"<p>Los activistas consideran que la promesas sobre la renta b\u00e1sica y pobreza energ\u00e9tica no se han cumplido Se han sumado a la protesta la Red de Solidaridad Popular de C\u00e1ceres y otros movimientos sociales Afirman que la situaci\u00f3n de paro,&hellip;<\/p>\n","protected":false},"author":1170,"featured_media":297389,"comment_status":"closed","ping_status":"closed","sticky":false,"template":"","format":"standard","meta":{"footnotes":""},"categories":[79,78,66],"tags":[25515,25514,18826,816,11929,1389],"class_list":["post-297388","post","type-post","status-publish","format-standard","has-post-thumbnail","hentry","category-derechos-humanos","category-medio-ambiente-ecologia","category-europa-es","tag-andres-bodalo","tag-campamentos-dignidad-extremadura","tag-exclusion-social","tag-pobreza-es","tag-renta-basica-universal","tag-vivienda"],"yoast_head":"<!-- This site is optimized with the Yoast SEO plugin v27.1.1 - https:\/\/yoast.com\/product\/yoast-seo-wordpress\/ -->\n<title>Campamentos Dignidad acampan indefinidamente frente a la Casa del Presidente en M\u00e9rida<\/title>\n<meta name=\"description\" content=\"Los activistas consideran que la promesas sobre la renta b\u00e1sica y pobreza energ\u00e9tica no se han cumplido Se han sumado a la protesta la Red de Solidaridad\" \/>\n<meta name=\"robots\" content=\"index, follow, max-snippet:-1, max-image-preview:large, max-video-preview:-1\" \/>\n<link rel=\"canonical\" href=\"https:\/\/www.pressenza.com\/es\/2016\/04\/campamentos-dignidad-acampan-indefinidamente-frente-la-casa-del-presidente-merida\/\" \/>\n<meta property=\"og:locale\" content=\"es_ES\" \/>\n<meta property=\"og:type\" content=\"article\" \/>\n<meta property=\"og:title\" content=\"Campamentos Dignidad acampan indefinidamente frente a la Casa del Presidente en M\u00e9rida\" \/>\n<meta property=\"og:description\" content=\"Los activistas consideran que la promesas sobre la renta b\u00e1sica y pobreza energ\u00e9tica no se han cumplido Se han sumado a la protesta la Red de Solidaridad\" \/>\n<meta property=\"og:url\" content=\"https:\/\/www.pressenza.com\/es\/2016\/04\/campamentos-dignidad-acampan-indefinidamente-frente-la-casa-del-presidente-merida\/\" \/>\n<meta property=\"og:site_name\" content=\"Pressenza\" \/>\n<meta property=\"article:publisher\" content=\"https:\/\/www.facebook.com\/PressenzaItalia\" \/>\n<meta property=\"article:published_time\" content=\"2016-04-03T14:20:21+00:00\" \/>\n<meta property=\"og:image\" content=\"https:\/\/www.pressenza.com\/wp-content\/uploads\/2016\/04\/Campamentos-Dignidad-Protesta-residencia-Presidente-Juna-JCD_.jpg\" \/>\n\t<meta property=\"og:image:width\" content=\"643\" \/>\n\t<meta property=\"og:image:height\" content=\"362\" \/>\n\t<meta property=\"og:image:type\" content=\"image\/jpeg\" \/>\n<meta name=\"author\" content=\"eldiario.es\" \/>\n<meta name=\"twitter:card\" content=\"summary_large_image\" \/>\n<meta name=\"twitter:creator\" content=\"@PressenzaIPA\" \/>\n<meta name=\"twitter:site\" content=\"@PressenzaIPA\" \/>\n<meta name=\"twitter:label1\" content=\"Escrito por\" \/>\n\t<meta name=\"twitter:data1\" content=\"eldiario.es\" \/>\n\t<meta name=\"twitter:label2\" content=\"Tiempo de lectura\" \/>\n\t<meta name=\"twitter:data2\" content=\"3 minutos\" \/>\n<script type=\"application\/ld+json\" class=\"yoast-schema-graph\">{\"@context\":\"https:\/\/schema.org\",\"@graph\":[{\"@type\":\"Article\",\"@id\":\"https:\/\/www.pressenza.com\/es\/2016\/04\/campamentos-dignidad-acampan-indefinidamente-frente-la-casa-del-presidente-merida\/#article\",\"isPartOf\":{\"@id\":\"https:\/\/www.pressenza.com\/es\/2016\/04\/campamentos-dignidad-acampan-indefinidamente-frente-la-casa-del-presidente-merida\/\"},\"author\":{\"name\":\"eldiario.es\",\"@id\":\"https:\/\/www.pressenza.com\/es\/#\/schema\/person\/35221cfd7eeca947b184bfc91172e541\"},\"headline\":\"Campamentos Dignidad acampan indefinidamente frente a la Casa del Presidente en M\u00e9rida\",\"datePublished\":\"2016-04-03T14:20:21+00:00\",\"mainEntityOfPage\":{\"@id\":\"https:\/\/www.pressenza.com\/es\/2016\/04\/campamentos-dignidad-acampan-indefinidamente-frente-la-casa-del-presidente-merida\/\"},\"wordCount\":555,\"publisher\":{\"@id\":\"https:\/\/www.pressenza.com\/es\/#organization\"},\"image\":{\"@id\":\"https:\/\/www.pressenza.com\/es\/2016\/04\/campamentos-dignidad-acampan-indefinidamente-frente-la-casa-del-presidente-merida\/#primaryimage\"},\"thumbnailUrl\":\"https:\/\/www.pressenza.com\/wp-content\/uploads\/2016\/04\/Campamentos-Dignidad-Protesta-residencia-Presidente-Juna-JCD_.jpg\",\"keywords\":[\"Andr\u00e9s B\u00f3dalo\",\"Campamentos Dignidad Extremadura\",\"exclusi\u00f3n social\",\"Pobreza\",\"Renta B\u00e1sica Universal\",\"vivienda\"],\"articleSection\":[\"Derechos Humanos\",\"Ecolog\u00eda y Medio Ambiente\",\"Europa\"],\"inLanguage\":\"es\"},{\"@type\":\"WebPage\",\"@id\":\"https:\/\/www.pressenza.com\/es\/2016\/04\/campamentos-dignidad-acampan-indefinidamente-frente-la-casa-del-presidente-merida\/\",\"url\":\"https:\/\/www.pressenza.com\/es\/2016\/04\/campamentos-dignidad-acampan-indefinidamente-frente-la-casa-del-presidente-merida\/\",\"name\":\"Campamentos Dignidad acampan indefinidamente frente a la Casa del Presidente en M\u00e9rida\",\"isPartOf\":{\"@id\":\"https:\/\/www.pressenza.com\/es\/#website\"},\"primaryImageOfPage\":{\"@id\":\"https:\/\/www.pressenza.com\/es\/2016\/04\/campamentos-dignidad-acampan-indefinidamente-frente-la-casa-del-presidente-merida\/#primaryimage\"},\"image\":{\"@id\":\"https:\/\/www.pressenza.com\/es\/2016\/04\/campamentos-dignidad-acampan-indefinidamente-frente-la-casa-del-presidente-merida\/#primaryimage\"},\"thumbnailUrl\":\"https:\/\/www.pressenza.com\/wp-content\/uploads\/2016\/04\/Campamentos-Dignidad-Protesta-residencia-Presidente-Juna-JCD_.jpg\",\"datePublished\":\"2016-04-03T14:20:21+00:00\",\"description\":\"Los activistas consideran que la promesas sobre la renta b\u00e1sica y pobreza energ\u00e9tica no se han cumplido Se han sumado a la protesta la Red de Solidaridad\",\"breadcrumb\":{\"@id\":\"https:\/\/www.pressenza.com\/es\/2016\/04\/campamentos-dignidad-acampan-indefinidamente-frente-la-casa-del-presidente-merida\/#breadcrumb\"},\"inLanguage\":\"es\",\"potentialAction\":[{\"@type\":\"ReadAction\",\"target\":[\"https:\/\/www.pressenza.com\/es\/2016\/04\/campamentos-dignidad-acampan-indefinidamente-frente-la-casa-del-presidente-merida\/\"]}]},{\"@type\":\"ImageObject\",\"inLanguage\":\"es\",\"@id\":\"https:\/\/www.pressenza.com\/es\/2016\/04\/campamentos-dignidad-acampan-indefinidamente-frente-la-casa-del-presidente-merida\/#primaryimage\",\"url\":\"https:\/\/www.pressenza.com\/wp-content\/uploads\/2016\/04\/Campamentos-Dignidad-Protesta-residencia-Presidente-Juna-JCD_.jpg\",\"contentUrl\":\"https:\/\/www.pressenza.com\/wp-content\/uploads\/2016\/04\/Campamentos-Dignidad-Protesta-residencia-Presidente-Juna-JCD_.jpg\",\"width\":643,\"height\":362},{\"@type\":\"BreadcrumbList\",\"@id\":\"https:\/\/www.pressenza.com\/es\/2016\/04\/campamentos-dignidad-acampan-indefinidamente-frente-la-casa-del-presidente-merida\/#breadcrumb\",\"itemListElement\":[{\"@type\":\"ListItem\",\"position\":1,\"name\":\"Accueil\",\"item\":\"https:\/\/www.pressenza.com\/es\/\"},{\"@type\":\"ListItem\",\"position\":2,\"name\":\"Campamentos Dignidad acampan indefinidamente frente a la Casa del Presidente en M\u00e9rida\"}]},{\"@type\":\"WebSite\",\"@id\":\"https:\/\/www.pressenza.com\/es\/#website\",\"url\":\"https:\/\/www.pressenza.com\/es\/\",\"name\":\"Pressenza\",\"description\":\"International Press Agency\",\"publisher\":{\"@id\":\"https:\/\/www.pressenza.com\/es\/#organization\"},\"potentialAction\":[{\"@type\":\"SearchAction\",\"target\":{\"@type\":\"EntryPoint\",\"urlTemplate\":\"https:\/\/www.pressenza.com\/es\/?s={search_term_string}\"},\"query-input\":{\"@type\":\"PropertyValueSpecification\",\"valueRequired\":true,\"valueName\":\"search_term_string\"}}],\"inLanguage\":\"es\"},{\"@type\":\"Organization\",\"@id\":\"https:\/\/www.pressenza.com\/es\/#organization\",\"name\":\"Pressenza\",\"url\":\"https:\/\/www.pressenza.com\/es\/\",\"logo\":{\"@type\":\"ImageObject\",\"inLanguage\":\"es\",\"@id\":\"https:\/\/www.pressenza.com\/es\/#\/schema\/logo\/image\/\",\"url\":\"https:\/\/www.pressenza.com\/wp-content\/uploads\/2022\/10\/pressenza_logo_200x200.jpg\",\"contentUrl\":\"https:\/\/www.pressenza.com\/wp-content\/uploads\/2022\/10\/pressenza_logo_200x200.jpg\",\"width\":200,\"height\":200,\"caption\":\"Pressenza\"},\"image\":{\"@id\":\"https:\/\/www.pressenza.com\/es\/#\/schema\/logo\/image\/\"},\"sameAs\":[\"https:\/\/www.facebook.com\/PressenzaItalia\",\"https:\/\/x.com\/PressenzaIPA\"]},{\"@type\":\"Person\",\"@id\":\"https:\/\/www.pressenza.com\/es\/#\/schema\/person\/35221cfd7eeca947b184bfc91172e541\",\"name\":\"eldiario.es\",\"description\":\"eldiario.es is a new digital media with information and analysis focussing on politics and economics in its broadest sense: what affects people more than parties or markets. eldiario.es\",\"url\":\"https:\/\/www.pressenza.com\/es\/author\/eldiario-es\/\"}]}<\/script>\n<!-- \/ Yoast SEO plugin. -->","yoast_head_json":{"title":"Campamentos Dignidad acampan indefinidamente frente a la Casa del Presidente en M\u00e9rida","description":"Los activistas consideran que la promesas sobre la renta b\u00e1sica y pobreza energ\u00e9tica no se han cumplido Se han sumado a la protesta la Red de Solidaridad","robots":{"index":"index","follow":"follow","max-snippet":"max-snippet:-1","max-image-preview":"max-image-preview:large","max-video-preview":"max-video-preview:-1"},"canonical":"https:\/\/www.pressenza.com\/es\/2016\/04\/campamentos-dignidad-acampan-indefinidamente-frente-la-casa-del-presidente-merida\/","og_locale":"es_ES","og_type":"article","og_title":"Campamentos Dignidad acampan indefinidamente frente a la Casa del Presidente en M\u00e9rida","og_description":"Los activistas consideran que la promesas sobre la renta b\u00e1sica y pobreza energ\u00e9tica no se han cumplido Se han sumado a la protesta la Red de Solidaridad","og_url":"https:\/\/www.pressenza.com\/es\/2016\/04\/campamentos-dignidad-acampan-indefinidamente-frente-la-casa-del-presidente-merida\/","og_site_name":"Pressenza","article_publisher":"https:\/\/www.facebook.com\/PressenzaItalia","article_published_time":"2016-04-03T14:20:21+00:00","og_image":[{"width":643,"height":362,"url":"https:\/\/www.pressenza.com\/wp-content\/uploads\/2016\/04\/Campamentos-Dignidad-Protesta-residencia-Presidente-Juna-JCD_.jpg","type":"image\/jpeg"}],"author":"eldiario.es","twitter_card":"summary_large_image","twitter_creator":"@PressenzaIPA","twitter_site":"@PressenzaIPA","twitter_misc":{"Escrito por":"eldiario.es","Tiempo de lectura":"3 minutos"},"schema":{"@context":"https:\/\/schema.org","@graph":[{"@type":"Article","@id":"https:\/\/www.pressenza.com\/es\/2016\/04\/campamentos-dignidad-acampan-indefinidamente-frente-la-casa-del-presidente-merida\/#article","isPartOf":{"@id":"https:\/\/www.pressenza.com\/es\/2016\/04\/campamentos-dignidad-acampan-indefinidamente-frente-la-casa-del-presidente-merida\/"},"author":{"name":"eldiario.es","@id":"https:\/\/www.pressenza.com\/es\/#\/schema\/person\/35221cfd7eeca947b184bfc91172e541"},"headline":"Campamentos Dignidad acampan indefinidamente frente a la Casa del Presidente en M\u00e9rida","datePublished":"2016-04-03T14:20:21+00:00","mainEntityOfPage":{"@id":"https:\/\/www.pressenza.com\/es\/2016\/04\/campamentos-dignidad-acampan-indefinidamente-frente-la-casa-del-presidente-merida\/"},"wordCount":555,"publisher":{"@id":"https:\/\/www.pressenza.com\/es\/#organization"},"image":{"@id":"https:\/\/www.pressenza.com\/es\/2016\/04\/campamentos-dignidad-acampan-indefinidamente-frente-la-casa-del-presidente-merida\/#primaryimage"},"thumbnailUrl":"https:\/\/www.pressenza.com\/wp-content\/uploads\/2016\/04\/Campamentos-Dignidad-Protesta-residencia-Presidente-Juna-JCD_.jpg","keywords":["Andr\u00e9s B\u00f3dalo","Campamentos Dignidad Extremadura","exclusi\u00f3n social","Pobreza","Renta B\u00e1sica Universal","vivienda"],"articleSection":["Derechos Humanos","Ecolog\u00eda y Medio Ambiente","Europa"],"inLanguage":"es"},{"@type":"WebPage","@id":"https:\/\/www.pressenza.com\/es\/2016\/04\/campamentos-dignidad-acampan-indefinidamente-frente-la-casa-del-presidente-merida\/","url":"https:\/\/www.pressenza.com\/es\/2016\/04\/campamentos-dignidad-acampan-indefinidamente-frente-la-casa-del-presidente-merida\/","name":"Campamentos Dignidad acampan indefinidamente frente a la Casa del Presidente en M\u00e9rida","isPartOf":{"@id":"https:\/\/www.pressenza.com\/es\/#website"},"primaryImageOfPage":{"@id":"https:\/\/www.pressenza.com\/es\/2016\/04\/campamentos-dignidad-acampan-indefinidamente-frente-la-casa-del-presidente-merida\/#primaryimage"},"image":{"@id":"https:\/\/www.pressenza.com\/es\/2016\/04\/campamentos-dignidad-acampan-indefinidamente-frente-la-casa-del-presidente-merida\/#primaryimage"},"thumbnailUrl":"https:\/\/www.pressenza.com\/wp-content\/uploads\/2016\/04\/Campamentos-Dignidad-Protesta-residencia-Presidente-Juna-JCD_.jpg","datePublished":"2016-04-03T14:20:21+00:00","description":"Los activistas consideran que la promesas sobre la renta b\u00e1sica y pobreza energ\u00e9tica no se han cumplido Se han sumado a la protesta la Red de Solidaridad","breadcrumb":{"@id":"https:\/\/www.pressenza.com\/es\/2016\/04\/campamentos-dignidad-acampan-indefinidamente-frente-la-casa-del-presidente-merida\/#breadcrumb"},"inLanguage":"es","potentialAction":[{"@type":"ReadAction","target":["https:\/\/www.pressenza.com\/es\/2016\/04\/campamentos-dignidad-acampan-indefinidamente-frente-la-casa-del-presidente-merida\/"]}]},{"@type":"ImageObject","inLanguage":"es","@id":"https:\/\/www.pressenza.com\/es\/2016\/04\/campamentos-dignidad-acampan-indefinidamente-frente-la-casa-del-presidente-merida\/#primaryimage","url":"https:\/\/www.pressenza.com\/wp-content\/uploads\/2016\/04\/Campamentos-Dignidad-Protesta-residencia-Presidente-Juna-JCD_.jpg","contentUrl":"https:\/\/www.pressenza.com\/wp-content\/uploads\/2016\/04\/Campamentos-Dignidad-Protesta-residencia-Presidente-Juna-JCD_.jpg","width":643,"height":362},{"@type":"BreadcrumbList","@id":"https:\/\/www.pressenza.com\/es\/2016\/04\/campamentos-dignidad-acampan-indefinidamente-frente-la-casa-del-presidente-merida\/#breadcrumb","itemListElement":[{"@type":"ListItem","position":1,"name":"Accueil","item":"https:\/\/www.pressenza.com\/es\/"},{"@type":"ListItem","position":2,"name":"Campamentos Dignidad acampan indefinidamente frente a la Casa del Presidente en M\u00e9rida"}]},{"@type":"WebSite","@id":"https:\/\/www.pressenza.com\/es\/#website","url":"https:\/\/www.pressenza.com\/es\/","name":"Pressenza","description":"International Press Agency","publisher":{"@id":"https:\/\/www.pressenza.com\/es\/#organization"},"potentialAction":[{"@type":"SearchAction","target":{"@type":"EntryPoint","urlTemplate":"https:\/\/www.pressenza.com\/es\/?s={search_term_string}"},"query-input":{"@type":"PropertyValueSpecification","valueRequired":true,"valueName":"search_term_string"}}],"inLanguage":"es"},{"@type":"Organization","@id":"https:\/\/www.pressenza.com\/es\/#organization","name":"Pressenza","url":"https:\/\/www.pressenza.com\/es\/","logo":{"@type":"ImageObject","inLanguage":"es","@id":"https:\/\/www.pressenza.com\/es\/#\/schema\/logo\/image\/","url":"https:\/\/www.pressenza.com\/wp-content\/uploads\/2022\/10\/pressenza_logo_200x200.jpg","contentUrl":"https:\/\/www.pressenza.com\/wp-content\/uploads\/2022\/10\/pressenza_logo_200x200.jpg","width":200,"height":200,"caption":"Pressenza"},"image":{"@id":"https:\/\/www.pressenza.com\/es\/#\/schema\/logo\/image\/"},"sameAs":["https:\/\/www.facebook.com\/PressenzaItalia","https:\/\/x.com\/PressenzaIPA"]},{"@type":"Person","@id":"https:\/\/www.pressenza.com\/es\/#\/schema\/person\/35221cfd7eeca947b184bfc91172e541","name":"eldiario.es","description":"eldiario.es is a new digital media with information and analysis focussing on politics and economics in its broadest sense: what affects people more than parties or markets. eldiario.es","url":"https:\/\/www.pressenza.com\/es\/author\/eldiario-es\/"}]}},"place":"M\u00e9rida - Extremadura (Espa\u00f1a)","original_article_url":"http:\/\/www.eldiario.es\/eldiarioex\/sociedad\/Campamentos-Dignidad-Casa-Presidente-Merida_0_500450184.html","_links":{"self":[{"href":"https:\/\/www.pressenza.com\/es\/wp-json\/wp\/v2\/posts\/297388","targetHints":{"allow":["GET"]}}],"collection":[{"href":"https:\/\/www.pressenza.com\/es\/wp-json\/wp\/v2\/posts"}],"about":[{"href":"https:\/\/www.pressenza.com\/es\/wp-json\/wp\/v2\/types\/post"}],"author":[{"embeddable":true,"href":"https:\/\/www.pressenza.com\/es\/wp-json\/wp\/v2\/users\/1170"}],"replies":[{"embeddable":true,"href":"https:\/\/www.pressenza.com\/es\/wp-json\/wp\/v2\/comments?post=297388"}],"version-history":[{"count":0,"href":"https:\/\/www.pressenza.com\/es\/wp-json\/wp\/v2\/posts\/297388\/revisions"}],"wp:featuredmedia":[{"embeddable":true,"href":"https:\/\/www.pressenza.com\/es\/wp-json\/wp\/v2\/media\/297389"}],"wp:attachment":[{"href":"https:\/\/www.pressenza.com\/es\/wp-json\/wp\/v2\/media?parent=297388"}],"wp:term":[{"taxonomy":"category","embeddable":true,"href":"https:\/\/www.pressenza.com\/es\/wp-json\/wp\/v2\/categories?post=297388"},{"taxonomy":"post_tag","embeddable":true,"href":"https:\/\/www.pressenza.com\/es\/wp-json\/wp\/v2\/tags?post=297388"}],"curies":[{"name":"wp","href":"https:\/\/api.w.org\/{rel}","templated":true}]}}