{"id":296156,"date":"2016-03-31T14:28:30","date_gmt":"2016-03-31T13:28:30","guid":{"rendered":"http:\/\/www.pressenza.com\/es\/?p=296156"},"modified":"2019-02-06T19:42:24","modified_gmt":"2019-02-06T19:42:24","slug":"angola-aboga-en-onu-por-mayor-participacion-de-la-mujer","status":"publish","type":"post","link":"https:\/\/www.pressenza.com\/es\/2016\/03\/angola-aboga-en-onu-por-mayor-participacion-de-la-mujer\/","title":{"rendered":"Angola aboga en ONU por mayor participaci\u00f3n de la mujer"},"content":{"rendered":"<p>Angola pedir\u00e1 hoy en el Consejo de Seguridad de las Naciones Unidas una mayor participaci\u00f3n de las mujeres en la prevenci\u00f3n y resoluci\u00f3n de conflictos en el mundo.<\/p>\n<p>El diario Jornal de Angola informa que la ministra angole\u00f1a de la Familia y Promoci\u00f3n de la Mujer, Filomena Delgado, har\u00e1 tal solicitud al intervenir en el Debate Abierto sobre el tema \u00abMujeres, paz y seguridad: su papel en la prevenci\u00f3n y resoluci\u00f3n de conflictos\u00bb, propuesto por Luanda como presidenta del Consejo durante este mes.<\/p>\n<p>La publicaci\u00f3n asegura que Delgado demandar\u00e1 m\u00e1s espacio para las f\u00e9minas en las negociaciones de paz.<\/p>\n<p>\u00abNotamos que cuando mayor es el desarrollo de las mujeres en la prevenci\u00f3n y soluci\u00f3n de conflictos, mejores son los resultados\u00bb, dijo la funcionaria, quien insiste en que las angole\u00f1as pretenden juntar su voz al grito de las africanas que quieren ser vistas como compa\u00f1eras, no como armas de guerra.<\/p>\n<p>En tal sentido, agreg\u00f3, en casos de terrorismo, violaciones sexuales y discriminaci\u00f3n.<\/p>\n<p>Adem\u00e1s de exigir un cambio de actitud de los pa\u00edses, la ministra entiende que el propio Consejo debe ajustar sus pol\u00edticas en pro del refuerzo del papel de las mujeres en el di\u00e1logo y otras iniciativas para la paz mundial.<\/p>\n<p>Con la presencia de mujeres de algunas \u00e1reas en conflicto, como el caso de Burundi, las africanas pretenden aprovechar el debate abierto para presentar sus ideas, en el \u00e1mbito de las reformas en el Consejo de Seguridad de la ONU.<\/p>\n<p>El debate de este lunes le sigue al realizado el d\u00eda 21, a nivel ministerial sobre \u00abMantenimiento de la paz y seguridad internacional: prevenci\u00f3n y resoluci\u00f3n de conflictos en regi\u00f3n de los Grandes Lagos\u00bb, orientado por el canciller angole\u00f1o, Georges Chikoty.<\/p>\n<p>Se program\u00f3 igualmente para ma\u00f1ana una reuni\u00f3n sobre seguridad alimentaria, paz y nutrici\u00f3n, que tendr\u00e1 la participaci\u00f3n del director general de la Organizaci\u00f3n de las Naciones Unidas para la Alimentaci\u00f3n y la Agricultura (FAO), Jos\u00e9 Graziano da Silva.<\/p>\n<p>Angola, que cumple el segundo y \u00faltimo a\u00f1o de su mandato como miembro no permanente del Consejo de Seguridad, preside el Grupo de Trabajo Ah-Hoc sobre prevenci\u00f3n y resoluci\u00f3n de conflictos en \u00c1frica.<\/p>\n","protected":false},"excerpt":{"rendered":"<p>Angola pedir\u00e1 hoy en el Consejo de Seguridad de las Naciones Unidas una mayor participaci\u00f3n de las mujeres en la prevenci\u00f3n y resoluci\u00f3n de conflictos en el mundo. El diario Jornal de Angola informa que la ministra angole\u00f1a de la&hellip;<\/p>\n","protected":false},"author":90,"featured_media":0,"comment_status":"closed","ping_status":"closed","sticky":false,"template":"","format":"standard","meta":{"footnotes":""},"categories":[64,1241,54515,1243],"tags":[25413,1025,649],"class_list":["post-296156","post","type-post","status-publish","format-standard","hentry","category-africa-es","category-diversidad","category-genero-y-feminismos","category-paz-desarme","tag-filomena-delgado","tag-mujeres","tag-naciones-unidas"],"yoast_head":"<!-- This site is optimized with the Yoast SEO plugin v27.1.1 - https:\/\/yoast.com\/product\/yoast-seo-wordpress\/ -->\n<title>Angola aboga en ONU por mayor participaci\u00f3n de la mujer<\/title>\n<meta name=\"description\" content=\"Angola pedir\u00e1 hoy en el Consejo de Seguridad de las Naciones Unidas una mayor participaci\u00f3n de las mujeres en la prevenci\u00f3n y resoluci\u00f3n de conflictos en\" \/>\n<meta name=\"robots\" content=\"index, follow, max-snippet:-1, max-image-preview:large, max-video-preview:-1\" \/>\n<link rel=\"canonical\" href=\"https:\/\/www.pressenza.com\/es\/2016\/03\/angola-aboga-en-onu-por-mayor-participacion-de-la-mujer\/\" \/>\n<meta property=\"og:locale\" content=\"es_ES\" \/>\n<meta property=\"og:type\" content=\"article\" \/>\n<meta property=\"og:title\" content=\"Angola aboga en ONU por mayor participaci\u00f3n de la mujer\" \/>\n<meta property=\"og:description\" content=\"Angola pedir\u00e1 hoy en el Consejo de Seguridad de las Naciones Unidas una mayor participaci\u00f3n de las mujeres en la prevenci\u00f3n y resoluci\u00f3n de conflictos en\" \/>\n<meta property=\"og:url\" content=\"https:\/\/www.pressenza.com\/es\/2016\/03\/angola-aboga-en-onu-por-mayor-participacion-de-la-mujer\/\" \/>\n<meta property=\"og:site_name\" content=\"Pressenza\" \/>\n<meta property=\"article:publisher\" content=\"https:\/\/www.facebook.com\/PressenzaItalia\" \/>\n<meta property=\"article:author\" content=\"https:\/\/www.facebook.com\/AgenciaPrensaLatina\" \/>\n<meta property=\"article:published_time\" content=\"2016-03-31T13:28:30+00:00\" \/>\n<meta property=\"article:modified_time\" content=\"2019-02-06T19:42:24+00:00\" \/>\n<meta name=\"author\" content=\"Prensa Latina\" \/>\n<meta name=\"twitter:card\" content=\"summary_large_image\" \/>\n<meta name=\"twitter:creator\" content=\"@prensalatina_cu\" \/>\n<meta name=\"twitter:site\" content=\"@PressenzaIPA\" \/>\n<meta name=\"twitter:label1\" content=\"Escrito por\" \/>\n\t<meta name=\"twitter:data1\" content=\"Prensa Latina\" \/>\n\t<meta name=\"twitter:label2\" content=\"Tiempo de lectura\" \/>\n\t<meta name=\"twitter:data2\" content=\"2 minutos\" \/>\n<script type=\"application\/ld+json\" class=\"yoast-schema-graph\">{\"@context\":\"https:\/\/schema.org\",\"@graph\":[{\"@type\":\"Article\",\"@id\":\"https:\/\/www.pressenza.com\/es\/2016\/03\/angola-aboga-en-onu-por-mayor-participacion-de-la-mujer\/#article\",\"isPartOf\":{\"@id\":\"https:\/\/www.pressenza.com\/es\/2016\/03\/angola-aboga-en-onu-por-mayor-participacion-de-la-mujer\/\"},\"author\":{\"name\":\"Prensa Latina\",\"@id\":\"https:\/\/www.pressenza.com\/es\/#\/schema\/person\/e35c78ffa242d98f4f49ccb18c8631de\"},\"headline\":\"Angola aboga en ONU por mayor participaci\u00f3n de la mujer\",\"datePublished\":\"2016-03-31T13:28:30+00:00\",\"dateModified\":\"2019-02-06T19:42:24+00:00\",\"mainEntityOfPage\":{\"@id\":\"https:\/\/www.pressenza.com\/es\/2016\/03\/angola-aboga-en-onu-por-mayor-participacion-de-la-mujer\/\"},\"wordCount\":396,\"publisher\":{\"@id\":\"https:\/\/www.pressenza.com\/es\/#organization\"},\"keywords\":[\"Filomena Delgado\",\"Mujeres\",\"Naciones Unidas\"],\"articleSection\":[\"Africa\",\"Diversidad\",\"G\u00e9nero y Feminismos\",\"Paz y Desarme\"],\"inLanguage\":\"es\"},{\"@type\":\"WebPage\",\"@id\":\"https:\/\/www.pressenza.com\/es\/2016\/03\/angola-aboga-en-onu-por-mayor-participacion-de-la-mujer\/\",\"url\":\"https:\/\/www.pressenza.com\/es\/2016\/03\/angola-aboga-en-onu-por-mayor-participacion-de-la-mujer\/\",\"name\":\"Angola aboga en ONU por mayor participaci\u00f3n de la mujer\",\"isPartOf\":{\"@id\":\"https:\/\/www.pressenza.com\/es\/#website\"},\"datePublished\":\"2016-03-31T13:28:30+00:00\",\"dateModified\":\"2019-02-06T19:42:24+00:00\",\"description\":\"Angola pedir\u00e1 hoy en el Consejo de Seguridad de las Naciones Unidas una mayor participaci\u00f3n de las mujeres en la prevenci\u00f3n y resoluci\u00f3n de conflictos en\",\"breadcrumb\":{\"@id\":\"https:\/\/www.pressenza.com\/es\/2016\/03\/angola-aboga-en-onu-por-mayor-participacion-de-la-mujer\/#breadcrumb\"},\"inLanguage\":\"es\",\"potentialAction\":[{\"@type\":\"ReadAction\",\"target\":[\"https:\/\/www.pressenza.com\/es\/2016\/03\/angola-aboga-en-onu-por-mayor-participacion-de-la-mujer\/\"]}]},{\"@type\":\"BreadcrumbList\",\"@id\":\"https:\/\/www.pressenza.com\/es\/2016\/03\/angola-aboga-en-onu-por-mayor-participacion-de-la-mujer\/#breadcrumb\",\"itemListElement\":[{\"@type\":\"ListItem\",\"position\":1,\"name\":\"Accueil\",\"item\":\"https:\/\/www.pressenza.com\/es\/\"},{\"@type\":\"ListItem\",\"position\":2,\"name\":\"Angola aboga en ONU por mayor participaci\u00f3n de la mujer\"}]},{\"@type\":\"WebSite\",\"@id\":\"https:\/\/www.pressenza.com\/es\/#website\",\"url\":\"https:\/\/www.pressenza.com\/es\/\",\"name\":\"Pressenza\",\"description\":\"International Press Agency\",\"publisher\":{\"@id\":\"https:\/\/www.pressenza.com\/es\/#organization\"},\"potentialAction\":[{\"@type\":\"SearchAction\",\"target\":{\"@type\":\"EntryPoint\",\"urlTemplate\":\"https:\/\/www.pressenza.com\/es\/?s={search_term_string}\"},\"query-input\":{\"@type\":\"PropertyValueSpecification\",\"valueRequired\":true,\"valueName\":\"search_term_string\"}}],\"inLanguage\":\"es\"},{\"@type\":\"Organization\",\"@id\":\"https:\/\/www.pressenza.com\/es\/#organization\",\"name\":\"Pressenza\",\"url\":\"https:\/\/www.pressenza.com\/es\/\",\"logo\":{\"@type\":\"ImageObject\",\"inLanguage\":\"es\",\"@id\":\"https:\/\/www.pressenza.com\/es\/#\/schema\/logo\/image\/\",\"url\":\"https:\/\/www.pressenza.com\/wp-content\/uploads\/2022\/10\/pressenza_logo_200x200.jpg\",\"contentUrl\":\"https:\/\/www.pressenza.com\/wp-content\/uploads\/2022\/10\/pressenza_logo_200x200.jpg\",\"width\":200,\"height\":200,\"caption\":\"Pressenza\"},\"image\":{\"@id\":\"https:\/\/www.pressenza.com\/es\/#\/schema\/logo\/image\/\"},\"sameAs\":[\"https:\/\/www.facebook.com\/PressenzaItalia\",\"https:\/\/x.com\/PressenzaIPA\"]},{\"@type\":\"Person\",\"@id\":\"https:\/\/www.pressenza.com\/es\/#\/schema\/person\/e35c78ffa242d98f4f49ccb18c8631de\",\"name\":\"Prensa Latina\",\"description\":\"www.prensa-latina.cu\",\"sameAs\":[\"https:\/\/www.facebook.com\/AgenciaPrensaLatina\",\"https:\/\/x.com\/prensalatina_cu\"],\"url\":\"https:\/\/www.pressenza.com\/es\/author\/prensa-latina\/\"}]}<\/script>\n<!-- \/ Yoast SEO plugin. -->","yoast_head_json":{"title":"Angola aboga en ONU por mayor participaci\u00f3n de la mujer","description":"Angola pedir\u00e1 hoy en el Consejo de Seguridad de las Naciones Unidas una mayor participaci\u00f3n de las mujeres en la prevenci\u00f3n y resoluci\u00f3n de conflictos en","robots":{"index":"index","follow":"follow","max-snippet":"max-snippet:-1","max-image-preview":"max-image-preview:large","max-video-preview":"max-video-preview:-1"},"canonical":"https:\/\/www.pressenza.com\/es\/2016\/03\/angola-aboga-en-onu-por-mayor-participacion-de-la-mujer\/","og_locale":"es_ES","og_type":"article","og_title":"Angola aboga en ONU por mayor participaci\u00f3n de la mujer","og_description":"Angola pedir\u00e1 hoy en el Consejo de Seguridad de las Naciones Unidas una mayor participaci\u00f3n de las mujeres en la prevenci\u00f3n y resoluci\u00f3n de conflictos en","og_url":"https:\/\/www.pressenza.com\/es\/2016\/03\/angola-aboga-en-onu-por-mayor-participacion-de-la-mujer\/","og_site_name":"Pressenza","article_publisher":"https:\/\/www.facebook.com\/PressenzaItalia","article_author":"https:\/\/www.facebook.com\/AgenciaPrensaLatina","article_published_time":"2016-03-31T13:28:30+00:00","article_modified_time":"2019-02-06T19:42:24+00:00","author":"Prensa Latina","twitter_card":"summary_large_image","twitter_creator":"@prensalatina_cu","twitter_site":"@PressenzaIPA","twitter_misc":{"Escrito por":"Prensa Latina","Tiempo de lectura":"2 minutos"},"schema":{"@context":"https:\/\/schema.org","@graph":[{"@type":"Article","@id":"https:\/\/www.pressenza.com\/es\/2016\/03\/angola-aboga-en-onu-por-mayor-participacion-de-la-mujer\/#article","isPartOf":{"@id":"https:\/\/www.pressenza.com\/es\/2016\/03\/angola-aboga-en-onu-por-mayor-participacion-de-la-mujer\/"},"author":{"name":"Prensa Latina","@id":"https:\/\/www.pressenza.com\/es\/#\/schema\/person\/e35c78ffa242d98f4f49ccb18c8631de"},"headline":"Angola aboga en ONU por mayor participaci\u00f3n de la mujer","datePublished":"2016-03-31T13:28:30+00:00","dateModified":"2019-02-06T19:42:24+00:00","mainEntityOfPage":{"@id":"https:\/\/www.pressenza.com\/es\/2016\/03\/angola-aboga-en-onu-por-mayor-participacion-de-la-mujer\/"},"wordCount":396,"publisher":{"@id":"https:\/\/www.pressenza.com\/es\/#organization"},"keywords":["Filomena Delgado","Mujeres","Naciones Unidas"],"articleSection":["Africa","Diversidad","G\u00e9nero y Feminismos","Paz y Desarme"],"inLanguage":"es"},{"@type":"WebPage","@id":"https:\/\/www.pressenza.com\/es\/2016\/03\/angola-aboga-en-onu-por-mayor-participacion-de-la-mujer\/","url":"https:\/\/www.pressenza.com\/es\/2016\/03\/angola-aboga-en-onu-por-mayor-participacion-de-la-mujer\/","name":"Angola aboga en ONU por mayor participaci\u00f3n de la mujer","isPartOf":{"@id":"https:\/\/www.pressenza.com\/es\/#website"},"datePublished":"2016-03-31T13:28:30+00:00","dateModified":"2019-02-06T19:42:24+00:00","description":"Angola pedir\u00e1 hoy en el Consejo de Seguridad de las Naciones Unidas una mayor participaci\u00f3n de las mujeres en la prevenci\u00f3n y resoluci\u00f3n de conflictos en","breadcrumb":{"@id":"https:\/\/www.pressenza.com\/es\/2016\/03\/angola-aboga-en-onu-por-mayor-participacion-de-la-mujer\/#breadcrumb"},"inLanguage":"es","potentialAction":[{"@type":"ReadAction","target":["https:\/\/www.pressenza.com\/es\/2016\/03\/angola-aboga-en-onu-por-mayor-participacion-de-la-mujer\/"]}]},{"@type":"BreadcrumbList","@id":"https:\/\/www.pressenza.com\/es\/2016\/03\/angola-aboga-en-onu-por-mayor-participacion-de-la-mujer\/#breadcrumb","itemListElement":[{"@type":"ListItem","position":1,"name":"Accueil","item":"https:\/\/www.pressenza.com\/es\/"},{"@type":"ListItem","position":2,"name":"Angola aboga en ONU por mayor participaci\u00f3n de la mujer"}]},{"@type":"WebSite","@id":"https:\/\/www.pressenza.com\/es\/#website","url":"https:\/\/www.pressenza.com\/es\/","name":"Pressenza","description":"International Press Agency","publisher":{"@id":"https:\/\/www.pressenza.com\/es\/#organization"},"potentialAction":[{"@type":"SearchAction","target":{"@type":"EntryPoint","urlTemplate":"https:\/\/www.pressenza.com\/es\/?s={search_term_string}"},"query-input":{"@type":"PropertyValueSpecification","valueRequired":true,"valueName":"search_term_string"}}],"inLanguage":"es"},{"@type":"Organization","@id":"https:\/\/www.pressenza.com\/es\/#organization","name":"Pressenza","url":"https:\/\/www.pressenza.com\/es\/","logo":{"@type":"ImageObject","inLanguage":"es","@id":"https:\/\/www.pressenza.com\/es\/#\/schema\/logo\/image\/","url":"https:\/\/www.pressenza.com\/wp-content\/uploads\/2022\/10\/pressenza_logo_200x200.jpg","contentUrl":"https:\/\/www.pressenza.com\/wp-content\/uploads\/2022\/10\/pressenza_logo_200x200.jpg","width":200,"height":200,"caption":"Pressenza"},"image":{"@id":"https:\/\/www.pressenza.com\/es\/#\/schema\/logo\/image\/"},"sameAs":["https:\/\/www.facebook.com\/PressenzaItalia","https:\/\/x.com\/PressenzaIPA"]},{"@type":"Person","@id":"https:\/\/www.pressenza.com\/es\/#\/schema\/person\/e35c78ffa242d98f4f49ccb18c8631de","name":"Prensa Latina","description":"www.prensa-latina.cu","sameAs":["https:\/\/www.facebook.com\/AgenciaPrensaLatina","https:\/\/x.com\/prensalatina_cu"],"url":"https:\/\/www.pressenza.com\/es\/author\/prensa-latina\/"}]}},"place":"Luanda, Angola","original_article_url":"http:\/\/www.prensa-latina.cu\/index.php?option=com_content&task=view&idioma=1&id=4734321&Itemid=1","_links":{"self":[{"href":"https:\/\/www.pressenza.com\/es\/wp-json\/wp\/v2\/posts\/296156","targetHints":{"allow":["GET"]}}],"collection":[{"href":"https:\/\/www.pressenza.com\/es\/wp-json\/wp\/v2\/posts"}],"about":[{"href":"https:\/\/www.pressenza.com\/es\/wp-json\/wp\/v2\/types\/post"}],"author":[{"embeddable":true,"href":"https:\/\/www.pressenza.com\/es\/wp-json\/wp\/v2\/users\/90"}],"replies":[{"embeddable":true,"href":"https:\/\/www.pressenza.com\/es\/wp-json\/wp\/v2\/comments?post=296156"}],"version-history":[{"count":0,"href":"https:\/\/www.pressenza.com\/es\/wp-json\/wp\/v2\/posts\/296156\/revisions"}],"wp:attachment":[{"href":"https:\/\/www.pressenza.com\/es\/wp-json\/wp\/v2\/media?parent=296156"}],"wp:term":[{"taxonomy":"category","embeddable":true,"href":"https:\/\/www.pressenza.com\/es\/wp-json\/wp\/v2\/categories?post=296156"},{"taxonomy":"post_tag","embeddable":true,"href":"https:\/\/www.pressenza.com\/es\/wp-json\/wp\/v2\/tags?post=296156"}],"curies":[{"name":"wp","href":"https:\/\/api.w.org\/{rel}","templated":true}]}}