{"id":293473,"date":"2016-03-23T16:48:10","date_gmt":"2016-03-23T16:48:10","guid":{"rendered":"http:\/\/www.pressenza.com\/es\/?p=293473"},"modified":"2016-03-23T16:48:10","modified_gmt":"2016-03-23T16:48:10","slug":"la-bomba-presidente-desconocido","status":"publish","type":"post","link":"https:\/\/www.pressenza.com\/es\/2016\/03\/la-bomba-presidente-desconocido\/","title":{"rendered":"\u00a1La Bomba, el Presidente y el Desconocido!"},"content":{"rendered":"<p style=\"text-align: justify;\"><strong>Por Jean-Marie Collin,\u00a0\u201c<\/strong><a href=\"http:\/\/alternatives-economiques.fr\/blogs\/collin\"><strong>Blog D\u00e9fense et G\u00e9opolitique, Alternatives-Internationales<\/strong><\/a><strong>\u201d<\/strong><\/p>\n<p style=\"text-align: justify;\">El canal p\u00fablico France 5 difundi\u00f3 el martes 22 de marzo, a una hora de alta audiencia, un filme dedicado a la disuasi\u00f3n nuclear francesa, titulado <em>La France, le Pr\u00e9sident et la Bombe\u00a0<\/em>(Francia, el Presidente y la Bomba). Este filme contiene una revelaci\u00f3n sorprendente e inquietante\u00a0\u2013revelada por la organizaci\u00f3n\u00a0<a href=\"http:\/\/www.idn-france.org\/2016\/03\/une-revelation-inquietante\/\">Iniciativas para el Desarme Nuclear*<\/a>\u2013\u00a0que se refiere al caso de impedimento del presidente de la Rep\u00fablica de dar la orden de lanzamiento nuclear.<\/p>\n<p style=\"text-align: justify;\"><strong>El\u00a0<\/strong><a href=\"http:\/\/www.france5.fr\/emission\/la-france-le-president-et-la-bombe\/diffusion-du-22-03-2016-20h45\"><strong>documental<\/strong>\u00a0<\/a>explica, efectivamente (v\u00e9ase a partir del minuto 42 a 43), que en caso de guerra y de impedimento del presidente de la Rep\u00fablica, la orden de lanzamiento nuclear ser\u00eda conferida a un individuo designado en secreto por el Presidente y \u201c<em>sin duda situado en provincia\u201d<\/em>. Esto sin tener en cuenta los procedimientos de trasmisi\u00f3n previstos por la Constituci\u00f3n.<\/p>\n<p style=\"text-align: justify;\"><strong>Desconocido:<\/strong>\u00a0\u00a1Un individuo, mujer u hombre, podr\u00eda verse de la noche a la ma\u00f1ana con la atribuci\u00f3n del poder para darle muerte a millones de personas sin ninguna legitimidad constitucional!<\/p>\n<p style=\"text-align: justify;\">Si esta informaci\u00f3n es exacta, necesita los esclarecimientos y las explicaciones p\u00fablicas del caso. Si es falsa, desacredita un documento destinado a informar a los franceses.<\/p>\n<p style=\"text-align: justify;\">Mientras se insiste en la carga simb\u00f3lica que conlleva la disuasi\u00f3n y sobre la pesada responsabilidad del Presidente en el caso eventual de desatar un apocalipsis nuclear, no podemos m\u00e1s que sorprendernos e indignarnos frente a tanta liviandad y desprecio por la opini\u00f3n y la seguridad de los franceses.<\/p>\n<p style=\"text-align: justify;\">Nuevamente, esto viene a probar que es necesario un verdadero debate abierto sobre la disuasi\u00f3n nuclear francesa\u2026<\/p>\n<p style=\"text-align: justify;\">* Informaci\u00f3n publicada por la organizaci\u00f3n Initiatives pour le D\u00e9sarmement Nucl\u00e9aire (IDN, Iniciativas para el Desarme Nuclear), de la que soy miembro y Vicepresidente (creada con\u00a0<a href=\"http:\/\/paul.quiles.over-blog.com\/\">Paul Quil\u00e8s\u00a0<\/a>ex ministro de Defensa y Bernard Norlain, general de la Fuerza A\u00e9rea)<\/p>\n","protected":false},"excerpt":{"rendered":"<p>Por Jean-Marie Collin,\u00a0\u201cBlog D\u00e9fense et G\u00e9opolitique, Alternatives-Internationales\u201d El canal p\u00fablico France 5 difundi\u00f3 el martes 22 de marzo, a una hora de alta audiencia, un filme dedicado a la disuasi\u00f3n nuclear francesa, titulado La France, le Pr\u00e9sident et la Bombe\u00a0(Francia,&hellip;<\/p>\n","protected":false},"author":1057,"featured_media":292867,"comment_status":"closed","ping_status":"closed","sticky":false,"template":"","format":"standard","meta":{"footnotes":""},"categories":[66,39,161,1243],"tags":[650,1432],"class_list":["post-293473","post","type-post","status-publish","format-standard","has-post-thumbnail","hentry","category-europa-es","category-internacional","category-opiniones","category-paz-desarme","tag-desarme-nuclear","tag-francia"],"yoast_head":"<!-- This site is optimized with the Yoast SEO plugin v27.1.1 - https:\/\/yoast.com\/product\/yoast-seo-wordpress\/ -->\n<title>\u00a1La Bomba, el Presidente y el Desconocido!<\/title>\n<meta name=\"description\" content=\"Por Jean-Marie Collin,\u00a0\u201cBlog D\u00e9fense et G\u00e9opolitique, Alternatives-Internationales\u201d El canal p\u00fablico France 5 difundi\u00f3 el martes 22 de marzo, a una hora\" \/>\n<meta name=\"robots\" content=\"index, follow, max-snippet:-1, max-image-preview:large, max-video-preview:-1\" \/>\n<link rel=\"canonical\" href=\"https:\/\/www.pressenza.com\/es\/2016\/03\/la-bomba-presidente-desconocido\/\" \/>\n<meta property=\"og:locale\" content=\"es_ES\" \/>\n<meta property=\"og:type\" content=\"article\" \/>\n<meta property=\"og:title\" content=\"\u00a1La Bomba, el Presidente y el Desconocido!\" \/>\n<meta property=\"og:description\" content=\"Por Jean-Marie Collin,\u00a0\u201cBlog D\u00e9fense et G\u00e9opolitique, Alternatives-Internationales\u201d El canal p\u00fablico France 5 difundi\u00f3 el martes 22 de marzo, a una hora\" \/>\n<meta property=\"og:url\" content=\"https:\/\/www.pressenza.com\/es\/2016\/03\/la-bomba-presidente-desconocido\/\" \/>\n<meta property=\"og:site_name\" content=\"Pressenza\" \/>\n<meta property=\"article:publisher\" content=\"https:\/\/www.facebook.com\/PressenzaItalia\" \/>\n<meta property=\"article:author\" content=\"https:\/\/www.facebook.com\/jeanmarie.collin.9\" \/>\n<meta property=\"article:published_time\" content=\"2016-03-23T16:48:10+00:00\" \/>\n<meta property=\"og:image\" content=\"https:\/\/www.pressenza.com\/wp-content\/uploads\/2016\/03\/bombe_president_inconnu.jpg\" \/>\n\t<meta property=\"og:image:width\" content=\"750\" \/>\n\t<meta property=\"og:image:height\" content=\"519\" \/>\n\t<meta property=\"og:image:type\" content=\"image\/jpeg\" \/>\n<meta name=\"author\" content=\"Jean-Marie Collin\" \/>\n<meta name=\"twitter:card\" content=\"summary_large_image\" \/>\n<meta name=\"twitter:creator\" content=\"@jmc_nonukes\" \/>\n<meta name=\"twitter:site\" content=\"@PressenzaIPA\" \/>\n<meta name=\"twitter:label1\" content=\"Escrito por\" \/>\n\t<meta name=\"twitter:data1\" content=\"Jean-Marie Collin\" \/>\n\t<meta name=\"twitter:label2\" content=\"Tiempo de lectura\" \/>\n\t<meta name=\"twitter:data2\" content=\"2 minutos\" \/>\n<script type=\"application\/ld+json\" class=\"yoast-schema-graph\">{\"@context\":\"https:\/\/schema.org\",\"@graph\":[{\"@type\":\"Article\",\"@id\":\"https:\/\/www.pressenza.com\/es\/2016\/03\/la-bomba-presidente-desconocido\/#article\",\"isPartOf\":{\"@id\":\"https:\/\/www.pressenza.com\/es\/2016\/03\/la-bomba-presidente-desconocido\/\"},\"author\":{\"name\":\"Jean-Marie Collin\",\"@id\":\"https:\/\/www.pressenza.com\/es\/#\/schema\/person\/b7c4e56f3dc293ae1867fc9ed71adc42\"},\"headline\":\"\u00a1La Bomba, el Presidente y el Desconocido!\",\"datePublished\":\"2016-03-23T16:48:10+00:00\",\"mainEntityOfPage\":{\"@id\":\"https:\/\/www.pressenza.com\/es\/2016\/03\/la-bomba-presidente-desconocido\/\"},\"wordCount\":336,\"publisher\":{\"@id\":\"https:\/\/www.pressenza.com\/es\/#organization\"},\"image\":{\"@id\":\"https:\/\/www.pressenza.com\/es\/2016\/03\/la-bomba-presidente-desconocido\/#primaryimage\"},\"thumbnailUrl\":\"https:\/\/www.pressenza.com\/wp-content\/uploads\/2016\/03\/bombe_president_inconnu.jpg\",\"keywords\":[\"Desarme nuclear\",\"Francia\"],\"articleSection\":[\"Europa\",\"Internacional\",\"Opiniones\",\"Paz y Desarme\"],\"inLanguage\":\"es\"},{\"@type\":\"WebPage\",\"@id\":\"https:\/\/www.pressenza.com\/es\/2016\/03\/la-bomba-presidente-desconocido\/\",\"url\":\"https:\/\/www.pressenza.com\/es\/2016\/03\/la-bomba-presidente-desconocido\/\",\"name\":\"\u00a1La Bomba, el Presidente y el Desconocido!\",\"isPartOf\":{\"@id\":\"https:\/\/www.pressenza.com\/es\/#website\"},\"primaryImageOfPage\":{\"@id\":\"https:\/\/www.pressenza.com\/es\/2016\/03\/la-bomba-presidente-desconocido\/#primaryimage\"},\"image\":{\"@id\":\"https:\/\/www.pressenza.com\/es\/2016\/03\/la-bomba-presidente-desconocido\/#primaryimage\"},\"thumbnailUrl\":\"https:\/\/www.pressenza.com\/wp-content\/uploads\/2016\/03\/bombe_president_inconnu.jpg\",\"datePublished\":\"2016-03-23T16:48:10+00:00\",\"description\":\"Por Jean-Marie Collin,\u00a0\u201cBlog D\u00e9fense et G\u00e9opolitique, Alternatives-Internationales\u201d El canal p\u00fablico France 5 difundi\u00f3 el martes 22 de marzo, a una hora\",\"breadcrumb\":{\"@id\":\"https:\/\/www.pressenza.com\/es\/2016\/03\/la-bomba-presidente-desconocido\/#breadcrumb\"},\"inLanguage\":\"es\",\"potentialAction\":[{\"@type\":\"ReadAction\",\"target\":[\"https:\/\/www.pressenza.com\/es\/2016\/03\/la-bomba-presidente-desconocido\/\"]}]},{\"@type\":\"ImageObject\",\"inLanguage\":\"es\",\"@id\":\"https:\/\/www.pressenza.com\/es\/2016\/03\/la-bomba-presidente-desconocido\/#primaryimage\",\"url\":\"https:\/\/www.pressenza.com\/wp-content\/uploads\/2016\/03\/bombe_president_inconnu.jpg\",\"contentUrl\":\"https:\/\/www.pressenza.com\/wp-content\/uploads\/2016\/03\/bombe_president_inconnu.jpg\",\"width\":750,\"height\":519},{\"@type\":\"BreadcrumbList\",\"@id\":\"https:\/\/www.pressenza.com\/es\/2016\/03\/la-bomba-presidente-desconocido\/#breadcrumb\",\"itemListElement\":[{\"@type\":\"ListItem\",\"position\":1,\"name\":\"Accueil\",\"item\":\"https:\/\/www.pressenza.com\/es\/\"},{\"@type\":\"ListItem\",\"position\":2,\"name\":\"\u00a1La Bomba, el Presidente y el Desconocido!\"}]},{\"@type\":\"WebSite\",\"@id\":\"https:\/\/www.pressenza.com\/es\/#website\",\"url\":\"https:\/\/www.pressenza.com\/es\/\",\"name\":\"Pressenza\",\"description\":\"International Press Agency\",\"publisher\":{\"@id\":\"https:\/\/www.pressenza.com\/es\/#organization\"},\"potentialAction\":[{\"@type\":\"SearchAction\",\"target\":{\"@type\":\"EntryPoint\",\"urlTemplate\":\"https:\/\/www.pressenza.com\/es\/?s={search_term_string}\"},\"query-input\":{\"@type\":\"PropertyValueSpecification\",\"valueRequired\":true,\"valueName\":\"search_term_string\"}}],\"inLanguage\":\"es\"},{\"@type\":\"Organization\",\"@id\":\"https:\/\/www.pressenza.com\/es\/#organization\",\"name\":\"Pressenza\",\"url\":\"https:\/\/www.pressenza.com\/es\/\",\"logo\":{\"@type\":\"ImageObject\",\"inLanguage\":\"es\",\"@id\":\"https:\/\/www.pressenza.com\/es\/#\/schema\/logo\/image\/\",\"url\":\"https:\/\/www.pressenza.com\/wp-content\/uploads\/2022\/10\/pressenza_logo_200x200.jpg\",\"contentUrl\":\"https:\/\/www.pressenza.com\/wp-content\/uploads\/2022\/10\/pressenza_logo_200x200.jpg\",\"width\":200,\"height\":200,\"caption\":\"Pressenza\"},\"image\":{\"@id\":\"https:\/\/www.pressenza.com\/es\/#\/schema\/logo\/image\/\"},\"sameAs\":[\"https:\/\/www.facebook.com\/PressenzaItalia\",\"https:\/\/x.com\/PressenzaIPA\"]},{\"@type\":\"Person\",\"@id\":\"https:\/\/www.pressenza.com\/es\/#\/schema\/person\/b7c4e56f3dc293ae1867fc9ed71adc42\",\"name\":\"Jean-Marie Collin\",\"description\":\"Jean-Marie Collin travail\u200ble\u200b comme expert pour diff\u00e9rentes organisations fran\u00e7aises et internationales sur les questions de d\u00e9fense et de s\u00e9curit\u00e9 internationale, avec une expertise plus particuli\u00e8re, depuis quatorze ans, dans les domaines de la dissuasion nucl\u00e9aire, du d\u00e9sarmement, de la ma\u00eetrise des armements et de la non-prolif\u00e9ration nucl\u00e9aire et les enjeux environnementaux. Il est Vice-pr\u00e9sident de l\u2019organisation Initiatives pour le D\u00e9sarmement Nucl\u00e9aire (IDN), Directeur pour la France et pays Francophones du r\u00e9seau des Parlementaires pour la non-prolif\u00e9ration et le d\u00e9sarmement nucl\u00e9aire (PNND) ; Chercheur associ\u00e9 aupr\u00e8s du GRIP et membre de la Campagne internationale pour l\u2019Abolition des armes nucl\u00e9aires (ICAN France). Il a publi\u00e9 : \u00ab La Bombe, l\u2019Univers opaque du nucl\u00e9aire \u00bb (Autrement, 2009), \u00ab Arr\u00eatez la Bombe ! \u00bb (Le Cherche Midi 2013) et de nombreux articles pour la presse (Le Monde Diplomatique, Le Monde, Diploweb, \u2026) et des think-tanks. http:\/\/alternatives-economiques.fr\/blogs\/collin\/ http:\/\/www.idn-france.org\",\"sameAs\":[\"https:\/\/www.facebook.com\/jeanmarie.collin.9\",\"https:\/\/x.com\/jmc_nonukes\"],\"url\":\"https:\/\/www.pressenza.com\/es\/author\/jean-marie-collin\/\"}]}<\/script>\n<!-- \/ Yoast SEO plugin. -->","yoast_head_json":{"title":"\u00a1La Bomba, el Presidente y el Desconocido!","description":"Por Jean-Marie Collin,\u00a0\u201cBlog D\u00e9fense et G\u00e9opolitique, Alternatives-Internationales\u201d El canal p\u00fablico France 5 difundi\u00f3 el martes 22 de marzo, a una hora","robots":{"index":"index","follow":"follow","max-snippet":"max-snippet:-1","max-image-preview":"max-image-preview:large","max-video-preview":"max-video-preview:-1"},"canonical":"https:\/\/www.pressenza.com\/es\/2016\/03\/la-bomba-presidente-desconocido\/","og_locale":"es_ES","og_type":"article","og_title":"\u00a1La Bomba, el Presidente y el Desconocido!","og_description":"Por Jean-Marie Collin,\u00a0\u201cBlog D\u00e9fense et G\u00e9opolitique, Alternatives-Internationales\u201d El canal p\u00fablico France 5 difundi\u00f3 el martes 22 de marzo, a una hora","og_url":"https:\/\/www.pressenza.com\/es\/2016\/03\/la-bomba-presidente-desconocido\/","og_site_name":"Pressenza","article_publisher":"https:\/\/www.facebook.com\/PressenzaItalia","article_author":"https:\/\/www.facebook.com\/jeanmarie.collin.9","article_published_time":"2016-03-23T16:48:10+00:00","og_image":[{"width":750,"height":519,"url":"https:\/\/www.pressenza.com\/wp-content\/uploads\/2016\/03\/bombe_president_inconnu.jpg","type":"image\/jpeg"}],"author":"Jean-Marie Collin","twitter_card":"summary_large_image","twitter_creator":"@jmc_nonukes","twitter_site":"@PressenzaIPA","twitter_misc":{"Escrito por":"Jean-Marie Collin","Tiempo de lectura":"2 minutos"},"schema":{"@context":"https:\/\/schema.org","@graph":[{"@type":"Article","@id":"https:\/\/www.pressenza.com\/es\/2016\/03\/la-bomba-presidente-desconocido\/#article","isPartOf":{"@id":"https:\/\/www.pressenza.com\/es\/2016\/03\/la-bomba-presidente-desconocido\/"},"author":{"name":"Jean-Marie Collin","@id":"https:\/\/www.pressenza.com\/es\/#\/schema\/person\/b7c4e56f3dc293ae1867fc9ed71adc42"},"headline":"\u00a1La Bomba, el Presidente y el Desconocido!","datePublished":"2016-03-23T16:48:10+00:00","mainEntityOfPage":{"@id":"https:\/\/www.pressenza.com\/es\/2016\/03\/la-bomba-presidente-desconocido\/"},"wordCount":336,"publisher":{"@id":"https:\/\/www.pressenza.com\/es\/#organization"},"image":{"@id":"https:\/\/www.pressenza.com\/es\/2016\/03\/la-bomba-presidente-desconocido\/#primaryimage"},"thumbnailUrl":"https:\/\/www.pressenza.com\/wp-content\/uploads\/2016\/03\/bombe_president_inconnu.jpg","keywords":["Desarme nuclear","Francia"],"articleSection":["Europa","Internacional","Opiniones","Paz y Desarme"],"inLanguage":"es"},{"@type":"WebPage","@id":"https:\/\/www.pressenza.com\/es\/2016\/03\/la-bomba-presidente-desconocido\/","url":"https:\/\/www.pressenza.com\/es\/2016\/03\/la-bomba-presidente-desconocido\/","name":"\u00a1La Bomba, el Presidente y el Desconocido!","isPartOf":{"@id":"https:\/\/www.pressenza.com\/es\/#website"},"primaryImageOfPage":{"@id":"https:\/\/www.pressenza.com\/es\/2016\/03\/la-bomba-presidente-desconocido\/#primaryimage"},"image":{"@id":"https:\/\/www.pressenza.com\/es\/2016\/03\/la-bomba-presidente-desconocido\/#primaryimage"},"thumbnailUrl":"https:\/\/www.pressenza.com\/wp-content\/uploads\/2016\/03\/bombe_president_inconnu.jpg","datePublished":"2016-03-23T16:48:10+00:00","description":"Por Jean-Marie Collin,\u00a0\u201cBlog D\u00e9fense et G\u00e9opolitique, Alternatives-Internationales\u201d El canal p\u00fablico France 5 difundi\u00f3 el martes 22 de marzo, a una hora","breadcrumb":{"@id":"https:\/\/www.pressenza.com\/es\/2016\/03\/la-bomba-presidente-desconocido\/#breadcrumb"},"inLanguage":"es","potentialAction":[{"@type":"ReadAction","target":["https:\/\/www.pressenza.com\/es\/2016\/03\/la-bomba-presidente-desconocido\/"]}]},{"@type":"ImageObject","inLanguage":"es","@id":"https:\/\/www.pressenza.com\/es\/2016\/03\/la-bomba-presidente-desconocido\/#primaryimage","url":"https:\/\/www.pressenza.com\/wp-content\/uploads\/2016\/03\/bombe_president_inconnu.jpg","contentUrl":"https:\/\/www.pressenza.com\/wp-content\/uploads\/2016\/03\/bombe_president_inconnu.jpg","width":750,"height":519},{"@type":"BreadcrumbList","@id":"https:\/\/www.pressenza.com\/es\/2016\/03\/la-bomba-presidente-desconocido\/#breadcrumb","itemListElement":[{"@type":"ListItem","position":1,"name":"Accueil","item":"https:\/\/www.pressenza.com\/es\/"},{"@type":"ListItem","position":2,"name":"\u00a1La Bomba, el Presidente y el Desconocido!"}]},{"@type":"WebSite","@id":"https:\/\/www.pressenza.com\/es\/#website","url":"https:\/\/www.pressenza.com\/es\/","name":"Pressenza","description":"International Press Agency","publisher":{"@id":"https:\/\/www.pressenza.com\/es\/#organization"},"potentialAction":[{"@type":"SearchAction","target":{"@type":"EntryPoint","urlTemplate":"https:\/\/www.pressenza.com\/es\/?s={search_term_string}"},"query-input":{"@type":"PropertyValueSpecification","valueRequired":true,"valueName":"search_term_string"}}],"inLanguage":"es"},{"@type":"Organization","@id":"https:\/\/www.pressenza.com\/es\/#organization","name":"Pressenza","url":"https:\/\/www.pressenza.com\/es\/","logo":{"@type":"ImageObject","inLanguage":"es","@id":"https:\/\/www.pressenza.com\/es\/#\/schema\/logo\/image\/","url":"https:\/\/www.pressenza.com\/wp-content\/uploads\/2022\/10\/pressenza_logo_200x200.jpg","contentUrl":"https:\/\/www.pressenza.com\/wp-content\/uploads\/2022\/10\/pressenza_logo_200x200.jpg","width":200,"height":200,"caption":"Pressenza"},"image":{"@id":"https:\/\/www.pressenza.com\/es\/#\/schema\/logo\/image\/"},"sameAs":["https:\/\/www.facebook.com\/PressenzaItalia","https:\/\/x.com\/PressenzaIPA"]},{"@type":"Person","@id":"https:\/\/www.pressenza.com\/es\/#\/schema\/person\/b7c4e56f3dc293ae1867fc9ed71adc42","name":"Jean-Marie Collin","description":"Jean-Marie Collin travail\u200ble\u200b comme expert pour diff\u00e9rentes organisations fran\u00e7aises et internationales sur les questions de d\u00e9fense et de s\u00e9curit\u00e9 internationale, avec une expertise plus particuli\u00e8re, depuis quatorze ans, dans les domaines de la dissuasion nucl\u00e9aire, du d\u00e9sarmement, de la ma\u00eetrise des armements et de la non-prolif\u00e9ration nucl\u00e9aire et les enjeux environnementaux. Il est Vice-pr\u00e9sident de l\u2019organisation Initiatives pour le D\u00e9sarmement Nucl\u00e9aire (IDN), Directeur pour la France et pays Francophones du r\u00e9seau des Parlementaires pour la non-prolif\u00e9ration et le d\u00e9sarmement nucl\u00e9aire (PNND) ; Chercheur associ\u00e9 aupr\u00e8s du GRIP et membre de la Campagne internationale pour l\u2019Abolition des armes nucl\u00e9aires (ICAN France). Il a publi\u00e9 : \u00ab La Bombe, l\u2019Univers opaque du nucl\u00e9aire \u00bb (Autrement, 2009), \u00ab Arr\u00eatez la Bombe ! \u00bb (Le Cherche Midi 2013) et de nombreux articles pour la presse (Le Monde Diplomatique, Le Monde, Diploweb, \u2026) et des think-tanks. http:\/\/alternatives-economiques.fr\/blogs\/collin\/ http:\/\/www.idn-france.org","sameAs":["https:\/\/www.facebook.com\/jeanmarie.collin.9","https:\/\/x.com\/jmc_nonukes"],"url":"https:\/\/www.pressenza.com\/es\/author\/jean-marie-collin\/"}]}},"place":"Francia","original_article_url":"http:\/\/alternatives-economiques.fr\/blogs\/collin\/2016\/03\/18\/la-bombe-le-president-et-linconnu\/","_links":{"self":[{"href":"https:\/\/www.pressenza.com\/es\/wp-json\/wp\/v2\/posts\/293473","targetHints":{"allow":["GET"]}}],"collection":[{"href":"https:\/\/www.pressenza.com\/es\/wp-json\/wp\/v2\/posts"}],"about":[{"href":"https:\/\/www.pressenza.com\/es\/wp-json\/wp\/v2\/types\/post"}],"author":[{"embeddable":true,"href":"https:\/\/www.pressenza.com\/es\/wp-json\/wp\/v2\/users\/1057"}],"replies":[{"embeddable":true,"href":"https:\/\/www.pressenza.com\/es\/wp-json\/wp\/v2\/comments?post=293473"}],"version-history":[{"count":0,"href":"https:\/\/www.pressenza.com\/es\/wp-json\/wp\/v2\/posts\/293473\/revisions"}],"wp:featuredmedia":[{"embeddable":true,"href":"https:\/\/www.pressenza.com\/es\/wp-json\/wp\/v2\/media\/292867"}],"wp:attachment":[{"href":"https:\/\/www.pressenza.com\/es\/wp-json\/wp\/v2\/media?parent=293473"}],"wp:term":[{"taxonomy":"category","embeddable":true,"href":"https:\/\/www.pressenza.com\/es\/wp-json\/wp\/v2\/categories?post=293473"},{"taxonomy":"post_tag","embeddable":true,"href":"https:\/\/www.pressenza.com\/es\/wp-json\/wp\/v2\/tags?post=293473"}],"curies":[{"name":"wp","href":"https:\/\/api.w.org\/{rel}","templated":true}]}}